{"id":78181,"date":"2025-10-03T17:52:21","date_gmt":"2025-10-03T20:52:21","guid":{"rendered":"https:\/\/noticiasribeiraopreto.com.br\/index.php\/2025\/10\/03\/parque-de-ribeirao-preto-recebe-programacao-especial-e-gratuita-de-dia-das-criancas\/"},"modified":"2025-10-03T17:52:21","modified_gmt":"2025-10-03T20:52:21","slug":"parque-de-ribeirao-preto-recebe-programacao-especial-e-gratuita-de-dia-das-criancas","status":"publish","type":"post","link":"https:\/\/noticiasribeiraopreto.com.br\/index.php\/2025\/10\/03\/parque-de-ribeirao-preto-recebe-programacao-especial-e-gratuita-de-dia-das-criancas\/","title":{"rendered":"Parque de Ribeir\u00e3o Preto recebe programa\u00e7\u00e3o especial e gratuita de Dia das Crian\u00e7as"},"content":{"rendered":"<div class='code-block code-block-1' style='margin: 8px 0 8px auto; text-align: right; display: block; clear: both;'>\n<p><a href=\"https:\/\/wa.link\/vpicfd\"><img data-recalc-dims=\"1\" class=\"wp-image-4922\" style=\"aspect-ratio: 2.0253164556962027; width: 561px; height: auto;\" src=\"https:\/\/i0.wp.com\/ismaelcolosi.com.br\/wp-content\/uploads\/2023\/11\/grupo-de-empregos-whatsapp-e-facebook-ismael-colosi-vagas.jpg?ssl=1\" alt=\"\" \/><\/a><\/p>\n<!-- \/wp:image -->\n<\/div>\n<p> <br \/>\n<\/p>\n<div data-td-block-uid=\"tdi_95\">\n<div class=\"tdb-block-inner td-fix-index\">\n<p>No<strong> domingo (12)<\/strong>, Dia das Crian\u00e7as, o <strong>Parque Municipal Luis Carlos Raya<\/strong>, em Ribeir\u00e3o Preto, recebe uma programa\u00e7\u00e3o especial e gratuita para todas as idades. As atividades acontecem das <strong>8h30<\/strong> \u00e0s <strong>11h30<\/strong>.<\/p>\n<div class=\"wp-block-image\">\n<figure class=\"aligncenter size-large is-resized\"><img data-recalc-dims=\"1\" fetchpriority=\"high\" decoding=\"async\" width=\"1024\" height=\"683\" src=\"https:\/\/i0.wp.com\/cdn.media-acidadeon.com.br\/ribeiraopreto\/wp-content\/uploads\/sites\/3\/2025\/10\/d4ccc09a-1b80-45b6-a121-6bf3dab64f58_2025-10-03_15-07-00-1024x683.webp?resize=1024%2C683&#038;ssl=1\" alt=\"Crian\u00e7as Parque Raya\" class=\"wp-image-131173\" style=\"width:732px;height:auto\" title=\"Parque de Ribeir\u00e3o Preto recebe programa\u00e7\u00e3o especial e gratuita de Dia das Crian\u00e7as 1\" srcset=\"https:\/\/cdn.media-acidadeon.com.br\/ribeiraopreto\/wp-content\/uploads\/sites\/3\/2025\/10\/d4ccc09a-1b80-45b6-a121-6bf3dab64f58_2025-10-03_15-07-00-1024x683.webp 1024w, https:\/\/cdn.media-acidadeon.com.br\/ribeiraopreto\/wp-content\/uploads\/sites\/3\/2025\/10\/d4ccc09a-1b80-45b6-a121-6bf3dab64f58_2025-10-03_15-07-00-300x200.webp 300w, https:\/\/cdn.media-acidadeon.com.br\/ribeiraopreto\/wp-content\/uploads\/sites\/3\/2025\/10\/d4ccc09a-1b80-45b6-a121-6bf3dab64f58_2025-10-03_15-07-00-768x512.webp 768w, https:\/\/cdn.media-acidadeon.com.br\/ribeiraopreto\/wp-content\/uploads\/sites\/3\/2025\/10\/d4ccc09a-1b80-45b6-a121-6bf3dab64f58_2025-10-03_15-07-00-696x464.webp 696w, https:\/\/cdn.media-acidadeon.com.br\/ribeiraopreto\/wp-content\/uploads\/sites\/3\/2025\/10\/d4ccc09a-1b80-45b6-a121-6bf3dab64f58_2025-10-03_15-07-00-1068x712.webp 1068w, https:\/\/cdn.media-acidadeon.com.br\/ribeiraopreto\/wp-content\/uploads\/sites\/3\/2025\/10\/d4ccc09a-1b80-45b6-a121-6bf3dab64f58_2025-10-03_15-07-00.webp 1200w\" sizes=\"(max-width: 1024px) 100vw, 1024px\"\/><figcaption class=\"wp-element-caption\">Evento contar\u00e1 com personagens cl\u00e1ssicos \u2013 Foto: Rafael Fernandes<\/figcaption><\/figure>\n<\/div>\n<p>O dia contar\u00e1 com <strong>brinquedos infl\u00e1veis, conta\u00e7\u00e3o de hist\u00f3rias, minicidade com bicicletas, personagens l\u00fadicos<\/strong> e <strong>distribui\u00e7\u00e3o de pipoca<\/strong>.<\/p>\n<p>A \u201cMinicidade\u201d permite que as crian\u00e7as aprendam sobre tr\u00e2nsito de forma pr\u00e1tica, enquanto a conta\u00e7\u00e3o de hist\u00f3rias e os personagens promovem intera\u00e7\u00e3o e aprendizado l\u00fadico.<\/p>\n<div class=\"wp-block-image\">\n<figure class=\"aligncenter size-large is-resized\"><img data-recalc-dims=\"1\" loading=\"lazy\" decoding=\"async\" width=\"1024\" height=\"683\" src=\"https:\/\/i0.wp.com\/cdn.media-acidadeon.com.br\/ribeiraopreto\/wp-content\/uploads\/sites\/3\/2025\/10\/a88e6a4c-97a9-44f3-af49-a14795b912bb_2025-10-03_15-08-16-1024x683.webp?resize=1024%2C683&#038;ssl=1\" alt=\"Crian\u00e7as Parque Raya\" class=\"wp-image-131174\" style=\"width:751px;height:auto\" title=\"Parque de Ribeir\u00e3o Preto recebe programa\u00e7\u00e3o especial e gratuita de Dia das Crian\u00e7as 2\" srcset=\"https:\/\/cdn.media-acidadeon.com.br\/ribeiraopreto\/wp-content\/uploads\/sites\/3\/2025\/10\/a88e6a4c-97a9-44f3-af49-a14795b912bb_2025-10-03_15-08-16-1024x683.webp 1024w, https:\/\/cdn.media-acidadeon.com.br\/ribeiraopreto\/wp-content\/uploads\/sites\/3\/2025\/10\/a88e6a4c-97a9-44f3-af49-a14795b912bb_2025-10-03_15-08-16-300x200.webp 300w, https:\/\/cdn.media-acidadeon.com.br\/ribeiraopreto\/wp-content\/uploads\/sites\/3\/2025\/10\/a88e6a4c-97a9-44f3-af49-a14795b912bb_2025-10-03_15-08-16-768x512.webp 768w, https:\/\/cdn.media-acidadeon.com.br\/ribeiraopreto\/wp-content\/uploads\/sites\/3\/2025\/10\/a88e6a4c-97a9-44f3-af49-a14795b912bb_2025-10-03_15-08-16-696x464.webp 696w, https:\/\/cdn.media-acidadeon.com.br\/ribeiraopreto\/wp-content\/uploads\/sites\/3\/2025\/10\/a88e6a4c-97a9-44f3-af49-a14795b912bb_2025-10-03_15-08-16-1068x712.webp 1068w, https:\/\/cdn.media-acidadeon.com.br\/ribeiraopreto\/wp-content\/uploads\/sites\/3\/2025\/10\/a88e6a4c-97a9-44f3-af49-a14795b912bb_2025-10-03_15-08-16.webp 1200w\" sizes=\"auto, (max-width: 1024px) 100vw, 1024px\"\/><figcaption class=\"wp-element-caption\">Crian\u00e7as poder\u00e3o aproveitar e aprender na minicidade \u2013 Foto: Rafael Fernandes<\/figcaption><\/figure>\n<\/div>\n<h2 class=\"wp-block-heading\"><strong>Servi\u00e7o<\/strong><\/h2>\n<p><strong><em>Dia Das Crian\u00e7as no Parque Raya<\/em><\/strong><\/p>\n<p><strong>Quando:<\/strong> 12 de outubro, domingo<br \/><strong>Hor\u00e1rio: <\/strong>Das 8h30 \u00e0s 11h30<br \/><strong>Local:<\/strong> Parque Municipal Doutor Luis Carlos Raya | rua Severiano Amaro dos Santos, S\/N \u2013 Jardim Bot\u00e2nico \u2013 Ribeir\u00e3o Preto<br \/><strong>Entrada gratuita<\/strong><\/p>\n<p>SAIBA MAIS<br \/>Construtora oferece 75 vagas de emprego em obras de Ribeir\u00e3o Preto<\/p>\n<h2 class=\"wp-block-heading\"><strong>FIQUE ON<\/strong><\/h2>\n<p>Fique ligado em tudo que acontece em Ribeir\u00e3o Preto e regi\u00e3o. Siga os perfis do\u00a0<strong>acidade on<\/strong>\u00a0no<a href=\"https:\/\/www.instagram.com\/acidadeonribeirao\" target=\"_blank\" rel=\"noreferrer noopener\">\u00a0Instagram\u00a0<\/a>e no\u00a0<a href=\"https:\/\/www.facebook.com\/acidadeonribeirao\/\" target=\"_blank\" rel=\"noreferrer noopener\">Facebook<\/a>.<\/p>\n<p>Receba not\u00edcias do<strong>\u00a0acidade on<\/strong>\u00a0no WhatsApp. Para entrar no grupo,\u00a0basta\u00a0<a href=\"https:\/\/chat.whatsapp.com\/I4nieTEMKlf50pJ28aMemC?mode=ac_t\" target=\"_blank\" rel=\"noreferrer noopener\">clicar aqui<\/a>. Ou, acesse o nosso\u00a0Canal\u00a0<a href=\"https:\/\/whatsapp.com\/channel\/0029Vb6IQl1JENyAeS57fk2p\" target=\"_blank\" rel=\"noreferrer noopener\">clicando aqui<\/a>.<\/p>\n<p>Fa\u00e7a uma den\u00fancia ou sugira uma reportagem sobre Ribeir\u00e3o Preto e regi\u00e3o pelo WhatsApp: 16 99117 7802.<\/p>\n<p>VEJA TAMB\u00c9M<br \/>O que Taylor Swift falou sobre Charli XCX em \u2018The Life of a Showgirl\u2019?<\/p>\n<p><!-- AI CONTENT END 1 -->\n<\/div>\n<\/div>\n<p><script async src=\"\/\/www.instagram.com\/embed.js\"><\/script><br \/>\n<br \/><br \/>\n<br \/><a href=\"https:\/\/www.acidadeon.com\/ribeiraopreto\/lazer-e-cultura\/parque-de-ribeirao-preto-recebe-programacao-especial-e-gratuita-de-dia-das-criancas\/\">Source link <\/a><\/p>\n<!-- CONTENT END 1 -->\n","protected":false},"excerpt":{"rendered":"<p>No domingo (12), Dia das Crian\u00e7as, o Parque Municipal Luis Carlos Raya, em Ribeir\u00e3o Preto, recebe uma programa\u00e7\u00e3o especial e gratuita para todas as idades&#8230;.<\/p>\n","protected":false},"author":1,"featured_media":78182,"comment_status":"open","ping_status":"open","sticky":false,"template":"","format":"standard","meta":{"advanced_seo_description":"","jetpack_seo_html_title":"","jetpack_seo_noindex":false,"jetpack_post_was_ever_published":false,"_jetpack_newsletter_access":"","_jetpack_dont_email_post_to_subs":false,"_jetpack_newsletter_tier_id":0,"_jetpack_memberships_contains_paywalled_content":false,"_jetpack_memberships_contains_paid_content":false,"footnotes":"","jetpack_publicize_message":"","jetpack_publicize_feature_enabled":true,"jetpack_social_post_already_shared":true,"jetpack_social_options":{"image_generator_settings":{"template":"highway","default_image_id":0,"font":"","enabled":false},"version":2}},"categories":[11],"tags":[],"class_list":["post-78181","post","type-post","status-publish","format-standard","has-post-thumbnail","hentry","category-noticias-de-ribeirao-preto-sp-e-regiao-ismael-colosi"],"jetpack_publicize_connections":[],"jetpack_featured_media_url":"https:\/\/i0.wp.com\/noticiasribeiraopreto.com.br\/wp-content\/uploads\/2025\/10\/f96229b4-2498-43ac-9695-8625dc3f6118_2025-10-03_15-05-03.webp.webp?fit=1200%2C800&ssl=1","jetpack-related-posts":[{"id":58879,"url":"https:\/\/noticiasribeiraopreto.com.br\/index.php\/2024\/10\/08\/sesi-ribeirao-preto-tem-programacao-especial-para-o-dia-das-criancas\/","url_meta":{"origin":78181,"position":0},"title":"Sesi Ribeir\u00e3o Preto tem programa\u00e7\u00e3o especial para o Dia das Crian\u00e7as","author":"noticiasribeiraopreto.com.br","date":"8 de October de 2024","format":false,"excerpt":"Mais uma edi\u00e7\u00e3o do \u201cBrincadeira & Cia\u201d retorna ao Sesi Ribeir\u00e3o Preto neste domingo (13), das 9h \u00e0s 17h, no Centro de Atividades (CAT), localizado na rua Arthur Jos\u00e9 Suzana s\/n\u00ba, no Jardim Castelo Branco. O evento foi criado especialmente para comemorar o Dia das Crian\u00e7as e oferece atividades gratuitas\u2026","rel":"","context":"In &quot;Not\u00edcias de Ribeir\u00e3o Preto-SP e Regi\u00e3o&quot;","block_context":{"text":"Not\u00edcias de Ribeir\u00e3o Preto-SP e Regi\u00e3o","link":"https:\/\/noticiasribeiraopreto.com.br\/index.php\/category\/noticias-de-ribeirao-preto-sp-e-regiao-ismael-colosi\/"},"img":{"alt_text":"","src":"https:\/\/i0.wp.com\/noticiasribeiraopreto.com.br\/wp-content\/uploads\/2024\/10\/medium-shot-kids-holding-balloons_2024-10-08_14-15-02_jpg_2024-10-08_14-15-05-scaled.webp.webp?fit=1200%2C800&ssl=1&resize=350%2C200","width":350,"height":200,"srcset":"https:\/\/i0.wp.com\/noticiasribeiraopreto.com.br\/wp-content\/uploads\/2024\/10\/medium-shot-kids-holding-balloons_2024-10-08_14-15-02_jpg_2024-10-08_14-15-05-scaled.webp.webp?fit=1200%2C800&ssl=1&resize=350%2C200 1x, https:\/\/i0.wp.com\/noticiasribeiraopreto.com.br\/wp-content\/uploads\/2024\/10\/medium-shot-kids-holding-balloons_2024-10-08_14-15-02_jpg_2024-10-08_14-15-05-scaled.webp.webp?fit=1200%2C800&ssl=1&resize=525%2C300 1.5x, https:\/\/i0.wp.com\/noticiasribeiraopreto.com.br\/wp-content\/uploads\/2024\/10\/medium-shot-kids-holding-balloons_2024-10-08_14-15-02_jpg_2024-10-08_14-15-05-scaled.webp.webp?fit=1200%2C800&ssl=1&resize=700%2C400 2x, https:\/\/i0.wp.com\/noticiasribeiraopreto.com.br\/wp-content\/uploads\/2024\/10\/medium-shot-kids-holding-balloons_2024-10-08_14-15-02_jpg_2024-10-08_14-15-05-scaled.webp.webp?fit=1200%2C800&ssl=1&resize=1050%2C600 3x"},"classes":[]},{"id":84337,"url":"https:\/\/noticiasribeiraopreto.com.br\/index.php\/2026\/04\/07\/parque-de-ribeirao-preto-recebe-acao-esportiva-gratuita-veja-quando\/","url_meta":{"origin":78181,"position":1},"title":"Parque de Ribeir\u00e3o Preto recebe a\u00e7\u00e3o esportiva gratuita; Veja quando","author":"noticiasribeiraopreto.com.br","date":"7 de April de 2026","format":false,"excerpt":"Ler o resumo da not\u00edcia O parque Maur\u00edlio Biagi, em Ribeir\u00e3o Preto, recebe neste s\u00e1bado (11) a a\u00e7\u00e3o \"Esporte na Rua\", com atividades gratuitas. A iniciativa ocorre das 7h30 \u00e0s 11h30 e oferece oficinas de basquete, skate e futebol abertas ao p\u00fablico. O evento \u00e9 promovido pela Rede Esporte pela\u2026","rel":"","context":"In &quot;Not\u00edcias de Ribeir\u00e3o Preto-SP e Regi\u00e3o&quot;","block_context":{"text":"Not\u00edcias de Ribeir\u00e3o Preto-SP e Regi\u00e3o","link":"https:\/\/noticiasribeiraopreto.com.br\/index.php\/category\/noticias-de-ribeirao-preto-sp-e-regiao-ismael-colosi\/"},"img":{"alt_text":"","src":"https:\/\/i0.wp.com\/noticiasribeiraopreto.com.br\/wp-content\/uploads\/2026\/04\/parque-maurilio-biagi_2025-07-22_13-13-00.webp.webp?fit=1200%2C800&ssl=1&resize=350%2C200","width":350,"height":200,"srcset":"https:\/\/i0.wp.com\/noticiasribeiraopreto.com.br\/wp-content\/uploads\/2026\/04\/parque-maurilio-biagi_2025-07-22_13-13-00.webp.webp?fit=1200%2C800&ssl=1&resize=350%2C200 1x, https:\/\/i0.wp.com\/noticiasribeiraopreto.com.br\/wp-content\/uploads\/2026\/04\/parque-maurilio-biagi_2025-07-22_13-13-00.webp.webp?fit=1200%2C800&ssl=1&resize=525%2C300 1.5x, https:\/\/i0.wp.com\/noticiasribeiraopreto.com.br\/wp-content\/uploads\/2026\/04\/parque-maurilio-biagi_2025-07-22_13-13-00.webp.webp?fit=1200%2C800&ssl=1&resize=700%2C400 2x, https:\/\/i0.wp.com\/noticiasribeiraopreto.com.br\/wp-content\/uploads\/2026\/04\/parque-maurilio-biagi_2025-07-22_13-13-00.webp.webp?fit=1200%2C800&ssl=1&resize=1050%2C600 3x"},"classes":[]},{"id":59021,"url":"https:\/\/noticiasribeiraopreto.com.br\/index.php\/2024\/10\/11\/museu-de-ribeirao-preto-oferece-programacao-especial-de-dia-das-criancas\/","url_meta":{"origin":78181,"position":2},"title":"Museu de Ribeir\u00e3o Preto oferece programa\u00e7\u00e3o especial de Dia das Crian\u00e7as","author":"noticiasribeiraopreto.com.br","date":"11 de October de 2024","format":false,"excerpt":"O Museu Municipal da Segunda Guerra Mundial \u00a0\u201cExpedicion\u00e1rio Jos\u00e9 Vivanco Solano\u201d oferece uma programa\u00e7\u00e3o especial em comemora\u00e7\u00e3o ao Dia das Crian\u00e7as, no s\u00e1bado (12), a partir das 11h30. O museu fica na rua Liberdade, 182, nos Campos El\u00edseos. A programa\u00e7\u00e3o inclui algod\u00e3o doce, pipoca, bal\u00f5es e anima\u00e7\u00e3o com o Capit\u00e3o\u2026","rel":"","context":"In &quot;Not\u00edcias de Ribeir\u00e3o Preto-SP e Regi\u00e3o&quot;","block_context":{"text":"Not\u00edcias de Ribeir\u00e3o Preto-SP e Regi\u00e3o","link":"https:\/\/noticiasribeiraopreto.com.br\/index.php\/category\/noticias-de-ribeirao-preto-sp-e-regiao-ismael-colosi\/"},"img":{"alt_text":"","src":"https:\/\/i0.wp.com\/noticiasribeiraopreto.com.br\/wp-content\/uploads\/2024\/10\/museu_2024-10-11_21-08-34_png_2024-10-11_21-08-34.webp.webp?fit=800%2C420&ssl=1&resize=350%2C200","width":350,"height":200,"srcset":"https:\/\/i0.wp.com\/noticiasribeiraopreto.com.br\/wp-content\/uploads\/2024\/10\/museu_2024-10-11_21-08-34_png_2024-10-11_21-08-34.webp.webp?fit=800%2C420&ssl=1&resize=350%2C200 1x, https:\/\/i0.wp.com\/noticiasribeiraopreto.com.br\/wp-content\/uploads\/2024\/10\/museu_2024-10-11_21-08-34_png_2024-10-11_21-08-34.webp.webp?fit=800%2C420&ssl=1&resize=525%2C300 1.5x, https:\/\/i0.wp.com\/noticiasribeiraopreto.com.br\/wp-content\/uploads\/2024\/10\/museu_2024-10-11_21-08-34_png_2024-10-11_21-08-34.webp.webp?fit=800%2C420&ssl=1&resize=700%2C400 2x"},"classes":[]},{"id":78437,"url":"https:\/\/noticiasribeiraopreto.com.br\/index.php\/2025\/10\/10\/dia-das-criancas-museu-do-videogame-e-musica-veja-onde-curtir-o-fim-de-semana-em-ribeirao-preto\/","url_meta":{"origin":78181,"position":3},"title":"Dia das Crian\u00e7as, museu do videogame e m\u00fasica: veja onde curtir o fim de semana em Ribeir\u00e3o Preto","author":"noticiasribeiraopreto.com.br","date":"10 de October de 2025","format":false,"excerpt":"O fim de semana come\u00e7ou e o acidade on listou os destaques da programa\u00e7\u00e3o em Ribeir\u00e3o Preto. Entre as op\u00e7\u00f5es est\u00e3o a 54\u00aa Romaria de Nossa Senhora Aparecida, programa\u00e7\u00e3o especial para crian\u00e7ada se divertir e m\u00fasica no Festival Repique. 54\u00aa Romaria de Nossa Senhora Aparecida Os fi\u00e9is de Ribeir\u00e3o Preto\u2026","rel":"","context":"In &quot;Not\u00edcias de Ribeir\u00e3o Preto-SP e Regi\u00e3o&quot;","block_context":{"text":"Not\u00edcias de Ribeir\u00e3o Preto-SP e Regi\u00e3o","link":"https:\/\/noticiasribeiraopreto.com.br\/index.php\/category\/noticias-de-ribeirao-preto-sp-e-regiao-ismael-colosi\/"},"img":{"alt_text":"","src":"https:\/\/i0.wp.com\/noticiasribeiraopreto.com.br\/wp-content\/uploads\/2025\/10\/Copia-de-Copia-de-Copia-de-TAMANHO-EXATO-PARA-FOTOS-NO-SISTEMA-NOVO_2025-10-10_16-32-22.webp.webp?fit=1200%2C675&ssl=1&resize=350%2C200","width":350,"height":200,"srcset":"https:\/\/i0.wp.com\/noticiasribeiraopreto.com.br\/wp-content\/uploads\/2025\/10\/Copia-de-Copia-de-Copia-de-TAMANHO-EXATO-PARA-FOTOS-NO-SISTEMA-NOVO_2025-10-10_16-32-22.webp.webp?fit=1200%2C675&ssl=1&resize=350%2C200 1x, https:\/\/i0.wp.com\/noticiasribeiraopreto.com.br\/wp-content\/uploads\/2025\/10\/Copia-de-Copia-de-Copia-de-TAMANHO-EXATO-PARA-FOTOS-NO-SISTEMA-NOVO_2025-10-10_16-32-22.webp.webp?fit=1200%2C675&ssl=1&resize=525%2C300 1.5x, https:\/\/i0.wp.com\/noticiasribeiraopreto.com.br\/wp-content\/uploads\/2025\/10\/Copia-de-Copia-de-Copia-de-TAMANHO-EXATO-PARA-FOTOS-NO-SISTEMA-NOVO_2025-10-10_16-32-22.webp.webp?fit=1200%2C675&ssl=1&resize=700%2C400 2x, https:\/\/i0.wp.com\/noticiasribeiraopreto.com.br\/wp-content\/uploads\/2025\/10\/Copia-de-Copia-de-Copia-de-TAMANHO-EXATO-PARA-FOTOS-NO-SISTEMA-NOVO_2025-10-10_16-32-22.webp.webp?fit=1200%2C675&ssl=1&resize=1050%2C600 3x"},"classes":[]},{"id":66706,"url":"https:\/\/noticiasribeiraopreto.com.br\/index.php\/2025\/04\/04\/shoppings-de-ribeirao-tem-programacao-gratuita-de-pascoa-veja-como-participar\/","url_meta":{"origin":78181,"position":4},"title":"Shoppings de Ribeir\u00e3o t\u00eam programa\u00e7\u00e3o gratuita de P\u00e1scoa; Veja como participar","author":"noticiasribeiraopreto.com.br","date":"4 de April de 2025","format":false,"excerpt":"Os shoppings de Ribeir\u00e3o Preto est\u00e3o se preparando para celebrar a P\u00e1scoa, que acontece no dia 20 de abril neste ano. Na programa\u00e7\u00e3o est\u00e3o oficinas especiais, pintura facial tem\u00e1tica, visita do \u2018Coelhinho da P\u00e1scoa\u2019, personaliza\u00e7\u00e3o de biscoitos amanteigados e parada especial de P\u00e1scoa. Confira: Ribeir\u00e3o Shopping At\u00e9 o dia 20\u2026","rel":"","context":"In &quot;Not\u00edcias de Ribeir\u00e3o Preto-SP e Regi\u00e3o&quot;","block_context":{"text":"Not\u00edcias de Ribeir\u00e3o Preto-SP e Regi\u00e3o","link":"https:\/\/noticiasribeiraopreto.com.br\/index.php\/category\/noticias-de-ribeirao-preto-sp-e-regiao-ismael-colosi\/"},"img":{"alt_text":"","src":"https:\/\/i0.wp.com\/noticiasribeiraopreto.com.br\/wp-content\/uploads\/2025\/04\/Copia-de-Copia-de-Copia-de-TAMANHO-EXATO-PARA-FOTOS-NO-SISTEMA-NOVO-2025-04-04T132036.531_2025-04-04_16-20-39_png_2025-04-04_16-20-39.webp.webp?fit=1200%2C675&ssl=1&resize=350%2C200","width":350,"height":200,"srcset":"https:\/\/i0.wp.com\/noticiasribeiraopreto.com.br\/wp-content\/uploads\/2025\/04\/Copia-de-Copia-de-Copia-de-TAMANHO-EXATO-PARA-FOTOS-NO-SISTEMA-NOVO-2025-04-04T132036.531_2025-04-04_16-20-39_png_2025-04-04_16-20-39.webp.webp?fit=1200%2C675&ssl=1&resize=350%2C200 1x, https:\/\/i0.wp.com\/noticiasribeiraopreto.com.br\/wp-content\/uploads\/2025\/04\/Copia-de-Copia-de-Copia-de-TAMANHO-EXATO-PARA-FOTOS-NO-SISTEMA-NOVO-2025-04-04T132036.531_2025-04-04_16-20-39_png_2025-04-04_16-20-39.webp.webp?fit=1200%2C675&ssl=1&resize=525%2C300 1.5x, https:\/\/i0.wp.com\/noticiasribeiraopreto.com.br\/wp-content\/uploads\/2025\/04\/Copia-de-Copia-de-Copia-de-TAMANHO-EXATO-PARA-FOTOS-NO-SISTEMA-NOVO-2025-04-04T132036.531_2025-04-04_16-20-39_png_2025-04-04_16-20-39.webp.webp?fit=1200%2C675&ssl=1&resize=700%2C400 2x, https:\/\/i0.wp.com\/noticiasribeiraopreto.com.br\/wp-content\/uploads\/2025\/04\/Copia-de-Copia-de-Copia-de-TAMANHO-EXATO-PARA-FOTOS-NO-SISTEMA-NOVO-2025-04-04T132036.531_2025-04-04_16-20-39_png_2025-04-04_16-20-39.webp.webp?fit=1200%2C675&ssl=1&resize=1050%2C600 3x"},"classes":[]},{"id":83446,"url":"https:\/\/noticiasribeiraopreto.com.br\/index.php\/2026\/03\/18\/ribeirao-preto-tera-programacao-gratuita-de-pascoa-com-oficina-infantil-e-aula-de-culinaria\/","url_meta":{"origin":78181,"position":5},"title":"Ribeir\u00e3o Preto ter\u00e1 programa\u00e7\u00e3o gratuita de P\u00e1scoa com oficina infantil e aula de culin\u00e1ria","author":"noticiasribeiraopreto.com.br","date":"18 de March de 2026","format":false,"excerpt":"Ribeir\u00e3o Preto recebe, no dia 25 de mar\u00e7o, uma programa\u00e7\u00e3o gratuita de P\u00e1scoa. O evento acontece na Galeria Renato Aguiar, no bairro Jardim Nova Alian\u00e7a Sul, e re\u00fane atividades interativas para crian\u00e7as e uma aula de culin\u00e1ria tem\u00e1tica aberta ao p\u00fablico. A programa\u00e7\u00e3o come\u00e7a \u00e0s 15h com uma oficina de\u2026","rel":"","context":"In &quot;Not\u00edcias de Ribeir\u00e3o Preto-SP e Regi\u00e3o&quot;","block_context":{"text":"Not\u00edcias de Ribeir\u00e3o Preto-SP e Regi\u00e3o","link":"https:\/\/noticiasribeiraopreto.com.br\/index.php\/category\/noticias-de-ribeirao-preto-sp-e-regiao-ismael-colosi\/"},"img":{"alt_text":"","src":"https:\/\/i0.wp.com\/noticiasribeiraopreto.com.br\/wp-content\/uploads\/2026\/03\/palace-79_2026-03-18_16-22-05.webp.webp?fit=1200%2C675&ssl=1&resize=350%2C200","width":350,"height":200,"srcset":"https:\/\/i0.wp.com\/noticiasribeiraopreto.com.br\/wp-content\/uploads\/2026\/03\/palace-79_2026-03-18_16-22-05.webp.webp?fit=1200%2C675&ssl=1&resize=350%2C200 1x, https:\/\/i0.wp.com\/noticiasribeiraopreto.com.br\/wp-content\/uploads\/2026\/03\/palace-79_2026-03-18_16-22-05.webp.webp?fit=1200%2C675&ssl=1&resize=525%2C300 1.5x, https:\/\/i0.wp.com\/noticiasribeiraopreto.com.br\/wp-content\/uploads\/2026\/03\/palace-79_2026-03-18_16-22-05.webp.webp?fit=1200%2C675&ssl=1&resize=700%2C400 2x, https:\/\/i0.wp.com\/noticiasribeiraopreto.com.br\/wp-content\/uploads\/2026\/03\/palace-79_2026-03-18_16-22-05.webp.webp?fit=1200%2C675&ssl=1&resize=1050%2C600 3x"},"classes":[]}],"jetpack_sharing_enabled":true,"jetpack_shortlink":"https:\/\/wp.me\/peQAOb-kkZ","_links":{"self":[{"href":"https:\/\/noticiasribeiraopreto.com.br\/index.php\/wp-json\/wp\/v2\/posts\/78181","targetHints":{"allow":["GET"]}}],"collection":[{"href":"https:\/\/noticiasribeiraopreto.com.br\/index.php\/wp-json\/wp\/v2\/posts"}],"about":[{"href":"https:\/\/noticiasribeiraopreto.com.br\/index.php\/wp-json\/wp\/v2\/types\/post"}],"author":[{"embeddable":true,"href":"https:\/\/noticiasribeiraopreto.com.br\/index.php\/wp-json\/wp\/v2\/users\/1"}],"replies":[{"embeddable":true,"href":"https:\/\/noticiasribeiraopreto.com.br\/index.php\/wp-json\/wp\/v2\/comments?post=78181"}],"version-history":[{"count":0,"href":"https:\/\/noticiasribeiraopreto.com.br\/index.php\/wp-json\/wp\/v2\/posts\/78181\/revisions"}],"wp:featuredmedia":[{"embeddable":true,"href":"https:\/\/noticiasribeiraopreto.com.br\/index.php\/wp-json\/wp\/v2\/media\/78182"}],"wp:attachment":[{"href":"https:\/\/noticiasribeiraopreto.com.br\/index.php\/wp-json\/wp\/v2\/media?parent=78181"}],"wp:term":[{"taxonomy":"category","embeddable":true,"href":"https:\/\/noticiasribeiraopreto.com.br\/index.php\/wp-json\/wp\/v2\/categories?post=78181"},{"taxonomy":"post_tag","embeddable":true,"href":"https:\/\/noticiasribeiraopreto.com.br\/index.php\/wp-json\/wp\/v2\/tags?post=78181"}],"curies":[{"name":"wp","href":"https:\/\/api.w.org\/{rel}","templated":true}]}}