{"id":78183,"date":"2025-10-03T18:00:07","date_gmt":"2025-10-03T21:00:07","guid":{"rendered":"https:\/\/noticiasribeiraopreto.com.br\/index.php\/2025\/10\/03\/veja-quando-comeca-o-horario-estendido-da-area-azul-em-rua-no-centro-de-ribeirao\/"},"modified":"2025-10-03T18:00:07","modified_gmt":"2025-10-03T21:00:07","slug":"veja-quando-comeca-o-horario-estendido-da-area-azul-em-rua-no-centro-de-ribeirao","status":"publish","type":"post","link":"https:\/\/noticiasribeiraopreto.com.br\/index.php\/2025\/10\/03\/veja-quando-comeca-o-horario-estendido-da-area-azul-em-rua-no-centro-de-ribeirao\/","title":{"rendered":"Veja quando come\u00e7a o hor\u00e1rio estendido da \u00c1rea Azul em rua no Centro de Ribeir\u00e3o"},"content":{"rendered":"<div class='code-block code-block-1' style='margin: 8px 0 8px auto; text-align: right; display: block; clear: both;'>\n<p><a href=\"https:\/\/wa.link\/vpicfd\"><img data-recalc-dims=\"1\" class=\"wp-image-4922\" style=\"aspect-ratio: 2.0253164556962027; width: 561px; height: auto;\" src=\"https:\/\/i0.wp.com\/ismaelcolosi.com.br\/wp-content\/uploads\/2023\/11\/grupo-de-empregos-whatsapp-e-facebook-ismael-colosi-vagas.jpg?ssl=1\" alt=\"\" \/><\/a><\/p>\n<!-- \/wp:image -->\n<\/div>\n<p> <br \/>\n<\/p>\n<div>\n<p>A<strong><a href=\"https:\/\/www.ribeiraopreto.sp.gov.br\/portal\/rpmobi\/\" data-type=\"link\" data-id=\"https:\/\/www.ribeiraopreto.sp.gov.br\/portal\/rpmobi\/\" target=\"_blank\" rel=\"noopener\"> RP Mobi<\/a><\/strong> informou que passa a valer na pr\u00f3xima segunda-feira (6) o hor\u00e1rio estendido de funcionamento da<strong> \u00c1rea Azul Digital<\/strong> na <strong>rua Bar\u00e3o do Amazonas<\/strong>, no <strong>Centro de Ribeir\u00e3o Preto<\/strong>. O estacionamento rotativo, que atualmente funciona at\u00e9 as 16h, <mark style=\"background-color:#fcb900\" class=\"has-inline-color has-black-color\">passar\u00e1 a operar at\u00e9 as 18h<\/mark>, como j\u00e1 ocorre com as outras ruas com estacionamento rotativo.<\/p>\n<p>A medida atende a uma solicita\u00e7\u00e3o da<strong> Acirp (Associa\u00e7\u00e3o Comercial e Industrial de Ribeir\u00e3o Preto) <\/strong>e foi definida ap\u00f3s estudo t\u00e9cnico realizado pela empresa respons\u00e1vel pelo gerenciamento do tr\u00e2nsito em Ribeir\u00e3o Preto.<\/p>\n<p>A \u00c1rea Azul Digital funciona de segunda a sexta-feira, das 9h \u00e0s 18h, e aos s\u00e1bados, das 9h \u00e0s 13h. Os usu\u00e1rios podem adquirir cr\u00e9ditos de R$ 1,50 para uma hora ou de R$ 3 para duas horas, com toler\u00e2ncia de at\u00e9 15 minutos exclusivamente para a compra de cr\u00e9dito avulso.<\/p>\n<h2 class=\"wp-block-heading\"><strong>Formas de pagamento<\/strong><\/h2>\n<p>O pagamento pode ser feito em parqu\u00edmetros f\u00edsicos, que aceitam moedas e cart\u00f5es de cr\u00e9dito e d\u00e9bito, pelo aplicativo SigaPay, dispon\u00edvel gratuitamente nas lojas virtuais, ou ainda pelo sistema de PIX \u201cParqu\u00edmetro Digital\u201d, que permite transa\u00e7\u00f5es de at\u00e9 R$ 3 para utiliza\u00e7\u00e3o de uma vaga por at\u00e9 duas horas. Tamb\u00e9m \u00e9 poss\u00edvel comprar cr\u00e9ditos em pontos de venda credenciados, que aceitam dinheiro e cart\u00e3o.<\/p>\n<figure class=\"wp-block-image size-full\"><img data-recalc-dims=\"1\" fetchpriority=\"high\" decoding=\"async\" width=\"1000\" height=\"666\" src=\"https:\/\/i0.wp.com\/cdn.media-acidadeon.com.br\/ribeiraopreto\/wp-content\/uploads\/sites\/3\/2025\/10\/pix-area-azul_2025-10-03_18-57-36.webp?resize=1000%2C666&#038;ssl=1\" alt=\"pix area azul 2025 10 03 18 57 36\" class=\"wp-image-131200\" title=\"Veja quando come\u00e7a o hor\u00e1rio estendido da \u00c1rea Azul em rua no Centro de Ribeir\u00e3o 1\" srcset=\"https:\/\/cdn.media-acidadeon.com.br\/ribeiraopreto\/wp-content\/uploads\/sites\/3\/2025\/10\/pix-area-azul_2025-10-03_18-57-36.webp 1000w, https:\/\/cdn.media-acidadeon.com.br\/ribeiraopreto\/wp-content\/uploads\/sites\/3\/2025\/10\/pix-area-azul_2025-10-03_18-57-36-300x200.webp 300w, https:\/\/cdn.media-acidadeon.com.br\/ribeiraopreto\/wp-content\/uploads\/sites\/3\/2025\/10\/pix-area-azul_2025-10-03_18-57-36-768x511.webp 768w, https:\/\/cdn.media-acidadeon.com.br\/ribeiraopreto\/wp-content\/uploads\/sites\/3\/2025\/10\/pix-area-azul_2025-10-03_18-57-36-696x464.webp 696w\" sizes=\"(max-width: 1000px) 100vw, 1000px\"\/><figcaption class=\"wp-element-caption\">Usu\u00e1rios podem adquirir cr\u00e9ditos de R$ 1,50 para uma hora ou de R$ 3 para duas horas (Foto: divulga\u00e7\u00e3o\/Prefeitura de Ribeir\u00e3o Preto)<\/figcaption><\/figure>\n<h2 class=\"wp-block-heading\"><strong>Infra\u00e7\u00e3o<\/strong><\/h2>\n<p>Os ve\u00edculos estacionados de forma irregular estar\u00e3o sujeitos \u00e0s penalidades previstas no C\u00f3digo de Tr\u00e2nsito Brasileiro, configurando infra\u00e7\u00e3o grave, com multa de R$ 195,23 e cinco pontos na Carteira Nacional de Habilita\u00e7\u00e3o (CNH).<\/p>\n<p>Para atendimento presencial, a \u00c1rea Azul Digital mant\u00e9m uma loja na rua General Os\u00f3rio, 1.037, no Centro. Outras informa\u00e7\u00f5es podem ser obtidas pelos telefones (16) 3934-9537 e (11) 99610-7899 (WhatsApp), ou no site da \u00c1rea Azul (<a href=\"http:\/\/areaazulribeiraopreto.com.br\/\" data-type=\"link\" data-id=\"http:\/\/areaazulribeiraopreto.com.br\/\" target=\"_blank\" rel=\"noopener\">clique aqui<\/a>).<\/p>\n<p>SAIBA MAIS<br \/>USP Ribeir\u00e3o Preto tem 39 pesquisadores entre os mais influentes do mundo; Veja quem s\u00e3o<\/p>\n<h2 class=\"wp-block-heading\"><strong>FIQUE ON<\/strong><\/h2>\n<p>Fique ligado em tudo que acontece em Ribeir\u00e3o Preto e regi\u00e3o. Siga os perfis do\u00a0<strong>acidade on<\/strong>\u00a0no<a href=\"https:\/\/www.instagram.com\/acidadeonribeirao\" target=\"_blank\" rel=\"noreferrer noopener\">\u00a0Instagram<\/a>\u00a0e no<a href=\"https:\/\/www.facebook.com\/acidadeonribeirao\/\" target=\"_blank\" rel=\"noreferrer noopener\">\u00a0Facebook<\/a>.<\/p>\n<p>Receba not\u00edcias do<strong>\u00a0acidade on<\/strong>\u00a0no WhatsApp. Para entrar no grupo,\u00a0basta\u00a0<a href=\"https:\/\/chat.whatsapp.com\/I4nieTEMKlf50pJ28aMemC?mode=ac_t\" target=\"_blank\" rel=\"noreferrer noopener\">clicar aqui<\/a>. Ou, acesse o nosso<a href=\"https:\/\/whatsapp.com\/channel\/0029Vb6IQl1JENyAeS57fk2p\" target=\"_blank\" rel=\"noreferrer noopener\">\u00a0Canal clicando aqui<\/a>.<\/p>\n<p>Fa\u00e7a uma den\u00fancia ou sugira uma reportagem sobre Ribeir\u00e3o Preto e regi\u00e3o pelo WhatsApp: 16 99117 7802.<\/p>\n<p>VEJA TAMB\u00c9M<br \/>Qual \u00e9 a pena para falsifica\u00e7\u00e3o de bebidas alco\u00f3licas?<\/p>\n<p><!-- AI CONTENT END 1 -->\n<\/div>\n<p><script async src=\"\/\/www.instagram.com\/embed.js\"><\/script><br \/>\n<br \/><br \/>\n<br \/><a href=\"https:\/\/www.acidadeon.com\/ribeiraopreto\/cotidiano\/veja-quando-comeca-o-horario-estendido-da-area-azul-em-rua-no-centro-de-ribeirao\/\">Source link <\/a><\/p>\n<!-- CONTENT END 1 -->\n","protected":false},"excerpt":{"rendered":"<p>A RP Mobi informou que passa a valer na pr\u00f3xima segunda-feira (6) o hor\u00e1rio estendido de funcionamento da \u00c1rea Azul Digital na rua Bar\u00e3o do&#8230;<\/p>\n","protected":false},"author":1,"featured_media":78184,"comment_status":"open","ping_status":"open","sticky":false,"template":"","format":"standard","meta":{"advanced_seo_description":"","jetpack_seo_html_title":"","jetpack_seo_noindex":false,"jetpack_post_was_ever_published":false,"_jetpack_newsletter_access":"","_jetpack_dont_email_post_to_subs":false,"_jetpack_newsletter_tier_id":0,"_jetpack_memberships_contains_paywalled_content":false,"_jetpack_memberships_contains_paid_content":false,"footnotes":"","jetpack_publicize_message":"","jetpack_publicize_feature_enabled":true,"jetpack_social_post_already_shared":true,"jetpack_social_options":{"image_generator_settings":{"template":"highway","default_image_id":0,"font":"","enabled":false},"version":2}},"categories":[11],"tags":[],"class_list":["post-78183","post","type-post","status-publish","format-standard","has-post-thumbnail","hentry","category-noticias-de-ribeirao-preto-sp-e-regiao-ismael-colosi"],"jetpack_publicize_connections":[],"jetpack_featured_media_url":"https:\/\/i0.wp.com\/noticiasribeiraopreto.com.br\/wp-content\/uploads\/2025\/10\/area-azul-barao-do-amazonas_2025-10-03_18-55-08.webp.webp?fit=1200%2C800&ssl=1","jetpack-related-posts":[{"id":75121,"url":"https:\/\/noticiasribeiraopreto.com.br\/index.php\/2025\/08\/04\/rp-mobi-comeca-fiscalizacao-das-novas-vagas-de-area-azul-no-centro-veja-onde\/","url_meta":{"origin":78183,"position":0},"title":"RP Mobi come\u00e7a fiscaliza\u00e7\u00e3o das novas vagas de \u00c1rea Azul no Centro; Veja onde","author":"noticiasribeiraopreto.com.br","date":"4 de August de 2025","format":false,"excerpt":"A RP Mobi, empresa respons\u00e1vel pelo gerenciamento do tr\u00e2nsito em\u00a0Ribeir\u00e3o Preto, deve come\u00e7ar a fiscalizar as novas vagas da\u00a0\u00c1rea Azul\u00a0no Centro a partir desta segunda-feira (4). S\u00e3o 85 vagas de estacionamento rotativo na\u00a0rua Floriano Peixoto, entre a\u00a0avenida Francisco Junqueira\u00a0at\u00e9 a\u00a0avenida Nove de Julho, al\u00e9m de quatro vagas para idosos e\u2026","rel":"","context":"In &quot;Not\u00edcias de Ribeir\u00e3o Preto-SP e Regi\u00e3o&quot;","block_context":{"text":"Not\u00edcias de Ribeir\u00e3o Preto-SP e Regi\u00e3o","link":"https:\/\/noticiasribeiraopreto.com.br\/index.php\/category\/noticias-de-ribeirao-preto-sp-e-regiao-ismael-colosi\/"},"img":{"alt_text":"","src":"https:\/\/i0.wp.com\/noticiasribeiraopreto.com.br\/wp-content\/uploads\/2025\/08\/Copia-de-Copia-de-Copia-de-TAMANHO-EXATO-PARA-FOTOS-NO-SISTEMA-NOVO-98_2024-11-14_23-08-46_png_2024-11-14_23-08-46.webp.webp?fit=1200%2C675&ssl=1&resize=350%2C200","width":350,"height":200,"srcset":"https:\/\/i0.wp.com\/noticiasribeiraopreto.com.br\/wp-content\/uploads\/2025\/08\/Copia-de-Copia-de-Copia-de-TAMANHO-EXATO-PARA-FOTOS-NO-SISTEMA-NOVO-98_2024-11-14_23-08-46_png_2024-11-14_23-08-46.webp.webp?fit=1200%2C675&ssl=1&resize=350%2C200 1x, https:\/\/i0.wp.com\/noticiasribeiraopreto.com.br\/wp-content\/uploads\/2025\/08\/Copia-de-Copia-de-Copia-de-TAMANHO-EXATO-PARA-FOTOS-NO-SISTEMA-NOVO-98_2024-11-14_23-08-46_png_2024-11-14_23-08-46.webp.webp?fit=1200%2C675&ssl=1&resize=525%2C300 1.5x, https:\/\/i0.wp.com\/noticiasribeiraopreto.com.br\/wp-content\/uploads\/2025\/08\/Copia-de-Copia-de-Copia-de-TAMANHO-EXATO-PARA-FOTOS-NO-SISTEMA-NOVO-98_2024-11-14_23-08-46_png_2024-11-14_23-08-46.webp.webp?fit=1200%2C675&ssl=1&resize=700%2C400 2x, https:\/\/i0.wp.com\/noticiasribeiraopreto.com.br\/wp-content\/uploads\/2025\/08\/Copia-de-Copia-de-Copia-de-TAMANHO-EXATO-PARA-FOTOS-NO-SISTEMA-NOVO-98_2024-11-14_23-08-46_png_2024-11-14_23-08-46.webp.webp?fit=1200%2C675&ssl=1&resize=1050%2C600 3x"},"classes":[]},{"id":27855,"url":"https:\/\/noticiasribeiraopreto.com.br\/index.php\/2024\/01\/13\/novas-vagas-de-area-azul-digital-serao-implantadas-no-centro-de-ribeirao-preto\/","url_meta":{"origin":78183,"position":1},"title":"Novas vagas de \u00c1rea Azul Digital ser\u00e3o implantadas no Centro de Ribeir\u00e3o Preto","author":"noticiasribeiraopreto.com.br","date":"13 de January de 2024","format":false,"excerpt":"Por causa da paralisa\u00e7\u00e3o das obras do corredor de \u00f4nibus e revitaliza\u00e7\u00e3o da avenida Nove de Julho, novas vagas de \u00c1rea Azul Digital ser\u00e3o implantadas nas ruas S\u00e3o Jos\u00e9 e Marcondes Salgado, no Centro de Ribeir\u00e3o Preto. Ao todo ser\u00e3o 22 vagas rotativas, sendo 11 vagas na rua S\u00e3o Jos\u00e9\u2026","rel":"","context":"In &quot;Not\u00edcias de Ribeir\u00e3o Preto-SP e Regi\u00e3o&quot;","block_context":{"text":"Not\u00edcias de Ribeir\u00e3o Preto-SP e Regi\u00e3o","link":"https:\/\/noticiasribeiraopreto.com.br\/index.php\/category\/noticias-de-ribeirao-preto-sp-e-regiao-ismael-colosi\/"},"img":{"alt_text":"","src":"https:\/\/i0.wp.com\/noticiasribeiraopreto.com.br\/wp-content\/uploads\/2024\/01\/area_azul_3.jpg?fit=1000%2C666&ssl=1&resize=350%2C200","width":350,"height":200,"srcset":"https:\/\/i0.wp.com\/noticiasribeiraopreto.com.br\/wp-content\/uploads\/2024\/01\/area_azul_3.jpg?fit=1000%2C666&ssl=1&resize=350%2C200 1x, https:\/\/i0.wp.com\/noticiasribeiraopreto.com.br\/wp-content\/uploads\/2024\/01\/area_azul_3.jpg?fit=1000%2C666&ssl=1&resize=525%2C300 1.5x, https:\/\/i0.wp.com\/noticiasribeiraopreto.com.br\/wp-content\/uploads\/2024\/01\/area_azul_3.jpg?fit=1000%2C666&ssl=1&resize=700%2C400 2x"},"classes":[]},{"id":78255,"url":"https:\/\/noticiasribeiraopreto.com.br\/index.php\/2025\/10\/07\/area-azul-digital-tera-ampliacao-de-horario-na-barao-do-amazonas\/","url_meta":{"origin":78183,"position":2},"title":"\u00c1rea Azul Digital ter\u00e1 amplia\u00e7\u00e3o de hor\u00e1rio na Bar\u00e3o do Amazonas","author":"noticiasribeiraopreto.com.br","date":"7 de October de 2025","format":false,"excerpt":"6 de outubro de 2025 10:306 de outubro de 2025 10:0769 Compartilhar0 Altera\u00e7\u00e3o passa a valer a partir da pr\u00f3xima segunda-feira, 6 de outubro A Prefeitura de Ribeir\u00e3o Preto, por meio da RP Mobi, ampliar\u00e1 a partir de hoje ( 8) , o hor\u00e1rio de funcionamento da \u00c1rea Azul Digital\u2026","rel":"","context":"In &quot;Not\u00edcias de Ribeir\u00e3o Preto-SP e Regi\u00e3o&quot;","block_context":{"text":"Not\u00edcias de Ribeir\u00e3o Preto-SP e Regi\u00e3o","link":"https:\/\/noticiasribeiraopreto.com.br\/index.php\/category\/noticias-de-ribeirao-preto-sp-e-regiao-ismael-colosi\/"},"img":{"alt_text":"","src":"https:\/\/i0.wp.com\/noticiasribeiraopreto.com.br\/wp-content\/uploads\/2025\/10\/areaazulbarao_02-scaled.jpeg?fit=1170%2C780&ssl=1&resize=350%2C200","width":350,"height":200,"srcset":"https:\/\/i0.wp.com\/noticiasribeiraopreto.com.br\/wp-content\/uploads\/2025\/10\/areaazulbarao_02-scaled.jpeg?fit=1170%2C780&ssl=1&resize=350%2C200 1x, https:\/\/i0.wp.com\/noticiasribeiraopreto.com.br\/wp-content\/uploads\/2025\/10\/areaazulbarao_02-scaled.jpeg?fit=1170%2C780&ssl=1&resize=525%2C300 1.5x, https:\/\/i0.wp.com\/noticiasribeiraopreto.com.br\/wp-content\/uploads\/2025\/10\/areaazulbarao_02-scaled.jpeg?fit=1170%2C780&ssl=1&resize=700%2C400 2x, https:\/\/i0.wp.com\/noticiasribeiraopreto.com.br\/wp-content\/uploads\/2025\/10\/areaazulbarao_02-scaled.jpeg?fit=1170%2C780&ssl=1&resize=1050%2C600 3x"},"classes":[]},{"id":63123,"url":"https:\/\/noticiasribeiraopreto.com.br\/index.php\/2025\/02\/03\/retorno-da-area-azul-altera-funcionamento-das-faixas-de-onibus-veja-como-fica\/","url_meta":{"origin":78183,"position":3},"title":"Retorno da \u00c1rea Azul altera funcionamento das faixas de \u00f4nibus; veja como fica","author":"noticiasribeiraopreto.com.br","date":"3 de February de 2025","format":false,"excerpt":"Nesta ter\u00e7a-feira (4), a RP Mobi retoma a implanta\u00e7\u00e3o da \u00c1rea Azul na avenida Saudade e em trechos das ruas Visconde de Inha\u00fama e Bar\u00e3o do Amazonas, no Centro. Al\u00e9m da instala\u00e7\u00e3o das vagas rotativas, tamb\u00e9m haver\u00e1 altera\u00e7\u00f5es nas placas de funcionamento das faixas de \u00f4nibus. A opera\u00e7\u00e3o do estacionamento\u2026","rel":"","context":"In &quot;Not\u00edcias de Ribeir\u00e3o Preto-SP e Regi\u00e3o&quot;","block_context":{"text":"Not\u00edcias de Ribeir\u00e3o Preto-SP e Regi\u00e3o","link":"https:\/\/noticiasribeiraopreto.com.br\/index.php\/category\/noticias-de-ribeirao-preto-sp-e-regiao-ismael-colosi\/"},"img":{"alt_text":"","src":"https:\/\/i0.wp.com\/noticiasribeiraopreto.com.br\/wp-content\/uploads\/2024\/05\/area-azul-saudade-22_2024-05-10_19-01-22_jpg_2024-05-10_19-01-22.webp.webp?fit=960%2C693&ssl=1&resize=350%2C200","width":350,"height":200,"srcset":"https:\/\/i0.wp.com\/noticiasribeiraopreto.com.br\/wp-content\/uploads\/2024\/05\/area-azul-saudade-22_2024-05-10_19-01-22_jpg_2024-05-10_19-01-22.webp.webp?fit=960%2C693&ssl=1&resize=350%2C200 1x, https:\/\/i0.wp.com\/noticiasribeiraopreto.com.br\/wp-content\/uploads\/2024\/05\/area-azul-saudade-22_2024-05-10_19-01-22_jpg_2024-05-10_19-01-22.webp.webp?fit=960%2C693&ssl=1&resize=525%2C300 1.5x, https:\/\/i0.wp.com\/noticiasribeiraopreto.com.br\/wp-content\/uploads\/2024\/05\/area-azul-saudade-22_2024-05-10_19-01-22_jpg_2024-05-10_19-01-22.webp.webp?fit=960%2C693&ssl=1&resize=700%2C400 2x"},"classes":[]},{"id":62706,"url":"https:\/\/noticiasribeiraopreto.com.br\/index.php\/2025\/01\/22\/rp-mobi-comeca-fiscalizacao-das-vagas-da-area-azul-na-avenida-dom-pedro-i\/","url_meta":{"origin":78183,"position":4},"title":"RP Mobi come\u00e7a fiscaliza\u00e7\u00e3o das vagas da \u00c1rea Azul na avenida Dom Pedro I","author":"noticiasribeiraopreto.com.br","date":"22 de January de 2025","format":false,"excerpt":"A RP Mobi come\u00e7ou nesta quarta-feira (22) a fiscaliza\u00e7\u00e3o das vagas de estacionamento da \u00c1rea Azul na avenida Dom Pedro I, em Ribeir\u00e3o Preto. O estacionamento rotativo foi liberado no trecho entre as ruas Par\u00e1 e Japur\u00e1. O retorno do estacionamento rotativo foi liberado pelo decreto 1\/2025, assinado pelo prefeito\u2026","rel":"","context":"In &quot;Not\u00edcias de Ribeir\u00e3o Preto-SP e Regi\u00e3o&quot;","block_context":{"text":"Not\u00edcias de Ribeir\u00e3o Preto-SP e Regi\u00e3o","link":"https:\/\/noticiasribeiraopreto.com.br\/index.php\/category\/noticias-de-ribeirao-preto-sp-e-regiao-ismael-colosi\/"},"img":{"alt_text":"","src":"https:\/\/i0.wp.com\/noticiasribeiraopreto.com.br\/wp-content\/uploads\/2025\/01\/estacionamento-dom-pedro_2025-01-22_14-03-16_jpg_2025-01-22_14-03-16.webp.webp?fit=1200%2C702&ssl=1&resize=350%2C200","width":350,"height":200,"srcset":"https:\/\/i0.wp.com\/noticiasribeiraopreto.com.br\/wp-content\/uploads\/2025\/01\/estacionamento-dom-pedro_2025-01-22_14-03-16_jpg_2025-01-22_14-03-16.webp.webp?fit=1200%2C702&ssl=1&resize=350%2C200 1x, https:\/\/i0.wp.com\/noticiasribeiraopreto.com.br\/wp-content\/uploads\/2025\/01\/estacionamento-dom-pedro_2025-01-22_14-03-16_jpg_2025-01-22_14-03-16.webp.webp?fit=1200%2C702&ssl=1&resize=525%2C300 1.5x, https:\/\/i0.wp.com\/noticiasribeiraopreto.com.br\/wp-content\/uploads\/2025\/01\/estacionamento-dom-pedro_2025-01-22_14-03-16_jpg_2025-01-22_14-03-16.webp.webp?fit=1200%2C702&ssl=1&resize=700%2C400 2x, https:\/\/i0.wp.com\/noticiasribeiraopreto.com.br\/wp-content\/uploads\/2025\/01\/estacionamento-dom-pedro_2025-01-22_14-03-16_jpg_2025-01-22_14-03-16.webp.webp?fit=1200%2C702&ssl=1&resize=1050%2C600 3x"},"classes":[]},{"id":62573,"url":"https:\/\/noticiasribeiraopreto.com.br\/index.php\/2025\/01\/17\/area-azul-multas-na-avenida-dom-pedro-i-comecam-na-proxima-semana\/","url_meta":{"origin":78183,"position":5},"title":"\u00c1rea Azul: Multas na avenida Dom Pedro I come\u00e7am na pr\u00f3xima semana","author":"noticiasribeiraopreto.com.br","date":"17 de January de 2025","format":false,"excerpt":"A RP Mobi come\u00e7a na pr\u00f3xima quarta-feira (22) a fiscalizar as vagas de estacionamento da \u00c1rea Azul na avenida Dom Pedro I, em Ribeir\u00e3o Preto, no trecho entre as ruas Par\u00e1 e Japur\u00e1. Caso algum motorista desrespeite os estacionamento rotativo, poder\u00e1 ser multado em R$ 195,23, al\u00e9m de perder cinco\u2026","rel":"","context":"In &quot;Not\u00edcias de Ribeir\u00e3o Preto-SP e Regi\u00e3o&quot;","block_context":{"text":"Not\u00edcias de Ribeir\u00e3o Preto-SP e Regi\u00e3o","link":"https:\/\/noticiasribeiraopreto.com.br\/index.php\/category\/noticias-de-ribeirao-preto-sp-e-regiao-ismael-colosi\/"},"img":{"alt_text":"","src":"https:\/\/i0.wp.com\/noticiasribeiraopreto.com.br\/wp-content\/uploads\/2025\/01\/dom-pedro-i_2025-01-02_16-26-28_jpg_2025-01-02_16-26-28.webp.webp?fit=984%2C552&ssl=1&resize=350%2C200","width":350,"height":200,"srcset":"https:\/\/i0.wp.com\/noticiasribeiraopreto.com.br\/wp-content\/uploads\/2025\/01\/dom-pedro-i_2025-01-02_16-26-28_jpg_2025-01-02_16-26-28.webp.webp?fit=984%2C552&ssl=1&resize=350%2C200 1x, https:\/\/i0.wp.com\/noticiasribeiraopreto.com.br\/wp-content\/uploads\/2025\/01\/dom-pedro-i_2025-01-02_16-26-28_jpg_2025-01-02_16-26-28.webp.webp?fit=984%2C552&ssl=1&resize=525%2C300 1.5x, https:\/\/i0.wp.com\/noticiasribeiraopreto.com.br\/wp-content\/uploads\/2025\/01\/dom-pedro-i_2025-01-02_16-26-28_jpg_2025-01-02_16-26-28.webp.webp?fit=984%2C552&ssl=1&resize=700%2C400 2x"},"classes":[]}],"jetpack_sharing_enabled":true,"jetpack_shortlink":"https:\/\/wp.me\/peQAOb-kl1","_links":{"self":[{"href":"https:\/\/noticiasribeiraopreto.com.br\/index.php\/wp-json\/wp\/v2\/posts\/78183","targetHints":{"allow":["GET"]}}],"collection":[{"href":"https:\/\/noticiasribeiraopreto.com.br\/index.php\/wp-json\/wp\/v2\/posts"}],"about":[{"href":"https:\/\/noticiasribeiraopreto.com.br\/index.php\/wp-json\/wp\/v2\/types\/post"}],"author":[{"embeddable":true,"href":"https:\/\/noticiasribeiraopreto.com.br\/index.php\/wp-json\/wp\/v2\/users\/1"}],"replies":[{"embeddable":true,"href":"https:\/\/noticiasribeiraopreto.com.br\/index.php\/wp-json\/wp\/v2\/comments?post=78183"}],"version-history":[{"count":0,"href":"https:\/\/noticiasribeiraopreto.com.br\/index.php\/wp-json\/wp\/v2\/posts\/78183\/revisions"}],"wp:featuredmedia":[{"embeddable":true,"href":"https:\/\/noticiasribeiraopreto.com.br\/index.php\/wp-json\/wp\/v2\/media\/78184"}],"wp:attachment":[{"href":"https:\/\/noticiasribeiraopreto.com.br\/index.php\/wp-json\/wp\/v2\/media?parent=78183"}],"wp:term":[{"taxonomy":"category","embeddable":true,"href":"https:\/\/noticiasribeiraopreto.com.br\/index.php\/wp-json\/wp\/v2\/categories?post=78183"},{"taxonomy":"post_tag","embeddable":true,"href":"https:\/\/noticiasribeiraopreto.com.br\/index.php\/wp-json\/wp\/v2\/tags?post=78183"}],"curies":[{"name":"wp","href":"https:\/\/api.w.org\/{rel}","templated":true}]}}