{"id":78185,"date":"2025-10-03T18:08:36","date_gmt":"2025-10-03T21:08:36","guid":{"rendered":"https:\/\/noticiasribeiraopreto.com.br\/index.php\/2025\/10\/03\/suspeito-de-integrar-quadrilha-que-assaltou-predio-no-centro-e-preso-na-zona-sul-ribeirao\/"},"modified":"2025-10-03T18:08:36","modified_gmt":"2025-10-03T21:08:36","slug":"suspeito-de-integrar-quadrilha-que-assaltou-predio-no-centro-e-preso-na-zona-sul-ribeirao","status":"publish","type":"post","link":"https:\/\/noticiasribeiraopreto.com.br\/index.php\/2025\/10\/03\/suspeito-de-integrar-quadrilha-que-assaltou-predio-no-centro-e-preso-na-zona-sul-ribeirao\/","title":{"rendered":"Suspeito de integrar quadrilha que assaltou pr\u00e9dio no Centro \u00e9 preso na zona Sul Ribeir\u00e3o"},"content":{"rendered":"<div class='code-block code-block-1' style='margin: 8px 0 8px auto; text-align: right; display: block; clear: both;'>\n<p><a href=\"https:\/\/wa.link\/vpicfd\"><img data-recalc-dims=\"1\" class=\"wp-image-4922\" style=\"aspect-ratio: 2.0253164556962027; width: 561px; height: auto;\" src=\"https:\/\/i0.wp.com\/ismaelcolosi.com.br\/wp-content\/uploads\/2023\/11\/grupo-de-empregos-whatsapp-e-facebook-ismael-colosi-vagas.jpg?ssl=1\" alt=\"\" \/><\/a><\/p>\n<!-- \/wp:image -->\n<\/div>\n<p> <br \/>\n<\/p>\n<div>\n<p>Foi preso na tarde desta sexta-feira (3), o <strong>d\u00e9cimo integrante <\/strong>da quadrilha suspeita de <strong>assaltar um pr\u00e9dio residencial no Centro de Ribeir\u00e3o Preto<\/strong>, no dia 24 de setembro. A informa\u00e7\u00e3o foi confirmada pelo delegado respons\u00e1vel pelas investiga\u00e7\u00f5es,<strong> Andr\u00e9 Baldochi<\/strong>.<\/p>\n<p>De acordo com a Pol\u00edcia Civil, o homem foi preso no <strong>Jardim Jo\u00e3o Rossi<\/strong>, zona Sul do munic\u00edpio. Ele ser\u00e1 encaminhado para a <strong>CPJ (Central de Pol\u00edcia Judici\u00e1ria) de Ribeir\u00e3o Preto<\/strong>. Ele foi identificado como Henrique Eduardo.<\/p>\n<p>Com esta pris\u00e3o, sobe para tr\u00eas o n\u00famero de suspeitos presos <strong>nesta semana<\/strong> por envolvimento no crime. Na segunda-feira (29), <strong>Luis Rinaldo Silva<\/strong> foi preso na Capital do estado de S\u00e3o Paulo.<\/p>\n<p>J\u00e1 na \u00faltima quarta-feira (1\u00ba), <strong>Andr\u00e9 Luiz Pereira Nunes<\/strong> foi abordado no cruzamento das avenidas Francisco Junqueira e Pl\u00ednio de Castro Prado, enquanto dirigia um Volkswagen Nivus.<\/p>\n<h2 class=\"wp-block-heading\"><strong>Crime no Centro de Ribeir\u00e3o Preto<\/strong><\/h2>\n<p>O crime aconteceu na rua Campos Salles e, segundo as investiga\u00e7\u00f5es,\u00a0<strong><mark style=\"background-color:#fcb900\" class=\"has-inline-color\">os criminosos teriam alugado um apartamento no edif\u00edcio h\u00e1 duas semanas<\/mark><\/strong>.\u00a0<strong>Julia Moretti de Paula<\/strong>, de 21 anos, teria sido a respons\u00e1vel pela loca\u00e7\u00e3o do im\u00f3vel.<\/p>\n<p>A jovem \u00e9 de\u00a0<strong>Ara\u00e7atuba\u00a0<\/strong>e teria apresentado documentos falsos para se apresentar na imobili\u00e1ria respons\u00e1vel pelo apartamento.\u00a0<strong>C\u00e2meras de seguran\u00e7a<\/strong>\u00a0registraram sua chegada ao local para finalizar a assinatura do contrato \u2013 veja o v\u00eddeo abaixo.<\/p>\n<p>O preju\u00edzo total das v\u00edtimas\u00a0<strong>ainda n\u00e3o foi calculado<\/strong>, mas, segundo a pol\u00edcia, j\u00e1 se sabe que o valor levado em dinheiro e objetos de valor, como joias e rel\u00f3gios,\u00a0<strong>pode ultrapassar R$ 4 milh\u00f5es<\/strong>.<\/p>\n<p>Durante as buscas, a pol\u00edcia encontrou um apartamento na rua Itagua\u00e7u, zona Norte da cidade,\u00a0<strong>usado como base pela quadrilha<\/strong>, que possui pelo menos dez integrantes.\u00a0<mark style=\"background-color:#fcb900\" class=\"has-inline-color\">No local foi encontrado\u00a0<strong>um dos carros utilizados pelos criminosos<\/strong>, al\u00e9m de\u00a0<strong>tr\u00eas armas<\/strong>,\u00a0<strong>perucas<\/strong>,\u00a0<strong>portas joias\u00a0<\/strong>e\u00a0<strong>dinheiro<\/strong>.<\/mark><\/p>\n<p>Outros dois carros foram utilizados pelo grupo para fugir ap\u00f3s o crime. A<strong>\u00a0Pol\u00edcia Militar\u00a0<\/strong>encontrou no dia 26 de setembro os ve\u00edculos carbonizados em uma zona rural de\u00a0<strong>Ribeir\u00e3o Preto<\/strong>.<\/p>\n<h2 class=\"wp-block-heading\"><strong>Quadrilha se organizou em n\u00facleos<\/strong><\/h2>\n<p>As investiga\u00e7\u00f5es mostram que, a princ\u00edpio, a quadrilha teria se dividido em tr\u00eas n\u00facleos para cometer o crime. O\u00a0<strong>N\u00facleo Financeiro<\/strong>\u00a0era respons\u00e1vel por intermediar movimenta\u00e7\u00f5es banc\u00e1rias, recebimento de valores extorquidos dos moradores e pagamentos log\u00edsticos.<\/p>\n<p>Os integrantes foram identificados como\u00a0<strong>Sidney Am\u00e9rico Vieira<\/strong>,\u00a0<strong>Felipe Moreira da Mata<\/strong>,\u00a0<strong>Jo\u00e3o Paulo C\u00e9sar Freire de Oliveira<\/strong>\u00a0e o\u00a0<strong>Edman Henrique Am\u00e9rico Barbosa<\/strong>. Todos foram presos em Itapecerica da Serra e na Capital.<\/p>\n<div class=\"wp-block-image\">\n<figure class=\"aligncenter size-large is-resized\"><img data-recalc-dims=\"1\" fetchpriority=\"high\" decoding=\"async\" width=\"1024\" height=\"576\" src=\"https:\/\/i0.wp.com\/cdn.media-acidadeon.com.br\/ribeiraopreto\/wp-content\/uploads\/sites\/3\/2025\/09\/Copia-de-Copia-de-Copia-de-TAMANHO-EXATO-PARA-FOTOS-NO-SISTEMA-NOVO-2025-09-25T202243.855_2025-09-25_23-22-51-1024x576.webp?resize=1024%2C576&#038;ssl=1\" alt=\"Integrantes do N\u00facleo Financeiro - Arte: Guilherme Medeiros\/ EPTV.\" class=\"wp-image-130402\" style=\"width:654px\" title=\"Suspeito de integrar quadrilha que assaltou pr\u00e9dio no Centro \u00e9 preso na zona Sul Ribeir\u00e3o 1\" srcset=\"https:\/\/cdn.media-acidadeon.com.br\/ribeiraopreto\/wp-content\/uploads\/sites\/3\/2025\/09\/Copia-de-Copia-de-Copia-de-TAMANHO-EXATO-PARA-FOTOS-NO-SISTEMA-NOVO-2025-09-25T202243.855_2025-09-25_23-22-51-1024x576.webp 1024w, https:\/\/cdn.media-acidadeon.com.br\/ribeiraopreto\/wp-content\/uploads\/sites\/3\/2025\/09\/Copia-de-Copia-de-Copia-de-TAMANHO-EXATO-PARA-FOTOS-NO-SISTEMA-NOVO-2025-09-25T202243.855_2025-09-25_23-22-51-300x169.webp 300w, https:\/\/cdn.media-acidadeon.com.br\/ribeiraopreto\/wp-content\/uploads\/sites\/3\/2025\/09\/Copia-de-Copia-de-Copia-de-TAMANHO-EXATO-PARA-FOTOS-NO-SISTEMA-NOVO-2025-09-25T202243.855_2025-09-25_23-22-51-768x432.webp 768w, https:\/\/cdn.media-acidadeon.com.br\/ribeiraopreto\/wp-content\/uploads\/sites\/3\/2025\/09\/Copia-de-Copia-de-Copia-de-TAMANHO-EXATO-PARA-FOTOS-NO-SISTEMA-NOVO-2025-09-25T202243.855_2025-09-25_23-22-51-696x392.webp 696w, https:\/\/cdn.media-acidadeon.com.br\/ribeiraopreto\/wp-content\/uploads\/sites\/3\/2025\/09\/Copia-de-Copia-de-Copia-de-TAMANHO-EXATO-PARA-FOTOS-NO-SISTEMA-NOVO-2025-09-25T202243.855_2025-09-25_23-22-51-1068x601.webp 1068w, https:\/\/cdn.media-acidadeon.com.br\/ribeiraopreto\/wp-content\/uploads\/sites\/3\/2025\/09\/Copia-de-Copia-de-Copia-de-TAMANHO-EXATO-PARA-FOTOS-NO-SISTEMA-NOVO-2025-09-25T202243.855_2025-09-25_23-22-51.webp 1200w\" sizes=\"(max-width: 1024px) 100vw, 1024px\"\/><figcaption class=\"wp-element-caption\">Integrantes do N\u00facleo Financeiro \u2013 Arte: Guilherme Medeiros\/ EPTV.<\/figcaption><\/figure>\n<\/div>\n<p>O\u00a0<strong>N\u00facleo Log\u00edstico<\/strong>\u00a0era encarregado pela loca\u00e7\u00e3o do im\u00f3vel com documenta\u00e7\u00e3o falsa, estrutura\u00e7\u00e3o do local de apoio e suporte material aos executores.<\/p>\n<p>Integram este grupo\u00a0<strong>Fabiana de Paula Fernandes Miranda<\/strong>\u00a0e<strong>\u00a0Pablo Rodrigues Cardoso<\/strong>, presos ontem em\u00a0<strong>Ribeir\u00e3o Preto<\/strong>. A jovem\u00a0<strong>J\u00falia Moreti de Paula<\/strong>, considerada foragida, tamb\u00e9m faz parte do grupo.<\/p>\n<div class=\"wp-block-image\">\n<figure class=\"aligncenter size-large is-resized\"><img data-recalc-dims=\"1\" loading=\"lazy\" decoding=\"async\" width=\"1024\" height=\"576\" src=\"https:\/\/i0.wp.com\/cdn.media-acidadeon.com.br\/ribeiraopreto\/wp-content\/uploads\/sites\/3\/2025\/09\/Copia-de-Copia-de-Copia-de-TAMANHO-EXATO-PARA-FOTOS-NO-SISTEMA-NOVO-2025-09-25T202452.786_2025-09-25_23-25-03-1024x576.webp?resize=1024%2C576&#038;ssl=1\" alt=\"Integrantes do N\u00facleo Log\u00edstico - Arte: Guilherme Medeiros\/ EPTV.\" class=\"wp-image-130403\" style=\"width:654px\" title=\"Suspeito de integrar quadrilha que assaltou pr\u00e9dio no Centro \u00e9 preso na zona Sul Ribeir\u00e3o 2\" srcset=\"https:\/\/cdn.media-acidadeon.com.br\/ribeiraopreto\/wp-content\/uploads\/sites\/3\/2025\/09\/Copia-de-Copia-de-Copia-de-TAMANHO-EXATO-PARA-FOTOS-NO-SISTEMA-NOVO-2025-09-25T202452.786_2025-09-25_23-25-03-1024x576.webp 1024w, https:\/\/cdn.media-acidadeon.com.br\/ribeiraopreto\/wp-content\/uploads\/sites\/3\/2025\/09\/Copia-de-Copia-de-Copia-de-TAMANHO-EXATO-PARA-FOTOS-NO-SISTEMA-NOVO-2025-09-25T202452.786_2025-09-25_23-25-03-300x169.webp 300w, https:\/\/cdn.media-acidadeon.com.br\/ribeiraopreto\/wp-content\/uploads\/sites\/3\/2025\/09\/Copia-de-Copia-de-Copia-de-TAMANHO-EXATO-PARA-FOTOS-NO-SISTEMA-NOVO-2025-09-25T202452.786_2025-09-25_23-25-03-768x432.webp 768w, https:\/\/cdn.media-acidadeon.com.br\/ribeiraopreto\/wp-content\/uploads\/sites\/3\/2025\/09\/Copia-de-Copia-de-Copia-de-TAMANHO-EXATO-PARA-FOTOS-NO-SISTEMA-NOVO-2025-09-25T202452.786_2025-09-25_23-25-03-696x392.webp 696w, https:\/\/cdn.media-acidadeon.com.br\/ribeiraopreto\/wp-content\/uploads\/sites\/3\/2025\/09\/Copia-de-Copia-de-Copia-de-TAMANHO-EXATO-PARA-FOTOS-NO-SISTEMA-NOVO-2025-09-25T202452.786_2025-09-25_23-25-03-1068x601.webp 1068w, https:\/\/cdn.media-acidadeon.com.br\/ribeiraopreto\/wp-content\/uploads\/sites\/3\/2025\/09\/Copia-de-Copia-de-Copia-de-TAMANHO-EXATO-PARA-FOTOS-NO-SISTEMA-NOVO-2025-09-25T202452.786_2025-09-25_23-25-03.webp 1200w\" sizes=\"auto, (max-width: 1024px) 100vw, 1024px\"\/><figcaption class=\"wp-element-caption\">Integrantes do N\u00facleo Log\u00edstico \u2013 Arte: Guilherme Medeiros\/ EPTV.<\/figcaption><\/figure>\n<\/div>\n<p>Por fim, o\u00a0<strong>N\u00facleo Operacional<\/strong>\u00a0era composto pelos executores diretos do roubo e abordagem \u00e0s v\u00edtimas.\u00a0<mark style=\"background-color:#fcb900\" class=\"has-inline-color\">Segundo a pol\u00edcia, a identifica\u00e7\u00e3o de outros suspeitos est\u00e1 em andamento, contudo, Julia tamb\u00e9m \u00e9 suspeita de integrar este grupo.<\/mark><\/p>\n<h2 class=\"wp-block-heading\"><strong>O outro lado<\/strong><\/h2>\n<p>Os advogados de\u00a0<strong>Pablo Rodrigues Cardoso\u00a0<\/strong>e de<strong>\u00a0Paula Fernandes<\/strong>\u00a0disseram que n\u00e3o v\u00e3o se manifestar. A defesa dos outros citados na reportagem n\u00e3o foi localizada.<\/p>\n<hr class=\"wp-block-separator has-alpha-channel-opacity\"\/>\n<p>SAIBA MAIS<\/p>\n<p>Idoso de 80 anos \u00e9 preso por agredir cachorra na regi\u00e3o de Ribeir\u00e3o Preto<\/p>\n<h2 class=\"wp-block-heading\"><strong>FIQUE ON<\/strong><\/h2>\n<p>Fique ligado em tudo que acontece em Ribeir\u00e3o Preto e regi\u00e3o. Siga os perfis do<strong>\u00a0acidade on<\/strong>\u00a0no<a href=\"https:\/\/www.instagram.com\/acidadeonribeirao\" target=\"_blank\" rel=\"noreferrer noopener\">\u00a0Instagram<\/a>\u00a0e no\u00a0<a href=\"https:\/\/www.facebook.com\/acidadeonribeirao\/\" target=\"_blank\" rel=\"noreferrer noopener\">Facebook<\/a>.<\/p>\n<p>Receba not\u00edcias do<strong>\u00a0acidade on\u00a0<\/strong>no WhatsApp. Para entrar no grupo,\u00a0basta<a href=\"https:\/\/chat.whatsapp.com\/I4nieTEMKlf50pJ28aMemC?mode=ac_t\" target=\"_blank\" rel=\"noreferrer noopener\">\u00a0clicar aqui<\/a>. Ou, acesse o nosso\u00a0Canal\u00a0<a href=\"https:\/\/whatsapp.com\/channel\/0029Vb6IQl1JENyAeS57fk2p\" target=\"_blank\" rel=\"noreferrer noopener\">clicando aqui<\/a>.<\/p>\n<p>Fa\u00e7a uma den\u00fancia ou sugira uma reportagem sobre Ribeir\u00e3o Preto e regi\u00e3o pelo WhatsApp: 16 99117 7802.<\/p>\n<p>VEJA TAMB\u00c9M<\/p>\n<p>Quando come\u00e7a a valer a isen\u00e7\u00e3o do IR?<\/p>\n<p><!-- AI CONTENT END 1 -->\n<\/div>\n<p><script async src=\"\/\/www.instagram.com\/embed.js\"><\/script><br \/>\n<br \/><br \/>\n<br \/><a href=\"https:\/\/www.acidadeon.com\/ribeiraopreto\/cotidiano\/suspeito-de-integrar-quadrilha-que-assaltou-predio-no-centro-e-preso-na-zona-sul-ribeirao\/\">Source link <\/a><\/p>\n<!-- CONTENT END 1 -->\n","protected":false},"excerpt":{"rendered":"<p>Foi preso na tarde desta sexta-feira (3), o d\u00e9cimo integrante da quadrilha suspeita de assaltar um pr\u00e9dio residencial no Centro de Ribeir\u00e3o Preto, no dia&#8230;<\/p>\n","protected":false},"author":1,"featured_media":78186,"comment_status":"open","ping_status":"open","sticky":false,"template":"","format":"standard","meta":{"advanced_seo_description":"","jetpack_seo_html_title":"","jetpack_seo_noindex":false,"jetpack_post_was_ever_published":false,"_jetpack_newsletter_access":"","_jetpack_dont_email_post_to_subs":false,"_jetpack_newsletter_tier_id":0,"_jetpack_memberships_contains_paywalled_content":false,"_jetpack_memberships_contains_paid_content":false,"footnotes":"","jetpack_publicize_message":"","jetpack_publicize_feature_enabled":true,"jetpack_social_post_already_shared":true,"jetpack_social_options":{"image_generator_settings":{"template":"highway","default_image_id":0,"font":"","enabled":false},"version":2}},"categories":[11],"tags":[],"class_list":["post-78185","post","type-post","status-publish","format-standard","has-post-thumbnail","hentry","category-noticias-de-ribeirao-preto-sp-e-regiao-ismael-colosi"],"jetpack_publicize_connections":[],"jetpack_featured_media_url":"https:\/\/i0.wp.com\/noticiasribeiraopreto.com.br\/wp-content\/uploads\/2025\/10\/Copia-de-Copia-de-Copia-de-TAMANHO-EXATO-PARA-FOTOS-NO-SISTEMA-NOVO-2025-10-03T155333.898_2025-10-03_18-53-39.webp.webp?fit=1200%2C675&ssl=1","jetpack-related-posts":[{"id":76625,"url":"https:\/\/noticiasribeiraopreto.com.br\/index.php\/2025\/09\/02\/video-preso-homem-que-furtou-predio-na-zona-sul\/","url_meta":{"origin":78185,"position":0},"title":"V\u00cdDEO &#8211; Preso homem que furtou pr\u00e9dio na zona Sul","author":"noticiasribeiraopreto.com.br","date":"2 de September de 2025","format":false,"excerpt":"Suspeito invadia condom\u00ednios e arrombava carros, causando preju\u00edzos superiores a R$ 100 mil \u00e0s v\u00edtimas 2 de setembro de 2025 11:352 de setembro de 2025 11:351 Compartilhar0 Por: Adalberto Luque A Pol\u00edcia Civil prendeu, na tarde desta segunda-feira (1\u00ba), um homem suspeito de praticar v\u00e1rios furtos. Entre eles, em um\u2026","rel":"","context":"In &quot;Not\u00edcias de Ribeir\u00e3o Preto-SP e Regi\u00e3o&quot;","block_context":{"text":"Not\u00edcias de Ribeir\u00e3o Preto-SP e Regi\u00e3o","link":"https:\/\/noticiasribeiraopreto.com.br\/index.php\/category\/noticias-de-ribeirao-preto-sp-e-regiao-ismael-colosi\/"},"img":{"alt_text":"","src":"https:\/\/i0.wp.com\/noticiasribeiraopreto.com.br\/wp-content\/uploads\/2025\/09\/02-set-2025-furtoiraja1.jpg?fit=822%2C621&ssl=1&resize=350%2C200","width":350,"height":200,"srcset":"https:\/\/i0.wp.com\/noticiasribeiraopreto.com.br\/wp-content\/uploads\/2025\/09\/02-set-2025-furtoiraja1.jpg?fit=822%2C621&ssl=1&resize=350%2C200 1x, https:\/\/i0.wp.com\/noticiasribeiraopreto.com.br\/wp-content\/uploads\/2025\/09\/02-set-2025-furtoiraja1.jpg?fit=822%2C621&ssl=1&resize=525%2C300 1.5x, https:\/\/i0.wp.com\/noticiasribeiraopreto.com.br\/wp-content\/uploads\/2025\/09\/02-set-2025-furtoiraja1.jpg?fit=822%2C621&ssl=1&resize=700%2C400 2x"},"classes":[]},{"id":78080,"url":"https:\/\/noticiasribeiraopreto.com.br\/index.php\/2025\/10\/01\/policia-prende-mais-um-suspeito-de-quadrilha-que-assaltou-predio-no-centro-de-ribeirao-preto\/","url_meta":{"origin":78185,"position":1},"title":"Pol\u00edcia prende mais um suspeito de quadrilha que assaltou pr\u00e9dio no Centro de Ribeir\u00e3o Preto","author":"noticiasribeiraopreto.com.br","date":"1 de October de 2025","format":false,"excerpt":"O nono suspeito* de integrar a quadrilha que assaltou um pr\u00e9dio residencial no Centro de Ribeir\u00e3o Preto na semana passada foi preso no in\u00edcio da noite desta quarta-feira (1\u00ba). De acordo com Andr\u00e9 Baldochi, delegado respons\u00e1vel pelo caso, o suspeito foi abordado no cruzamento das avenidas Francisco Junqueira e Pl\u00ednio\u2026","rel":"","context":"In &quot;Not\u00edcias de Ribeir\u00e3o Preto-SP e Regi\u00e3o&quot;","block_context":{"text":"Not\u00edcias de Ribeir\u00e3o Preto-SP e Regi\u00e3o","link":"https:\/\/noticiasribeiraopreto.com.br\/index.php\/category\/noticias-de-ribeirao-preto-sp-e-regiao-ismael-colosi\/"},"img":{"alt_text":"","src":"https:\/\/i0.wp.com\/noticiasribeiraopreto.com.br\/wp-content\/uploads\/2025\/10\/WhatsApp-Image-2025-10-01-at-18.54.48_2025-10-01_21-59-49.webp.webp?fit=1200%2C672&ssl=1&resize=350%2C200","width":350,"height":200,"srcset":"https:\/\/i0.wp.com\/noticiasribeiraopreto.com.br\/wp-content\/uploads\/2025\/10\/WhatsApp-Image-2025-10-01-at-18.54.48_2025-10-01_21-59-49.webp.webp?fit=1200%2C672&ssl=1&resize=350%2C200 1x, https:\/\/i0.wp.com\/noticiasribeiraopreto.com.br\/wp-content\/uploads\/2025\/10\/WhatsApp-Image-2025-10-01-at-18.54.48_2025-10-01_21-59-49.webp.webp?fit=1200%2C672&ssl=1&resize=525%2C300 1.5x, https:\/\/i0.wp.com\/noticiasribeiraopreto.com.br\/wp-content\/uploads\/2025\/10\/WhatsApp-Image-2025-10-01-at-18.54.48_2025-10-01_21-59-49.webp.webp?fit=1200%2C672&ssl=1&resize=700%2C400 2x, https:\/\/i0.wp.com\/noticiasribeiraopreto.com.br\/wp-content\/uploads\/2025\/10\/WhatsApp-Image-2025-10-01-at-18.54.48_2025-10-01_21-59-49.webp.webp?fit=1200%2C672&ssl=1&resize=1050%2C600 3x"},"classes":[]},{"id":77861,"url":"https:\/\/noticiasribeiraopreto.com.br\/index.php\/2025\/09\/26\/policia-civil-prende-setimo-suspeito-de-assalto-a-predio-no-centro-de-ribeirao-preto\/","url_meta":{"origin":78185,"position":2},"title":"Pol\u00edcia Civil prende s\u00e9timo suspeito de assalto a pr\u00e9dio no Centro de Ribeir\u00e3o Preto","author":"noticiasribeiraopreto.com.br","date":"26 de September de 2025","format":false,"excerpt":"A Pol\u00edcia Civil confirmou a pris\u00e3o de mais um envolvido no assalto a um pr\u00e9dio residencial no Centro de Ribeir\u00e3o Preto, na noite desta sexta-feira (26). \u00c0 EPTV, o delegado Andr\u00e9 Baldochi informou que o suspeito, Carlos Alberto da Silva, de 44 anos, foi preso no Jardim Jo\u00e3o Rossi, zona\u2026","rel":"","context":"In &quot;Not\u00edcias de Ribeir\u00e3o Preto-SP e Regi\u00e3o&quot;","block_context":{"text":"Not\u00edcias de Ribeir\u00e3o Preto-SP e Regi\u00e3o","link":"https:\/\/noticiasribeiraopreto.com.br\/index.php\/category\/noticias-de-ribeirao-preto-sp-e-regiao-ismael-colosi\/"},"img":{"alt_text":"","src":"https:\/\/i0.wp.com\/noticiasribeiraopreto.com.br\/wp-content\/uploads\/2025\/09\/Copia-de-Copia-de-Copia-de-TAMANHO-EXATO-PARA-FOTOS-NO-SISTEMA-NOVO-2025-09-26T194824.768_2025-09-26_22-48-30.webp.webp?fit=1200%2C675&ssl=1&resize=350%2C200","width":350,"height":200,"srcset":"https:\/\/i0.wp.com\/noticiasribeiraopreto.com.br\/wp-content\/uploads\/2025\/09\/Copia-de-Copia-de-Copia-de-TAMANHO-EXATO-PARA-FOTOS-NO-SISTEMA-NOVO-2025-09-26T194824.768_2025-09-26_22-48-30.webp.webp?fit=1200%2C675&ssl=1&resize=350%2C200 1x, https:\/\/i0.wp.com\/noticiasribeiraopreto.com.br\/wp-content\/uploads\/2025\/09\/Copia-de-Copia-de-Copia-de-TAMANHO-EXATO-PARA-FOTOS-NO-SISTEMA-NOVO-2025-09-26T194824.768_2025-09-26_22-48-30.webp.webp?fit=1200%2C675&ssl=1&resize=525%2C300 1.5x, https:\/\/i0.wp.com\/noticiasribeiraopreto.com.br\/wp-content\/uploads\/2025\/09\/Copia-de-Copia-de-Copia-de-TAMANHO-EXATO-PARA-FOTOS-NO-SISTEMA-NOVO-2025-09-26T194824.768_2025-09-26_22-48-30.webp.webp?fit=1200%2C675&ssl=1&resize=700%2C400 2x, https:\/\/i0.wp.com\/noticiasribeiraopreto.com.br\/wp-content\/uploads\/2025\/09\/Copia-de-Copia-de-Copia-de-TAMANHO-EXATO-PARA-FOTOS-NO-SISTEMA-NOVO-2025-09-26T194824.768_2025-09-26_22-48-30.webp.webp?fit=1200%2C675&ssl=1&resize=1050%2C600 3x"},"classes":[]},{"id":77975,"url":"https:\/\/noticiasribeiraopreto.com.br\/index.php\/2025\/09\/30\/suspeito-de-participar-de-roubo-em-predio-de-ribeirao-e-preso-em-sp\/","url_meta":{"origin":78185,"position":3},"title":"Suspeito de participar de roubo em pr\u00e9dio de Ribeir\u00e3o \u00e9 preso em SP","author":"noticiasribeiraopreto.com.br","date":"30 de September de 2025","format":false,"excerpt":"A Pol\u00edcia Civil informou que prendeu, na noite desta segunda-feira (29), mais um envolvido no assalto a um pr\u00e9dio residencial no Centro de Ribeir\u00e3o Preto, que aconteceu na semana passada. De acordo com o delegado Andr\u00e9 Baldochi, que esta \u00e0 frente das investiga\u00e7\u00f5es, o suspeito foi preso na Capital do\u2026","rel":"","context":"In &quot;Not\u00edcias de Ribeir\u00e3o Preto-SP e Regi\u00e3o&quot;","block_context":{"text":"Not\u00edcias de Ribeir\u00e3o Preto-SP e Regi\u00e3o","link":"https:\/\/noticiasribeiraopreto.com.br\/index.php\/category\/noticias-de-ribeirao-preto-sp-e-regiao-ismael-colosi\/"},"img":{"alt_text":"","src":"https:\/\/i0.wp.com\/noticiasribeiraopreto.com.br\/wp-content\/uploads\/2025\/09\/Copia-de-Copia-de-Copia-de-TAMANHO-EXATO-PARA-FOTOS-NO-SISTEMA-NOVO.zip-2_2025-09-30_02-17-10.webp.webp?fit=1200%2C675&ssl=1&resize=350%2C200","width":350,"height":200,"srcset":"https:\/\/i0.wp.com\/noticiasribeiraopreto.com.br\/wp-content\/uploads\/2025\/09\/Copia-de-Copia-de-Copia-de-TAMANHO-EXATO-PARA-FOTOS-NO-SISTEMA-NOVO.zip-2_2025-09-30_02-17-10.webp.webp?fit=1200%2C675&ssl=1&resize=350%2C200 1x, https:\/\/i0.wp.com\/noticiasribeiraopreto.com.br\/wp-content\/uploads\/2025\/09\/Copia-de-Copia-de-Copia-de-TAMANHO-EXATO-PARA-FOTOS-NO-SISTEMA-NOVO.zip-2_2025-09-30_02-17-10.webp.webp?fit=1200%2C675&ssl=1&resize=525%2C300 1.5x, https:\/\/i0.wp.com\/noticiasribeiraopreto.com.br\/wp-content\/uploads\/2025\/09\/Copia-de-Copia-de-Copia-de-TAMANHO-EXATO-PARA-FOTOS-NO-SISTEMA-NOVO.zip-2_2025-09-30_02-17-10.webp.webp?fit=1200%2C675&ssl=1&resize=700%2C400 2x, https:\/\/i0.wp.com\/noticiasribeiraopreto.com.br\/wp-content\/uploads\/2025\/09\/Copia-de-Copia-de-Copia-de-TAMANHO-EXATO-PARA-FOTOS-NO-SISTEMA-NOVO.zip-2_2025-09-30_02-17-10.webp.webp?fit=1200%2C675&ssl=1&resize=1050%2C600 3x"},"classes":[]},{"id":77838,"url":"https:\/\/noticiasribeiraopreto.com.br\/index.php\/2025\/09\/26\/presos-em-sp-sao-trazidos-para-rp\/","url_meta":{"origin":78185,"position":4},"title":"Presos em SP s\u00e3o trazidos para RP","author":"noticiasribeiraopreto.com.br","date":"26 de September de 2025","format":false,"excerpt":"Por: Adalberto Luque Os quatro homens presos na Grande S\u00e3o Paulo, na noite desta quarta-feira (24), por envolvimento no assalto cinematogr\u00e1fico praticado em um pr\u00e9dio de alto padr\u00e3o no Centro, chegaram a Ribeir\u00e3o Preto na noite desta quinta-feira (25). Dois dos suspeitos foram presos em Itapecerica da Serra, enquanto outros\u2026","rel":"","context":"In &quot;Not\u00edcias de Ribeir\u00e3o Preto-SP e Regi\u00e3o&quot;","block_context":{"text":"Not\u00edcias de Ribeir\u00e3o Preto-SP e Regi\u00e3o","link":"https:\/\/noticiasribeiraopreto.com.br\/index.php\/category\/noticias-de-ribeirao-preto-sp-e-regiao-ismael-colosi\/"},"img":{"alt_text":"","src":"https:\/\/i0.wp.com\/noticiasribeiraopreto.com.br\/wp-content\/uploads\/2025\/09\/26-set-2025-prisaocriminosos-scaled.jpg?fit=1200%2C712&ssl=1&resize=350%2C200","width":350,"height":200,"srcset":"https:\/\/i0.wp.com\/noticiasribeiraopreto.com.br\/wp-content\/uploads\/2025\/09\/26-set-2025-prisaocriminosos-scaled.jpg?fit=1200%2C712&ssl=1&resize=350%2C200 1x, https:\/\/i0.wp.com\/noticiasribeiraopreto.com.br\/wp-content\/uploads\/2025\/09\/26-set-2025-prisaocriminosos-scaled.jpg?fit=1200%2C712&ssl=1&resize=525%2C300 1.5x, https:\/\/i0.wp.com\/noticiasribeiraopreto.com.br\/wp-content\/uploads\/2025\/09\/26-set-2025-prisaocriminosos-scaled.jpg?fit=1200%2C712&ssl=1&resize=700%2C400 2x, https:\/\/i0.wp.com\/noticiasribeiraopreto.com.br\/wp-content\/uploads\/2025\/09\/26-set-2025-prisaocriminosos-scaled.jpg?fit=1200%2C712&ssl=1&resize=1050%2C600 3x"},"classes":[]},{"id":79147,"url":"https:\/\/noticiasribeiraopreto.com.br\/index.php\/2025\/10\/25\/operacao-prende-quatro-suspeitos-tribuna-ribeirao\/","url_meta":{"origin":78185,"position":5},"title":"Opera\u00e7\u00e3o prende quatro suspeitos &#8211; Tribuna Ribeir\u00e3o","author":"noticiasribeiraopreto.com.br","date":"25 de October de 2025","format":false,"excerpt":"Por Adalberto Luque \u00a0 A Pol\u00edcia Civil realizou uma megaopera\u00e7\u00e3o, na manh\u00e3 desta sexta-feira, 24 de outubro, contra integrantes da quadrilha que assaltou o Edif\u00edcio Jati\u00faca, um pr\u00e9dio de alto padr\u00e3o de um apartamento por andar (s\u00e3o 14) na rua Campos Salles, no Centro de Ribeir\u00e3o Preto, em 24 de\u2026","rel":"","context":"In &quot;Not\u00edcias de Ribeir\u00e3o Preto-SP e Regi\u00e3o&quot;","block_context":{"text":"Not\u00edcias de Ribeir\u00e3o Preto-SP e Regi\u00e3o","link":"https:\/\/noticiasribeiraopreto.com.br\/index.php\/category\/noticias-de-ribeirao-preto-sp-e-regiao-ismael-colosi\/"},"img":{"alt_text":"","src":"https:\/\/i0.wp.com\/noticiasribeiraopreto.com.br\/wp-content\/uploads\/2025\/10\/AssaltoPRE-Pre-Divulgacao-Policia-Civil-01.jpg?fit=960%2C572&ssl=1&resize=350%2C200","width":350,"height":200,"srcset":"https:\/\/i0.wp.com\/noticiasribeiraopreto.com.br\/wp-content\/uploads\/2025\/10\/AssaltoPRE-Pre-Divulgacao-Policia-Civil-01.jpg?fit=960%2C572&ssl=1&resize=350%2C200 1x, https:\/\/i0.wp.com\/noticiasribeiraopreto.com.br\/wp-content\/uploads\/2025\/10\/AssaltoPRE-Pre-Divulgacao-Policia-Civil-01.jpg?fit=960%2C572&ssl=1&resize=525%2C300 1.5x, https:\/\/i0.wp.com\/noticiasribeiraopreto.com.br\/wp-content\/uploads\/2025\/10\/AssaltoPRE-Pre-Divulgacao-Policia-Civil-01.jpg?fit=960%2C572&ssl=1&resize=700%2C400 2x"},"classes":[]}],"jetpack_sharing_enabled":true,"jetpack_shortlink":"https:\/\/wp.me\/peQAOb-kl3","_links":{"self":[{"href":"https:\/\/noticiasribeiraopreto.com.br\/index.php\/wp-json\/wp\/v2\/posts\/78185","targetHints":{"allow":["GET"]}}],"collection":[{"href":"https:\/\/noticiasribeiraopreto.com.br\/index.php\/wp-json\/wp\/v2\/posts"}],"about":[{"href":"https:\/\/noticiasribeiraopreto.com.br\/index.php\/wp-json\/wp\/v2\/types\/post"}],"author":[{"embeddable":true,"href":"https:\/\/noticiasribeiraopreto.com.br\/index.php\/wp-json\/wp\/v2\/users\/1"}],"replies":[{"embeddable":true,"href":"https:\/\/noticiasribeiraopreto.com.br\/index.php\/wp-json\/wp\/v2\/comments?post=78185"}],"version-history":[{"count":0,"href":"https:\/\/noticiasribeiraopreto.com.br\/index.php\/wp-json\/wp\/v2\/posts\/78185\/revisions"}],"wp:featuredmedia":[{"embeddable":true,"href":"https:\/\/noticiasribeiraopreto.com.br\/index.php\/wp-json\/wp\/v2\/media\/78186"}],"wp:attachment":[{"href":"https:\/\/noticiasribeiraopreto.com.br\/index.php\/wp-json\/wp\/v2\/media?parent=78185"}],"wp:term":[{"taxonomy":"category","embeddable":true,"href":"https:\/\/noticiasribeiraopreto.com.br\/index.php\/wp-json\/wp\/v2\/categories?post=78185"},{"taxonomy":"post_tag","embeddable":true,"href":"https:\/\/noticiasribeiraopreto.com.br\/index.php\/wp-json\/wp\/v2\/tags?post=78185"}],"curies":[{"name":"wp","href":"https:\/\/api.w.org\/{rel}","templated":true}]}}