{"id":78187,"date":"2025-10-03T18:16:29","date_gmt":"2025-10-03T21:16:29","guid":{"rendered":"https:\/\/noticiasribeiraopreto.com.br\/index.php\/2025\/10\/03\/rp-mobi-altera-horarios-de-11-linhas-de-onibus-a-partir-deste-sabado-confira\/"},"modified":"2025-10-03T18:16:29","modified_gmt":"2025-10-03T21:16:29","slug":"rp-mobi-altera-horarios-de-11-linhas-de-onibus-a-partir-deste-sabado-confira","status":"publish","type":"post","link":"https:\/\/noticiasribeiraopreto.com.br\/index.php\/2025\/10\/03\/rp-mobi-altera-horarios-de-11-linhas-de-onibus-a-partir-deste-sabado-confira\/","title":{"rendered":"RP Mobi altera hor\u00e1rios de 11 linhas de \u00f4nibus a partir deste s\u00e1bado; Confira"},"content":{"rendered":"<div class='code-block code-block-1' style='margin: 8px 0 8px auto; text-align: right; display: block; clear: both;'>\n<p><a href=\"https:\/\/wa.link\/vpicfd\"><img data-recalc-dims=\"1\" class=\"wp-image-4922\" style=\"aspect-ratio: 2.0253164556962027; width: 561px; height: auto;\" src=\"https:\/\/i0.wp.com\/ismaelcolosi.com.br\/wp-content\/uploads\/2023\/11\/grupo-de-empregos-whatsapp-e-facebook-ismael-colosi-vagas.jpg?ssl=1\" alt=\"\" \/><\/a><\/p>\n<!-- \/wp:image -->\n<\/div>\n<p> <br \/>\n<\/p>\n<div data-td-block-uid=\"tdi_95\">\n<div class=\"tdb-block-inner td-fix-index\">\n<p>A <strong>RP Mobi<\/strong>, empresa que gerencia o transporte urbano de <strong>Ribeir\u00e3o Preto<\/strong>, informou que a os quadros de hor\u00e1rios de <strong>11 linhas<\/strong> ser\u00e3o <strong>alterados <\/strong>ou <strong>ampliados <\/strong>a partir deste <strong>s\u00e1bado (4)<\/strong>.<\/p>\n<p>O objetivo, segundo a <strong>Prefeitura Municipal<\/strong>,<mark style=\"background-color:#fcb900\" class=\"has-inline-color\"> \u00e9 adequar a oferta de viagens \u00e0 demanda dos usu\u00e1rios, garantindo mais op\u00e7\u00f5es e regularidade no atendimento.<\/mark><\/p>\n<figure class=\"wp-block-pullquote\">\n<blockquote>\n<p>As altera\u00e7\u00f5es contemplam linhas que operam em dias \u00fateis, s\u00e1bados e domingos, abrangendo diferentes regi\u00f5es da cidade<\/p>\n<p><cite>Prefeitura de Ribeir\u00e3o Preto<\/cite><\/p><\/blockquote>\n<\/figure>\n<h2 class=\"wp-block-heading\"><strong>Confira as linhas que ser\u00e3o alteradas ou ampliadas<\/strong><\/h2>\n<ul class=\"wp-block-list\">\n<li><strong>Linha 311 (Expresso Avelino)<\/strong>: ajustes nos hor\u00e1rios de segunda a sexta-feira. \/ In\u00edcio: 6 de outubro.<\/li>\n<\/ul>\n<ul class=\"wp-block-list\">\n<li><strong>Linha 607 (Jardim Eug\u00eanio Lopes)<\/strong>: novo quadro de hor\u00e1rios em dias \u00fateis. \/ In\u00edcio: 6 de outubro.<\/li>\n<\/ul>\n<ul class=\"wp-block-list\">\n<li><strong>Linha 187 (Heitor Rigon \u2013 HC)<\/strong>: amplia\u00e7\u00e3o de hor\u00e1rios aos s\u00e1bados, domingos e feriados. \/ In\u00edcio: 4 de outubro.<\/li>\n<\/ul>\n<ul class=\"wp-block-list\">\n<li><strong>Linha 178 (D. Mielle \u2013 HC)<\/strong>: amplia\u00e7\u00e3o de hor\u00e1rios aos s\u00e1bados, domingos e feriados. \/ In\u00edcio: 4 de outubro.<\/li>\n<\/ul>\n<ul class=\"wp-block-list\">\n<li><strong>Linha 306 (Jardim Marchesi)<\/strong>: amplia\u00e7\u00e3o de hor\u00e1rios aos s\u00e1bados, domingos e feriados. \/ In\u00edcio: 4 de outubro (s\u00e1bados) \/ 5 de outubro (domingos e feriados).<\/li>\n<\/ul>\n<ul class=\"wp-block-list\">\n<li><strong>Linha 360 (Jardim Centen\u00e1rio)<\/strong>: amplia\u00e7\u00e3o de hor\u00e1rios aos s\u00e1bados, domingos e feriados.\u00a0 \/ In\u00edcio: 4 de outubro (s\u00e1bados) \/ 5 de outubro (domingos e feriados).<\/li>\n<\/ul>\n<ul class=\"wp-block-list\">\n<li><strong>Linha 110 (Quintino I)<\/strong>: ajustes nos hor\u00e1rios de segunda a sexta-feira. \/ In\u00edcio: 6 de outubro.<\/li>\n<\/ul>\n<ul class=\"wp-block-list\">\n<li><strong>Linha 210 (Simioni): <\/strong>ajustes nos hor\u00e1rios de segunda a sexta-feira. \/ In\u00edcio: 6 de outubro.<\/li>\n<\/ul>\n<ul class=\"wp-block-list\">\n<li><strong>Linha 301 (Avelino Palma)<\/strong>: ajustes nos hor\u00e1rios de segunda a sexta-feira. \/ In\u00edcio: 6 de outubro.<\/li>\n<\/ul>\n<ul class=\"wp-block-list\">\n<li><strong>Linha 401 (Vila Carvalho)<\/strong>: ajustes nos hor\u00e1rios de segunda a sexta-feira. \/ In\u00edcio: 6 de outubro<\/li>\n<\/ul>\n<p>Conforme a <strong>RP Mobi<\/strong>, as mudan\u00e7as foram definidas a partir de <strong>an\u00e1lises de demanda<\/strong>, com foco em melhorar a mobilidade urbana e oferecer maior comodidade aos passageiros.<\/p>\n<p>Os detalhes completos dos itiner\u00e1rios e tabelas de hor\u00e1rios est\u00e3o dispon\u00edveis no <strong>site oficial do transporte coletivo (<a href=\"https:\/\/www.rpmobilidade.com.br\/\" target=\"_blank\" data-type=\"link\" data-id=\"https:\/\/www.rpmobilidade.com.br\/\" rel=\"noreferrer noopener\">clique aqui<\/a>)<\/strong> e pelo <strong>telefone 0800 16 16 001<\/strong>.<\/p>\n<hr class=\"wp-block-separator has-alpha-channel-opacity\"\/>\n<p>SAIBA MAIS<\/p>\n<p>Interior de SP tem alerta de perigo potencial; Veja as \u00e1reas afetadas<\/p>\n<h2 class=\"wp-block-heading\"><strong>FIQUE ON<\/strong><\/h2>\n<p>Fique ligado em tudo que acontece em Ribeir\u00e3o Preto e regi\u00e3o. Siga os perfis do\u00a0<strong>acidade on<\/strong>\u00a0no<a href=\"https:\/\/www.instagram.com\/acidadeonribeirao\" target=\"_blank\" rel=\"noreferrer noopener\">\u00a0Instagram<\/a>\u00a0e no<a href=\"https:\/\/www.facebook.com\/acidadeonribeirao\/\" target=\"_blank\" rel=\"noreferrer noopener\">\u00a0Facebook<\/a>.<\/p>\n<p>Receba not\u00edcias do<strong>\u00a0acidade on<\/strong>\u00a0no WhatsApp. Para entrar no grupo,\u00a0basta\u00a0<a href=\"https:\/\/chat.whatsapp.com\/I4nieTEMKlf50pJ28aMemC?mode=ac_t\" target=\"_blank\" rel=\"noreferrer noopener\">clicar aqui<\/a>. Ou, acesse o nosso<a href=\"https:\/\/whatsapp.com\/channel\/0029Vb6IQl1JENyAeS57fk2p\" target=\"_blank\" rel=\"noreferrer noopener\">\u00a0Canal clicando aqui<\/a>.<\/p>\n<p>Fa\u00e7a uma den\u00fancia ou sugira uma reportagem sobre Ribeir\u00e3o Preto e regi\u00e3o pelo WhatsApp: 16 99117 7802.<\/p>\n<p>VEJA TAMB\u00c9M<\/p>\n<p>Porque existem dois dias do Dentista?<\/p>\n<p><!-- AI CONTENT END 1 -->\n<\/div>\n<\/div>\n<p><script async src=\"\/\/www.instagram.com\/embed.js\"><\/script><br \/>\n<br \/><br \/>\n<br \/><a href=\"https:\/\/www.acidadeon.com\/ribeiraopreto\/cotidiano\/rp-mobi-altera-horarios-de-11-linhas-de-onibus-a-partir-deste-sabado-confira\/\">Source link <\/a><\/p>\n<!-- CONTENT END 1 -->\n","protected":false},"excerpt":{"rendered":"<p>A RP Mobi, empresa que gerencia o transporte urbano de Ribeir\u00e3o Preto, informou que a os quadros de hor\u00e1rios de 11 linhas ser\u00e3o alterados ou&#8230;<\/p>\n","protected":false},"author":1,"featured_media":78188,"comment_status":"open","ping_status":"open","sticky":false,"template":"","format":"standard","meta":{"advanced_seo_description":"","jetpack_seo_html_title":"","jetpack_seo_noindex":false,"jetpack_post_was_ever_published":false,"_jetpack_newsletter_access":"","_jetpack_dont_email_post_to_subs":false,"_jetpack_newsletter_tier_id":0,"_jetpack_memberships_contains_paywalled_content":false,"_jetpack_memberships_contains_paid_content":false,"footnotes":"","jetpack_publicize_message":"","jetpack_publicize_feature_enabled":true,"jetpack_social_post_already_shared":true,"jetpack_social_options":{"image_generator_settings":{"template":"highway","default_image_id":0,"font":"","enabled":false},"version":2}},"categories":[11],"tags":[],"class_list":["post-78187","post","type-post","status-publish","format-standard","has-post-thumbnail","hentry","category-noticias-de-ribeirao-preto-sp-e-regiao-ismael-colosi"],"jetpack_publicize_connections":[],"jetpack_featured_media_url":"https:\/\/i0.wp.com\/noticiasribeiraopreto.com.br\/wp-content\/uploads\/2025\/10\/linhaonibus__2025-10-03_18-15-05.webp.webp?fit=1200%2C800&ssl=1","jetpack-related-posts":[{"id":77856,"url":"https:\/\/noticiasribeiraopreto.com.br\/index.php\/2025\/09\/26\/nove-linhas-de-onibus-terao-mudancas-nos-horarios-em-ribeirao-preto-veja-quais\/","url_meta":{"origin":78187,"position":0},"title":"Nove linhas de \u00f4nibus ter\u00e3o mudan\u00e7as nos hor\u00e1rios em Ribeir\u00e3o Preto; Veja quais","author":"noticiasribeiraopreto.com.br","date":"26 de September de 2025","format":false,"excerpt":"A RP Mobi, empresa respons\u00e1vel pelo gerenciamento do transporte urbano em Ribeir\u00e3o Preto, informou que nove linhas de \u00f4nibus ter\u00e3o hor\u00e1rios alterados a partir deste s\u00e1bado (27). As altera\u00e7\u00f5es contemplam linhas que operam em dias \u00fateis, s\u00e1bados e domingos, abrangendo diferentes regi\u00f5es da cidade \u2013 veja quais s\u00e3o logo abaixo.\u2026","rel":"","context":"In &quot;Not\u00edcias de Ribeir\u00e3o Preto-SP e Regi\u00e3o&quot;","block_context":{"text":"Not\u00edcias de Ribeir\u00e3o Preto-SP e Regi\u00e3o","link":"https:\/\/noticiasribeiraopreto.com.br\/index.php\/category\/noticias-de-ribeirao-preto-sp-e-regiao-ismael-colosi\/"},"img":{"alt_text":"","src":"https:\/\/i0.wp.com\/noticiasribeiraopreto.com.br\/wp-content\/uploads\/2025\/07\/WhatsApp-Image-2024-10-17-at-15.21.43_2024-10-17_21-54-03_jpeg_2024-10-17_21-54-04-1024x682.webp.webp?fit=1024%2C682&ssl=1&resize=350%2C200","width":350,"height":200,"srcset":"https:\/\/i0.wp.com\/noticiasribeiraopreto.com.br\/wp-content\/uploads\/2025\/07\/WhatsApp-Image-2024-10-17-at-15.21.43_2024-10-17_21-54-03_jpeg_2024-10-17_21-54-04-1024x682.webp.webp?fit=1024%2C682&ssl=1&resize=350%2C200 1x, https:\/\/i0.wp.com\/noticiasribeiraopreto.com.br\/wp-content\/uploads\/2025\/07\/WhatsApp-Image-2024-10-17-at-15.21.43_2024-10-17_21-54-03_jpeg_2024-10-17_21-54-04-1024x682.webp.webp?fit=1024%2C682&ssl=1&resize=525%2C300 1.5x, https:\/\/i0.wp.com\/noticiasribeiraopreto.com.br\/wp-content\/uploads\/2025\/07\/WhatsApp-Image-2024-10-17-at-15.21.43_2024-10-17_21-54-03_jpeg_2024-10-17_21-54-04-1024x682.webp.webp?fit=1024%2C682&ssl=1&resize=700%2C400 2x"},"classes":[]},{"id":34273,"url":"https:\/\/noticiasribeiraopreto.com.br\/index.php\/2024\/02\/01\/linhas-de-onibus-de-ribeirao-preto-tem-mudancas-nos-horarios-confira\/","url_meta":{"origin":78187,"position":1},"title":"Linhas de \u00f4nibus de Ribeir\u00e3o Preto t\u00eam mudan\u00e7as nos hor\u00e1rios; Confira","author":"noticiasribeiraopreto.com.br","date":"1 de February de 2024","format":false,"excerpt":"Duas linhas de \u00f4nibus de Ribeir\u00e3o Preto contar\u00e3o com mudan\u00e7as nos hor\u00e1rios. De acordo com a RP Mobi, as linhas 902 \u2013 Norte-Sul 2 e 102 \u2013 Jardim Independ\u00eancia ter\u00e3o os hor\u00e1rios ampliados. Os hor\u00e1rios da linha 902 \u2013 Norte-Sul 2 ser\u00e3o ampliados todos os dias da semana. Confira como\u2026","rel":"","context":"In &quot;Not\u00edcias de Ribeir\u00e3o Preto-SP e Regi\u00e3o&quot;","block_context":{"text":"Not\u00edcias de Ribeir\u00e3o Preto-SP e Regi\u00e3o","link":"https:\/\/noticiasribeiraopreto.com.br\/index.php\/category\/noticias-de-ribeirao-preto-sp-e-regiao-ismael-colosi\/"},"img":{"alt_text":"","src":"https:\/\/i0.wp.com\/noticiasribeiraopreto.com.br\/wp-content\/uploads\/2024\/02\/horarios-onibus-1-1.jpg?fit=690%2C700&ssl=1&resize=350%2C200","width":350,"height":200,"srcset":"https:\/\/i0.wp.com\/noticiasribeiraopreto.com.br\/wp-content\/uploads\/2024\/02\/horarios-onibus-1-1.jpg?fit=690%2C700&ssl=1&resize=350%2C200 1x, https:\/\/i0.wp.com\/noticiasribeiraopreto.com.br\/wp-content\/uploads\/2024\/02\/horarios-onibus-1-1.jpg?fit=690%2C700&ssl=1&resize=525%2C300 1.5x"},"classes":[]},{"id":75811,"url":"https:\/\/noticiasribeiraopreto.com.br\/index.php\/2025\/08\/15\/ribeirao-preto-amplia-horarios-de-seis-linhas-de-onibus-veja-quais\/","url_meta":{"origin":78187,"position":2},"title":"Ribeir\u00e3o Preto amplia hor\u00e1rios de seis linhas de \u00f4nibus; Veja quais","author":"noticiasribeiraopreto.com.br","date":"15 de August de 2025","format":false,"excerpt":"A RP Mobi, empresa respons\u00e1vel pelo tr\u00e2nsito de Ribeir\u00e3o Preto, informou que seis linhas de \u00f4nibus ter\u00e3o hor\u00e1rios ampliados a partir deste s\u00e1bado (16). De acordo com a Prefeitura, a mudan\u00e7a tem como objetivo melhorar o atendimento e adequar a oferta \u00e0s necessidades dos passageiros \u2013 veja abaixo. As altera\u00e7\u00f5es\u2026","rel":"","context":"In &quot;Not\u00edcias de Ribeir\u00e3o Preto-SP e Regi\u00e3o&quot;","block_context":{"text":"Not\u00edcias de Ribeir\u00e3o Preto-SP e Regi\u00e3o","link":"https:\/\/noticiasribeiraopreto.com.br\/index.php\/category\/noticias-de-ribeirao-preto-sp-e-regiao-ismael-colosi\/"},"img":{"alt_text":"","src":"https:\/\/i0.wp.com\/noticiasribeiraopreto.com.br\/wp-content\/uploads\/2025\/08\/horarioonibus_1_2025-08-15_21-08-48.webp.webp?fit=1196%2C796&ssl=1&resize=350%2C200","width":350,"height":200,"srcset":"https:\/\/i0.wp.com\/noticiasribeiraopreto.com.br\/wp-content\/uploads\/2025\/08\/horarioonibus_1_2025-08-15_21-08-48.webp.webp?fit=1196%2C796&ssl=1&resize=350%2C200 1x, https:\/\/i0.wp.com\/noticiasribeiraopreto.com.br\/wp-content\/uploads\/2025\/08\/horarioonibus_1_2025-08-15_21-08-48.webp.webp?fit=1196%2C796&ssl=1&resize=525%2C300 1.5x, https:\/\/i0.wp.com\/noticiasribeiraopreto.com.br\/wp-content\/uploads\/2025\/08\/horarioonibus_1_2025-08-15_21-08-48.webp.webp?fit=1196%2C796&ssl=1&resize=700%2C400 2x, https:\/\/i0.wp.com\/noticiasribeiraopreto.com.br\/wp-content\/uploads\/2025\/08\/horarioonibus_1_2025-08-15_21-08-48.webp.webp?fit=1196%2C796&ssl=1&resize=1050%2C600 3x"},"classes":[]},{"id":50680,"url":"https:\/\/noticiasribeiraopreto.com.br\/index.php\/2024\/05\/17\/rp-mobi-anuncia-ampliacao-de-horario-em-linha-do-transporte-coletivo-de-ribeirao-preto\/","url_meta":{"origin":78187,"position":3},"title":"RP Mobi anuncia amplia\u00e7\u00e3o de hor\u00e1rio em linha do transporte coletivo de Ribeir\u00e3o Preto","author":"noticiasribeiraopreto.com.br","date":"17 de May de 2024","format":false,"excerpt":"A RP Mobi, empresa que gerencia o tr\u00e2nsito e o transporte urbano de Ribeir\u00e3o Preto, informou que far\u00e1 a amplia\u00e7\u00e3o dos hor\u00e1rios da linha 13 \u2013 Jardim Ouro Branco, a partir deste domingo (19). A medida tem o objetivo de adequar a oferta de transporte aos atuais n\u00edveis de demanda\u2026","rel":"","context":"In &quot;Not\u00edcias de Ribeir\u00e3o Preto-SP e Regi\u00e3o&quot;","block_context":{"text":"Not\u00edcias de Ribeir\u00e3o Preto-SP e Regi\u00e3o","link":"https:\/\/noticiasribeiraopreto.com.br\/index.php\/category\/noticias-de-ribeirao-preto-sp-e-regiao-ismael-colosi\/"},"img":{"alt_text":"","src":"https:\/\/i0.wp.com\/noticiasribeiraopreto.com.br\/wp-content\/uploads\/2024\/05\/alimentadoras_fotos_rpmobi__3.jpeg?fit=1200%2C900&ssl=1&resize=350%2C200","width":350,"height":200,"srcset":"https:\/\/i0.wp.com\/noticiasribeiraopreto.com.br\/wp-content\/uploads\/2024\/05\/alimentadoras_fotos_rpmobi__3.jpeg?fit=1200%2C900&ssl=1&resize=350%2C200 1x, https:\/\/i0.wp.com\/noticiasribeiraopreto.com.br\/wp-content\/uploads\/2024\/05\/alimentadoras_fotos_rpmobi__3.jpeg?fit=1200%2C900&ssl=1&resize=525%2C300 1.5x, https:\/\/i0.wp.com\/noticiasribeiraopreto.com.br\/wp-content\/uploads\/2024\/05\/alimentadoras_fotos_rpmobi__3.jpeg?fit=1200%2C900&ssl=1&resize=700%2C400 2x, https:\/\/i0.wp.com\/noticiasribeiraopreto.com.br\/wp-content\/uploads\/2024\/05\/alimentadoras_fotos_rpmobi__3.jpeg?fit=1200%2C900&ssl=1&resize=1050%2C600 3x"},"classes":[]},{"id":80323,"url":"https:\/\/noticiasribeiraopreto.com.br\/index.php\/2025\/11\/19\/linhas-de-onibus-tem-ampliacao-de-horarios-e-itinerarios-em-ribeirao-preto\/","url_meta":{"origin":78187,"position":4},"title":"Linhas de \u00f4nibus t\u00eam amplia\u00e7\u00e3o de hor\u00e1rios e itiner\u00e1rios em Ribeir\u00e3o Preto","author":"noticiasribeiraopreto.com.br","date":"19 de November de 2025","format":false,"excerpt":"Tr\u00eas linhas de \u00f4nibus de Ribeir\u00e3o Preto ter\u00e3o novos hor\u00e1rios a partir deste s\u00e1bado (22). Uma quarta linha ter\u00e1 o itiner\u00e1rio ampliado na pr\u00f3xima segunda-feira (24). As mudan\u00e7as integram ajustes que busca ampliar viagens e melhorar a cobertura do transporte coletivo. (Foto: Fernando Gonzaga) Confira as linhas: Novos hor\u00e1rios aos\u2026","rel":"","context":"In &quot;Not\u00edcias de Ribeir\u00e3o Preto-SP e Regi\u00e3o&quot;","block_context":{"text":"Not\u00edcias de Ribeir\u00e3o Preto-SP e Regi\u00e3o","link":"https:\/\/noticiasribeiraopreto.com.br\/index.php\/category\/noticias-de-ribeirao-preto-sp-e-regiao-ismael-colosi\/"},"img":{"alt_text":"","src":"https:\/\/i0.wp.com\/noticiasribeiraopreto.com.br\/wp-content\/uploads\/2025\/11\/novos_onibus_foto_fernando_gonzaga__2025-11-19_20-10-03.webp.webp?fit=1200%2C800&ssl=1&resize=350%2C200","width":350,"height":200,"srcset":"https:\/\/i0.wp.com\/noticiasribeiraopreto.com.br\/wp-content\/uploads\/2025\/11\/novos_onibus_foto_fernando_gonzaga__2025-11-19_20-10-03.webp.webp?fit=1200%2C800&ssl=1&resize=350%2C200 1x, https:\/\/i0.wp.com\/noticiasribeiraopreto.com.br\/wp-content\/uploads\/2025\/11\/novos_onibus_foto_fernando_gonzaga__2025-11-19_20-10-03.webp.webp?fit=1200%2C800&ssl=1&resize=525%2C300 1.5x, https:\/\/i0.wp.com\/noticiasribeiraopreto.com.br\/wp-content\/uploads\/2025\/11\/novos_onibus_foto_fernando_gonzaga__2025-11-19_20-10-03.webp.webp?fit=1200%2C800&ssl=1&resize=700%2C400 2x, https:\/\/i0.wp.com\/noticiasribeiraopreto.com.br\/wp-content\/uploads\/2025\/11\/novos_onibus_foto_fernando_gonzaga__2025-11-19_20-10-03.webp.webp?fit=1200%2C800&ssl=1&resize=1050%2C600 3x"},"classes":[]},{"id":50837,"url":"https:\/\/noticiasribeiraopreto.com.br\/index.php\/2024\/05\/20\/linha-de-onibus-tem-horario-ampliado-em-ribeirao-preto-confira\/","url_meta":{"origin":78187,"position":5},"title":"Linha de \u00f4nibus tem hor\u00e1rio ampliado em Ribeir\u00e3o Preto; Confira","author":"noticiasribeiraopreto.com.br","date":"20 de May de 2024","format":false,"excerpt":"A linha de \u00f4nibus 13 \u2013 Jardim Ouro Branco teve os hor\u00e1rios ampliados a partir deste domingo (19). \u00a0 Segundo a RP Mobi, esta linha do transporte p\u00fablico passa a disponibilizar mais hor\u00e1rios aos domingos e feriados. A empresa diz que a amplia\u00e7\u00e3o do quadro de hor\u00e1rios tem como objetivo\u2026","rel":"","context":"In &quot;Not\u00edcias de Ribeir\u00e3o Preto-SP e Regi\u00e3o&quot;","block_context":{"text":"Not\u00edcias de Ribeir\u00e3o Preto-SP e Regi\u00e3o","link":"https:\/\/noticiasribeiraopreto.com.br\/index.php\/category\/noticias-de-ribeirao-preto-sp-e-regiao-ismael-colosi\/"},"img":{"alt_text":"","src":"https:\/\/i0.wp.com\/noticiasribeiraopreto.com.br\/wp-content\/uploads\/2024\/05\/novas_linhas_ribeirao_verde_33-1068x801-1.jpeg?fit=1068%2C801&ssl=1&resize=350%2C200","width":350,"height":200,"srcset":"https:\/\/i0.wp.com\/noticiasribeiraopreto.com.br\/wp-content\/uploads\/2024\/05\/novas_linhas_ribeirao_verde_33-1068x801-1.jpeg?fit=1068%2C801&ssl=1&resize=350%2C200 1x, https:\/\/i0.wp.com\/noticiasribeiraopreto.com.br\/wp-content\/uploads\/2024\/05\/novas_linhas_ribeirao_verde_33-1068x801-1.jpeg?fit=1068%2C801&ssl=1&resize=525%2C300 1.5x, https:\/\/i0.wp.com\/noticiasribeiraopreto.com.br\/wp-content\/uploads\/2024\/05\/novas_linhas_ribeirao_verde_33-1068x801-1.jpeg?fit=1068%2C801&ssl=1&resize=700%2C400 2x, https:\/\/i0.wp.com\/noticiasribeiraopreto.com.br\/wp-content\/uploads\/2024\/05\/novas_linhas_ribeirao_verde_33-1068x801-1.jpeg?fit=1068%2C801&ssl=1&resize=1050%2C600 3x"},"classes":[]}],"jetpack_sharing_enabled":true,"jetpack_shortlink":"https:\/\/wp.me\/peQAOb-kl5","_links":{"self":[{"href":"https:\/\/noticiasribeiraopreto.com.br\/index.php\/wp-json\/wp\/v2\/posts\/78187","targetHints":{"allow":["GET"]}}],"collection":[{"href":"https:\/\/noticiasribeiraopreto.com.br\/index.php\/wp-json\/wp\/v2\/posts"}],"about":[{"href":"https:\/\/noticiasribeiraopreto.com.br\/index.php\/wp-json\/wp\/v2\/types\/post"}],"author":[{"embeddable":true,"href":"https:\/\/noticiasribeiraopreto.com.br\/index.php\/wp-json\/wp\/v2\/users\/1"}],"replies":[{"embeddable":true,"href":"https:\/\/noticiasribeiraopreto.com.br\/index.php\/wp-json\/wp\/v2\/comments?post=78187"}],"version-history":[{"count":0,"href":"https:\/\/noticiasribeiraopreto.com.br\/index.php\/wp-json\/wp\/v2\/posts\/78187\/revisions"}],"wp:featuredmedia":[{"embeddable":true,"href":"https:\/\/noticiasribeiraopreto.com.br\/index.php\/wp-json\/wp\/v2\/media\/78188"}],"wp:attachment":[{"href":"https:\/\/noticiasribeiraopreto.com.br\/index.php\/wp-json\/wp\/v2\/media?parent=78187"}],"wp:term":[{"taxonomy":"category","embeddable":true,"href":"https:\/\/noticiasribeiraopreto.com.br\/index.php\/wp-json\/wp\/v2\/categories?post=78187"},{"taxonomy":"post_tag","embeddable":true,"href":"https:\/\/noticiasribeiraopreto.com.br\/index.php\/wp-json\/wp\/v2\/tags?post=78187"}],"curies":[{"name":"wp","href":"https:\/\/api.w.org\/{rel}","templated":true}]}}