{"id":78189,"date":"2025-10-03T20:35:42","date_gmt":"2025-10-03T23:35:42","guid":{"rendered":"https:\/\/noticiasribeiraopreto.com.br\/index.php\/2025\/10\/03\/bares-sao-autuados-em-ribeirao-preto-por-venda-de-bebidas-irregulares\/"},"modified":"2025-10-03T20:35:42","modified_gmt":"2025-10-03T23:35:42","slug":"bares-sao-autuados-em-ribeirao-preto-por-venda-de-bebidas-irregulares","status":"publish","type":"post","link":"https:\/\/noticiasribeiraopreto.com.br\/index.php\/2025\/10\/03\/bares-sao-autuados-em-ribeirao-preto-por-venda-de-bebidas-irregulares\/","title":{"rendered":"Bares s\u00e3o autuados em Ribeir\u00e3o Preto por venda de bebidas irregulares"},"content":{"rendered":"<div class='code-block code-block-1' style='margin: 8px 0 8px auto; text-align: right; display: block; clear: both;'>\n<p><a href=\"https:\/\/wa.link\/vpicfd\"><img data-recalc-dims=\"1\" class=\"wp-image-4922\" style=\"aspect-ratio: 2.0253164556962027; width: 561px; height: auto;\" src=\"https:\/\/i0.wp.com\/ismaelcolosi.com.br\/wp-content\/uploads\/2023\/11\/grupo-de-empregos-whatsapp-e-facebook-ismael-colosi-vagas.jpg?ssl=1\" alt=\"\" \/><\/a><\/p>\n<!-- \/wp:image -->\n<\/div>\n<p> <br \/>\n<\/p>\n<div>\n<p>A <strong>Prefeitura de Ribeir\u00e3o Preto<\/strong> informou, na tarde desta sexta-feira (3), que <strong>dez bares do munic\u00edpio foram autuados pela venda de bebidas sem registros<\/strong>. At\u00e9 o momento, 21 estabelecimentos foram inspecionados.<\/p>\n<p>De acordo com a <strong>fiscaliza\u00e7\u00e3o da Vigil\u00e2ncia Sanit\u00e1ria<\/strong>, durante as a\u00e7\u00f5es <mark style=\"background-color:#fcb900\" class=\"has-inline-color\">foram interditados <strong>197 litros de cacha\u00e7a<\/strong>, <strong>8 garrafas de vodca<\/strong>, <strong>12 de licor<\/strong> e <strong>6.932 copinhos de cacha\u00e7a (50 ml)<\/strong>.<\/mark><\/p>\n<p>A interdi\u00e7\u00e3o ocorreu devido \u00e0 grande quantidade apreendida, que n\u00e3o podia ser armazenada ou destinada de forma segura. As inspe\u00e7\u00f5es foram realizadas em <strong>bares<\/strong>, <strong>adegas <\/strong>e <strong>pontos de venda de bebidas<\/strong> em toda a cidade.<\/p>\n<p>Al\u00e9m disso, foram apreendidos <strong>34 garrafas de tequila<\/strong>, <strong>5 garrafas de licor<\/strong>, <strong>12 litros de cacha\u00e7a<\/strong>, <strong>uma garrafa de vodca<\/strong> e uma <strong>garrafa de conhaque<\/strong>. <mark style=\"background-color:#fcb900\" class=\"has-inline-color\">Nenhum endere\u00e7o dos locais fiscalizados foram divulgados pela Prefeitura.<\/mark><\/p>\n<figure class=\"wp-block-image aligncenter size-full is-resized\"><img data-recalc-dims=\"1\" fetchpriority=\"high\" decoding=\"async\" width=\"1024\" height=\"683\" src=\"https:\/\/i0.wp.com\/cdn.media-acidadeon.com.br\/ribeiraopreto\/wp-content\/uploads\/sites\/3\/2025\/09\/Fiscalizacao-bares-metanol-1024x683-1_2025-09-30_23-36-18.webp?resize=1024%2C683&#038;ssl=1\" alt=\"Fiscaliza\u00e7\u00f5es resultaram em interdi\u00e7\u00e3o e apreens\u00e3o de bebidas - Foto ilustrativa: Paulo Guereta\/ Governo do Estado SP.&#10;\" class=\"wp-image-130841\" style=\"width:654px\" title=\"Bares s\u00e3o autuados em Ribeir\u00e3o Preto por venda de bebidas irregulares 1\" srcset=\"https:\/\/cdn.media-acidadeon.com.br\/ribeiraopreto\/wp-content\/uploads\/sites\/3\/2025\/09\/Fiscalizacao-bares-metanol-1024x683-1_2025-09-30_23-36-18.webp 1024w, https:\/\/cdn.media-acidadeon.com.br\/ribeiraopreto\/wp-content\/uploads\/sites\/3\/2025\/09\/Fiscalizacao-bares-metanol-1024x683-1_2025-09-30_23-36-18-300x200.webp 300w, https:\/\/cdn.media-acidadeon.com.br\/ribeiraopreto\/wp-content\/uploads\/sites\/3\/2025\/09\/Fiscalizacao-bares-metanol-1024x683-1_2025-09-30_23-36-18-768x512.webp 768w, https:\/\/cdn.media-acidadeon.com.br\/ribeiraopreto\/wp-content\/uploads\/sites\/3\/2025\/09\/Fiscalizacao-bares-metanol-1024x683-1_2025-09-30_23-36-18-696x464.webp 696w\" sizes=\"(max-width: 1024px) 100vw, 1024px\"\/><figcaption class=\"wp-element-caption\">Fiscaliza\u00e7\u00f5es resultaram em interdi\u00e7\u00e3o e apreens\u00e3o de bebidas \u2013 Foto ilustrativa: Paulo Guereta\/ Governo do Estado SP.<br \/>\n<\/figcaption><\/figure>\n<h2 class=\"wp-block-heading\"><strong>Casos suspeitos<\/strong><\/h2>\n<p>O <strong>Hospital das Cl\u00ednicas de Ribeir\u00e3o Preto<\/strong> informou na tarde desta sexta-feira (3) que o paciente de <strong>Barrinha<\/strong>, que havia sido internado por suspeita de intoxica\u00e7\u00e3o por metanol, teve o diagn\u00f3stico <strong>descartado <\/strong>e j\u00e1 recebeu alta.<\/p>\n<p>Contudo, o hospital informou que ainda investiga a situa\u00e7\u00e3o de um segundo paciente sob suspeita de consumo de bebida adulterada. <strong>O paciente \u00e9 morador de Ribeir\u00e3o Preto e tem 50 anos e segue sob avalia\u00e7\u00e3o neste momento.<\/strong><\/p>\n<h3 class=\"wp-block-heading\"><strong>Sintomas de intoxica\u00e7\u00e3o<\/strong><\/h3>\n<p>Entre os sintomas que podem indicar intoxica\u00e7\u00e3o est\u00e3o <strong>n\u00e1useas<\/strong>, <strong>dor abdominal<\/strong>,<strong> altera\u00e7\u00f5es visuais<\/strong> e <strong>confus\u00e3o mental<\/strong>. Nessas situa\u00e7\u00f5es, \u00e9 fundamental procurar atendimento m\u00e9dico imediato.<\/p>\n<p>Em nota, a <strong>Secretaria de Sa\u00fade de Ribeir\u00e3o Preto<\/strong> informou que vem intensificando as a\u00e7\u00f5es de fiscaliza\u00e7\u00e3o e refor\u00e7a a orienta\u00e7\u00e3o para que a popula\u00e7\u00e3o evite o consumo de bebidas alco\u00f3licas de origem duvidosa, verificando sempre lacres, r\u00f3tulos, selo fiscal e dados do fabricante.<\/p>\n<div class=\"wp-block-image\">\n<figure class=\"aligncenter size-large is-resized\"><img data-recalc-dims=\"1\" loading=\"lazy\" decoding=\"async\" width=\"1024\" height=\"576\" src=\"https:\/\/i0.wp.com\/cdn.media-acidadeon.com.br\/ribeiraopreto\/wp-content\/uploads\/sites\/3\/2024\/05\/Copia-de-Copia-de-TAMANHO-EXATO-PARA-FOTOS-NO-SISTEMA-NOVO-3_2024-05-29_14-32-31_png_2024-05-29_14-32-31-1024x576.webp?resize=1024%2C576&#038;ssl=1\" alt=\"Unidade de Emerg\u00eancia do Hospital das Cl\u00ednicas atende pacientes de Ribeir\u00e3o Preto e regi\u00e3o - Foto: Divulga\u00e7\u00e3o.\" class=\"wp-image-82911\" style=\"width:654px\" title=\"Bares s\u00e3o autuados em Ribeir\u00e3o Preto por venda de bebidas irregulares 2\" srcset=\"https:\/\/cdn.media-acidadeon.com.br\/ribeiraopreto\/wp-content\/uploads\/sites\/3\/2024\/05\/Copia-de-Copia-de-TAMANHO-EXATO-PARA-FOTOS-NO-SISTEMA-NOVO-3_2024-05-29_14-32-31_png_2024-05-29_14-32-31-1024x576.webp 1024w, https:\/\/cdn.media-acidadeon.com.br\/ribeiraopreto\/wp-content\/uploads\/sites\/3\/2024\/05\/Copia-de-Copia-de-TAMANHO-EXATO-PARA-FOTOS-NO-SISTEMA-NOVO-3_2024-05-29_14-32-31_png_2024-05-29_14-32-31-300x169.webp 300w, https:\/\/cdn.media-acidadeon.com.br\/ribeiraopreto\/wp-content\/uploads\/sites\/3\/2024\/05\/Copia-de-Copia-de-TAMANHO-EXATO-PARA-FOTOS-NO-SISTEMA-NOVO-3_2024-05-29_14-32-31_png_2024-05-29_14-32-31-768x432.webp 768w, https:\/\/cdn.media-acidadeon.com.br\/ribeiraopreto\/wp-content\/uploads\/sites\/3\/2024\/05\/Copia-de-Copia-de-TAMANHO-EXATO-PARA-FOTOS-NO-SISTEMA-NOVO-3_2024-05-29_14-32-31_png_2024-05-29_14-32-31-696x392.webp 696w, https:\/\/cdn.media-acidadeon.com.br\/ribeiraopreto\/wp-content\/uploads\/sites\/3\/2024\/05\/Copia-de-Copia-de-TAMANHO-EXATO-PARA-FOTOS-NO-SISTEMA-NOVO-3_2024-05-29_14-32-31_png_2024-05-29_14-32-31-1068x601.webp 1068w, https:\/\/cdn.media-acidadeon.com.br\/ribeiraopreto\/wp-content\/uploads\/sites\/3\/2024\/05\/Copia-de-Copia-de-TAMANHO-EXATO-PARA-FOTOS-NO-SISTEMA-NOVO-3_2024-05-29_14-32-31_png_2024-05-29_14-32-31.webp 1200w\" sizes=\"auto, (max-width: 1024px) 100vw, 1024px\"\/><figcaption class=\"wp-element-caption\">Paciente est\u00e1 na Unidade de Emerg\u00eancia do Hospital das Cl\u00ednicas atende pacientes de Ribeir\u00e3o Preto e regi\u00e3o \u2013 Foto: Divulga\u00e7\u00e3o.<\/figcaption><\/figure>\n<\/div>\n<hr class=\"wp-block-separator has-alpha-channel-opacity\"\/>\n<p>SAIBA MAIS<\/p>\n<p>Hospital Santa Lydia divulga edital de processo seletivo com sal\u00e1rios de at\u00e9 R$ 8,7 mil; Veja vagas<\/p>\n<h2 class=\"wp-block-heading\"><strong>FIQUE ON<\/strong><\/h2>\n<p>Fique ligado em tudo que acontece em Ribeir\u00e3o Preto e regi\u00e3o. Siga os perfis do\u00a0<strong>acidade on<\/strong>\u00a0no<a href=\"https:\/\/www.instagram.com\/acidadeonribeirao\" target=\"_blank\" rel=\"noreferrer noopener\">\u00a0Instagram<\/a>\u00a0e no<a href=\"https:\/\/www.facebook.com\/acidadeonribeirao\/\" target=\"_blank\" rel=\"noreferrer noopener\">\u00a0Facebook<\/a>.<\/p>\n<p>Receba not\u00edcias do<strong>\u00a0acidade on<\/strong>\u00a0no WhatsApp. Para entrar no grupo,\u00a0basta\u00a0<a href=\"https:\/\/chat.whatsapp.com\/I4nieTEMKlf50pJ28aMemC?mode=ac_t\" target=\"_blank\" rel=\"noreferrer noopener\">clicar aqui<\/a>. Ou, acesse o nosso<a href=\"https:\/\/whatsapp.com\/channel\/0029Vb6IQl1JENyAeS57fk2p\" target=\"_blank\" rel=\"noreferrer noopener\">\u00a0Canal clicando aqui<\/a>.<\/p>\n<p>Fa\u00e7a uma den\u00fancia ou sugira uma reportagem sobre Ribeir\u00e3o Preto e regi\u00e3o pelo WhatsApp: 16 99117 7802.<\/p>\n<p>VEJA TAMB\u00c9M<\/p>\n<p>Crian\u00e7as de quais idades entram de gra\u00e7a no Hopi Hari no dia 12 de outubro?<\/p>\n<p><!-- AI CONTENT END 1 -->\n<\/div>\n<p><script async src=\"\/\/www.instagram.com\/embed.js\"><\/script><br \/>\n<br \/><br \/>\n<br \/><a href=\"https:\/\/www.acidadeon.com\/ribeiraopreto\/cotidiano\/bares-sao-autuados-em-ribeirao-preto-por-venda-de-bebidas-irregulares\/\">Source link <\/a><\/p>\n<!-- CONTENT END 1 -->\n","protected":false},"excerpt":{"rendered":"<p>A Prefeitura de Ribeir\u00e3o Preto informou, na tarde desta sexta-feira (3), que dez bares do munic\u00edpio foram autuados pela venda de bebidas sem registros. At\u00e9&#8230;<\/p>\n","protected":false},"author":1,"featured_media":78190,"comment_status":"open","ping_status":"open","sticky":false,"template":"","format":"standard","meta":{"advanced_seo_description":"","jetpack_seo_html_title":"","jetpack_seo_noindex":false,"jetpack_post_was_ever_published":false,"_jetpack_newsletter_access":"","_jetpack_dont_email_post_to_subs":false,"_jetpack_newsletter_tier_id":0,"_jetpack_memberships_contains_paywalled_content":false,"_jetpack_memberships_contains_paid_content":false,"footnotes":"","jetpack_publicize_message":"","jetpack_publicize_feature_enabled":true,"jetpack_social_post_already_shared":true,"jetpack_social_options":{"image_generator_settings":{"template":"highway","default_image_id":0,"font":"","enabled":false},"version":2}},"categories":[11],"tags":[],"class_list":["post-78189","post","type-post","status-publish","format-standard","has-post-thumbnail","hentry","category-noticias-de-ribeirao-preto-sp-e-regiao-ismael-colosi"],"jetpack_publicize_connections":[],"jetpack_featured_media_url":"https:\/\/i0.wp.com\/noticiasribeiraopreto.com.br\/wp-content\/uploads\/2025\/10\/close-up-de-tequila-em-copos-no-balcao-de-bar_2025-10-03_21-26-03.webp.webp?fit=1200%2C800&ssl=1","jetpack-related-posts":[{"id":78248,"url":"https:\/\/noticiasribeiraopreto.com.br\/index.php\/2025\/10\/07\/prefeitura-intensifica-fiscalizacao-contra-a-venda-de-bebidas-irregulares-em-ribeirao\/","url_meta":{"origin":78189,"position":0},"title":"Prefeitura intensifica fiscaliza\u00e7\u00e3o contra a venda de bebidas irregulares em Ribeir\u00e3o","author":"noticiasribeiraopreto.com.br","date":"7 de October de 2025","format":false,"excerpt":"6 de outubro de 2025 13:0276 Compartilhar0 A Prefeitura de Ribeir\u00e3o Preto, por meio da Secretaria Municipal da Sa\u00fade, ampliou as a\u00e7\u00f5es de fiscaliza\u00e7\u00e3o da Vigil\u00e2ncia Sanit\u00e1ria em bares, adegas e distribuidoras do munic\u00edpio, diante da gravidade dos casos de intoxica\u00e7\u00e3o por metanol registrados no Estado de S\u00e3o Paulo. At\u00e9\u2026","rel":"","context":"In &quot;Not\u00edcias de Ribeir\u00e3o Preto-SP e Regi\u00e3o&quot;","block_context":{"text":"Not\u00edcias de Ribeir\u00e3o Preto-SP e Regi\u00e3o","link":"https:\/\/noticiasribeiraopreto.com.br\/index.php\/category\/noticias-de-ribeirao-preto-sp-e-regiao-ismael-colosi\/"},"img":{"alt_text":"","src":"https:\/\/i0.wp.com\/noticiasribeiraopreto.com.br\/wp-content\/uploads\/2025\/10\/00-21-ago-2023-golpe-parada-gay-02-foto-max-gallao-mesquita-scaled-1.jpg?fit=1000%2C642&ssl=1&resize=350%2C200","width":350,"height":200,"srcset":"https:\/\/i0.wp.com\/noticiasribeiraopreto.com.br\/wp-content\/uploads\/2025\/10\/00-21-ago-2023-golpe-parada-gay-02-foto-max-gallao-mesquita-scaled-1.jpg?fit=1000%2C642&ssl=1&resize=350%2C200 1x, https:\/\/i0.wp.com\/noticiasribeiraopreto.com.br\/wp-content\/uploads\/2025\/10\/00-21-ago-2023-golpe-parada-gay-02-foto-max-gallao-mesquita-scaled-1.jpg?fit=1000%2C642&ssl=1&resize=525%2C300 1.5x, https:\/\/i0.wp.com\/noticiasribeiraopreto.com.br\/wp-content\/uploads\/2025\/10\/00-21-ago-2023-golpe-parada-gay-02-foto-max-gallao-mesquita-scaled-1.jpg?fit=1000%2C642&ssl=1&resize=700%2C400 2x"},"classes":[]},{"id":78208,"url":"https:\/\/noticiasribeiraopreto.com.br\/index.php\/2025\/10\/04\/dono-de-distribuidora-e-preso-por-vender-bebidas-falsificadas-na-regiao-de-ribeirao\/","url_meta":{"origin":78189,"position":1},"title":"Dono de distribuidora \u00e9 preso por vender bebidas falsificadas na regi\u00e3o de Ribeir\u00e3o","author":"noticiasribeiraopreto.com.br","date":"4 de October de 2025","format":false,"excerpt":"O propriet\u00e1rio de uma distribuidora de bebidas em S\u00e3o Joaquim da Barra, cidade na regi\u00e3o de Ribeir\u00e3o Preto, foi preso nesta sexta-feira (3) pela suspeita de comercializar bebidas falsificadas. Durante a opera\u00e7\u00e3o da Pol\u00edcia Civil, por meio da DISE (da Delegacia de Investiga\u00e7\u00f5es sobre Entorpecentes), o dono do estabelecimento que\u2026","rel":"","context":"In &quot;Not\u00edcias de Ribeir\u00e3o Preto-SP e Regi\u00e3o&quot;","block_context":{"text":"Not\u00edcias de Ribeir\u00e3o Preto-SP e Regi\u00e3o","link":"https:\/\/noticiasribeiraopreto.com.br\/index.php\/category\/noticias-de-ribeirao-preto-sp-e-regiao-ismael-colosi\/"},"img":{"alt_text":"","src":"https:\/\/i0.wp.com\/noticiasribeiraopreto.com.br\/wp-content\/uploads\/2025\/10\/Copia-de-Copia-de-Copia-de-TAMANHO-EXATO-PARA-FOTOS-NO-SISTEMA-NOVO-2025-10-04T125229.642_2025-10-04_15-52-35.webp.webp?fit=1200%2C675&ssl=1&resize=350%2C200","width":350,"height":200,"srcset":"https:\/\/i0.wp.com\/noticiasribeiraopreto.com.br\/wp-content\/uploads\/2025\/10\/Copia-de-Copia-de-Copia-de-TAMANHO-EXATO-PARA-FOTOS-NO-SISTEMA-NOVO-2025-10-04T125229.642_2025-10-04_15-52-35.webp.webp?fit=1200%2C675&ssl=1&resize=350%2C200 1x, https:\/\/i0.wp.com\/noticiasribeiraopreto.com.br\/wp-content\/uploads\/2025\/10\/Copia-de-Copia-de-Copia-de-TAMANHO-EXATO-PARA-FOTOS-NO-SISTEMA-NOVO-2025-10-04T125229.642_2025-10-04_15-52-35.webp.webp?fit=1200%2C675&ssl=1&resize=525%2C300 1.5x, https:\/\/i0.wp.com\/noticiasribeiraopreto.com.br\/wp-content\/uploads\/2025\/10\/Copia-de-Copia-de-Copia-de-TAMANHO-EXATO-PARA-FOTOS-NO-SISTEMA-NOVO-2025-10-04T125229.642_2025-10-04_15-52-35.webp.webp?fit=1200%2C675&ssl=1&resize=700%2C400 2x, https:\/\/i0.wp.com\/noticiasribeiraopreto.com.br\/wp-content\/uploads\/2025\/10\/Copia-de-Copia-de-Copia-de-TAMANHO-EXATO-PARA-FOTOS-NO-SISTEMA-NOVO-2025-10-04T125229.642_2025-10-04_15-52-35.webp.webp?fit=1200%2C675&ssl=1&resize=1050%2C600 3x"},"classes":[]},{"id":79720,"url":"https:\/\/noticiasribeiraopreto.com.br\/index.php\/2025\/11\/06\/proprietario-de-bar-e-preso-na-regiao-durante-operacao-parece-mas-nao-e\/","url_meta":{"origin":78189,"position":2},"title":"Propriet\u00e1rio de bar \u00e9 preso na regi\u00e3o durante opera\u00e7\u00e3o &#8220;Parece, mas n\u00e3o \u00e9&#8221;","author":"noticiasribeiraopreto.com.br","date":"6 de November de 2025","format":false,"excerpt":"6 de novembro de 2025 14:222 Compartilhar0 A pris\u00e3o aconteceu no estabelecimento, que fica em Sert\u00e3ozinho, onde tamb\u00e9m foram apreendidas bebidas alco\u00f3licas, que eram colocadas \u00e0 venda, que estavam com colora\u00e7\u00e3o e cheiro diferente de diversas marcas O propriet\u00e1rio de um bar foi preso em flagrante na manh\u00e3 desta quinta-feira\u2026","rel":"","context":"In &quot;Not\u00edcias de Ribeir\u00e3o Preto-SP e Regi\u00e3o&quot;","block_context":{"text":"Not\u00edcias de Ribeir\u00e3o Preto-SP e Regi\u00e3o","link":"https:\/\/noticiasribeiraopreto.com.br\/index.php\/category\/noticias-de-ribeirao-preto-sp-e-regiao-ismael-colosi\/"},"img":{"alt_text":"","src":"https:\/\/i0.wp.com\/noticiasribeiraopreto.com.br\/wp-content\/uploads\/2025\/11\/bebidas_.jpg?fit=800%2C500&ssl=1&resize=350%2C200","width":350,"height":200,"srcset":"https:\/\/i0.wp.com\/noticiasribeiraopreto.com.br\/wp-content\/uploads\/2025\/11\/bebidas_.jpg?fit=800%2C500&ssl=1&resize=350%2C200 1x, https:\/\/i0.wp.com\/noticiasribeiraopreto.com.br\/wp-content\/uploads\/2025\/11\/bebidas_.jpg?fit=800%2C500&ssl=1&resize=525%2C300 1.5x, https:\/\/i0.wp.com\/noticiasribeiraopreto.com.br\/wp-content\/uploads\/2025\/11\/bebidas_.jpg?fit=800%2C500&ssl=1&resize=700%2C400 2x"},"classes":[]},{"id":78157,"url":"https:\/\/noticiasribeiraopreto.com.br\/index.php\/2025\/10\/03\/homem-e-preso-suspeito-de-vender-bebidas-falsificadas\/","url_meta":{"origin":78189,"position":3},"title":"Homem \u00e9 preso suspeito de vender bebidas falsificadas","author":"noticiasribeiraopreto.com.br","date":"3 de October de 2025","format":false,"excerpt":"No local, que fica na regi\u00e3o, tamb\u00e9m foram encontrados cigarros contrabandeados do Paraguai 3 de outubro de 2025 11:070 Compartilhar0 Por: Adalberto Luque Um homem foi preso na tarde desta quinta-feira (2) por comercializar bebidas alco\u00f3licas com ind\u00edcios de falsifica\u00e7\u00e3o, durante uma opera\u00e7\u00e3o conjunta entre policiais civis e militares, al\u00e9m\u2026","rel":"","context":"In &quot;Not\u00edcias de Ribeir\u00e3o Preto-SP e Regi\u00e3o&quot;","block_context":{"text":"Not\u00edcias de Ribeir\u00e3o Preto-SP e Regi\u00e3o","link":"https:\/\/noticiasribeiraopreto.com.br\/index.php\/category\/noticias-de-ribeirao-preto-sp-e-regiao-ismael-colosi\/"},"img":{"alt_text":"","src":"https:\/\/i0.wp.com\/noticiasribeiraopreto.com.br\/wp-content\/uploads\/2025\/10\/03-out-2025-bebidasjaboticabal1.jpg?fit=811%2C461&ssl=1&resize=350%2C200","width":350,"height":200,"srcset":"https:\/\/i0.wp.com\/noticiasribeiraopreto.com.br\/wp-content\/uploads\/2025\/10\/03-out-2025-bebidasjaboticabal1.jpg?fit=811%2C461&ssl=1&resize=350%2C200 1x, https:\/\/i0.wp.com\/noticiasribeiraopreto.com.br\/wp-content\/uploads\/2025\/10\/03-out-2025-bebidasjaboticabal1.jpg?fit=811%2C461&ssl=1&resize=525%2C300 1.5x, https:\/\/i0.wp.com\/noticiasribeiraopreto.com.br\/wp-content\/uploads\/2025\/10\/03-out-2025-bebidasjaboticabal1.jpg?fit=811%2C461&ssl=1&resize=700%2C400 2x"},"classes":[]},{"id":83235,"url":"https:\/\/noticiasribeiraopreto.com.br\/index.php\/2026\/03\/13\/ministerio-da-agricultura-apreende-728-milhoes-de-litros-de-cachaca-sem-registro-na-regiao\/","url_meta":{"origin":78189,"position":4},"title":"Minist\u00e9rio da Agricultura apreende 7,28 milh\u00f5es de litros de cacha\u00e7a sem registro\u00a0na regi\u00e3o","author":"noticiasribeiraopreto.com.br","date":"13 de March de 2026","format":false,"excerpt":"O Minist\u00e9rio da Agricultura e Pecu\u00e1ria (Mapa) apreendeu 7,28 milh\u00f5es de litros de aguardente de cana e cacha\u00e7a sem registro em uma empresa na regi\u00e3o de Ribeir\u00e3o Preto. A a\u00e7\u00e3o ocorreu no \u00faltimo dia 5 de mar\u00e7o, mas somente foi divulgada nesta quinta-feira (12). O local exato do estabelecimento, contudo,\u2026","rel":"","context":"In &quot;Not\u00edcias de Ribeir\u00e3o Preto-SP e Regi\u00e3o&quot;","block_context":{"text":"Not\u00edcias de Ribeir\u00e3o Preto-SP e Regi\u00e3o","link":"https:\/\/noticiasribeiraopreto.com.br\/index.php\/category\/noticias-de-ribeirao-preto-sp-e-regiao-ismael-colosi\/"},"img":{"alt_text":"","src":"https:\/\/i0.wp.com\/noticiasribeiraopreto.com.br\/wp-content\/uploads\/2026\/03\/3d752bcf-5075-4197-8815-19c268590c13_2026-03-13_09-23-30.webp.webp?fit=768%2C431&ssl=1&resize=350%2C200","width":350,"height":200,"srcset":"https:\/\/i0.wp.com\/noticiasribeiraopreto.com.br\/wp-content\/uploads\/2026\/03\/3d752bcf-5075-4197-8815-19c268590c13_2026-03-13_09-23-30.webp.webp?fit=768%2C431&ssl=1&resize=350%2C200 1x, https:\/\/i0.wp.com\/noticiasribeiraopreto.com.br\/wp-content\/uploads\/2026\/03\/3d752bcf-5075-4197-8815-19c268590c13_2026-03-13_09-23-30.webp.webp?fit=768%2C431&ssl=1&resize=525%2C300 1.5x, https:\/\/i0.wp.com\/noticiasribeiraopreto.com.br\/wp-content\/uploads\/2026\/03\/3d752bcf-5075-4197-8815-19c268590c13_2026-03-13_09-23-30.webp.webp?fit=768%2C431&ssl=1&resize=700%2C400 2x"},"classes":[]},{"id":78502,"url":"https:\/\/noticiasribeiraopreto.com.br\/index.php\/2025\/10\/12\/o-ultimo-gole-tribuna-ribeirao\/","url_meta":{"origin":78189,"position":5},"title":"O \u00faltimo gole?\u00a0 &#8211; Tribuna Ribeir\u00e3o","author":"noticiasribeiraopreto.com.br","date":"12 de October de 2025","format":false,"excerpt":"Por: Adalberto Luque\u00a0 De acordo com a Ag\u00eancia Brasil, o Pa\u00eds tem 209 casos em investiga\u00e7\u00e3o de intoxica\u00e7\u00e3o por metanol misturado em bebidas alco\u00f3licas. Os dados s\u00e3o do Minist\u00e9rio da Sa\u00fade, divulgados no domingo (5). A maioria dos casos notificados \u00e9 do Estado de S\u00e3o Paulo: 14 confirmados e 178\u2026","rel":"","context":"In &quot;Not\u00edcias de Ribeir\u00e3o Preto-SP e Regi\u00e3o&quot;","block_context":{"text":"Not\u00edcias de Ribeir\u00e3o Preto-SP e Regi\u00e3o","link":"https:\/\/noticiasribeiraopreto.com.br\/index.php\/category\/noticias-de-ribeirao-preto-sp-e-regiao-ismael-colosi\/"},"img":{"alt_text":"","src":"https:\/\/i0.wp.com\/noticiasribeiraopreto.com.br\/wp-content\/uploads\/2025\/10\/FOTO-01-Apreensao-Bebidas-RP-Foto-Max-Gallao-Mesquita.jpg?fit=1000%2C642&ssl=1&resize=350%2C200","width":350,"height":200,"srcset":"https:\/\/i0.wp.com\/noticiasribeiraopreto.com.br\/wp-content\/uploads\/2025\/10\/FOTO-01-Apreensao-Bebidas-RP-Foto-Max-Gallao-Mesquita.jpg?fit=1000%2C642&ssl=1&resize=350%2C200 1x, https:\/\/i0.wp.com\/noticiasribeiraopreto.com.br\/wp-content\/uploads\/2025\/10\/FOTO-01-Apreensao-Bebidas-RP-Foto-Max-Gallao-Mesquita.jpg?fit=1000%2C642&ssl=1&resize=525%2C300 1.5x, https:\/\/i0.wp.com\/noticiasribeiraopreto.com.br\/wp-content\/uploads\/2025\/10\/FOTO-01-Apreensao-Bebidas-RP-Foto-Max-Gallao-Mesquita.jpg?fit=1000%2C642&ssl=1&resize=700%2C400 2x"},"classes":[]}],"jetpack_sharing_enabled":true,"jetpack_shortlink":"https:\/\/wp.me\/peQAOb-kl7","_links":{"self":[{"href":"https:\/\/noticiasribeiraopreto.com.br\/index.php\/wp-json\/wp\/v2\/posts\/78189","targetHints":{"allow":["GET"]}}],"collection":[{"href":"https:\/\/noticiasribeiraopreto.com.br\/index.php\/wp-json\/wp\/v2\/posts"}],"about":[{"href":"https:\/\/noticiasribeiraopreto.com.br\/index.php\/wp-json\/wp\/v2\/types\/post"}],"author":[{"embeddable":true,"href":"https:\/\/noticiasribeiraopreto.com.br\/index.php\/wp-json\/wp\/v2\/users\/1"}],"replies":[{"embeddable":true,"href":"https:\/\/noticiasribeiraopreto.com.br\/index.php\/wp-json\/wp\/v2\/comments?post=78189"}],"version-history":[{"count":0,"href":"https:\/\/noticiasribeiraopreto.com.br\/index.php\/wp-json\/wp\/v2\/posts\/78189\/revisions"}],"wp:featuredmedia":[{"embeddable":true,"href":"https:\/\/noticiasribeiraopreto.com.br\/index.php\/wp-json\/wp\/v2\/media\/78190"}],"wp:attachment":[{"href":"https:\/\/noticiasribeiraopreto.com.br\/index.php\/wp-json\/wp\/v2\/media?parent=78189"}],"wp:term":[{"taxonomy":"category","embeddable":true,"href":"https:\/\/noticiasribeiraopreto.com.br\/index.php\/wp-json\/wp\/v2\/categories?post=78189"},{"taxonomy":"post_tag","embeddable":true,"href":"https:\/\/noticiasribeiraopreto.com.br\/index.php\/wp-json\/wp\/v2\/tags?post=78189"}],"curies":[{"name":"wp","href":"https:\/\/api.w.org\/{rel}","templated":true}]}}