{"id":78192,"date":"2025-10-03T23:40:17","date_gmt":"2025-10-04T02:40:17","guid":{"rendered":"https:\/\/noticiasribeiraopreto.com.br\/index.php\/2025\/10\/03\/botafogo-sofre-derrota-por-2-a-0-diante-do-coritiba-na-serie-b\/"},"modified":"2025-10-03T23:40:17","modified_gmt":"2025-10-04T02:40:17","slug":"botafogo-sofre-derrota-por-2-a-0-diante-do-coritiba-na-serie-b","status":"publish","type":"post","link":"https:\/\/noticiasribeiraopreto.com.br\/index.php\/2025\/10\/03\/botafogo-sofre-derrota-por-2-a-0-diante-do-coritiba-na-serie-b\/","title":{"rendered":"Botafogo sofre derrota por 2 a 0 diante do Coritiba na S\u00e9rie B"},"content":{"rendered":"<div class='code-block code-block-1' style='margin: 8px 0 8px auto; text-align: right; display: block; clear: both;'>\n<p><a href=\"https:\/\/wa.link\/vpicfd\"><img data-recalc-dims=\"1\" class=\"wp-image-4922\" style=\"aspect-ratio: 2.0253164556962027; width: 561px; height: auto;\" src=\"https:\/\/i0.wp.com\/ismaelcolosi.com.br\/wp-content\/uploads\/2023\/11\/grupo-de-empregos-whatsapp-e-facebook-ismael-colosi-vagas.jpg?ssl=1\" alt=\"\" \/><\/a><\/p>\n<!-- \/wp:image -->\n<\/div>\n<p> <br \/>\n<\/p>\n<div data-td-block-uid=\"tdi_95\">\n<div class=\"tdb-block-inner td-fix-index\">\n<p>O <strong>Botafogo<\/strong> foi derrotado pelo <strong>Coritiba<\/strong> por 2 a 0 na noite desta sexta-feira (3), no est\u00e1dio Major Ant\u00f4nio Couto Pereira, em Curitiba, em partida v\u00e1lida pela 30\u00aa rodada da <strong>S\u00e9rie B do Campeonato Brasileiro<\/strong>.<\/p>\n<p>O time da casa abriu o placar aos 14 minutos do primeiro tempo com gol do<strong> atacante Gustavo Coutinho.<\/strong> O segundo gol do Coxa foi marcado aos 37 minutos pelo<strong> atacante Iury Castilho.<\/strong><\/p>\n<p>Com o resultado, o Tricolor tem 29 pontos, ocupa a <strong>18\u00aa coloca\u00e7\u00e3o no ranking<\/strong> e est\u00e1 na zona de rebaixamento. J\u00e1 o Coritiba \u00e9 l\u00edder da competi\u00e7\u00e3o com 53 pontos.<\/p>\n<h2 class=\"wp-block-heading\"><strong>Pr\u00f3ximos jogos<\/strong><\/h2>\n<p>O Botafogo volta a campo na pr\u00f3xima ter\u00e7a-feira (7), para enfrentar o Paysandu, \u00e0s 21h35, em Ribeir\u00e3o Preto. J\u00e1 o Coritiba recebe o Atl\u00e9tico-GO na quinta-feira (9), \u00e0s 19h30.<\/p>\n<hr class=\"wp-block-separator has-alpha-channel-opacity\"\/>\n<p>SAIBA MAIS<\/p>\n<p>ChatGPT aponta suposta conex\u00e3o de Messi com Ribeir\u00e3o; Entenda<\/p>\n<h2 class=\"wp-block-heading\"><strong>FIQUE ON<\/strong><\/h2>\n<p>Fique ligado em tudo que acontece em Ribeir\u00e3o Preto e regi\u00e3o. Siga os perfis do\u00a0<strong>acidade on<\/strong>\u00a0no<a href=\"https:\/\/www.instagram.com\/acidadeonribeirao\" target=\"_blank\" rel=\"noreferrer noopener\">\u00a0Instagram\u00a0<\/a>e no\u00a0<a href=\"https:\/\/www.facebook.com\/acidadeonribeirao\/\" target=\"_blank\" rel=\"noreferrer noopener\">Facebook<\/a>.<\/p>\n<p>Receba not\u00edcias do<strong>\u00a0acidade on<\/strong>\u00a0no WhatsApp. Para entrar no grupo,\u00a0basta\u00a0<a href=\"https:\/\/chat.whatsapp.com\/I4nieTEMKlf50pJ28aMemC?mode=ac_t\" target=\"_blank\" rel=\"noreferrer noopener\">clicar aqui<\/a>. Ou, acesse o nosso\u00a0Canal\u00a0<a href=\"https:\/\/whatsapp.com\/channel\/0029Vb6IQl1JENyAeS57fk2p\" target=\"_blank\" rel=\"noreferrer noopener\">clicando aqui<\/a>.<\/p>\n<p>Fa\u00e7a uma den\u00fancia ou sugira uma reportagem sobre Ribeir\u00e3o Preto e regi\u00e3o pelo WhatsApp: 16 99117 7802.<\/p>\n<p>VEJA TAMB\u00c9M<\/p>\n<p>Razer expande a tecnologia para teclados Blackwidow<\/p>\n<p><!-- AI CONTENT END 1 -->\n<\/div>\n<\/div>\n<p><script async src=\"\/\/www.instagram.com\/embed.js\"><\/script><br \/>\n<br \/><br \/>\n<br \/><a href=\"https:\/\/www.acidadeon.com\/ribeiraopreto\/esportes\/botafogo-sofre-derrota-por-2-a-0-diante-do-coritiba-na-serie-b\/\">Source link <\/a><\/p>\n<!-- CONTENT END 1 -->\n","protected":false},"excerpt":{"rendered":"<p>O Botafogo foi derrotado pelo Coritiba por 2 a 0 na noite desta sexta-feira (3), no est\u00e1dio Major Ant\u00f4nio Couto Pereira, em Curitiba, em partida&#8230;<\/p>\n","protected":false},"author":1,"featured_media":78193,"comment_status":"open","ping_status":"open","sticky":false,"template":"","format":"standard","meta":{"advanced_seo_description":"","jetpack_seo_html_title":"","jetpack_seo_noindex":false,"jetpack_post_was_ever_published":false,"_jetpack_newsletter_access":"","_jetpack_dont_email_post_to_subs":false,"_jetpack_newsletter_tier_id":0,"_jetpack_memberships_contains_paywalled_content":false,"_jetpack_memberships_contains_paid_content":false,"footnotes":"","jetpack_publicize_message":"","jetpack_publicize_feature_enabled":true,"jetpack_social_post_already_shared":true,"jetpack_social_options":{"image_generator_settings":{"template":"highway","default_image_id":0,"font":"","enabled":false},"version":2}},"categories":[11],"tags":[],"class_list":["post-78192","post","type-post","status-publish","format-standard","has-post-thumbnail","hentry","category-noticias-de-ribeirao-preto-sp-e-regiao-ismael-colosi"],"jetpack_publicize_connections":[],"jetpack_featured_media_url":"https:\/\/i0.wp.com\/noticiasribeiraopreto.com.br\/wp-content\/uploads\/2025\/10\/ea6b3d51-e20f-4c2d-b9fa-7774cf7222e5_2025-10-04_01-37-16.webp.webp?fit=1200%2C800&ssl=1","jetpack-related-posts":[{"id":60718,"url":"https:\/\/noticiasribeiraopreto.com.br\/index.php\/2024\/11\/22\/botafogo-vence-o-coritiba-fora-de-casa-e-se-despede-da-serie-b-2024\/","url_meta":{"origin":78192,"position":0},"title":"Botafogo vence o Coritiba fora de casa e se despede da S\u00e9rie B 2024","author":"noticiasribeiraopreto.com.br","date":"22 de November de 2024","format":false,"excerpt":"O Botafogo, que vinha de duas derrotas em casa, se despediu da S\u00e9rie B 2024 com uma vit\u00f3ria em cima do Coritiba. O Pantera venceu o Coxa por 3\u00d71, na noite desta sexta-feira (22), no est\u00e1dio Couto Pereira, em Curitiba. O primeiro gol foi marcado aos 27 minutos do primeiro\u2026","rel":"","context":"In &quot;Not\u00edcias de Ribeir\u00e3o Preto-SP e Regi\u00e3o&quot;","block_context":{"text":"Not\u00edcias de Ribeir\u00e3o Preto-SP e Regi\u00e3o","link":"https:\/\/noticiasribeiraopreto.com.br\/index.php\/category\/noticias-de-ribeirao-preto-sp-e-regiao-ismael-colosi\/"},"img":{"alt_text":"","src":"https:\/\/i0.wp.com\/noticiasribeiraopreto.com.br\/wp-content\/uploads\/2024\/11\/Copia-de-Copia-de-Copia-de-TAMANHO-EXATO-PARA-FOTOS-NO-SISTEMA-NOVO-2024-11-22T204912.469_2024-11-22_23-49-20_png_2024-11-22_23-49-21.webp.webp?fit=1200%2C675&ssl=1&resize=350%2C200","width":350,"height":200,"srcset":"https:\/\/i0.wp.com\/noticiasribeiraopreto.com.br\/wp-content\/uploads\/2024\/11\/Copia-de-Copia-de-Copia-de-TAMANHO-EXATO-PARA-FOTOS-NO-SISTEMA-NOVO-2024-11-22T204912.469_2024-11-22_23-49-20_png_2024-11-22_23-49-21.webp.webp?fit=1200%2C675&ssl=1&resize=350%2C200 1x, https:\/\/i0.wp.com\/noticiasribeiraopreto.com.br\/wp-content\/uploads\/2024\/11\/Copia-de-Copia-de-Copia-de-TAMANHO-EXATO-PARA-FOTOS-NO-SISTEMA-NOVO-2024-11-22T204912.469_2024-11-22_23-49-20_png_2024-11-22_23-49-21.webp.webp?fit=1200%2C675&ssl=1&resize=525%2C300 1.5x, https:\/\/i0.wp.com\/noticiasribeiraopreto.com.br\/wp-content\/uploads\/2024\/11\/Copia-de-Copia-de-Copia-de-TAMANHO-EXATO-PARA-FOTOS-NO-SISTEMA-NOVO-2024-11-22T204912.469_2024-11-22_23-49-20_png_2024-11-22_23-49-21.webp.webp?fit=1200%2C675&ssl=1&resize=700%2C400 2x, https:\/\/i0.wp.com\/noticiasribeiraopreto.com.br\/wp-content\/uploads\/2024\/11\/Copia-de-Copia-de-Copia-de-TAMANHO-EXATO-PARA-FOTOS-NO-SISTEMA-NOVO-2024-11-22T204912.469_2024-11-22_23-49-20_png_2024-11-22_23-49-21.webp.webp?fit=1200%2C675&ssl=1&resize=1050%2C600 3x"},"classes":[]},{"id":71442,"url":"https:\/\/noticiasribeiraopreto.com.br\/index.php\/2025\/06\/05\/na-luta-contra-o-rebaixamento-botafogo-empata-sem-gols-com-o-coritiba\/","url_meta":{"origin":78192,"position":1},"title":"Na luta contra o rebaixamento, Botafogo empata sem gols com o Coritiba","author":"noticiasribeiraopreto.com.br","date":"5 de June de 2025","format":false,"excerpt":"Na abertura da 11\u00aa rodada da S\u00e9rie B do Campeonato Brasileiro, o Botafogo empatou sem gols com o Coritiba na noite desta quinta-feira (5), no Est\u00e1dio Santa Cruz\/Arena Nicnet, em Ribeir\u00e3o Preto. O resultado tirou momentaneamente o Pantera da zona de rebaixamento e impediu que o Coxa se aproximasse do\u2026","rel":"","context":"In &quot;Not\u00edcias de Ribeir\u00e3o Preto-SP e Regi\u00e3o&quot;","block_context":{"text":"Not\u00edcias de Ribeir\u00e3o Preto-SP e Regi\u00e3o","link":"https:\/\/noticiasribeiraopreto.com.br\/index.php\/category\/noticias-de-ribeirao-preto-sp-e-regiao-ismael-colosi\/"},"img":{"alt_text":"","src":"https:\/\/i0.wp.com\/noticiasribeiraopreto.com.br\/wp-content\/uploads\/2025\/06\/Imagem-do-WhatsApp-de-2025-06-05-as-19.02.37_b58cda27_2025-06-05_23-28-55.webp.webp?fit=1200%2C800&ssl=1&resize=350%2C200","width":350,"height":200,"srcset":"https:\/\/i0.wp.com\/noticiasribeiraopreto.com.br\/wp-content\/uploads\/2025\/06\/Imagem-do-WhatsApp-de-2025-06-05-as-19.02.37_b58cda27_2025-06-05_23-28-55.webp.webp?fit=1200%2C800&ssl=1&resize=350%2C200 1x, https:\/\/i0.wp.com\/noticiasribeiraopreto.com.br\/wp-content\/uploads\/2025\/06\/Imagem-do-WhatsApp-de-2025-06-05-as-19.02.37_b58cda27_2025-06-05_23-28-55.webp.webp?fit=1200%2C800&ssl=1&resize=525%2C300 1.5x, https:\/\/i0.wp.com\/noticiasribeiraopreto.com.br\/wp-content\/uploads\/2025\/06\/Imagem-do-WhatsApp-de-2025-06-05-as-19.02.37_b58cda27_2025-06-05_23-28-55.webp.webp?fit=1200%2C800&ssl=1&resize=700%2C400 2x, https:\/\/i0.wp.com\/noticiasribeiraopreto.com.br\/wp-content\/uploads\/2025\/06\/Imagem-do-WhatsApp-de-2025-06-05-as-19.02.37_b58cda27_2025-06-05_23-28-55.webp.webp?fit=1200%2C800&ssl=1&resize=1050%2C600 3x"},"classes":[]},{"id":55610,"url":"https:\/\/noticiasribeiraopreto.com.br\/index.php\/2024\/08\/03\/botafogo-faz-2-a-0-no-coritiba-em-ribeirao-e-volta-a-vencer-pela-serie-b-apos-sete-jogos\/","url_meta":{"origin":78192,"position":2},"title":"Botafogo faz 2 a 0 no Coritiba em Ribeir\u00e3o e volta a vencer pela S\u00e9rie B ap\u00f3s sete jogos","author":"noticiasribeiraopreto.com.br","date":"3 de August de 2024","format":false,"excerpt":"O Botafogo venceu o Coritiba por 2 a 0 na noite deste s\u00e1bado (3), no est\u00e1dio Santa Cruz, em Ribeir\u00e3o Preto, no encerramento do primeiro turno da Serie B do Campeonato Brasileiro. Com o resultado, o Pantera quebrou o jejum de sete jogos sem vit\u00f3ria na competi\u00e7\u00e3o. Os gols da\u2026","rel":"","context":"In &quot;Not\u00edcias de Ribeir\u00e3o Preto-SP e Regi\u00e3o&quot;","block_context":{"text":"Not\u00edcias de Ribeir\u00e3o Preto-SP e Regi\u00e3o","link":"https:\/\/noticiasribeiraopreto.com.br\/index.php\/category\/noticias-de-ribeirao-preto-sp-e-regiao-ismael-colosi\/"},"img":{"alt_text":"","src":"https:\/\/i0.wp.com\/noticiasribeiraopreto.com.br\/wp-content\/uploads\/2024\/08\/WhatsApp-Image-2024-08-03-at-18.56.24_2024-08-03_22-14-33_jpeg_2024-08-03_22-14-35-scaled.webp.webp?fit=1200%2C713&ssl=1&resize=350%2C200","width":350,"height":200,"srcset":"https:\/\/i0.wp.com\/noticiasribeiraopreto.com.br\/wp-content\/uploads\/2024\/08\/WhatsApp-Image-2024-08-03-at-18.56.24_2024-08-03_22-14-33_jpeg_2024-08-03_22-14-35-scaled.webp.webp?fit=1200%2C713&ssl=1&resize=350%2C200 1x, https:\/\/i0.wp.com\/noticiasribeiraopreto.com.br\/wp-content\/uploads\/2024\/08\/WhatsApp-Image-2024-08-03-at-18.56.24_2024-08-03_22-14-33_jpeg_2024-08-03_22-14-35-scaled.webp.webp?fit=1200%2C713&ssl=1&resize=525%2C300 1.5x, https:\/\/i0.wp.com\/noticiasribeiraopreto.com.br\/wp-content\/uploads\/2024\/08\/WhatsApp-Image-2024-08-03-at-18.56.24_2024-08-03_22-14-33_jpeg_2024-08-03_22-14-35-scaled.webp.webp?fit=1200%2C713&ssl=1&resize=700%2C400 2x, https:\/\/i0.wp.com\/noticiasribeiraopreto.com.br\/wp-content\/uploads\/2024\/08\/WhatsApp-Image-2024-08-03-at-18.56.24_2024-08-03_22-14-33_jpeg_2024-08-03_22-14-35-scaled.webp.webp?fit=1200%2C713&ssl=1&resize=1050%2C600 3x"},"classes":[]},{"id":78196,"url":"https:\/\/noticiasribeiraopreto.com.br\/index.php\/2025\/10\/04\/desequilibrado-botafogo-perde-para-coritiba\/","url_meta":{"origin":78192,"position":3},"title":"Desequilibrado, Botafogo perde para Coritiba","author":"noticiasribeiraopreto.com.br","date":"4 de October de 2025","format":false,"excerpt":"Pantera \u00e9 dominado pelo l\u00edder da S\u00e9rie B e se afunda na zona de rebaixamento 3 de outubro de 2025 23:574 de outubro de 2025 00:0311 Compartilhar1 Por Hugo Luque A situa\u00e7\u00e3o est\u00e1 cada vez mais desesperadora para o Botafogo na S\u00e9rie B do Campeonato Brasileiro. O time foi derrotado\u2026","rel":"","context":"In &quot;Not\u00edcias de Ribeir\u00e3o Preto-SP e Regi\u00e3o&quot;","block_context":{"text":"Not\u00edcias de Ribeir\u00e3o Preto-SP e Regi\u00e3o","link":"https:\/\/noticiasribeiraopreto.com.br\/index.php\/category\/noticias-de-ribeirao-preto-sp-e-regiao-ismael-colosi\/"},"img":{"alt_text":"","src":"https:\/\/i0.wp.com\/noticiasribeiraopreto.com.br\/wp-content\/uploads\/2025\/10\/1-Coritiba-x-Botafogo-Igor-Barrankievicz_Divulgacao_Agencia-Botafogo-scaled.jpg?fit=1170%2C780&ssl=1&resize=350%2C200","width":350,"height":200,"srcset":"https:\/\/i0.wp.com\/noticiasribeiraopreto.com.br\/wp-content\/uploads\/2025\/10\/1-Coritiba-x-Botafogo-Igor-Barrankievicz_Divulgacao_Agencia-Botafogo-scaled.jpg?fit=1170%2C780&ssl=1&resize=350%2C200 1x, https:\/\/i0.wp.com\/noticiasribeiraopreto.com.br\/wp-content\/uploads\/2025\/10\/1-Coritiba-x-Botafogo-Igor-Barrankievicz_Divulgacao_Agencia-Botafogo-scaled.jpg?fit=1170%2C780&ssl=1&resize=525%2C300 1.5x, https:\/\/i0.wp.com\/noticiasribeiraopreto.com.br\/wp-content\/uploads\/2025\/10\/1-Coritiba-x-Botafogo-Igor-Barrankievicz_Divulgacao_Agencia-Botafogo-scaled.jpg?fit=1170%2C780&ssl=1&resize=700%2C400 2x, https:\/\/i0.wp.com\/noticiasribeiraopreto.com.br\/wp-content\/uploads\/2025\/10\/1-Coritiba-x-Botafogo-Igor-Barrankievicz_Divulgacao_Agencia-Botafogo-scaled.jpg?fit=1170%2C780&ssl=1&resize=1050%2C600 3x"},"classes":[]},{"id":75867,"url":"https:\/\/noticiasribeiraopreto.com.br\/index.php\/2025\/08\/16\/botafogo-empata-com-o-remo-fora-de-casa-pela-serie-b-do-brasileiro\/","url_meta":{"origin":78192,"position":4},"title":"Botafogo empata com o Remo fora de casa pela S\u00e9rie B do Brasileiro","author":"noticiasribeiraopreto.com.br","date":"16 de August de 2025","format":false,"excerpt":"O Botafogo empatou por 1 a 1 com o Remo na tarde deste s\u00e1bado (16), em jogo v\u00e1lido pela 22\u00aa rodada do Campeonato Brasileiro da S\u00e9rie B. A partida foi realizada no est\u00e1dio do Mangueir\u00e3o, em Bel\u00e9m, no Par\u00e1. Gols O Remo abriu o placar aos 27 minutos do primeiro\u2026","rel":"","context":"In &quot;Not\u00edcias de Ribeir\u00e3o Preto-SP e Regi\u00e3o&quot;","block_context":{"text":"Not\u00edcias de Ribeir\u00e3o Preto-SP e Regi\u00e3o","link":"https:\/\/noticiasribeiraopreto.com.br\/index.php\/category\/noticias-de-ribeirao-preto-sp-e-regiao-ismael-colosi\/"},"img":{"alt_text":"","src":"https:\/\/i0.wp.com\/noticiasribeiraopreto.com.br\/wp-content\/uploads\/2025\/08\/botafogo-remo_2025-08-16_20-41-42.webp.webp?fit=1200%2C900&ssl=1&resize=350%2C200","width":350,"height":200,"srcset":"https:\/\/i0.wp.com\/noticiasribeiraopreto.com.br\/wp-content\/uploads\/2025\/08\/botafogo-remo_2025-08-16_20-41-42.webp.webp?fit=1200%2C900&ssl=1&resize=350%2C200 1x, https:\/\/i0.wp.com\/noticiasribeiraopreto.com.br\/wp-content\/uploads\/2025\/08\/botafogo-remo_2025-08-16_20-41-42.webp.webp?fit=1200%2C900&ssl=1&resize=525%2C300 1.5x, https:\/\/i0.wp.com\/noticiasribeiraopreto.com.br\/wp-content\/uploads\/2025\/08\/botafogo-remo_2025-08-16_20-41-42.webp.webp?fit=1200%2C900&ssl=1&resize=700%2C400 2x, https:\/\/i0.wp.com\/noticiasribeiraopreto.com.br\/wp-content\/uploads\/2025\/08\/botafogo-remo_2025-08-16_20-41-42.webp.webp?fit=1200%2C900&ssl=1&resize=1050%2C600 3x"},"classes":[]},{"id":71434,"url":"https:\/\/noticiasribeiraopreto.com.br\/index.php\/2025\/06\/05\/botafogo-empata-sem-gols-com-coritiba\/","url_meta":{"origin":78192,"position":5},"title":"Botafogo empata sem gols com Coritiba","author":"noticiasribeiraopreto.com.br","date":"5 de June de 2025","format":false,"excerpt":"Equipes fazem jogo pouco criativo e Pantera deixa zona de rebaixamento 5 de junho de 2025 20:335 de junho de 2025 20:341 Compartilhar1 Por Hugo Luque O Botafogo empatou em 0 a 0 com o Coritiba na noite desta quinta-feira (5), no Est\u00e1dio Santa Cruz\/Arena Nicnet, pela 11\u00aa rodada da\u2026","rel":"","context":"In &quot;Not\u00edcias de Ribeir\u00e3o Preto-SP e Regi\u00e3o&quot;","block_context":{"text":"Not\u00edcias de Ribeir\u00e3o Preto-SP e Regi\u00e3o","link":"https:\/\/noticiasribeiraopreto.com.br\/index.php\/category\/noticias-de-ribeirao-preto-sp-e-regiao-ismael-colosi\/"},"img":{"alt_text":"","src":"https:\/\/i0.wp.com\/noticiasribeiraopreto.com.br\/wp-content\/uploads\/2025\/06\/Botafogo-x-Coritiba-Raul-Ramos-scaled.jpg?fit=750%2C500&ssl=1&resize=350%2C200","width":350,"height":200,"srcset":"https:\/\/i0.wp.com\/noticiasribeiraopreto.com.br\/wp-content\/uploads\/2025\/06\/Botafogo-x-Coritiba-Raul-Ramos-scaled.jpg?fit=750%2C500&ssl=1&resize=350%2C200 1x, https:\/\/i0.wp.com\/noticiasribeiraopreto.com.br\/wp-content\/uploads\/2025\/06\/Botafogo-x-Coritiba-Raul-Ramos-scaled.jpg?fit=750%2C500&ssl=1&resize=525%2C300 1.5x, https:\/\/i0.wp.com\/noticiasribeiraopreto.com.br\/wp-content\/uploads\/2025\/06\/Botafogo-x-Coritiba-Raul-Ramos-scaled.jpg?fit=750%2C500&ssl=1&resize=700%2C400 2x"},"classes":[]}],"jetpack_sharing_enabled":true,"jetpack_shortlink":"https:\/\/wp.me\/peQAOb-kla","_links":{"self":[{"href":"https:\/\/noticiasribeiraopreto.com.br\/index.php\/wp-json\/wp\/v2\/posts\/78192","targetHints":{"allow":["GET"]}}],"collection":[{"href":"https:\/\/noticiasribeiraopreto.com.br\/index.php\/wp-json\/wp\/v2\/posts"}],"about":[{"href":"https:\/\/noticiasribeiraopreto.com.br\/index.php\/wp-json\/wp\/v2\/types\/post"}],"author":[{"embeddable":true,"href":"https:\/\/noticiasribeiraopreto.com.br\/index.php\/wp-json\/wp\/v2\/users\/1"}],"replies":[{"embeddable":true,"href":"https:\/\/noticiasribeiraopreto.com.br\/index.php\/wp-json\/wp\/v2\/comments?post=78192"}],"version-history":[{"count":0,"href":"https:\/\/noticiasribeiraopreto.com.br\/index.php\/wp-json\/wp\/v2\/posts\/78192\/revisions"}],"wp:featuredmedia":[{"embeddable":true,"href":"https:\/\/noticiasribeiraopreto.com.br\/index.php\/wp-json\/wp\/v2\/media\/78193"}],"wp:attachment":[{"href":"https:\/\/noticiasribeiraopreto.com.br\/index.php\/wp-json\/wp\/v2\/media?parent=78192"}],"wp:term":[{"taxonomy":"category","embeddable":true,"href":"https:\/\/noticiasribeiraopreto.com.br\/index.php\/wp-json\/wp\/v2\/categories?post=78192"},{"taxonomy":"post_tag","embeddable":true,"href":"https:\/\/noticiasribeiraopreto.com.br\/index.php\/wp-json\/wp\/v2\/tags?post=78192"}],"curies":[{"name":"wp","href":"https:\/\/api.w.org\/{rel}","templated":true}]}}