{"id":78194,"date":"2025-10-03T23:48:20","date_gmt":"2025-10-04T02:48:20","guid":{"rendered":"https:\/\/noticiasribeiraopreto.com.br\/index.php\/2025\/10\/03\/morador-de-barretos-esta-entre-os-15-brasileiros-detidos-por-israel-em-acao-proxima-a-faixa-de-gaza\/"},"modified":"2025-10-03T23:48:20","modified_gmt":"2025-10-04T02:48:20","slug":"morador-de-barretos-esta-entre-os-15-brasileiros-detidos-por-israel-em-acao-proxima-a-faixa-de-gaza","status":"publish","type":"post","link":"https:\/\/noticiasribeiraopreto.com.br\/index.php\/2025\/10\/03\/morador-de-barretos-esta-entre-os-15-brasileiros-detidos-por-israel-em-acao-proxima-a-faixa-de-gaza\/","title":{"rendered":"Morador de Barretos est\u00e1 entre os 15 brasileiros detidos por Israel em a\u00e7\u00e3o pr\u00f3xima \u00e0 Faixa de Gaza"},"content":{"rendered":"<div class='code-block code-block-1' style='margin: 8px 0 8px auto; text-align: right; display: block; clear: both;'>\n<p><a href=\"https:\/\/wa.link\/vpicfd\"><img data-recalc-dims=\"1\" class=\"wp-image-4922\" style=\"aspect-ratio: 2.0253164556962027; width: 561px; height: auto;\" src=\"https:\/\/i0.wp.com\/ismaelcolosi.com.br\/wp-content\/uploads\/2023\/11\/grupo-de-empregos-whatsapp-e-facebook-ismael-colosi-vagas.jpg?ssl=1\" alt=\"\" \/><\/a><\/p>\n<!-- \/wp:image -->\n<\/div>\n<p> <br \/>\n<\/p>\n<div>\n<p>Um morador de <strong>Barretos<\/strong>, cidade a <strong>120 quil\u00f4metros de Ribeir\u00e3o Preto<\/strong>, est\u00e1 entre os <strong>15 brasileiros detidos ap\u00f3s a intercepta\u00e7\u00e3o de embarca\u00e7\u00f5es por Israel<\/strong>, na madrugada desta quinta-feira (2), em \u00e1guas internacionais, a cerca de 100 quil\u00f4metros da<strong> Faixa de Gaza<\/strong>.<\/p>\n<p><mark style=\"background-color:#fcb900\" class=\"has-inline-color\">Ao todo, mais de 400 ativistas foram detidos<\/mark>. Em um v\u00eddeo publicado nas redes sociais, <strong>Victor Nascimento Peixoto<\/strong>, de 29 anos, denuncia as intercepta\u00e7\u00f5es.<\/p>\n<figure class=\"wp-block-pullquote\">\n<blockquote>\n<p>\u00a0Se voc\u00ea est\u00e1 vendo esse v\u00eddeo, significa que eu fui sequestrado num ato ilegal de pirataria pelo ex\u00e9rcito israelense. N\u00f3s viemos do Brasil com um objetivo, entregar comida para as crian\u00e7as desesperadas e famintas na faixa de Gaza<\/p>\n<p><cite>Victor Nascimento Peixoto (Mansur Peixoto)<\/cite><\/p><\/blockquote>\n<\/figure>\n<p>O rapaz \u00e9 fundador do projeto \u201c<strong>Hist\u00f3ria Isl\u00e2mica com Mansur Peixoto<\/strong>\u201d e possui mais de 70 mil seguidores em um perfil do <strong>Instaram <\/strong>onde compartilha informa\u00e7\u00f5es sobre cultura, hist\u00f3ria e atualidades do mundo mu\u00e7ulmano.<\/p>\n<p><mark style=\"background-color:#fcb900\" class=\"has-inline-color\">A viagem de Victor a Gaza integrava um movimento internacional voltado a levar alimentos e rem\u00e9dios \u00e0 popula\u00e7\u00e3o palestina.<\/mark><\/p>\n<blockquote class=\"instagram-media\" data-instgrm-permalink=\"https:\/\/www.instagram.com\/reel\/DPR2MZ5j7Pt\/?utm_source=ig_embed&amp;utm_campaign=loading\" data-instgrm-version=\"14\" style=\"background:#FFF;border:0;border-radius:3px;margin: 1px;max-width:540px;min-width:326px;padding:0;width:99.375%;width:-webkit-calc(100% - 2px);width:calc(100% - 2px)\"\/>\n<h2 class=\"wp-block-heading\"><strong>\u2018N\u00e3o consigo falar com ele\u2019<\/strong><\/h2>\n<p>Em entrevista \u00e0 <strong>EPTV<\/strong>, a esposa de Victor, <strong>Larissa Gajardoni<\/strong>, afirmou que est\u00e1 <strong>h\u00e1 mais de 24 horas sem contato com ele<\/strong>. \u201cA not\u00edcia mais recente que eu tive foi que ele t\u00e1 bem e que em breve vai retornar ao Brasil, mas eu n\u00e3o consigo falar com ele diretamente\u201d.<\/p>\n<p>Para o governo de <strong>Israel<\/strong>, a \u00e1rea onde ocorreu a opera\u00e7\u00e3o \u00e9 considerada zona de combate. <mark style=\"background-color:#fcb900\" class=\"has-inline-color\">Por isso, o pa\u00eds afirma manter o bloqueio para impedir o contrabando de armas ao <strong>Hamas<\/strong>.<\/mark><\/p>\n<p>Ainda segundo as autoridades israelenses, documentos encontrados em <strong>Gaza <\/strong>indicariam liga\u00e7\u00e3o do grupo com uma das organiza\u00e7\u00f5es que <strong>coordenaram a miss\u00e3o humanit\u00e1ria<\/strong>.<\/p>\n<p>Os ativistas, no entanto, <strong>negam essa vers\u00e3o<\/strong>, como explicou <strong>Girrad Sammour<\/strong>, diretor da mesquita frequentada por Victor em <strong>Barretos<\/strong>.<\/p>\n<figure class=\"wp-block-pullquote\">\n<blockquote>\n<p>A revolta existe por conta de seres humanos que est\u00e3o agindo como seres humanos, que t\u00eam as suas fam\u00edlias, filhos, os seus trabalhos aqui no Brasil, est\u00e3o se empenhando para quebrar um cerco, onde n\u00e3o trazem perigo a ningu\u00e9m. E eles est\u00e3o sendo tratados como criminosos<\/p>\n<\/blockquote>\n<\/figure>\n<div class=\"wp-block-image\">\n<figure class=\"aligncenter size-large is-resized\"><img data-recalc-dims=\"1\" fetchpriority=\"high\" decoding=\"async\" width=\"1024\" height=\"576\" src=\"https:\/\/i0.wp.com\/cdn.media-acidadeon.com.br\/ribeiraopreto\/wp-content\/uploads\/sites\/3\/2025\/10\/Copia-de-Copia-de-Copia-de-TAMANHO-EXATO-PARA-FOTOS-NO-SISTEMA-NOVO-2025-10-03T203407.082_2025-10-03_23-34-16-1024x576.webp?resize=1024%2C576&#038;ssl=1\" alt=\"Girrad Sammour durante entrevista \u00e0 EPTV - Foto: reprodu\u00e7\u00e3o\/ EPTV.\" class=\"wp-image-131221\" style=\"width:654px\" title=\"Morador de Barretos est\u00e1 entre os 15 brasileiros detidos por Israel em a\u00e7\u00e3o pr\u00f3xima \u00e0 Faixa de Gaza 1\" srcset=\"https:\/\/cdn.media-acidadeon.com.br\/ribeiraopreto\/wp-content\/uploads\/sites\/3\/2025\/10\/Copia-de-Copia-de-Copia-de-TAMANHO-EXATO-PARA-FOTOS-NO-SISTEMA-NOVO-2025-10-03T203407.082_2025-10-03_23-34-16-1024x576.webp 1024w, https:\/\/cdn.media-acidadeon.com.br\/ribeiraopreto\/wp-content\/uploads\/sites\/3\/2025\/10\/Copia-de-Copia-de-Copia-de-TAMANHO-EXATO-PARA-FOTOS-NO-SISTEMA-NOVO-2025-10-03T203407.082_2025-10-03_23-34-16-300x169.webp 300w, https:\/\/cdn.media-acidadeon.com.br\/ribeiraopreto\/wp-content\/uploads\/sites\/3\/2025\/10\/Copia-de-Copia-de-Copia-de-TAMANHO-EXATO-PARA-FOTOS-NO-SISTEMA-NOVO-2025-10-03T203407.082_2025-10-03_23-34-16-768x432.webp 768w, https:\/\/cdn.media-acidadeon.com.br\/ribeiraopreto\/wp-content\/uploads\/sites\/3\/2025\/10\/Copia-de-Copia-de-Copia-de-TAMANHO-EXATO-PARA-FOTOS-NO-SISTEMA-NOVO-2025-10-03T203407.082_2025-10-03_23-34-16-696x392.webp 696w, https:\/\/cdn.media-acidadeon.com.br\/ribeiraopreto\/wp-content\/uploads\/sites\/3\/2025\/10\/Copia-de-Copia-de-Copia-de-TAMANHO-EXATO-PARA-FOTOS-NO-SISTEMA-NOVO-2025-10-03T203407.082_2025-10-03_23-34-16-1068x601.webp 1068w, https:\/\/cdn.media-acidadeon.com.br\/ribeiraopreto\/wp-content\/uploads\/sites\/3\/2025\/10\/Copia-de-Copia-de-Copia-de-TAMANHO-EXATO-PARA-FOTOS-NO-SISTEMA-NOVO-2025-10-03T203407.082_2025-10-03_23-34-16.webp 1200w\" sizes=\"(max-width: 1024px) 100vw, 1024px\"\/><figcaption class=\"wp-element-caption\">Girrad Sammour durante entrevista \u00e0 EPTV \u2013 Foto: reprodu\u00e7\u00e3o\/ EPTV.<\/figcaption><\/figure>\n<\/div>\n<h2 class=\"wp-block-heading\"><strong>Embaixada do Brasil em Israel foi notificada<\/strong><\/h2>\n<p>O <strong>governo brasileiro <\/strong>condenou a intercepta\u00e7\u00e3o, classificando o bloqueio a <strong>Gaza <\/strong>como uma grave viola\u00e7\u00e3o do <strong>direito internacional<\/strong>.<\/p>\n<p>O documento emitido tamb\u00e9m informa que a embaixada do Brasil em Israel <strong>j\u00e1 foi acionada<\/strong> e<strong> exige a libera\u00e7\u00e3o imediata de todos os ativistas detidos<\/strong>.<\/p>\n<p>Em nota, o <strong>Itamaraty <\/strong>informou que j\u00e1 solicitou a libera\u00e7\u00e3o dos 15 brasileiros detidos e que uma equipe do <strong>Minist\u00e9rio <\/strong>manteve contato com eles nesta sexta-feira (03).<\/p>\n<p><em>*Com informa\u00e7\u00f5es de Murilo Badessa\/EPTV Ribeir\u00e3o<\/em><\/p>\n<hr class=\"wp-block-separator has-alpha-channel-opacity\"\/>\n<p>SAIBA MAIS<\/p>\n<p>Bares s\u00e3o autuados em Ribeir\u00e3o Preto por venda de bebidas irregulares<\/p>\n<h2 class=\"wp-block-heading\"><strong>FIQUE ON<\/strong><\/h2>\n<p>Fique ligado em tudo que acontece em Ribeir\u00e3o Preto e regi\u00e3o. Siga os perfis do\u00a0<strong>acidade on<\/strong>\u00a0no<a href=\"https:\/\/www.instagram.com\/acidadeonribeirao\" target=\"_blank\" rel=\"noreferrer noopener\">\u00a0Instagram<\/a>\u00a0e no<a href=\"https:\/\/www.facebook.com\/acidadeonribeirao\/\" target=\"_blank\" rel=\"noreferrer noopener\">\u00a0Facebook<\/a>.<\/p>\n<p>Receba not\u00edcias do<strong>\u00a0acidade on<\/strong>\u00a0no WhatsApp. Para entrar no grupo,\u00a0basta\u00a0<a href=\"https:\/\/chat.whatsapp.com\/I4nieTEMKlf50pJ28aMemC?mode=ac_t\" target=\"_blank\" rel=\"noreferrer noopener\">clicar aqui<\/a>. Ou, acesse o nosso<a href=\"https:\/\/whatsapp.com\/channel\/0029Vb6IQl1JENyAeS57fk2p\" target=\"_blank\" rel=\"noreferrer noopener\">\u00a0Canal clicando aqui<\/a>.<\/p>\n<p>Fa\u00e7a uma den\u00fancia ou sugira uma reportagem sobre Ribeir\u00e3o Preto e regi\u00e3o pelo WhatsApp: 16 99117 7802.<\/p>\n<p>VEJA TAMB\u00c9M<\/p>\n<p>Crian\u00e7as de quais idades entram de gra\u00e7a no Hopi Hari no dia 12 de outubro?<\/p>\n<p><!-- AI CONTENT END 1 -->\n<\/div>\n<p><script async src=\"\/\/www.instagram.com\/embed.js\"><\/script><br \/>\n<br \/><br \/>\n<br \/><a href=\"https:\/\/www.acidadeon.com\/ribeiraopreto\/cotidiano\/morador-de-barretos-esta-entre-os-15-brasileiros-detidos-por-israel-em-acao-proxima-a-faixa-de-gaza\/\">Source link <\/a><\/p>\n<!-- CONTENT END 1 -->\n","protected":false},"excerpt":{"rendered":"<p>Um morador de Barretos, cidade a 120 quil\u00f4metros de Ribeir\u00e3o Preto, est\u00e1 entre os 15 brasileiros detidos ap\u00f3s a intercepta\u00e7\u00e3o de embarca\u00e7\u00f5es por Israel, na&#8230;<\/p>\n","protected":false},"author":1,"featured_media":78195,"comment_status":"open","ping_status":"open","sticky":false,"template":"","format":"standard","meta":{"advanced_seo_description":"","jetpack_seo_html_title":"","jetpack_seo_noindex":false,"jetpack_post_was_ever_published":false,"_jetpack_newsletter_access":"","_jetpack_dont_email_post_to_subs":false,"_jetpack_newsletter_tier_id":0,"_jetpack_memberships_contains_paywalled_content":false,"_jetpack_memberships_contains_paid_content":false,"footnotes":"","jetpack_publicize_message":"","jetpack_publicize_feature_enabled":true,"jetpack_social_post_already_shared":true,"jetpack_social_options":{"image_generator_settings":{"template":"highway","default_image_id":0,"font":"","enabled":false},"version":2}},"categories":[11],"tags":[],"class_list":["post-78194","post","type-post","status-publish","format-standard","has-post-thumbnail","hentry","category-noticias-de-ribeirao-preto-sp-e-regiao-ismael-colosi"],"jetpack_publicize_connections":[],"jetpack_featured_media_url":"https:\/\/i0.wp.com\/noticiasribeiraopreto.com.br\/wp-content\/uploads\/2025\/10\/Copia-de-Copia-de-Copia-de-TAMANHO-EXATO-PARA-FOTOS-NO-SISTEMA-NOVO-2025-10-03T203803.018_2025-10-03_23-38-37.webp.webp?fit=1200%2C675&ssl=1","jetpack-related-posts":[{"id":78200,"url":"https:\/\/noticiasribeiraopreto.com.br\/index.php\/2025\/10\/04\/acidente-com-bmw-deixa-uma-pessoa-morta-e-cinco-feridas-no-anel-viario-sul\/","url_meta":{"origin":78194,"position":0},"title":"Acidente com BMW deixa uma pessoa morta e cinco feridas no Anel Vi\u00e1rio Sul","author":"noticiasribeiraopreto.com.br","date":"4 de October de 2025","format":false,"excerpt":"Uma pessoa morreu e outras cinco ficaram feridas ap\u00f3s um acidente de tr\u00e2nsito no Anel Vi\u00e1rio Sul (rodovia Ant\u00f4nio Duarte Nogueira, SP-322), em Ribeir\u00e3o Preto, no final da noite desta sexta-feira (3). De acordo com informa\u00e7\u00f5es do Centro de Controle de Informa\u00e7\u00f5es (CCI) da Artesp, uma BMW seguia no sentido\u2026","rel":"","context":"In &quot;Not\u00edcias de Ribeir\u00e3o Preto-SP e Regi\u00e3o&quot;","block_context":{"text":"Not\u00edcias de Ribeir\u00e3o Preto-SP e Regi\u00e3o","link":"https:\/\/noticiasribeiraopreto.com.br\/index.php\/category\/noticias-de-ribeirao-preto-sp-e-regiao-ismael-colosi\/"},"img":{"alt_text":"","src":"https:\/\/i0.wp.com\/noticiasribeiraopreto.com.br\/wp-content\/uploads\/2025\/10\/download-43_2025-10-04_13-28-33.webp.webp?fit=1200%2C675&ssl=1&resize=350%2C200","width":350,"height":200,"srcset":"https:\/\/i0.wp.com\/noticiasribeiraopreto.com.br\/wp-content\/uploads\/2025\/10\/download-43_2025-10-04_13-28-33.webp.webp?fit=1200%2C675&ssl=1&resize=350%2C200 1x, https:\/\/i0.wp.com\/noticiasribeiraopreto.com.br\/wp-content\/uploads\/2025\/10\/download-43_2025-10-04_13-28-33.webp.webp?fit=1200%2C675&ssl=1&resize=525%2C300 1.5x, https:\/\/i0.wp.com\/noticiasribeiraopreto.com.br\/wp-content\/uploads\/2025\/10\/download-43_2025-10-04_13-28-33.webp.webp?fit=1200%2C675&ssl=1&resize=700%2C400 2x, https:\/\/i0.wp.com\/noticiasribeiraopreto.com.br\/wp-content\/uploads\/2025\/10\/download-43_2025-10-04_13-28-33.webp.webp?fit=1200%2C675&ssl=1&resize=1050%2C600 3x"},"classes":[]},{"id":1295,"url":"https:\/\/noticiasribeiraopreto.com.br\/index.php\/2023\/11\/11\/manifestacao-em-ribeirao-preto-pede-cessar-fogo-em-gaza\/","url_meta":{"origin":78194,"position":1},"title":"Manifesta\u00e7\u00e3o em Ribeir\u00e3o Preto pede cessar-fogo em Gaza","author":"noticiasribeiraopreto.com.br","date":"11 de November de 2023","format":false,"excerpt":"Uma manifesta\u00e7\u00e3o, na manh\u00e3 deste s\u00e1bado (11), no Cal\u00e7ad\u00e3o de Ribeir\u00e3o Preto, pediu cessar-fogo na Faixa de Gaza. O grupo, levando v\u00e1rias bandeiras da Palestina, marchou pelo Centro da cidade (veja o v\u00eddeo logo baixo). Os manifestantes tamb\u00e9m gritam contra Israel por causa dos ataques em Gaza. Segundo o apurado,\u2026","rel":"","context":"In &quot;Not\u00edcias de Ribeir\u00e3o Preto-SP e Regi\u00e3o&quot;","block_context":{"text":"Not\u00edcias de Ribeir\u00e3o Preto-SP e Regi\u00e3o","link":"https:\/\/noticiasribeiraopreto.com.br\/index.php\/category\/noticias-de-ribeirao-preto-sp-e-regiao-ismael-colosi\/"},"img":{"alt_text":"","src":"https:\/\/i0.wp.com\/noticiasribeiraopreto.com.br\/wp-content\/uploads\/2023\/11\/WhatsApp-Image-2023-11-11-at-13.15.37.jpeg?fit=1200%2C693&ssl=1&resize=350%2C200","width":350,"height":200,"srcset":"https:\/\/i0.wp.com\/noticiasribeiraopreto.com.br\/wp-content\/uploads\/2023\/11\/WhatsApp-Image-2023-11-11-at-13.15.37.jpeg?fit=1200%2C693&ssl=1&resize=350%2C200 1x, https:\/\/i0.wp.com\/noticiasribeiraopreto.com.br\/wp-content\/uploads\/2023\/11\/WhatsApp-Image-2023-11-11-at-13.15.37.jpeg?fit=1200%2C693&ssl=1&resize=525%2C300 1.5x, https:\/\/i0.wp.com\/noticiasribeiraopreto.com.br\/wp-content\/uploads\/2023\/11\/WhatsApp-Image-2023-11-11-at-13.15.37.jpeg?fit=1200%2C693&ssl=1&resize=700%2C400 2x, https:\/\/i0.wp.com\/noticiasribeiraopreto.com.br\/wp-content\/uploads\/2023\/11\/WhatsApp-Image-2023-11-11-at-13.15.37.jpeg?fit=1200%2C693&ssl=1&resize=1050%2C600 3x"},"classes":[]},{"id":1525,"url":"https:\/\/noticiasribeiraopreto.com.br\/index.php\/2023\/11\/13\/brasileiros-que-estavam-em-gaza-chegam-nesta-segunda-ao-brasil\/","url_meta":{"origin":78194,"position":2},"title":"Brasileiros que estavam em Gaza chegam nesta segunda ao Brasil","author":"noticiasribeiraopreto.com.br","date":"13 de November de 2023","format":false,"excerpt":"Os brasileiros e seus familiares palestinos que\u00a0deixaram a Faixa de Gaza\u00a0chegam nesta segunda-feira (13) ao Brasil. O governo federal j\u00e1 tem uma opera\u00e7\u00e3o de acolhimento pronta para o grupo, como atendimento m\u00e9dico e psicol\u00f3gico e regulariza\u00e7\u00e3o de documentos.\u00a0Eles\u00a0cruzaram a fronteira\u00a0com o Egito\u00a0pelo Portal de Rafah, no in\u00edcio da manh\u00e3 deste\u00a0domingo\u2026","rel":"","context":"In &quot;Not\u00edcias de Ribeir\u00e3o Preto-SP e Regi\u00e3o&quot;","block_context":{"text":"Not\u00edcias de Ribeir\u00e3o Preto-SP e Regi\u00e3o","link":"https:\/\/noticiasribeiraopreto.com.br\/index.php\/category\/noticias-de-ribeirao-preto-sp-e-regiao-ismael-colosi\/"},"img":{"alt_text":"","src":"https:\/\/i0.wp.com\/noticiasribeiraopreto.com.br\/wp-content\/uploads\/2023\/11\/criancas-scaled.jpg?fit=1000%2C598&ssl=1&resize=350%2C200","width":350,"height":200,"srcset":"https:\/\/i0.wp.com\/noticiasribeiraopreto.com.br\/wp-content\/uploads\/2023\/11\/criancas-scaled.jpg?fit=1000%2C598&ssl=1&resize=350%2C200 1x, https:\/\/i0.wp.com\/noticiasribeiraopreto.com.br\/wp-content\/uploads\/2023\/11\/criancas-scaled.jpg?fit=1000%2C598&ssl=1&resize=525%2C300 1.5x, https:\/\/i0.wp.com\/noticiasribeiraopreto.com.br\/wp-content\/uploads\/2023\/11\/criancas-scaled.jpg?fit=1000%2C598&ssl=1&resize=700%2C400 2x"},"classes":[]},{"id":1071,"url":"https:\/\/noticiasribeiraopreto.com.br\/index.php\/2023\/11\/10\/brasileiros-em-gaza-estao-na-fronteira-com-egito-aguardando-passagem\/","url_meta":{"origin":78194,"position":3},"title":"Brasileiros em Gaza est\u00e3o na fronteira com Egito aguardando passagem","author":"noticiasribeiraopreto.com.br","date":"10 de November de 2023","format":false,"excerpt":"10 de novembro de 2023 | 10:56 0O grupo dos brasileiros que est\u00e3o na Faixa de Gaza aguarda, desde o in\u00edcio da manh\u00e3 desta sexta-feira (10), a possibilidade de atravessar a fronteira de Rafah, com o Egito. A autoriza\u00e7\u00e3o para deixar o territ\u00f3rio palestino saiu ap\u00f3s 34 dias do in\u00edcio\u2026","rel":"","context":"In &quot;Not\u00edcias de Ribeir\u00e3o Preto-SP e Regi\u00e3o&quot;","block_context":{"text":"Not\u00edcias de Ribeir\u00e3o Preto-SP e Regi\u00e3o","link":"https:\/\/noticiasribeiraopreto.com.br\/index.php\/category\/noticias-de-ribeirao-preto-sp-e-regiao-ismael-colosi\/"},"img":{"alt_text":"","src":"https:\/\/i0.wp.com\/noticiasribeiraopreto.com.br\/wp-content\/uploads\/2023\/11\/gaza-1-scaled.jpg?fit=1000%2C598&ssl=1&resize=350%2C200","width":350,"height":200,"srcset":"https:\/\/i0.wp.com\/noticiasribeiraopreto.com.br\/wp-content\/uploads\/2023\/11\/gaza-1-scaled.jpg?fit=1000%2C598&ssl=1&resize=350%2C200 1x, https:\/\/i0.wp.com\/noticiasribeiraopreto.com.br\/wp-content\/uploads\/2023\/11\/gaza-1-scaled.jpg?fit=1000%2C598&ssl=1&resize=525%2C300 1.5x, https:\/\/i0.wp.com\/noticiasribeiraopreto.com.br\/wp-content\/uploads\/2023\/11\/gaza-1-scaled.jpg?fit=1000%2C598&ssl=1&resize=700%2C400 2x"},"classes":[]},{"id":13142,"url":"https:\/\/noticiasribeiraopreto.com.br\/index.php\/2023\/12\/09\/voo-para-resgate-de-mais-brasileiros-em-gaza-decola-para-o-egito\/","url_meta":{"origin":78194,"position":4},"title":"Voo para resgate de mais brasileiros em Gaza decola para o Egito","author":"noticiasribeiraopreto.com.br","date":"9 de December de 2023","format":false,"excerpt":"9 de dezembro de 2023 | 10:18 0O voo que aguardava no Rio de Janeiro\u00a0para resgatar mais brasileiros que est\u00e3o na Faixa de Gaza decolou no in\u00edcio da manh\u00e3 deste s\u00e1bado (9)\u00a0em dire\u00e7\u00e3o ao Egito, informou a For\u00e7a A\u00e9rea Brasileira (FAB). Este ser\u00e1 o 11\u00ba\u00a0voo de repatria\u00e7\u00e3o de brasileiros em\u2026","rel":"","context":"In &quot;Not\u00edcias de Ribeir\u00e3o Preto-SP e Regi\u00e3o&quot;","block_context":{"text":"Not\u00edcias de Ribeir\u00e3o Preto-SP e Regi\u00e3o","link":"https:\/\/noticiasribeiraopreto.com.br\/index.php\/category\/noticias-de-ribeirao-preto-sp-e-regiao-ismael-colosi\/"},"img":{"alt_text":"","src":"https:\/\/i0.wp.com\/noticiasribeiraopreto.com.br\/wp-content\/uploads\/2023\/12\/fab-1-scaled.jpg?fit=1000%2C598&ssl=1&resize=350%2C200","width":350,"height":200,"srcset":"https:\/\/i0.wp.com\/noticiasribeiraopreto.com.br\/wp-content\/uploads\/2023\/12\/fab-1-scaled.jpg?fit=1000%2C598&ssl=1&resize=350%2C200 1x, https:\/\/i0.wp.com\/noticiasribeiraopreto.com.br\/wp-content\/uploads\/2023\/12\/fab-1-scaled.jpg?fit=1000%2C598&ssl=1&resize=525%2C300 1.5x, https:\/\/i0.wp.com\/noticiasribeiraopreto.com.br\/wp-content\/uploads\/2023\/12\/fab-1-scaled.jpg?fit=1000%2C598&ssl=1&resize=700%2C400 2x"},"classes":[]},{"id":53575,"url":"https:\/\/noticiasribeiraopreto.com.br\/index.php\/2024\/06\/21\/ladrao-e-detido-por-moradores-ao-tentar-furtar-carro-e-bater-em-muro-na-regiao-de-ribeirao\/","url_meta":{"origin":78194,"position":5},"title":"Ladr\u00e3o \u00e9 detido por moradores ao tentar furtar carro e bater em muro na regi\u00e3o de Ribeir\u00e3o","author":"noticiasribeiraopreto.com.br","date":"21 de June de 2024","format":false,"excerpt":"Um homem foi detido por moradores na noite desta quinta-feira (20), ap\u00f3s tentar furtar um carro e bater o ve\u00edculo contra um muro em Jardin\u00f3polis, na regi\u00e3o de Ribeir\u00e3o Preto. Assista ao v\u00eddeo abaixo. Segundo a PM (Pol\u00edcia Militar), ele teria acessado a garagem ao pular o muro da casa\u2026","rel":"","context":"In &quot;Not\u00edcias de Ribeir\u00e3o Preto-SP e Regi\u00e3o&quot;","block_context":{"text":"Not\u00edcias de Ribeir\u00e3o Preto-SP e Regi\u00e3o","link":"https:\/\/noticiasribeiraopreto.com.br\/index.php\/category\/noticias-de-ribeirao-preto-sp-e-regiao-ismael-colosi\/"},"img":{"alt_text":"","src":"https:\/\/i0.wp.com\/noticiasribeiraopreto.com.br\/wp-content\/uploads\/2024\/06\/WhatsApp-Image-2024-06-21-at-07.09.46_2024-06-21_11-36-26_jpeg_2024-06-21_11-36-26.webp.webp?fit=1200%2C675&ssl=1&resize=350%2C200","width":350,"height":200,"srcset":"https:\/\/i0.wp.com\/noticiasribeiraopreto.com.br\/wp-content\/uploads\/2024\/06\/WhatsApp-Image-2024-06-21-at-07.09.46_2024-06-21_11-36-26_jpeg_2024-06-21_11-36-26.webp.webp?fit=1200%2C675&ssl=1&resize=350%2C200 1x, https:\/\/i0.wp.com\/noticiasribeiraopreto.com.br\/wp-content\/uploads\/2024\/06\/WhatsApp-Image-2024-06-21-at-07.09.46_2024-06-21_11-36-26_jpeg_2024-06-21_11-36-26.webp.webp?fit=1200%2C675&ssl=1&resize=525%2C300 1.5x, https:\/\/i0.wp.com\/noticiasribeiraopreto.com.br\/wp-content\/uploads\/2024\/06\/WhatsApp-Image-2024-06-21-at-07.09.46_2024-06-21_11-36-26_jpeg_2024-06-21_11-36-26.webp.webp?fit=1200%2C675&ssl=1&resize=700%2C400 2x, https:\/\/i0.wp.com\/noticiasribeiraopreto.com.br\/wp-content\/uploads\/2024\/06\/WhatsApp-Image-2024-06-21-at-07.09.46_2024-06-21_11-36-26_jpeg_2024-06-21_11-36-26.webp.webp?fit=1200%2C675&ssl=1&resize=1050%2C600 3x"},"classes":[]}],"jetpack_sharing_enabled":true,"jetpack_shortlink":"https:\/\/wp.me\/peQAOb-klc","_links":{"self":[{"href":"https:\/\/noticiasribeiraopreto.com.br\/index.php\/wp-json\/wp\/v2\/posts\/78194","targetHints":{"allow":["GET"]}}],"collection":[{"href":"https:\/\/noticiasribeiraopreto.com.br\/index.php\/wp-json\/wp\/v2\/posts"}],"about":[{"href":"https:\/\/noticiasribeiraopreto.com.br\/index.php\/wp-json\/wp\/v2\/types\/post"}],"author":[{"embeddable":true,"href":"https:\/\/noticiasribeiraopreto.com.br\/index.php\/wp-json\/wp\/v2\/users\/1"}],"replies":[{"embeddable":true,"href":"https:\/\/noticiasribeiraopreto.com.br\/index.php\/wp-json\/wp\/v2\/comments?post=78194"}],"version-history":[{"count":0,"href":"https:\/\/noticiasribeiraopreto.com.br\/index.php\/wp-json\/wp\/v2\/posts\/78194\/revisions"}],"wp:featuredmedia":[{"embeddable":true,"href":"https:\/\/noticiasribeiraopreto.com.br\/index.php\/wp-json\/wp\/v2\/media\/78195"}],"wp:attachment":[{"href":"https:\/\/noticiasribeiraopreto.com.br\/index.php\/wp-json\/wp\/v2\/media?parent=78194"}],"wp:term":[{"taxonomy":"category","embeddable":true,"href":"https:\/\/noticiasribeiraopreto.com.br\/index.php\/wp-json\/wp\/v2\/categories?post=78194"},{"taxonomy":"post_tag","embeddable":true,"href":"https:\/\/noticiasribeiraopreto.com.br\/index.php\/wp-json\/wp\/v2\/tags?post=78194"}],"curies":[{"name":"wp","href":"https:\/\/api.w.org\/{rel}","templated":true}]}}