{"id":78198,"date":"2025-10-04T11:56:52","date_gmt":"2025-10-04T14:56:52","guid":{"rendered":"https:\/\/noticiasribeiraopreto.com.br\/index.php\/2025\/10\/04\/ribeirao-tem-564-vagas-para-cursos-profissionalizantes-gratuitos-veja-opcoes\/"},"modified":"2025-10-04T11:56:52","modified_gmt":"2025-10-04T14:56:52","slug":"ribeirao-tem-564-vagas-para-cursos-profissionalizantes-gratuitos-veja-opcoes","status":"publish","type":"post","link":"https:\/\/noticiasribeiraopreto.com.br\/index.php\/2025\/10\/04\/ribeirao-tem-564-vagas-para-cursos-profissionalizantes-gratuitos-veja-opcoes\/","title":{"rendered":"Ribeir\u00e3o tem 564 vagas para cursos profissionalizantes gratuitos; Veja op\u00e7\u00f5es"},"content":{"rendered":"<div class='code-block code-block-1' style='margin: 8px 0 8px auto; text-align: right; display: block; clear: both;'>\n<p><a href=\"https:\/\/wa.link\/vpicfd\"><img data-recalc-dims=\"1\" class=\"wp-image-4922\" style=\"aspect-ratio: 2.0253164556962027; width: 561px; height: auto;\" src=\"https:\/\/i0.wp.com\/ismaelcolosi.com.br\/wp-content\/uploads\/2023\/11\/grupo-de-empregos-whatsapp-e-facebook-ismael-colosi-vagas.jpg?ssl=1\" alt=\"\" \/><\/a><\/p>\n<!-- \/wp:image -->\n<\/div>\n<p> <br \/>\n<\/p>\n<div data-td-block-uid=\"tdi_95\">\n<div class=\"tdb-block-inner td-fix-index\">\n<p>O <strong>Centro de Qualifica\u00e7\u00e3o Profissional de Ribeir\u00e3o Preto<\/strong> vai abrir, na segunda-feira (6), as inscri\u00e7\u00f5es para <strong>564 vagas <\/strong>em <strong>29 cursos profissionalizantes gratuitos<\/strong>.<\/p>\n<p>Os interessados podem se inscrever de <strong>forma presencial <\/strong>ou <strong>pela internet (<a href=\"https:\/\/ribeiraodigital.com.br\/\" data-type=\"link\" data-id=\"https:\/\/ribeiraodigital.com.br\/\" target=\"_blank\" rel=\"noopener\">clique aq<\/a><a href=\"https:\/\/ribeiraodigital.com.br\/\" target=\"_blank\" data-type=\"link\" data-id=\"https:\/\/ribeiraodigital.com.br\/\" rel=\"noreferrer noopener\">u<\/a><a href=\"https:\/\/ribeiraodigital.com.br\/\" data-type=\"link\" data-id=\"https:\/\/ribeiraodigital.com.br\/\" target=\"_blank\" rel=\"noopener\">i<\/a>)<\/strong> at\u00e9 o dia <strong>10 de outubro<\/strong>. A sede da institui\u00e7\u00e3o est\u00e1 localizada na avenida Dom Pedro I, 45, no Ipiranga.<\/p>\n<p>De acordo com a <strong>Prefeitura<\/strong>, os cursos possuem carga hor\u00e1ria de 40 ou 80 horas, <mark style=\"background-color:#fcb900\" class=\"has-inline-color\">e o in\u00edcio das aulas est\u00e1 previsto para o dia 13 de outubro.<\/mark><\/p>\n<div class=\"wp-block-image\">\n<figure class=\"aligncenter size-full is-resized\"><img data-recalc-dims=\"1\" fetchpriority=\"high\" decoding=\"async\" width=\"1000\" height=\"667\" src=\"https:\/\/i0.wp.com\/cdn.media-acidadeon.com.br\/ribeiraopreto\/wp-content\/uploads\/sites\/3\/2025\/04\/centro-de-qualificacao_2025-04-16_19-24-49_jpg_2025-04-16_19-24-49.webp?resize=1000%2C667&#038;ssl=1\" alt=\"Centro de Qualifica\u00e7\u00e3o oferece cursos gratuitos - Foto: Fernando Gonzaga\/ CCS Ribeir\u00e3o Preto.\" class=\"wp-image-113900\" style=\"width:654px\" title=\"Ribeir\u00e3o tem 564 vagas para cursos profissionalizantes gratuitos; Veja op\u00e7\u00f5es 1\" srcset=\"https:\/\/cdn.media-acidadeon.com.br\/ribeiraopreto\/wp-content\/uploads\/sites\/3\/2025\/04\/centro-de-qualificacao_2025-04-16_19-24-49_jpg_2025-04-16_19-24-49.webp 1000w, https:\/\/cdn.media-acidadeon.com.br\/ribeiraopreto\/wp-content\/uploads\/sites\/3\/2025\/04\/centro-de-qualificacao_2025-04-16_19-24-49_jpg_2025-04-16_19-24-49-300x200.webp 300w, https:\/\/cdn.media-acidadeon.com.br\/ribeiraopreto\/wp-content\/uploads\/sites\/3\/2025\/04\/centro-de-qualificacao_2025-04-16_19-24-49_jpg_2025-04-16_19-24-49-768x512.webp 768w, https:\/\/cdn.media-acidadeon.com.br\/ribeiraopreto\/wp-content\/uploads\/sites\/3\/2025\/04\/centro-de-qualificacao_2025-04-16_19-24-49_jpg_2025-04-16_19-24-49-696x464.webp 696w\" sizes=\"(max-width: 1000px) 100vw, 1000px\"\/><figcaption class=\"wp-element-caption\">Centro de Qualifica\u00e7\u00e3o oferece cursos gratuitos \u2013 Foto: Fernando Gonzaga\/ CCS Ribeir\u00e3o Preto.<\/figcaption><\/figure>\n<\/div>\n<h2 class=\"wp-block-heading\"><strong>Quais s\u00e3o os cursos dispon\u00edveis?<\/strong><\/h2>\n<ul class=\"wp-block-list\">\n<li>Artesanato I e II<\/li>\n<li>Atendimento ao cliente<\/li>\n<li>Automaquiagem<\/li>\n<li>Auxiliar administrativo<\/li>\n<li>Barbearia<\/li>\n<li>Corte e costura<\/li>\n<li>Cuidador de idosos<\/li>\n<li>Culin\u00e1ria b\u00e1sica<\/li>\n<li>Design de sobrancelhas<\/li>\n<li>Depila\u00e7\u00e3o<\/li>\n<li>Est\u00e9tica facial e corporal<\/li>\n<li>Inform\u00e1tica b\u00e1sica<\/li>\n<li>Jardinagem<\/li>\n<li>Manicure e pedicure<\/li>\n<li>Panifica\u00e7\u00e3o artesanal<\/li>\n<li>Produ\u00e7\u00e3o de mudas<\/li>\n<li>Recep\u00e7\u00e3o e reservas em hotelaria<\/li>\n<li>Usando o celular 60+<\/li>\n<li>Bordado<\/li>\n<li>Croch\u00ea<\/li>\n<li>Bolsa de croch\u00ea<\/li>\n<li>Corte e escova<\/li>\n<li>Flor de fuxico<\/li>\n<li>Macram\u00ea<\/li>\n<li>Modelagem<\/li>\n<li>Petiscos e por\u00e7\u00f5es<\/li>\n<li>Empreendedorismo em diferentes \u00e1reas<\/li>\n<\/ul>\n<div class=\"wp-block-image\">\n<figure class=\"aligncenter size-large is-resized\"><img data-recalc-dims=\"1\" loading=\"lazy\" decoding=\"async\" width=\"1024\" height=\"683\" src=\"https:\/\/i0.wp.com\/cdn.media-acidadeon.com.br\/ribeiraopreto\/wp-content\/uploads\/sites\/3\/2025\/08\/cursos_centro_qualificacao_-_foto_guilherme_sircili_136_2025-08-25_12-41-51-1024x683.webp?resize=1024%2C683&#038;ssl=1\" alt=\"Design de sobrancelhas, depila\u00e7\u00e3o, est\u00e9tica facial e corporal est\u00e3o entre os cursos oferecidos - Foto: Guilherme Sircili.\" class=\"wp-image-126996\" style=\"width:654px\" title=\"Ribeir\u00e3o tem 564 vagas para cursos profissionalizantes gratuitos; Veja op\u00e7\u00f5es 2\" srcset=\"https:\/\/cdn.media-acidadeon.com.br\/ribeiraopreto\/wp-content\/uploads\/sites\/3\/2025\/08\/cursos_centro_qualificacao_-_foto_guilherme_sircili_136_2025-08-25_12-41-51-1024x683.webp 1024w, https:\/\/cdn.media-acidadeon.com.br\/ribeiraopreto\/wp-content\/uploads\/sites\/3\/2025\/08\/cursos_centro_qualificacao_-_foto_guilherme_sircili_136_2025-08-25_12-41-51-300x200.webp 300w, https:\/\/cdn.media-acidadeon.com.br\/ribeiraopreto\/wp-content\/uploads\/sites\/3\/2025\/08\/cursos_centro_qualificacao_-_foto_guilherme_sircili_136_2025-08-25_12-41-51-768x512.webp 768w, https:\/\/cdn.media-acidadeon.com.br\/ribeiraopreto\/wp-content\/uploads\/sites\/3\/2025\/08\/cursos_centro_qualificacao_-_foto_guilherme_sircili_136_2025-08-25_12-41-51-696x464.webp 696w, https:\/\/cdn.media-acidadeon.com.br\/ribeiraopreto\/wp-content\/uploads\/sites\/3\/2025\/08\/cursos_centro_qualificacao_-_foto_guilherme_sircili_136_2025-08-25_12-41-51-1068x712.webp 1068w, https:\/\/cdn.media-acidadeon.com.br\/ribeiraopreto\/wp-content\/uploads\/sites\/3\/2025\/08\/cursos_centro_qualificacao_-_foto_guilherme_sircili_136_2025-08-25_12-41-51.webp 1200w\" sizes=\"auto, (max-width: 1024px) 100vw, 1024px\"\/><figcaption class=\"wp-element-caption\">Design de sobrancelhas, depila\u00e7\u00e3o, est\u00e9tica facial e corporal est\u00e3o entre os cursos oferecidos \u2013 Foto: Guilherme Sircili.<\/figcaption><\/figure>\n<\/div>\n<h2 class=\"wp-block-heading\"><strong>Quem pode se inscrever?<\/strong><\/h2>\n<p>Podem se inscrever pessoas alfabetizadas, com 16 anos ou mais, residentes em Ribeir\u00e3o Preto. <strong>As turmas ter\u00e3o aulas duas vezes por semana.<\/strong> Mais informa\u00e7\u00f5es podem ser obtidas pelo telefone (16) 98161-6785.<\/p>\n<hr class=\"wp-block-separator has-alpha-channel-opacity\"\/>\n<p>SAIBA MAIS<\/p>\n<p>Acidente com BMW deixa uma pessoa morta e cinco feridas no Anel Vi\u00e1rio Sul<\/p>\n<h2 class=\"wp-block-heading\"><strong>FIQUE ON<\/strong><\/h2>\n<p>Fique ligado em tudo que acontece em Ribeir\u00e3o Preto e regi\u00e3o. Siga os perfis do\u00a0<strong>acidade on<\/strong>\u00a0no<a href=\"https:\/\/www.instagram.com\/acidadeonribeirao\" target=\"_blank\" rel=\"noreferrer noopener\">\u00a0Instagram<\/a>\u00a0e no<a href=\"https:\/\/www.facebook.com\/acidadeonribeirao\/\" target=\"_blank\" rel=\"noreferrer noopener\">\u00a0Facebook<\/a>.<\/p>\n<p>Receba not\u00edcias do<strong>\u00a0acidade on<\/strong>\u00a0no WhatsApp. Para entrar no grupo,\u00a0basta\u00a0<a href=\"https:\/\/chat.whatsapp.com\/I4nieTEMKlf50pJ28aMemC?mode=ac_t\" target=\"_blank\" rel=\"noreferrer noopener\">clicar aqui<\/a>. Ou, acesse o nosso<a href=\"https:\/\/whatsapp.com\/channel\/0029Vb6IQl1JENyAeS57fk2p\" target=\"_blank\" rel=\"noreferrer noopener\">\u00a0Canal clicando aqui<\/a>.<\/p>\n<p>Fa\u00e7a uma den\u00fancia ou sugira uma reportagem sobre Ribeir\u00e3o Preto e regi\u00e3o pelo WhatsApp: 16 99117 7802.<\/p>\n<p>VEJA TAMB\u00c9M<\/p>\n<p>Quando termina \u2018A Viagem\u2019?<\/p>\n<p><!-- AI CONTENT END 1 -->\n<\/div>\n<\/div>\n<p><script async src=\"\/\/www.instagram.com\/embed.js\"><\/script><br \/>\n<br \/><br \/>\n<br \/><a href=\"https:\/\/www.acidadeon.com\/ribeiraopreto\/economia\/ribeirao-tem-564-vagas-para-cursos-profissionalizantes-gratuitos-veja-opcoes\/\">Source link <\/a><\/p>\n<!-- CONTENT END 1 -->\n","protected":false},"excerpt":{"rendered":"<p>O Centro de Qualifica\u00e7\u00e3o Profissional de Ribeir\u00e3o Preto vai abrir, na segunda-feira (6), as inscri\u00e7\u00f5es para 564 vagas em 29 cursos profissionalizantes gratuitos. Os interessados&#8230;<\/p>\n","protected":false},"author":1,"featured_media":78199,"comment_status":"open","ping_status":"open","sticky":false,"template":"","format":"standard","meta":{"advanced_seo_description":"","jetpack_seo_html_title":"","jetpack_seo_noindex":false,"jetpack_post_was_ever_published":false,"_jetpack_newsletter_access":"","_jetpack_dont_email_post_to_subs":false,"_jetpack_newsletter_tier_id":0,"_jetpack_memberships_contains_paywalled_content":false,"_jetpack_memberships_contains_paid_content":false,"footnotes":"","jetpack_publicize_message":"","jetpack_publicize_feature_enabled":true,"jetpack_social_post_already_shared":true,"jetpack_social_options":{"image_generator_settings":{"template":"highway","default_image_id":0,"font":"","enabled":false},"version":2}},"categories":[11],"tags":[],"class_list":["post-78198","post","type-post","status-publish","format-standard","has-post-thumbnail","hentry","category-noticias-de-ribeirao-preto-sp-e-regiao-ismael-colosi"],"jetpack_publicize_connections":[],"jetpack_featured_media_url":"https:\/\/i0.wp.com\/noticiasribeiraopreto.com.br\/wp-content\/uploads\/2025\/10\/cursos_centro_qualificacao_-_foto_guilherme_sircili_034_2025-10-04_14-05-53.webp.webp?fit=1200%2C800&ssl=1","jetpack-related-posts":[{"id":76867,"url":"https:\/\/noticiasribeiraopreto.com.br\/index.php\/2025\/09\/07\/hc-de-ribeirao-publica-edital-de-processo-seletivo-para-cursos-profissionalizantes-gratuitos\/","url_meta":{"origin":78198,"position":0},"title":"HC de Ribeir\u00e3o publica edital de processo seletivo para cursos profissionalizantes gratuitos","author":"noticiasribeiraopreto.com.br","date":"7 de September de 2025","format":false,"excerpt":"O HCRP (Hospital das Cl\u00ednicas de Ribeir\u00e3o Preto) publicou edital de para processo seletivo de dois cursos profissionalizantes gratuitos. As oportunidades s\u00e3o para cuidadores de idosos e fabrica\u00e7\u00e3o de \u00f3rteses e pr\u00f3teses. Com se inscrever? Os interessados em participar do professo seletivo devem se inscrever pelo site do hospital (clique\u2026","rel":"","context":"In &quot;Not\u00edcias de Ribeir\u00e3o Preto-SP e Regi\u00e3o&quot;","block_context":{"text":"Not\u00edcias de Ribeir\u00e3o Preto-SP e Regi\u00e3o","link":"https:\/\/noticiasribeiraopreto.com.br\/index.php\/category\/noticias-de-ribeirao-preto-sp-e-regiao-ismael-colosi\/"},"img":{"alt_text":"","src":"https:\/\/i0.wp.com\/noticiasribeiraopreto.com.br\/wp-content\/uploads\/2025\/09\/Capturar_2024-05-10_20-51-42_jpg_2024-05-10_20-51-42_2024-07-01_14-46-58.webp.webp?fit=830%2C371&ssl=1&resize=350%2C200","width":350,"height":200,"srcset":"https:\/\/i0.wp.com\/noticiasribeiraopreto.com.br\/wp-content\/uploads\/2025\/09\/Capturar_2024-05-10_20-51-42_jpg_2024-05-10_20-51-42_2024-07-01_14-46-58.webp.webp?fit=830%2C371&ssl=1&resize=350%2C200 1x, https:\/\/i0.wp.com\/noticiasribeiraopreto.com.br\/wp-content\/uploads\/2025\/09\/Capturar_2024-05-10_20-51-42_jpg_2024-05-10_20-51-42_2024-07-01_14-46-58.webp.webp?fit=830%2C371&ssl=1&resize=525%2C300 1.5x, https:\/\/i0.wp.com\/noticiasribeiraopreto.com.br\/wp-content\/uploads\/2025\/09\/Capturar_2024-05-10_20-51-42_jpg_2024-05-10_20-51-42_2024-07-01_14-46-58.webp.webp?fit=830%2C371&ssl=1&resize=700%2C400 2x"},"classes":[]},{"id":78395,"url":"https:\/\/noticiasribeiraopreto.com.br\/index.php\/2025\/10\/09\/ribeirao-tem-curso-profissionalizante-gratuito-na-area-de-logistica-veja-como-participar\/","url_meta":{"origin":78198,"position":1},"title":"Ribeir\u00e3o tem curso profissionalizante gratuito na \u00e1rea de log\u00edstica; Veja como participar","author":"noticiasribeiraopreto.com.br","date":"9 de October de 2025","format":false,"excerpt":"Est\u00e3o abertas as inscri\u00e7\u00f5es para o Movimenta, curso profissionalizante de Assistente Administrativo e de Log\u00edstica gratuito em Ribeir\u00e3o Preto. Ao todo, s\u00e3o 20 vagas para jovens nascidos entre 2007 e 2009. O curso \u00e9 oferecido pela Rodonaves, em parceria com a Funda\u00e7\u00e3o Iochpe, por meio do programa Formare. A forma\u00e7\u00e3o\u2026","rel":"","context":"In &quot;Not\u00edcias de Ribeir\u00e3o Preto-SP e Regi\u00e3o&quot;","block_context":{"text":"Not\u00edcias de Ribeir\u00e3o Preto-SP e Regi\u00e3o","link":"https:\/\/noticiasribeiraopreto.com.br\/index.php\/category\/noticias-de-ribeirao-preto-sp-e-regiao-ismael-colosi\/"},"img":{"alt_text":"","src":"https:\/\/i0.wp.com\/noticiasribeiraopreto.com.br\/wp-content\/uploads\/2025\/10\/curso-logistica_2025-10-09_20-19-45.webp.webp?fit=1200%2C677&ssl=1&resize=350%2C200","width":350,"height":200,"srcset":"https:\/\/i0.wp.com\/noticiasribeiraopreto.com.br\/wp-content\/uploads\/2025\/10\/curso-logistica_2025-10-09_20-19-45.webp.webp?fit=1200%2C677&ssl=1&resize=350%2C200 1x, https:\/\/i0.wp.com\/noticiasribeiraopreto.com.br\/wp-content\/uploads\/2025\/10\/curso-logistica_2025-10-09_20-19-45.webp.webp?fit=1200%2C677&ssl=1&resize=525%2C300 1.5x, https:\/\/i0.wp.com\/noticiasribeiraopreto.com.br\/wp-content\/uploads\/2025\/10\/curso-logistica_2025-10-09_20-19-45.webp.webp?fit=1200%2C677&ssl=1&resize=700%2C400 2x, https:\/\/i0.wp.com\/noticiasribeiraopreto.com.br\/wp-content\/uploads\/2025\/10\/curso-logistica_2025-10-09_20-19-45.webp.webp?fit=1200%2C677&ssl=1&resize=1050%2C600 3x"},"classes":[]},{"id":49880,"url":"https:\/\/noticiasribeiraopreto.com.br\/index.php\/2024\/05\/13\/ribeirao-preto-tem-mais-de-100-vagas-para-cursos-profissionalizantes-gratuitos\/","url_meta":{"origin":78198,"position":2},"title":"Ribeir\u00e3o Preto tem mais de 100 vagas para cursos profissionalizantes gratuitos","author":"noticiasribeiraopreto.com.br","date":"13 de May de 2024","format":false,"excerpt":"O Centro de Qualifica\u00e7\u00e3o Profissional de Ribeir\u00e3o Preto informou, nesta segunda-feira (13), que est\u00e3o abertas as inscri\u00e7\u00f5es para mais 100 vagas de cursos profissionalizantes gratuitos no munic\u00edpio. As inscri\u00e7\u00f5es devem ser realizadas de forma on-line (clique aqui) at\u00e9 o dia 17 de maio. Os hor\u00e1rios dos cursos variam entre os\u2026","rel":"","context":"In &quot;Not\u00edcias de Ribeir\u00e3o Preto-SP e Regi\u00e3o&quot;","block_context":{"text":"Not\u00edcias de Ribeir\u00e3o Preto-SP e Regi\u00e3o","link":"https:\/\/noticiasribeiraopreto.com.br\/index.php\/category\/noticias-de-ribeirao-preto-sp-e-regiao-ismael-colosi\/"},"img":{"alt_text":"","src":"https:\/\/i0.wp.com\/noticiasribeiraopreto.com.br\/wp-content\/uploads\/2024\/05\/mulher-passando-por-um-tratamento-de-microblading-scaled.jpg?fit=1200%2C800&ssl=1&resize=350%2C200","width":350,"height":200,"srcset":"https:\/\/i0.wp.com\/noticiasribeiraopreto.com.br\/wp-content\/uploads\/2024\/05\/mulher-passando-por-um-tratamento-de-microblading-scaled.jpg?fit=1200%2C800&ssl=1&resize=350%2C200 1x, https:\/\/i0.wp.com\/noticiasribeiraopreto.com.br\/wp-content\/uploads\/2024\/05\/mulher-passando-por-um-tratamento-de-microblading-scaled.jpg?fit=1200%2C800&ssl=1&resize=525%2C300 1.5x, https:\/\/i0.wp.com\/noticiasribeiraopreto.com.br\/wp-content\/uploads\/2024\/05\/mulher-passando-por-um-tratamento-de-microblading-scaled.jpg?fit=1200%2C800&ssl=1&resize=700%2C400 2x, https:\/\/i0.wp.com\/noticiasribeiraopreto.com.br\/wp-content\/uploads\/2024\/05\/mulher-passando-por-um-tratamento-de-microblading-scaled.jpg?fit=1200%2C800&ssl=1&resize=1050%2C600 3x"},"classes":[]},{"id":46916,"url":"https:\/\/noticiasribeiraopreto.com.br\/index.php\/2024\/04\/15\/ribeirao-preto-tem-mais-de-400-vagas-abertas-para-cursos-profissionalizantes-gratuitos\/","url_meta":{"origin":78198,"position":3},"title":"Ribeir\u00e3o Preto tem mais de 400 vagas abertas para cursos profissionalizantes gratuitos","author":"noticiasribeiraopreto.com.br","date":"15 de April de 2024","format":false,"excerpt":"O Centro de Qualifica\u00e7\u00e3o Social e Profissional de Ribeir\u00e3o Preto est\u00e1 com inscri\u00e7\u00f5es abertas, at\u00e9 o dia 19 de abril, para 416 vagas em cursos de diversos segmentos (veja abaixo). Os interessados devem se inscrever exclusivamente pelo site (clique aqui). No ato da inscri\u00e7\u00e3o, \u00e9 importante que os candidatos preencham\u2026","rel":"","context":"In &quot;Not\u00edcias de Ribeir\u00e3o Preto-SP e Regi\u00e3o&quot;","block_context":{"text":"Not\u00edcias de Ribeir\u00e3o Preto-SP e Regi\u00e3o","link":"https:\/\/noticiasribeiraopreto.com.br\/index.php\/category\/noticias-de-ribeirao-preto-sp-e-regiao-ismael-colosi\/"},"img":{"alt_text":"","src":"https:\/\/i0.wp.com\/noticiasribeiraopreto.com.br\/wp-content\/uploads\/2024\/04\/mulher-passando-por-um-tratamento-de-microblading-scaled.jpg?fit=1200%2C800&ssl=1&resize=350%2C200","width":350,"height":200,"srcset":"https:\/\/i0.wp.com\/noticiasribeiraopreto.com.br\/wp-content\/uploads\/2024\/04\/mulher-passando-por-um-tratamento-de-microblading-scaled.jpg?fit=1200%2C800&ssl=1&resize=350%2C200 1x, https:\/\/i0.wp.com\/noticiasribeiraopreto.com.br\/wp-content\/uploads\/2024\/04\/mulher-passando-por-um-tratamento-de-microblading-scaled.jpg?fit=1200%2C800&ssl=1&resize=525%2C300 1.5x, https:\/\/i0.wp.com\/noticiasribeiraopreto.com.br\/wp-content\/uploads\/2024\/04\/mulher-passando-por-um-tratamento-de-microblading-scaled.jpg?fit=1200%2C800&ssl=1&resize=700%2C400 2x, https:\/\/i0.wp.com\/noticiasribeiraopreto.com.br\/wp-content\/uploads\/2024\/04\/mulher-passando-por-um-tratamento-de-microblading-scaled.jpg?fit=1200%2C800&ssl=1&resize=1050%2C600 3x"},"classes":[]},{"id":33448,"url":"https:\/\/noticiasribeiraopreto.com.br\/index.php\/2024\/01\/29\/ribeirao-tem-450-vagas-para-cursos-profissionalizantes-veja-as-opcoes\/","url_meta":{"origin":78198,"position":4},"title":"Ribeir\u00e3o tem 450 vagas para cursos profissionalizantes; Veja as op\u00e7\u00f5es","author":"noticiasribeiraopreto.com.br","date":"29 de January de 2024","format":false,"excerpt":"O Centro de Qualifica\u00e7\u00e3o Profissional de Ribeir\u00e3o Preto abriu, nesta segunda-feira (29), as inscri\u00e7\u00f5es para 452 vagas de cursos profissionalizantes presenciais e gratuitos. As inscri\u00e7\u00f5es s\u00e3o feitas de forma on-line (clique aqui) e devem ser realizada at\u00e9 o dia 4 de fevereiro, domingo. Os cursos s\u00e3o oferecidos nos per\u00edodos da\u2026","rel":"","context":"In &quot;Not\u00edcias de Ribeir\u00e3o Preto-SP e Regi\u00e3o&quot;","block_context":{"text":"Not\u00edcias de Ribeir\u00e3o Preto-SP e Regi\u00e3o","link":"https:\/\/noticiasribeiraopreto.com.br\/index.php\/category\/noticias-de-ribeirao-preto-sp-e-regiao-ismael-colosi\/"},"img":{"alt_text":"","src":"https:\/\/i0.wp.com\/noticiasribeiraopreto.com.br\/wp-content\/uploads\/2024\/01\/mulher-passando-por-um-tratamento-de-microblading-scaled.jpg?fit=1200%2C800&ssl=1&resize=350%2C200","width":350,"height":200,"srcset":"https:\/\/i0.wp.com\/noticiasribeiraopreto.com.br\/wp-content\/uploads\/2024\/01\/mulher-passando-por-um-tratamento-de-microblading-scaled.jpg?fit=1200%2C800&ssl=1&resize=350%2C200 1x, https:\/\/i0.wp.com\/noticiasribeiraopreto.com.br\/wp-content\/uploads\/2024\/01\/mulher-passando-por-um-tratamento-de-microblading-scaled.jpg?fit=1200%2C800&ssl=1&resize=525%2C300 1.5x, https:\/\/i0.wp.com\/noticiasribeiraopreto.com.br\/wp-content\/uploads\/2024\/01\/mulher-passando-por-um-tratamento-de-microblading-scaled.jpg?fit=1200%2C800&ssl=1&resize=700%2C400 2x, https:\/\/i0.wp.com\/noticiasribeiraopreto.com.br\/wp-content\/uploads\/2024\/01\/mulher-passando-por-um-tratamento-de-microblading-scaled.jpg?fit=1200%2C800&ssl=1&resize=1050%2C600 3x"},"classes":[]},{"id":43500,"url":"https:\/\/noticiasribeiraopreto.com.br\/index.php\/2024\/03\/21\/ribeirao-preto-esta-com-inscricoes-abertas-para-cursos-profissionalizantes-gratuitos-veja-opcoes\/","url_meta":{"origin":78198,"position":5},"title":"Ribeir\u00e3o Preto est\u00e1 com inscri\u00e7\u00f5es abertas para cursos profissionalizantes gratuitos; Veja op\u00e7\u00f5es","author":"noticiasribeiraopreto.com.br","date":"21 de March de 2024","format":false,"excerpt":"O Centro de Qualifica\u00e7\u00e3o Social e Profissional de Ribeir\u00e3o Preto est\u00e1 com as inscri\u00e7\u00f5es abertas para diferentes cursos profissionalizantes, em seis locais diferentes da cidade. No total, 230 vagas est\u00e3o sendo ofertadas. Por meio da Secretaria de Assist\u00eancia Social, os cursos buscam \u201cproporcionar aos alunos uma forma\u00e7\u00e3o abrangente e alinhada\u2026","rel":"","context":"In &quot;Not\u00edcias de Ribeir\u00e3o Preto-SP e Regi\u00e3o&quot;","block_context":{"text":"Not\u00edcias de Ribeir\u00e3o Preto-SP e Regi\u00e3o","link":"https:\/\/noticiasribeiraopreto.com.br\/index.php\/category\/noticias-de-ribeirao-preto-sp-e-regiao-ismael-colosi\/"},"img":{"alt_text":"","src":"https:\/\/i0.wp.com\/noticiasribeiraopreto.com.br\/wp-content\/uploads\/2024\/03\/centro_de_1200x675_06042022214121.jpg?fit=1200%2C674&ssl=1&resize=350%2C200","width":350,"height":200,"srcset":"https:\/\/i0.wp.com\/noticiasribeiraopreto.com.br\/wp-content\/uploads\/2024\/03\/centro_de_1200x675_06042022214121.jpg?fit=1200%2C674&ssl=1&resize=350%2C200 1x, https:\/\/i0.wp.com\/noticiasribeiraopreto.com.br\/wp-content\/uploads\/2024\/03\/centro_de_1200x675_06042022214121.jpg?fit=1200%2C674&ssl=1&resize=525%2C300 1.5x, https:\/\/i0.wp.com\/noticiasribeiraopreto.com.br\/wp-content\/uploads\/2024\/03\/centro_de_1200x675_06042022214121.jpg?fit=1200%2C674&ssl=1&resize=700%2C400 2x, https:\/\/i0.wp.com\/noticiasribeiraopreto.com.br\/wp-content\/uploads\/2024\/03\/centro_de_1200x675_06042022214121.jpg?fit=1200%2C674&ssl=1&resize=1050%2C600 3x"},"classes":[]}],"jetpack_sharing_enabled":true,"jetpack_shortlink":"https:\/\/wp.me\/peQAOb-klg","_links":{"self":[{"href":"https:\/\/noticiasribeiraopreto.com.br\/index.php\/wp-json\/wp\/v2\/posts\/78198","targetHints":{"allow":["GET"]}}],"collection":[{"href":"https:\/\/noticiasribeiraopreto.com.br\/index.php\/wp-json\/wp\/v2\/posts"}],"about":[{"href":"https:\/\/noticiasribeiraopreto.com.br\/index.php\/wp-json\/wp\/v2\/types\/post"}],"author":[{"embeddable":true,"href":"https:\/\/noticiasribeiraopreto.com.br\/index.php\/wp-json\/wp\/v2\/users\/1"}],"replies":[{"embeddable":true,"href":"https:\/\/noticiasribeiraopreto.com.br\/index.php\/wp-json\/wp\/v2\/comments?post=78198"}],"version-history":[{"count":0,"href":"https:\/\/noticiasribeiraopreto.com.br\/index.php\/wp-json\/wp\/v2\/posts\/78198\/revisions"}],"wp:featuredmedia":[{"embeddable":true,"href":"https:\/\/noticiasribeiraopreto.com.br\/index.php\/wp-json\/wp\/v2\/media\/78199"}],"wp:attachment":[{"href":"https:\/\/noticiasribeiraopreto.com.br\/index.php\/wp-json\/wp\/v2\/media?parent=78198"}],"wp:term":[{"taxonomy":"category","embeddable":true,"href":"https:\/\/noticiasribeiraopreto.com.br\/index.php\/wp-json\/wp\/v2\/categories?post=78198"},{"taxonomy":"post_tag","embeddable":true,"href":"https:\/\/noticiasribeiraopreto.com.br\/index.php\/wp-json\/wp\/v2\/tags?post=78198"}],"curies":[{"name":"wp","href":"https:\/\/api.w.org\/{rel}","templated":true}]}}