{"id":78200,"date":"2025-10-04T12:04:36","date_gmt":"2025-10-04T15:04:36","guid":{"rendered":"https:\/\/noticiasribeiraopreto.com.br\/index.php\/2025\/10\/04\/acidente-com-bmw-deixa-uma-pessoa-morta-e-cinco-feridas-no-anel-viario-sul\/"},"modified":"2025-10-04T12:04:36","modified_gmt":"2025-10-04T15:04:36","slug":"acidente-com-bmw-deixa-uma-pessoa-morta-e-cinco-feridas-no-anel-viario-sul","status":"publish","type":"post","link":"https:\/\/noticiasribeiraopreto.com.br\/index.php\/2025\/10\/04\/acidente-com-bmw-deixa-uma-pessoa-morta-e-cinco-feridas-no-anel-viario-sul\/","title":{"rendered":"Acidente com BMW deixa uma pessoa morta e cinco feridas no Anel Vi\u00e1rio Sul"},"content":{"rendered":"<div class='code-block code-block-1' style='margin: 8px 0 8px auto; text-align: right; display: block; clear: both;'>\n<p><a href=\"https:\/\/wa.link\/vpicfd\"><img data-recalc-dims=\"1\" class=\"wp-image-4922\" style=\"aspect-ratio: 2.0253164556962027; width: 561px; height: auto;\" src=\"https:\/\/i0.wp.com\/ismaelcolosi.com.br\/wp-content\/uploads\/2023\/11\/grupo-de-empregos-whatsapp-e-facebook-ismael-colosi-vagas.jpg?ssl=1\" alt=\"\" \/><\/a><\/p>\n<!-- \/wp:image -->\n<\/div>\n<p> <br \/>\n<\/p>\n<div data-td-block-uid=\"tdi_95\">\n<div class=\"tdb-block-inner td-fix-index\">\n<p><strong>Uma pessoa morreu <\/strong>e <strong>outras cinco ficaram feridas <\/strong>ap\u00f3s um acidente de tr\u00e2nsito no <strong>Anel Vi\u00e1rio Sul (rodovia Ant\u00f4nio Duarte Nogueira, SP-322)<\/strong>, em <strong>Ribeir\u00e3o Preto<\/strong>, no final da noite desta sexta-feira (3).<\/p>\n<p>De acordo com informa\u00e7\u00f5es do <strong>Centro de Controle de Informa\u00e7\u00f5es (CCI) <\/strong>da <strong>Artesp<\/strong>, uma <strong>BMW <\/strong>seguia no sentido Leste quando, nas proximidades do km 314, por motivos ainda a serem esclarecidos, colidiu na traseira de um <strong>Gol<\/strong>.<\/p>\n<p>Com o impacto, os dois ve\u00edculos ficaram imobilizados na faixa 2 de rolamento. Segundo o <strong>CCI<\/strong>, os <strong>dois ocupantes da BMW <\/strong>e <strong>tr\u00eas passageiros do Gol <\/strong>sofreram ferimentos leves.<\/p>\n<p><mark style=\"background-color:#fcb900\" class=\"has-inline-color\">O motorista do Gol, por\u00e9m, n\u00e3o resistiu e morreu no local. At\u00e9 o momento, n\u00e3o h\u00e1 informa\u00e7\u00f5es sobre sua identidade.<\/mark><\/p>\n<p>A rodovia chegou a ser interditada para o atendimento da ocorr\u00eancia, mas as faixas foram totalmente liberadas por volta das 6h deste s\u00e1bado (4).<\/p>\n<p>Equipes da Pol\u00edcia Militar Rodovi\u00e1ria, do Corpo de Bombeiros e da concession\u00e1ria respons\u00e1vel pela via atenderam a ocorr\u00eancia. O caso ser\u00e1 investigado pela Pol\u00edcia Civil.<\/p>\n<figure class=\"wp-block-gallery has-nested-images columns-default is-cropped wp-block-gallery-1 is-layout-flex wp-block-gallery-is-layout-flex\">\n<figure class=\"wp-block-image size-large\"><img data-recalc-dims=\"1\" fetchpriority=\"high\" decoding=\"async\" width=\"1024\" height=\"576\" data-id=\"131241\" src=\"https:\/\/i0.wp.com\/cdn.media-acidadeon.com.br\/ribeiraopreto\/wp-content\/uploads\/sites\/3\/2025\/10\/download-45_2025-10-04_13-31-29-1024x576.webp?resize=1024%2C576&#038;ssl=1\" alt=\"Motorista morre ap\u00f3s colis\u00e3o entre BMW e Gol no Anel Vi\u00e1rio Sul, em Ribeir\u00e3o Preto - Foto: reprodu\u00e7\u00e3o\/ CCI Artesp.\" class=\"wp-image-131241\" title=\"Acidente com BMW deixa uma pessoa morta e cinco feridas no Anel Vi\u00e1rio Sul 1\" srcset=\"https:\/\/cdn.media-acidadeon.com.br\/ribeiraopreto\/wp-content\/uploads\/sites\/3\/2025\/10\/download-45_2025-10-04_13-31-29-1024x576.webp 1024w, https:\/\/cdn.media-acidadeon.com.br\/ribeiraopreto\/wp-content\/uploads\/sites\/3\/2025\/10\/download-45_2025-10-04_13-31-29-300x169.webp 300w, https:\/\/cdn.media-acidadeon.com.br\/ribeiraopreto\/wp-content\/uploads\/sites\/3\/2025\/10\/download-45_2025-10-04_13-31-29-768x432.webp 768w, https:\/\/cdn.media-acidadeon.com.br\/ribeiraopreto\/wp-content\/uploads\/sites\/3\/2025\/10\/download-45_2025-10-04_13-31-29-696x392.webp 696w, https:\/\/cdn.media-acidadeon.com.br\/ribeiraopreto\/wp-content\/uploads\/sites\/3\/2025\/10\/download-45_2025-10-04_13-31-29-1068x601.webp 1068w, https:\/\/cdn.media-acidadeon.com.br\/ribeiraopreto\/wp-content\/uploads\/sites\/3\/2025\/10\/download-45_2025-10-04_13-31-29.webp 1200w\" sizes=\"(max-width: 1024px) 100vw, 1024px\"\/><figcaption class=\"wp-element-caption\">Motorista morre ap\u00f3s colis\u00e3o entre BMW e Gol no Anel Vi\u00e1rio Sul, em Ribeir\u00e3o Preto \u2013 Foto: reprodu\u00e7\u00e3o\/ CCI Artesp.<\/figcaption><\/figure>\n<figure class=\"wp-block-image size-large\"><img data-recalc-dims=\"1\" loading=\"lazy\" decoding=\"async\" width=\"1024\" height=\"576\" data-id=\"131242\" src=\"https:\/\/i0.wp.com\/cdn.media-acidadeon.com.br\/ribeiraopreto\/wp-content\/uploads\/sites\/3\/2025\/10\/download-44_2025-10-04_13-31-31-1024x576.webp?resize=1024%2C576&#038;ssl=1\" alt=\"Motorista morre ap\u00f3s colis\u00e3o entre BMW e Gol no Anel Vi\u00e1rio Sul, em Ribeir\u00e3o Preto - Foto: reprodu\u00e7\u00e3o\/ CCI Artesp.\" class=\"wp-image-131242\" title=\"Acidente com BMW deixa uma pessoa morta e cinco feridas no Anel Vi\u00e1rio Sul 2\" srcset=\"https:\/\/cdn.media-acidadeon.com.br\/ribeiraopreto\/wp-content\/uploads\/sites\/3\/2025\/10\/download-44_2025-10-04_13-31-31-1024x576.webp 1024w, https:\/\/cdn.media-acidadeon.com.br\/ribeiraopreto\/wp-content\/uploads\/sites\/3\/2025\/10\/download-44_2025-10-04_13-31-31-300x169.webp 300w, https:\/\/cdn.media-acidadeon.com.br\/ribeiraopreto\/wp-content\/uploads\/sites\/3\/2025\/10\/download-44_2025-10-04_13-31-31-768x432.webp 768w, https:\/\/cdn.media-acidadeon.com.br\/ribeiraopreto\/wp-content\/uploads\/sites\/3\/2025\/10\/download-44_2025-10-04_13-31-31-696x392.webp 696w, https:\/\/cdn.media-acidadeon.com.br\/ribeiraopreto\/wp-content\/uploads\/sites\/3\/2025\/10\/download-44_2025-10-04_13-31-31-1068x601.webp 1068w, https:\/\/cdn.media-acidadeon.com.br\/ribeiraopreto\/wp-content\/uploads\/sites\/3\/2025\/10\/download-44_2025-10-04_13-31-31.webp 1200w\" sizes=\"auto, (max-width: 1024px) 100vw, 1024px\"\/><figcaption class=\"wp-element-caption\">Motorista morre ap\u00f3s colis\u00e3o entre BMW e Gol no Anel Vi\u00e1rio Sul, em Ribeir\u00e3o Preto \u2013 Foto: reprodu\u00e7\u00e3o\/ CCI Artesp.<\/figcaption><\/figure>\n<figure class=\"wp-block-image size-large\"><img data-recalc-dims=\"1\" loading=\"lazy\" decoding=\"async\" width=\"1024\" height=\"576\" data-id=\"131243\" src=\"https:\/\/i0.wp.com\/cdn.media-acidadeon.com.br\/ribeiraopreto\/wp-content\/uploads\/sites\/3\/2025\/10\/download-42_2025-10-04_13-31-33-1024x576.webp?resize=1024%2C576&#038;ssl=1\" alt=\"Motorista morre ap\u00f3s colis\u00e3o entre BMW e Gol no Anel Vi\u00e1rio Sul, em Ribeir\u00e3o Preto - Foto: reprodu\u00e7\u00e3o\/ CCI Artesp.\" class=\"wp-image-131243\" title=\"Acidente com BMW deixa uma pessoa morta e cinco feridas no Anel Vi\u00e1rio Sul 3\" srcset=\"https:\/\/cdn.media-acidadeon.com.br\/ribeiraopreto\/wp-content\/uploads\/sites\/3\/2025\/10\/download-42_2025-10-04_13-31-33-1024x576.webp 1024w, https:\/\/cdn.media-acidadeon.com.br\/ribeiraopreto\/wp-content\/uploads\/sites\/3\/2025\/10\/download-42_2025-10-04_13-31-33-300x169.webp 300w, https:\/\/cdn.media-acidadeon.com.br\/ribeiraopreto\/wp-content\/uploads\/sites\/3\/2025\/10\/download-42_2025-10-04_13-31-33-768x432.webp 768w, https:\/\/cdn.media-acidadeon.com.br\/ribeiraopreto\/wp-content\/uploads\/sites\/3\/2025\/10\/download-42_2025-10-04_13-31-33-696x392.webp 696w, https:\/\/cdn.media-acidadeon.com.br\/ribeiraopreto\/wp-content\/uploads\/sites\/3\/2025\/10\/download-42_2025-10-04_13-31-33-1068x601.webp 1068w, https:\/\/cdn.media-acidadeon.com.br\/ribeiraopreto\/wp-content\/uploads\/sites\/3\/2025\/10\/download-42_2025-10-04_13-31-33.webp 1200w\" sizes=\"auto, (max-width: 1024px) 100vw, 1024px\"\/><figcaption class=\"wp-element-caption\">Motorista morre ap\u00f3s colis\u00e3o entre BMW e Gol no Anel Vi\u00e1rio Sul, em Ribeir\u00e3o Preto \u2013 Foto: reprodu\u00e7\u00e3o\/ CCI Artesp.<\/figcaption><\/figure>\n<\/figure>\n<hr class=\"wp-block-separator has-alpha-channel-opacity\"\/>\n<p>SAIBA MAIS<\/p>\n<p>Morador de Barretos est\u00e1 entre os 15 brasileiros detidos por Israel em a\u00e7\u00e3o pr\u00f3xima \u00e0 Faixa de Gaza<\/p>\n<h2 class=\"wp-block-heading\"><strong>FIQUE ON<\/strong><\/h2>\n<p>Fique ligado em tudo que acontece em Ribeir\u00e3o Preto e regi\u00e3o. Siga os perfis do\u00a0<strong>acidade on<\/strong>\u00a0no<a href=\"https:\/\/www.instagram.com\/acidadeonribeirao\" target=\"_blank\" rel=\"noreferrer noopener\">\u00a0Instagram<\/a>\u00a0e no<a href=\"https:\/\/www.facebook.com\/acidadeonribeirao\/\" target=\"_blank\" rel=\"noreferrer noopener\">\u00a0Facebook<\/a>.<\/p>\n<p>Receba not\u00edcias do<strong>\u00a0acidade on<\/strong>\u00a0no WhatsApp. Para entrar no grupo,\u00a0basta\u00a0<a href=\"https:\/\/chat.whatsapp.com\/I4nieTEMKlf50pJ28aMemC?mode=ac_t\" target=\"_blank\" rel=\"noreferrer noopener\">clicar aqui<\/a>. Ou, acesse o nosso<a href=\"https:\/\/whatsapp.com\/channel\/0029Vb6IQl1JENyAeS57fk2p\" target=\"_blank\" rel=\"noreferrer noopener\">\u00a0Canal clicando aqui<\/a>.<\/p>\n<p>Fa\u00e7a uma den\u00fancia ou sugira uma reportagem sobre Ribeir\u00e3o Preto e regi\u00e3o pelo WhatsApp: 16 99117 7802.<\/p>\n<p>VEJA TAMB\u00c9M<\/p>\n<p>Mega-Sena 2923: como participar do sorteio de R$ 12 milh\u00f5es?<\/p>\n<p><!-- AI CONTENT END 1 -->\n<\/div>\n<\/div>\n<p><script async src=\"\/\/www.instagram.com\/embed.js\"><\/script><br \/>\n<br \/><br \/>\n<br \/><a href=\"https:\/\/www.acidadeon.com\/ribeiraopreto\/cotidiano\/acidente-com-bmw-deixa-uma-pessoa-morta-e-cinco-feridas-no-anel-viario-sul\/\">Source link <\/a><\/p>\n<!-- CONTENT END 1 -->\n","protected":false},"excerpt":{"rendered":"<p>Uma pessoa morreu e outras cinco ficaram feridas ap\u00f3s um acidente de tr\u00e2nsito no Anel Vi\u00e1rio Sul (rodovia Ant\u00f4nio Duarte Nogueira, SP-322), em Ribeir\u00e3o Preto,&#8230;<\/p>\n","protected":false},"author":1,"featured_media":78201,"comment_status":"open","ping_status":"open","sticky":false,"template":"","format":"standard","meta":{"advanced_seo_description":"","jetpack_seo_html_title":"","jetpack_seo_noindex":false,"jetpack_post_was_ever_published":false,"_jetpack_newsletter_access":"","_jetpack_dont_email_post_to_subs":false,"_jetpack_newsletter_tier_id":0,"_jetpack_memberships_contains_paywalled_content":false,"_jetpack_memberships_contains_paid_content":false,"footnotes":"","jetpack_publicize_message":"","jetpack_publicize_feature_enabled":true,"jetpack_social_post_already_shared":true,"jetpack_social_options":{"image_generator_settings":{"template":"highway","default_image_id":0,"font":"","enabled":false},"version":2}},"categories":[11],"tags":[],"class_list":["post-78200","post","type-post","status-publish","format-standard","has-post-thumbnail","hentry","category-noticias-de-ribeirao-preto-sp-e-regiao-ismael-colosi"],"jetpack_publicize_connections":[],"jetpack_featured_media_url":"https:\/\/i0.wp.com\/noticiasribeiraopreto.com.br\/wp-content\/uploads\/2025\/10\/download-43_2025-10-04_13-28-33.webp.webp?fit=1200%2C675&ssl=1","jetpack-related-posts":[{"id":58685,"url":"https:\/\/noticiasribeiraopreto.com.br\/index.php\/2024\/10\/03\/acidente-entre-carros-e-moto-deixa-cinco-pessoas-feridas-no-anel-viario-sul-em-ribeirao\/","url_meta":{"origin":78200,"position":0},"title":"Acidente entre carros e moto deixa cinco pessoas feridas no Anel Vi\u00e1rio Sul em Ribeir\u00e3o","author":"noticiasribeiraopreto.com.br","date":"3 de October de 2024","format":false,"excerpt":"Cinco pessoas ficaram feridas ap\u00f3s um acidente envolvendo dois ve\u00edculos e uma motocicleta na rodovia Ant\u00f4nio Duarte Nogueira (SP-322), Anel Vi\u00e1rio Sul, no final da tarde desta quinta-feira (3). Conforme apura\u00e7\u00e3o da CBN Ribeir\u00e3o, entre os envolvidos est\u00e1 um beb\u00ea que estava em um dos carros. Ainda n\u00e3o h\u00e1 informa\u00e7\u00f5es\u2026","rel":"","context":"In &quot;Not\u00edcias de Ribeir\u00e3o Preto-SP e Regi\u00e3o&quot;","block_context":{"text":"Not\u00edcias de Ribeir\u00e3o Preto-SP e Regi\u00e3o","link":"https:\/\/noticiasribeiraopreto.com.br\/index.php\/category\/noticias-de-ribeirao-preto-sp-e-regiao-ismael-colosi\/"},"img":{"alt_text":"","src":"https:\/\/i0.wp.com\/noticiasribeiraopreto.com.br\/wp-content\/uploads\/2024\/10\/WhatsApp-Image-2024-10-03-at-18.13.29_2024-10-03_21-21-38_jpeg_2024-10-03_21-21-39-scaled.webp.webp?fit=1200%2C900&ssl=1&resize=350%2C200","width":350,"height":200,"srcset":"https:\/\/i0.wp.com\/noticiasribeiraopreto.com.br\/wp-content\/uploads\/2024\/10\/WhatsApp-Image-2024-10-03-at-18.13.29_2024-10-03_21-21-38_jpeg_2024-10-03_21-21-39-scaled.webp.webp?fit=1200%2C900&ssl=1&resize=350%2C200 1x, https:\/\/i0.wp.com\/noticiasribeiraopreto.com.br\/wp-content\/uploads\/2024\/10\/WhatsApp-Image-2024-10-03-at-18.13.29_2024-10-03_21-21-38_jpeg_2024-10-03_21-21-39-scaled.webp.webp?fit=1200%2C900&ssl=1&resize=525%2C300 1.5x, https:\/\/i0.wp.com\/noticiasribeiraopreto.com.br\/wp-content\/uploads\/2024\/10\/WhatsApp-Image-2024-10-03-at-18.13.29_2024-10-03_21-21-38_jpeg_2024-10-03_21-21-39-scaled.webp.webp?fit=1200%2C900&ssl=1&resize=700%2C400 2x, https:\/\/i0.wp.com\/noticiasribeiraopreto.com.br\/wp-content\/uploads\/2024\/10\/WhatsApp-Image-2024-10-03-at-18.13.29_2024-10-03_21-21-38_jpeg_2024-10-03_21-21-39-scaled.webp.webp?fit=1200%2C900&ssl=1&resize=1050%2C600 3x"},"classes":[]},{"id":69010,"url":"https:\/\/noticiasribeiraopreto.com.br\/index.php\/2025\/05\/01\/duas-pessoas-morrem-em-acidente-no-anel-viario-sul\/","url_meta":{"origin":78200,"position":1},"title":"Duas pessoas morrem em acidente no Anel Vi\u00e1rio Sul","author":"noticiasribeiraopreto.com.br","date":"1 de May de 2025","format":false,"excerpt":"1 de maio de 2025 10:111 de maio de 2025 10:132 Compartilhar0 Duas pessoas morreram em um acidente entre um carro e uma motocicleta na manh\u00e3 desta quinta-feira (1\u00ba), no Anel Vi\u00e1rio Sul de Ribeir\u00e3o Preto. De acordo com o Centro de Controle de Informa\u00e7\u00f5es (CCI) da Artesp, a colis\u00e3o\u2026","rel":"","context":"In &quot;Not\u00edcias de Ribeir\u00e3o Preto-SP e Regi\u00e3o&quot;","block_context":{"text":"Not\u00edcias de Ribeir\u00e3o Preto-SP e Regi\u00e3o","link":"https:\/\/noticiasribeiraopreto.com.br\/index.php\/category\/noticias-de-ribeirao-preto-sp-e-regiao-ismael-colosi\/"},"img":{"alt_text":"","src":"https:\/\/i0.wp.com\/noticiasribeiraopreto.com.br\/wp-content\/uploads\/2025\/05\/utilitario_suzuki-scaled.jpeg?fit=800%2C450&ssl=1&resize=350%2C200","width":350,"height":200,"srcset":"https:\/\/i0.wp.com\/noticiasribeiraopreto.com.br\/wp-content\/uploads\/2025\/05\/utilitario_suzuki-scaled.jpeg?fit=800%2C450&ssl=1&resize=350%2C200 1x, https:\/\/i0.wp.com\/noticiasribeiraopreto.com.br\/wp-content\/uploads\/2025\/05\/utilitario_suzuki-scaled.jpeg?fit=800%2C450&ssl=1&resize=525%2C300 1.5x, https:\/\/i0.wp.com\/noticiasribeiraopreto.com.br\/wp-content\/uploads\/2025\/05\/utilitario_suzuki-scaled.jpeg?fit=800%2C450&ssl=1&resize=700%2C400 2x"},"classes":[]},{"id":69012,"url":"https:\/\/noticiasribeiraopreto.com.br\/index.php\/2025\/05\/01\/duas-pessoas-morrem-em-acidente-no-anel-viario-sul-2\/","url_meta":{"origin":78200,"position":2},"title":"Duas pessoas morrem em acidente no Anel Vi\u00e1rio Sul","author":"noticiasribeiraopreto.com.br","date":"1 de May de 2025","format":false,"excerpt":"1 de maio de 2025 10:111 de maio de 2025 10:1715 Compartilhar0 Duas pessoas morreram em um acidente entre um carro e uma motocicleta na manh\u00e3 desta quinta-feira (1\u00ba), no Anel Vi\u00e1rio Sul de Ribeir\u00e3o Preto. De acordo com o Centro de Controle de Informa\u00e7\u00f5es (CCI) da Artesp, a colis\u00e3o\u2026","rel":"","context":"In &quot;Not\u00edcias de Ribeir\u00e3o Preto-SP e Regi\u00e3o&quot;","block_context":{"text":"Not\u00edcias de Ribeir\u00e3o Preto-SP e Regi\u00e3o","link":"https:\/\/noticiasribeiraopreto.com.br\/index.php\/category\/noticias-de-ribeirao-preto-sp-e-regiao-ismael-colosi\/"},"img":{"alt_text":"","src":"https:\/\/i0.wp.com\/noticiasribeiraopreto.com.br\/wp-content\/uploads\/2025\/05\/1746105772_utilitario_suzuki-scaled.jpeg?fit=800%2C450&ssl=1&resize=350%2C200","width":350,"height":200,"srcset":"https:\/\/i0.wp.com\/noticiasribeiraopreto.com.br\/wp-content\/uploads\/2025\/05\/1746105772_utilitario_suzuki-scaled.jpeg?fit=800%2C450&ssl=1&resize=350%2C200 1x, https:\/\/i0.wp.com\/noticiasribeiraopreto.com.br\/wp-content\/uploads\/2025\/05\/1746105772_utilitario_suzuki-scaled.jpeg?fit=800%2C450&ssl=1&resize=525%2C300 1.5x, https:\/\/i0.wp.com\/noticiasribeiraopreto.com.br\/wp-content\/uploads\/2025\/05\/1746105772_utilitario_suzuki-scaled.jpeg?fit=800%2C450&ssl=1&resize=700%2C400 2x"},"classes":[]},{"id":69006,"url":"https:\/\/noticiasribeiraopreto.com.br\/index.php\/2025\/05\/01\/duas-pessoas-morrem-em-acidente-no-anel-viario-sul-em-ribeirao-preto\/","url_meta":{"origin":78200,"position":3},"title":"Duas pessoas morrem em acidente no Anel Vi\u00e1rio Sul em Ribeir\u00e3o Preto","author":"noticiasribeiraopreto.com.br","date":"1 de May de 2025","format":false,"excerpt":"Duas pessoas morreram em um acidente envolvendo um carro e uma moto na manh\u00e3 desta quinta-feira (1\u00ba de maio), no Anel Vi\u00e1rio Sul, em Ribeir\u00e3o Preto. Segundo o CCI (Centro de Controle de Informa\u00e7\u00f5es) da Artesp, a colis\u00e3o aconteceu por volta das 5h50, na altura do quil\u00f4metro 312, no sentido\u2026","rel":"","context":"In &quot;Not\u00edcias de Ribeir\u00e3o Preto-SP e Regi\u00e3o&quot;","block_context":{"text":"Not\u00edcias de Ribeir\u00e3o Preto-SP e Regi\u00e3o","link":"https:\/\/noticiasribeiraopreto.com.br\/index.php\/category\/noticias-de-ribeirao-preto-sp-e-regiao-ismael-colosi\/"},"img":{"alt_text":"","src":"https:\/\/i0.wp.com\/noticiasribeiraopreto.com.br\/wp-content\/uploads\/2025\/05\/acidente-anel-viario_2025-05-01_10-57-20.webp.webp?fit=1176%2C788&ssl=1&resize=350%2C200","width":350,"height":200,"srcset":"https:\/\/i0.wp.com\/noticiasribeiraopreto.com.br\/wp-content\/uploads\/2025\/05\/acidente-anel-viario_2025-05-01_10-57-20.webp.webp?fit=1176%2C788&ssl=1&resize=350%2C200 1x, https:\/\/i0.wp.com\/noticiasribeiraopreto.com.br\/wp-content\/uploads\/2025\/05\/acidente-anel-viario_2025-05-01_10-57-20.webp.webp?fit=1176%2C788&ssl=1&resize=525%2C300 1.5x, https:\/\/i0.wp.com\/noticiasribeiraopreto.com.br\/wp-content\/uploads\/2025\/05\/acidente-anel-viario_2025-05-01_10-57-20.webp.webp?fit=1176%2C788&ssl=1&resize=700%2C400 2x, https:\/\/i0.wp.com\/noticiasribeiraopreto.com.br\/wp-content\/uploads\/2025\/05\/acidente-anel-viario_2025-05-01_10-57-20.webp.webp?fit=1176%2C788&ssl=1&resize=1050%2C600 3x"},"classes":[]},{"id":75593,"url":"https:\/\/noticiasribeiraopreto.com.br\/index.php\/2025\/08\/12\/video-mulher-fica-ferida-em-acidente-no-anel-viario-sul\/","url_meta":{"origin":78200,"position":4},"title":"V\u00cdDEO &#8211; Mulher fica ferida em acidente no Anel Vi\u00e1rio Sul","author":"noticiasribeiraopreto.com.br","date":"12 de August de 2025","format":false,"excerpt":"Tr\u00e2nsito ficou congestionado por mais de cinco quil\u00f4metros e lentid\u00e3o causou outro acidente, este sem v\u00edtimas 12 de agosto de 2025 11:3712 de agosto de 2025 11:381 Compartilhar0 Por: Alfredo Risk e Adalberto Luque Uma mulher ficou ferida, na manh\u00e3 desta ter\u00e7a-feira (12), ap\u00f3s cair de sua moto. O acidente\u2026","rel":"","context":"In &quot;Not\u00edcias de Ribeir\u00e3o Preto-SP e Regi\u00e3o&quot;","block_context":{"text":"Not\u00edcias de Ribeir\u00e3o Preto-SP e Regi\u00e3o","link":"https:\/\/noticiasribeiraopreto.com.br\/index.php\/category\/noticias-de-ribeirao-preto-sp-e-regiao-ismael-colosi\/"},"img":{"alt_text":"","src":"https:\/\/i0.wp.com\/noticiasribeiraopreto.com.br\/wp-content\/uploads\/2025\/08\/12-ago-2025-acidenteanelsul1.jpg?fit=822%2C461&ssl=1&resize=350%2C200","width":350,"height":200,"srcset":"https:\/\/i0.wp.com\/noticiasribeiraopreto.com.br\/wp-content\/uploads\/2025\/08\/12-ago-2025-acidenteanelsul1.jpg?fit=822%2C461&ssl=1&resize=350%2C200 1x, https:\/\/i0.wp.com\/noticiasribeiraopreto.com.br\/wp-content\/uploads\/2025\/08\/12-ago-2025-acidenteanelsul1.jpg?fit=822%2C461&ssl=1&resize=525%2C300 1.5x, https:\/\/i0.wp.com\/noticiasribeiraopreto.com.br\/wp-content\/uploads\/2025\/08\/12-ago-2025-acidenteanelsul1.jpg?fit=822%2C461&ssl=1&resize=700%2C400 2x"},"classes":[]},{"id":58711,"url":"https:\/\/noticiasribeiraopreto.com.br\/index.php\/2024\/10\/04\/morre-vitima-de-acidente-no-anel-viario-sul-de-ribeirao-motociclista-foi-preso\/","url_meta":{"origin":78200,"position":5},"title":"Morre v\u00edtima de acidente no Anel Vi\u00e1rio Sul de Ribeir\u00e3o; Motociclista foi preso","author":"noticiasribeiraopreto.com.br","date":"4 de October de 2024","format":false,"excerpt":"Uma mulher de 62 anos, v\u00edtima de um acidente que envolveu quatro ve\u00edculos na tarde desta quinta-feira (3), morreu depois de ter sido socorrida no km 312 do Anel Vi\u00e1rio Sul (rodovia Ant\u00f4nio Duarte Nogueira, SP-322), em Ribeir\u00e3o Preto. Outras quatro pessoas foram socorridas, incluindo uma beb\u00ea de cinco meses,\u2026","rel":"","context":"In &quot;Not\u00edcias de Ribeir\u00e3o Preto-SP e Regi\u00e3o&quot;","block_context":{"text":"Not\u00edcias de Ribeir\u00e3o Preto-SP e Regi\u00e3o","link":"https:\/\/noticiasribeiraopreto.com.br\/index.php\/category\/noticias-de-ribeirao-preto-sp-e-regiao-ismael-colosi\/"},"img":{"alt_text":"","src":"https:\/\/i0.wp.com\/noticiasribeiraopreto.com.br\/wp-content\/uploads\/2024\/10\/WhatsApp-Image-2024-10-04-at-11.52.22_2024-10-04_14-53-38_jpeg_2024-10-04_14-53-38.webp.webp?fit=1200%2C675&ssl=1&resize=350%2C200","width":350,"height":200,"srcset":"https:\/\/i0.wp.com\/noticiasribeiraopreto.com.br\/wp-content\/uploads\/2024\/10\/WhatsApp-Image-2024-10-04-at-11.52.22_2024-10-04_14-53-38_jpeg_2024-10-04_14-53-38.webp.webp?fit=1200%2C675&ssl=1&resize=350%2C200 1x, https:\/\/i0.wp.com\/noticiasribeiraopreto.com.br\/wp-content\/uploads\/2024\/10\/WhatsApp-Image-2024-10-04-at-11.52.22_2024-10-04_14-53-38_jpeg_2024-10-04_14-53-38.webp.webp?fit=1200%2C675&ssl=1&resize=525%2C300 1.5x, https:\/\/i0.wp.com\/noticiasribeiraopreto.com.br\/wp-content\/uploads\/2024\/10\/WhatsApp-Image-2024-10-04-at-11.52.22_2024-10-04_14-53-38_jpeg_2024-10-04_14-53-38.webp.webp?fit=1200%2C675&ssl=1&resize=700%2C400 2x, https:\/\/i0.wp.com\/noticiasribeiraopreto.com.br\/wp-content\/uploads\/2024\/10\/WhatsApp-Image-2024-10-04-at-11.52.22_2024-10-04_14-53-38_jpeg_2024-10-04_14-53-38.webp.webp?fit=1200%2C675&ssl=1&resize=1050%2C600 3x"},"classes":[]}],"jetpack_sharing_enabled":true,"jetpack_shortlink":"https:\/\/wp.me\/peQAOb-kli","_links":{"self":[{"href":"https:\/\/noticiasribeiraopreto.com.br\/index.php\/wp-json\/wp\/v2\/posts\/78200","targetHints":{"allow":["GET"]}}],"collection":[{"href":"https:\/\/noticiasribeiraopreto.com.br\/index.php\/wp-json\/wp\/v2\/posts"}],"about":[{"href":"https:\/\/noticiasribeiraopreto.com.br\/index.php\/wp-json\/wp\/v2\/types\/post"}],"author":[{"embeddable":true,"href":"https:\/\/noticiasribeiraopreto.com.br\/index.php\/wp-json\/wp\/v2\/users\/1"}],"replies":[{"embeddable":true,"href":"https:\/\/noticiasribeiraopreto.com.br\/index.php\/wp-json\/wp\/v2\/comments?post=78200"}],"version-history":[{"count":0,"href":"https:\/\/noticiasribeiraopreto.com.br\/index.php\/wp-json\/wp\/v2\/posts\/78200\/revisions"}],"wp:featuredmedia":[{"embeddable":true,"href":"https:\/\/noticiasribeiraopreto.com.br\/index.php\/wp-json\/wp\/v2\/media\/78201"}],"wp:attachment":[{"href":"https:\/\/noticiasribeiraopreto.com.br\/index.php\/wp-json\/wp\/v2\/media?parent=78200"}],"wp:term":[{"taxonomy":"category","embeddable":true,"href":"https:\/\/noticiasribeiraopreto.com.br\/index.php\/wp-json\/wp\/v2\/categories?post=78200"},{"taxonomy":"post_tag","embeddable":true,"href":"https:\/\/noticiasribeiraopreto.com.br\/index.php\/wp-json\/wp\/v2\/tags?post=78200"}],"curies":[{"name":"wp","href":"https:\/\/api.w.org\/{rel}","templated":true}]}}