{"id":78202,"date":"2025-10-04T12:11:31","date_gmt":"2025-10-04T15:11:31","guid":{"rendered":"https:\/\/noticiasribeiraopreto.com.br\/index.php\/2025\/10\/04\/defesa-civil-alerta-para-calor-intenso-no-interior-veja-previsao-para-ribeirao-preto\/"},"modified":"2025-10-04T12:11:31","modified_gmt":"2025-10-04T15:11:31","slug":"defesa-civil-alerta-para-calor-intenso-no-interior-veja-previsao-para-ribeirao-preto","status":"publish","type":"post","link":"https:\/\/noticiasribeiraopreto.com.br\/index.php\/2025\/10\/04\/defesa-civil-alerta-para-calor-intenso-no-interior-veja-previsao-para-ribeirao-preto\/","title":{"rendered":"Defesa Civil alerta para calor intenso no interior; Veja previs\u00e3o para Ribeir\u00e3o Preto"},"content":{"rendered":"<div class='code-block code-block-1' style='margin: 8px 0 8px auto; text-align: right; display: block; clear: both;'>\n<p><a href=\"https:\/\/wa.link\/vpicfd\"><img data-recalc-dims=\"1\" class=\"wp-image-4922\" style=\"aspect-ratio: 2.0253164556962027; width: 561px; height: auto;\" src=\"https:\/\/i0.wp.com\/ismaelcolosi.com.br\/wp-content\/uploads\/2023\/11\/grupo-de-empregos-whatsapp-e-facebook-ismael-colosi-vagas.jpg?ssl=1\" alt=\"\" \/><\/a><\/p>\n<!-- \/wp:image -->\n<\/div>\n<p> <br \/>\n<\/p>\n<div data-td-block-uid=\"tdi_95\">\n<div class=\"tdb-block-inner td-fix-index\">\n<p><strong>Ribeir\u00e3o Preto<\/strong> ter\u00e1 um s\u00e1bado (4) de <strong>sol com muitas nuvens<\/strong> durante o dia e per\u00edodos de c\u00e9u nublado, contudo, <strong>n\u00e3o h\u00e1 expectativa de chuva.<\/strong><\/p>\n<p>Segundo a <strong><a href=\"https:\/\/www.climatempo.com.br\/\" target=\"_blank\" data-type=\"link\" data-id=\"https:\/\/www.climatempo.com.br\/\" rel=\"noreferrer noopener\">Climatempo<\/a><\/strong>, as temperaturas devem subir neste fim de semana em todas as regi\u00f5es do pa\u00eds. <mark style=\"background-color:#fcb900\" class=\"has-inline-color\">Em <strong>Ribeir\u00e3o<\/strong>, as temperaturas variam entre <strong>21\u00baC <\/strong>e <strong>32\u00baC<\/strong>.<\/mark><\/p>\n<figure class=\"wp-block-pullquote\">\n<blockquote>\n<p>Na maioria das \u00e1reas do Sudeste a pouca nebulosidade e a aus\u00eancia de chuva vai permitir a r\u00e1pida eleva\u00e7\u00e3o de temperatura ao longo do dia e a manuten\u00e7\u00e3o do calor por v\u00e1rias horas consecutivas<\/p>\n<p><cite>Climatempo<\/cite><\/p><\/blockquote>\n<\/figure>\n<h2 class=\"wp-block-heading\"><strong>Ar muito seco<\/strong><\/h2>\n<p>Ainda segundo a <strong>Climatempo<\/strong>, o aumento das temperaturas neste fim de semana deve provocar a r<strong>edu\u00e7\u00e3o dos n\u00edveis de umidade do ar<\/strong>.<\/p>\n<p>\u201cNeste fim de semana, a umidade relativa do ar deve ficar entre 12% e 20% em muitas \u00e1reas do Sudeste, do Centro-Oeste, do interior do Nordeste e no Tocantins\u201d, explica o servi\u00e7o de meteorologia.<\/p>\n<p>Por esse motivo, a<strong> Defesa Civil <\/strong>publicou um <strong>alerta de calor intenso<\/strong>, <strong>baixa umidade <\/strong>e <strong>risco de inc\u00eandios <\/strong>para o <strong>interior de S\u00e3o Paulo <\/strong>at\u00e9 domingo (5) \u2013 clique aqui para saber mais.<\/p>\n<h2 class=\"wp-block-heading\"><strong>Confira mais detalhes da previs\u00e3o do tempo<\/strong><\/h2>\n<ul class=\"wp-block-list\">\n<li>Temperatura: 21\u00b0C \/ 32\u00b0C<\/li>\n<li>Chuva: 0.0mm \u2013 0%<\/li>\n<li>Umidade: 30% \/ 54%<\/li>\n<\/ul>\n<hr class=\"wp-block-separator has-alpha-channel-opacity\"\/>\n<p>SAIBA MAIS<\/p>\n<p>Botafogo sofre derrota por 2 a 0 diante do Coritiba na S\u00e9rie B<\/p>\n<h2 class=\"wp-block-heading\"><strong>FIQUE ON<\/strong><\/h2>\n<p>Fique ligado em tudo que acontece em Ribeir\u00e3o Preto e regi\u00e3o. Siga os perfis do\u00a0<strong>acidade on<\/strong>\u00a0no<a href=\"https:\/\/www.instagram.com\/acidadeonribeirao\" target=\"_blank\" rel=\"noreferrer noopener\">\u00a0Instagram\u00a0<\/a>e no\u00a0<a href=\"https:\/\/www.facebook.com\/acidadeonribeirao\/\" target=\"_blank\" rel=\"noreferrer noopener\">Facebook<\/a>.<\/p>\n<p>Receba not\u00edcias do<strong>\u00a0acidade on<\/strong>\u00a0no WhatsApp. Para entrar no grupo,\u00a0basta\u00a0<a href=\"https:\/\/chat.whatsapp.com\/I4nieTEMKlf50pJ28aMemC?mode=ac_t\" target=\"_blank\" rel=\"noreferrer noopener\">clicar aqui<\/a>. Ou, acesse o nosso\u00a0Canal\u00a0<a href=\"https:\/\/whatsapp.com\/channel\/0029Vb6IQl1JENyAeS57fk2p\" target=\"_blank\" rel=\"noreferrer noopener\">clicando aqui<\/a>.<\/p>\n<p>Fa\u00e7a uma den\u00fancia ou sugira uma reportagem sobre Ribeir\u00e3o Preto e regi\u00e3o pelo WhatsApp: 16 99117 7802.<\/p>\n<p>VEJA TAMB\u00c9M<\/p>\n<p>\u2018The Life of a Showgirl\u2019: quem foi Elizabeth Taylor?<\/p>\n<p><!-- AI CONTENT END 1 -->\n<\/div>\n<\/div>\n<p><script async src=\"\/\/www.instagram.com\/embed.js\"><\/script><br \/>\n<br \/><br \/>\n<br \/><a href=\"https:\/\/www.acidadeon.com\/ribeiraopreto\/cotidiano\/defesa-civil-alerta-para-calor-intenso-no-interior-veja-previsao-para-ribeirao-preto\/\">Source link <\/a><\/p>\n<!-- CONTENT END 1 -->\n","protected":false},"excerpt":{"rendered":"<p>Ribeir\u00e3o Preto ter\u00e1 um s\u00e1bado (4) de sol com muitas nuvens durante o dia e per\u00edodos de c\u00e9u nublado, contudo, n\u00e3o h\u00e1 expectativa de chuva&#8230;.<\/p>\n","protected":false},"author":1,"featured_media":77550,"comment_status":"open","ping_status":"open","sticky":false,"template":"","format":"standard","meta":{"advanced_seo_description":"","jetpack_seo_html_title":"","jetpack_seo_noindex":false,"jetpack_post_was_ever_published":false,"_jetpack_newsletter_access":"","_jetpack_dont_email_post_to_subs":false,"_jetpack_newsletter_tier_id":0,"_jetpack_memberships_contains_paywalled_content":false,"_jetpack_memberships_contains_paid_content":false,"footnotes":"","jetpack_publicize_message":"","jetpack_publicize_feature_enabled":true,"jetpack_social_post_already_shared":true,"jetpack_social_options":{"image_generator_settings":{"template":"highway","default_image_id":0,"font":"","enabled":false},"version":2}},"categories":[11],"tags":[],"class_list":["post-78202","post","type-post","status-publish","format-standard","has-post-thumbnail","hentry","category-noticias-de-ribeirao-preto-sp-e-regiao-ismael-colosi"],"jetpack_publicize_connections":[],"jetpack_featured_media_url":"https:\/\/i0.wp.com\/noticiasribeiraopreto.com.br\/wp-content\/uploads\/2025\/09\/WhatsApp-Image-2025-09-21-at-09.53.08_2025-09-21_12-57-20.webp.webp?fit=1200%2C553&ssl=1","jetpack-related-posts":[{"id":14254,"url":"https:\/\/noticiasribeiraopreto.com.br\/index.php\/2023\/12\/11\/com-onda-de-calor-veja-a-previsao-para-os-proximos-5-dias-em-ribeirao-preto\/","url_meta":{"origin":78202,"position":0},"title":"Com onda de calor, veja a previs\u00e3o para os pr\u00f3ximos 5 dias em Ribeir\u00e3o Preto","author":"noticiasribeiraopreto.com.br","date":"11 de December de 2023","format":false,"excerpt":"Uma nova onda de calor deve atingir Ribeir\u00e3o Preto e regi\u00e3o, a partir de quinta-feira (14), e deve fazer com que os term\u00f4metros se aproximem dos 40\u00baC na reta final da primavera. O fen\u00f4meno, que tamb\u00e9m acontece em grande parte do Brasil, far\u00e1 com que a as temperaturas voltem a\u2026","rel":"","context":"In &quot;Not\u00edcias de Ribeir\u00e3o Preto-SP e Regi\u00e3o&quot;","block_context":{"text":"Not\u00edcias de Ribeir\u00e3o Preto-SP e Regi\u00e3o","link":"https:\/\/noticiasribeiraopreto.com.br\/index.php\/category\/noticias-de-ribeirao-preto-sp-e-regiao-ismael-colosi\/"},"img":{"alt_text":"","src":"https:\/\/noticiasribeiraopreto.com.br\/wp-content\/uploads\/2023\/12\/whatsapp_image_2023-03-18_at_09_01_45.jpe","width":350,"height":200,"srcset":"https:\/\/noticiasribeiraopreto.com.br\/wp-content\/uploads\/2023\/12\/whatsapp_image_2023-03-18_at_09_01_45.jpe 1x, https:\/\/noticiasribeiraopreto.com.br\/wp-content\/uploads\/2023\/12\/whatsapp_image_2023-03-18_at_09_01_45.jpe 1.5x, https:\/\/noticiasribeiraopreto.com.br\/wp-content\/uploads\/2023\/12\/whatsapp_image_2023-03-18_at_09_01_45.jpe 2x, https:\/\/noticiasribeiraopreto.com.br\/wp-content\/uploads\/2023\/12\/whatsapp_image_2023-03-18_at_09_01_45.jpe 3x"},"classes":[]},{"id":61593,"url":"https:\/\/noticiasribeiraopreto.com.br\/index.php\/2024\/12\/17\/calor-veja-como-fica-a-temperatura-nos-proximos-dias-em-ribeirao-preto\/","url_meta":{"origin":78202,"position":1},"title":"Calor? Veja como fica a temperatura nos pr\u00f3ximos dias em Ribeir\u00e3o Preto","author":"noticiasribeiraopreto.com.br","date":"17 de December de 2024","format":false,"excerpt":"Com o tempo mais aberto nesta ter\u00e7a-feira (17), o calor deve chegar com maior intensidade a Ribeir\u00e3o Preto. Segundo a Climatempo, os ventos perdem intensidade e as temperaturas se elevam um pouco mais na compara\u00e7\u00e3o com dias anteriores, devido ao c\u00e9u mais limpo. A m\u00e1xima nesta ter\u00e7a em Ribeir\u00e3o \u00e9\u2026","rel":"","context":"In &quot;Not\u00edcias de Ribeir\u00e3o Preto-SP e Regi\u00e3o&quot;","block_context":{"text":"Not\u00edcias de Ribeir\u00e3o Preto-SP e Regi\u00e3o","link":"https:\/\/noticiasribeiraopreto.com.br\/index.php\/category\/noticias-de-ribeirao-preto-sp-e-regiao-ismael-colosi\/"},"img":{"alt_text":"","src":"https:\/\/i0.wp.com\/noticiasribeiraopreto.com.br\/wp-content\/uploads\/2024\/12\/WhatsApp-Image-2024-12-17-at-07.56.20_2024-12-17_10-56-47_jpeg_2024-12-17_10-56-47.webp.webp?fit=1200%2C686&ssl=1&resize=350%2C200","width":350,"height":200,"srcset":"https:\/\/i0.wp.com\/noticiasribeiraopreto.com.br\/wp-content\/uploads\/2024\/12\/WhatsApp-Image-2024-12-17-at-07.56.20_2024-12-17_10-56-47_jpeg_2024-12-17_10-56-47.webp.webp?fit=1200%2C686&ssl=1&resize=350%2C200 1x, https:\/\/i0.wp.com\/noticiasribeiraopreto.com.br\/wp-content\/uploads\/2024\/12\/WhatsApp-Image-2024-12-17-at-07.56.20_2024-12-17_10-56-47_jpeg_2024-12-17_10-56-47.webp.webp?fit=1200%2C686&ssl=1&resize=525%2C300 1.5x, https:\/\/i0.wp.com\/noticiasribeiraopreto.com.br\/wp-content\/uploads\/2024\/12\/WhatsApp-Image-2024-12-17-at-07.56.20_2024-12-17_10-56-47_jpeg_2024-12-17_10-56-47.webp.webp?fit=1200%2C686&ssl=1&resize=700%2C400 2x, https:\/\/i0.wp.com\/noticiasribeiraopreto.com.br\/wp-content\/uploads\/2024\/12\/WhatsApp-Image-2024-12-17-at-07.56.20_2024-12-17_10-56-47_jpeg_2024-12-17_10-56-47.webp.webp?fit=1200%2C686&ssl=1&resize=1050%2C600 3x"},"classes":[]},{"id":2313,"url":"https:\/\/noticiasribeiraopreto.com.br\/index.php\/2023\/11\/15\/calor-vai-continuar-veja-a-previsao-do-tempo-para-os-proximos-5-dias-em-ribeirao\/","url_meta":{"origin":78202,"position":2},"title":"Calor vai continuar? Veja a previs\u00e3o do tempo para os pr\u00f3ximos 5 dias em Ribeir\u00e3o","author":"noticiasribeiraopreto.com.br","date":"15 de November de 2023","format":false,"excerpt":"O calor\u00e3o deve continuar nesta quarta-feira (15). Segundo a previs\u00e3o do tempo, Ribeir\u00e3o Preto deve ter temperatura m\u00e1xima de 40\u00b0C. A temperatura m\u00ednima foi de 22\u00b0C, \u00e0s 6h. Para quem espera chuva, a Climatempo aponta que h\u00e1 possibilidade de pancadas isoladas no per\u00edodo da tarde \u2013 pode chover at\u00e9 5\u2026","rel":"","context":"In &quot;Not\u00edcias de Ribeir\u00e3o Preto-SP e Regi\u00e3o&quot;","block_context":{"text":"Not\u00edcias de Ribeir\u00e3o Preto-SP e Regi\u00e3o","link":"https:\/\/noticiasribeiraopreto.com.br\/index.php\/category\/noticias-de-ribeirao-preto-sp-e-regiao-ismael-colosi\/"},"img":{"alt_text":"","src":"https:\/\/i0.wp.com\/noticiasribeiraopreto.com.br\/wp-content\/uploads\/2023\/11\/WhatsApp-Image-2023-11-15-at-09.05.42.jpeg?fit=1200%2C675&ssl=1&resize=350%2C200","width":350,"height":200,"srcset":"https:\/\/i0.wp.com\/noticiasribeiraopreto.com.br\/wp-content\/uploads\/2023\/11\/WhatsApp-Image-2023-11-15-at-09.05.42.jpeg?fit=1200%2C675&ssl=1&resize=350%2C200 1x, https:\/\/i0.wp.com\/noticiasribeiraopreto.com.br\/wp-content\/uploads\/2023\/11\/WhatsApp-Image-2023-11-15-at-09.05.42.jpeg?fit=1200%2C675&ssl=1&resize=525%2C300 1.5x, https:\/\/i0.wp.com\/noticiasribeiraopreto.com.br\/wp-content\/uploads\/2023\/11\/WhatsApp-Image-2023-11-15-at-09.05.42.jpeg?fit=1200%2C675&ssl=1&resize=700%2C400 2x, https:\/\/i0.wp.com\/noticiasribeiraopreto.com.br\/wp-content\/uploads\/2023\/11\/WhatsApp-Image-2023-11-15-at-09.05.42.jpeg?fit=1200%2C675&ssl=1&resize=1050%2C600 3x"},"classes":[]},{"id":84229,"url":"https:\/\/noticiasribeiraopreto.com.br\/index.php\/2026\/04\/05\/calor-de-ate-30c-e-chance-de-chuva-veja-a-previsao-do-tempo-para-ribeirao-preto\/","url_meta":{"origin":78202,"position":3},"title":"Calor de at\u00e9 30\u00b0C e chance de chuva: veja a previs\u00e3o do tempo para Ribeir\u00e3o Preto","author":"noticiasribeiraopreto.com.br","date":"5 de April de 2026","format":false,"excerpt":"Ler o resumo da not\u00edcia Calor de at\u00e9 30\u00b0C e chance de chuva: veja a previs\u00e3o do tempo para Ribeir\u00e3o Preto Ribeir\u00e3o Preto deve enfrentar mais um dia de temperaturas elevadas, com predom\u00ednio de sol e varia\u00e7\u00e3o de nuvens ao longo desta data. Segundo dados da Climatempo, o clima segue\u2026","rel":"","context":"In &quot;Not\u00edcias de Ribeir\u00e3o Preto-SP e Regi\u00e3o&quot;","block_context":{"text":"Not\u00edcias de Ribeir\u00e3o Preto-SP e Regi\u00e3o","link":"https:\/\/noticiasribeiraopreto.com.br\/index.php\/category\/noticias-de-ribeirao-preto-sp-e-regiao-ismael-colosi\/"},"img":{"alt_text":"","src":"https:\/\/i0.wp.com\/noticiasribeiraopreto.com.br\/wp-content\/uploads\/2026\/04\/tempo-ribeirao-preto-7_2026-01-25_12-45-08.webp.webp?fit=1200%2C900&ssl=1&resize=350%2C200","width":350,"height":200,"srcset":"https:\/\/i0.wp.com\/noticiasribeiraopreto.com.br\/wp-content\/uploads\/2026\/04\/tempo-ribeirao-preto-7_2026-01-25_12-45-08.webp.webp?fit=1200%2C900&ssl=1&resize=350%2C200 1x, https:\/\/i0.wp.com\/noticiasribeiraopreto.com.br\/wp-content\/uploads\/2026\/04\/tempo-ribeirao-preto-7_2026-01-25_12-45-08.webp.webp?fit=1200%2C900&ssl=1&resize=525%2C300 1.5x, https:\/\/i0.wp.com\/noticiasribeiraopreto.com.br\/wp-content\/uploads\/2026\/04\/tempo-ribeirao-preto-7_2026-01-25_12-45-08.webp.webp?fit=1200%2C900&ssl=1&resize=700%2C400 2x, https:\/\/i0.wp.com\/noticiasribeiraopreto.com.br\/wp-content\/uploads\/2026\/04\/tempo-ribeirao-preto-7_2026-01-25_12-45-08.webp.webp?fit=1200%2C900&ssl=1&resize=1050%2C600 3x"},"classes":[]},{"id":17008,"url":"https:\/\/noticiasribeiraopreto.com.br\/index.php\/2023\/12\/17\/onda-de-calor-vai-continuar-veja-a-previsao-para-os-proximos-dias-em-ribeirao\/","url_meta":{"origin":78202,"position":4},"title":"Onda de calor vai continuar? Veja a previs\u00e3o para os pr\u00f3ximos dias em Ribeir\u00e3o","author":"noticiasribeiraopreto.com.br","date":"17 de December de 2023","format":false,"excerpt":"Ribeir\u00e3o Preto tem mais um dia de onda de calor, neste domingo (17). Os term\u00f4metros devem atingir os 37\u00baC, de acordo com a Climatempo. A CETESB (Companhia Ambiental do Estado de S\u00e3o Paulo) registrou m\u00ednima de 23,5\u00baC, durante a madrugada. A meteorologia prev\u00ea um dia de sol com aumento de\u2026","rel":"","context":"In &quot;Not\u00edcias de Ribeir\u00e3o Preto-SP e Regi\u00e3o&quot;","block_context":{"text":"Not\u00edcias de Ribeir\u00e3o Preto-SP e Regi\u00e3o","link":"https:\/\/noticiasribeiraopreto.com.br\/index.php\/category\/noticias-de-ribeirao-preto-sp-e-regiao-ismael-colosi\/"},"img":{"alt_text":"","src":"https:\/\/i0.wp.com\/noticiasribeiraopreto.com.br\/wp-content\/uploads\/2023\/12\/WhatsApp-Image-2023-11-26-at-17.35.53.jpeg?fit=1200%2C675&ssl=1&resize=350%2C200","width":350,"height":200,"srcset":"https:\/\/i0.wp.com\/noticiasribeiraopreto.com.br\/wp-content\/uploads\/2023\/12\/WhatsApp-Image-2023-11-26-at-17.35.53.jpeg?fit=1200%2C675&ssl=1&resize=350%2C200 1x, https:\/\/i0.wp.com\/noticiasribeiraopreto.com.br\/wp-content\/uploads\/2023\/12\/WhatsApp-Image-2023-11-26-at-17.35.53.jpeg?fit=1200%2C675&ssl=1&resize=525%2C300 1.5x, https:\/\/i0.wp.com\/noticiasribeiraopreto.com.br\/wp-content\/uploads\/2023\/12\/WhatsApp-Image-2023-11-26-at-17.35.53.jpeg?fit=1200%2C675&ssl=1&resize=700%2C400 2x, https:\/\/i0.wp.com\/noticiasribeiraopreto.com.br\/wp-content\/uploads\/2023\/12\/WhatsApp-Image-2023-11-26-at-17.35.53.jpeg?fit=1200%2C675&ssl=1&resize=1050%2C600 3x"},"classes":[]},{"id":64197,"url":"https:\/\/noticiasribeiraopreto.com.br\/index.php\/2025\/03\/05\/com-onda-de-calor-prolongada-veja-como-ficam-as-temperaturas-em-ribeirao-preto\/","url_meta":{"origin":78202,"position":5},"title":"Com onda de calor prolongada, veja como ficam as temperaturas em Ribeir\u00e3o Preto","author":"noticiasribeiraopreto.com.br","date":"5 de March de 2025","format":false,"excerpt":"A onda de calor que atinge o estado de S\u00e3o Paulo deve manter as temperaturas elevadas nos pr\u00f3ximos dias. A previs\u00e3o \u00e9 que esse bloqueio atmosf\u00e9rico, que causa a onda de calor, dure pelo menos at\u00e9 o pr\u00f3ximo domingo (9). Vem chuva? Segundo a Climatempo, nesta quarta-feira (5), devido ao\u2026","rel":"","context":"In &quot;Not\u00edcias de Ribeir\u00e3o Preto-SP e Regi\u00e3o&quot;","block_context":{"text":"Not\u00edcias de Ribeir\u00e3o Preto-SP e Regi\u00e3o","link":"https:\/\/noticiasribeiraopreto.com.br\/index.php\/category\/noticias-de-ribeirao-preto-sp-e-regiao-ismael-colosi\/"},"img":{"alt_text":"","src":"https:\/\/i0.wp.com\/noticiasribeiraopreto.com.br\/wp-content\/uploads\/2025\/03\/VaifazercalornoferiadoVejacomovaificarotempoemRibeiroPreto_Tamanho_2_image.jpg?fit=1200%2C900&ssl=1&resize=350%2C200","width":350,"height":200,"srcset":"https:\/\/i0.wp.com\/noticiasribeiraopreto.com.br\/wp-content\/uploads\/2025\/03\/VaifazercalornoferiadoVejacomovaificarotempoemRibeiroPreto_Tamanho_2_image.jpg?fit=1200%2C900&ssl=1&resize=350%2C200 1x, https:\/\/i0.wp.com\/noticiasribeiraopreto.com.br\/wp-content\/uploads\/2025\/03\/VaifazercalornoferiadoVejacomovaificarotempoemRibeiroPreto_Tamanho_2_image.jpg?fit=1200%2C900&ssl=1&resize=525%2C300 1.5x, https:\/\/i0.wp.com\/noticiasribeiraopreto.com.br\/wp-content\/uploads\/2025\/03\/VaifazercalornoferiadoVejacomovaificarotempoemRibeiroPreto_Tamanho_2_image.jpg?fit=1200%2C900&ssl=1&resize=700%2C400 2x, https:\/\/i0.wp.com\/noticiasribeiraopreto.com.br\/wp-content\/uploads\/2025\/03\/VaifazercalornoferiadoVejacomovaificarotempoemRibeiroPreto_Tamanho_2_image.jpg?fit=1200%2C900&ssl=1&resize=1050%2C600 3x"},"classes":[]}],"jetpack_sharing_enabled":true,"jetpack_shortlink":"https:\/\/wp.me\/peQAOb-klk","_links":{"self":[{"href":"https:\/\/noticiasribeiraopreto.com.br\/index.php\/wp-json\/wp\/v2\/posts\/78202","targetHints":{"allow":["GET"]}}],"collection":[{"href":"https:\/\/noticiasribeiraopreto.com.br\/index.php\/wp-json\/wp\/v2\/posts"}],"about":[{"href":"https:\/\/noticiasribeiraopreto.com.br\/index.php\/wp-json\/wp\/v2\/types\/post"}],"author":[{"embeddable":true,"href":"https:\/\/noticiasribeiraopreto.com.br\/index.php\/wp-json\/wp\/v2\/users\/1"}],"replies":[{"embeddable":true,"href":"https:\/\/noticiasribeiraopreto.com.br\/index.php\/wp-json\/wp\/v2\/comments?post=78202"}],"version-history":[{"count":0,"href":"https:\/\/noticiasribeiraopreto.com.br\/index.php\/wp-json\/wp\/v2\/posts\/78202\/revisions"}],"wp:featuredmedia":[{"embeddable":true,"href":"https:\/\/noticiasribeiraopreto.com.br\/index.php\/wp-json\/wp\/v2\/media\/77550"}],"wp:attachment":[{"href":"https:\/\/noticiasribeiraopreto.com.br\/index.php\/wp-json\/wp\/v2\/media?parent=78202"}],"wp:term":[{"taxonomy":"category","embeddable":true,"href":"https:\/\/noticiasribeiraopreto.com.br\/index.php\/wp-json\/wp\/v2\/categories?post=78202"},{"taxonomy":"post_tag","embeddable":true,"href":"https:\/\/noticiasribeiraopreto.com.br\/index.php\/wp-json\/wp\/v2\/tags?post=78202"}],"curies":[{"name":"wp","href":"https:\/\/api.w.org\/{rel}","templated":true}]}}