{"id":78204,"date":"2025-10-04T15:02:19","date_gmt":"2025-10-04T18:02:19","guid":{"rendered":"https:\/\/noticiasribeiraopreto.com.br\/index.php\/2025\/10\/04\/moradores-denunciam-acumulo-de-lixo-no-parque-raya-em-ribeirao-preto\/"},"modified":"2025-10-04T15:02:19","modified_gmt":"2025-10-04T18:02:19","slug":"moradores-denunciam-acumulo-de-lixo-no-parque-raya-em-ribeirao-preto","status":"publish","type":"post","link":"https:\/\/noticiasribeiraopreto.com.br\/index.php\/2025\/10\/04\/moradores-denunciam-acumulo-de-lixo-no-parque-raya-em-ribeirao-preto\/","title":{"rendered":"Moradores denunciam ac\u00famulo de lixo no Parque Raya em Ribeir\u00e3o Preto"},"content":{"rendered":"<div class='code-block code-block-1' style='margin: 8px 0 8px auto; text-align: right; display: block; clear: both;'>\n<p><a href=\"https:\/\/wa.link\/vpicfd\"><img data-recalc-dims=\"1\" class=\"wp-image-4922\" style=\"aspect-ratio: 2.0253164556962027; width: 561px; height: auto;\" src=\"https:\/\/i0.wp.com\/ismaelcolosi.com.br\/wp-content\/uploads\/2023\/11\/grupo-de-empregos-whatsapp-e-facebook-ismael-colosi-vagas.jpg?ssl=1\" alt=\"\" \/><\/a><\/p>\n<!-- \/wp:image -->\n<\/div>\n<p> <br \/>\n<\/p>\n<div data-td-block-uid=\"tdi_95\">\n<div class=\"tdb-block-inner td-fix-index\">\n<p>Moradores de <strong>Ribeir\u00e3o Preto<\/strong> procuraram o <strong>acidade on<\/strong> para denunciar o <strong>ac\u00famulo de lixo no Parque Raya<\/strong>, localizado na zona Sul da cidade.<\/p>\n<p>Em um v\u00eddeo gravado nesta sexta-feira (3), \u00e9 poss\u00edvel ver uma <strong>parte do lago do parque coberta por folhas e sujeira<\/strong>, o que gerou questionamentos sobre a limpeza do local.<\/p>\n<figure class=\"wp-block-video\"><video controls=\"\" src=\"https:\/\/www.acidadeon.com\/ribeiraopreto\/wp-content\/uploads\/sites\/3\/2025\/10\/Copia-de-Copia-de-Copia-de-TAMANHO-EXATO-PARA-FOTOS-NO-SISTEMA-NOVO-13.mp4\"\/><figcaption class=\"wp-element-caption\">Morador registra sujeira no Parque Raya \u2013 Foto: redes sociais.<\/figcaption><\/figure>\n<h2 class=\"wp-block-heading\"><strong>O que diz a Prefeitura?<\/strong><\/h2>\n<p>Procurada pela reportagem, a <strong>Secretaria de Infraestrutura e Zeladoria<\/strong> informou que o lago do Parque Raya \u201crecebe manuten\u00e7\u00f5es regularmente e ap\u00f3s vistorias, encontra-se limpo\u201d.<\/p>\n<p>Al\u00e9m disso, o \u00f3rg\u00e3o disse que \u201ceventuais folhagens e outros objetos leves podem cair na superf\u00edcie, devido aos ventos, contudo s\u00e3o retirados de prontid\u00e3o pelas equipes que cuidam do local\u201d.<\/p>\n<h3 class=\"wp-block-heading\"><strong>Parque ser\u00e1 fechado na pr\u00f3xima semana<\/strong><\/h3>\n<p>A Prefeitura de Ribeir\u00e3o Preto informou que realizar\u00e1 servi\u00e7os de manuten\u00e7\u00e3o no <strong>Parque Luis Carlos Raya<\/strong> na pr\u00f3xima segunda-feira (6). A a\u00e7\u00e3o acontece ap\u00f3s a realiza\u00e7\u00e3o de um evento no local.<\/p>\n<p>Segundo a Administra\u00e7\u00e3o, para garantir a execu\u00e7\u00e3o segura das atividades, como ro\u00e7ada e limpeza, o parque permanecer\u00e1 fechado durante a manh\u00e3 e parte da tarde. A previs\u00e3o de reabertura \u00e9 \u00e0s 16h do mesmo dia.<\/p>\n<hr class=\"wp-block-separator has-alpha-channel-opacity\"\/>\n<p>SAIBA MAIS<\/p>\n<p>Inc\u00eandio em vegeta\u00e7\u00e3o atinge \u00e1rea pr\u00f3xima \u00e0 rodovia em Ribeir\u00e3o Preto<\/p>\n<h2 class=\"wp-block-heading\"><strong>FIQUE ON<\/strong><\/h2>\n<p>Fique ligado em tudo que acontece em Ribeir\u00e3o Preto e regi\u00e3o. Siga os perfis do\u00a0<strong>acidade on<\/strong>\u00a0no<a href=\"https:\/\/www.instagram.com\/acidadeonribeirao\" target=\"_blank\" rel=\"noreferrer noopener\">\u00a0Instagram\u00a0<\/a>e no\u00a0<a href=\"https:\/\/www.facebook.com\/acidadeonribeirao\/\" target=\"_blank\" rel=\"noreferrer noopener\">Facebook<\/a>.<\/p>\n<p>Receba not\u00edcias do<strong>\u00a0acidade on<\/strong>\u00a0no WhatsApp. Para entrar no grupo,\u00a0basta\u00a0<a href=\"https:\/\/chat.whatsapp.com\/I4nieTEMKlf50pJ28aMemC?mode=ac_t\" target=\"_blank\" rel=\"noreferrer noopener\">clicar aqui<\/a>. Ou, acesse o nosso\u00a0Canal\u00a0<a href=\"https:\/\/whatsapp.com\/channel\/0029Vb6IQl1JENyAeS57fk2p\" target=\"_blank\" rel=\"noreferrer noopener\">clicando aqui<\/a>.<\/p>\n<p>Fa\u00e7a uma den\u00fancia ou sugira uma reportagem sobre Ribeir\u00e3o Preto e regi\u00e3o pelo WhatsApp: 16 99117 7802.<\/p>\n<p>VEJA TAMB\u00c9M<\/p>\n<p>Quando termina \u2018A Viagem\u2019?<\/p>\n<p><!-- AI CONTENT END 1 -->\n<\/div>\n<\/div>\n<p><script async src=\"\/\/www.instagram.com\/embed.js\"><\/script><br \/>\n<br \/><br \/>\n<br \/><a href=\"https:\/\/www.acidadeon.com\/ribeiraopreto\/cotidiano\/moradores-denunciam-acumulo-de-lixo-no-parque-raya-em-ribeirao-preto\/\">Source link <\/a><\/p>\n<!-- CONTENT END 1 -->\n","protected":false},"excerpt":{"rendered":"<p>Moradores de Ribeir\u00e3o Preto procuraram o acidade on para denunciar o ac\u00famulo de lixo no Parque Raya, localizado na zona Sul da cidade. Em um&#8230;<\/p>\n","protected":false},"author":1,"featured_media":78205,"comment_status":"open","ping_status":"open","sticky":false,"template":"","format":"standard","meta":{"advanced_seo_description":"","jetpack_seo_html_title":"","jetpack_seo_noindex":false,"jetpack_post_was_ever_published":false,"_jetpack_newsletter_access":"","_jetpack_dont_email_post_to_subs":false,"_jetpack_newsletter_tier_id":0,"_jetpack_memberships_contains_paywalled_content":false,"_jetpack_memberships_contains_paid_content":false,"footnotes":"","jetpack_publicize_message":"","jetpack_publicize_feature_enabled":true,"jetpack_social_post_already_shared":true,"jetpack_social_options":{"image_generator_settings":{"template":"highway","default_image_id":0,"font":"","enabled":false},"version":2}},"categories":[11],"tags":[],"class_list":["post-78204","post","type-post","status-publish","format-standard","has-post-thumbnail","hentry","category-noticias-de-ribeirao-preto-sp-e-regiao-ismael-colosi"],"jetpack_publicize_connections":[],"jetpack_featured_media_url":"https:\/\/i0.wp.com\/noticiasribeiraopreto.com.br\/wp-content\/uploads\/2025\/10\/Copia-de-Copia-de-Copia-de-TAMANHO-EXATO-PARA-FOTOS-NO-SISTEMA-NOVO-2025-10-04T144006.417_2025-10-04_17-40-10.webp.webp?fit=1200%2C675&ssl=1","jetpack-related-posts":[{"id":64978,"url":"https:\/\/noticiasribeiraopreto.com.br\/index.php\/2025\/03\/14\/entenda-por-que-o-parque-raya-esta-fechado-nesta-sexta-feira\/","url_meta":{"origin":78204,"position":0},"title":"Entenda por que o Parque Raya est\u00e1 fechado nesta sexta-feira","author":"noticiasribeiraopreto.com.br","date":"14 de March de 2025","format":false,"excerpt":"O Parque Luiz Carlos Raya, localizado no Jardim Bot\u00e2nico, zona Sul de Ribeir\u00e3o Preto, estar\u00e1 fechado at\u00e9 as 17h desta sexta-feira (14) para realiza\u00e7\u00e3o de servi\u00e7os de manuten\u00e7\u00e3o e zeladoria. De acordo com a Prefeitura de Ribeir\u00e3o Preto, o objetivo da manuten\u00e7\u00e3o \u00e9 garantir a seguran\u00e7a dos visitantes do local.\u2026","rel":"","context":"In &quot;Not\u00edcias de Ribeir\u00e3o Preto-SP e Regi\u00e3o&quot;","block_context":{"text":"Not\u00edcias de Ribeir\u00e3o Preto-SP e Regi\u00e3o","link":"https:\/\/noticiasribeiraopreto.com.br\/index.php\/category\/noticias-de-ribeirao-preto-sp-e-regiao-ismael-colosi\/"},"img":{"alt_text":"","src":"https:\/\/i0.wp.com\/noticiasribeiraopreto.com.br\/wp-content\/uploads\/2025\/03\/parque_raya_1024x576_15082020144954.jpg?fit=1024%2C576&ssl=1&resize=350%2C200","width":350,"height":200,"srcset":"https:\/\/i0.wp.com\/noticiasribeiraopreto.com.br\/wp-content\/uploads\/2025\/03\/parque_raya_1024x576_15082020144954.jpg?fit=1024%2C576&ssl=1&resize=350%2C200 1x, https:\/\/i0.wp.com\/noticiasribeiraopreto.com.br\/wp-content\/uploads\/2025\/03\/parque_raya_1024x576_15082020144954.jpg?fit=1024%2C576&ssl=1&resize=525%2C300 1.5x, https:\/\/i0.wp.com\/noticiasribeiraopreto.com.br\/wp-content\/uploads\/2025\/03\/parque_raya_1024x576_15082020144954.jpg?fit=1024%2C576&ssl=1&resize=700%2C400 2x"},"classes":[]},{"id":64996,"url":"https:\/\/noticiasribeiraopreto.com.br\/index.php\/2025\/03\/14\/entenda-por-que-o-parque-raya-esta-fechado-nesta-sexta-feira-2\/","url_meta":{"origin":78204,"position":1},"title":"Entenda por que o Parque Raya est\u00e1 fechado nesta sexta-feira","author":"noticiasribeiraopreto.com.br","date":"14 de March de 2025","format":false,"excerpt":"O Parque Luiz Carlos Raya, localizado no Jardim Bot\u00e2nico, zona Sul de Ribeir\u00e3o Preto, estar\u00e1 fechado at\u00e9 as 17h desta sexta-feira (14) para realiza\u00e7\u00e3o de servi\u00e7os de manuten\u00e7\u00e3o e zeladoria. De acordo com a Prefeitura de Ribeir\u00e3o Preto, o objetivo da manuten\u00e7\u00e3o \u00e9 garantir a seguran\u00e7a dos visitantes do local.\u2026","rel":"","context":"In &quot;Not\u00edcias de Ribeir\u00e3o Preto-SP e Regi\u00e3o&quot;","block_context":{"text":"Not\u00edcias de Ribeir\u00e3o Preto-SP e Regi\u00e3o","link":"https:\/\/noticiasribeiraopreto.com.br\/index.php\/category\/noticias-de-ribeirao-preto-sp-e-regiao-ismael-colosi\/"},"img":{"alt_text":"","src":"https:\/\/i0.wp.com\/noticiasribeiraopreto.com.br\/wp-content\/uploads\/2025\/03\/parque_raya_1024x576_15082020144954_2025-03-14_14-07-16_jpg_2025-03-14_14-07-16.webp.webp?fit=1024%2C576&ssl=1&resize=350%2C200","width":350,"height":200,"srcset":"https:\/\/i0.wp.com\/noticiasribeiraopreto.com.br\/wp-content\/uploads\/2025\/03\/parque_raya_1024x576_15082020144954_2025-03-14_14-07-16_jpg_2025-03-14_14-07-16.webp.webp?fit=1024%2C576&ssl=1&resize=350%2C200 1x, https:\/\/i0.wp.com\/noticiasribeiraopreto.com.br\/wp-content\/uploads\/2025\/03\/parque_raya_1024x576_15082020144954_2025-03-14_14-07-16_jpg_2025-03-14_14-07-16.webp.webp?fit=1024%2C576&ssl=1&resize=525%2C300 1.5x, https:\/\/i0.wp.com\/noticiasribeiraopreto.com.br\/wp-content\/uploads\/2025\/03\/parque_raya_1024x576_15082020144954_2025-03-14_14-07-16_jpg_2025-03-14_14-07-16.webp.webp?fit=1024%2C576&ssl=1&resize=700%2C400 2x"},"classes":[]},{"id":6739,"url":"https:\/\/noticiasribeiraopreto.com.br\/index.php\/2023\/11\/26\/parque-raya-vai-fechar-para-rocada-nesta-segunda-27\/","url_meta":{"origin":78204,"position":2},"title":"Parque Raya vai fechar para ro\u00e7ada\u00a0nesta segunda (27)","author":"noticiasribeiraopreto.com.br","date":"26 de November de 2023","format":false,"excerpt":"26 de novembro de 2023 | 18:0026 de novembro de 2023 | 12:30 0A Secretaria Municipal da Infraestrutura informa que o Parque Municipal Doutor. Luis Carlos Raya, no Jardim Bot\u00e2nico, Zona Sul de Ribeir\u00e3o Preto ser\u00e1 fechado temporariamente na segunda-feira, 27 de novembro, para manuten\u00e7\u00e3o da ro\u00e7ada da \u00e1rea interna.\u2026","rel":"","context":"In &quot;Not\u00edcias de Ribeir\u00e3o Preto-SP e Regi\u00e3o&quot;","block_context":{"text":"Not\u00edcias de Ribeir\u00e3o Preto-SP e Regi\u00e3o","link":"https:\/\/noticiasribeiraopreto.com.br\/index.php\/category\/noticias-de-ribeirao-preto-sp-e-regiao-ismael-colosi\/"},"img":{"alt_text":"","src":"https:\/\/i0.wp.com\/noticiasribeiraopreto.com.br\/wp-content\/uploads\/2023\/11\/parque-raya.jpg?fit=600%2C400&ssl=1&resize=350%2C200","width":350,"height":200,"srcset":"https:\/\/i0.wp.com\/noticiasribeiraopreto.com.br\/wp-content\/uploads\/2023\/11\/parque-raya.jpg?fit=600%2C400&ssl=1&resize=350%2C200 1x, https:\/\/i0.wp.com\/noticiasribeiraopreto.com.br\/wp-content\/uploads\/2023\/11\/parque-raya.jpg?fit=600%2C400&ssl=1&resize=525%2C300 1.5x"},"classes":[]},{"id":58457,"url":"https:\/\/noticiasribeiraopreto.com.br\/index.php\/2024\/09\/27\/confira-os-horarios-de-funcionamento-dos-parques-de-ribeirao-preto\/","url_meta":{"origin":78204,"position":3},"title":"Confira os hor\u00e1rios de funcionamento dos parques de Ribeir\u00e3o Preto","author":"noticiasribeiraopreto.com.br","date":"27 de September de 2024","format":false,"excerpt":"Ribeir\u00e3o Preto\u00a0tem seis parques\u00a0para quem prefere curtir ou fazer alguma atividade ao ar livre, pela cidade. Confira mais detalhes sobre os parques do munic\u00edpio O Parque Raya fica na zona Sul de Ribeir\u00e3o Preto (Foto de arquivo: Marcelo Fontes \/ acidade on) Parque Luis Carlos Raya O parque fica localizado\u2026","rel":"","context":"In &quot;Not\u00edcias de Ribeir\u00e3o Preto-SP e Regi\u00e3o&quot;","block_context":{"text":"Not\u00edcias de Ribeir\u00e3o Preto-SP e Regi\u00e3o","link":"https:\/\/noticiasribeiraopreto.com.br\/index.php\/category\/noticias-de-ribeirao-preto-sp-e-regiao-ismael-colosi\/"},"img":{"alt_text":"","src":"https:\/\/i0.wp.com\/noticiasribeiraopreto.com.br\/wp-content\/uploads\/2024\/09\/Copia-de-Copia-de-Copia-de-TAMANHO-EXATO-PARA-FOTOS-NO-SISTEMA-NOVO-49_2024-09-27_19-16-30_png_2024-09-27_19-16-30.webp.webp?fit=1200%2C675&ssl=1&resize=350%2C200","width":350,"height":200,"srcset":"https:\/\/i0.wp.com\/noticiasribeiraopreto.com.br\/wp-content\/uploads\/2024\/09\/Copia-de-Copia-de-Copia-de-TAMANHO-EXATO-PARA-FOTOS-NO-SISTEMA-NOVO-49_2024-09-27_19-16-30_png_2024-09-27_19-16-30.webp.webp?fit=1200%2C675&ssl=1&resize=350%2C200 1x, https:\/\/i0.wp.com\/noticiasribeiraopreto.com.br\/wp-content\/uploads\/2024\/09\/Copia-de-Copia-de-Copia-de-TAMANHO-EXATO-PARA-FOTOS-NO-SISTEMA-NOVO-49_2024-09-27_19-16-30_png_2024-09-27_19-16-30.webp.webp?fit=1200%2C675&ssl=1&resize=525%2C300 1.5x, https:\/\/i0.wp.com\/noticiasribeiraopreto.com.br\/wp-content\/uploads\/2024\/09\/Copia-de-Copia-de-Copia-de-TAMANHO-EXATO-PARA-FOTOS-NO-SISTEMA-NOVO-49_2024-09-27_19-16-30_png_2024-09-27_19-16-30.webp.webp?fit=1200%2C675&ssl=1&resize=700%2C400 2x, https:\/\/i0.wp.com\/noticiasribeiraopreto.com.br\/wp-content\/uploads\/2024\/09\/Copia-de-Copia-de-Copia-de-TAMANHO-EXATO-PARA-FOTOS-NO-SISTEMA-NOVO-49_2024-09-27_19-16-30_png_2024-09-27_19-16-30.webp.webp?fit=1200%2C675&ssl=1&resize=1050%2C600 3x"},"classes":[]},{"id":78181,"url":"https:\/\/noticiasribeiraopreto.com.br\/index.php\/2025\/10\/03\/parque-de-ribeirao-preto-recebe-programacao-especial-e-gratuita-de-dia-das-criancas\/","url_meta":{"origin":78204,"position":4},"title":"Parque de Ribeir\u00e3o Preto recebe programa\u00e7\u00e3o especial e gratuita de Dia das Crian\u00e7as","author":"noticiasribeiraopreto.com.br","date":"3 de October de 2025","format":false,"excerpt":"No domingo (12), Dia das Crian\u00e7as, o Parque Municipal Luis Carlos Raya, em Ribeir\u00e3o Preto, recebe uma programa\u00e7\u00e3o especial e gratuita para todas as idades. As atividades acontecem das 8h30 \u00e0s 11h30. Evento contar\u00e1 com personagens cl\u00e1ssicos \u2013 Foto: Rafael Fernandes O dia contar\u00e1 com brinquedos infl\u00e1veis, conta\u00e7\u00e3o de hist\u00f3rias,\u2026","rel":"","context":"In &quot;Not\u00edcias de Ribeir\u00e3o Preto-SP e Regi\u00e3o&quot;","block_context":{"text":"Not\u00edcias de Ribeir\u00e3o Preto-SP e Regi\u00e3o","link":"https:\/\/noticiasribeiraopreto.com.br\/index.php\/category\/noticias-de-ribeirao-preto-sp-e-regiao-ismael-colosi\/"},"img":{"alt_text":"","src":"https:\/\/i0.wp.com\/noticiasribeiraopreto.com.br\/wp-content\/uploads\/2025\/10\/f96229b4-2498-43ac-9695-8625dc3f6118_2025-10-03_15-05-03.webp.webp?fit=1200%2C800&ssl=1&resize=350%2C200","width":350,"height":200,"srcset":"https:\/\/i0.wp.com\/noticiasribeiraopreto.com.br\/wp-content\/uploads\/2025\/10\/f96229b4-2498-43ac-9695-8625dc3f6118_2025-10-03_15-05-03.webp.webp?fit=1200%2C800&ssl=1&resize=350%2C200 1x, https:\/\/i0.wp.com\/noticiasribeiraopreto.com.br\/wp-content\/uploads\/2025\/10\/f96229b4-2498-43ac-9695-8625dc3f6118_2025-10-03_15-05-03.webp.webp?fit=1200%2C800&ssl=1&resize=525%2C300 1.5x, https:\/\/i0.wp.com\/noticiasribeiraopreto.com.br\/wp-content\/uploads\/2025\/10\/f96229b4-2498-43ac-9695-8625dc3f6118_2025-10-03_15-05-03.webp.webp?fit=1200%2C800&ssl=1&resize=700%2C400 2x, https:\/\/i0.wp.com\/noticiasribeiraopreto.com.br\/wp-content\/uploads\/2025\/10\/f96229b4-2498-43ac-9695-8625dc3f6118_2025-10-03_15-05-03.webp.webp?fit=1200%2C800&ssl=1&resize=1050%2C600 3x"},"classes":[]},{"id":58459,"url":"https:\/\/noticiasribeiraopreto.com.br\/index.php\/2024\/09\/27\/confira-os-horarios-de-funcionamento-dos-parques-de-ribeirao-preto-2\/","url_meta":{"origin":78204,"position":5},"title":"Confira os hor\u00e1rios de funcionamento dos parques de Ribeir\u00e3o Preto","author":"noticiasribeiraopreto.com.br","date":"27 de September de 2024","format":false,"excerpt":"Ribeir\u00e3o Preto\u00a0tem seis parques\u00a0para quem prefere curtir ou fazer alguma atividade ao ar livre, pela cidade. Confira mais detalhes sobre os parques do munic\u00edpio O Parque Raya fica na zona Sul de Ribeir\u00e3o Preto (Foto de arquivo: Marcelo Fontes \/ acidade on) Parque Luis Carlos Raya O parque fica localizado\u2026","rel":"","context":"In &quot;Not\u00edcias de Ribeir\u00e3o Preto-SP e Regi\u00e3o&quot;","block_context":{"text":"Not\u00edcias de Ribeir\u00e3o Preto-SP e Regi\u00e3o","link":"https:\/\/noticiasribeiraopreto.com.br\/index.php\/category\/noticias-de-ribeirao-preto-sp-e-regiao-ismael-colosi\/"},"img":{"alt_text":"","src":"https:\/\/i0.wp.com\/noticiasribeiraopreto.com.br\/wp-content\/uploads\/2024\/09\/Copia-de-Copia-de-Copia-de-TAMANHO-EXATO-PARA-FOTOS-NO-SISTEMA-NOVO-49_2024-09-27_19-16-30_png_2024-09-27_19-16-30.webp.webp?fit=1200%2C675&ssl=1&resize=350%2C200","width":350,"height":200,"srcset":"https:\/\/i0.wp.com\/noticiasribeiraopreto.com.br\/wp-content\/uploads\/2024\/09\/Copia-de-Copia-de-Copia-de-TAMANHO-EXATO-PARA-FOTOS-NO-SISTEMA-NOVO-49_2024-09-27_19-16-30_png_2024-09-27_19-16-30.webp.webp?fit=1200%2C675&ssl=1&resize=350%2C200 1x, https:\/\/i0.wp.com\/noticiasribeiraopreto.com.br\/wp-content\/uploads\/2024\/09\/Copia-de-Copia-de-Copia-de-TAMANHO-EXATO-PARA-FOTOS-NO-SISTEMA-NOVO-49_2024-09-27_19-16-30_png_2024-09-27_19-16-30.webp.webp?fit=1200%2C675&ssl=1&resize=525%2C300 1.5x, https:\/\/i0.wp.com\/noticiasribeiraopreto.com.br\/wp-content\/uploads\/2024\/09\/Copia-de-Copia-de-Copia-de-TAMANHO-EXATO-PARA-FOTOS-NO-SISTEMA-NOVO-49_2024-09-27_19-16-30_png_2024-09-27_19-16-30.webp.webp?fit=1200%2C675&ssl=1&resize=700%2C400 2x, https:\/\/i0.wp.com\/noticiasribeiraopreto.com.br\/wp-content\/uploads\/2024\/09\/Copia-de-Copia-de-Copia-de-TAMANHO-EXATO-PARA-FOTOS-NO-SISTEMA-NOVO-49_2024-09-27_19-16-30_png_2024-09-27_19-16-30.webp.webp?fit=1200%2C675&ssl=1&resize=1050%2C600 3x"},"classes":[]}],"jetpack_sharing_enabled":true,"jetpack_shortlink":"https:\/\/wp.me\/peQAOb-klm","_links":{"self":[{"href":"https:\/\/noticiasribeiraopreto.com.br\/index.php\/wp-json\/wp\/v2\/posts\/78204","targetHints":{"allow":["GET"]}}],"collection":[{"href":"https:\/\/noticiasribeiraopreto.com.br\/index.php\/wp-json\/wp\/v2\/posts"}],"about":[{"href":"https:\/\/noticiasribeiraopreto.com.br\/index.php\/wp-json\/wp\/v2\/types\/post"}],"author":[{"embeddable":true,"href":"https:\/\/noticiasribeiraopreto.com.br\/index.php\/wp-json\/wp\/v2\/users\/1"}],"replies":[{"embeddable":true,"href":"https:\/\/noticiasribeiraopreto.com.br\/index.php\/wp-json\/wp\/v2\/comments?post=78204"}],"version-history":[{"count":0,"href":"https:\/\/noticiasribeiraopreto.com.br\/index.php\/wp-json\/wp\/v2\/posts\/78204\/revisions"}],"wp:featuredmedia":[{"embeddable":true,"href":"https:\/\/noticiasribeiraopreto.com.br\/index.php\/wp-json\/wp\/v2\/media\/78205"}],"wp:attachment":[{"href":"https:\/\/noticiasribeiraopreto.com.br\/index.php\/wp-json\/wp\/v2\/media?parent=78204"}],"wp:term":[{"taxonomy":"category","embeddable":true,"href":"https:\/\/noticiasribeiraopreto.com.br\/index.php\/wp-json\/wp\/v2\/categories?post=78204"},{"taxonomy":"post_tag","embeddable":true,"href":"https:\/\/noticiasribeiraopreto.com.br\/index.php\/wp-json\/wp\/v2\/tags?post=78204"}],"curies":[{"name":"wp","href":"https:\/\/api.w.org\/{rel}","templated":true}]}}