{"id":78208,"date":"2025-10-04T15:17:13","date_gmt":"2025-10-04T18:17:13","guid":{"rendered":"https:\/\/noticiasribeiraopreto.com.br\/index.php\/2025\/10\/04\/dono-de-distribuidora-e-preso-por-vender-bebidas-falsificadas-na-regiao-de-ribeirao\/"},"modified":"2025-10-04T15:17:13","modified_gmt":"2025-10-04T18:17:13","slug":"dono-de-distribuidora-e-preso-por-vender-bebidas-falsificadas-na-regiao-de-ribeirao","status":"publish","type":"post","link":"https:\/\/noticiasribeiraopreto.com.br\/index.php\/2025\/10\/04\/dono-de-distribuidora-e-preso-por-vender-bebidas-falsificadas-na-regiao-de-ribeirao\/","title":{"rendered":"Dono de distribuidora \u00e9 preso por vender bebidas falsificadas na regi\u00e3o de Ribeir\u00e3o"},"content":{"rendered":"<div class='code-block code-block-1' style='margin: 8px 0 8px auto; text-align: right; display: block; clear: both;'>\n<p><a href=\"https:\/\/wa.link\/vpicfd\"><img data-recalc-dims=\"1\" class=\"wp-image-4922\" style=\"aspect-ratio: 2.0253164556962027; width: 561px; height: auto;\" src=\"https:\/\/i0.wp.com\/ismaelcolosi.com.br\/wp-content\/uploads\/2023\/11\/grupo-de-empregos-whatsapp-e-facebook-ismael-colosi-vagas.jpg?ssl=1\" alt=\"\" \/><\/a><\/p>\n<!-- \/wp:image -->\n<\/div>\n<p> <br \/>\n<\/p>\n<div>\n<p>O propriet\u00e1rio de uma distribuidora de <strong>bebidas <\/strong>em <strong>S\u00e3o Joaquim da Barra<\/strong>, cidade na<strong> regi\u00e3o de Ribeir\u00e3o Preto<\/strong>, foi preso nesta sexta-feira (3) pela suspeita de <strong>comercializar bebidas falsificadas<\/strong>.<\/p>\n<p>Durante a opera\u00e7\u00e3o da <strong>Pol\u00edcia Civil<\/strong>, por meio da <strong>DISE (da Delegacia de Investiga\u00e7\u00f5es sobre Entorpecentes)<\/strong>, <mark style=\"background-color:#fcb900\" class=\"has-inline-color\">o dono do estabelecimento que fica no bairro J\u00falio De Lollo <strong>admitiu a comercializa\u00e7\u00e3o de produtos falsificados<\/strong>.<\/mark><\/p>\n<p>No local foram apreendidas 37 garrafas de bebidas, incluindo <strong>u\u00edsque <\/strong>e <strong>licor<\/strong>, com fortes ind\u00edcios de adultera\u00e7\u00e3o. Uma an\u00e1lise preliminar apontou diversas irregularidade, como:<\/p>\n<ul class=\"wp-block-list\">\n<li>Tampas com bordas irregulares;<\/li>\n<li>Colora\u00e7\u00e3o divergente dos produtos originais;<\/li>\n<li>Espa\u00e7o entre a tampa e o gargalo, sugerindo viola\u00e7\u00e3o e reembalagem;<\/li>\n<li>Aus\u00eancia de selo de controle fiscal (IPI) em bebidas importadas;<\/li>\n<li>Volume de l\u00edquido inferior ao padr\u00e3o das embalagens originais.<\/li>\n<li>Ainda de acordo com a Pol\u00edcia Civil, no momento da abordagem, havia clientes consumindo bebidas em frente ao estabelecimento.<\/li>\n<\/ul>\n<p>Foi realizada a apreens\u00e3o dos produtos e o respons\u00e1vel foi conduzido \u00e0 <strong>DISE<\/strong>, onde foi autuado em flagrante e encaminhado \u00e0<strong> Cadeia P\u00fablica de S\u00e3o Joaquim da Barra<\/strong>. A defesa do homem n\u00e3o foi localizada.<\/p>\n<div class=\"wp-block-image\">\n<figure class=\"aligncenter size-large is-resized\"><img data-recalc-dims=\"1\" fetchpriority=\"high\" decoding=\"async\" width=\"1024\" height=\"576\" src=\"https:\/\/i0.wp.com\/cdn.media-acidadeon.com.br\/ribeiraopreto\/wp-content\/uploads\/sites\/3\/2025\/10\/Copia-de-Copia-de-Copia-de-TAMANHO-EXATO-PARA-FOTOS-NO-SISTEMA-NOVO-2025-10-04T125355.512_2025-10-04_15-54-02-1024x576.webp?resize=1024%2C576&#038;ssl=1\" alt=\"Pol\u00edcia Civil prende propriet\u00e1rio de distribuidora suspeito de vender bebida falsificada - Foto: divulga\u00e7\u00e3o\/ Pol\u00edcia Civil.\" class=\"wp-image-131261\" style=\"width:654px\" title=\"Dono de distribuidora \u00e9 preso por vender bebidas falsificadas na regi\u00e3o de Ribeir\u00e3o 1\" srcset=\"https:\/\/cdn.media-acidadeon.com.br\/ribeiraopreto\/wp-content\/uploads\/sites\/3\/2025\/10\/Copia-de-Copia-de-Copia-de-TAMANHO-EXATO-PARA-FOTOS-NO-SISTEMA-NOVO-2025-10-04T125355.512_2025-10-04_15-54-02-1024x576.webp 1024w, https:\/\/cdn.media-acidadeon.com.br\/ribeiraopreto\/wp-content\/uploads\/sites\/3\/2025\/10\/Copia-de-Copia-de-Copia-de-TAMANHO-EXATO-PARA-FOTOS-NO-SISTEMA-NOVO-2025-10-04T125355.512_2025-10-04_15-54-02-300x169.webp 300w, https:\/\/cdn.media-acidadeon.com.br\/ribeiraopreto\/wp-content\/uploads\/sites\/3\/2025\/10\/Copia-de-Copia-de-Copia-de-TAMANHO-EXATO-PARA-FOTOS-NO-SISTEMA-NOVO-2025-10-04T125355.512_2025-10-04_15-54-02-768x432.webp 768w, https:\/\/cdn.media-acidadeon.com.br\/ribeiraopreto\/wp-content\/uploads\/sites\/3\/2025\/10\/Copia-de-Copia-de-Copia-de-TAMANHO-EXATO-PARA-FOTOS-NO-SISTEMA-NOVO-2025-10-04T125355.512_2025-10-04_15-54-02-696x392.webp 696w, https:\/\/cdn.media-acidadeon.com.br\/ribeiraopreto\/wp-content\/uploads\/sites\/3\/2025\/10\/Copia-de-Copia-de-Copia-de-TAMANHO-EXATO-PARA-FOTOS-NO-SISTEMA-NOVO-2025-10-04T125355.512_2025-10-04_15-54-02-1068x601.webp 1068w, https:\/\/cdn.media-acidadeon.com.br\/ribeiraopreto\/wp-content\/uploads\/sites\/3\/2025\/10\/Copia-de-Copia-de-Copia-de-TAMANHO-EXATO-PARA-FOTOS-NO-SISTEMA-NOVO-2025-10-04T125355.512_2025-10-04_15-54-02.webp 1200w\" sizes=\"(max-width: 1024px) 100vw, 1024px\"\/><figcaption class=\"wp-element-caption\">Pol\u00edcia Civil prende propriet\u00e1rio de distribuidora suspeito de vender bebida falsificada \u2013 Foto: divulga\u00e7\u00e3o\/ Pol\u00edcia Civil.<\/figcaption><\/figure>\n<\/div>\n<h2 class=\"wp-block-heading\"><strong>Casos suspeitos<\/strong><\/h2>\n<p>O\u00a0<strong>Hospital das Cl\u00ednicas de Ribeir\u00e3o Preto<\/strong>\u00a0informou nesta sexta-feira (3) que o paciente de\u00a0<strong>Barrinha<\/strong>,\u00a0que havia sido internado por suspeita de intoxica\u00e7\u00e3o por metanol, teve o diagn\u00f3stico\u00a0<strong>descartado\u00a0<\/strong>e j\u00e1 recebeu alta.<\/p>\n<p>Contudo, o hospital informou que ainda investiga a situa\u00e7\u00e3o de um segundo paciente sob suspeita de consumo de bebida adulterada.\u00a0<strong>O paciente \u00e9 morador de Ribeir\u00e3o Preto e tem 50 anos e segue sob avalia\u00e7\u00e3o neste momento.<\/strong><\/p>\n<h3 class=\"wp-block-heading\"><strong>Sintomas de intoxica\u00e7\u00e3o<\/strong><\/h3>\n<p>Entre os sintomas que podem indicar intoxica\u00e7\u00e3o est\u00e3o\u00a0<strong>n\u00e1useas<\/strong>,\u00a0<strong>dor abdominal<\/strong>,<strong>\u00a0altera\u00e7\u00f5es visuais<\/strong>\u00a0e\u00a0<strong>confus\u00e3o mental<\/strong>. Nessas situa\u00e7\u00f5es, \u00e9 fundamental procurar atendimento m\u00e9dico imediato.<\/p>\n<div class=\"wp-block-image\">\n<figure class=\"aligncenter size-large is-resized\"><img data-recalc-dims=\"1\" loading=\"lazy\" decoding=\"async\" width=\"1024\" height=\"576\" src=\"https:\/\/i0.wp.com\/cdn.media-acidadeon.com.br\/ribeiraopreto\/wp-content\/uploads\/sites\/3\/2024\/05\/Copia-de-Copia-de-TAMANHO-EXATO-PARA-FOTOS-NO-SISTEMA-NOVO-3_2024-05-29_14-32-31_png_2024-05-29_14-32-31-1024x576.webp?resize=1024%2C576&#038;ssl=1\" alt=\"Unidade de Emerg\u00eancia do Hospital das Cl\u00ednicas atende pacientes de Ribeir\u00e3o Preto e regi\u00e3o - Foto: Divulga\u00e7\u00e3o.\" class=\"wp-image-82911\" style=\"width:654px\" title=\"Dono de distribuidora \u00e9 preso por vender bebidas falsificadas na regi\u00e3o de Ribeir\u00e3o 2\" srcset=\"https:\/\/cdn.media-acidadeon.com.br\/ribeiraopreto\/wp-content\/uploads\/sites\/3\/2024\/05\/Copia-de-Copia-de-TAMANHO-EXATO-PARA-FOTOS-NO-SISTEMA-NOVO-3_2024-05-29_14-32-31_png_2024-05-29_14-32-31-1024x576.webp 1024w, https:\/\/cdn.media-acidadeon.com.br\/ribeiraopreto\/wp-content\/uploads\/sites\/3\/2024\/05\/Copia-de-Copia-de-TAMANHO-EXATO-PARA-FOTOS-NO-SISTEMA-NOVO-3_2024-05-29_14-32-31_png_2024-05-29_14-32-31-300x169.webp 300w, https:\/\/cdn.media-acidadeon.com.br\/ribeiraopreto\/wp-content\/uploads\/sites\/3\/2024\/05\/Copia-de-Copia-de-TAMANHO-EXATO-PARA-FOTOS-NO-SISTEMA-NOVO-3_2024-05-29_14-32-31_png_2024-05-29_14-32-31-768x432.webp 768w, https:\/\/cdn.media-acidadeon.com.br\/ribeiraopreto\/wp-content\/uploads\/sites\/3\/2024\/05\/Copia-de-Copia-de-TAMANHO-EXATO-PARA-FOTOS-NO-SISTEMA-NOVO-3_2024-05-29_14-32-31_png_2024-05-29_14-32-31-696x392.webp 696w, https:\/\/cdn.media-acidadeon.com.br\/ribeiraopreto\/wp-content\/uploads\/sites\/3\/2024\/05\/Copia-de-Copia-de-TAMANHO-EXATO-PARA-FOTOS-NO-SISTEMA-NOVO-3_2024-05-29_14-32-31_png_2024-05-29_14-32-31-1068x601.webp 1068w, https:\/\/cdn.media-acidadeon.com.br\/ribeiraopreto\/wp-content\/uploads\/sites\/3\/2024\/05\/Copia-de-Copia-de-TAMANHO-EXATO-PARA-FOTOS-NO-SISTEMA-NOVO-3_2024-05-29_14-32-31_png_2024-05-29_14-32-31.webp 1200w\" sizes=\"auto, (max-width: 1024px) 100vw, 1024px\"\/><figcaption class=\"wp-element-caption\">Paciente est\u00e1 na Unidade de Emerg\u00eancia do Hospital das Cl\u00ednicas atende pacientes de Ribeir\u00e3o Preto e regi\u00e3o \u2013 Foto: Divulga\u00e7\u00e3o.<\/figcaption><\/figure>\n<\/div>\n<h2 class=\"wp-block-heading\"><strong>Bares s\u00e3o autuados em Ribeir\u00e3o Preto\u00a0<\/strong><\/h2>\n<p>A\u00a0<strong>Prefeitura de Ribeir\u00e3o Preto<\/strong>\u00a0informou que\u00a0<strong>dez bares do munic\u00edpio foram autuados pela venda de bebidas sem registros<\/strong>. At\u00e9 o momento, 21 estabelecimentos foram inspecionados.<\/p>\n<p>De acordo com a\u00a0<strong>fiscaliza\u00e7\u00e3o da Vigil\u00e2ncia Sanit\u00e1ria<\/strong>, durante as a\u00e7\u00f5es\u00a0<mark style=\"background-color:#fcb900\" class=\"has-inline-color\">foram interditados\u00a0<strong>197 litros de cacha\u00e7a<\/strong>,\u00a0<strong>8 garrafas de vodca<\/strong>,\u00a0<strong>12 de licor<\/strong>\u00a0e\u00a0<strong>6.932 copinhos de cacha\u00e7a (50 ml)<\/strong>.<\/mark><\/p>\n<p>Al\u00e9m disso, foram apreendidos\u00a0<strong>34 garrafas de tequila<\/strong>,\u00a0<strong>5 garrafas de licor<\/strong>,\u00a0<strong>12 litros de cacha\u00e7a<\/strong>,\u00a0<strong>uma garrafa de vodca<\/strong>\u00a0e uma\u00a0<strong>garrafa de conhaque<\/strong>.\u00a0<mark style=\"background-color:#fcb900\" class=\"has-inline-color\">Nenhum endere\u00e7o dos locais fiscalizados foram divulgados pela Prefeitura.<\/mark><\/p>\n<div class=\"wp-block-image\">\n<figure class=\"aligncenter size-large is-resized\"><img data-recalc-dims=\"1\" loading=\"lazy\" decoding=\"async\" width=\"1024\" height=\"683\" src=\"https:\/\/i0.wp.com\/cdn.media-acidadeon.com.br\/ribeiraopreto\/wp-content\/uploads\/sites\/3\/2025\/10\/close-up-de-tequila-em-copos-no-balcao-de-bar_2025-10-03_21-26-03-1024x683.webp?resize=1024%2C683&#038;ssl=1\" alt=\"Fiscaliza\u00e7\u00e3o autua dez bares em Ribeir\u00e3o Preto por venda irregular de bebidas - Foto: Freepik.\" class=\"wp-image-131216\" style=\"width:654px\" title=\"Dono de distribuidora \u00e9 preso por vender bebidas falsificadas na regi\u00e3o de Ribeir\u00e3o 3\" srcset=\"https:\/\/cdn.media-acidadeon.com.br\/ribeiraopreto\/wp-content\/uploads\/sites\/3\/2025\/10\/close-up-de-tequila-em-copos-no-balcao-de-bar_2025-10-03_21-26-03-1024x683.webp 1024w, https:\/\/cdn.media-acidadeon.com.br\/ribeiraopreto\/wp-content\/uploads\/sites\/3\/2025\/10\/close-up-de-tequila-em-copos-no-balcao-de-bar_2025-10-03_21-26-03-300x200.webp 300w, https:\/\/cdn.media-acidadeon.com.br\/ribeiraopreto\/wp-content\/uploads\/sites\/3\/2025\/10\/close-up-de-tequila-em-copos-no-balcao-de-bar_2025-10-03_21-26-03-768x512.webp 768w, https:\/\/cdn.media-acidadeon.com.br\/ribeiraopreto\/wp-content\/uploads\/sites\/3\/2025\/10\/close-up-de-tequila-em-copos-no-balcao-de-bar_2025-10-03_21-26-03-696x464.webp 696w, https:\/\/cdn.media-acidadeon.com.br\/ribeiraopreto\/wp-content\/uploads\/sites\/3\/2025\/10\/close-up-de-tequila-em-copos-no-balcao-de-bar_2025-10-03_21-26-03-1068x712.webp 1068w, https:\/\/cdn.media-acidadeon.com.br\/ribeiraopreto\/wp-content\/uploads\/sites\/3\/2025\/10\/close-up-de-tequila-em-copos-no-balcao-de-bar_2025-10-03_21-26-03.webp 1200w\" sizes=\"auto, (max-width: 1024px) 100vw, 1024px\"\/><figcaption class=\"wp-element-caption\">Fiscaliza\u00e7\u00e3o autua dez bares em Ribeir\u00e3o Preto por venda irregular de bebidas \u2013 Foto: Freepik.<\/figcaption><\/figure>\n<\/div>\n<h2 class=\"wp-block-heading\"><strong>O que diz a Abrasel?<\/strong><\/h2>\n<p>Em nota, a Abrasel (Associa\u00e7\u00e3o Brasileira de Bares e Restaurantes) informa que a falsifica\u00e7\u00e3o e adultera\u00e7\u00e3o de bebidas s\u00e3o\u00a0<strong>crimes graves contra o consumidor<\/strong>,\u00a0\u201cque colocam em risco a sa\u00fade da popula\u00e7\u00e3o e geram preju\u00edzos diretos aos estabelecimentos s\u00e9rios e comprometidos com a legalidade\u201d. Estes estabelecimentos tamb\u00e9m s\u00e3o v\u00edtimas dos criminosos.<\/p>\n<figure class=\"wp-block-pullquote\">\n<blockquote>\n<p>Al\u00e9m disso, o setor de alimenta\u00e7\u00e3o fora do lar como um todo sofre com a desconfian\u00e7a causada por estas a\u00e7\u00f5es ilegais. Trata-se de um\u00a0<strong>problema de sa\u00fade p\u00fablica,\u00a0<\/strong>que exige a\u00e7\u00e3o coordenada entre autoridades, setor produtivo e sociedade.<\/p>\n<\/blockquote>\n<\/figure>\n<p>Al\u00e9m de alertar os estabelecimentos sobre os\u00a0<a href=\"https:\/\/bareserestaurantes.com.br\/gestao\/bebida-adulterada-prevenir-venda-estabelecimento\" target=\"_blank\" rel=\"noreferrer noopener\">sinais de adultera\u00e7\u00e3o<\/a>, como pre\u00e7os muito baixos, lacres tortos, erros de impress\u00e3o e odor semelhante a solventes,\u00a0<mark style=\"background-color:#fcb900\" class=\"has-inline-color\">a\u00a0<strong>Abrasel\u00a0<\/strong>recomenda que garrafas vazias sejam inutilizadas (quebradas) antes do descarte, impedindo que sejam reaproveitadas por falsificadores para enganar consumidores com produtos adulterados.<\/mark><\/p>\n<hr class=\"wp-block-separator has-alpha-channel-opacity\"\/>\n<p>SAIBA MAIS<\/p>\n<p>Bares s\u00e3o autuados em Ribeir\u00e3o Preto por venda de bebidas irregulares<\/p>\n<h2 class=\"wp-block-heading\"><strong>FIQUE ON<\/strong><\/h2>\n<p>Fique ligado em tudo que acontece em Ribeir\u00e3o Preto e regi\u00e3o. Siga os perfis do\u00a0<strong>acidade on<\/strong>\u00a0no<a href=\"https:\/\/www.instagram.com\/acidadeonribeirao\" target=\"_blank\" rel=\"noreferrer noopener\">\u00a0Instagram<\/a>\u00a0e no<a href=\"https:\/\/www.facebook.com\/acidadeonribeirao\/\" target=\"_blank\" rel=\"noreferrer noopener\">\u00a0Facebook<\/a>.<\/p>\n<p>Receba not\u00edcias do<strong>\u00a0acidade on<\/strong>\u00a0no WhatsApp. Para entrar no grupo,\u00a0basta\u00a0<a href=\"https:\/\/chat.whatsapp.com\/I4nieTEMKlf50pJ28aMemC?mode=ac_t\" target=\"_blank\" rel=\"noreferrer noopener\">clicar aqui<\/a>. Ou, acesse o nosso<a href=\"https:\/\/whatsapp.com\/channel\/0029Vb6IQl1JENyAeS57fk2p\" target=\"_blank\" rel=\"noreferrer noopener\">\u00a0Canal clicando aqui<\/a>.<\/p>\n<p>Fa\u00e7a uma den\u00fancia ou sugira uma reportagem sobre Ribeir\u00e3o Preto e regi\u00e3o pelo WhatsApp: 16 99117 7802.<\/p>\n<p>VEJA TAMB\u00c9M<\/p>\n<p>O que aconteceu com Coliesa de \u2018Quilos Mortais\u201d?<\/p>\n<p><!-- AI CONTENT END 1 -->\n<\/div>\n<p><script async src=\"\/\/www.instagram.com\/embed.js\"><\/script><br \/>\n<br \/><br \/>\n<br \/><a href=\"https:\/\/www.acidadeon.com\/ribeiraopreto\/cotidiano\/dono-de-distribuidora-e-preso-por-vender-bebidas-falsificadas-na-regiao-de-ribeirao\/\">Source link <\/a><\/p>\n<!-- CONTENT END 1 -->\n","protected":false},"excerpt":{"rendered":"<p>O propriet\u00e1rio de uma distribuidora de bebidas em S\u00e3o Joaquim da Barra, cidade na regi\u00e3o de Ribeir\u00e3o Preto, foi preso nesta sexta-feira (3) pela suspeita&#8230;<\/p>\n","protected":false},"author":1,"featured_media":78209,"comment_status":"open","ping_status":"open","sticky":false,"template":"","format":"standard","meta":{"advanced_seo_description":"","jetpack_seo_html_title":"","jetpack_seo_noindex":false,"jetpack_post_was_ever_published":false,"_jetpack_newsletter_access":"","_jetpack_dont_email_post_to_subs":false,"_jetpack_newsletter_tier_id":0,"_jetpack_memberships_contains_paywalled_content":false,"_jetpack_memberships_contains_paid_content":false,"footnotes":"","jetpack_publicize_message":"","jetpack_publicize_feature_enabled":true,"jetpack_social_post_already_shared":true,"jetpack_social_options":{"image_generator_settings":{"template":"highway","default_image_id":0,"font":"","enabled":false},"version":2}},"categories":[11],"tags":[],"class_list":["post-78208","post","type-post","status-publish","format-standard","has-post-thumbnail","hentry","category-noticias-de-ribeirao-preto-sp-e-regiao-ismael-colosi"],"jetpack_publicize_connections":[],"jetpack_featured_media_url":"https:\/\/i0.wp.com\/noticiasribeiraopreto.com.br\/wp-content\/uploads\/2025\/10\/Copia-de-Copia-de-Copia-de-TAMANHO-EXATO-PARA-FOTOS-NO-SISTEMA-NOVO-2025-10-04T125229.642_2025-10-04_15-52-35.webp.webp?fit=1200%2C675&ssl=1","jetpack-related-posts":[{"id":78157,"url":"https:\/\/noticiasribeiraopreto.com.br\/index.php\/2025\/10\/03\/homem-e-preso-suspeito-de-vender-bebidas-falsificadas\/","url_meta":{"origin":78208,"position":0},"title":"Homem \u00e9 preso suspeito de vender bebidas falsificadas","author":"noticiasribeiraopreto.com.br","date":"3 de October de 2025","format":false,"excerpt":"No local, que fica na regi\u00e3o, tamb\u00e9m foram encontrados cigarros contrabandeados do Paraguai 3 de outubro de 2025 11:070 Compartilhar0 Por: Adalberto Luque Um homem foi preso na tarde desta quinta-feira (2) por comercializar bebidas alco\u00f3licas com ind\u00edcios de falsifica\u00e7\u00e3o, durante uma opera\u00e7\u00e3o conjunta entre policiais civis e militares, al\u00e9m\u2026","rel":"","context":"In &quot;Not\u00edcias de Ribeir\u00e3o Preto-SP e Regi\u00e3o&quot;","block_context":{"text":"Not\u00edcias de Ribeir\u00e3o Preto-SP e Regi\u00e3o","link":"https:\/\/noticiasribeiraopreto.com.br\/index.php\/category\/noticias-de-ribeirao-preto-sp-e-regiao-ismael-colosi\/"},"img":{"alt_text":"","src":"https:\/\/i0.wp.com\/noticiasribeiraopreto.com.br\/wp-content\/uploads\/2025\/10\/03-out-2025-bebidasjaboticabal1.jpg?fit=811%2C461&ssl=1&resize=350%2C200","width":350,"height":200,"srcset":"https:\/\/i0.wp.com\/noticiasribeiraopreto.com.br\/wp-content\/uploads\/2025\/10\/03-out-2025-bebidasjaboticabal1.jpg?fit=811%2C461&ssl=1&resize=350%2C200 1x, https:\/\/i0.wp.com\/noticiasribeiraopreto.com.br\/wp-content\/uploads\/2025\/10\/03-out-2025-bebidasjaboticabal1.jpg?fit=811%2C461&ssl=1&resize=525%2C300 1.5x, https:\/\/i0.wp.com\/noticiasribeiraopreto.com.br\/wp-content\/uploads\/2025\/10\/03-out-2025-bebidasjaboticabal1.jpg?fit=811%2C461&ssl=1&resize=700%2C400 2x"},"classes":[]},{"id":78104,"url":"https:\/\/noticiasribeiraopreto.com.br\/index.php\/2025\/10\/02\/video-mulheres-sao-presas-com-bebidas-falsificadas-na-regiao\/","url_meta":{"origin":78208,"position":1},"title":"V\u00cdDEO &#8211; Mulheres s\u00e3o presas com bebidas falsificadas na regi\u00e3o","author":"noticiasribeiraopreto.com.br","date":"2 de October de 2025","format":false,"excerpt":"Dupla foi abordada pela Pol\u00edcia Rodovi\u00e1ria, que encontrou as garrafas no ve\u00edculo em que estavam 2 de outubro de 2025 10:392 de outubro de 2025 10:402 Compartilhar1 Por: Adalberto Luque Duas mulheres, de 23 e 34 anos foram presas, na noite de quarta-feira (1\u00ba), com mais de 150 garrafas de\u2026","rel":"","context":"In &quot;Not\u00edcias de Ribeir\u00e3o Preto-SP e Regi\u00e3o&quot;","block_context":{"text":"Not\u00edcias de Ribeir\u00e3o Preto-SP e Regi\u00e3o","link":"https:\/\/noticiasribeiraopreto.com.br\/index.php\/category\/noticias-de-ribeirao-preto-sp-e-regiao-ismael-colosi\/"},"img":{"alt_text":"","src":"https:\/\/i0.wp.com\/noticiasribeiraopreto.com.br\/wp-content\/uploads\/2025\/10\/02-out-2025-bebidasfalsas2-scaled.jpg?fit=1170%2C780&ssl=1&resize=350%2C200","width":350,"height":200,"srcset":"https:\/\/i0.wp.com\/noticiasribeiraopreto.com.br\/wp-content\/uploads\/2025\/10\/02-out-2025-bebidasfalsas2-scaled.jpg?fit=1170%2C780&ssl=1&resize=350%2C200 1x, https:\/\/i0.wp.com\/noticiasribeiraopreto.com.br\/wp-content\/uploads\/2025\/10\/02-out-2025-bebidasfalsas2-scaled.jpg?fit=1170%2C780&ssl=1&resize=525%2C300 1.5x, https:\/\/i0.wp.com\/noticiasribeiraopreto.com.br\/wp-content\/uploads\/2025\/10\/02-out-2025-bebidasfalsas2-scaled.jpg?fit=1170%2C780&ssl=1&resize=700%2C400 2x, https:\/\/i0.wp.com\/noticiasribeiraopreto.com.br\/wp-content\/uploads\/2025\/10\/02-out-2025-bebidasfalsas2-scaled.jpg?fit=1170%2C780&ssl=1&resize=1050%2C600 3x"},"classes":[]},{"id":79695,"url":"https:\/\/noticiasribeiraopreto.com.br\/index.php\/2025\/11\/06\/operacao-que-prendeu-rei-do-uisque-e-realizada-na-regiao-de-ribeirao-preto\/","url_meta":{"origin":78208,"position":2},"title":"Opera\u00e7\u00e3o que prendeu &#8216;Rei do u\u00edsque&#8217; \u00e9 realizada na regi\u00e3o de Ribeir\u00e3o Preto","author":"noticiasribeiraopreto.com.br","date":"6 de November de 2025","format":false,"excerpt":"A Pol\u00edcia Civil deflagrou nesta quinta-feira (6) a quarta fase da opera\u00e7\u00e3o \u201cParece, mas n\u00e3o \u00e9\u201d, contra o com\u00e9rcio de bebidas alco\u00f3licas falsificadas. A a\u00e7\u00e3o, coordenada pelo 42\u00b0 Distrito Policial da Capital, acontece em Sert\u00e3ozinho e Taquaritinga, na regi\u00e3o de Ribeir\u00e3o Preto, al\u00e9m de S\u00e3o Paulo e os munic\u00edpios paulistas\u2026","rel":"","context":"In &quot;Not\u00edcias de Ribeir\u00e3o Preto-SP e Regi\u00e3o&quot;","block_context":{"text":"Not\u00edcias de Ribeir\u00e3o Preto-SP e Regi\u00e3o","link":"https:\/\/noticiasribeiraopreto.com.br\/index.php\/category\/noticias-de-ribeirao-preto-sp-e-regiao-ismael-colosi\/"},"img":{"alt_text":"","src":"https:\/\/i0.wp.com\/noticiasribeiraopreto.com.br\/wp-content\/uploads\/2025\/11\/despejando-bebida-forte-de-alcool-nos-copos-que-estao-sobre-mesa-de-madeira_2025-11-06_12-06-29.webp.webp?fit=1200%2C801&ssl=1&resize=350%2C200","width":350,"height":200,"srcset":"https:\/\/i0.wp.com\/noticiasribeiraopreto.com.br\/wp-content\/uploads\/2025\/11\/despejando-bebida-forte-de-alcool-nos-copos-que-estao-sobre-mesa-de-madeira_2025-11-06_12-06-29.webp.webp?fit=1200%2C801&ssl=1&resize=350%2C200 1x, https:\/\/i0.wp.com\/noticiasribeiraopreto.com.br\/wp-content\/uploads\/2025\/11\/despejando-bebida-forte-de-alcool-nos-copos-que-estao-sobre-mesa-de-madeira_2025-11-06_12-06-29.webp.webp?fit=1200%2C801&ssl=1&resize=525%2C300 1.5x, https:\/\/i0.wp.com\/noticiasribeiraopreto.com.br\/wp-content\/uploads\/2025\/11\/despejando-bebida-forte-de-alcool-nos-copos-que-estao-sobre-mesa-de-madeira_2025-11-06_12-06-29.webp.webp?fit=1200%2C801&ssl=1&resize=700%2C400 2x, https:\/\/i0.wp.com\/noticiasribeiraopreto.com.br\/wp-content\/uploads\/2025\/11\/despejando-bebida-forte-de-alcool-nos-copos-que-estao-sobre-mesa-de-madeira_2025-11-06_12-06-29.webp.webp?fit=1200%2C801&ssl=1&resize=1050%2C600 3x"},"classes":[]},{"id":54135,"url":"https:\/\/noticiasribeiraopreto.com.br\/index.php\/2024\/06\/29\/dois-homens-sao-presos-pela-pm-apos-roubo-em-distribuidora-de-bebidas-de-ribeirao-preto\/","url_meta":{"origin":78208,"position":3},"title":"Dois homens s\u00e3o presos pela PM ap\u00f3s roubo em distribuidora de bebidas de Ribeir\u00e3o Preto","author":"noticiasribeiraopreto.com.br","date":"29 de June de 2024","format":false,"excerpt":"A Pol\u00edcia Militar (PM) prendeu dois homens acusados de roubarem uma distribuidora de bebidas no final da tarde desta sexta-feira (28), no bairro Vila Virg\u00ednia, em Ribeir\u00e3o Preto. Segundo as informa\u00e7\u00f5es, os criminosos estavam em uma moto aguardando pr\u00f3ximo a sa\u00edda de funcion\u00e1rios, quando abordaram o propriet\u00e1rio do estabelecimento, sua\u2026","rel":"","context":"In &quot;Not\u00edcias de Ribeir\u00e3o Preto-SP e Regi\u00e3o&quot;","block_context":{"text":"Not\u00edcias de Ribeir\u00e3o Preto-SP e Regi\u00e3o","link":"https:\/\/noticiasribeiraopreto.com.br\/index.php\/category\/noticias-de-ribeirao-preto-sp-e-regiao-ismael-colosi\/"},"img":{"alt_text":"","src":"https:\/\/i0.wp.com\/noticiasribeiraopreto.com.br\/wp-content\/uploads\/2024\/06\/Copia-de-Copia-de-TAMANHO-EXATO-PARA-FOTOS-NO-SISTEMA-NOVO-96_2024-06-29_01-25-23_png_2024-06-29_01-25-23.webp.webp?fit=1200%2C675&ssl=1&resize=350%2C200","width":350,"height":200,"srcset":"https:\/\/i0.wp.com\/noticiasribeiraopreto.com.br\/wp-content\/uploads\/2024\/06\/Copia-de-Copia-de-TAMANHO-EXATO-PARA-FOTOS-NO-SISTEMA-NOVO-96_2024-06-29_01-25-23_png_2024-06-29_01-25-23.webp.webp?fit=1200%2C675&ssl=1&resize=350%2C200 1x, https:\/\/i0.wp.com\/noticiasribeiraopreto.com.br\/wp-content\/uploads\/2024\/06\/Copia-de-Copia-de-TAMANHO-EXATO-PARA-FOTOS-NO-SISTEMA-NOVO-96_2024-06-29_01-25-23_png_2024-06-29_01-25-23.webp.webp?fit=1200%2C675&ssl=1&resize=525%2C300 1.5x, https:\/\/i0.wp.com\/noticiasribeiraopreto.com.br\/wp-content\/uploads\/2024\/06\/Copia-de-Copia-de-TAMANHO-EXATO-PARA-FOTOS-NO-SISTEMA-NOVO-96_2024-06-29_01-25-23_png_2024-06-29_01-25-23.webp.webp?fit=1200%2C675&ssl=1&resize=700%2C400 2x, https:\/\/i0.wp.com\/noticiasribeiraopreto.com.br\/wp-content\/uploads\/2024\/06\/Copia-de-Copia-de-TAMANHO-EXATO-PARA-FOTOS-NO-SISTEMA-NOVO-96_2024-06-29_01-25-23_png_2024-06-29_01-25-23.webp.webp?fit=1200%2C675&ssl=1&resize=1050%2C600 3x"},"classes":[]},{"id":70777,"url":"https:\/\/noticiasribeiraopreto.com.br\/index.php\/2025\/05\/29\/fabrica-clandestina-de-whisky-e-descoberta-na-regiao-de-ribeirao-preto\/","url_meta":{"origin":78208,"position":4},"title":"F\u00e1brica clandestina de whisky \u00e9 descoberta na regi\u00e3o de Ribeir\u00e3o Preto","author":"noticiasribeiraopreto.com.br","date":"29 de May de 2025","format":false,"excerpt":"A Pol\u00edcia Civil de Monte Alto, cidade a 80 quil\u00f4metros de Ribeir\u00e3o Preto, prendeu nesta quinta-feira (29) um homem em uma f\u00e1brica clandestina de whisky.\u00a0 A produ\u00e7\u00e3o era realizada dentro da casa do acusado. O suspeito utilizava ingredientes que n\u00e3o poderiam ser utilizados na bebida, como a\u00e7\u00facar queimado e \u00e1lcool\u2026","rel":"","context":"In &quot;Not\u00edcias de Ribeir\u00e3o Preto-SP e Regi\u00e3o&quot;","block_context":{"text":"Not\u00edcias de Ribeir\u00e3o Preto-SP e Regi\u00e3o","link":"https:\/\/noticiasribeiraopreto.com.br\/index.php\/category\/noticias-de-ribeirao-preto-sp-e-regiao-ismael-colosi\/"},"img":{"alt_text":"","src":"https:\/\/i0.wp.com\/noticiasribeiraopreto.com.br\/wp-content\/uploads\/2025\/05\/whisky-falsificado_2025-05-29_19-30-53.webp.webp?fit=1200%2C674&ssl=1&resize=350%2C200","width":350,"height":200,"srcset":"https:\/\/i0.wp.com\/noticiasribeiraopreto.com.br\/wp-content\/uploads\/2025\/05\/whisky-falsificado_2025-05-29_19-30-53.webp.webp?fit=1200%2C674&ssl=1&resize=350%2C200 1x, https:\/\/i0.wp.com\/noticiasribeiraopreto.com.br\/wp-content\/uploads\/2025\/05\/whisky-falsificado_2025-05-29_19-30-53.webp.webp?fit=1200%2C674&ssl=1&resize=525%2C300 1.5x, https:\/\/i0.wp.com\/noticiasribeiraopreto.com.br\/wp-content\/uploads\/2025\/05\/whisky-falsificado_2025-05-29_19-30-53.webp.webp?fit=1200%2C674&ssl=1&resize=700%2C400 2x, https:\/\/i0.wp.com\/noticiasribeiraopreto.com.br\/wp-content\/uploads\/2025\/05\/whisky-falsificado_2025-05-29_19-30-53.webp.webp?fit=1200%2C674&ssl=1&resize=1050%2C600 3x"},"classes":[]},{"id":60394,"url":"https:\/\/noticiasribeiraopreto.com.br\/index.php\/2024\/11\/12\/homens-sao-presos-suspeitos-de-furto-e-adulteracao-de-barris-de-chope-em-ribeirao-preto\/","url_meta":{"origin":78208,"position":5},"title":"Homens s\u00e3o presos suspeitos de furto e adultera\u00e7\u00e3o de barris de chope em Ribeir\u00e3o Preto","author":"noticiasribeiraopreto.com.br","date":"12 de November de 2024","format":false,"excerpt":"Tr\u00eas homens foram presos na tarde desta ter\u00e7a-feira (12), em Ribeir\u00e3o Preto, por suspeita de furtar e adulterar barris de chope. Eles recebiam os produtos da f\u00e1brica, faziam a troca pela bebida adulterada e depois solicitavam a devolu\u00e7\u00e3o dos barris. A den\u00fancia partiu da pr\u00f3pria empresa que come\u00e7ou a perceber\u2026","rel":"","context":"In &quot;Not\u00edcias de Ribeir\u00e3o Preto-SP e Regi\u00e3o&quot;","block_context":{"text":"Not\u00edcias de Ribeir\u00e3o Preto-SP e Regi\u00e3o","link":"https:\/\/noticiasribeiraopreto.com.br\/index.php\/category\/noticias-de-ribeirao-preto-sp-e-regiao-ismael-colosi\/"},"img":{"alt_text":"","src":"https:\/\/i0.wp.com\/noticiasribeiraopreto.com.br\/wp-content\/uploads\/2024\/11\/Copia-de-Copia-de-Copia-de-TAMANHO-EXATO-PARA-FOTOS-NO-SISTEMA-NOVO-88_2024-11-12_22-51-34_png_2024-11-12_22-51-34.webp.webp?fit=1200%2C675&ssl=1&resize=350%2C200","width":350,"height":200,"srcset":"https:\/\/i0.wp.com\/noticiasribeiraopreto.com.br\/wp-content\/uploads\/2024\/11\/Copia-de-Copia-de-Copia-de-TAMANHO-EXATO-PARA-FOTOS-NO-SISTEMA-NOVO-88_2024-11-12_22-51-34_png_2024-11-12_22-51-34.webp.webp?fit=1200%2C675&ssl=1&resize=350%2C200 1x, https:\/\/i0.wp.com\/noticiasribeiraopreto.com.br\/wp-content\/uploads\/2024\/11\/Copia-de-Copia-de-Copia-de-TAMANHO-EXATO-PARA-FOTOS-NO-SISTEMA-NOVO-88_2024-11-12_22-51-34_png_2024-11-12_22-51-34.webp.webp?fit=1200%2C675&ssl=1&resize=525%2C300 1.5x, https:\/\/i0.wp.com\/noticiasribeiraopreto.com.br\/wp-content\/uploads\/2024\/11\/Copia-de-Copia-de-Copia-de-TAMANHO-EXATO-PARA-FOTOS-NO-SISTEMA-NOVO-88_2024-11-12_22-51-34_png_2024-11-12_22-51-34.webp.webp?fit=1200%2C675&ssl=1&resize=700%2C400 2x, https:\/\/i0.wp.com\/noticiasribeiraopreto.com.br\/wp-content\/uploads\/2024\/11\/Copia-de-Copia-de-Copia-de-TAMANHO-EXATO-PARA-FOTOS-NO-SISTEMA-NOVO-88_2024-11-12_22-51-34_png_2024-11-12_22-51-34.webp.webp?fit=1200%2C675&ssl=1&resize=1050%2C600 3x"},"classes":[]}],"jetpack_sharing_enabled":true,"jetpack_shortlink":"https:\/\/wp.me\/peQAOb-klq","_links":{"self":[{"href":"https:\/\/noticiasribeiraopreto.com.br\/index.php\/wp-json\/wp\/v2\/posts\/78208","targetHints":{"allow":["GET"]}}],"collection":[{"href":"https:\/\/noticiasribeiraopreto.com.br\/index.php\/wp-json\/wp\/v2\/posts"}],"about":[{"href":"https:\/\/noticiasribeiraopreto.com.br\/index.php\/wp-json\/wp\/v2\/types\/post"}],"author":[{"embeddable":true,"href":"https:\/\/noticiasribeiraopreto.com.br\/index.php\/wp-json\/wp\/v2\/users\/1"}],"replies":[{"embeddable":true,"href":"https:\/\/noticiasribeiraopreto.com.br\/index.php\/wp-json\/wp\/v2\/comments?post=78208"}],"version-history":[{"count":0,"href":"https:\/\/noticiasribeiraopreto.com.br\/index.php\/wp-json\/wp\/v2\/posts\/78208\/revisions"}],"wp:featuredmedia":[{"embeddable":true,"href":"https:\/\/noticiasribeiraopreto.com.br\/index.php\/wp-json\/wp\/v2\/media\/78209"}],"wp:attachment":[{"href":"https:\/\/noticiasribeiraopreto.com.br\/index.php\/wp-json\/wp\/v2\/media?parent=78208"}],"wp:term":[{"taxonomy":"category","embeddable":true,"href":"https:\/\/noticiasribeiraopreto.com.br\/index.php\/wp-json\/wp\/v2\/categories?post=78208"},{"taxonomy":"post_tag","embeddable":true,"href":"https:\/\/noticiasribeiraopreto.com.br\/index.php\/wp-json\/wp\/v2\/tags?post=78208"}],"curies":[{"name":"wp","href":"https:\/\/api.w.org\/{rel}","templated":true}]}}