{"id":78212,"date":"2025-10-04T15:29:58","date_gmt":"2025-10-04T18:29:58","guid":{"rendered":"https:\/\/noticiasribeiraopreto.com.br\/index.php\/2025\/10\/04\/mais-uma-cidade-do-litoral-cria-taxa-para-turistas-veja-qual\/"},"modified":"2025-10-04T15:29:58","modified_gmt":"2025-10-04T18:29:58","slug":"mais-uma-cidade-do-litoral-cria-taxa-para-turistas-veja-qual","status":"publish","type":"post","link":"https:\/\/noticiasribeiraopreto.com.br\/index.php\/2025\/10\/04\/mais-uma-cidade-do-litoral-cria-taxa-para-turistas-veja-qual\/","title":{"rendered":"Mais uma cidade do litoral cria taxa para turistas; Veja qual"},"content":{"rendered":"<div class='code-block code-block-1' style='margin: 8px 0 8px auto; text-align: right; display: block; clear: both;'>\n<p><a href=\"https:\/\/wa.link\/vpicfd\"><img data-recalc-dims=\"1\" class=\"wp-image-4922\" style=\"aspect-ratio: 2.0253164556962027; width: 561px; height: auto;\" src=\"https:\/\/i0.wp.com\/ismaelcolosi.com.br\/wp-content\/uploads\/2023\/11\/grupo-de-empregos-whatsapp-e-facebook-ismael-colosi-vagas.jpg?ssl=1\" alt=\"\" \/><\/a><\/p>\n<!-- \/wp:image -->\n<\/div>\n<p> <br \/>\n<\/p>\n<div>\n<p>A <strong>Prefeitura de S\u00e3o Sebasti\u00e3o<\/strong>, no <strong>litoral Norte de S\u00e3o Paulo<\/strong>, sancionou na \u00faltima quarta-feira (1\u00ba), uma lei que estabelece a <strong>cobran\u00e7a de taxa ambiental pela entrada de ve\u00edculos no munic\u00edpio<\/strong>.<\/p>\n<p>A proposta, criada pelo <strong>prefeito Reinaldinho (Republicanos)<\/strong>, foi aprovada em duas vota\u00e7\u00f5es pela <strong>C\u00e2mara Municipal<\/strong>. <mark style=\"background-color:#fcb900\" class=\"has-inline-color\">A medida deve entrar em vigor no primeiro trimestre de 2026 e os <strong>valores da taxa variam de R$ 5,25 a R$ 143,10<\/strong> \u2013 veja a lista abaixo.<\/mark><\/p>\n<p>A <strong>Lei Complementar n\u00ba 317\/2025<\/strong> foi publicada no Di\u00e1rio Oficial do Munic\u00edpio e agora segue para<strong> consultas p\u00fablicas<\/strong>. O objetivo, segundo a Administra\u00e7\u00e3o, \u00e9 aperfei\u00e7oar o projeto, que ser\u00e1 regulamentado posteriormente por <strong>Decreto Municipal<\/strong>.<\/p>\n<figure class=\"wp-block-pullquote\">\n<blockquote>\n<p>Durante a alta temporada, o munic\u00edpio chega a triplicar sua popula\u00e7\u00e3o, o que amplia a press\u00e3o sobre os servi\u00e7os p\u00fablicos e o meio ambiente. O crescimento da gera\u00e7\u00e3o de res\u00edduos, a necessidade de limpeza intensiva das praias, a manuten\u00e7\u00e3o de trilhas e a prote\u00e7\u00e3o das \u00e1reas verdes demandam solu\u00e7\u00f5es permanentes. Nesse contexto, a TPA surge como medida preventiva, justa e sustent\u00e1vel, dividindo responsabilidades sem onerar exclusivamente os moradores<\/p>\n<p><cite>Prefeitura de S\u00e3o Sebasti\u00e3o<\/cite><\/p><\/blockquote>\n<\/figure>\n<div class=\"wp-block-image\">\n<figure class=\"aligncenter size-large is-resized\"><img data-recalc-dims=\"1\" fetchpriority=\"high\" decoding=\"async\" width=\"1024\" height=\"576\" src=\"https:\/\/i0.wp.com\/cdn.media-acidadeon.com.br\/ribeiraopreto\/wp-content\/uploads\/sites\/3\/2025\/10\/Copia-de-Copia-de-Copia-de-TAMANHO-EXATO-PARA-FOTOS-NO-SISTEMA-NOVO-2025-10-04T121401.314_2025-10-04_15-14-11-1024x576.webp?resize=1024%2C576&#038;ssl=1\" alt=\"S\u00e3o Sebasti\u00e3o ter\u00e1 cobran\u00e7a de taxa ambiental para ve\u00edculos a partir de 2026 - Foto: Divulga\u00e7\u00e3o\/ Prefeitura de S\u00e3o Sebasti\u00e3o.\" class=\"wp-image-131254\" style=\"width:654px\" title=\"Mais uma cidade do litoral cria taxa para turistas; Veja qual 1\" srcset=\"https:\/\/cdn.media-acidadeon.com.br\/ribeiraopreto\/wp-content\/uploads\/sites\/3\/2025\/10\/Copia-de-Copia-de-Copia-de-TAMANHO-EXATO-PARA-FOTOS-NO-SISTEMA-NOVO-2025-10-04T121401.314_2025-10-04_15-14-11-1024x576.webp 1024w, https:\/\/cdn.media-acidadeon.com.br\/ribeiraopreto\/wp-content\/uploads\/sites\/3\/2025\/10\/Copia-de-Copia-de-Copia-de-TAMANHO-EXATO-PARA-FOTOS-NO-SISTEMA-NOVO-2025-10-04T121401.314_2025-10-04_15-14-11-300x169.webp 300w, https:\/\/cdn.media-acidadeon.com.br\/ribeiraopreto\/wp-content\/uploads\/sites\/3\/2025\/10\/Copia-de-Copia-de-Copia-de-TAMANHO-EXATO-PARA-FOTOS-NO-SISTEMA-NOVO-2025-10-04T121401.314_2025-10-04_15-14-11-768x432.webp 768w, https:\/\/cdn.media-acidadeon.com.br\/ribeiraopreto\/wp-content\/uploads\/sites\/3\/2025\/10\/Copia-de-Copia-de-Copia-de-TAMANHO-EXATO-PARA-FOTOS-NO-SISTEMA-NOVO-2025-10-04T121401.314_2025-10-04_15-14-11-696x392.webp 696w, https:\/\/cdn.media-acidadeon.com.br\/ribeiraopreto\/wp-content\/uploads\/sites\/3\/2025\/10\/Copia-de-Copia-de-Copia-de-TAMANHO-EXATO-PARA-FOTOS-NO-SISTEMA-NOVO-2025-10-04T121401.314_2025-10-04_15-14-11-1068x601.webp 1068w, https:\/\/cdn.media-acidadeon.com.br\/ribeiraopreto\/wp-content\/uploads\/sites\/3\/2025\/10\/Copia-de-Copia-de-Copia-de-TAMANHO-EXATO-PARA-FOTOS-NO-SISTEMA-NOVO-2025-10-04T121401.314_2025-10-04_15-14-11.webp 1200w\" sizes=\"(max-width: 1024px) 100vw, 1024px\"\/><figcaption class=\"wp-element-caption\">S\u00e3o Sebasti\u00e3o ter\u00e1 cobran\u00e7a de taxa ambiental para ve\u00edculos a partir de 2026 \u2013 Foto: Divulga\u00e7\u00e3o\/ Prefeitura de S\u00e3o Sebasti\u00e3o.<\/figcaption><\/figure>\n<\/div>\n<h2 class=\"wp-block-heading\"><strong>Confira os valores das taxas<\/strong><\/h2>\n<ul class=\"wp-block-list\">\n<li>Motocicletas: R$ 5,25<\/li>\n<li>Autom\u00f3veis: R$ 20<\/li>\n<li>Caminhonetes: R$ 24,80<\/li>\n<li>Vans e micro-\u00f4nibus: R$ 64,40<\/li>\n<li>\u00d4nibus: R$ 119,25<\/li>\n<li>Caminh\u00f5es: R$ 143,10<\/li>\n<\/ul>\n<p>O sistema de cobran\u00e7a ser\u00e1 eletr\u00f4nico e automatizado nos pontos de entrada da cidade, \u201cgarantindo praticidade e transpar\u00eancia\u201d, segundo a Prefeitura.<\/p>\n<h3 class=\"wp-block-heading\"><strong>Isen\u00e7\u00e3o<\/strong><\/h3>\n<p>Ainda de acordo com a <strong>Prefeitura de S\u00e3o Sebasti\u00e3o<\/strong>, ficam isentos automaticamente <strong>ve\u00edculos registrados na cidade<\/strong> ou em <strong>Caraguatatuba<\/strong>, <strong>Ubatuba<\/strong>, <strong>Ilhabela <\/strong>e <strong>Bertioga<\/strong>.<\/p>\n<p>Tamb\u00e9m t\u00eam isen\u00e7\u00e3o ve\u00edculos de <strong>propriet\u00e1rios de im\u00f3veis no munic\u00edpio<\/strong> (at\u00e9 quatro por fam\u00edlia), aqueles que permane\u00e7am <strong>menos de duas horas<\/strong>, <strong>ve\u00edculos oficiais<\/strong>, <strong>de emerg\u00eancia<\/strong>, <strong>de transporte de pessoas com defici\u00eancia<\/strong> e <strong>prestadores de servi\u00e7os cadastrados<\/strong>.<\/p>\n<hr class=\"wp-block-separator has-alpha-channel-opacity\"\/>\n<p>SAIBA MAIS<\/p>\n<p>Ribeir\u00e3o tem 564 vagas para cursos profissionalizantes gratuitos; Veja op\u00e7\u00f5es<\/p>\n<h2 class=\"wp-block-heading\"><strong>FIQUE ON<\/strong><\/h2>\n<p>Fique ligado em tudo que acontece em Ribeir\u00e3o Preto e regi\u00e3o. Siga os perfis do\u00a0<strong>acidade on<\/strong>\u00a0no<a href=\"https:\/\/www.instagram.com\/acidadeonribeirao\" target=\"_blank\" rel=\"noreferrer noopener\">\u00a0Instagram<\/a>\u00a0e no<a href=\"https:\/\/www.facebook.com\/acidadeonribeirao\/\" target=\"_blank\" rel=\"noreferrer noopener\">\u00a0Facebook<\/a>.<\/p>\n<p>Receba not\u00edcias do<strong>\u00a0acidade on<\/strong>\u00a0no WhatsApp. Para entrar no grupo,\u00a0basta\u00a0<a href=\"https:\/\/chat.whatsapp.com\/I4nieTEMKlf50pJ28aMemC?mode=ac_t\" target=\"_blank\" rel=\"noreferrer noopener\">clicar aqui<\/a>. Ou, acesse o nosso<a href=\"https:\/\/whatsapp.com\/channel\/0029Vb6IQl1JENyAeS57fk2p\" target=\"_blank\" rel=\"noreferrer noopener\">\u00a0Canal clicando aqui<\/a>.<\/p>\n<p>Fa\u00e7a uma den\u00fancia ou sugira uma reportagem sobre Ribeir\u00e3o Preto e regi\u00e3o pelo WhatsApp: 16 99117 7802.<\/p>\n<p>VEJA TAMB\u00c9M<\/p>\n<p>Crian\u00e7as de quais idades entram de gra\u00e7a no Hopi Hari no dia 12 de outubro?<\/p>\n<p><!-- AI CONTENT END 1 -->\n<\/div>\n<p><script async src=\"\/\/www.instagram.com\/embed.js\"><\/script><br \/>\n<br \/><br \/>\n<br \/><a href=\"https:\/\/www.acidadeon.com\/ribeiraopreto\/economia\/mais-uma-cidade-do-litoral-cria-taxa-para-turistas-veja-qual\/\">Source link <\/a><\/p>\n<!-- CONTENT END 1 -->\n","protected":false},"excerpt":{"rendered":"<p>A Prefeitura de S\u00e3o Sebasti\u00e3o, no litoral Norte de S\u00e3o Paulo, sancionou na \u00faltima quarta-feira (1\u00ba), uma lei que estabelece a cobran\u00e7a de taxa ambiental&#8230;<\/p>\n","protected":false},"author":1,"featured_media":78213,"comment_status":"open","ping_status":"open","sticky":false,"template":"","format":"standard","meta":{"advanced_seo_description":"","jetpack_seo_html_title":"","jetpack_seo_noindex":false,"jetpack_post_was_ever_published":false,"_jetpack_newsletter_access":"","_jetpack_dont_email_post_to_subs":false,"_jetpack_newsletter_tier_id":0,"_jetpack_memberships_contains_paywalled_content":false,"_jetpack_memberships_contains_paid_content":false,"footnotes":"","jetpack_publicize_message":"","jetpack_publicize_feature_enabled":true,"jetpack_social_post_already_shared":true,"jetpack_social_options":{"image_generator_settings":{"template":"highway","default_image_id":0,"font":"","enabled":false},"version":2}},"categories":[11],"tags":[],"class_list":["post-78212","post","type-post","status-publish","format-standard","has-post-thumbnail","hentry","category-noticias-de-ribeirao-preto-sp-e-regiao-ismael-colosi"],"jetpack_publicize_connections":[],"jetpack_featured_media_url":"https:\/\/i0.wp.com\/noticiasribeiraopreto.com.br\/wp-content\/uploads\/2025\/10\/Copia-de-Copia-de-Copia-de-TAMANHO-EXATO-PARA-FOTOS-NO-SISTEMA-NOVO-2025-10-04T120914.717_2025-10-04_15-09-19.webp.webp?fit=1200%2C675&ssl=1","jetpack-related-posts":[{"id":81197,"url":"https:\/\/noticiasribeiraopreto.com.br\/index.php\/2025\/12\/27\/guaruja-tera-taxa-para-turistas-veja-como-sera-a-cobranca\/","url_meta":{"origin":78212,"position":0},"title":"Guaruj\u00e1 ter\u00e1 taxa para turistas; Veja como ser\u00e1 a cobran\u00e7a","author":"noticiasribeiraopreto.com.br","date":"27 de December de 2025","format":false,"excerpt":"Este ver\u00e3o deve ser o \u00faltimo em que os banhistas ir\u00e3o curtir as praias do Guaruj\u00e1, um dos principais destinos tur\u00edsticos do litoral de S\u00e3o Paulo, sem pagar taxa extra por isso. O prefeito Farid Madi (Pode) sancionou uma lei que institui a TPA (Taxa de Preserva\u00e7\u00e3o Ambiental). A lei\u2026","rel":"","context":"In &quot;Not\u00edcias de Ribeir\u00e3o Preto-SP e Regi\u00e3o&quot;","block_context":{"text":"Not\u00edcias de Ribeir\u00e3o Preto-SP e Regi\u00e3o","link":"https:\/\/noticiasribeiraopreto.com.br\/index.php\/category\/noticias-de-ribeirao-preto-sp-e-regiao-ismael-colosi\/"},"img":{"alt_text":"","src":"https:\/\/i0.wp.com\/noticiasribeiraopreto.com.br\/wp-content\/uploads\/2025\/11\/AnyConv.com__guaruja.webp.webp?fit=1200%2C900&ssl=1&resize=350%2C200","width":350,"height":200,"srcset":"https:\/\/i0.wp.com\/noticiasribeiraopreto.com.br\/wp-content\/uploads\/2025\/11\/AnyConv.com__guaruja.webp.webp?fit=1200%2C900&ssl=1&resize=350%2C200 1x, https:\/\/i0.wp.com\/noticiasribeiraopreto.com.br\/wp-content\/uploads\/2025\/11\/AnyConv.com__guaruja.webp.webp?fit=1200%2C900&ssl=1&resize=525%2C300 1.5x, https:\/\/i0.wp.com\/noticiasribeiraopreto.com.br\/wp-content\/uploads\/2025\/11\/AnyConv.com__guaruja.webp.webp?fit=1200%2C900&ssl=1&resize=700%2C400 2x, https:\/\/i0.wp.com\/noticiasribeiraopreto.com.br\/wp-content\/uploads\/2025\/11\/AnyConv.com__guaruja.webp.webp?fit=1200%2C900&ssl=1&resize=1050%2C600 3x"},"classes":[]},{"id":84049,"url":"https:\/\/noticiasribeiraopreto.com.br\/index.php\/2026\/03\/31\/cidade-no-litoral-norte-de-sp-comeca-a-cobrar-taxa-para-turistas-veja-os-valores\/","url_meta":{"origin":78212,"position":1},"title":"Cidade no litoral norte de SP come\u00e7a a cobrar taxa para turistas; Veja os valores","author":"noticiasribeiraopreto.com.br","date":"31 de March de 2026","format":false,"excerpt":"Ler o resumo da not\u00edcia Ilhabela (litoral norte de SP) come\u00e7ou a cobrar a TPA (Taxa de Preserva\u00e7\u00e3o Ambiental) para turistas a partir desta ter\u00e7a-feira (31). Valores variam de R$ 10 (moto) a R$ 140 (\u00f4nibus), com ve\u00edculos de passeio paying R$ 48. A taxa, suspensa em 2020 durante a\u2026","rel":"","context":"In &quot;Not\u00edcias de Ribeir\u00e3o Preto-SP e Regi\u00e3o&quot;","block_context":{"text":"Not\u00edcias de Ribeir\u00e3o Preto-SP e Regi\u00e3o","link":"https:\/\/noticiasribeiraopreto.com.br\/index.php\/category\/noticias-de-ribeirao-preto-sp-e-regiao-ismael-colosi\/"},"img":{"alt_text":"","src":"https:\/\/i0.wp.com\/noticiasribeiraopreto.com.br\/wp-content\/uploads\/2026\/03\/ilhabela_2026-03-31_20-31-05.webp.webp?fit=800%2C450&ssl=1&resize=350%2C200","width":350,"height":200,"srcset":"https:\/\/i0.wp.com\/noticiasribeiraopreto.com.br\/wp-content\/uploads\/2026\/03\/ilhabela_2026-03-31_20-31-05.webp.webp?fit=800%2C450&ssl=1&resize=350%2C200 1x, https:\/\/i0.wp.com\/noticiasribeiraopreto.com.br\/wp-content\/uploads\/2026\/03\/ilhabela_2026-03-31_20-31-05.webp.webp?fit=800%2C450&ssl=1&resize=525%2C300 1.5x, https:\/\/i0.wp.com\/noticiasribeiraopreto.com.br\/wp-content\/uploads\/2026\/03\/ilhabela_2026-03-31_20-31-05.webp.webp?fit=800%2C450&ssl=1&resize=700%2C400 2x"},"classes":[]},{"id":7998,"url":"https:\/\/noticiasribeiraopreto.com.br\/index.php\/2023\/11\/29\/guaruja-sp-vai-passar-a-cobrar-taxa-ambiental-de-turistas-saiba-tudo-aqui\/","url_meta":{"origin":78212,"position":2},"title":"Guaruj\u00e1 (SP) vai passar a cobrar taxa ambiental de turistas? Saiba tudo aqui","author":"noticiasribeiraopreto.com.br","date":"29 de November de 2023","format":false,"excerpt":"Depois de Ubatuba, outra cidade do litoral paulista quer taxar de turistas que visitam suas praias. Na \u00faltima sexta-feira, 24, a Prefeitura de Guaruj\u00e1 realizou uma audi\u00eancia p\u00fablica para debater a implementa\u00e7\u00e3o da Taxa de Preserva\u00e7\u00e3o Ambiental (TPA). Cr\u00e9ditos: Marianogueira\/iStockPrefeitura do Guaruj\u00e1, no litoral de SP, avalia cobrar taxa de\u2026","rel":"","context":"In &quot;Variedades&quot;","block_context":{"text":"Variedades","link":"https:\/\/noticiasribeiraopreto.com.br\/index.php\/category\/variedades\/"},"img":{"alt_text":"","src":"https:\/\/i0.wp.com\/noticiasribeiraopreto.com.br\/wp-content\/uploads\/2023\/11\/guaruja-praia-pitangueiras.jpg?fit=1200%2C638&ssl=1&resize=350%2C200","width":350,"height":200,"srcset":"https:\/\/i0.wp.com\/noticiasribeiraopreto.com.br\/wp-content\/uploads\/2023\/11\/guaruja-praia-pitangueiras.jpg?fit=1200%2C638&ssl=1&resize=350%2C200 1x, https:\/\/i0.wp.com\/noticiasribeiraopreto.com.br\/wp-content\/uploads\/2023\/11\/guaruja-praia-pitangueiras.jpg?fit=1200%2C638&ssl=1&resize=525%2C300 1.5x, https:\/\/i0.wp.com\/noticiasribeiraopreto.com.br\/wp-content\/uploads\/2023\/11\/guaruja-praia-pitangueiras.jpg?fit=1200%2C638&ssl=1&resize=700%2C400 2x, https:\/\/i0.wp.com\/noticiasribeiraopreto.com.br\/wp-content\/uploads\/2023\/11\/guaruja-praia-pitangueiras.jpg?fit=1200%2C638&ssl=1&resize=1050%2C600 3x"},"classes":[]},{"id":62249,"url":"https:\/\/noticiasribeiraopreto.com.br\/index.php\/2025\/01\/08\/taxa-para-visitar-ubatuba-fica-mais-cara-veja-os-novos-valores\/","url_meta":{"origin":78212,"position":3},"title":"Taxa para visitar Ubatuba fica mais cara; Veja os novos valores","author":"noticiasribeiraopreto.com.br","date":"8 de January de 2025","format":false,"excerpt":"O turista que for visitar Ubatuba, no litoral Norte de S\u00e3o Paulo, vai pagar mais caro neste ver\u00e3o. Isso porque, a prefeitura da cidade aumentou o valor da taxa de preserva\u00e7\u00e3o ambiental, que est\u00e1 em vigor desde 1\u00ba de janeiro. Os valores foram corrigidos em 5,59%, com base no IGP-M\u2026","rel":"","context":"In &quot;Not\u00edcias de Ribeir\u00e3o Preto-SP e Regi\u00e3o&quot;","block_context":{"text":"Not\u00edcias de Ribeir\u00e3o Preto-SP e Regi\u00e3o","link":"https:\/\/noticiasribeiraopreto.com.br\/index.php\/category\/noticias-de-ribeirao-preto-sp-e-regiao-ismael-colosi\/"},"img":{"alt_text":"","src":"https:\/\/i0.wp.com\/noticiasribeiraopreto.com.br\/wp-content\/uploads\/2025\/01\/praia_grande_1200x675_18112021123840.jpg?fit=1200%2C675&ssl=1&resize=350%2C200","width":350,"height":200,"srcset":"https:\/\/i0.wp.com\/noticiasribeiraopreto.com.br\/wp-content\/uploads\/2025\/01\/praia_grande_1200x675_18112021123840.jpg?fit=1200%2C675&ssl=1&resize=350%2C200 1x, https:\/\/i0.wp.com\/noticiasribeiraopreto.com.br\/wp-content\/uploads\/2025\/01\/praia_grande_1200x675_18112021123840.jpg?fit=1200%2C675&ssl=1&resize=525%2C300 1.5x, https:\/\/i0.wp.com\/noticiasribeiraopreto.com.br\/wp-content\/uploads\/2025\/01\/praia_grande_1200x675_18112021123840.jpg?fit=1200%2C675&ssl=1&resize=700%2C400 2x, https:\/\/i0.wp.com\/noticiasribeiraopreto.com.br\/wp-content\/uploads\/2025\/01\/praia_grande_1200x675_18112021123840.jpg?fit=1200%2C675&ssl=1&resize=1050%2C600 3x"},"classes":[]},{"id":83284,"url":"https:\/\/noticiasribeiraopreto.com.br\/index.php\/2026\/03\/15\/financiamento-bilionario-sera-votado-nesta-segunda-feira-pela-camara-de-ribeirao-preto\/","url_meta":{"origin":78212,"position":4},"title":"Financiamento bilion\u00e1rio ser\u00e1 votado nesta segunda-feira pela C\u00e2mara de Ribeir\u00e3o Preto","author":"noticiasribeiraopreto.com.br","date":"15 de March de 2026","format":false,"excerpt":"A C\u00e2mara de Ribeir\u00e3o Preto deve votar nesta segunda-feira (16) o projeto de lei que autoriza a prefeitura a contratar o financiamento de R$ 1.093.319.450,64 junto \u00e0 Caixa Econ\u00f4mica Federal para constru\u00e7\u00e3o da avenida Tanquinho e duplica\u00e7\u00e3o da Rio Pardo, o chamado corredor de mobilidade Leste-Oeste. O cr\u00e9dito foi anunciado\u2026","rel":"","context":"In &quot;Not\u00edcias de Ribeir\u00e3o Preto-SP e Regi\u00e3o&quot;","block_context":{"text":"Not\u00edcias de Ribeir\u00e3o Preto-SP e Regi\u00e3o","link":"https:\/\/noticiasribeiraopreto.com.br\/index.php\/category\/noticias-de-ribeirao-preto-sp-e-regiao-ismael-colosi\/"},"img":{"alt_text":"","src":"https:\/\/i0.wp.com\/noticiasribeiraopreto.com.br\/wp-content\/uploads\/2026\/03\/via-leste-oeste_2025-12-19_20-04-21.webp.webp?fit=1181%2C663&ssl=1&resize=350%2C200","width":350,"height":200,"srcset":"https:\/\/i0.wp.com\/noticiasribeiraopreto.com.br\/wp-content\/uploads\/2026\/03\/via-leste-oeste_2025-12-19_20-04-21.webp.webp?fit=1181%2C663&ssl=1&resize=350%2C200 1x, https:\/\/i0.wp.com\/noticiasribeiraopreto.com.br\/wp-content\/uploads\/2026\/03\/via-leste-oeste_2025-12-19_20-04-21.webp.webp?fit=1181%2C663&ssl=1&resize=525%2C300 1.5x, https:\/\/i0.wp.com\/noticiasribeiraopreto.com.br\/wp-content\/uploads\/2026\/03\/via-leste-oeste_2025-12-19_20-04-21.webp.webp?fit=1181%2C663&ssl=1&resize=700%2C400 2x, https:\/\/i0.wp.com\/noticiasribeiraopreto.com.br\/wp-content\/uploads\/2026\/03\/via-leste-oeste_2025-12-19_20-04-21.webp.webp?fit=1181%2C663&ssl=1&resize=1050%2C600 3x"},"classes":[]},{"id":39998,"url":"https:\/\/noticiasribeiraopreto.com.br\/index.php\/2024\/02\/29\/camara-de-ribeirao-preto-vota-o-plano-municipal-da-educacao-veja-as-metas\/","url_meta":{"origin":78212,"position":5},"title":"C\u00e2mara de Ribeir\u00e3o Preto vota o Plano Municipal da Educa\u00e7\u00e3o; Veja as metas","author":"noticiasribeiraopreto.com.br","date":"29 de February de 2024","format":false,"excerpt":"A C\u00e2mara de Ribeir\u00e3o Preto vota nesta quinta-feira (29) o projeto de lei que cria o Plano Municipal da Educa\u00e7\u00e3o, encaminhado pelo Executivo. A proposta apresenta 20 metas para educa\u00e7\u00e3o de Ribeir\u00e3o Preto para os pr\u00f3ximos 10 anos. A cidade \u00e9 uma das \u00fanicas do Estado de S\u00e3o Paulo que\u2026","rel":"","context":"In &quot;Not\u00edcias de Ribeir\u00e3o Preto-SP e Regi\u00e3o&quot;","block_context":{"text":"Not\u00edcias de Ribeir\u00e3o Preto-SP e Regi\u00e3o","link":"https:\/\/noticiasribeiraopreto.com.br\/index.php\/category\/noticias-de-ribeirao-preto-sp-e-regiao-ismael-colosi\/"},"img":{"alt_text":"","src":"https:\/\/i0.wp.com\/noticiasribeiraopreto.com.br\/wp-content\/uploads\/2024\/02\/AnyConv.com__educacao-ribeirao-preto.webp.webp?fit=1200%2C799&ssl=1&resize=350%2C200","width":350,"height":200,"srcset":"https:\/\/i0.wp.com\/noticiasribeiraopreto.com.br\/wp-content\/uploads\/2024\/02\/AnyConv.com__educacao-ribeirao-preto.webp.webp?fit=1200%2C799&ssl=1&resize=350%2C200 1x, https:\/\/i0.wp.com\/noticiasribeiraopreto.com.br\/wp-content\/uploads\/2024\/02\/AnyConv.com__educacao-ribeirao-preto.webp.webp?fit=1200%2C799&ssl=1&resize=525%2C300 1.5x, https:\/\/i0.wp.com\/noticiasribeiraopreto.com.br\/wp-content\/uploads\/2024\/02\/AnyConv.com__educacao-ribeirao-preto.webp.webp?fit=1200%2C799&ssl=1&resize=700%2C400 2x, https:\/\/i0.wp.com\/noticiasribeiraopreto.com.br\/wp-content\/uploads\/2024\/02\/AnyConv.com__educacao-ribeirao-preto.webp.webp?fit=1200%2C799&ssl=1&resize=1050%2C600 3x"},"classes":[]}],"jetpack_sharing_enabled":true,"jetpack_shortlink":"https:\/\/wp.me\/peQAOb-klu","_links":{"self":[{"href":"https:\/\/noticiasribeiraopreto.com.br\/index.php\/wp-json\/wp\/v2\/posts\/78212","targetHints":{"allow":["GET"]}}],"collection":[{"href":"https:\/\/noticiasribeiraopreto.com.br\/index.php\/wp-json\/wp\/v2\/posts"}],"about":[{"href":"https:\/\/noticiasribeiraopreto.com.br\/index.php\/wp-json\/wp\/v2\/types\/post"}],"author":[{"embeddable":true,"href":"https:\/\/noticiasribeiraopreto.com.br\/index.php\/wp-json\/wp\/v2\/users\/1"}],"replies":[{"embeddable":true,"href":"https:\/\/noticiasribeiraopreto.com.br\/index.php\/wp-json\/wp\/v2\/comments?post=78212"}],"version-history":[{"count":0,"href":"https:\/\/noticiasribeiraopreto.com.br\/index.php\/wp-json\/wp\/v2\/posts\/78212\/revisions"}],"wp:featuredmedia":[{"embeddable":true,"href":"https:\/\/noticiasribeiraopreto.com.br\/index.php\/wp-json\/wp\/v2\/media\/78213"}],"wp:attachment":[{"href":"https:\/\/noticiasribeiraopreto.com.br\/index.php\/wp-json\/wp\/v2\/media?parent=78212"}],"wp:term":[{"taxonomy":"category","embeddable":true,"href":"https:\/\/noticiasribeiraopreto.com.br\/index.php\/wp-json\/wp\/v2\/categories?post=78212"},{"taxonomy":"post_tag","embeddable":true,"href":"https:\/\/noticiasribeiraopreto.com.br\/index.php\/wp-json\/wp\/v2\/tags?post=78212"}],"curies":[{"name":"wp","href":"https:\/\/api.w.org\/{rel}","templated":true}]}}