{"id":78214,"date":"2025-10-04T18:03:20","date_gmt":"2025-10-04T21:03:20","guid":{"rendered":"https:\/\/noticiasribeiraopreto.com.br\/index.php\/2025\/10\/04\/jovem-da-regiao-de-ribeirao-morre-e-caso-e-investigado-por-suspeita-de-intoxicacao-por-metanol\/"},"modified":"2025-10-04T18:03:20","modified_gmt":"2025-10-04T21:03:20","slug":"jovem-da-regiao-de-ribeirao-morre-e-caso-e-investigado-por-suspeita-de-intoxicacao-por-metanol","status":"publish","type":"post","link":"https:\/\/noticiasribeiraopreto.com.br\/index.php\/2025\/10\/04\/jovem-da-regiao-de-ribeirao-morre-e-caso-e-investigado-por-suspeita-de-intoxicacao-por-metanol\/","title":{"rendered":"Jovem da regi\u00e3o de Ribeir\u00e3o morre e caso \u00e9 investigado por suspeita de intoxica\u00e7\u00e3o por metanol"},"content":{"rendered":"<div class='code-block code-block-1' style='margin: 8px 0 8px auto; text-align: right; display: block; clear: both;'>\n<p><a href=\"https:\/\/wa.link\/vpicfd\"><img data-recalc-dims=\"1\" class=\"wp-image-4922\" style=\"aspect-ratio: 2.0253164556962027; width: 561px; height: auto;\" src=\"https:\/\/i0.wp.com\/ismaelcolosi.com.br\/wp-content\/uploads\/2023\/11\/grupo-de-empregos-whatsapp-e-facebook-ismael-colosi-vagas.jpg?ssl=1\" alt=\"\" \/><\/a><\/p>\n<!-- \/wp:image -->\n<\/div>\n<p> <br \/>\n<\/p>\n<div>\n<p>O <strong>estado de S\u00e3o Paulo<\/strong> informou que <strong>oito mortes s\u00e3o investigadas<\/strong> por suspeita de <strong>intoxica\u00e7\u00e3o por metanol <\/strong>nesta sexta-feira (3). <mark style=\"background-color:#fcb900\" class=\"has-inline-color\">Entre os casos, est\u00e1 um jovem de 27 anos de <strong>Cajuru<\/strong>, cidade da<strong> regi\u00e3o de Ribeir\u00e3o Preto<\/strong>.<\/mark><\/p>\n<p>Segundo apura\u00e7\u00e3o da <strong>EPTV<\/strong>, a v\u00edtima morreu em <strong>27 de setembro<\/strong> e, de acordo com familiares, teria consumido cacha\u00e7a algumas horas. <strong>A identidade do jovem n\u00e3o foi divulgada.<\/strong><\/p>\n<p>Ap\u00f3s consumir a bebida alco\u00f3lica, o jovem come\u00e7ou a passar mal e deu entrada em um pronto-socorro da cidade apresentando <em><strong>crise convulsiva<\/strong><\/em> e<strong> parada card\u00edaca<\/strong>.<\/p>\n<p>Os m\u00e9dicos conseguiram reverter a situa\u00e7\u00e3o, e ele foi transferido para a Santa Casa,<strong> mas sofreu uma nova parada card\u00edaca e n\u00e3o resistiu<\/strong>.<\/p>\n<p>Amostras da v\u00edtima foram coletadas e enviadas a um <strong>laborat\u00f3rio da USP (Universidade de S\u00e3o Paulo) de Ribeir\u00e3o Preto<\/strong>, que auxilia na an\u00e1lise de pacientes com suspeita de intoxica\u00e7\u00e3o por metanol no estado de S\u00e3o Paulo, com o objetivo de <strong>confirmar <\/strong>ou <strong>descartar o caso<\/strong>.<\/p>\n<p>Vale lembrar que, segundo o balan\u00e7o da <strong>SES (Secretaria Estadual da Sa\u00fade) <\/strong>divulgado na \u00faltima sexta-feira, o estado de S\u00e3o Paulo registra 102 notifica\u00e7\u00f5es de intoxica\u00e7\u00e3o por metanol, sendo 91 casos ainda em investiga\u00e7\u00e3o e 11 confirmados.<\/p>\n<div class=\"wp-block-image\">\n<figure class=\"aligncenter size-large is-resized\"><img data-recalc-dims=\"1\" fetchpriority=\"high\" decoding=\"async\" width=\"1024\" height=\"683\" src=\"https:\/\/i0.wp.com\/cdn.media-acidadeon.com.br\/ribeiraopreto\/wp-content\/uploads\/sites\/3\/2025\/10\/close-up-de-tequila-em-copos-no-balcao-de-bar_2025-10-03_21-26-03-1024x683.webp?resize=1024%2C683&#038;ssl=1\" alt=\"Jovem de 27 anos de Cajuru est\u00e1 entre casos de morte por suspeita de metanol em S\u00e3o Paulo - Foto: Freepik.\" class=\"wp-image-131216\" style=\"width:654px\" title=\"Jovem da regi\u00e3o de Ribeir\u00e3o morre e caso \u00e9 investigado por suspeita de intoxica\u00e7\u00e3o por metanol 1\" srcset=\"https:\/\/cdn.media-acidadeon.com.br\/ribeiraopreto\/wp-content\/uploads\/sites\/3\/2025\/10\/close-up-de-tequila-em-copos-no-balcao-de-bar_2025-10-03_21-26-03-1024x683.webp 1024w, https:\/\/cdn.media-acidadeon.com.br\/ribeiraopreto\/wp-content\/uploads\/sites\/3\/2025\/10\/close-up-de-tequila-em-copos-no-balcao-de-bar_2025-10-03_21-26-03-300x200.webp 300w, https:\/\/cdn.media-acidadeon.com.br\/ribeiraopreto\/wp-content\/uploads\/sites\/3\/2025\/10\/close-up-de-tequila-em-copos-no-balcao-de-bar_2025-10-03_21-26-03-768x512.webp 768w, https:\/\/cdn.media-acidadeon.com.br\/ribeiraopreto\/wp-content\/uploads\/sites\/3\/2025\/10\/close-up-de-tequila-em-copos-no-balcao-de-bar_2025-10-03_21-26-03-696x464.webp 696w, https:\/\/cdn.media-acidadeon.com.br\/ribeiraopreto\/wp-content\/uploads\/sites\/3\/2025\/10\/close-up-de-tequila-em-copos-no-balcao-de-bar_2025-10-03_21-26-03-1068x712.webp 1068w, https:\/\/cdn.media-acidadeon.com.br\/ribeiraopreto\/wp-content\/uploads\/sites\/3\/2025\/10\/close-up-de-tequila-em-copos-no-balcao-de-bar_2025-10-03_21-26-03.webp 1200w\" sizes=\"(max-width: 1024px) 100vw, 1024px\"\/><figcaption class=\"wp-element-caption\">Jovem de 27 anos de Cajuru est\u00e1 entre casos de morte por suspeita de metanol em S\u00e3o Paulo \u2013 Foto: Freepik.<\/figcaption><\/figure>\n<\/div>\n<h2 class=\"wp-block-heading\"><strong>Casos de intoxica\u00e7\u00e3o por metanol na regi\u00e3o<\/strong><\/h2>\n<p>Ainda nesta sexta-feira, o<strong> Hospital das Cl\u00ednicas de Ribeir\u00e3o Preto <\/strong>informou que o paciente de <strong>Barrinha<\/strong>, que havia sido internado por suspeita de intoxica\u00e7\u00e3o por metanol, teve o diagn\u00f3stico descartado e j\u00e1 recebeu alta.<\/p>\n<p>Contudo, o hospital informou que ainda investiga a situa\u00e7\u00e3o de um segundo paciente sob suspeita de consumo de bebida adulterada. O paciente \u00e9 morador de Ribeir\u00e3o Preto e tem 50 anos e segue sob avalia\u00e7\u00e3o neste momento.<\/p>\n<h3 class=\"wp-block-heading\"><strong>Sintomas de intoxica\u00e7\u00e3o<\/strong><\/h3>\n<p>Entre os sintomas que podem indicar intoxica\u00e7\u00e3o est\u00e3o\u00a0<strong>n\u00e1useas<\/strong>,\u00a0<strong>dor abdominal<\/strong>,<strong>\u00a0altera\u00e7\u00f5es visuais<\/strong>\u00a0e\u00a0<strong>confus\u00e3o mental<\/strong>. Nessas situa\u00e7\u00f5es, \u00e9 fundamental procurar atendimento m\u00e9dico imediato.<\/p>\n<figure class=\"wp-block-image aligncenter size-large is-resized\"><img data-recalc-dims=\"1\" loading=\"lazy\" decoding=\"async\" width=\"1024\" height=\"576\" src=\"https:\/\/i0.wp.com\/cdn.media-acidadeon.com.br\/ribeiraopreto\/wp-content\/uploads\/sites\/3\/2025\/09\/Copia-de-Copia-de-TAMANHO-EXATO-PARA-FOTOS-NO-SISTEMA-NOVO_2024-07-10_14-29-47_jpg_2024-07-10_14-29-47-1068x601-4-1024x576.webp?resize=1024%2C576&#038;ssl=1\" alt=\"Paciente est\u00e1 na Unidade de Emerg\u00eancia do Hospital das Cl\u00ednicas atende pacientes de Ribeir\u00e3o Preto e regi\u00e3o \u2013 Foto: Divulga\u00e7\u00e3o.&#10;\" class=\"wp-image-129740\" style=\"width:654px\" title=\"Jovem da regi\u00e3o de Ribeir\u00e3o morre e caso \u00e9 investigado por suspeita de intoxica\u00e7\u00e3o por metanol 2\" srcset=\"https:\/\/cdn.media-acidadeon.com.br\/ribeiraopreto\/wp-content\/uploads\/sites\/3\/2025\/09\/Copia-de-Copia-de-TAMANHO-EXATO-PARA-FOTOS-NO-SISTEMA-NOVO_2024-07-10_14-29-47_jpg_2024-07-10_14-29-47-1068x601-4-1024x576.webp 1024w, https:\/\/cdn.media-acidadeon.com.br\/ribeiraopreto\/wp-content\/uploads\/sites\/3\/2025\/09\/Copia-de-Copia-de-TAMANHO-EXATO-PARA-FOTOS-NO-SISTEMA-NOVO_2024-07-10_14-29-47_jpg_2024-07-10_14-29-47-1068x601-4-300x169.webp 300w, https:\/\/cdn.media-acidadeon.com.br\/ribeiraopreto\/wp-content\/uploads\/sites\/3\/2025\/09\/Copia-de-Copia-de-TAMANHO-EXATO-PARA-FOTOS-NO-SISTEMA-NOVO_2024-07-10_14-29-47_jpg_2024-07-10_14-29-47-1068x601-4-768x432.webp 768w, https:\/\/cdn.media-acidadeon.com.br\/ribeiraopreto\/wp-content\/uploads\/sites\/3\/2025\/09\/Copia-de-Copia-de-TAMANHO-EXATO-PARA-FOTOS-NO-SISTEMA-NOVO_2024-07-10_14-29-47_jpg_2024-07-10_14-29-47-1068x601-4-696x392.webp 696w, https:\/\/cdn.media-acidadeon.com.br\/ribeiraopreto\/wp-content\/uploads\/sites\/3\/2025\/09\/Copia-de-Copia-de-TAMANHO-EXATO-PARA-FOTOS-NO-SISTEMA-NOVO_2024-07-10_14-29-47_jpg_2024-07-10_14-29-47-1068x601-4.webp 1068w\" sizes=\"auto, (max-width: 1024px) 100vw, 1024px\"\/><figcaption class=\"wp-element-caption\">Paciente est\u00e1 na Unidade de Emerg\u00eancia do Hospital das Cl\u00ednicas atende pacientes de Ribeir\u00e3o Preto e regi\u00e3o \u2013 Foto: Divulga\u00e7\u00e3o.<br \/>\n<\/figcaption><\/figure>\n<p><em>*Com informa\u00e7\u00f5es da EPTV<\/em><\/p>\n<hr class=\"wp-block-separator has-alpha-channel-opacity\"\/>\n<p>SAIBA MAIS<\/p>\n<p>Ribeir\u00e3o oferece mais de mil vagas gratuitas para exames de mamografia; Veja como se inscrever<\/p>\n<h2 class=\"wp-block-heading\"><strong>FIQUE ON<\/strong><\/h2>\n<p>Fique ligado em tudo que acontece em Ribeir\u00e3o Preto e regi\u00e3o. Siga os perfis do\u00a0<strong>acidade on<\/strong>\u00a0no<a href=\"https:\/\/www.instagram.com\/acidadeonribeirao\" target=\"_blank\" rel=\"noreferrer noopener\">\u00a0Instagram\u00a0<\/a>e no\u00a0<a href=\"https:\/\/www.facebook.com\/acidadeonribeirao\/\" target=\"_blank\" rel=\"noreferrer noopener\">Facebook<\/a>.<\/p>\n<p>Receba not\u00edcias do<strong>\u00a0acidade on<\/strong>\u00a0no WhatsApp. Para entrar no grupo,\u00a0basta\u00a0<a href=\"https:\/\/chat.whatsapp.com\/I4nieTEMKlf50pJ28aMemC?mode=ac_t\" target=\"_blank\" rel=\"noreferrer noopener\">clicar aqui<\/a>. Ou, acesse o nosso\u00a0Canal\u00a0<a href=\"https:\/\/whatsapp.com\/channel\/0029Vb6IQl1JENyAeS57fk2p\" target=\"_blank\" rel=\"noreferrer noopener\">clicando aqui<\/a>.<\/p>\n<p>Fa\u00e7a uma den\u00fancia ou sugira uma reportagem sobre Ribeir\u00e3o Preto e regi\u00e3o pelo WhatsApp: 16 99117 7802.<\/p>\n<p>VEJA TAMB\u00c9M<br \/>O que aconteceu com Coliesa de \u2018Quilos Mortais\u201d?<\/p>\n<p><!-- AI CONTENT END 1 -->\n<\/div>\n<p><script async src=\"\/\/www.instagram.com\/embed.js\"><\/script><br \/>\n<br \/><br \/>\n<br \/><a href=\"https:\/\/www.acidadeon.com\/ribeiraopreto\/cotidiano\/jovem-da-regiao-de-ribeirao-morre-e-caso-e-investigado-por-suspeita-de-intoxicacao-por-metanol\/\">Source link <\/a><\/p>\n<!-- CONTENT END 1 -->\n","protected":false},"excerpt":{"rendered":"<p>O estado de S\u00e3o Paulo informou que oito mortes s\u00e3o investigadas por suspeita de intoxica\u00e7\u00e3o por metanol nesta sexta-feira (3). Entre os casos, est\u00e1 um&#8230;<\/p>\n","protected":false},"author":1,"featured_media":78215,"comment_status":"open","ping_status":"open","sticky":false,"template":"","format":"standard","meta":{"advanced_seo_description":"","jetpack_seo_html_title":"","jetpack_seo_noindex":false,"jetpack_post_was_ever_published":false,"_jetpack_newsletter_access":"","_jetpack_dont_email_post_to_subs":false,"_jetpack_newsletter_tier_id":0,"_jetpack_memberships_contains_paywalled_content":false,"_jetpack_memberships_contains_paid_content":false,"footnotes":"","jetpack_publicize_message":"","jetpack_publicize_feature_enabled":true,"jetpack_social_post_already_shared":true,"jetpack_social_options":{"image_generator_settings":{"template":"highway","default_image_id":0,"font":"","enabled":false},"version":2}},"categories":[11],"tags":[],"class_list":["post-78214","post","type-post","status-publish","format-standard","has-post-thumbnail","hentry","category-noticias-de-ribeirao-preto-sp-e-regiao-ismael-colosi"],"jetpack_publicize_connections":[],"jetpack_featured_media_url":"https:\/\/i0.wp.com\/noticiasribeiraopreto.com.br\/wp-content\/uploads\/2025\/10\/male-bartender-serving-glass-clear-drink_2025-10-04_19-54-13.webp.webp?fit=1200%2C900&ssl=1","jetpack-related-posts":[{"id":78246,"url":"https:\/\/noticiasribeiraopreto.com.br\/index.php\/2025\/10\/07\/secretaria-de-saude-de-cidade-na-regiao-de-ribeirao-investiga-nova-morte-suspeita-de-intoxicacao-por-metanol\/","url_meta":{"origin":78214,"position":0},"title":"Secretaria de Sa\u00fade de cidade na regi\u00e3o de Ribeir\u00e3o investiga nova morte suspeita de intoxica\u00e7\u00e3o por metanol","author":"noticiasribeiraopreto.com.br","date":"7 de October de 2025","format":false,"excerpt":"A Secretaria de Sa\u00fade de Cajuru, cidade na regi\u00e3o de Ribeir\u00e3o Preto, investiga uma nova morte por suspeita de intoxica\u00e7\u00e3o por metanol. A informa\u00e7\u00e3o foi divulgada nesta segunda-feira (6). De acordo com as informa\u00e7\u00f5es da EPTV, a v\u00edtima \u00e9 uma mulher de 42 anos que foi encontrada morta dentro de\u2026","rel":"","context":"In &quot;Not\u00edcias de Ribeir\u00e3o Preto-SP e Regi\u00e3o&quot;","block_context":{"text":"Not\u00edcias de Ribeir\u00e3o Preto-SP e Regi\u00e3o","link":"https:\/\/noticiasribeiraopreto.com.br\/index.php\/category\/noticias-de-ribeirao-preto-sp-e-regiao-ismael-colosi\/"},"img":{"alt_text":"","src":"https:\/\/i0.wp.com\/noticiasribeiraopreto.com.br\/wp-content\/uploads\/2025\/10\/Copia-de-Copia-de-Copia-de-TAMANHO-EXATO-PARA-FOTOS-NO-SISTEMA-NOVO-2025-10-06T204623.707_2025-10-06_23-53-28.webp.webp?fit=1200%2C675&ssl=1&resize=350%2C200","width":350,"height":200,"srcset":"https:\/\/i0.wp.com\/noticiasribeiraopreto.com.br\/wp-content\/uploads\/2025\/10\/Copia-de-Copia-de-Copia-de-TAMANHO-EXATO-PARA-FOTOS-NO-SISTEMA-NOVO-2025-10-06T204623.707_2025-10-06_23-53-28.webp.webp?fit=1200%2C675&ssl=1&resize=350%2C200 1x, https:\/\/i0.wp.com\/noticiasribeiraopreto.com.br\/wp-content\/uploads\/2025\/10\/Copia-de-Copia-de-Copia-de-TAMANHO-EXATO-PARA-FOTOS-NO-SISTEMA-NOVO-2025-10-06T204623.707_2025-10-06_23-53-28.webp.webp?fit=1200%2C675&ssl=1&resize=525%2C300 1.5x, https:\/\/i0.wp.com\/noticiasribeiraopreto.com.br\/wp-content\/uploads\/2025\/10\/Copia-de-Copia-de-Copia-de-TAMANHO-EXATO-PARA-FOTOS-NO-SISTEMA-NOVO-2025-10-06T204623.707_2025-10-06_23-53-28.webp.webp?fit=1200%2C675&ssl=1&resize=700%2C400 2x, https:\/\/i0.wp.com\/noticiasribeiraopreto.com.br\/wp-content\/uploads\/2025\/10\/Copia-de-Copia-de-Copia-de-TAMANHO-EXATO-PARA-FOTOS-NO-SISTEMA-NOVO-2025-10-06T204623.707_2025-10-06_23-53-28.webp.webp?fit=1200%2C675&ssl=1&resize=1050%2C600 3x"},"classes":[]},{"id":78336,"url":"https:\/\/noticiasribeiraopreto.com.br\/index.php\/2025\/10\/08\/hospital-das-clinicas-de-ribeirao-preto-descarta-suspeitas-de-intoxicacao-por-metanol\/","url_meta":{"origin":78214,"position":1},"title":"Hospital das Cl\u00ednicas de Ribeir\u00e3o Preto descarta suspeitas de intoxica\u00e7\u00e3o por metanol","author":"noticiasribeiraopreto.com.br","date":"8 de October de 2025","format":false,"excerpt":"O Hospital das Cl\u00ednicas de Ribeir\u00e3o Preto informou, na tarde desta sexta-feira (3), que dois casos suspeitos de intoxica\u00e7\u00e3o por metanol foram descartados. Segundo a institui\u00e7\u00e3o, os exames realizados nas amostras de sangue dos pacientes n\u00e3o identificaram a presen\u00e7a da subst\u00e2ncia. O HC tamb\u00e9m atualizou as an\u00e1lises relacionadas \u00e0s mortes\u2026","rel":"","context":"In &quot;Not\u00edcias de Ribeir\u00e3o Preto-SP e Regi\u00e3o&quot;","block_context":{"text":"Not\u00edcias de Ribeir\u00e3o Preto-SP e Regi\u00e3o","link":"https:\/\/noticiasribeiraopreto.com.br\/index.php\/category\/noticias-de-ribeirao-preto-sp-e-regiao-ismael-colosi\/"},"img":{"alt_text":"","src":"https:\/\/i0.wp.com\/noticiasribeiraopreto.com.br\/wp-content\/uploads\/2025\/10\/Copia-de-Copia-de-TAMANHO-EXATO-PARA-FOTOS-NO-SISTEMA-NOVO-2_2024-05-12_20-35-47_jpg_2024-05-12_20-35-47.webp.webp?fit=1200%2C675&ssl=1&resize=350%2C200","width":350,"height":200,"srcset":"https:\/\/i0.wp.com\/noticiasribeiraopreto.com.br\/wp-content\/uploads\/2025\/10\/Copia-de-Copia-de-TAMANHO-EXATO-PARA-FOTOS-NO-SISTEMA-NOVO-2_2024-05-12_20-35-47_jpg_2024-05-12_20-35-47.webp.webp?fit=1200%2C675&ssl=1&resize=350%2C200 1x, https:\/\/i0.wp.com\/noticiasribeiraopreto.com.br\/wp-content\/uploads\/2025\/10\/Copia-de-Copia-de-TAMANHO-EXATO-PARA-FOTOS-NO-SISTEMA-NOVO-2_2024-05-12_20-35-47_jpg_2024-05-12_20-35-47.webp.webp?fit=1200%2C675&ssl=1&resize=525%2C300 1.5x, https:\/\/i0.wp.com\/noticiasribeiraopreto.com.br\/wp-content\/uploads\/2025\/10\/Copia-de-Copia-de-TAMANHO-EXATO-PARA-FOTOS-NO-SISTEMA-NOVO-2_2024-05-12_20-35-47_jpg_2024-05-12_20-35-47.webp.webp?fit=1200%2C675&ssl=1&resize=700%2C400 2x, https:\/\/i0.wp.com\/noticiasribeiraopreto.com.br\/wp-content\/uploads\/2025\/10\/Copia-de-Copia-de-TAMANHO-EXATO-PARA-FOTOS-NO-SISTEMA-NOVO-2_2024-05-12_20-35-47_jpg_2024-05-12_20-35-47.webp.webp?fit=1200%2C675&ssl=1&resize=1050%2C600 3x"},"classes":[]},{"id":78091,"url":"https:\/\/noticiasribeiraopreto.com.br\/index.php\/2025\/10\/01\/paciente-e-internado-no-hc-de-ribeirao-por-suspeita-de-intoxicacao-por-metanol\/","url_meta":{"origin":78214,"position":2},"title":"Paciente \u00e9 internado no HC de Ribeir\u00e3o por suspeita de intoxica\u00e7\u00e3o por metanol","author":"noticiasribeiraopreto.com.br","date":"1 de October de 2025","format":false,"excerpt":"Um paciente de Barrinha, cidade na regi\u00e3o de Ribeir\u00e3o Preto, deu entrada no HC-RP (Hospital das Cl\u00ednicas de Ribeir\u00e3o Preto) com suspeita de intoxica\u00e7\u00e3o por metanol nesta quarta-feira (1\u00ba). De acordo com a apura\u00e7\u00e3o da EPTV, ele apresentou sintomas leves ap\u00f3s consumir u\u00edsque em um bar da cidade a cerca\u2026","rel":"","context":"In &quot;Not\u00edcias de Ribeir\u00e3o Preto-SP e Regi\u00e3o&quot;","block_context":{"text":"Not\u00edcias de Ribeir\u00e3o Preto-SP e Regi\u00e3o","link":"https:\/\/noticiasribeiraopreto.com.br\/index.php\/category\/noticias-de-ribeirao-preto-sp-e-regiao-ismael-colosi\/"},"img":{"alt_text":"","src":"https:\/\/i0.wp.com\/noticiasribeiraopreto.com.br\/wp-content\/uploads\/2025\/10\/53408978572_b00e8879d4_k-1024x683.jpg?fit=1024%2C683&ssl=1&resize=350%2C200","width":350,"height":200,"srcset":"https:\/\/i0.wp.com\/noticiasribeiraopreto.com.br\/wp-content\/uploads\/2025\/10\/53408978572_b00e8879d4_k-1024x683.jpg?fit=1024%2C683&ssl=1&resize=350%2C200 1x, https:\/\/i0.wp.com\/noticiasribeiraopreto.com.br\/wp-content\/uploads\/2025\/10\/53408978572_b00e8879d4_k-1024x683.jpg?fit=1024%2C683&ssl=1&resize=525%2C300 1.5x, https:\/\/i0.wp.com\/noticiasribeiraopreto.com.br\/wp-content\/uploads\/2025\/10\/53408978572_b00e8879d4_k-1024x683.jpg?fit=1024%2C683&ssl=1&resize=700%2C400 2x"},"classes":[]},{"id":78180,"url":"https:\/\/noticiasribeiraopreto.com.br\/index.php\/2025\/10\/03\/hc-ribeirao-preto-descarta-caso-suspeito-de-intoxicacao-por-metanol\/","url_meta":{"origin":78214,"position":3},"title":"HC Ribeir\u00e3o Preto descarta caso suspeito de intoxica\u00e7\u00e3o por metanol","author":"noticiasribeiraopreto.com.br","date":"3 de October de 2025","format":false,"excerpt":"O Hospital das Cl\u00ednicas de Ribeir\u00e3o Preto informou na tarde desta sexta-feira (3) que o paciente de Barrinha, que havia sido internado por suspeita de intoxica\u00e7\u00e3o por metanol, teve o diagn\u00f3stico descartado e j\u00e1 recebeu alta. Contudo, o hospital informou que ainda investiga a situa\u00e7\u00e3o de um segundo paciente sob\u2026","rel":"","context":"In &quot;Not\u00edcias de Ribeir\u00e3o Preto-SP e Regi\u00e3o&quot;","block_context":{"text":"Not\u00edcias de Ribeir\u00e3o Preto-SP e Regi\u00e3o","link":"https:\/\/noticiasribeiraopreto.com.br\/index.php\/category\/noticias-de-ribeirao-preto-sp-e-regiao-ismael-colosi\/"},"img":{"alt_text":"","src":"https:\/\/i0.wp.com\/noticiasribeiraopreto.com.br\/wp-content\/uploads\/2025\/09\/vodka-metanol_2025-09-27_18-26-58.webp.webp?fit=1200%2C800&ssl=1&resize=350%2C200","width":350,"height":200,"srcset":"https:\/\/i0.wp.com\/noticiasribeiraopreto.com.br\/wp-content\/uploads\/2025\/09\/vodka-metanol_2025-09-27_18-26-58.webp.webp?fit=1200%2C800&ssl=1&resize=350%2C200 1x, https:\/\/i0.wp.com\/noticiasribeiraopreto.com.br\/wp-content\/uploads\/2025\/09\/vodka-metanol_2025-09-27_18-26-58.webp.webp?fit=1200%2C800&ssl=1&resize=525%2C300 1.5x, https:\/\/i0.wp.com\/noticiasribeiraopreto.com.br\/wp-content\/uploads\/2025\/09\/vodka-metanol_2025-09-27_18-26-58.webp.webp?fit=1200%2C800&ssl=1&resize=700%2C400 2x, https:\/\/i0.wp.com\/noticiasribeiraopreto.com.br\/wp-content\/uploads\/2025\/09\/vodka-metanol_2025-09-27_18-26-58.webp.webp?fit=1200%2C800&ssl=1&resize=1050%2C600 3x"},"classes":[]},{"id":78168,"url":"https:\/\/noticiasribeiraopreto.com.br\/index.php\/2025\/10\/03\/hc-recebe-antidoto-contra-metanol\/","url_meta":{"origin":78214,"position":4},"title":"HC recebe ant\u00eddoto contra metanol","author":"noticiasribeiraopreto.com.br","date":"3 de October de 2025","format":false,"excerpt":"Casos suspeitos de intoxica\u00e7\u00e3o por metanol ser\u00e3o analisados em at\u00e9 uma hora por laborat\u00f3rio do Departamento de Qu\u00edmica da USP de Ribeir\u00e3o Preto A Secretaria de Estado da Sa\u00fade de S\u00e3o Paulo disponibilizou nesta sexta-feira, 3 de outubro, 2.000 novas ampolas de \u00e1lcool et\u00edlico absoluto para o tratamento de pacientes\u2026","rel":"","context":"In &quot;Not\u00edcias de Ribeir\u00e3o Preto-SP e Regi\u00e3o&quot;","block_context":{"text":"Not\u00edcias de Ribeir\u00e3o Preto-SP e Regi\u00e3o","link":"https:\/\/noticiasribeiraopreto.com.br\/index.php\/category\/noticias-de-ribeirao-preto-sp-e-regiao-ismael-colosi\/"},"img":{"alt_text":"","src":"https:\/\/i0.wp.com\/noticiasribeiraopreto.com.br\/wp-content\/uploads\/2025\/10\/hc.jpeg?fit=1117%2C581&ssl=1&resize=350%2C200","width":350,"height":200,"srcset":"https:\/\/i0.wp.com\/noticiasribeiraopreto.com.br\/wp-content\/uploads\/2025\/10\/hc.jpeg?fit=1117%2C581&ssl=1&resize=350%2C200 1x, https:\/\/i0.wp.com\/noticiasribeiraopreto.com.br\/wp-content\/uploads\/2025\/10\/hc.jpeg?fit=1117%2C581&ssl=1&resize=525%2C300 1.5x, https:\/\/i0.wp.com\/noticiasribeiraopreto.com.br\/wp-content\/uploads\/2025\/10\/hc.jpeg?fit=1117%2C581&ssl=1&resize=700%2C400 2x, https:\/\/i0.wp.com\/noticiasribeiraopreto.com.br\/wp-content\/uploads\/2025\/10\/hc.jpeg?fit=1117%2C581&ssl=1&resize=1050%2C600 3x"},"classes":[]},{"id":77885,"url":"https:\/\/noticiasribeiraopreto.com.br\/index.php\/2025\/09\/27\/o-que-se-sabe-sobre-casos-de-intoxicacao-por-metanol-apos-ingestao-de-bebidas-alcoolicas\/","url_meta":{"origin":78214,"position":5},"title":"O que se sabe sobre casos de intoxica\u00e7\u00e3o por metanol ap\u00f3s ingest\u00e3o de bebidas alco\u00f3licas","author":"noticiasribeiraopreto.com.br","date":"27 de September de 2025","format":false,"excerpt":"O Estado de S\u00e3o Paulo j\u00e1 registrou nove casos de intoxica\u00e7\u00e3o por metanol nos \u00faltimos 25 dias \u2013 uma das v\u00edtimas morreu. De acordo com alerta da Senad (Secretaria Nacional de Pol\u00edticas sobre Drogas e Gest\u00e3o de Ativos), do Minist\u00e9rio da Justi\u00e7a e Seguran\u00e7a P\u00fablica, os casos ocorreram a partir\u2026","rel":"","context":"In &quot;Not\u00edcias de Ribeir\u00e3o Preto-SP e Regi\u00e3o&quot;","block_context":{"text":"Not\u00edcias de Ribeir\u00e3o Preto-SP e Regi\u00e3o","link":"https:\/\/noticiasribeiraopreto.com.br\/index.php\/category\/noticias-de-ribeirao-preto-sp-e-regiao-ismael-colosi\/"},"img":{"alt_text":"","src":"https:\/\/i0.wp.com\/noticiasribeiraopreto.com.br\/wp-content\/uploads\/2025\/09\/vodka-metanol_2025-09-27_18-26-58.webp.webp?fit=1200%2C800&ssl=1&resize=350%2C200","width":350,"height":200,"srcset":"https:\/\/i0.wp.com\/noticiasribeiraopreto.com.br\/wp-content\/uploads\/2025\/09\/vodka-metanol_2025-09-27_18-26-58.webp.webp?fit=1200%2C800&ssl=1&resize=350%2C200 1x, https:\/\/i0.wp.com\/noticiasribeiraopreto.com.br\/wp-content\/uploads\/2025\/09\/vodka-metanol_2025-09-27_18-26-58.webp.webp?fit=1200%2C800&ssl=1&resize=525%2C300 1.5x, https:\/\/i0.wp.com\/noticiasribeiraopreto.com.br\/wp-content\/uploads\/2025\/09\/vodka-metanol_2025-09-27_18-26-58.webp.webp?fit=1200%2C800&ssl=1&resize=700%2C400 2x, https:\/\/i0.wp.com\/noticiasribeiraopreto.com.br\/wp-content\/uploads\/2025\/09\/vodka-metanol_2025-09-27_18-26-58.webp.webp?fit=1200%2C800&ssl=1&resize=1050%2C600 3x"},"classes":[]}],"jetpack_sharing_enabled":true,"jetpack_shortlink":"https:\/\/wp.me\/peQAOb-klw","_links":{"self":[{"href":"https:\/\/noticiasribeiraopreto.com.br\/index.php\/wp-json\/wp\/v2\/posts\/78214","targetHints":{"allow":["GET"]}}],"collection":[{"href":"https:\/\/noticiasribeiraopreto.com.br\/index.php\/wp-json\/wp\/v2\/posts"}],"about":[{"href":"https:\/\/noticiasribeiraopreto.com.br\/index.php\/wp-json\/wp\/v2\/types\/post"}],"author":[{"embeddable":true,"href":"https:\/\/noticiasribeiraopreto.com.br\/index.php\/wp-json\/wp\/v2\/users\/1"}],"replies":[{"embeddable":true,"href":"https:\/\/noticiasribeiraopreto.com.br\/index.php\/wp-json\/wp\/v2\/comments?post=78214"}],"version-history":[{"count":0,"href":"https:\/\/noticiasribeiraopreto.com.br\/index.php\/wp-json\/wp\/v2\/posts\/78214\/revisions"}],"wp:featuredmedia":[{"embeddable":true,"href":"https:\/\/noticiasribeiraopreto.com.br\/index.php\/wp-json\/wp\/v2\/media\/78215"}],"wp:attachment":[{"href":"https:\/\/noticiasribeiraopreto.com.br\/index.php\/wp-json\/wp\/v2\/media?parent=78214"}],"wp:term":[{"taxonomy":"category","embeddable":true,"href":"https:\/\/noticiasribeiraopreto.com.br\/index.php\/wp-json\/wp\/v2\/categories?post=78214"},{"taxonomy":"post_tag","embeddable":true,"href":"https:\/\/noticiasribeiraopreto.com.br\/index.php\/wp-json\/wp\/v2\/tags?post=78214"}],"curies":[{"name":"wp","href":"https:\/\/api.w.org\/{rel}","templated":true}]}}