{"id":78216,"date":"2025-10-04T18:09:43","date_gmt":"2025-10-04T21:09:43","guid":{"rendered":"https:\/\/noticiasribeiraopreto.com.br\/index.php\/2025\/10\/04\/policia-militar-promove-programacao-especial-para-o-dia-das-criancas-em-ribeirao-veja-quando\/"},"modified":"2025-10-04T18:09:43","modified_gmt":"2025-10-04T21:09:43","slug":"policia-militar-promove-programacao-especial-para-o-dia-das-criancas-em-ribeirao-veja-quando","status":"publish","type":"post","link":"https:\/\/noticiasribeiraopreto.com.br\/index.php\/2025\/10\/04\/policia-militar-promove-programacao-especial-para-o-dia-das-criancas-em-ribeirao-veja-quando\/","title":{"rendered":"Pol\u00edcia Militar promove programa\u00e7\u00e3o especial para o Dia das Crian\u00e7as em Ribeir\u00e3o; Veja quando"},"content":{"rendered":"<div class='code-block code-block-1' style='margin: 8px 0 8px auto; text-align: right; display: block; clear: both;'>\n<p><a href=\"https:\/\/wa.link\/vpicfd\"><img data-recalc-dims=\"1\" class=\"wp-image-4922\" style=\"aspect-ratio: 2.0253164556962027; width: 561px; height: auto;\" src=\"https:\/\/i0.wp.com\/ismaelcolosi.com.br\/wp-content\/uploads\/2023\/11\/grupo-de-empregos-whatsapp-e-facebook-ismael-colosi-vagas.jpg?ssl=1\" alt=\"\" \/><\/a><\/p>\n<!-- \/wp:image -->\n<\/div>\n<p> <br \/>\n<\/p>\n<div data-td-block-uid=\"tdi_95\">\n<div class=\"tdb-block-inner td-fix-index\">\n<p>A<strong> Pol\u00edcia Militar do Estado de S\u00e3o Paulo<\/strong> realiza entre os dias <strong>7 e 10 de outubro<\/strong> uma programa\u00e7\u00e3o especial em comemora\u00e7\u00e3o ao <strong>Dia das Crian\u00e7as<\/strong>, comemorado em <strong>12 de outubro.<\/strong><\/p>\n<p>As atividades ser\u00e3o realizadas no <strong>Quartel do CPI-3<\/strong>, localizado na <strong>avenida Cavalheiro Paschoal Innechi, 1538, no Jardim Independ\u00eancia<\/strong>, com atividades das <strong>8h30<\/strong> \u00e0s <strong>11h<\/strong>. O objetivo da a\u00e7\u00e3o \u00e9 aproximar as crian\u00e7as das atividades da <strong>Pol\u00edcia Militar<\/strong>. <\/p>\n<p>Durante as visitas, os estudantes poder\u00e3o conhecer de perto os trabalhos desenvolvidos pela corpora\u00e7\u00e3o e participar de demonstra\u00e7\u00f5es realizadas por diferentes unidades, como o <strong>Corpo de Bombeiros<\/strong>, <strong>BAEP<\/strong>, <strong>Canil<\/strong>, <strong>Cavalaria <\/strong>e a <strong>Banda Regimental Musical<\/strong> do CPI-3.<\/p>\n<p>De acordo com a organiza\u00e7\u00e3o, o evento j\u00e1 \u00e9 tradicional na cidade e conta com escolas que enviam solicita\u00e7\u00f5es ao longo do ano para participar. <\/p>\n<h2 class=\"wp-block-heading\"><strong>Servi\u00e7o<\/strong><\/h2>\n<p><strong><em>Programa\u00e7\u00e3o Dia das Crian\u00e7as<\/em><\/strong><\/p>\n<p><strong>Quando: <\/strong>7 a 10 de outubro<br \/><strong>Local: <\/strong>Quartel do CPI-3 | avenida Cavalheiro Paschoal Innechi, 1538, no Jardim Independ\u00eancia<br \/><strong>Hor\u00e1rio:<\/strong> Das 8h30 \u00e0s 11h<br \/><strong>Gratuito<\/strong><\/p>\n<p>SAIBA MAIS<br \/>Moradores denunciam ac\u00famulo de lixo no Parque Raya em Ribeir\u00e3o Preto<\/p>\n<h2 class=\"wp-block-heading\"><strong>FIQUE ON<\/strong><\/h2>\n<p>Fique ligado em tudo que acontece em Ribeir\u00e3o Preto e regi\u00e3o. Siga os perfis do\u00a0<strong>acidade on<\/strong>\u00a0no<a href=\"https:\/\/www.instagram.com\/acidadeonribeirao\" target=\"_blank\" rel=\"noreferrer noopener\">\u00a0Instagram\u00a0<\/a>e no\u00a0<a href=\"https:\/\/www.facebook.com\/acidadeonribeirao\/\" target=\"_blank\" rel=\"noreferrer noopener\">Facebook<\/a>.<\/p>\n<p>Receba not\u00edcias do<strong>\u00a0acidade on<\/strong>\u00a0no WhatsApp. Para entrar no grupo,\u00a0basta\u00a0<a href=\"https:\/\/chat.whatsapp.com\/I4nieTEMKlf50pJ28aMemC?mode=ac_t\" target=\"_blank\" rel=\"noreferrer noopener\">clicar aqui<\/a>. Ou, acesse o nosso\u00a0Canal\u00a0<a href=\"https:\/\/whatsapp.com\/channel\/0029Vb6IQl1JENyAeS57fk2p\" target=\"_blank\" rel=\"noreferrer noopener\">clicando aqui<\/a>.<\/p>\n<p>Fa\u00e7a uma den\u00fancia ou sugira uma reportagem sobre Ribeir\u00e3o Preto e regi\u00e3o pelo WhatsApp: 16 99117 7802.<\/p>\n<p>VEJA TAMB\u00c9M<br \/>O que aconteceu com Coliesa de \u2018Quilos Mortais\u201d?<\/p>\n<p><!-- AI CONTENT END 1 -->\n<\/div>\n<\/div>\n<p><script async src=\"\/\/www.instagram.com\/embed.js\"><\/script><br \/>\n<br \/><br \/>\n<br \/><a href=\"https:\/\/www.acidadeon.com\/ribeiraopreto\/lazer-e-cultura\/policia-militar-promove-programacao-especial-para-o-dia-das-criancas-em-ribeirao-veja-quando\/\">Source link <\/a><\/p>\n<!-- CONTENT END 1 -->\n","protected":false},"excerpt":{"rendered":"<p>A Pol\u00edcia Militar do Estado de S\u00e3o Paulo realiza entre os dias 7 e 10 de outubro uma programa\u00e7\u00e3o especial em comemora\u00e7\u00e3o ao Dia das&#8230;<\/p>\n","protected":false},"author":1,"featured_media":78217,"comment_status":"open","ping_status":"open","sticky":false,"template":"","format":"standard","meta":{"advanced_seo_description":"","jetpack_seo_html_title":"","jetpack_seo_noindex":false,"jetpack_post_was_ever_published":false,"_jetpack_newsletter_access":"","_jetpack_dont_email_post_to_subs":false,"_jetpack_newsletter_tier_id":0,"_jetpack_memberships_contains_paywalled_content":false,"_jetpack_memberships_contains_paid_content":false,"footnotes":"","jetpack_publicize_message":"","jetpack_publicize_feature_enabled":true,"jetpack_social_post_already_shared":true,"jetpack_social_options":{"image_generator_settings":{"template":"highway","default_image_id":0,"font":"","enabled":false},"version":2}},"categories":[11],"tags":[],"class_list":["post-78216","post","type-post","status-publish","format-standard","has-post-thumbnail","hentry","category-noticias-de-ribeirao-preto-sp-e-regiao-ismael-colosi"],"jetpack_publicize_connections":[],"jetpack_featured_media_url":"https:\/\/i0.wp.com\/noticiasribeiraopreto.com.br\/wp-content\/uploads\/2025\/10\/children-playing-grass_2024-10-11_13-54-35_jpg_2024-10-11_13-54-38-1024x683.webp.webp?fit=1024%2C683&ssl=1","jetpack-related-posts":[{"id":78437,"url":"https:\/\/noticiasribeiraopreto.com.br\/index.php\/2025\/10\/10\/dia-das-criancas-museu-do-videogame-e-musica-veja-onde-curtir-o-fim-de-semana-em-ribeirao-preto\/","url_meta":{"origin":78216,"position":0},"title":"Dia das Crian\u00e7as, museu do videogame e m\u00fasica: veja onde curtir o fim de semana em Ribeir\u00e3o Preto","author":"noticiasribeiraopreto.com.br","date":"10 de October de 2025","format":false,"excerpt":"O fim de semana come\u00e7ou e o acidade on listou os destaques da programa\u00e7\u00e3o em Ribeir\u00e3o Preto. Entre as op\u00e7\u00f5es est\u00e3o a 54\u00aa Romaria de Nossa Senhora Aparecida, programa\u00e7\u00e3o especial para crian\u00e7ada se divertir e m\u00fasica no Festival Repique. 54\u00aa Romaria de Nossa Senhora Aparecida Os fi\u00e9is de Ribeir\u00e3o Preto\u2026","rel":"","context":"In &quot;Not\u00edcias de Ribeir\u00e3o Preto-SP e Regi\u00e3o&quot;","block_context":{"text":"Not\u00edcias de Ribeir\u00e3o Preto-SP e Regi\u00e3o","link":"https:\/\/noticiasribeiraopreto.com.br\/index.php\/category\/noticias-de-ribeirao-preto-sp-e-regiao-ismael-colosi\/"},"img":{"alt_text":"","src":"https:\/\/i0.wp.com\/noticiasribeiraopreto.com.br\/wp-content\/uploads\/2025\/10\/Copia-de-Copia-de-Copia-de-TAMANHO-EXATO-PARA-FOTOS-NO-SISTEMA-NOVO_2025-10-10_16-32-22.webp.webp?fit=1200%2C675&ssl=1&resize=350%2C200","width":350,"height":200,"srcset":"https:\/\/i0.wp.com\/noticiasribeiraopreto.com.br\/wp-content\/uploads\/2025\/10\/Copia-de-Copia-de-Copia-de-TAMANHO-EXATO-PARA-FOTOS-NO-SISTEMA-NOVO_2025-10-10_16-32-22.webp.webp?fit=1200%2C675&ssl=1&resize=350%2C200 1x, https:\/\/i0.wp.com\/noticiasribeiraopreto.com.br\/wp-content\/uploads\/2025\/10\/Copia-de-Copia-de-Copia-de-TAMANHO-EXATO-PARA-FOTOS-NO-SISTEMA-NOVO_2025-10-10_16-32-22.webp.webp?fit=1200%2C675&ssl=1&resize=525%2C300 1.5x, https:\/\/i0.wp.com\/noticiasribeiraopreto.com.br\/wp-content\/uploads\/2025\/10\/Copia-de-Copia-de-Copia-de-TAMANHO-EXATO-PARA-FOTOS-NO-SISTEMA-NOVO_2025-10-10_16-32-22.webp.webp?fit=1200%2C675&ssl=1&resize=700%2C400 2x, https:\/\/i0.wp.com\/noticiasribeiraopreto.com.br\/wp-content\/uploads\/2025\/10\/Copia-de-Copia-de-Copia-de-TAMANHO-EXATO-PARA-FOTOS-NO-SISTEMA-NOVO_2025-10-10_16-32-22.webp.webp?fit=1200%2C675&ssl=1&resize=1050%2C600 3x"},"classes":[]},{"id":58879,"url":"https:\/\/noticiasribeiraopreto.com.br\/index.php\/2024\/10\/08\/sesi-ribeirao-preto-tem-programacao-especial-para-o-dia-das-criancas\/","url_meta":{"origin":78216,"position":1},"title":"Sesi Ribeir\u00e3o Preto tem programa\u00e7\u00e3o especial para o Dia das Crian\u00e7as","author":"noticiasribeiraopreto.com.br","date":"8 de October de 2024","format":false,"excerpt":"Mais uma edi\u00e7\u00e3o do \u201cBrincadeira & Cia\u201d retorna ao Sesi Ribeir\u00e3o Preto neste domingo (13), das 9h \u00e0s 17h, no Centro de Atividades (CAT), localizado na rua Arthur Jos\u00e9 Suzana s\/n\u00ba, no Jardim Castelo Branco. O evento foi criado especialmente para comemorar o Dia das Crian\u00e7as e oferece atividades gratuitas\u2026","rel":"","context":"In &quot;Not\u00edcias de Ribeir\u00e3o Preto-SP e Regi\u00e3o&quot;","block_context":{"text":"Not\u00edcias de Ribeir\u00e3o Preto-SP e Regi\u00e3o","link":"https:\/\/noticiasribeiraopreto.com.br\/index.php\/category\/noticias-de-ribeirao-preto-sp-e-regiao-ismael-colosi\/"},"img":{"alt_text":"","src":"https:\/\/i0.wp.com\/noticiasribeiraopreto.com.br\/wp-content\/uploads\/2024\/10\/medium-shot-kids-holding-balloons_2024-10-08_14-15-02_jpg_2024-10-08_14-15-05-scaled.webp.webp?fit=1200%2C800&ssl=1&resize=350%2C200","width":350,"height":200,"srcset":"https:\/\/i0.wp.com\/noticiasribeiraopreto.com.br\/wp-content\/uploads\/2024\/10\/medium-shot-kids-holding-balloons_2024-10-08_14-15-02_jpg_2024-10-08_14-15-05-scaled.webp.webp?fit=1200%2C800&ssl=1&resize=350%2C200 1x, https:\/\/i0.wp.com\/noticiasribeiraopreto.com.br\/wp-content\/uploads\/2024\/10\/medium-shot-kids-holding-balloons_2024-10-08_14-15-02_jpg_2024-10-08_14-15-05-scaled.webp.webp?fit=1200%2C800&ssl=1&resize=525%2C300 1.5x, https:\/\/i0.wp.com\/noticiasribeiraopreto.com.br\/wp-content\/uploads\/2024\/10\/medium-shot-kids-holding-balloons_2024-10-08_14-15-02_jpg_2024-10-08_14-15-05-scaled.webp.webp?fit=1200%2C800&ssl=1&resize=700%2C400 2x, https:\/\/i0.wp.com\/noticiasribeiraopreto.com.br\/wp-content\/uploads\/2024\/10\/medium-shot-kids-holding-balloons_2024-10-08_14-15-02_jpg_2024-10-08_14-15-05-scaled.webp.webp?fit=1200%2C800&ssl=1&resize=1050%2C600 3x"},"classes":[]},{"id":78181,"url":"https:\/\/noticiasribeiraopreto.com.br\/index.php\/2025\/10\/03\/parque-de-ribeirao-preto-recebe-programacao-especial-e-gratuita-de-dia-das-criancas\/","url_meta":{"origin":78216,"position":2},"title":"Parque de Ribeir\u00e3o Preto recebe programa\u00e7\u00e3o especial e gratuita de Dia das Crian\u00e7as","author":"noticiasribeiraopreto.com.br","date":"3 de October de 2025","format":false,"excerpt":"No domingo (12), Dia das Crian\u00e7as, o Parque Municipal Luis Carlos Raya, em Ribeir\u00e3o Preto, recebe uma programa\u00e7\u00e3o especial e gratuita para todas as idades. As atividades acontecem das 8h30 \u00e0s 11h30. Evento contar\u00e1 com personagens cl\u00e1ssicos \u2013 Foto: Rafael Fernandes O dia contar\u00e1 com brinquedos infl\u00e1veis, conta\u00e7\u00e3o de hist\u00f3rias,\u2026","rel":"","context":"In &quot;Not\u00edcias de Ribeir\u00e3o Preto-SP e Regi\u00e3o&quot;","block_context":{"text":"Not\u00edcias de Ribeir\u00e3o Preto-SP e Regi\u00e3o","link":"https:\/\/noticiasribeiraopreto.com.br\/index.php\/category\/noticias-de-ribeirao-preto-sp-e-regiao-ismael-colosi\/"},"img":{"alt_text":"","src":"https:\/\/i0.wp.com\/noticiasribeiraopreto.com.br\/wp-content\/uploads\/2025\/10\/f96229b4-2498-43ac-9695-8625dc3f6118_2025-10-03_15-05-03.webp.webp?fit=1200%2C800&ssl=1&resize=350%2C200","width":350,"height":200,"srcset":"https:\/\/i0.wp.com\/noticiasribeiraopreto.com.br\/wp-content\/uploads\/2025\/10\/f96229b4-2498-43ac-9695-8625dc3f6118_2025-10-03_15-05-03.webp.webp?fit=1200%2C800&ssl=1&resize=350%2C200 1x, https:\/\/i0.wp.com\/noticiasribeiraopreto.com.br\/wp-content\/uploads\/2025\/10\/f96229b4-2498-43ac-9695-8625dc3f6118_2025-10-03_15-05-03.webp.webp?fit=1200%2C800&ssl=1&resize=525%2C300 1.5x, https:\/\/i0.wp.com\/noticiasribeiraopreto.com.br\/wp-content\/uploads\/2025\/10\/f96229b4-2498-43ac-9695-8625dc3f6118_2025-10-03_15-05-03.webp.webp?fit=1200%2C800&ssl=1&resize=700%2C400 2x, https:\/\/i0.wp.com\/noticiasribeiraopreto.com.br\/wp-content\/uploads\/2025\/10\/f96229b4-2498-43ac-9695-8625dc3f6118_2025-10-03_15-05-03.webp.webp?fit=1200%2C800&ssl=1&resize=1050%2C600 3x"},"classes":[]},{"id":77474,"url":"https:\/\/noticiasribeiraopreto.com.br\/index.php\/2025\/09\/19\/coronel-quintino-assume-oficialmente-comando-do-cpi-3\/","url_meta":{"origin":78216,"position":3},"title":"Coronel Quintino assume oficialmente comando do CPI-3","author":"noticiasribeiraopreto.com.br","date":"19 de September de 2025","format":false,"excerpt":"Por: Adalberto Luque O coronel Rodrigo Quintino foi oficialmente empossado \u00e0 frente do Comando de Policiamento do Interior-3 (CPI-3). A solenidade de assun\u00e7\u00e3o ocorreu na manh\u00e3 desta sexta-feira (19), na sede do CPI-3, avenida Paschoal Innechi, Jardim Independ\u00eancia, zona Norte de Ribeir\u00e3o Preto. O secret\u00e1rio Guilherme Derrite, da Seguran\u00e7a P\u00fablica,\u2026","rel":"","context":"In &quot;Not\u00edcias de Ribeir\u00e3o Preto-SP e Regi\u00e3o&quot;","block_context":{"text":"Not\u00edcias de Ribeir\u00e3o Preto-SP e Regi\u00e3o","link":"https:\/\/noticiasribeiraopreto.com.br\/index.php\/category\/noticias-de-ribeirao-preto-sp-e-regiao-ismael-colosi\/"},"img":{"alt_text":"","src":"https:\/\/i0.wp.com\/noticiasribeiraopreto.com.br\/wp-content\/uploads\/2025\/09\/19-set-2025-possecomandante1-scaled.jpg?fit=1170%2C780&ssl=1&resize=350%2C200","width":350,"height":200,"srcset":"https:\/\/i0.wp.com\/noticiasribeiraopreto.com.br\/wp-content\/uploads\/2025\/09\/19-set-2025-possecomandante1-scaled.jpg?fit=1170%2C780&ssl=1&resize=350%2C200 1x, https:\/\/i0.wp.com\/noticiasribeiraopreto.com.br\/wp-content\/uploads\/2025\/09\/19-set-2025-possecomandante1-scaled.jpg?fit=1170%2C780&ssl=1&resize=525%2C300 1.5x, https:\/\/i0.wp.com\/noticiasribeiraopreto.com.br\/wp-content\/uploads\/2025\/09\/19-set-2025-possecomandante1-scaled.jpg?fit=1170%2C780&ssl=1&resize=700%2C400 2x, https:\/\/i0.wp.com\/noticiasribeiraopreto.com.br\/wp-content\/uploads\/2025\/09\/19-set-2025-possecomandante1-scaled.jpg?fit=1170%2C780&ssl=1&resize=1050%2C600 3x"},"classes":[]},{"id":59021,"url":"https:\/\/noticiasribeiraopreto.com.br\/index.php\/2024\/10\/11\/museu-de-ribeirao-preto-oferece-programacao-especial-de-dia-das-criancas\/","url_meta":{"origin":78216,"position":4},"title":"Museu de Ribeir\u00e3o Preto oferece programa\u00e7\u00e3o especial de Dia das Crian\u00e7as","author":"noticiasribeiraopreto.com.br","date":"11 de October de 2024","format":false,"excerpt":"O Museu Municipal da Segunda Guerra Mundial \u00a0\u201cExpedicion\u00e1rio Jos\u00e9 Vivanco Solano\u201d oferece uma programa\u00e7\u00e3o especial em comemora\u00e7\u00e3o ao Dia das Crian\u00e7as, no s\u00e1bado (12), a partir das 11h30. O museu fica na rua Liberdade, 182, nos Campos El\u00edseos. A programa\u00e7\u00e3o inclui algod\u00e3o doce, pipoca, bal\u00f5es e anima\u00e7\u00e3o com o Capit\u00e3o\u2026","rel":"","context":"In &quot;Not\u00edcias de Ribeir\u00e3o Preto-SP e Regi\u00e3o&quot;","block_context":{"text":"Not\u00edcias de Ribeir\u00e3o Preto-SP e Regi\u00e3o","link":"https:\/\/noticiasribeiraopreto.com.br\/index.php\/category\/noticias-de-ribeirao-preto-sp-e-regiao-ismael-colosi\/"},"img":{"alt_text":"","src":"https:\/\/i0.wp.com\/noticiasribeiraopreto.com.br\/wp-content\/uploads\/2024\/10\/museu_2024-10-11_21-08-34_png_2024-10-11_21-08-34.webp.webp?fit=800%2C420&ssl=1&resize=350%2C200","width":350,"height":200,"srcset":"https:\/\/i0.wp.com\/noticiasribeiraopreto.com.br\/wp-content\/uploads\/2024\/10\/museu_2024-10-11_21-08-34_png_2024-10-11_21-08-34.webp.webp?fit=800%2C420&ssl=1&resize=350%2C200 1x, https:\/\/i0.wp.com\/noticiasribeiraopreto.com.br\/wp-content\/uploads\/2024\/10\/museu_2024-10-11_21-08-34_png_2024-10-11_21-08-34.webp.webp?fit=800%2C420&ssl=1&resize=525%2C300 1.5x, https:\/\/i0.wp.com\/noticiasribeiraopreto.com.br\/wp-content\/uploads\/2024\/10\/museu_2024-10-11_21-08-34_png_2024-10-11_21-08-34.webp.webp?fit=800%2C420&ssl=1&resize=700%2C400 2x"},"classes":[]},{"id":76369,"url":"https:\/\/noticiasribeiraopreto.com.br\/index.php\/2025\/08\/27\/comando-da-policia-militar-tem-mudanca-em-ribeirao-preto\/","url_meta":{"origin":78216,"position":5},"title":"Comando da Pol\u00edcia Militar tem mudan\u00e7a em Ribeir\u00e3o Preto","author":"noticiasribeiraopreto.com.br","date":"27 de August de 2025","format":false,"excerpt":"O coronel de Pol\u00edcia Militar Rodrigo Quintino foi nomeado o novo comandante do CPI-3 (Comando de Policiamento do Interior-3), respons\u00e1vel por Ribeir\u00e3o Preto. Quintino substitui o coronel Paulo Henrique Beltrami, que estava no cargo desde fevereiro. A nomea\u00e7\u00e3o, assinada pelo governador Tarc\u00edsio de Freitas (REP), foi publicada no DOE (Di\u00e1rio\u2026","rel":"","context":"In &quot;Not\u00edcias de Ribeir\u00e3o Preto-SP e Regi\u00e3o&quot;","block_context":{"text":"Not\u00edcias de Ribeir\u00e3o Preto-SP e Regi\u00e3o","link":"https:\/\/noticiasribeiraopreto.com.br\/index.php\/category\/noticias-de-ribeirao-preto-sp-e-regiao-ismael-colosi\/"},"img":{"alt_text":"","src":"https:\/\/i0.wp.com\/noticiasribeiraopreto.com.br\/wp-content\/uploads\/2025\/08\/rodrigo-quintino_2025-08-27_20-49-41.webp.webp?fit=1200%2C701&ssl=1&resize=350%2C200","width":350,"height":200,"srcset":"https:\/\/i0.wp.com\/noticiasribeiraopreto.com.br\/wp-content\/uploads\/2025\/08\/rodrigo-quintino_2025-08-27_20-49-41.webp.webp?fit=1200%2C701&ssl=1&resize=350%2C200 1x, https:\/\/i0.wp.com\/noticiasribeiraopreto.com.br\/wp-content\/uploads\/2025\/08\/rodrigo-quintino_2025-08-27_20-49-41.webp.webp?fit=1200%2C701&ssl=1&resize=525%2C300 1.5x, https:\/\/i0.wp.com\/noticiasribeiraopreto.com.br\/wp-content\/uploads\/2025\/08\/rodrigo-quintino_2025-08-27_20-49-41.webp.webp?fit=1200%2C701&ssl=1&resize=700%2C400 2x, https:\/\/i0.wp.com\/noticiasribeiraopreto.com.br\/wp-content\/uploads\/2025\/08\/rodrigo-quintino_2025-08-27_20-49-41.webp.webp?fit=1200%2C701&ssl=1&resize=1050%2C600 3x"},"classes":[]}],"jetpack_sharing_enabled":true,"jetpack_shortlink":"https:\/\/wp.me\/peQAOb-kly","_links":{"self":[{"href":"https:\/\/noticiasribeiraopreto.com.br\/index.php\/wp-json\/wp\/v2\/posts\/78216","targetHints":{"allow":["GET"]}}],"collection":[{"href":"https:\/\/noticiasribeiraopreto.com.br\/index.php\/wp-json\/wp\/v2\/posts"}],"about":[{"href":"https:\/\/noticiasribeiraopreto.com.br\/index.php\/wp-json\/wp\/v2\/types\/post"}],"author":[{"embeddable":true,"href":"https:\/\/noticiasribeiraopreto.com.br\/index.php\/wp-json\/wp\/v2\/users\/1"}],"replies":[{"embeddable":true,"href":"https:\/\/noticiasribeiraopreto.com.br\/index.php\/wp-json\/wp\/v2\/comments?post=78216"}],"version-history":[{"count":0,"href":"https:\/\/noticiasribeiraopreto.com.br\/index.php\/wp-json\/wp\/v2\/posts\/78216\/revisions"}],"wp:featuredmedia":[{"embeddable":true,"href":"https:\/\/noticiasribeiraopreto.com.br\/index.php\/wp-json\/wp\/v2\/media\/78217"}],"wp:attachment":[{"href":"https:\/\/noticiasribeiraopreto.com.br\/index.php\/wp-json\/wp\/v2\/media?parent=78216"}],"wp:term":[{"taxonomy":"category","embeddable":true,"href":"https:\/\/noticiasribeiraopreto.com.br\/index.php\/wp-json\/wp\/v2\/categories?post=78216"},{"taxonomy":"post_tag","embeddable":true,"href":"https:\/\/noticiasribeiraopreto.com.br\/index.php\/wp-json\/wp\/v2\/tags?post=78216"}],"curies":[{"name":"wp","href":"https:\/\/api.w.org\/{rel}","templated":true}]}}