{"id":78218,"date":"2025-10-04T18:17:14","date_gmt":"2025-10-04T21:17:14","guid":{"rendered":"https:\/\/noticiasribeiraopreto.com.br\/index.php\/2025\/10\/04\/ribeirao-oferece-mais-de-mil-vagas-gratuitas-para-exames-de-mamografia-veja-como-se-inscrever\/"},"modified":"2025-10-04T18:17:14","modified_gmt":"2025-10-04T21:17:14","slug":"ribeirao-oferece-mais-de-mil-vagas-gratuitas-para-exames-de-mamografia-veja-como-se-inscrever","status":"publish","type":"post","link":"https:\/\/noticiasribeiraopreto.com.br\/index.php\/2025\/10\/04\/ribeirao-oferece-mais-de-mil-vagas-gratuitas-para-exames-de-mamografia-veja-como-se-inscrever\/","title":{"rendered":"Ribeir\u00e3o oferece mais de mil vagas gratuitas para exames de mamografia; Veja como se inscrever"},"content":{"rendered":"<div class='code-block code-block-1' style='margin: 8px 0 8px auto; text-align: right; display: block; clear: both;'>\n<p><a href=\"https:\/\/wa.link\/vpicfd\"><img data-recalc-dims=\"1\" class=\"wp-image-4922\" style=\"aspect-ratio: 2.0253164556962027; width: 561px; height: auto;\" src=\"https:\/\/i0.wp.com\/ismaelcolosi.com.br\/wp-content\/uploads\/2023\/11\/grupo-de-empregos-whatsapp-e-facebook-ismael-colosi-vagas.jpg?ssl=1\" alt=\"\" \/><\/a><\/p>\n<!-- \/wp:image -->\n<\/div>\n<p> <br \/>\n<\/p>\n<div>\n<p>A <strong>Prefeitura de Ribeir\u00e3o Preto<\/strong> oferece <strong>1.200 vagas para exames de mamografia gratuitos<\/strong>. A iniciativa integra a <strong>campanha Outubro Rosa 2025<\/strong>, que tamb\u00e9m contar\u00e1 com a\u00e7\u00f5es de conscientiza\u00e7\u00e3o e atividades nas unidades de sa\u00fade.<\/p>\n<p>As vagas s\u00e3o voltadas a <strong>mulheres <\/strong>e<strong> homens transexuais<\/strong>, com idade entre <strong>40 e 74 anos<\/strong>, que n\u00e3o apresentem sintomas e tenham feito o \u00faltimo exame <strong>h\u00e1 mais de dois anos<\/strong>. <mark style=\"background-color:#fcb900\" class=\"has-inline-color\">O agendamento garante a realiza\u00e7\u00e3o da mamografia de rastreamento em at\u00e9 tr\u00eas meses.<\/mark><\/p>\n<p>J\u00e1 nos casos em que h\u00e1 dor, n\u00f3dulos ou qualquer altera\u00e7\u00e3o, o pedido deve ser feito<strong> diretamente na unidade de sa\u00fade de refer\u00eancia<\/strong>, com <strong>prioridade <\/strong>no diagn\u00f3stico. A iniciativa busca superar os resultados de 2024, quando foram realizados <strong>14.693<\/strong> exames.<\/p>\n<div class=\"wp-block-image\">\n<figure class=\"aligncenter size-large is-resized\"><img data-recalc-dims=\"1\" fetchpriority=\"high\" decoding=\"async\" width=\"1024\" height=\"691\" src=\"https:\/\/i0.wp.com\/cdn.media-acidadeon.com.br\/ribeiraopreto\/wp-content\/uploads\/sites\/3\/2025\/10\/women-fighting-breast-cancer_2025-10-04_18-56-21-1024x691.webp?resize=1024%2C691&#038;ssl=1\" alt=\"Campanha de Outubro Rosa oferecer\u00e1 1.200 vagas para exames de mamografia - Foto: Reprodu\u00e7\u00e3o \/Site \" class=\"wp-image-131281\" style=\"width:654px\" title=\"Ribeir\u00e3o oferece mais de mil vagas gratuitas para exames de mamografia; Veja como se inscrever 1\" srcset=\"https:\/\/cdn.media-acidadeon.com.br\/ribeiraopreto\/wp-content\/uploads\/sites\/3\/2025\/10\/women-fighting-breast-cancer_2025-10-04_18-56-21-1024x691.webp 1024w, https:\/\/cdn.media-acidadeon.com.br\/ribeiraopreto\/wp-content\/uploads\/sites\/3\/2025\/10\/women-fighting-breast-cancer_2025-10-04_18-56-21-300x203.webp 300w, https:\/\/cdn.media-acidadeon.com.br\/ribeiraopreto\/wp-content\/uploads\/sites\/3\/2025\/10\/women-fighting-breast-cancer_2025-10-04_18-56-21-768x518.webp 768w, https:\/\/cdn.media-acidadeon.com.br\/ribeiraopreto\/wp-content\/uploads\/sites\/3\/2025\/10\/women-fighting-breast-cancer_2025-10-04_18-56-21-696x470.webp 696w, https:\/\/cdn.media-acidadeon.com.br\/ribeiraopreto\/wp-content\/uploads\/sites\/3\/2025\/10\/women-fighting-breast-cancer_2025-10-04_18-56-21-1068x721.webp 1068w, https:\/\/cdn.media-acidadeon.com.br\/ribeiraopreto\/wp-content\/uploads\/sites\/3\/2025\/10\/women-fighting-breast-cancer_2025-10-04_18-56-21.webp 1200w\" sizes=\"(max-width: 1024px) 100vw, 1024px\"\/><figcaption class=\"wp-element-caption\">Campanha de Outubro Rosa oferecer\u00e1 1.200 vagas para exames de mamografia \u2013 Foto: Reprodu\u00e7\u00e3o \/Site <\/figcaption><\/figure>\n<\/div>\n<h2 class=\"wp-block-heading\"><strong>Como se inscrever para fazer o exame?<\/strong><\/h2>\n<p>O agendamento pode ser feito de forma on-line, pelo site da <strong>Prefeitura de Ribeir\u00e3o Preto<\/strong>, <a href=\"https:\/\/www.ribeiraopreto.sp.gov.br\/portal\/saude\" target=\"_blank\" rel=\"noopener\"><strong>(clique aqui)<\/strong><\/a>. Para acessar as vagas, \u00e9 necess\u00e1rio informar os dados pessoais e selecionar a unidade de sa\u00fade mais pr\u00f3xima.<\/p>\n<p>As consultas ser\u00e3o distribu\u00eddas <strong>conforme disponibilidade<\/strong>, garantindo que todas as pessoas eleg\u00edveis sejam atendidas no prazo estipulado.<\/p>\n<div class=\"wp-block-image\">\n<figure class=\"aligncenter size-full is-resized\"><img data-recalc-dims=\"1\" loading=\"lazy\" decoding=\"async\" width=\"1014\" height=\"490\" src=\"https:\/\/i0.wp.com\/cdn.media-acidadeon.com.br\/ribeiraopreto\/wp-content\/uploads\/sites\/3\/2025\/10\/Capturar_2025-10-04_18-23-07.webp?resize=1014%2C490&#038;ssl=1\" alt=\"Inscri\u00e7\u00f5es para exames de mamografia gratuita devem ser feitas on-line - Foto: Reprodu\u00e7\u00e3o\" class=\"wp-image-131272\" style=\"width:654px\" title=\"Ribeir\u00e3o oferece mais de mil vagas gratuitas para exames de mamografia; Veja como se inscrever 2\" srcset=\"https:\/\/cdn.media-acidadeon.com.br\/ribeiraopreto\/wp-content\/uploads\/sites\/3\/2025\/10\/Capturar_2025-10-04_18-23-07.webp 1014w, https:\/\/cdn.media-acidadeon.com.br\/ribeiraopreto\/wp-content\/uploads\/sites\/3\/2025\/10\/Capturar_2025-10-04_18-23-07-300x145.webp 300w, https:\/\/cdn.media-acidadeon.com.br\/ribeiraopreto\/wp-content\/uploads\/sites\/3\/2025\/10\/Capturar_2025-10-04_18-23-07-768x371.webp 768w, https:\/\/cdn.media-acidadeon.com.br\/ribeiraopreto\/wp-content\/uploads\/sites\/3\/2025\/10\/Capturar_2025-10-04_18-23-07-696x336.webp 696w\" sizes=\"auto, (max-width: 1014px) 100vw, 1014px\"\/><figcaption class=\"wp-element-caption\">Inscri\u00e7\u00f5es para exames de mamografia gratuita devem ser feitas on-line \u2013 Foto: Reprodu\u00e7\u00e3o<\/figcaption><\/figure>\n<\/div>\n<h2 class=\"wp-block-heading\"><strong>A\u00e7\u00f5es nas unidades de sa\u00fade<\/strong><\/h2>\n<p>Durante o m\u00eas de outubro, diversas unidades de sa\u00fade da cidade promover\u00e3o atividades educativas, mutir\u00f5es e rodas de conversa.<\/p>\n<ul class=\"wp-block-list\">\n<li>Na <strong>UBS Jardim Juliana<\/strong>, as a\u00e7\u00f5es acontecem nos dias <strong>8 e 9<\/strong> <strong>de outubro<\/strong>, distribui\u00e7\u00e3o de folhetos e brindes;<\/li>\n<li>A<strong> USF Fazenda da Barra<\/strong> realizar\u00e1 mutir\u00f5es de coleta de <strong>Papanicolau<\/strong> nos dias <strong>8 e 22 de outubro<\/strong>, al\u00e9m de oferecer exames de mamografia de rastreamento;<\/li>\n<li>Na <strong>UBS Vila Albertina<\/strong>, o destaque ser\u00e1 a roda de conversa \u201c<strong>Mulheres que inspiram<\/strong>\u201d, com relatos de pacientes que superaram o c\u00e2ncer de mama, no dia <strong>8 de outubro<\/strong>, \u00e0s <strong>13h30<\/strong>;<\/li>\n<li>O <strong>Projeto Veredas da USP<\/strong> oferecer\u00e1 40 consultas ginecol\u00f3gicas no dia <strong>11 de outubro<\/strong>, pela manh\u00e3; <\/li>\n<li>A <strong>UBS Marincek<\/strong> intensificar\u00e1 a coleta de citologia onc\u00f3tica, pedidos de mamografia e orienta\u00e7\u00f5es sobre autocuidado e sa\u00fade da mulher;<\/li>\n<li>J\u00e1 a unidade do <strong>Simioni<\/strong> far\u00e1 250 agendamentos de consultas para coleta de <strong>Papanicolau<\/strong> e busca ativa de pacientes com exames atrasados;<\/li>\n<li>No dia <strong>23 de outubro<\/strong>, \u00e0s<strong> 8h<\/strong>, a <strong>UBS Presidente Dutra <\/strong>realiza a roda de conversa <strong>\u201cInforma\u00e7\u00e3o \u00e9 poder: o que realmente sabemos sobre o c\u00e2ncer de mama?<\/strong>\u201d, seguida de agendamentos de mamografia.<\/li>\n<\/ul>\n<h2 class=\"wp-block-heading\"><strong>Outubro Rosa<\/strong><\/h2>\n<p>O <strong>Outubro Rosa<\/strong> \u00e9 uma campanha mundial de conscientiza\u00e7\u00e3o sobre o <strong>c\u00e2ncer de mama<\/strong>, criada para incentivar o diagn\u00f3stico precoce e o cuidado com a sa\u00fade da mulher. <\/p>\n<div class=\"wp-block-image\">\n<figure class=\"aligncenter size-large is-resized\"><img data-recalc-dims=\"1\" loading=\"lazy\" decoding=\"async\" width=\"1024\" height=\"683\" src=\"https:\/\/i0.wp.com\/cdn.media-acidadeon.com.br\/ribeiraopreto\/wp-content\/uploads\/sites\/3\/2024\/10\/world-cancer-day-awareness-with-patient_2024-10-01_19-29-50_jpg_2024-10-01_19-29-52-1024x683.webp?resize=1024%2C683&#038;ssl=1\" alt=\"Campanha de Outubro Rosa oferece exames de mamografia em Ribeir\u00e3o Preto - Foto: Freepik.\" class=\"wp-image-94981\" style=\"width:654px\" title=\"Ribeir\u00e3o oferece mais de mil vagas gratuitas para exames de mamografia; Veja como se inscrever 3\" srcset=\"https:\/\/cdn.media-acidadeon.com.br\/ribeiraopreto\/wp-content\/uploads\/sites\/3\/2024\/10\/world-cancer-day-awareness-with-patient_2024-10-01_19-29-50_jpg_2024-10-01_19-29-52-1024x683.webp 1024w, https:\/\/cdn.media-acidadeon.com.br\/ribeiraopreto\/wp-content\/uploads\/sites\/3\/2024\/10\/world-cancer-day-awareness-with-patient_2024-10-01_19-29-50_jpg_2024-10-01_19-29-52-300x200.webp 300w, https:\/\/cdn.media-acidadeon.com.br\/ribeiraopreto\/wp-content\/uploads\/sites\/3\/2024\/10\/world-cancer-day-awareness-with-patient_2024-10-01_19-29-50_jpg_2024-10-01_19-29-52-768x512.webp 768w, https:\/\/cdn.media-acidadeon.com.br\/ribeiraopreto\/wp-content\/uploads\/sites\/3\/2024\/10\/world-cancer-day-awareness-with-patient_2024-10-01_19-29-50_jpg_2024-10-01_19-29-52-1536x1024.webp 1536w, https:\/\/cdn.media-acidadeon.com.br\/ribeiraopreto\/wp-content\/uploads\/sites\/3\/2024\/10\/world-cancer-day-awareness-with-patient_2024-10-01_19-29-50_jpg_2024-10-01_19-29-52-2048x1365.webp 2048w, https:\/\/cdn.media-acidadeon.com.br\/ribeiraopreto\/wp-content\/uploads\/sites\/3\/2024\/10\/world-cancer-day-awareness-with-patient_2024-10-01_19-29-50_jpg_2024-10-01_19-29-52-696x464.webp 696w, https:\/\/cdn.media-acidadeon.com.br\/ribeiraopreto\/wp-content\/uploads\/sites\/3\/2024\/10\/world-cancer-day-awareness-with-patient_2024-10-01_19-29-50_jpg_2024-10-01_19-29-52-1068x712.webp 1068w, https:\/\/cdn.media-acidadeon.com.br\/ribeiraopreto\/wp-content\/uploads\/sites\/3\/2024\/10\/world-cancer-day-awareness-with-patient_2024-10-01_19-29-50_jpg_2024-10-01_19-29-52-1920x1280.webp 1920w\" sizes=\"auto, (max-width: 1024px) 100vw, 1024px\"\/><figcaption class=\"wp-element-caption\">Campanha de Outubro Rosa oferece exames de mamografia em Ribeir\u00e3o Preto \u2013 Foto: Freepik.<\/figcaption><\/figure>\n<\/div>\n<hr class=\"wp-block-separator has-alpha-channel-opacity\"\/>\n<p>SAIBA MAIS<br \/>Moradores denunciam ac\u00famulo de lixo no Parque Raya em Ribeir\u00e3o Preto<\/p>\n<h2 class=\"wp-block-heading\"><strong>FIQUE ON<\/strong><\/h2>\n<p>Fique ligado em tudo que acontece em Ribeir\u00e3o Preto e regi\u00e3o. Siga os perfis do\u00a0<strong>acidade on<\/strong>\u00a0no<a href=\"https:\/\/www.instagram.com\/acidadeonribeirao\" target=\"_blank\" rel=\"noreferrer noopener\">\u00a0Instagram\u00a0<\/a>e no\u00a0<a href=\"https:\/\/www.facebook.com\/acidadeonribeirao\/\" target=\"_blank\" rel=\"noreferrer noopener\">Facebook<\/a>.<\/p>\n<p>Receba not\u00edcias do<strong>\u00a0acidade on<\/strong>\u00a0no WhatsApp. Para entrar no grupo,\u00a0basta\u00a0<a href=\"https:\/\/chat.whatsapp.com\/I4nieTEMKlf50pJ28aMemC?mode=ac_t\" target=\"_blank\" rel=\"noreferrer noopener\">clicar aqui<\/a>. Ou, acesse o nosso\u00a0Canal\u00a0<a href=\"https:\/\/whatsapp.com\/channel\/0029Vb6IQl1JENyAeS57fk2p\" target=\"_blank\" rel=\"noreferrer noopener\">clicando aqui<\/a>.<\/p>\n<p>Fa\u00e7a uma den\u00fancia ou sugira uma reportagem sobre Ribeir\u00e3o Preto e regi\u00e3o pelo WhatsApp: 16 99117 7802.<\/p>\n<p>VEJA TAMB\u00c9M<br \/>O que aconteceu com Coliesa de \u2018Quilos Mortais\u201d?<\/p>\n<p><!-- AI CONTENT END 1 -->\n<\/div>\n<p><script async src=\"\/\/www.instagram.com\/embed.js\"><\/script><br \/>\n<br \/><br \/>\n<br \/><a href=\"https:\/\/www.acidadeon.com\/ribeiraopreto\/cotidiano\/ribeirao-oferece-mais-de-mil-vagas-gratuitas-para-exames-de-mamografia-veja-como-se-inscrever\/\">Source link <\/a><\/p>\n<!-- CONTENT END 1 -->\n","protected":false},"excerpt":{"rendered":"<p>A Prefeitura de Ribeir\u00e3o Preto oferece 1.200 vagas para exames de mamografia gratuitos. A iniciativa integra a campanha Outubro Rosa 2025, que tamb\u00e9m contar\u00e1 com&#8230;<\/p>\n","protected":false},"author":1,"featured_media":78219,"comment_status":"open","ping_status":"open","sticky":false,"template":"","format":"standard","meta":{"advanced_seo_description":"","jetpack_seo_html_title":"","jetpack_seo_noindex":false,"jetpack_post_was_ever_published":false,"_jetpack_newsletter_access":"","_jetpack_dont_email_post_to_subs":false,"_jetpack_newsletter_tier_id":0,"_jetpack_memberships_contains_paywalled_content":false,"_jetpack_memberships_contains_paid_content":false,"footnotes":"","jetpack_publicize_message":"","jetpack_publicize_feature_enabled":true,"jetpack_social_post_already_shared":true,"jetpack_social_options":{"image_generator_settings":{"template":"highway","default_image_id":0,"font":"","enabled":false},"version":2}},"categories":[11],"tags":[],"class_list":["post-78218","post","type-post","status-publish","format-standard","has-post-thumbnail","hentry","category-noticias-de-ribeirao-preto-sp-e-regiao-ismael-colosi"],"jetpack_publicize_connections":[],"jetpack_featured_media_url":"https:\/\/i0.wp.com\/noticiasribeiraopreto.com.br\/wp-content\/uploads\/2025\/10\/world-cancer-day-awareness-with-patient_2024-10-01_19-29-50_jpg_2024-10-01_19-29-52-1024x683.webp.webp?fit=1024%2C683&ssl=1","jetpack-related-posts":[{"id":79809,"url":"https:\/\/noticiasribeiraopreto.com.br\/index.php\/2025\/11\/07\/ribeirao-preto-amplia-prazo-de-agendamento-para-exames-gratuito-de-mamografia\/","url_meta":{"origin":78218,"position":0},"title":"Ribeir\u00e3o Preto amplia prazo de agendamento para exames gratuito de mamografia","author":"noticiasribeiraopreto.com.br","date":"7 de November de 2025","format":false,"excerpt":"Mesmo ap\u00f3s o t\u00e9rmino do Outubro Rosa, Ribeir\u00e3o Preto mant\u00e9m o agendamento de mamografias gratuitas de rastreamento at\u00e9 dezembro. O exame est\u00e1 dispon\u00edvel para mulheres e homens trans entre 40 e 74 anos. O agendamento pode ser realizado pelo site da Secretaria Municipal da Sa\u00fade ou diretamente nas unidades de\u2026","rel":"","context":"In &quot;Not\u00edcias de Ribeir\u00e3o Preto-SP e Regi\u00e3o&quot;","block_context":{"text":"Not\u00edcias de Ribeir\u00e3o Preto-SP e Regi\u00e3o","link":"https:\/\/noticiasribeiraopreto.com.br\/index.php\/category\/noticias-de-ribeirao-preto-sp-e-regiao-ismael-colosi\/"},"img":{"alt_text":"","src":"https:\/\/i0.wp.com\/noticiasribeiraopreto.com.br\/wp-content\/uploads\/2025\/11\/palace-24_2025-11-07_19-31-20.webp.webp?fit=1200%2C675&ssl=1&resize=350%2C200","width":350,"height":200,"srcset":"https:\/\/i0.wp.com\/noticiasribeiraopreto.com.br\/wp-content\/uploads\/2025\/11\/palace-24_2025-11-07_19-31-20.webp.webp?fit=1200%2C675&ssl=1&resize=350%2C200 1x, https:\/\/i0.wp.com\/noticiasribeiraopreto.com.br\/wp-content\/uploads\/2025\/11\/palace-24_2025-11-07_19-31-20.webp.webp?fit=1200%2C675&ssl=1&resize=525%2C300 1.5x, https:\/\/i0.wp.com\/noticiasribeiraopreto.com.br\/wp-content\/uploads\/2025\/11\/palace-24_2025-11-07_19-31-20.webp.webp?fit=1200%2C675&ssl=1&resize=700%2C400 2x, https:\/\/i0.wp.com\/noticiasribeiraopreto.com.br\/wp-content\/uploads\/2025\/11\/palace-24_2025-11-07_19-31-20.webp.webp?fit=1200%2C675&ssl=1&resize=1050%2C600 3x"},"classes":[]},{"id":60088,"url":"https:\/\/noticiasribeiraopreto.com.br\/index.php\/2024\/11\/05\/prorrogado-o-prazo-para-as-mulheres-de-ribeirao-agendarem-exame-de-mamografia-gratuito\/","url_meta":{"origin":78218,"position":1},"title":"Prorrogado o prazo para as mulheres de Ribeir\u00e3o agendarem exame de mamografia gratuito","author":"noticiasribeiraopreto.com.br","date":"5 de November de 2024","format":false,"excerpt":"Mulheres que est\u00e3o h\u00e1 dois anos ou mais sem realizar exame de mamografia, com idade entre 50 e 69, ainda podem realizar o agendamento do exame gratuito atrav\u00e9s do site da Prefeitura de Ribeir\u00e3o Preto, at\u00e9 o dia 14 de novembro. A a\u00e7\u00e3o acontece exclusivamente para mulheres resisdentes da cidade\u2026","rel":"","context":"In &quot;Not\u00edcias de Ribeir\u00e3o Preto-SP e Regi\u00e3o&quot;","block_context":{"text":"Not\u00edcias de Ribeir\u00e3o Preto-SP e Regi\u00e3o","link":"https:\/\/noticiasribeiraopreto.com.br\/index.php\/category\/noticias-de-ribeirao-preto-sp-e-regiao-ismael-colosi\/"},"img":{"alt_text":"","src":"https:\/\/i0.wp.com\/noticiasribeiraopreto.com.br\/wp-content\/uploads\/2024\/10\/world-cancer-day-awareness-with-patient_2024-10-01_19-29-50_jpg_2024-10-01_19-29-52-scaled.webp.webp?fit=1200%2C800&ssl=1&resize=350%2C200","width":350,"height":200,"srcset":"https:\/\/i0.wp.com\/noticiasribeiraopreto.com.br\/wp-content\/uploads\/2024\/10\/world-cancer-day-awareness-with-patient_2024-10-01_19-29-50_jpg_2024-10-01_19-29-52-scaled.webp.webp?fit=1200%2C800&ssl=1&resize=350%2C200 1x, https:\/\/i0.wp.com\/noticiasribeiraopreto.com.br\/wp-content\/uploads\/2024\/10\/world-cancer-day-awareness-with-patient_2024-10-01_19-29-50_jpg_2024-10-01_19-29-52-scaled.webp.webp?fit=1200%2C800&ssl=1&resize=525%2C300 1.5x, https:\/\/i0.wp.com\/noticiasribeiraopreto.com.br\/wp-content\/uploads\/2024\/10\/world-cancer-day-awareness-with-patient_2024-10-01_19-29-50_jpg_2024-10-01_19-29-52-scaled.webp.webp?fit=1200%2C800&ssl=1&resize=700%2C400 2x, https:\/\/i0.wp.com\/noticiasribeiraopreto.com.br\/wp-content\/uploads\/2024\/10\/world-cancer-day-awareness-with-patient_2024-10-01_19-29-50_jpg_2024-10-01_19-29-52-scaled.webp.webp?fit=1200%2C800&ssl=1&resize=1050%2C600 3x"},"classes":[]},{"id":58590,"url":"https:\/\/noticiasribeiraopreto.com.br\/index.php\/2024\/10\/01\/ribeirao-preto-tera-acoes-de-prevencao-ao-cancer-de-mama\/","url_meta":{"origin":78218,"position":2},"title":"Ribeir\u00e3o Preto ter\u00e1 a\u00e7\u00f5es de preven\u00e7\u00e3o ao c\u00e2ncer de mama","author":"noticiasribeiraopreto.com.br","date":"1 de October de 2024","format":false,"excerpt":"Ribeir\u00e3o Preto ter\u00e1 a\u00e7\u00f5es para facilitar a realiza\u00e7\u00e3o de exames, com foco na preven\u00e7\u00e3o e detec\u00e7\u00e3o precoce do c\u00e2ncer de mama. Uma ser\u00e1 feita pela Prefeitura da cidade e a outra ser\u00e1 realizada pela carreta do Hospital de Amor de Barretos. A\u00e7\u00e3o da Prefeitura de Ribeir\u00e3o Preto A Secretaria Municipal\u2026","rel":"","context":"In &quot;Not\u00edcias de Ribeir\u00e3o Preto-SP e Regi\u00e3o&quot;","block_context":{"text":"Not\u00edcias de Ribeir\u00e3o Preto-SP e Regi\u00e3o","link":"https:\/\/noticiasribeiraopreto.com.br\/index.php\/category\/noticias-de-ribeirao-preto-sp-e-regiao-ismael-colosi\/"},"img":{"alt_text":"","src":"https:\/\/i0.wp.com\/noticiasribeiraopreto.com.br\/wp-content\/uploads\/2024\/10\/world-cancer-day-awareness-with-patient_2024-10-01_19-29-50_jpg_2024-10-01_19-29-52-scaled.webp.webp?fit=1200%2C800&ssl=1&resize=350%2C200","width":350,"height":200,"srcset":"https:\/\/i0.wp.com\/noticiasribeiraopreto.com.br\/wp-content\/uploads\/2024\/10\/world-cancer-day-awareness-with-patient_2024-10-01_19-29-50_jpg_2024-10-01_19-29-52-scaled.webp.webp?fit=1200%2C800&ssl=1&resize=350%2C200 1x, https:\/\/i0.wp.com\/noticiasribeiraopreto.com.br\/wp-content\/uploads\/2024\/10\/world-cancer-day-awareness-with-patient_2024-10-01_19-29-50_jpg_2024-10-01_19-29-52-scaled.webp.webp?fit=1200%2C800&ssl=1&resize=525%2C300 1.5x, https:\/\/i0.wp.com\/noticiasribeiraopreto.com.br\/wp-content\/uploads\/2024\/10\/world-cancer-day-awareness-with-patient_2024-10-01_19-29-50_jpg_2024-10-01_19-29-52-scaled.webp.webp?fit=1200%2C800&ssl=1&resize=700%2C400 2x, https:\/\/i0.wp.com\/noticiasribeiraopreto.com.br\/wp-content\/uploads\/2024\/10\/world-cancer-day-awareness-with-patient_2024-10-01_19-29-50_jpg_2024-10-01_19-29-52-scaled.webp.webp?fit=1200%2C800&ssl=1&resize=1050%2C600 3x"},"classes":[]},{"id":58678,"url":"https:\/\/noticiasribeiraopreto.com.br\/index.php\/2024\/10\/03\/estadio-de-ribeirao-preto-recebe-unidade-movel-que-oferece-mamografias-gratuitas\/","url_meta":{"origin":78218,"position":3},"title":"Est\u00e1dio de Ribeir\u00e3o Preto recebe unidade m\u00f3vel que oferece mamografias gratuitas","author":"noticiasribeiraopreto.com.br","date":"3 de October de 2024","format":false,"excerpt":"O\u00a0Botafogo vai participar da campanha \u201cMarque Esse Gol\u201d, que oferece mamografias gratuitas para mulheres a partir de 40 anos, que n\u00e3o tenham realizado o exame nos \u00faltimos 12 meses. Uma unidade m\u00f3vel especializada estar\u00e1 no Est\u00e1dio Santa Cruz\/Arena Nicnet, no dia 10 de outubro. A a\u00e7\u00e3o \u00e9 uma parceria do\u2026","rel":"","context":"In &quot;Not\u00edcias de Ribeir\u00e3o Preto-SP e Regi\u00e3o&quot;","block_context":{"text":"Not\u00edcias de Ribeir\u00e3o Preto-SP e Regi\u00e3o","link":"https:\/\/noticiasribeiraopreto.com.br\/index.php\/category\/noticias-de-ribeirao-preto-sp-e-regiao-ismael-colosi\/"},"img":{"alt_text":"","src":"https:\/\/i0.wp.com\/noticiasribeiraopreto.com.br\/wp-content\/uploads\/2024\/10\/WhatsApp-Image-2024-01-09-at-16.41.38.jpeg?fit=1200%2C675&ssl=1&resize=350%2C200","width":350,"height":200,"srcset":"https:\/\/i0.wp.com\/noticiasribeiraopreto.com.br\/wp-content\/uploads\/2024\/10\/WhatsApp-Image-2024-01-09-at-16.41.38.jpeg?fit=1200%2C675&ssl=1&resize=350%2C200 1x, https:\/\/i0.wp.com\/noticiasribeiraopreto.com.br\/wp-content\/uploads\/2024\/10\/WhatsApp-Image-2024-01-09-at-16.41.38.jpeg?fit=1200%2C675&ssl=1&resize=525%2C300 1.5x, https:\/\/i0.wp.com\/noticiasribeiraopreto.com.br\/wp-content\/uploads\/2024\/10\/WhatsApp-Image-2024-01-09-at-16.41.38.jpeg?fit=1200%2C675&ssl=1&resize=700%2C400 2x, https:\/\/i0.wp.com\/noticiasribeiraopreto.com.br\/wp-content\/uploads\/2024\/10\/WhatsApp-Image-2024-01-09-at-16.41.38.jpeg?fit=1200%2C675&ssl=1&resize=1050%2C600 3x"},"classes":[]},{"id":68845,"url":"https:\/\/noticiasribeiraopreto.com.br\/index.php\/2025\/04\/29\/moradoras-de-cidade-da-regiao-de-ribeirao-podem-fazer-mamografia-gratuita-saiba-como\/","url_meta":{"origin":78218,"position":4},"title":"Moradoras de cidade da regi\u00e3o de Ribeir\u00e3o podem fazer mamografia gratuita; saiba como","author":"noticiasribeiraopreto.com.br","date":"29 de April de 2025","format":false,"excerpt":"A Carreta de Mamografia est\u00e1 em Serrana, na regi\u00e3o de Ribeir\u00e3o Preto, entre os dias 29 de abril e 10 de maio de 2025. A unidade m\u00f3vel fica estacionada na rua Dr. Tancredo de Almeida Neves, n\u00ba 176, com atendimento gratuito voltado \u00e0 preven\u00e7\u00e3o e ao diagn\u00f3stico precoce do c\u00e2ncer\u2026","rel":"","context":"In &quot;Not\u00edcias de Ribeir\u00e3o Preto-SP e Regi\u00e3o&quot;","block_context":{"text":"Not\u00edcias de Ribeir\u00e3o Preto-SP e Regi\u00e3o","link":"https:\/\/noticiasribeiraopreto.com.br\/index.php\/category\/noticias-de-ribeirao-preto-sp-e-regiao-ismael-colosi\/"},"img":{"alt_text":"","src":"https:\/\/i0.wp.com\/noticiasribeiraopreto.com.br\/wp-content\/uploads\/2025\/04\/Copia-de-Copia-de-Copia-de-TAMANHO-EXATO-PARA-FOTOS-NO-SISTEMA-NOVO-26_2025-04-29_20-05-07.webp.webp?fit=1200%2C675&ssl=1&resize=350%2C200","width":350,"height":200,"srcset":"https:\/\/i0.wp.com\/noticiasribeiraopreto.com.br\/wp-content\/uploads\/2025\/04\/Copia-de-Copia-de-Copia-de-TAMANHO-EXATO-PARA-FOTOS-NO-SISTEMA-NOVO-26_2025-04-29_20-05-07.webp.webp?fit=1200%2C675&ssl=1&resize=350%2C200 1x, https:\/\/i0.wp.com\/noticiasribeiraopreto.com.br\/wp-content\/uploads\/2025\/04\/Copia-de-Copia-de-Copia-de-TAMANHO-EXATO-PARA-FOTOS-NO-SISTEMA-NOVO-26_2025-04-29_20-05-07.webp.webp?fit=1200%2C675&ssl=1&resize=525%2C300 1.5x, https:\/\/i0.wp.com\/noticiasribeiraopreto.com.br\/wp-content\/uploads\/2025\/04\/Copia-de-Copia-de-Copia-de-TAMANHO-EXATO-PARA-FOTOS-NO-SISTEMA-NOVO-26_2025-04-29_20-05-07.webp.webp?fit=1200%2C675&ssl=1&resize=700%2C400 2x, https:\/\/i0.wp.com\/noticiasribeiraopreto.com.br\/wp-content\/uploads\/2025\/04\/Copia-de-Copia-de-Copia-de-TAMANHO-EXATO-PARA-FOTOS-NO-SISTEMA-NOVO-26_2025-04-29_20-05-07.webp.webp?fit=1200%2C675&ssl=1&resize=1050%2C600 3x"},"classes":[]},{"id":80987,"url":"https:\/\/noticiasribeiraopreto.com.br\/index.php\/2025\/12\/20\/lei-garante-mamografia-gratuita-pelo-sus-a-mulheres-a-partir-dos-40-anos\/","url_meta":{"origin":78218,"position":5},"title":"Lei garante mamografia gratuita pelo SUS a mulheres a partir dos 40 anos","author":"noticiasribeiraopreto.com.br","date":"20 de December de 2025","format":false,"excerpt":"Mulheres com 40 anos ou mais passam a ter direito \u00e0 mamografia gratuita pelo Sistema \u00danico de Sa\u00fade (SUS). A medida est\u00e1 prevista na Lei n\u00ba 15.284, sancionada nesta sexta-feira (19) pelo presidente Luiz In\u00e1cio Lula da Silva e publicada no Di\u00e1rio Oficial da Uni\u00e3o. O exame \u00e9 essencial para\u2026","rel":"","context":"In &quot;Not\u00edcias de Ribeir\u00e3o Preto-SP e Regi\u00e3o&quot;","block_context":{"text":"Not\u00edcias de Ribeir\u00e3o Preto-SP e Regi\u00e3o","link":"https:\/\/noticiasribeiraopreto.com.br\/index.php\/category\/noticias-de-ribeirao-preto-sp-e-regiao-ismael-colosi\/"},"img":{"alt_text":"","src":"https:\/\/i0.wp.com\/noticiasribeiraopreto.com.br\/wp-content\/uploads\/2025\/11\/palace-24_2025-11-07_19-31-20.webp.webp?fit=1200%2C675&ssl=1&resize=350%2C200","width":350,"height":200,"srcset":"https:\/\/i0.wp.com\/noticiasribeiraopreto.com.br\/wp-content\/uploads\/2025\/11\/palace-24_2025-11-07_19-31-20.webp.webp?fit=1200%2C675&ssl=1&resize=350%2C200 1x, https:\/\/i0.wp.com\/noticiasribeiraopreto.com.br\/wp-content\/uploads\/2025\/11\/palace-24_2025-11-07_19-31-20.webp.webp?fit=1200%2C675&ssl=1&resize=525%2C300 1.5x, https:\/\/i0.wp.com\/noticiasribeiraopreto.com.br\/wp-content\/uploads\/2025\/11\/palace-24_2025-11-07_19-31-20.webp.webp?fit=1200%2C675&ssl=1&resize=700%2C400 2x, https:\/\/i0.wp.com\/noticiasribeiraopreto.com.br\/wp-content\/uploads\/2025\/11\/palace-24_2025-11-07_19-31-20.webp.webp?fit=1200%2C675&ssl=1&resize=1050%2C600 3x"},"classes":[]}],"jetpack_sharing_enabled":true,"jetpack_shortlink":"https:\/\/wp.me\/peQAOb-klA","_links":{"self":[{"href":"https:\/\/noticiasribeiraopreto.com.br\/index.php\/wp-json\/wp\/v2\/posts\/78218","targetHints":{"allow":["GET"]}}],"collection":[{"href":"https:\/\/noticiasribeiraopreto.com.br\/index.php\/wp-json\/wp\/v2\/posts"}],"about":[{"href":"https:\/\/noticiasribeiraopreto.com.br\/index.php\/wp-json\/wp\/v2\/types\/post"}],"author":[{"embeddable":true,"href":"https:\/\/noticiasribeiraopreto.com.br\/index.php\/wp-json\/wp\/v2\/users\/1"}],"replies":[{"embeddable":true,"href":"https:\/\/noticiasribeiraopreto.com.br\/index.php\/wp-json\/wp\/v2\/comments?post=78218"}],"version-history":[{"count":0,"href":"https:\/\/noticiasribeiraopreto.com.br\/index.php\/wp-json\/wp\/v2\/posts\/78218\/revisions"}],"wp:featuredmedia":[{"embeddable":true,"href":"https:\/\/noticiasribeiraopreto.com.br\/index.php\/wp-json\/wp\/v2\/media\/78219"}],"wp:attachment":[{"href":"https:\/\/noticiasribeiraopreto.com.br\/index.php\/wp-json\/wp\/v2\/media?parent=78218"}],"wp:term":[{"taxonomy":"category","embeddable":true,"href":"https:\/\/noticiasribeiraopreto.com.br\/index.php\/wp-json\/wp\/v2\/categories?post=78218"},{"taxonomy":"post_tag","embeddable":true,"href":"https:\/\/noticiasribeiraopreto.com.br\/index.php\/wp-json\/wp\/v2\/tags?post=78218"}],"curies":[{"name":"wp","href":"https:\/\/api.w.org\/{rel}","templated":true}]}}