{"id":78220,"date":"2025-10-04T18:24:03","date_gmt":"2025-10-04T21:24:03","guid":{"rendered":"https:\/\/noticiasribeiraopreto.com.br\/index.php\/2025\/10\/04\/interior-de-sp-esta-em-alerta-de-perigo-potencial-veja-regioes\/"},"modified":"2025-10-04T18:24:03","modified_gmt":"2025-10-04T21:24:03","slug":"interior-de-sp-esta-em-alerta-de-perigo-potencial-veja-regioes","status":"publish","type":"post","link":"https:\/\/noticiasribeiraopreto.com.br\/index.php\/2025\/10\/04\/interior-de-sp-esta-em-alerta-de-perigo-potencial-veja-regioes\/","title":{"rendered":"Interior de SP est\u00e1 em alerta de perigo potencial; Veja regi\u00f5es"},"content":{"rendered":"<div class='code-block code-block-1' style='margin: 8px 0 8px auto; text-align: right; display: block; clear: both;'>\n<p><a href=\"https:\/\/wa.link\/vpicfd\"><img data-recalc-dims=\"1\" class=\"wp-image-4922\" style=\"aspect-ratio: 2.0253164556962027; width: 561px; height: auto;\" src=\"https:\/\/i0.wp.com\/ismaelcolosi.com.br\/wp-content\/uploads\/2023\/11\/grupo-de-empregos-whatsapp-e-facebook-ismael-colosi-vagas.jpg?ssl=1\" alt=\"\" \/><\/a><\/p>\n<!-- \/wp:image -->\n<\/div>\n<p> <br \/>\n<\/p>\n<div data-td-block-uid=\"tdi_95\">\n<div class=\"tdb-block-inner td-fix-index\">\n<p>O <strong><a href=\"https:\/\/portal.inmet.gov.br\/\" target=\"_blank\" data-type=\"link\" data-id=\"https:\/\/portal.inmet.gov.br\/\" rel=\"noreferrer noopener\">Inmet (Instituto Nacional de Meteorologia)<\/a> <\/strong>emitiu neste s\u00e1bado (4) um alerta de <strong>perigo potencial<\/strong> para o <strong>interior do estado de S\u00e3o Paulo<\/strong>.<\/p>\n<p>De acordo com o \u00f3rg\u00e3o, diversas regi\u00f5es podem ser afetadas pela <strong>baixa umidade do ar<\/strong>. <mark style=\"background-color:#fcb900\" class=\"has-inline-color\">O alerta \u00e9 v\u00e1lido at\u00e9 \u00e0s 10h deste domingo (5).<\/mark><\/p>\n<div class=\"wp-block-image\">\n<figure class=\"aligncenter size-full is-resized\"><img data-recalc-dims=\"1\" fetchpriority=\"high\" decoding=\"async\" width=\"511\" height=\"327\" src=\"https:\/\/i0.wp.com\/cdn.media-acidadeon.com.br\/ribeiraopreto\/wp-content\/uploads\/sites\/3\/2025\/10\/baixa-umidade_2025-10-04_18-38-30.webp?resize=511%2C327&#038;ssl=1\" alt=\"Interior de SP est\u00e1 em alerta para baixa umidade - Foto: reprodu\u00e7\u00e3o\/ Inmet.\" class=\"wp-image-131277\" style=\"width:654px\" title=\"Interior de SP est\u00e1 em alerta de perigo potencial; Veja regi\u00f5es 1\" srcset=\"https:\/\/cdn.media-acidadeon.com.br\/ribeiraopreto\/wp-content\/uploads\/sites\/3\/2025\/10\/baixa-umidade_2025-10-04_18-38-30.webp 511w, https:\/\/cdn.media-acidadeon.com.br\/ribeiraopreto\/wp-content\/uploads\/sites\/3\/2025\/10\/baixa-umidade_2025-10-04_18-38-30-300x192.webp 300w\" sizes=\"(max-width: 511px) 100vw, 511px\"\/><figcaption class=\"wp-element-caption\">Interior de SP est\u00e1 em alerta para baixa umidade \u2013 Foto: reprodu\u00e7\u00e3o\/ Inmet.<\/figcaption><\/figure>\n<\/div>\n<h2 class=\"wp-block-heading\"><strong>O que diz o alerta?<\/strong><\/h2>\n<p>O alerta do <strong>Inmet <\/strong>aponta que as regi\u00f5es afetadas podem registrar <strong>umidade relativa do ar entre 30% e 20%<\/strong>. Embora o \u00edndice seja considerado baixo, h\u00e1 risco de inc\u00eandios florestais e impactos \u00e0 sa\u00fade.<\/p>\n<p>No come\u00e7o da tarde deste s\u00e1bado, um inc\u00eandio atingiu uma \u00e1rea de vegeta\u00e7\u00e3o pr\u00f3xima \u00e0 rodovia Abr\u00e3o Assed (SP-333), em <strong>Ribeir\u00e3o Preto<\/strong>.<\/p>\n<p>De acordo com o <strong>Corpo de Bombeiros<\/strong>, o inc\u00eandio teve in\u00edcio por volta das 12h30. Equipes da corpora\u00e7\u00e3o e de usinas da regi\u00e3o trabalham no combate \u00e0s chamas.<\/p>\n<div class=\"wp-block-image\">\n<figure class=\"aligncenter size-large is-resized\"><img data-recalc-dims=\"1\" loading=\"lazy\" decoding=\"async\" width=\"1024\" height=\"576\" src=\"https:\/\/i0.wp.com\/cdn.media-acidadeon.com.br\/ribeiraopreto\/wp-content\/uploads\/sites\/3\/2025\/10\/Copia-de-Copia-de-Copia-de-TAMANHO-EXATO-PARA-FOTOS-NO-SISTEMA-NOVO-2025-10-04T133617.479_2025-10-04_16-36-24-1024x576.webp?resize=1024%2C576&#038;ssl=1\" alt=\"Inc\u00eandio agrava a situa\u00e7\u00e3o de baixa umidade do ar - Foto: reprodu\u00e7\u00e3o\/ redes sociais.\" class=\"wp-image-131264\" style=\"width:654px\" title=\"Interior de SP est\u00e1 em alerta de perigo potencial; Veja regi\u00f5es 2\" srcset=\"https:\/\/cdn.media-acidadeon.com.br\/ribeiraopreto\/wp-content\/uploads\/sites\/3\/2025\/10\/Copia-de-Copia-de-Copia-de-TAMANHO-EXATO-PARA-FOTOS-NO-SISTEMA-NOVO-2025-10-04T133617.479_2025-10-04_16-36-24-1024x576.webp 1024w, https:\/\/cdn.media-acidadeon.com.br\/ribeiraopreto\/wp-content\/uploads\/sites\/3\/2025\/10\/Copia-de-Copia-de-Copia-de-TAMANHO-EXATO-PARA-FOTOS-NO-SISTEMA-NOVO-2025-10-04T133617.479_2025-10-04_16-36-24-300x169.webp 300w, https:\/\/cdn.media-acidadeon.com.br\/ribeiraopreto\/wp-content\/uploads\/sites\/3\/2025\/10\/Copia-de-Copia-de-Copia-de-TAMANHO-EXATO-PARA-FOTOS-NO-SISTEMA-NOVO-2025-10-04T133617.479_2025-10-04_16-36-24-768x432.webp 768w, https:\/\/cdn.media-acidadeon.com.br\/ribeiraopreto\/wp-content\/uploads\/sites\/3\/2025\/10\/Copia-de-Copia-de-Copia-de-TAMANHO-EXATO-PARA-FOTOS-NO-SISTEMA-NOVO-2025-10-04T133617.479_2025-10-04_16-36-24-696x392.webp 696w, https:\/\/cdn.media-acidadeon.com.br\/ribeiraopreto\/wp-content\/uploads\/sites\/3\/2025\/10\/Copia-de-Copia-de-Copia-de-TAMANHO-EXATO-PARA-FOTOS-NO-SISTEMA-NOVO-2025-10-04T133617.479_2025-10-04_16-36-24-1068x601.webp 1068w, https:\/\/cdn.media-acidadeon.com.br\/ribeiraopreto\/wp-content\/uploads\/sites\/3\/2025\/10\/Copia-de-Copia-de-Copia-de-TAMANHO-EXATO-PARA-FOTOS-NO-SISTEMA-NOVO-2025-10-04T133617.479_2025-10-04_16-36-24.webp 1200w\" sizes=\"auto, (max-width: 1024px) 100vw, 1024px\"\/><figcaption class=\"wp-element-caption\">Inc\u00eandio agrava a situa\u00e7\u00e3o de baixa umidade do ar \u2013 Foto: reprodu\u00e7\u00e3o\/ redes sociais.<\/figcaption><\/figure>\n<\/div>\n<h2 class=\"wp-block-heading\"><strong>Confira as regi\u00f5es afetadas pelo alerta<\/strong><\/h2>\n<ul class=\"wp-block-list\">\n<li>Presidente Prudente<\/li>\n<li>S\u00e3o Jos\u00e9 do Rio Preto<\/li>\n<li><strong>Ribeir\u00e3o Preto<\/strong><\/li>\n<li>Ara\u00e7atuba<\/li>\n<li>Mar\u00edlia<\/li>\n<li>Araraquara<\/li>\n<li>Assis<\/li>\n<li>Bauru<\/li>\n<li>Borborema<\/li>\n<li>Campinas<\/li>\n<\/ul>\n<h3 class=\"wp-block-heading\"><strong>O que fazer?<\/strong><\/h3>\n<p>Diante do alerta para a <strong>baixa umidade do ar, <\/strong>o <strong>Inmet<\/strong> recomenda que a popula\u00e7\u00e3o beba bastante l\u00edquido, evite esfor\u00e7os f\u00edsicos nas horas mais secas do dia e a exposi\u00e7\u00e3o ao sol nos per\u00edodos mais quentes.<\/p>\n<p>O \u00f3rg\u00e3o tamb\u00e9m orienta que os moradores busquem mais informa\u00e7\u00f5es junto \u00e0 <strong>Defesa Civil, pelo telefone 199<\/strong>, e ao <strong>Corpo de Bombeiros, pelo 193<\/strong>.<\/p>\n<div class=\"wp-block-image\">\n<figure class=\"aligncenter size-large is-resized\"><img data-recalc-dims=\"1\" loading=\"lazy\" decoding=\"async\" width=\"1024\" height=\"682\" src=\"https:\/\/i0.wp.com\/cdn.media-acidadeon.com.br\/ribeiraopreto\/wp-content\/uploads\/sites\/3\/2024\/02\/onda-de-calor-2-1024x682.jpg?resize=1024%2C682&#038;ssl=1\" alt=\"Hidrata\u00e7\u00e3o \u00e9 fundamental nesse per\u00edodo de baixa umidade do ar - Foto: Reprodu\u00e7\u00e3o \/ Freepik.\" class=\"wp-image-69327\" style=\"width:654px\" title=\"Interior de SP est\u00e1 em alerta de perigo potencial; Veja regi\u00f5es 3\" srcset=\"https:\/\/cdn.media-acidadeon.com.br\/ribeiraopreto\/wp-content\/uploads\/sites\/3\/2024\/02\/onda-de-calor-2-1024x682.jpg 1024w, https:\/\/cdn.media-acidadeon.com.br\/ribeiraopreto\/wp-content\/uploads\/sites\/3\/2024\/02\/onda-de-calor-2-300x200.jpg 300w, https:\/\/cdn.media-acidadeon.com.br\/ribeiraopreto\/wp-content\/uploads\/sites\/3\/2024\/02\/onda-de-calor-2-768x512.jpg 768w, https:\/\/cdn.media-acidadeon.com.br\/ribeiraopreto\/wp-content\/uploads\/sites\/3\/2024\/02\/onda-de-calor-2-1536x1024.jpg 1536w, https:\/\/cdn.media-acidadeon.com.br\/ribeiraopreto\/wp-content\/uploads\/sites\/3\/2024\/02\/onda-de-calor-2-696x464.jpg 696w, https:\/\/cdn.media-acidadeon.com.br\/ribeiraopreto\/wp-content\/uploads\/sites\/3\/2024\/02\/onda-de-calor-2-1068x712.jpg 1068w, https:\/\/cdn.media-acidadeon.com.br\/ribeiraopreto\/wp-content\/uploads\/sites\/3\/2024\/02\/onda-de-calor-2-1920x1280.jpg 1920w, https:\/\/cdn.media-acidadeon.com.br\/ribeiraopreto\/wp-content\/uploads\/sites\/3\/2024\/02\/onda-de-calor-2.jpg 2000w\" sizes=\"auto, (max-width: 1024px) 100vw, 1024px\"\/><figcaption class=\"wp-element-caption\">Hidrata\u00e7\u00e3o \u00e9 fundamental nesse per\u00edodo de baixa umidade do ar \u2013 Foto: Reprodu\u00e7\u00e3o\/ Freepik.<\/figcaption><\/figure>\n<\/div>\n<hr class=\"wp-block-separator has-alpha-channel-opacity\"\/>\n<p>SAIBA MAIS<\/p>\n<p>Moradores denunciam ac\u00famulo de lixo no Parque Raya em Ribeir\u00e3o Preto<\/p>\n<h2 class=\"wp-block-heading\"><strong>FIQUE ON<\/strong><\/h2>\n<p>Fique ligado em tudo que acontece em Ribeir\u00e3o Preto e regi\u00e3o. Siga os perfis do\u00a0<strong>acidade on<\/strong>\u00a0no<a href=\"https:\/\/www.instagram.com\/acidadeonribeirao\" target=\"_blank\" rel=\"noreferrer noopener\">\u00a0Instagram\u00a0<\/a>e no\u00a0<a href=\"https:\/\/www.facebook.com\/acidadeonribeirao\/\" target=\"_blank\" rel=\"noreferrer noopener\">Facebook<\/a>.<\/p>\n<p>Receba not\u00edcias do<strong>\u00a0acidade on<\/strong>\u00a0no WhatsApp. Para entrar no grupo,\u00a0basta\u00a0<a href=\"https:\/\/chat.whatsapp.com\/I4nieTEMKlf50pJ28aMemC?mode=ac_t\" target=\"_blank\" rel=\"noreferrer noopener\">clicar aqui<\/a>. Ou, acesse o nosso\u00a0Canal\u00a0<a href=\"https:\/\/whatsapp.com\/channel\/0029Vb6IQl1JENyAeS57fk2p\" target=\"_blank\" rel=\"noreferrer noopener\">clicando aqui<\/a>.<\/p>\n<p>Fa\u00e7a uma den\u00fancia ou sugira uma reportagem sobre Ribeir\u00e3o Preto e regi\u00e3o pelo WhatsApp: 16 99117 7802.<\/p>\n<p>VEJA TAMB\u00c9M<\/p>\n<p>Qual \u00e9 o projeto que vai reunir estrelas da One Direction?<\/p>\n<p><!-- AI CONTENT END 1 -->\n<\/div>\n<\/div>\n<p><script async src=\"\/\/www.instagram.com\/embed.js\"><\/script><br \/>\n<br \/><br \/>\n<br \/><a href=\"https:\/\/www.acidadeon.com\/ribeiraopreto\/cotidiano\/interior-de-sp-esta-em-alerta-de-perigo-potencial-veja-regioes\/\">Source link <\/a><\/p>\n<!-- CONTENT END 1 -->\n","protected":false},"excerpt":{"rendered":"<p>O Inmet (Instituto Nacional de Meteorologia) emitiu neste s\u00e1bado (4) um alerta de perigo potencial para o interior do estado de S\u00e3o Paulo. De acordo&#8230;<\/p>\n","protected":false},"author":1,"featured_media":72469,"comment_status":"open","ping_status":"open","sticky":false,"template":"","format":"standard","meta":{"advanced_seo_description":"","jetpack_seo_html_title":"","jetpack_seo_noindex":false,"jetpack_post_was_ever_published":false,"_jetpack_newsletter_access":"","_jetpack_dont_email_post_to_subs":false,"_jetpack_newsletter_tier_id":0,"_jetpack_memberships_contains_paywalled_content":false,"_jetpack_memberships_contains_paid_content":false,"footnotes":"","jetpack_publicize_message":"","jetpack_publicize_feature_enabled":true,"jetpack_social_post_already_shared":true,"jetpack_social_options":{"image_generator_settings":{"template":"highway","default_image_id":0,"font":"","enabled":false},"version":2}},"categories":[11],"tags":[],"class_list":["post-78220","post","type-post","status-publish","format-standard","has-post-thumbnail","hentry","category-noticias-de-ribeirao-preto-sp-e-regiao-ismael-colosi"],"jetpack_publicize_connections":[],"jetpack_featured_media_url":"https:\/\/i0.wp.com\/noticiasribeiraopreto.com.br\/wp-content\/uploads\/2025\/06\/WhatsApp-Image-2025-06-17-at-14.27.19_2025-06-17_17-29-48.webp.webp?fit=1200%2C540&ssl=1","jetpack-related-posts":[{"id":62110,"url":"https:\/\/noticiasribeiraopreto.com.br\/index.php\/2025\/01\/03\/alerta-de-perigo-potencial-e-emitido-para-o-interior-de-sp-veja-regioes-2\/","url_meta":{"origin":78220,"position":0},"title":"Alerta de perigo potencial \u00e9 emitido para o interior de SP; Veja regi\u00f5es","author":"noticiasribeiraopreto.com.br","date":"3 de January de 2025","format":false,"excerpt":"A primeira frente fria do ano se desloca pelo Estado de S\u00e3o Paulo, portanto, o fim de semana dever\u00e1 ser marcado por condi\u00e7\u00f5es de chuva em boa parte da regi\u00e3o, de acordo com os meteorologistas. Conforme a Climatempo, na faixa leste do Estado, a chuva deve chegar com moderada a\u2026","rel":"","context":"In &quot;Not\u00edcias de Ribeir\u00e3o Preto-SP e Regi\u00e3o&quot;","block_context":{"text":"Not\u00edcias de Ribeir\u00e3o Preto-SP e Regi\u00e3o","link":"https:\/\/noticiasribeiraopreto.com.br\/index.php\/category\/noticias-de-ribeirao-preto-sp-e-regiao-ismael-colosi\/"},"img":{"alt_text":"","src":"https:\/\/i0.wp.com\/noticiasribeiraopreto.com.br\/wp-content\/uploads\/2025\/01\/Capturar-3.jpg?fit=739%2C452&ssl=1&resize=350%2C200","width":350,"height":200,"srcset":"https:\/\/i0.wp.com\/noticiasribeiraopreto.com.br\/wp-content\/uploads\/2025\/01\/Capturar-3.jpg?fit=739%2C452&ssl=1&resize=350%2C200 1x, https:\/\/i0.wp.com\/noticiasribeiraopreto.com.br\/wp-content\/uploads\/2025\/01\/Capturar-3.jpg?fit=739%2C452&ssl=1&resize=525%2C300 1.5x, https:\/\/i0.wp.com\/noticiasribeiraopreto.com.br\/wp-content\/uploads\/2025\/01\/Capturar-3.jpg?fit=739%2C452&ssl=1&resize=700%2C400 2x"},"classes":[]},{"id":59412,"url":"https:\/\/noticiasribeiraopreto.com.br\/index.php\/2024\/10\/23\/alerta-de-perigo-potencial-e-emitido-para-o-interior-de-sp-veja-regioes-afetadas\/","url_meta":{"origin":78220,"position":1},"title":"Alerta de perigo potencial \u00e9 emitido para o interior de SP; Veja regi\u00f5es afetadas","author":"noticiasribeiraopreto.com.br","date":"23 de October de 2024","format":false,"excerpt":"Uma nova frente fria se aproxima do interior de S\u00e3o Paulo e aumenta as condi\u00e7\u00f5es para chuva, a partir desta quarta-feira (23). Por conta deste cen\u00e1rio, o Inmet (Instituto Nacional de Meteorologia) emitiu um novo alerta de perigo potencial. De acordo com o \u00f3rg\u00e3o, esse sistema deve favorecer a forma\u00e7\u00e3o\u2026","rel":"","context":"In &quot;Not\u00edcias de Ribeir\u00e3o Preto-SP e Regi\u00e3o&quot;","block_context":{"text":"Not\u00edcias de Ribeir\u00e3o Preto-SP e Regi\u00e3o","link":"https:\/\/noticiasribeiraopreto.com.br\/index.php\/category\/noticias-de-ribeirao-preto-sp-e-regiao-ismael-colosi\/"},"img":{"alt_text":"","src":"https:\/\/i0.wp.com\/noticiasribeiraopreto.com.br\/wp-content\/uploads\/2024\/10\/chuva-forte.jpg?fit=1200%2C765&ssl=1&resize=350%2C200","width":350,"height":200,"srcset":"https:\/\/i0.wp.com\/noticiasribeiraopreto.com.br\/wp-content\/uploads\/2024\/10\/chuva-forte.jpg?fit=1200%2C765&ssl=1&resize=350%2C200 1x, https:\/\/i0.wp.com\/noticiasribeiraopreto.com.br\/wp-content\/uploads\/2024\/10\/chuva-forte.jpg?fit=1200%2C765&ssl=1&resize=525%2C300 1.5x, https:\/\/i0.wp.com\/noticiasribeiraopreto.com.br\/wp-content\/uploads\/2024\/10\/chuva-forte.jpg?fit=1200%2C765&ssl=1&resize=700%2C400 2x, https:\/\/i0.wp.com\/noticiasribeiraopreto.com.br\/wp-content\/uploads\/2024\/10\/chuva-forte.jpg?fit=1200%2C765&ssl=1&resize=1050%2C600 3x"},"classes":[]},{"id":60667,"url":"https:\/\/noticiasribeiraopreto.com.br\/index.php\/2024\/11\/21\/interior-de-sp-tem-novo-alerta-de-perigo-potencial-veja-regioes-afetadas\/","url_meta":{"origin":78220,"position":2},"title":"Interior de SP tem novo alerta de perigo potencial; Veja regi\u00f5es afetadas","author":"noticiasribeiraopreto.com.br","date":"21 de November de 2024","format":false,"excerpt":"Uma frente fria avan\u00e7a pela costa do Sudeste e come\u00e7a a influenciar grande parte do interior de S\u00e3o Paulo, a partir desta quinta-feira (21). Na regi\u00e3o de Ribeir\u00e3o Preto, moradores j\u00e1 registraram chuva em Bonfim Paulista (imagem acima) e Franca (veja o v\u00eddeo abaixo). Por conta deste cen\u00e1rio, um novo\u2026","rel":"","context":"In &quot;Not\u00edcias de Ribeir\u00e3o Preto-SP e Regi\u00e3o&quot;","block_context":{"text":"Not\u00edcias de Ribeir\u00e3o Preto-SP e Regi\u00e3o","link":"https:\/\/noticiasribeiraopreto.com.br\/index.php\/category\/noticias-de-ribeirao-preto-sp-e-regiao-ismael-colosi\/"},"img":{"alt_text":"","src":"https:\/\/i0.wp.com\/noticiasribeiraopreto.com.br\/wp-content\/uploads\/2024\/11\/Copia-de-Copia-de-Copia-de-TAMANHO-EXATO-PARA-FOTOS-NO-SISTEMA-NOVO-2024-11-21T161310.237_2024-11-21_19-13-25_png_2024-11-21_19-13-25.webp.webp?fit=1200%2C675&ssl=1&resize=350%2C200","width":350,"height":200,"srcset":"https:\/\/i0.wp.com\/noticiasribeiraopreto.com.br\/wp-content\/uploads\/2024\/11\/Copia-de-Copia-de-Copia-de-TAMANHO-EXATO-PARA-FOTOS-NO-SISTEMA-NOVO-2024-11-21T161310.237_2024-11-21_19-13-25_png_2024-11-21_19-13-25.webp.webp?fit=1200%2C675&ssl=1&resize=350%2C200 1x, https:\/\/i0.wp.com\/noticiasribeiraopreto.com.br\/wp-content\/uploads\/2024\/11\/Copia-de-Copia-de-Copia-de-TAMANHO-EXATO-PARA-FOTOS-NO-SISTEMA-NOVO-2024-11-21T161310.237_2024-11-21_19-13-25_png_2024-11-21_19-13-25.webp.webp?fit=1200%2C675&ssl=1&resize=525%2C300 1.5x, https:\/\/i0.wp.com\/noticiasribeiraopreto.com.br\/wp-content\/uploads\/2024\/11\/Copia-de-Copia-de-Copia-de-TAMANHO-EXATO-PARA-FOTOS-NO-SISTEMA-NOVO-2024-11-21T161310.237_2024-11-21_19-13-25_png_2024-11-21_19-13-25.webp.webp?fit=1200%2C675&ssl=1&resize=700%2C400 2x, https:\/\/i0.wp.com\/noticiasribeiraopreto.com.br\/wp-content\/uploads\/2024\/11\/Copia-de-Copia-de-Copia-de-TAMANHO-EXATO-PARA-FOTOS-NO-SISTEMA-NOVO-2024-11-21T161310.237_2024-11-21_19-13-25_png_2024-11-21_19-13-25.webp.webp?fit=1200%2C675&ssl=1&resize=1050%2C600 3x"},"classes":[]},{"id":57499,"url":"https:\/\/noticiasribeiraopreto.com.br\/index.php\/2024\/09\/02\/interior-de-sp-tem-dois-novos-alertas-de-perigo-potencial-veja-regioes-afetadas\/","url_meta":{"origin":78220,"position":3},"title":"Interior de SP tem dois novos alertas de perigo potencial; Veja regi\u00f5es afetadas","author":"noticiasribeiraopreto.com.br","date":"2 de September de 2024","format":false,"excerpt":"O Instituto Nacional de Meteorologia (Inmet) emitiu dois novos alertas de perigo potencial para o interior de S\u00e3o Paulo, nesta segunda-feira (2). Um \u00e9 para onda de calor e o outro para baixa umidade do ar. De acordo com a Climatempo, o tempo seco e com temperaturas acima da m\u00e9dia\u2026","rel":"","context":"In &quot;Not\u00edcias de Ribeir\u00e3o Preto-SP e Regi\u00e3o&quot;","block_context":{"text":"Not\u00edcias de Ribeir\u00e3o Preto-SP e Regi\u00e3o","link":"https:\/\/noticiasribeiraopreto.com.br\/index.php\/category\/noticias-de-ribeirao-preto-sp-e-regiao-ismael-colosi\/"},"img":{"alt_text":"","src":"https:\/\/i0.wp.com\/noticiasribeiraopreto.com.br\/wp-content\/uploads\/2024\/09\/mulher-mais-velha-lutando-com-alta-temperatura-scaled.jpg?fit=1200%2C800&ssl=1&resize=350%2C200","width":350,"height":200,"srcset":"https:\/\/i0.wp.com\/noticiasribeiraopreto.com.br\/wp-content\/uploads\/2024\/09\/mulher-mais-velha-lutando-com-alta-temperatura-scaled.jpg?fit=1200%2C800&ssl=1&resize=350%2C200 1x, https:\/\/i0.wp.com\/noticiasribeiraopreto.com.br\/wp-content\/uploads\/2024\/09\/mulher-mais-velha-lutando-com-alta-temperatura-scaled.jpg?fit=1200%2C800&ssl=1&resize=525%2C300 1.5x, https:\/\/i0.wp.com\/noticiasribeiraopreto.com.br\/wp-content\/uploads\/2024\/09\/mulher-mais-velha-lutando-com-alta-temperatura-scaled.jpg?fit=1200%2C800&ssl=1&resize=700%2C400 2x, https:\/\/i0.wp.com\/noticiasribeiraopreto.com.br\/wp-content\/uploads\/2024\/09\/mulher-mais-velha-lutando-com-alta-temperatura-scaled.jpg?fit=1200%2C800&ssl=1&resize=1050%2C600 3x"},"classes":[]},{"id":60390,"url":"https:\/\/noticiasribeiraopreto.com.br\/index.php\/2024\/11\/12\/alerta-de-perigo-potencial-e-emitido-para-o-interior-de-sp-veja-regioes\/","url_meta":{"origin":78220,"position":4},"title":"Alerta de perigo potencial \u00e9 emitido para o interior de SP; Veja regi\u00f5es","author":"noticiasribeiraopreto.com.br","date":"12 de November de 2024","format":false,"excerpt":"Uma nova frente fria se desloca pela costa do Sudeste a partir desta ter\u00e7a-feira (12) e provoca instabilidades que podem persistir nos pr\u00f3ximos dias, de acordo com os meteorologistas. Segundo a Climatempo, este sistema mant\u00e9m as condi\u00e7\u00f5es para chuva intensa at\u00e9 pelo menos a quinta-feira (14) no Estado de S\u00e3o\u2026","rel":"","context":"In &quot;Not\u00edcias de Ribeir\u00e3o Preto-SP e Regi\u00e3o&quot;","block_context":{"text":"Not\u00edcias de Ribeir\u00e3o Preto-SP e Regi\u00e3o","link":"https:\/\/noticiasribeiraopreto.com.br\/index.php\/category\/noticias-de-ribeirao-preto-sp-e-regiao-ismael-colosi\/"},"img":{"alt_text":"","src":"https:\/\/i0.wp.com\/noticiasribeiraopreto.com.br\/wp-content\/uploads\/2024\/11\/CicloneextratropicalgrandeeintensoprovocaalertaVejaaprevisodotempo_Tamanho_2_image.jpg?fit=1200%2C900&ssl=1&resize=350%2C200","width":350,"height":200,"srcset":"https:\/\/i0.wp.com\/noticiasribeiraopreto.com.br\/wp-content\/uploads\/2024\/11\/CicloneextratropicalgrandeeintensoprovocaalertaVejaaprevisodotempo_Tamanho_2_image.jpg?fit=1200%2C900&ssl=1&resize=350%2C200 1x, https:\/\/i0.wp.com\/noticiasribeiraopreto.com.br\/wp-content\/uploads\/2024\/11\/CicloneextratropicalgrandeeintensoprovocaalertaVejaaprevisodotempo_Tamanho_2_image.jpg?fit=1200%2C900&ssl=1&resize=525%2C300 1.5x, https:\/\/i0.wp.com\/noticiasribeiraopreto.com.br\/wp-content\/uploads\/2024\/11\/CicloneextratropicalgrandeeintensoprovocaalertaVejaaprevisodotempo_Tamanho_2_image.jpg?fit=1200%2C900&ssl=1&resize=700%2C400 2x, https:\/\/i0.wp.com\/noticiasribeiraopreto.com.br\/wp-content\/uploads\/2024\/11\/CicloneextratropicalgrandeeintensoprovocaalertaVejaaprevisodotempo_Tamanho_2_image.jpg?fit=1200%2C900&ssl=1&resize=1050%2C600 3x"},"classes":[]},{"id":79151,"url":"https:\/\/noticiasribeiraopreto.com.br\/index.php\/2025\/10\/25\/inmet-emite-alerta-de-perigo-potencial-para-o-interior-de-sp-confira-regioes-afetadas\/","url_meta":{"origin":78220,"position":5},"title":"Inmet emite alerta de perigo potencial para o interior de SP; Confira regi\u00f5es afetadas","author":"noticiasribeiraopreto.com.br","date":"25 de October de 2025","format":false,"excerpt":"O Inmet (Instituto Nacional de Meteorologia) emitiu um novo alerta de perigo potencial para abaixa umidade do ar no interior de S\u00e3o Paulo neste s\u00e1bado (25). De acordo com o \u00f3rg\u00e3o, a umidade relativa do ar pode variar entre 20% e 30% em diferentes regi\u00f5es. Apesar de baixo, o Inmet\u2026","rel":"","context":"In &quot;Not\u00edcias de Ribeir\u00e3o Preto-SP e Regi\u00e3o&quot;","block_context":{"text":"Not\u00edcias de Ribeir\u00e3o Preto-SP e Regi\u00e3o","link":"https:\/\/noticiasribeiraopreto.com.br\/index.php\/category\/noticias-de-ribeirao-preto-sp-e-regiao-ismael-colosi\/"},"img":{"alt_text":"","src":"https:\/\/i0.wp.com\/noticiasribeiraopreto.com.br\/wp-content\/uploads\/2025\/10\/20230711_174150-scaled.jpg?fit=1200%2C540&ssl=1&resize=350%2C200","width":350,"height":200,"srcset":"https:\/\/i0.wp.com\/noticiasribeiraopreto.com.br\/wp-content\/uploads\/2025\/10\/20230711_174150-scaled.jpg?fit=1200%2C540&ssl=1&resize=350%2C200 1x, https:\/\/i0.wp.com\/noticiasribeiraopreto.com.br\/wp-content\/uploads\/2025\/10\/20230711_174150-scaled.jpg?fit=1200%2C540&ssl=1&resize=525%2C300 1.5x, https:\/\/i0.wp.com\/noticiasribeiraopreto.com.br\/wp-content\/uploads\/2025\/10\/20230711_174150-scaled.jpg?fit=1200%2C540&ssl=1&resize=700%2C400 2x, https:\/\/i0.wp.com\/noticiasribeiraopreto.com.br\/wp-content\/uploads\/2025\/10\/20230711_174150-scaled.jpg?fit=1200%2C540&ssl=1&resize=1050%2C600 3x"},"classes":[]}],"jetpack_sharing_enabled":true,"jetpack_shortlink":"https:\/\/wp.me\/peQAOb-klC","_links":{"self":[{"href":"https:\/\/noticiasribeiraopreto.com.br\/index.php\/wp-json\/wp\/v2\/posts\/78220","targetHints":{"allow":["GET"]}}],"collection":[{"href":"https:\/\/noticiasribeiraopreto.com.br\/index.php\/wp-json\/wp\/v2\/posts"}],"about":[{"href":"https:\/\/noticiasribeiraopreto.com.br\/index.php\/wp-json\/wp\/v2\/types\/post"}],"author":[{"embeddable":true,"href":"https:\/\/noticiasribeiraopreto.com.br\/index.php\/wp-json\/wp\/v2\/users\/1"}],"replies":[{"embeddable":true,"href":"https:\/\/noticiasribeiraopreto.com.br\/index.php\/wp-json\/wp\/v2\/comments?post=78220"}],"version-history":[{"count":0,"href":"https:\/\/noticiasribeiraopreto.com.br\/index.php\/wp-json\/wp\/v2\/posts\/78220\/revisions"}],"wp:featuredmedia":[{"embeddable":true,"href":"https:\/\/noticiasribeiraopreto.com.br\/index.php\/wp-json\/wp\/v2\/media\/72469"}],"wp:attachment":[{"href":"https:\/\/noticiasribeiraopreto.com.br\/index.php\/wp-json\/wp\/v2\/media?parent=78220"}],"wp:term":[{"taxonomy":"category","embeddable":true,"href":"https:\/\/noticiasribeiraopreto.com.br\/index.php\/wp-json\/wp\/v2\/categories?post=78220"},{"taxonomy":"post_tag","embeddable":true,"href":"https:\/\/noticiasribeiraopreto.com.br\/index.php\/wp-json\/wp\/v2\/tags?post=78220"}],"curies":[{"name":"wp","href":"https:\/\/api.w.org\/{rel}","templated":true}]}}