{"id":78221,"date":"2025-10-07T12:20:19","date_gmt":"2025-10-07T15:20:19","guid":{"rendered":"https:\/\/noticiasribeiraopreto.com.br\/index.php\/2025\/10\/07\/mais-um-morre-em-confronto-com-pm\/"},"modified":"2025-10-07T12:20:19","modified_gmt":"2025-10-07T15:20:19","slug":"mais-um-morre-em-confronto-com-pm","status":"publish","type":"post","link":"https:\/\/noticiasribeiraopreto.com.br\/index.php\/2025\/10\/07\/mais-um-morre-em-confronto-com-pm\/","title":{"rendered":"Mais um morre em confronto com PM"},"content":{"rendered":"<p> <br \/>\n<\/p>\n<div id=\"\">\n<h2 class=\"penci-post-subtitle\">\u00c9 o segundo caso em dois dias; este \u00faltimo ocorreu em um barraco na zona Oeste<\/h2>\n<p>\n\t\t\t\t\t\t\t\t\t<span class=\"entry-meta-item penci-posted-on\"><i class=\"fa fa-clock-o\"\/><time class=\"entry-date published\" datetime=\"2025-10-07T11:32:26-03:00\">7 de outubro de 2025 11:32<\/time><time class=\"updated\" datetime=\"2025-10-07T11:40:14-03:00\">7 de outubro de 2025 11:40<\/time><\/span><span class=\"entry-meta-item penci-post-countview\"><span class=\"entry-meta-item penci-post-countview penci_post-meta_item\"><i class=\"fa fa-eye\"\/><span class=\"penci-post-countview-number penci-post-countview-p441766\">3<\/span><\/span><\/span>\t\t\t\t\t\t\t\t<\/p>\n<p><!-- .entry-meta --><br \/>\n\t\t\t\t\t\t\t\t<span class=\"penci-social-buttons penci-social-share-footer\"><span class=\"penci-social-share-text\">Compartilhar<\/span><a href=\"#\" class=\"penci-post-like penci_post-meta_item  single-like-button penci-social-item like\" data-post_id=\"441766\" title=\"Like\" data-like=\"Like\" data-unlike=\"Unlike\"><i class=\"fa fa-thumbs-o-up\"\/><span class=\"penci-share-number\">1<\/span><\/a><i class=\"fa fa-facebook\"\/><a class=\"penci-social-item twitter\" target=\"_blank\" rel=\"noopener\" title=\"\" href=\"https:\/\/twitter.com\/intent\/tweet?text=Mais%20um%20morre%20em%20confronto%20com%20PM%20-%20https:\/\/www.tribunaribeirao.com.br\/mais-um-morre-em-confronto-com-pm\/\"><i class=\"fa fa-twitter\"\/><\/a><i class=\"fa fa-linkedin\"\/><i class=\"fa fa-whatsapp\"\/><i class=\"fa fa-telegram\"\/><i class=\"fa fa-envelope\"\/><\/span>\t\t\t\t\t\t\t<\/div>\n<div>\n<p>Por: Adalberto Luque<\/p>\n<p>Um homem morreu, na noite desta segunda-feira (5), ap\u00f3s reagir a uma abordagem policial. O caso ocorreu na rua Tuiuti, uma pequena estrada de terra, continua\u00e7\u00e3o da avenida \u00c1lvaro de Lima, Vila Virg\u00ednia, zona Oeste de Ribeir\u00e3o Preto.<\/p>\n<p>O trecho de terra, que come\u00e7a a partir da rua Cardeal Arcoverde, \u00e9 conhecido por ser ponto de consumo de drogas il\u00edcitas. Os usu\u00e1rios costumam se reunir nos barracos l\u00e1 montados.<\/p>\n<p>Os policiais militares receberam informa\u00e7\u00f5es de que um suspeito de praticar roubos havia se escondido num dos barracos daquela estrada, que n\u00e3o tem ilumina\u00e7\u00e3o p\u00fablica. V\u00e1rias viaturas do Batalh\u00e3o de A\u00e7\u00f5es Especiais de Pol\u00edcia (BAEP) foram at\u00e9 o local, por volta das 19h30 e localizaram o suspeito.<\/p>\n<p>Assim que os policiais chegaram, perceberam que o homem estaria armado e amea\u00e7ou os policiais. Houve disparos e o suspeito foi atingido por tr\u00eas tiros. Uma unidade do Servi\u00e7o de Atendimento M\u00f3vel de Urg\u00eancia (SAMU) chegou rapidamente ao local, mas apenas constatou a morte do homem.<\/p>\n<figure id=\"attachment_441769\" aria-describedby=\"caption-attachment-441769\" style=\"width: 1170px\" class=\"wp-caption alignnone\"><img data-recalc-dims=\"1\" loading=\"lazy\" decoding=\"async\" class=\"size-full wp-image-441769 lazyload\" src=\"https:\/\/i0.wp.com\/www.tribunaribeirao.com.br\/wp-content\/uploads\/2025\/10\/07-out-2025-morteconfronto2-1-scaled.png?resize=1170%2C780&#038;ssl=1\" alt=\"\" width=\"1170\" height=\"780\" srcset=\"https:\/\/www.tribunaribeirao.com.br\/wp-content\/uploads\/2025\/10\/07-out-2025-morteconfronto2-1-scaled.png 1170w, https:\/\/www.tribunaribeirao.com.br\/wp-content\/uploads\/2025\/10\/07-out-2025-morteconfronto2-1-300x200.png 300w, https:\/\/www.tribunaribeirao.com.br\/wp-content\/uploads\/2025\/10\/07-out-2025-morteconfronto2-1-1024x683.png 1024w, https:\/\/www.tribunaribeirao.com.br\/wp-content\/uploads\/2025\/10\/07-out-2025-morteconfronto2-1-768x512.png 768w, https:\/\/www.tribunaribeirao.com.br\/wp-content\/uploads\/2025\/10\/07-out-2025-morteconfronto2-1-1536x1024.png 1536w, https:\/\/www.tribunaribeirao.com.br\/wp-content\/uploads\/2025\/10\/07-out-2025-morteconfronto2-1-480x320.png 480w, https:\/\/www.tribunaribeirao.com.br\/wp-content\/uploads\/2025\/10\/07-out-2025-morteconfronto2-1-280x186.png 280w, https:\/\/www.tribunaribeirao.com.br\/wp-content\/uploads\/2025\/10\/07-out-2025-morteconfronto2-1-960x640.png 960w, https:\/\/www.tribunaribeirao.com.br\/wp-content\/uploads\/2025\/10\/07-out-2025-morteconfronto2-1-600x400.png 600w, https:\/\/www.tribunaribeirao.com.br\/wp-content\/uploads\/2025\/10\/07-out-2025-morteconfronto2-1-585x390.png 585w\" data-sizes=\"(max-width: 1170px) 100vw, 1170px\" style=\"--smush-placeholder-width: 1170px; --smush-placeholder-aspect-ratio: 1170\/780;\"\/><figcaption id=\"caption-attachment-441769\" class=\"wp-caption-text\">Local n\u00e3o tem ilumina\u00e7\u00e3o p\u00fablica e \u00e9 usado por usu\u00e1rios de drogas (Foto: Alfredo Risk)<\/figcaption><\/figure>\n<p>O suspeito foi identificado como Rodrigo Gabriel Martins, de 43 anos. O local foi isolado e as Pol\u00edcias Civil e T\u00e9cnico-Cient\u00edfica foram acionadas. Depois do trabalho de per\u00edcia, o corpo do homem foi levado para o Instituto M\u00e9dico Legal.<\/p>\n<p>Com ele os policiais encontraram um rev\u00f3lver calibre 38 com cinco muni\u00e7\u00f5es, uma delas deflagrada. A Pol\u00edcia Civil vai investigar o caso registrado como morte decorrente de interven\u00e7\u00e3o policial e resist\u00eancia a abordagem.<\/p>\n<p>A reportagem do Tribuna pediu notas para a Secretaria da Seguran\u00e7a P\u00fablica de S\u00e3o Paulo (SSP-SP) e para o Minist\u00e9rio P\u00fablico de S\u00e3o Paulo (MPSP). O MP informou que at\u00e9 o momento, n\u00e3o recebeu nenhuma informa\u00e7\u00e3o ou documento oficial acerca dessa ocorr\u00eancia. Assim que receber retorno da SSP-SP, a reportagem ser\u00e1 atualizada.<\/p>\n<p><strong>D\u00e9cimo caso<\/strong><\/p>\n<p>Este foi o d\u00e9cimo caso de letalidade policial na cidade em nove ocorr\u00eancias registradas em 2025. Considerando o assalto a um emp\u00f3rio localizado entre as ruas Prudente de Morais e Sete de Setembro, na regi\u00e3o Central de Ribeir\u00e3o Preto, quando o ladr\u00e3o morreu ap\u00f3s ser alvejado pelo filho do comerciante, um PM que estava de folga, s\u00e3o onze mortes em dez ocorr\u00eancias.<\/p>\n<p>O anterior ocorreu na tarde deste domingo (5), quando um homem teria agredido policiais militares, chegando a desarmar um deles, e foi alvejado com um tiro disparado pelo outro PM, no Centro da cidade. Ele morreu com um tiro no t\u00f3rax.<\/p>\n<p><!-- CONTENT END 3 -->\n<\/div>\n<p><script async src=\"\/\/platform.twitter.com\/widgets.js\" charset=\"utf-8\"><\/script><br \/>\n<br \/><br \/>\n<br \/><a href=\"https:\/\/www.tribunaribeirao.com.br\/mais-um-morre-em-confronto-com-pm\/\">Source link <\/a><\/p>\n","protected":false},"excerpt":{"rendered":"<p>\u00c9 o segundo caso em dois dias; este \u00faltimo ocorreu em um barraco na zona Oeste 7 de outubro de 2025 11:327 de outubro de&#8230;<\/p>\n","protected":false},"author":1,"featured_media":78222,"comment_status":"open","ping_status":"open","sticky":false,"template":"","format":"standard","meta":{"advanced_seo_description":"","jetpack_seo_html_title":"","jetpack_seo_noindex":false,"jetpack_post_was_ever_published":false,"_jetpack_newsletter_access":"","_jetpack_dont_email_post_to_subs":false,"_jetpack_newsletter_tier_id":0,"_jetpack_memberships_contains_paywalled_content":false,"_jetpack_memberships_contains_paid_content":false,"footnotes":"","jetpack_publicize_message":"","jetpack_publicize_feature_enabled":true,"jetpack_social_post_already_shared":true,"jetpack_social_options":{"image_generator_settings":{"template":"highway","default_image_id":0,"font":"","enabled":false},"version":2}},"categories":[11],"tags":[],"class_list":["post-78221","post","type-post","status-publish","format-standard","has-post-thumbnail","hentry","category-noticias-de-ribeirao-preto-sp-e-regiao-ismael-colosi"],"jetpack_publicize_connections":[],"jetpack_featured_media_url":"https:\/\/i0.wp.com\/noticiasribeiraopreto.com.br\/wp-content\/uploads\/2025\/10\/07-out-2025-morteconfronto0-scaled.png?fit=1170%2C780&ssl=1","jetpack-related-posts":[{"id":15438,"url":"https:\/\/noticiasribeiraopreto.com.br\/index.php\/2023\/12\/13\/volume-de-servicos-recua-06-em-outubro-revela-ibge\/","url_meta":{"origin":78221,"position":0},"title":"Volume de servi\u00e7os recua 0,6% em outubro, revela IBGE \u2013 Folha de Ribeir\u00e3o","author":"noticiasribeiraopreto.com.br","date":"13 de December de 2023","format":false,"excerpt":"O volume de servi\u00e7os no pa\u00eds caiu 0,6% em outubro deste ano, na compara\u00e7\u00e3o com setembro. Essa foi a terceira queda consecutiva do indicador, que acumula perdas de 2,3% em tr\u00eas meses. Os dados s\u00e3o da Pesquisa Mensal de Servi\u00e7os (PMS), divulgada nesta quarta-feira (13), no Rio de Janeiro, pelo\u2026","rel":"","context":"In &quot;Not\u00edcias de Ribeir\u00e3o Preto-SP e Regi\u00e3o&quot;","block_context":{"text":"Not\u00edcias de Ribeir\u00e3o Preto-SP e Regi\u00e3o","link":"https:\/\/noticiasribeiraopreto.com.br\/index.php\/category\/noticias-de-ribeirao-preto-sp-e-regiao-ismael-colosi\/"},"img":{"alt_text":"","src":"","width":0,"height":0},"classes":[]},{"id":58912,"url":"https:\/\/noticiasribeiraopreto.com.br\/index.php\/2024\/10\/09\/parque-de-ribeirao-preto-tera-cinema-ao-ar-livre-com-entrada-gratuita\/","url_meta":{"origin":78221,"position":1},"title":"Parque de Ribeir\u00e3o Preto ter\u00e1 cinema ao ar livre com entrada gratuita","author":"noticiasribeiraopreto.com.br","date":"9 de October de 2024","format":false,"excerpt":"O parque Doutor Lu\u00eds Carlos Raya, no Jardim Bot\u00e2nico, em Ribeir\u00e3o Preto, ir\u00e1 receber o projeto Super Tela, um cinema ao ar livre entre os dias 9 e 20 de outubro, a partir das 18h. A programa\u00e7\u00e3o \u00e9 gratuita e conta com filmes nacionais e internacionais. Mesmo com entrada gratuita,\u2026","rel":"","context":"In &quot;Not\u00edcias de Ribeir\u00e3o Preto-SP e Regi\u00e3o&quot;","block_context":{"text":"Not\u00edcias de Ribeir\u00e3o Preto-SP e Regi\u00e3o","link":"https:\/\/noticiasribeiraopreto.com.br\/index.php\/category\/noticias-de-ribeirao-preto-sp-e-regiao-ismael-colosi\/"},"img":{"alt_text":"","src":"https:\/\/i0.wp.com\/noticiasribeiraopreto.com.br\/wp-content\/uploads\/2024\/10\/Scene-8_2024-10-09_13-38-38_jpg_2024-10-09_13-38-40-scaled.webp.webp?fit=1200%2C799&ssl=1&resize=350%2C200","width":350,"height":200,"srcset":"https:\/\/i0.wp.com\/noticiasribeiraopreto.com.br\/wp-content\/uploads\/2024\/10\/Scene-8_2024-10-09_13-38-38_jpg_2024-10-09_13-38-40-scaled.webp.webp?fit=1200%2C799&ssl=1&resize=350%2C200 1x, https:\/\/i0.wp.com\/noticiasribeiraopreto.com.br\/wp-content\/uploads\/2024\/10\/Scene-8_2024-10-09_13-38-38_jpg_2024-10-09_13-38-40-scaled.webp.webp?fit=1200%2C799&ssl=1&resize=525%2C300 1.5x, https:\/\/i0.wp.com\/noticiasribeiraopreto.com.br\/wp-content\/uploads\/2024\/10\/Scene-8_2024-10-09_13-38-38_jpg_2024-10-09_13-38-40-scaled.webp.webp?fit=1200%2C799&ssl=1&resize=700%2C400 2x, https:\/\/i0.wp.com\/noticiasribeiraopreto.com.br\/wp-content\/uploads\/2024\/10\/Scene-8_2024-10-09_13-38-38_jpg_2024-10-09_13-38-40-scaled.webp.webp?fit=1200%2C799&ssl=1&resize=1050%2C600 3x"},"classes":[]},{"id":19129,"url":"https:\/\/noticiasribeiraopreto.com.br\/index.php\/2023\/12\/21\/o-sol-voltou-a-brilhar-para-o-irb-re-irbr3-resseguradora-ve-lucro-crescer-mais-de-50-em-um-mes\/","url_meta":{"origin":78221,"position":2},"title":"O sol voltou a brilhar para o IRB Re (IRBR3)? Resseguradora v\u00ea lucro crescer mais de 50% em um m\u00eas","author":"noticiasribeiraopreto.com.br","date":"21 de December de 2023","format":false,"excerpt":"\u201cO sol h\u00e1 de brilhar mais uma vez\u2026 A luz h\u00e1 de chegar aos cora\u00e7\u00f5es\u2026 Do mal ser\u00e1 queimada a semente\u2026 O amor ser\u00e1 eterno novamente\u201d. Esse cl\u00e1ssico de Clara Nunes poderia muito bem embalar os recentes resultados financeiros do IRB Re (IRBR3).\u00a0 A resseguradora registrou lucro l\u00edquido de R$\u2026","rel":"","context":"In &quot;Dinheiro e Investimento&quot;","block_context":{"text":"Dinheiro e Investimento","link":"https:\/\/noticiasribeiraopreto.com.br\/index.php\/category\/dinheiro-e-investimento-como-fazer-como-ganhar\/"},"img":{"alt_text":"","src":"https:\/\/i0.wp.com\/noticiasribeiraopreto.com.br\/wp-content\/uploads\/2023\/12\/IRB-628x353.jpg?fit=628%2C353&ssl=1&resize=350%2C200","width":350,"height":200,"srcset":"https:\/\/i0.wp.com\/noticiasribeiraopreto.com.br\/wp-content\/uploads\/2023\/12\/IRB-628x353.jpg?fit=628%2C353&ssl=1&resize=350%2C200 1x, https:\/\/i0.wp.com\/noticiasribeiraopreto.com.br\/wp-content\/uploads\/2023\/12\/IRB-628x353.jpg?fit=628%2C353&ssl=1&resize=525%2C300 1.5x"},"classes":[]},{"id":80122,"url":"https:\/\/noticiasribeiraopreto.com.br\/index.php\/2025\/11\/15\/a-um-ano-das-eleicoes-2026-eleitorado-avanca-021-em-outubro\/","url_meta":{"origin":78221,"position":3},"title":"A um ano das elei\u00e7\u00f5es 2026, eleitorado avan\u00e7a 0,21% em outubro","author":"noticiasribeiraopreto.com.br","date":"15 de November de 2025","format":false,"excerpt":"A um ano das elei\u00e7\u00f5es gerais de 2026, balan\u00e7o do Tribunal Superior Eleitoral (TSE) indica que Ribeir\u00e3o Preto perdeu milhares de eleitores em rela\u00e7\u00e3o ao pleito de outubro de 2022 e tamb\u00e9m na compara\u00e7\u00e3o com o total de pessoas aptas a votar para prefeito e vereador no ano passado.Se o\u2026","rel":"","context":"In &quot;Not\u00edcias de Ribeir\u00e3o Preto-SP e Regi\u00e3o&quot;","block_context":{"text":"Not\u00edcias de Ribeir\u00e3o Preto-SP e Regi\u00e3o","link":"https:\/\/noticiasribeiraopreto.com.br\/index.php\/category\/noticias-de-ribeirao-preto-sp-e-regiao-ismael-colosi\/"},"img":{"alt_text":"","src":"https:\/\/i0.wp.com\/noticiasribeiraopreto.com.br\/wp-content\/uploads\/2025\/11\/EleitorRP-Abdias-Pinheiro-Secom-TSE.jpg?fit=1170%2C700&ssl=1&resize=350%2C200","width":350,"height":200,"srcset":"https:\/\/i0.wp.com\/noticiasribeiraopreto.com.br\/wp-content\/uploads\/2025\/11\/EleitorRP-Abdias-Pinheiro-Secom-TSE.jpg?fit=1170%2C700&ssl=1&resize=350%2C200 1x, https:\/\/i0.wp.com\/noticiasribeiraopreto.com.br\/wp-content\/uploads\/2025\/11\/EleitorRP-Abdias-Pinheiro-Secom-TSE.jpg?fit=1170%2C700&ssl=1&resize=525%2C300 1.5x, https:\/\/i0.wp.com\/noticiasribeiraopreto.com.br\/wp-content\/uploads\/2025\/11\/EleitorRP-Abdias-Pinheiro-Secom-TSE.jpg?fit=1170%2C700&ssl=1&resize=700%2C400 2x, https:\/\/i0.wp.com\/noticiasribeiraopreto.com.br\/wp-content\/uploads\/2025\/11\/EleitorRP-Abdias-Pinheiro-Secom-TSE.jpg?fit=1170%2C700&ssl=1&resize=1050%2C600 3x"},"classes":[]},{"id":58596,"url":"https:\/\/noticiasribeiraopreto.com.br\/index.php\/2024\/10\/01\/veja-quando-ha-previsao-de-chuva-para-ribeirao-preto\/","url_meta":{"origin":78221,"position":4},"title":"Veja quando h\u00e1 previs\u00e3o de chuva para Ribeir\u00e3o Preto","author":"noticiasribeiraopreto.com.br","date":"1 de October de 2024","format":false,"excerpt":"Outubro come\u00e7ou com um novo alerta para onda de calor no interior de S\u00e3o Paulo. A tend\u00eancia \u00e9 que esse novo per\u00edodo de temperaturas acima da m\u00e9dia dure, pelo menos, at\u00e9 o dia 08 de outubro em grande parte do Estado. No entanto, a expectativa \u00e9 de que uma nova\u2026","rel":"","context":"In &quot;Not\u00edcias de Ribeir\u00e3o Preto-SP e Regi\u00e3o&quot;","block_context":{"text":"Not\u00edcias de Ribeir\u00e3o Preto-SP e Regi\u00e3o","link":"https:\/\/noticiasribeiraopreto.com.br\/index.php\/category\/noticias-de-ribeirao-preto-sp-e-regiao-ismael-colosi\/"},"img":{"alt_text":"","src":"https:\/\/i0.wp.com\/noticiasribeiraopreto.com.br\/wp-content\/uploads\/2024\/10\/chuva_ribeirao_1024x576_22052021150436.jpg?fit=1024%2C576&ssl=1&resize=350%2C200","width":350,"height":200,"srcset":"https:\/\/i0.wp.com\/noticiasribeiraopreto.com.br\/wp-content\/uploads\/2024\/10\/chuva_ribeirao_1024x576_22052021150436.jpg?fit=1024%2C576&ssl=1&resize=350%2C200 1x, https:\/\/i0.wp.com\/noticiasribeiraopreto.com.br\/wp-content\/uploads\/2024\/10\/chuva_ribeirao_1024x576_22052021150436.jpg?fit=1024%2C576&ssl=1&resize=525%2C300 1.5x, https:\/\/i0.wp.com\/noticiasribeiraopreto.com.br\/wp-content\/uploads\/2024\/10\/chuva_ribeirao_1024x576_22052021150436.jpg?fit=1024%2C576&ssl=1&resize=700%2C400 2x"},"classes":[]},{"id":10030,"url":"https:\/\/noticiasribeiraopreto.com.br\/index.php\/2023\/12\/03\/crime-perde-forca-em-ribeirao-preto\/","url_meta":{"origin":78221,"position":5},"title":"Crime perde for\u00e7a em Ribeir\u00e3o Preto\u00a0","author":"noticiasribeiraopreto.com.br","date":"3 de December de 2023","format":false,"excerpt":"Por: Adalberto Luque\u00a0Ribeir\u00e3o Preto registrou queda em quase todos os \u00edndices de criminalidade no m\u00eas de outubro. Foi o que constatou pesquisa realizada pela Secretaria de Seguran\u00e7a P\u00fablica (SSP) junto aos oito Distritos Policiais (DP) que, embora reunidos em um \u00fanico local, na Avenida Independ\u00eancia, Jardim Sumar\u00e9, zona Sul da\u2026","rel":"","context":"In &quot;Not\u00edcias de Ribeir\u00e3o Preto-SP e Regi\u00e3o&quot;","block_context":{"text":"Not\u00edcias de Ribeir\u00e3o Preto-SP e Regi\u00e3o","link":"https:\/\/noticiasribeiraopreto.com.br\/index.php\/category\/noticias-de-ribeirao-preto-sp-e-regiao-ismael-colosi\/"},"img":{"alt_text":"","src":"https:\/\/i0.wp.com\/noticiasribeiraopreto.com.br\/wp-content\/uploads\/2023\/12\/foto-scaled.jpg?fit=968%2C645&ssl=1&resize=350%2C200","width":350,"height":200,"srcset":"https:\/\/i0.wp.com\/noticiasribeiraopreto.com.br\/wp-content\/uploads\/2023\/12\/foto-scaled.jpg?fit=968%2C645&ssl=1&resize=350%2C200 1x, https:\/\/i0.wp.com\/noticiasribeiraopreto.com.br\/wp-content\/uploads\/2023\/12\/foto-scaled.jpg?fit=968%2C645&ssl=1&resize=525%2C300 1.5x, https:\/\/i0.wp.com\/noticiasribeiraopreto.com.br\/wp-content\/uploads\/2023\/12\/foto-scaled.jpg?fit=968%2C645&ssl=1&resize=700%2C400 2x"},"classes":[]}],"jetpack_sharing_enabled":true,"jetpack_shortlink":"https:\/\/wp.me\/peQAOb-klD","_links":{"self":[{"href":"https:\/\/noticiasribeiraopreto.com.br\/index.php\/wp-json\/wp\/v2\/posts\/78221","targetHints":{"allow":["GET"]}}],"collection":[{"href":"https:\/\/noticiasribeiraopreto.com.br\/index.php\/wp-json\/wp\/v2\/posts"}],"about":[{"href":"https:\/\/noticiasribeiraopreto.com.br\/index.php\/wp-json\/wp\/v2\/types\/post"}],"author":[{"embeddable":true,"href":"https:\/\/noticiasribeiraopreto.com.br\/index.php\/wp-json\/wp\/v2\/users\/1"}],"replies":[{"embeddable":true,"href":"https:\/\/noticiasribeiraopreto.com.br\/index.php\/wp-json\/wp\/v2\/comments?post=78221"}],"version-history":[{"count":0,"href":"https:\/\/noticiasribeiraopreto.com.br\/index.php\/wp-json\/wp\/v2\/posts\/78221\/revisions"}],"wp:featuredmedia":[{"embeddable":true,"href":"https:\/\/noticiasribeiraopreto.com.br\/index.php\/wp-json\/wp\/v2\/media\/78222"}],"wp:attachment":[{"href":"https:\/\/noticiasribeiraopreto.com.br\/index.php\/wp-json\/wp\/v2\/media?parent=78221"}],"wp:term":[{"taxonomy":"category","embeddable":true,"href":"https:\/\/noticiasribeiraopreto.com.br\/index.php\/wp-json\/wp\/v2\/categories?post=78221"},{"taxonomy":"post_tag","embeddable":true,"href":"https:\/\/noticiasribeiraopreto.com.br\/index.php\/wp-json\/wp\/v2\/tags?post=78221"}],"curies":[{"name":"wp","href":"https:\/\/api.w.org\/{rel}","templated":true}]}}