{"id":78225,"date":"2025-10-07T12:31:27","date_gmt":"2025-10-07T15:31:27","guid":{"rendered":"https:\/\/noticiasribeiraopreto.com.br\/index.php\/2025\/10\/07\/baep-apreende-300-kg-de-cocaina\/"},"modified":"2025-10-07T12:31:27","modified_gmt":"2025-10-07T15:31:27","slug":"baep-apreende-300-kg-de-cocaina","status":"publish","type":"post","link":"https:\/\/noticiasribeiraopreto.com.br\/index.php\/2025\/10\/07\/baep-apreende-300-kg-de-cocaina\/","title":{"rendered":"BAEP apreende 300 kg de coca\u00edna"},"content":{"rendered":"<p> <br \/>\n<\/p>\n<div id=\"\">\n<h2 class=\"penci-post-subtitle\">Tijolos de pasta base, avaliados em R$ 21 milh\u00f5es, foram localizados em ve\u00edculo suspeito de envolvimento em furto<\/h2>\n<p>\n\t\t\t\t\t\t\t\t\t<span class=\"entry-meta-item penci-posted-on\"><i class=\"fa fa-clock-o\"\/><time class=\"entry-date published updated\" datetime=\"2025-10-07T09:59:51-03:00\">7 de outubro de 2025 09:59<\/time><\/span><span class=\"entry-meta-item penci-post-countview\"><span class=\"entry-meta-item penci-post-countview penci_post-meta_item\"><i class=\"fa fa-eye\"\/><span class=\"penci-post-countview-number penci-post-countview-p441755\">23<\/span><\/span><\/span>\t\t\t\t\t\t\t\t<\/p>\n<p><!-- .entry-meta --><br \/>\n\t\t\t\t\t\t\t\t<span class=\"penci-social-buttons penci-social-share-footer\"><span class=\"penci-social-share-text\">Compartilhar<\/span><a href=\"#\" class=\"penci-post-like penci_post-meta_item  liked single-like-button penci-social-item like\" data-post_id=\"441755\" title=\"Unlike\" data-like=\"Like\" data-unlike=\"Unlike\"><i class=\"fa fa-thumbs-o-up\"\/><span class=\"penci-share-number\">2<\/span><\/a><i class=\"fa fa-facebook\"\/><a class=\"penci-social-item twitter\" target=\"_blank\" rel=\"noopener\" title=\"\" href=\"https:\/\/twitter.com\/intent\/tweet?text=BAEP%20apreende%20300%20kg%20de%20coca\u00edna%20-%20https:\/\/www.tribunaribeirao.com.br\/baep-apreende-300-kg-de-cocaina\/\"><i class=\"fa fa-twitter\"\/><\/a><i class=\"fa fa-linkedin\"\/><i class=\"fa fa-whatsapp\"\/><i class=\"fa fa-telegram\"\/><i class=\"fa fa-envelope\"\/><\/span>\t\t\t\t\t\t\t<\/div>\n<div>\n<p>Por: Adalberto Luque<\/p>\n<p>Uma carga de drogas avaliada em R$ 21 milh\u00f5es foi apreendida nesta segunda-feira (6). A droga foi localizada por equipes do Batalh\u00e3o de A\u00e7\u00f5es Especiais de Pol\u00edcia (BAEP), Canil de A\u00e7\u00f5es Especiais de Pol\u00edcia (CAEP) e 2\u00ba Pelot\u00e3o da PM em Ribeir\u00e3o Preto.<\/p>\n<p>Os policiais realizaram uma a\u00e7\u00e3o de combate ao tr\u00e1fico de drogas e encontraram 300 tijolos de pasta base de coca\u00edna ap\u00f3s receberem informa\u00e7\u00f5es de que um ve\u00edculo Fiat Fiorino branco, suspeito de envolvimento em furtos, estaria circulando na regi\u00e3o do Jardim J\u00f3quei Clube, na zona Norte da cidade.<\/p>\n<p>Durante as buscas, o ve\u00edculo foi avistado na avenida Orestes Lopes de Camargo, na regi\u00e3o informada. O condutor tentou fugir para evitar a abordagem, mas acabou sendo interceptado.<\/p>\n<p>O motorista n\u00e3o soube informar o que havia no compartimento de carga do ve\u00edculo mas, ap\u00f3s ser aberto, os policiais militares encontraram a carga valiosa e il\u00edcita. O homem foi conduzido para a Central de Pol\u00edcia Judici\u00e1ria (CPJ), para onde a carga apreendida tamb\u00e9m foi levada.<\/p>\n<p>Ele foi preso em flagrante e encaminhado para uma unidade prisional. Vai ficar \u00e0 disposi\u00e7\u00e3o da Justi\u00e7a para responder por tr\u00e1fico de drogas.<\/p>\n<p>As investiga\u00e7\u00f5es ser\u00e3o conduzidas pela Delegacia de Investiga\u00e7\u00f5es Sobre Entorpecentes da Divis\u00e3o Especializada de Investiga\u00e7\u00f5es Criminais (DISE\/DEIC). De acordo com a PM, a apreens\u00e3o representa um duro golpe contra o tr\u00e1fico de drogas na regi\u00e3o e refor\u00e7a o trabalho no combate \u00e0 criminalidade.<\/p>\n<p><!-- CONTENT END 3 -->\n<\/div>\n<p><script async src=\"\/\/platform.twitter.com\/widgets.js\" charset=\"utf-8\"><\/script><br \/>\n<br \/><br \/>\n<br \/><a href=\"https:\/\/www.tribunaribeirao.com.br\/baep-apreende-300-kg-de-cocaina\/\">Source link <\/a><\/p>\n","protected":false},"excerpt":{"rendered":"<p>Tijolos de pasta base, avaliados em R$ 21 milh\u00f5es, foram localizados em ve\u00edculo suspeito de envolvimento em furto 7 de outubro de 2025 09:5923 Compartilhar2&#8230;<\/p>\n","protected":false},"author":1,"featured_media":78226,"comment_status":"open","ping_status":"open","sticky":false,"template":"","format":"standard","meta":{"advanced_seo_description":"","jetpack_seo_html_title":"","jetpack_seo_noindex":false,"jetpack_post_was_ever_published":false,"_jetpack_newsletter_access":"","_jetpack_dont_email_post_to_subs":false,"_jetpack_newsletter_tier_id":0,"_jetpack_memberships_contains_paywalled_content":false,"_jetpack_memberships_contains_paid_content":false,"footnotes":"","jetpack_publicize_message":"","jetpack_publicize_feature_enabled":true,"jetpack_social_post_already_shared":true,"jetpack_social_options":{"image_generator_settings":{"template":"highway","default_image_id":0,"font":"","enabled":false},"version":2}},"categories":[11],"tags":[],"class_list":["post-78225","post","type-post","status-publish","format-standard","has-post-thumbnail","hentry","category-noticias-de-ribeirao-preto-sp-e-regiao-ismael-colosi"],"jetpack_publicize_connections":[],"jetpack_featured_media_url":"https:\/\/i0.wp.com\/noticiasribeiraopreto.com.br\/wp-content\/uploads\/2025\/10\/07-out-2025-apreensaobaep-scaled.png?fit=1040%2C780&ssl=1","jetpack-related-posts":[{"id":75001,"url":"https:\/\/noticiasribeiraopreto.com.br\/index.php\/2025\/08\/01\/roubos-avancam-em-junho-ante-maio\/","url_meta":{"origin":78225,"position":0},"title":"Roubos avan\u00e7am em junho ante maio","author":"noticiasribeiraopreto.com.br","date":"1 de August de 2025","format":false,"excerpt":"A Secretaria de Seguran\u00e7a P\u00fablica do Estado de S\u00e3o Paulo (SSP\/SP) divulgou os resultados das \u201cEstat\u00edsticas da Criminalidade\u201d. Em Ribeir\u00e3o Preto, todos os crimes contra o patrim\u00f4nio registraram queda \u2013 furtos e roubos em geral e furtos e roubos de ve\u00edculos \u2013 no primeiro semestre deste ano em rela\u00e7\u00e3o ao\u2026","rel":"","context":"In &quot;Not\u00edcias de Ribeir\u00e3o Preto-SP e Regi\u00e3o&quot;","block_context":{"text":"Not\u00edcias de Ribeir\u00e3o Preto-SP e Regi\u00e3o","link":"https:\/\/noticiasribeiraopreto.com.br\/index.php\/category\/noticias-de-ribeirao-preto-sp-e-regiao-ismael-colosi\/"},"img":{"alt_text":"","src":"https:\/\/i0.wp.com\/noticiasribeiraopreto.com.br\/wp-content\/uploads\/2025\/08\/CrimeRP-Pixabay-scaled.jpg?fit=1170%2C780&ssl=1&resize=350%2C200","width":350,"height":200,"srcset":"https:\/\/i0.wp.com\/noticiasribeiraopreto.com.br\/wp-content\/uploads\/2025\/08\/CrimeRP-Pixabay-scaled.jpg?fit=1170%2C780&ssl=1&resize=350%2C200 1x, https:\/\/i0.wp.com\/noticiasribeiraopreto.com.br\/wp-content\/uploads\/2025\/08\/CrimeRP-Pixabay-scaled.jpg?fit=1170%2C780&ssl=1&resize=525%2C300 1.5x, https:\/\/i0.wp.com\/noticiasribeiraopreto.com.br\/wp-content\/uploads\/2025\/08\/CrimeRP-Pixabay-scaled.jpg?fit=1170%2C780&ssl=1&resize=700%2C400 2x, https:\/\/i0.wp.com\/noticiasribeiraopreto.com.br\/wp-content\/uploads\/2025\/08\/CrimeRP-Pixabay-scaled.jpg?fit=1170%2C780&ssl=1&resize=1050%2C600 3x"},"classes":[]},{"id":73990,"url":"https:\/\/noticiasribeiraopreto.com.br\/index.php\/2025\/07\/14\/ataques-de-escorpiao-avancam-no-ano-2\/","url_meta":{"origin":78225,"position":1},"title":"Ataques de escorpi\u00e3o avan\u00e7am no ano","author":"noticiasribeiraopreto.com.br","date":"14 de July de 2025","format":false,"excerpt":"Ribeir\u00e3o Preto j\u00e1 soma 888 ataques de escorpi\u00e3o em cinco meses deste ano, m\u00e9dia de um caso a cada quatro horas, segundo dados do painel da Secretaria Municipal da Sa\u00fade. Em compara\u00e7\u00e3o com os 668 do mesmo per\u00edodo de 2024, s\u00e3o 220 a mais e crescimento de 32,93%. Recuou na\u2026","rel":"","context":"In &quot;Not\u00edcias de Ribeir\u00e3o Preto-SP e Regi\u00e3o&quot;","block_context":{"text":"Not\u00edcias de Ribeir\u00e3o Preto-SP e Regi\u00e3o","link":"https:\/\/noticiasribeiraopreto.com.br\/index.php\/category\/noticias-de-ribeirao-preto-sp-e-regiao-ismael-colosi\/"},"img":{"alt_text":"","src":"https:\/\/i0.wp.com\/noticiasribeiraopreto.com.br\/wp-content\/uploads\/2025\/07\/Escorpiao-Redes-sociais-Reproducao-scaled.jpeg?fit=756%2C500&ssl=1&resize=350%2C200","width":350,"height":200,"srcset":"https:\/\/i0.wp.com\/noticiasribeiraopreto.com.br\/wp-content\/uploads\/2025\/07\/Escorpiao-Redes-sociais-Reproducao-scaled.jpeg?fit=756%2C500&ssl=1&resize=350%2C200 1x, https:\/\/i0.wp.com\/noticiasribeiraopreto.com.br\/wp-content\/uploads\/2025\/07\/Escorpiao-Redes-sociais-Reproducao-scaled.jpeg?fit=756%2C500&ssl=1&resize=525%2C300 1.5x, https:\/\/i0.wp.com\/noticiasribeiraopreto.com.br\/wp-content\/uploads\/2025\/07\/Escorpiao-Redes-sociais-Reproducao-scaled.jpeg?fit=756%2C500&ssl=1&resize=700%2C400 2x"},"classes":[]},{"id":69227,"url":"https:\/\/noticiasribeiraopreto.com.br\/index.php\/2025\/05\/03\/ataques-de-escorpiao-avancam-em-2025\/","url_meta":{"origin":78225,"position":2},"title":"Ataques de escorpi\u00e3o avan\u00e7am em 2025 \u00a0","author":"noticiasribeiraopreto.com.br","date":"3 de May de 2025","format":false,"excerpt":"3 de maio de 2025 16:303 de maio de 2025 09:068 Compartilhar0 Ribeir\u00e3o Preto j\u00e1 soma 534 ataques de escorpi\u00e3o em tr\u00eas meses deste ano, m\u00e9dia de um caso a cada quatro horas, segundo dados do painel da Secretaria Municipal da Sa\u00fade. Em compara\u00e7\u00e3o com os 397 do primeiro trimestre\u2026","rel":"","context":"In &quot;Not\u00edcias de Ribeir\u00e3o Preto-SP e Regi\u00e3o&quot;","block_context":{"text":"Not\u00edcias de Ribeir\u00e3o Preto-SP e Regi\u00e3o","link":"https:\/\/noticiasribeiraopreto.com.br\/index.php\/category\/noticias-de-ribeirao-preto-sp-e-regiao-ismael-colosi\/"},"img":{"alt_text":"","src":"https:\/\/i0.wp.com\/noticiasribeiraopreto.com.br\/wp-content\/uploads\/2025\/05\/Escorpiao-Redes-sociais-Reproducao-2.jpg?fit=1200%2C800&ssl=1&resize=350%2C200","width":350,"height":200,"srcset":"https:\/\/i0.wp.com\/noticiasribeiraopreto.com.br\/wp-content\/uploads\/2025\/05\/Escorpiao-Redes-sociais-Reproducao-2.jpg?fit=1200%2C800&ssl=1&resize=350%2C200 1x, https:\/\/i0.wp.com\/noticiasribeiraopreto.com.br\/wp-content\/uploads\/2025\/05\/Escorpiao-Redes-sociais-Reproducao-2.jpg?fit=1200%2C800&ssl=1&resize=525%2C300 1.5x, https:\/\/i0.wp.com\/noticiasribeiraopreto.com.br\/wp-content\/uploads\/2025\/05\/Escorpiao-Redes-sociais-Reproducao-2.jpg?fit=1200%2C800&ssl=1&resize=700%2C400 2x, https:\/\/i0.wp.com\/noticiasribeiraopreto.com.br\/wp-content\/uploads\/2025\/05\/Escorpiao-Redes-sociais-Reproducao-2.jpg?fit=1200%2C800&ssl=1&resize=1050%2C600 3x"},"classes":[]},{"id":46478,"url":"https:\/\/noticiasribeiraopreto.com.br\/index.php\/2024\/04\/11\/vaga-para-tecnico-de-controle-de-qualidade-em-ribeirao-preto\/","url_meta":{"origin":78225,"position":3},"title":"Vaga para T\u00e9cnico de Controle de Qualidade em Ribeir\u00e3o Preto","author":"noticiasribeiraopreto.com.br","date":"11 de April de 2024","format":false,"excerpt":"Vaga para T\u00e9cnico de Controle de Qualidade em Ribeir\u00e3o Preto 1 vaga para Supervisor de Produ\u00e7\u00e3o em Ribeir\u00e3o Preto - SPh\u00e1 4 horas 1 vaga para Auxiliar de Produ\u00e7\u00e3o - PCD em Ribeir\u00e3o Preto - SPh\u00e1 4 horas Vaga para Analista de Departamento Pessoal em Ribeir\u00e3o Pretoh\u00e1 5 horas Vaga\u2026","rel":"","context":"In &quot;Vagas de Emprego em Ribeir\u00e3o Preto-SP&quot;","block_context":{"text":"Vagas de Emprego em Ribeir\u00e3o Preto-SP","link":"https:\/\/noticiasribeiraopreto.com.br\/index.php\/category\/empregos-classificados-vagas-trabalho\/vagas-de-empregos-em-ribeirao-preto-regiao-brasil\/"},"img":{"alt_text":"","src":"","width":0,"height":0},"classes":[]},{"id":82438,"url":"https:\/\/noticiasribeiraopreto.com.br\/index.php\/2026\/02\/14\/rp-fecha-janeiro-com-199-ataques\/","url_meta":{"origin":78225,"position":4},"title":"RP fecha janeiro com 199 ataques","author":"noticiasribeiraopreto.com.br","date":"14 de February de 2026","format":false,"excerpt":"Ribeir\u00e3o Preto encerrou 2025 com 1.998 ataques de escorpi\u00e3o, m\u00e9dia de um caso a cada quatro horas e meia, segundo dados do painel da Secretaria Municipal da Sa\u00fade. O n\u00famero \u00e9 33,02% superior as 1.502 ocorr\u00eancias de 2024. S\u00e3o 496 a mais. Em janeiro deste ano foram 199 ataques, 52\u2026","rel":"","context":"In &quot;Not\u00edcias de Ribeir\u00e3o Preto-SP e Regi\u00e3o&quot;","block_context":{"text":"Not\u00edcias de Ribeir\u00e3o Preto-SP e Regi\u00e3o","link":"https:\/\/noticiasribeiraopreto.com.br\/index.php\/category\/noticias-de-ribeirao-preto-sp-e-regiao-ismael-colosi\/"},"img":{"alt_text":"","src":"https:\/\/i0.wp.com\/noticiasribeiraopreto.com.br\/wp-content\/uploads\/2026\/02\/Escorpiao-Getty-Images-scaled.jpg?fit=1192%2C780&ssl=1&resize=350%2C200","width":350,"height":200,"srcset":"https:\/\/i0.wp.com\/noticiasribeiraopreto.com.br\/wp-content\/uploads\/2026\/02\/Escorpiao-Getty-Images-scaled.jpg?fit=1192%2C780&ssl=1&resize=350%2C200 1x, https:\/\/i0.wp.com\/noticiasribeiraopreto.com.br\/wp-content\/uploads\/2026\/02\/Escorpiao-Getty-Images-scaled.jpg?fit=1192%2C780&ssl=1&resize=525%2C300 1.5x, https:\/\/i0.wp.com\/noticiasribeiraopreto.com.br\/wp-content\/uploads\/2026\/02\/Escorpiao-Getty-Images-scaled.jpg?fit=1192%2C780&ssl=1&resize=700%2C400 2x, https:\/\/i0.wp.com\/noticiasribeiraopreto.com.br\/wp-content\/uploads\/2026\/02\/Escorpiao-Getty-Images-scaled.jpg?fit=1192%2C780&ssl=1&resize=1050%2C600 3x"},"classes":[]},{"id":37494,"url":"https:\/\/noticiasribeiraopreto.com.br\/index.php\/2024\/02\/16\/covid-19-volta-a-preocupar-rp\/","url_meta":{"origin":78225,"position":5},"title":"Covid-19 volta a preocupar RP\u00a0","author":"noticiasribeiraopreto.com.br","date":"16 de February de 2024","format":false,"excerpt":"16 de fevereiro de 2024 | 15:0016 de fevereiro de 2024 | 8:26 0Segundo o painel da Secretaria Municipal da Sa\u00fade, Ribeir\u00e3o Preto registrou mais tr\u00eas mortes por covid-19 em cerca de um m\u00eas, na passagem de dezembro para janeiro. A plataforma contabiliza dados at\u00e9 o m\u00eas anterior ao vigente.\u2026","rel":"","context":"In &quot;Not\u00edcias de Ribeir\u00e3o Preto-SP e Regi\u00e3o&quot;","block_context":{"text":"Not\u00edcias de Ribeir\u00e3o Preto-SP e Regi\u00e3o","link":"https:\/\/noticiasribeiraopreto.com.br\/index.php\/category\/noticias-de-ribeirao-preto-sp-e-regiao-ismael-colosi\/"},"img":{"alt_text":"","src":"https:\/\/i0.wp.com\/noticiasribeiraopreto.com.br\/wp-content\/uploads\/2024\/02\/ChinaVIR-Mor-Alfredo-Risk-scaled.jpg?fit=1000%2C563&ssl=1&resize=350%2C200","width":350,"height":200,"srcset":"https:\/\/i0.wp.com\/noticiasribeiraopreto.com.br\/wp-content\/uploads\/2024\/02\/ChinaVIR-Mor-Alfredo-Risk-scaled.jpg?fit=1000%2C563&ssl=1&resize=350%2C200 1x, https:\/\/i0.wp.com\/noticiasribeiraopreto.com.br\/wp-content\/uploads\/2024\/02\/ChinaVIR-Mor-Alfredo-Risk-scaled.jpg?fit=1000%2C563&ssl=1&resize=525%2C300 1.5x, https:\/\/i0.wp.com\/noticiasribeiraopreto.com.br\/wp-content\/uploads\/2024\/02\/ChinaVIR-Mor-Alfredo-Risk-scaled.jpg?fit=1000%2C563&ssl=1&resize=700%2C400 2x"},"classes":[]}],"jetpack_sharing_enabled":true,"jetpack_shortlink":"https:\/\/wp.me\/peQAOb-klH","_links":{"self":[{"href":"https:\/\/noticiasribeiraopreto.com.br\/index.php\/wp-json\/wp\/v2\/posts\/78225","targetHints":{"allow":["GET"]}}],"collection":[{"href":"https:\/\/noticiasribeiraopreto.com.br\/index.php\/wp-json\/wp\/v2\/posts"}],"about":[{"href":"https:\/\/noticiasribeiraopreto.com.br\/index.php\/wp-json\/wp\/v2\/types\/post"}],"author":[{"embeddable":true,"href":"https:\/\/noticiasribeiraopreto.com.br\/index.php\/wp-json\/wp\/v2\/users\/1"}],"replies":[{"embeddable":true,"href":"https:\/\/noticiasribeiraopreto.com.br\/index.php\/wp-json\/wp\/v2\/comments?post=78225"}],"version-history":[{"count":0,"href":"https:\/\/noticiasribeiraopreto.com.br\/index.php\/wp-json\/wp\/v2\/posts\/78225\/revisions"}],"wp:featuredmedia":[{"embeddable":true,"href":"https:\/\/noticiasribeiraopreto.com.br\/index.php\/wp-json\/wp\/v2\/media\/78226"}],"wp:attachment":[{"href":"https:\/\/noticiasribeiraopreto.com.br\/index.php\/wp-json\/wp\/v2\/media?parent=78225"}],"wp:term":[{"taxonomy":"category","embeddable":true,"href":"https:\/\/noticiasribeiraopreto.com.br\/index.php\/wp-json\/wp\/v2\/categories?post=78225"},{"taxonomy":"post_tag","embeddable":true,"href":"https:\/\/noticiasribeiraopreto.com.br\/index.php\/wp-json\/wp\/v2\/tags?post=78225"}],"curies":[{"name":"wp","href":"https:\/\/api.w.org\/{rel}","templated":true}]}}