{"id":78227,"date":"2025-10-07T12:34:41","date_gmt":"2025-10-07T15:34:41","guid":{"rendered":"https:\/\/noticiasribeiraopreto.com.br\/index.php\/2025\/10\/07\/botafogo-celebra-107-anos-com-festa-beneficente-entrada-e-gratuita\/"},"modified":"2025-10-07T12:34:41","modified_gmt":"2025-10-07T15:34:41","slug":"botafogo-celebra-107-anos-com-festa-beneficente-entrada-e-gratuita","status":"publish","type":"post","link":"https:\/\/noticiasribeiraopreto.com.br\/index.php\/2025\/10\/07\/botafogo-celebra-107-anos-com-festa-beneficente-entrada-e-gratuita\/","title":{"rendered":"Botafogo celebra 107 anos com festa beneficente; entrada \u00e9 gratuita"},"content":{"rendered":"<div class='code-block code-block-1' style='margin: 8px 0 8px auto; text-align: right; display: block; clear: both;'>\n<p><a href=\"https:\/\/wa.link\/vpicfd\"><img data-recalc-dims=\"1\" class=\"wp-image-4922\" style=\"aspect-ratio: 2.0253164556962027; width: 561px; height: auto;\" src=\"https:\/\/i0.wp.com\/ismaelcolosi.com.br\/wp-content\/uploads\/2023\/11\/grupo-de-empregos-whatsapp-e-facebook-ismael-colosi-vagas.jpg?ssl=1\" alt=\"\" \/><\/a><\/p>\n<!-- \/wp:image -->\n<\/div>\n<p> <br \/>\n<\/p>\n<div data-td-block-uid=\"tdi_95\">\n<div class=\"tdb-block-inner td-fix-index\">\n<p>O <strong>Botafogo<\/strong> celebra <strong>107 anos<\/strong> de hist\u00f3ria com uma festa beneficente no <strong>s\u00e1bado (11)<\/strong>, a partir das <strong>17h<\/strong>, em frente aos campos da escola de futebol, na zona <strong>Leste<\/strong> de <strong>Ribeir\u00e3o Preto<\/strong>.<\/p>\n<p>A programa\u00e7\u00e3o <strong>gratuita<\/strong> oferecer\u00e1 m\u00fasica ao vivo com as apresenta\u00e7\u00f5es de <strong>Doni Max<\/strong> e <strong>DJ Menor<\/strong>, barracas de comidas e bebidas, al\u00e9m de arrecada\u00e7\u00e3o de verbas para institui\u00e7\u00f5es beneficentes.<\/p>\n<p>Entre as entidades confirmadas, est\u00e3o: <strong>Abraccia, Adevirp, Amigo C\u00e3ociente, Associa\u00e7\u00e3o Vida Animal e Lar Padre Euclides<\/strong>.<\/p>\n<p>A presen\u00e7a das organiza\u00e7\u00f5es parceiras permitir\u00e1 que os torcedores presentes contribuam de maneira direta com causas relevantes, ao mesmo tempo em que celebram a trajet\u00f3ria do clube.<\/p>\n<p>Os campos da escola de futebol do <strong>Botafogo<\/strong> fica localizada na <strong>avenida Sebasti\u00e3o Venturi, 7, no Bairro Ribeir\u00e2nia<\/strong>.<\/p>\n<h2 class=\"wp-block-heading\"><strong>BFC 107 anos<\/strong><\/h2>\n<p><strong>Quando: <\/strong>11 de outubro, s\u00e1bado <br \/><strong>Hor\u00e1rio:<\/strong> A partir das 17h <br \/><strong>Local:<\/strong> Campos da escola de futebol | avenida Sebasti\u00e3o Venturi, 7 \u2013 Ribeir\u00e2nia <br \/><strong>Entrada gratuita<\/strong> <\/p>\n<p>SAIBA MAIS<br \/>Construtora oferece 75 vagas de emprego em obras de Ribeir\u00e3o Preto<\/p>\n<h2 class=\"wp-block-heading\"><strong>FIQUE ON<\/strong><\/h2>\n<p>Fique ligado em tudo que acontece em Ribeir\u00e3o Preto e regi\u00e3o. Siga os perfis do\u00a0<strong>acidade on<\/strong>\u00a0no<a href=\"https:\/\/www.instagram.com\/acidadeonribeirao\" target=\"_blank\" rel=\"noreferrer noopener\">\u00a0Instagram\u00a0<\/a>e no\u00a0<a href=\"https:\/\/www.facebook.com\/acidadeonribeirao\/\" target=\"_blank\" rel=\"noreferrer noopener\">Facebook<\/a>.<\/p>\n<p>Receba not\u00edcias do<strong>\u00a0acidade on<\/strong>\u00a0no WhatsApp. Para entrar no grupo,\u00a0basta\u00a0<a href=\"https:\/\/chat.whatsapp.com\/I4nieTEMKlf50pJ28aMemC?mode=ac_t\" target=\"_blank\" rel=\"noreferrer noopener\">clicar aqui<\/a>. Ou, acesse o nosso\u00a0Canal\u00a0<a href=\"https:\/\/whatsapp.com\/channel\/0029Vb6IQl1JENyAeS57fk2p\" target=\"_blank\" rel=\"noreferrer noopener\">clicando aqui<\/a>.<\/p>\n<p>Fa\u00e7a uma den\u00fancia ou sugira uma reportagem sobre Ribeir\u00e3o Preto e regi\u00e3o pelo WhatsApp: 16 99117 7802.<\/p>\n<p>VEJA TAMB\u00c9M<br \/>O que Taylor Swift falou sobre Charli XCX em \u2018The Life of a Showgirl\u2019?<\/p>\n<p><!-- AI CONTENT END 1 -->\n<\/div>\n<\/div>\n<p><script async src=\"\/\/www.instagram.com\/embed.js\"><\/script><br \/>\n<br \/><br \/>\n<br \/><a href=\"https:\/\/www.acidadeon.com\/ribeiraopreto\/esportes\/botafogo-celebra-107-anos-com-festa-beneficente-entrada-e-gratuita\/\">Source link <\/a><\/p>\n<!-- CONTENT END 1 -->\n","protected":false},"excerpt":{"rendered":"<p>O Botafogo celebra 107 anos de hist\u00f3ria com uma festa beneficente no s\u00e1bado (11), a partir das 17h, em frente aos campos da escola de&#8230;<\/p>\n","protected":false},"author":1,"featured_media":78228,"comment_status":"open","ping_status":"open","sticky":false,"template":"","format":"standard","meta":{"advanced_seo_description":"","jetpack_seo_html_title":"","jetpack_seo_noindex":false,"jetpack_post_was_ever_published":false,"_jetpack_newsletter_access":"","_jetpack_dont_email_post_to_subs":false,"_jetpack_newsletter_tier_id":0,"_jetpack_memberships_contains_paywalled_content":false,"_jetpack_memberships_contains_paid_content":false,"footnotes":"","jetpack_publicize_message":"","jetpack_publicize_feature_enabled":true,"jetpack_social_post_already_shared":true,"jetpack_social_options":{"image_generator_settings":{"template":"highway","default_image_id":0,"font":"","enabled":false},"version":2}},"categories":[11],"tags":[],"class_list":["post-78227","post","type-post","status-publish","format-standard","has-post-thumbnail","hentry","category-noticias-de-ribeirao-preto-sp-e-regiao-ismael-colosi"],"jetpack_publicize_connections":[],"jetpack_featured_media_url":"https:\/\/i0.wp.com\/noticiasribeiraopreto.com.br\/wp-content\/uploads\/2025\/10\/botafogo-aniversario_2025-10-07_12-42-55.webp.webp?fit=1200%2C675&ssl=1","jetpack-related-posts":[{"id":78486,"url":"https:\/\/noticiasribeiraopreto.com.br\/index.php\/2025\/10\/11\/franca-basquete-chega-ao-17o-titulo-e-se-consagra-como-maior-campeao-paulista\/","url_meta":{"origin":78227,"position":0},"title":"Franca Basquete chega ao 17\u00ba t\u00edtulo e se consagra como maior campe\u00e3o paulista","author":"noticiasribeiraopreto.com.br","date":"11 de October de 2025","format":false,"excerpt":"O Sesi Franca Basquete venceu o Mogi nesta sexta-feira (10), no gin\u00e1sio Pedroc\u00e3o, e conquistou seu 17\u00ba t\u00edtulo do Campeonato Paulista. O placar do jogo foi de 97 a 68 \u2013 fechando a s\u00e9rie em 3\u00d70. Com o t\u00edtulo, o Franca se consolidou como o maior vencedor da competi\u00e7\u00e3o. O\u2026","rel":"","context":"In &quot;Not\u00edcias de Ribeir\u00e3o Preto-SP e Regi\u00e3o&quot;","block_context":{"text":"Not\u00edcias de Ribeir\u00e3o Preto-SP e Regi\u00e3o","link":"https:\/\/noticiasribeiraopreto.com.br\/index.php\/category\/noticias-de-ribeirao-preto-sp-e-regiao-ismael-colosi\/"},"img":{"alt_text":"","src":"https:\/\/i0.wp.com\/noticiasribeiraopreto.com.br\/wp-content\/uploads\/2025\/10\/FRANCA_2025-10-11_16-30-47.webp.webp?fit=1200%2C775&ssl=1&resize=350%2C200","width":350,"height":200,"srcset":"https:\/\/i0.wp.com\/noticiasribeiraopreto.com.br\/wp-content\/uploads\/2025\/10\/FRANCA_2025-10-11_16-30-47.webp.webp?fit=1200%2C775&ssl=1&resize=350%2C200 1x, https:\/\/i0.wp.com\/noticiasribeiraopreto.com.br\/wp-content\/uploads\/2025\/10\/FRANCA_2025-10-11_16-30-47.webp.webp?fit=1200%2C775&ssl=1&resize=525%2C300 1.5x, https:\/\/i0.wp.com\/noticiasribeiraopreto.com.br\/wp-content\/uploads\/2025\/10\/FRANCA_2025-10-11_16-30-47.webp.webp?fit=1200%2C775&ssl=1&resize=700%2C400 2x, https:\/\/i0.wp.com\/noticiasribeiraopreto.com.br\/wp-content\/uploads\/2025\/10\/FRANCA_2025-10-11_16-30-47.webp.webp?fit=1200%2C775&ssl=1&resize=1050%2C600 3x"},"classes":[]},{"id":78437,"url":"https:\/\/noticiasribeiraopreto.com.br\/index.php\/2025\/10\/10\/dia-das-criancas-museu-do-videogame-e-musica-veja-onde-curtir-o-fim-de-semana-em-ribeirao-preto\/","url_meta":{"origin":78227,"position":1},"title":"Dia das Crian\u00e7as, museu do videogame e m\u00fasica: veja onde curtir o fim de semana em Ribeir\u00e3o Preto","author":"noticiasribeiraopreto.com.br","date":"10 de October de 2025","format":false,"excerpt":"O fim de semana come\u00e7ou e o acidade on listou os destaques da programa\u00e7\u00e3o em Ribeir\u00e3o Preto. Entre as op\u00e7\u00f5es est\u00e3o a 54\u00aa Romaria de Nossa Senhora Aparecida, programa\u00e7\u00e3o especial para crian\u00e7ada se divertir e m\u00fasica no Festival Repique. 54\u00aa Romaria de Nossa Senhora Aparecida Os fi\u00e9is de Ribeir\u00e3o Preto\u2026","rel":"","context":"In &quot;Not\u00edcias de Ribeir\u00e3o Preto-SP e Regi\u00e3o&quot;","block_context":{"text":"Not\u00edcias de Ribeir\u00e3o Preto-SP e Regi\u00e3o","link":"https:\/\/noticiasribeiraopreto.com.br\/index.php\/category\/noticias-de-ribeirao-preto-sp-e-regiao-ismael-colosi\/"},"img":{"alt_text":"","src":"https:\/\/i0.wp.com\/noticiasribeiraopreto.com.br\/wp-content\/uploads\/2025\/10\/Copia-de-Copia-de-Copia-de-TAMANHO-EXATO-PARA-FOTOS-NO-SISTEMA-NOVO_2025-10-10_16-32-22.webp.webp?fit=1200%2C675&ssl=1&resize=350%2C200","width":350,"height":200,"srcset":"https:\/\/i0.wp.com\/noticiasribeiraopreto.com.br\/wp-content\/uploads\/2025\/10\/Copia-de-Copia-de-Copia-de-TAMANHO-EXATO-PARA-FOTOS-NO-SISTEMA-NOVO_2025-10-10_16-32-22.webp.webp?fit=1200%2C675&ssl=1&resize=350%2C200 1x, https:\/\/i0.wp.com\/noticiasribeiraopreto.com.br\/wp-content\/uploads\/2025\/10\/Copia-de-Copia-de-Copia-de-TAMANHO-EXATO-PARA-FOTOS-NO-SISTEMA-NOVO_2025-10-10_16-32-22.webp.webp?fit=1200%2C675&ssl=1&resize=525%2C300 1.5x, https:\/\/i0.wp.com\/noticiasribeiraopreto.com.br\/wp-content\/uploads\/2025\/10\/Copia-de-Copia-de-Copia-de-TAMANHO-EXATO-PARA-FOTOS-NO-SISTEMA-NOVO_2025-10-10_16-32-22.webp.webp?fit=1200%2C675&ssl=1&resize=700%2C400 2x, https:\/\/i0.wp.com\/noticiasribeiraopreto.com.br\/wp-content\/uploads\/2025\/10\/Copia-de-Copia-de-Copia-de-TAMANHO-EXATO-PARA-FOTOS-NO-SISTEMA-NOVO_2025-10-10_16-32-22.webp.webp?fit=1200%2C675&ssl=1&resize=1050%2C600 3x"},"classes":[]},{"id":70294,"url":"https:\/\/noticiasribeiraopreto.com.br\/index.php\/2025\/05\/24\/quermesse-da-catedral-de-ribeirao-tem-entrada-gratuita-comidas-tipicas-e-bingo-beneficente\/","url_meta":{"origin":78227,"position":2},"title":"Quermesse da Catedral de Ribeir\u00e3o tem entrada gratuita, comidas t\u00edpicas e bingo beneficente","author":"noticiasribeiraopreto.com.br","date":"24 de May de 2025","format":false,"excerpt":"A tradicional quermesse da Catedral Metropolitana de Ribeir\u00e3o Preto acontece neste fim de semana entre os dias 24 e 25 de maio, e promete reunir divers\u00e3o, cultura e solidariedade no Centro. Todas as quermesses de Ribeir\u00e3o Preto e regi\u00e3o voc\u00ea acompanha no Rota do Arrai\u00e1 (clique aqui). O que vai\u2026","rel":"","context":"In &quot;Not\u00edcias de Ribeir\u00e3o Preto-SP e Regi\u00e3o&quot;","block_context":{"text":"Not\u00edcias de Ribeir\u00e3o Preto-SP e Regi\u00e3o","link":"https:\/\/noticiasribeiraopreto.com.br\/index.php\/category\/noticias-de-ribeirao-preto-sp-e-regiao-ismael-colosi\/"},"img":{"alt_text":"","src":"https:\/\/i0.wp.com\/noticiasribeiraopreto.com.br\/wp-content\/uploads\/2025\/05\/catedral-ribeirao-preto_2025-05-24_16-57-04.webp.webp?fit=1200%2C800&ssl=1&resize=350%2C200","width":350,"height":200,"srcset":"https:\/\/i0.wp.com\/noticiasribeiraopreto.com.br\/wp-content\/uploads\/2025\/05\/catedral-ribeirao-preto_2025-05-24_16-57-04.webp.webp?fit=1200%2C800&ssl=1&resize=350%2C200 1x, https:\/\/i0.wp.com\/noticiasribeiraopreto.com.br\/wp-content\/uploads\/2025\/05\/catedral-ribeirao-preto_2025-05-24_16-57-04.webp.webp?fit=1200%2C800&ssl=1&resize=525%2C300 1.5x, https:\/\/i0.wp.com\/noticiasribeiraopreto.com.br\/wp-content\/uploads\/2025\/05\/catedral-ribeirao-preto_2025-05-24_16-57-04.webp.webp?fit=1200%2C800&ssl=1&resize=700%2C400 2x, https:\/\/i0.wp.com\/noticiasribeiraopreto.com.br\/wp-content\/uploads\/2025\/05\/catedral-ribeirao-preto_2025-05-24_16-57-04.webp.webp?fit=1200%2C800&ssl=1&resize=1050%2C600 3x"},"classes":[]},{"id":14982,"url":"https:\/\/noticiasribeiraopreto.com.br\/index.php\/2023\/12\/12\/botafogo-e-campeao-do-brasileirao-interclubes-no-sub-16\/","url_meta":{"origin":78227,"position":3},"title":"Botafogo \u00e9 campe\u00e3o do Brasileir\u00e3o Interclubes no Sub-16","author":"noticiasribeiraopreto.com.br","date":"12 de December de 2023","format":false,"excerpt":"12 de dezembro de 2023 | 17:13 0A equipe Sub-16 da Escola de Futebol Profissional do Botafogo conquistou o t\u00edtulo do Brasileir\u00e3o Interclubes da categoria Sub-16 no \u00faltimo final de semana. O advers\u00e1rio da final foi o EF7, de Sert\u00e3ozinho-SP, e o triunfo veio nos p\u00eanaltis, ap\u00f3s um eletrizante 2\u2026","rel":"","context":"In &quot;Not\u00edcias de Ribeir\u00e3o Preto-SP e Regi\u00e3o&quot;","block_context":{"text":"Not\u00edcias de Ribeir\u00e3o Preto-SP e Regi\u00e3o","link":"https:\/\/noticiasribeiraopreto.com.br\/index.php\/category\/noticias-de-ribeirao-preto-sp-e-regiao-ismael-colosi\/"},"img":{"alt_text":"","src":"https:\/\/i0.wp.com\/noticiasribeiraopreto.com.br\/wp-content\/uploads\/2023\/12\/botafogo-1-scaled.jpg?fit=967%2C645&ssl=1&resize=350%2C200","width":350,"height":200,"srcset":"https:\/\/i0.wp.com\/noticiasribeiraopreto.com.br\/wp-content\/uploads\/2023\/12\/botafogo-1-scaled.jpg?fit=967%2C645&ssl=1&resize=350%2C200 1x, https:\/\/i0.wp.com\/noticiasribeiraopreto.com.br\/wp-content\/uploads\/2023\/12\/botafogo-1-scaled.jpg?fit=967%2C645&ssl=1&resize=525%2C300 1.5x, https:\/\/i0.wp.com\/noticiasribeiraopreto.com.br\/wp-content\/uploads\/2023\/12\/botafogo-1-scaled.jpg?fit=967%2C645&ssl=1&resize=700%2C400 2x"},"classes":[]},{"id":79674,"url":"https:\/\/noticiasribeiraopreto.com.br\/index.php\/2025\/11\/05\/ribeirao-preto-recebe-bazar-beneficente-com-pecas-artesanais-veja-quando\/","url_meta":{"origin":78227,"position":4},"title":"Ribeir\u00e3o Preto recebe bazar beneficente com pe\u00e7as artesanais; veja quando","author":"noticiasribeiraopreto.com.br","date":"5 de November de 2025","format":false,"excerpt":"A institui\u00e7\u00e3o Obreiros do Bem realiza na quarta-feira (12) uma nova edi\u00e7\u00e3o do bazar beneficente anual, das 14h \u00e0s 19h, no Aruac\u00e1ria Flat Hotel. O evento \u00e9 aberto ao p\u00fablico e tem como objetivo arrecadar recursos para manuten\u00e7\u00e3o das atividades sociais desenvolvidas pela entidade. O bazar contar\u00e1 com pe\u00e7as artesanais\u2026","rel":"","context":"In &quot;Not\u00edcias de Ribeir\u00e3o Preto-SP e Regi\u00e3o&quot;","block_context":{"text":"Not\u00edcias de Ribeir\u00e3o Preto-SP e Regi\u00e3o","link":"https:\/\/noticiasribeiraopreto.com.br\/index.php\/category\/noticias-de-ribeirao-preto-sp-e-regiao-ismael-colosi\/"},"img":{"alt_text":"","src":"https:\/\/i0.wp.com\/noticiasribeiraopreto.com.br\/wp-content\/uploads\/2025\/11\/Copia-de-Copia-de-Copia-de-TAMANHO-EXATO-PARA-FOTOS-NO-SISTEMA-NOVO-82_2025-11-05_11-53-26.webp.webp?fit=1200%2C675&ssl=1&resize=350%2C200","width":350,"height":200,"srcset":"https:\/\/i0.wp.com\/noticiasribeiraopreto.com.br\/wp-content\/uploads\/2025\/11\/Copia-de-Copia-de-Copia-de-TAMANHO-EXATO-PARA-FOTOS-NO-SISTEMA-NOVO-82_2025-11-05_11-53-26.webp.webp?fit=1200%2C675&ssl=1&resize=350%2C200 1x, https:\/\/i0.wp.com\/noticiasribeiraopreto.com.br\/wp-content\/uploads\/2025\/11\/Copia-de-Copia-de-Copia-de-TAMANHO-EXATO-PARA-FOTOS-NO-SISTEMA-NOVO-82_2025-11-05_11-53-26.webp.webp?fit=1200%2C675&ssl=1&resize=525%2C300 1.5x, https:\/\/i0.wp.com\/noticiasribeiraopreto.com.br\/wp-content\/uploads\/2025\/11\/Copia-de-Copia-de-Copia-de-TAMANHO-EXATO-PARA-FOTOS-NO-SISTEMA-NOVO-82_2025-11-05_11-53-26.webp.webp?fit=1200%2C675&ssl=1&resize=700%2C400 2x, https:\/\/i0.wp.com\/noticiasribeiraopreto.com.br\/wp-content\/uploads\/2025\/11\/Copia-de-Copia-de-Copia-de-TAMANHO-EXATO-PARA-FOTOS-NO-SISTEMA-NOVO-82_2025-11-05_11-53-26.webp.webp?fit=1200%2C675&ssl=1&resize=1050%2C600 3x"},"classes":[]},{"id":75145,"url":"https:\/\/noticiasribeiraopreto.com.br\/index.php\/2025\/08\/04\/do-campo-ao-streaming-ex-jogador-do-botafogo-de-ribeirao-atuara-em-serie-da-netflix\/","url_meta":{"origin":78227,"position":5},"title":"Do campo ao streaming: ex-jogador do Botafogo de Ribeir\u00e3o atuar\u00e1 em s\u00e9rie da Netflix","author":"noticiasribeiraopreto.com.br","date":"4 de August de 2025","format":false,"excerpt":"A Netflix iniciou a produ\u00e7\u00e3o da s\u00e9rie \u201cBrasil 70, A Saga do Tri\u201d, que retrata os bastidores da conquista do tricampeonato mundial da Sele\u00e7\u00e3o Brasileira. O elenco conta com atores que interpretar\u00e3o nomes hist\u00f3ricos do futebol, como Pel\u00e9, Tost\u00e3o, Jairzinho, Rivellino, Carlos Alberto, entre outros. O ex-volante Fillipe Soutto, que\u2026","rel":"","context":"In &quot;Not\u00edcias de Ribeir\u00e3o Preto-SP e Regi\u00e3o&quot;","block_context":{"text":"Not\u00edcias de Ribeir\u00e3o Preto-SP e Regi\u00e3o","link":"https:\/\/noticiasribeiraopreto.com.br\/index.php\/category\/noticias-de-ribeirao-preto-sp-e-regiao-ismael-colosi\/"},"img":{"alt_text":"","src":"https:\/\/i0.wp.com\/noticiasribeiraopreto.com.br\/wp-content\/uploads\/2025\/08\/Copia-de-Copia-de-Copia-de-TAMANHO-EXATO-PARA-FOTOS-NO-SISTEMA-NOVO-2025-08-04T150550.019_2025-08-04_18-06-21.webp.webp?fit=1200%2C675&ssl=1&resize=350%2C200","width":350,"height":200,"srcset":"https:\/\/i0.wp.com\/noticiasribeiraopreto.com.br\/wp-content\/uploads\/2025\/08\/Copia-de-Copia-de-Copia-de-TAMANHO-EXATO-PARA-FOTOS-NO-SISTEMA-NOVO-2025-08-04T150550.019_2025-08-04_18-06-21.webp.webp?fit=1200%2C675&ssl=1&resize=350%2C200 1x, https:\/\/i0.wp.com\/noticiasribeiraopreto.com.br\/wp-content\/uploads\/2025\/08\/Copia-de-Copia-de-Copia-de-TAMANHO-EXATO-PARA-FOTOS-NO-SISTEMA-NOVO-2025-08-04T150550.019_2025-08-04_18-06-21.webp.webp?fit=1200%2C675&ssl=1&resize=525%2C300 1.5x, https:\/\/i0.wp.com\/noticiasribeiraopreto.com.br\/wp-content\/uploads\/2025\/08\/Copia-de-Copia-de-Copia-de-TAMANHO-EXATO-PARA-FOTOS-NO-SISTEMA-NOVO-2025-08-04T150550.019_2025-08-04_18-06-21.webp.webp?fit=1200%2C675&ssl=1&resize=700%2C400 2x, https:\/\/i0.wp.com\/noticiasribeiraopreto.com.br\/wp-content\/uploads\/2025\/08\/Copia-de-Copia-de-Copia-de-TAMANHO-EXATO-PARA-FOTOS-NO-SISTEMA-NOVO-2025-08-04T150550.019_2025-08-04_18-06-21.webp.webp?fit=1200%2C675&ssl=1&resize=1050%2C600 3x"},"classes":[]}],"jetpack_sharing_enabled":true,"jetpack_shortlink":"https:\/\/wp.me\/peQAOb-klJ","_links":{"self":[{"href":"https:\/\/noticiasribeiraopreto.com.br\/index.php\/wp-json\/wp\/v2\/posts\/78227","targetHints":{"allow":["GET"]}}],"collection":[{"href":"https:\/\/noticiasribeiraopreto.com.br\/index.php\/wp-json\/wp\/v2\/posts"}],"about":[{"href":"https:\/\/noticiasribeiraopreto.com.br\/index.php\/wp-json\/wp\/v2\/types\/post"}],"author":[{"embeddable":true,"href":"https:\/\/noticiasribeiraopreto.com.br\/index.php\/wp-json\/wp\/v2\/users\/1"}],"replies":[{"embeddable":true,"href":"https:\/\/noticiasribeiraopreto.com.br\/index.php\/wp-json\/wp\/v2\/comments?post=78227"}],"version-history":[{"count":0,"href":"https:\/\/noticiasribeiraopreto.com.br\/index.php\/wp-json\/wp\/v2\/posts\/78227\/revisions"}],"wp:featuredmedia":[{"embeddable":true,"href":"https:\/\/noticiasribeiraopreto.com.br\/index.php\/wp-json\/wp\/v2\/media\/78228"}],"wp:attachment":[{"href":"https:\/\/noticiasribeiraopreto.com.br\/index.php\/wp-json\/wp\/v2\/media?parent=78227"}],"wp:term":[{"taxonomy":"category","embeddable":true,"href":"https:\/\/noticiasribeiraopreto.com.br\/index.php\/wp-json\/wp\/v2\/categories?post=78227"},{"taxonomy":"post_tag","embeddable":true,"href":"https:\/\/noticiasribeiraopreto.com.br\/index.php\/wp-json\/wp\/v2\/tags?post=78227"}],"curies":[{"name":"wp","href":"https:\/\/api.w.org\/{rel}","templated":true}]}}