{"id":78229,"date":"2025-10-07T12:41:01","date_gmt":"2025-10-07T15:41:01","guid":{"rendered":"https:\/\/noticiasribeiraopreto.com.br\/index.php\/2025\/10\/07\/camara-pede-que-tce-avalie-ppp-da-iluminacao\/"},"modified":"2025-10-07T12:41:01","modified_gmt":"2025-10-07T15:41:01","slug":"camara-pede-que-tce-avalie-ppp-da-iluminacao","status":"publish","type":"post","link":"https:\/\/noticiasribeiraopreto.com.br\/index.php\/2025\/10\/07\/camara-pede-que-tce-avalie-ppp-da-iluminacao\/","title":{"rendered":"C\u00e2mara pede que TCE \u2028avalie PPP da ilumina\u00e7\u00e3o"},"content":{"rendered":"<p> <br \/>\n<\/p>\n<div>\n<p><em>Indica\u00e7\u00e3o foi realizada nesta segunda-feira (6), durante apresenta\u00e7\u00e3o do relat\u00f3rio final da CEE que apura falhas na parceria p\u00fablico-privada\u2028\u2028<\/em><\/p>\n<p>Daniel Gobbi (PP), presidente da Comiss\u00e3o Especial de Estudos (CEE) da Ilumina\u00e7\u00e3o P\u00fablica, instalada na C\u00e2mara de Vereadores e que apura falhas e descumprimentos de cl\u00e1usulas do contrato assinado entre a prefeitura de Ribeir\u00e3o Preto e o cons\u00f3rcio Conecta RP, prop\u00f5e que o Tribunal de Contas do Estado e S\u00e3o Paulo (TCESP) investigue poss\u00edveis irregularidades na concess\u00e3o.<\/p>\n<p>Nesta segunda-feira, 6 de outubro, durante a leitura do relat\u00f3rio final da CEE, o parlamentar refor\u00e7ou sua preocupa\u00e7\u00e3o com os pagamentos feitos \u00e0 Conecta em 2024, mesmo diante dos apontamentos de descumprimento de prazos realizados pelos aferidores do contrato.<\/p>\n<p>\u201cFuncion\u00e1rios da prefeitura avisaram o ent\u00e3o secret\u00e1rio de Governo, Ant\u00f4nio Daas Abboud, sobre as falhas. Ainda assim, os pagamentos foram feitos ao cons\u00f3rcio, sem a entrega dos servi\u00e7os \u00e0 popula\u00e7\u00e3o\u201d, destaca Gobbi.<\/p>\n<p>Ao todo, a comiss\u00e3o realizou sete audi\u00eancias p\u00fablicas. \u2028\u2028Entre os participantes estiveram funcion\u00e1rios da prefeitura de Ribeir\u00e3o Preto, representantes da CPFL Paulista e da Conecta. O verificador independente respondeu por e-mail, e apenas o ex-secret\u00e1rio de Governo n\u00e3o atendeu ao convite do Legislativo.<\/p>\n<p>A CEE concluiu que foram reunidos elementos que indicam falhas recorrentes na execu\u00e7\u00e3o da parceria p\u00fablico-privada \u2013 baseadas em declara\u00e7\u00f5es colhidas nas oitivas, reportagens p\u00fablicas e respostas a requerimentos.<\/p>\n<p>Os vereadores deliberaram que o relat\u00f3rio ser\u00e1 encaminhado ao Minist\u00e9rio P\u00fablico de S\u00e3o Paulo (MPSP) para apura\u00e7\u00e3o de poss\u00edveis responsabilidades civis e, eventualmente, criminais.<\/p>\n<p>O documento tamb\u00e9m cobra do Executivo uma postura mais firme diante da Conecta Ribeir\u00e3o Preto, um cons\u00f3rcio constitu\u00eddo sob a forma de Sociedade de Prop\u00f3sito Espec\u00edfico (SPE) composto pelas empresas High Trend Brasil Servi\u00e7os e Participa\u00e7\u00f5es S.A., Proteres Participa\u00e7\u00f5es S.A. e Green Luce Solu\u00e7\u00f5es Energ\u00e9ticas S.A.<\/p>\n<p>Em 7 de julho de 2023, o Conecta Ribeir\u00e3o Preto venceu o leil\u00e3o da parceria p\u00fablico-privada, realizado na Bolsa de Valores de S\u00e3o Paulo, a B3. O grupo dever\u00e1 investir, nos pr\u00f3ximos 13 anos, R$ 100 milh\u00f5es na manuten\u00e7\u00e3o, amplia\u00e7\u00e3o e moderniza\u00e7\u00e3o da Ilumina\u00e7\u00e3o p\u00fablica da cidade.<\/p>\n<p>Para isso, deveria receber R$ 1.034.208,14 por m\u00eas via Taxa de Ilumina\u00e7\u00e3o P\u00fablica paga pela popula\u00e7\u00e3o.\u2028\u2028Atualmente, recebe da prefeitura pelos servi\u00e7os de ilumina\u00e7\u00e3o p\u00fablica R$ 506 mil por m\u00eas, valor que aumentar\u00e1 de acordo com a realiza\u00e7\u00e3o do cronograma dos servi\u00e7os, at\u00e9 chegar ao teto estabelecido no contrato.<\/p>\n<p>O valor mensal da taxa \u00e9 calculado conforme a classe de consumidor e o consumo de energia el\u00e9trica indicado na fatura emitida pela CPFL Paulista. Como havia atrasado os servi\u00e7os, n\u00e3o estava recebendo valor integral.<\/p>\n<p>Em agosto, setembro outubro, novembro e dezembro do ano passado o valor repassado foi de cerca de R$ 2 milh\u00f5es.\u2028\u2028A prefeitura de Ribeir\u00e3o Preto publicou, no Di\u00e1rio Oficial do Munic\u00edpio (DOM) de 25 de abril, advert\u00eancia para o Conecta RP por causa de atraso no cronograma.<\/p>\n<p>Desde abril do ano passado, os clientes da CPFL Paulista em Ribeir\u00e3o Preto pagam pelo novo sistema de contribui\u00e7\u00e3o da taxa de ilumina\u00e7\u00e3o p\u00fablica estabelecido pela lei municipal n\u00ba 3.156.<\/p>\n<p>A legisla\u00e7\u00e3o foi aprovada na C\u00e2mara de Vereadores e sancionada pelo ent\u00e3o prefeito Duarte Nogueira (PSDB) no come\u00e7o do ano passado. A legisla\u00e7\u00e3o alterou o sistema de cobran\u00e7a da Contribui\u00e7\u00e3o para Custeio do Servi\u00e7o de Ilumina\u00e7\u00e3o P\u00fablica (CIP), que tinha valor fixo de R$ 11,37 por m\u00eas e que passou a ser calculado a partir do consumo de cada im\u00f3vel. Os recursos ser\u00e3o utilizados para o pagamento do cons\u00f3rcio vencedor da PPP.<\/p>\n<p><!-- CONTENT END 3 -->\n<\/div>\n<p><br \/>\n<br \/><a href=\"https:\/\/www.tribunaribeirao.com.br\/camara-pede-que-tce-avalie-ppp-da-iluminacao\/\">Source link <\/a><\/p>\n","protected":false},"excerpt":{"rendered":"<p>Indica\u00e7\u00e3o foi realizada nesta segunda-feira (6), durante apresenta\u00e7\u00e3o do relat\u00f3rio final da CEE que apura falhas na parceria p\u00fablico-privada\u2028\u2028 Daniel Gobbi (PP), presidente da Comiss\u00e3o&#8230;<\/p>\n","protected":false},"author":1,"featured_media":78230,"comment_status":"open","ping_status":"open","sticky":false,"template":"","format":"standard","meta":{"advanced_seo_description":"","jetpack_seo_html_title":"","jetpack_seo_noindex":false,"jetpack_post_was_ever_published":false,"_jetpack_newsletter_access":"","_jetpack_dont_email_post_to_subs":false,"_jetpack_newsletter_tier_id":0,"_jetpack_memberships_contains_paywalled_content":false,"_jetpack_memberships_contains_paid_content":false,"footnotes":"","jetpack_publicize_message":"","jetpack_publicize_feature_enabled":true,"jetpack_social_post_already_shared":true,"jetpack_social_options":{"image_generator_settings":{"template":"highway","default_image_id":0,"font":"","enabled":false},"version":2}},"categories":[11],"tags":[],"class_list":["post-78229","post","type-post","status-publish","format-standard","has-post-thumbnail","hentry","category-noticias-de-ribeirao-preto-sp-e-regiao-ismael-colosi"],"jetpack_publicize_connections":[],"jetpack_featured_media_url":"https:\/\/i0.wp.com\/noticiasribeiraopreto.com.br\/wp-content\/uploads\/2025\/10\/Iluminacao-Thaisa-Coroado-Camara-scaled.jpg?fit=1170%2C780&ssl=1","jetpack-related-posts":[{"id":63604,"url":"https:\/\/noticiasribeiraopreto.com.br\/index.php\/2025\/02\/17\/camara-de-ribeirao-instala-cee-para-investigar-contrato-da-ppp-da-iluminacao-publica\/","url_meta":{"origin":78229,"position":0},"title":"C\u00e2mara de Ribeir\u00e3o instala CEE para investigar contrato da PPP da ilumina\u00e7\u00e3o p\u00fablica","author":"noticiasribeiraopreto.com.br","date":"17 de February de 2025","format":false,"excerpt":"A C\u00e2mara Municipal de Ribeir\u00e3o Preto instalou nesta segunda-feira (17) a CEE (Comiss\u00e3o Especial de Estudos) para investigar supostas faltas e descumprimentos contratuais na PPP (Parceria P\u00fablico-Privada) da ilumina\u00e7\u00e3o p\u00fablica, firmada entre a prefeitura e o cons\u00f3rcio Conecta Ribeir\u00e3o Preto. A CEE foi instalada em raz\u00e3o do alto n\u00famero de\u2026","rel":"","context":"In &quot;Not\u00edcias de Ribeir\u00e3o Preto-SP e Regi\u00e3o&quot;","block_context":{"text":"Not\u00edcias de Ribeir\u00e3o Preto-SP e Regi\u00e3o","link":"https:\/\/noticiasribeiraopreto.com.br\/index.php\/category\/noticias-de-ribeirao-preto-sp-e-regiao-ismael-colosi\/"},"img":{"alt_text":"","src":"https:\/\/i0.wp.com\/noticiasribeiraopreto.com.br\/wp-content\/uploads\/2025\/01\/iluminacao-publica-ribeirao-preto_2024-07-23_18-16-43_jpeg_2024-07-23_18-16-44.webp.webp?fit=1200%2C900&ssl=1&resize=350%2C200","width":350,"height":200,"srcset":"https:\/\/i0.wp.com\/noticiasribeiraopreto.com.br\/wp-content\/uploads\/2025\/01\/iluminacao-publica-ribeirao-preto_2024-07-23_18-16-43_jpeg_2024-07-23_18-16-44.webp.webp?fit=1200%2C900&ssl=1&resize=350%2C200 1x, https:\/\/i0.wp.com\/noticiasribeiraopreto.com.br\/wp-content\/uploads\/2025\/01\/iluminacao-publica-ribeirao-preto_2024-07-23_18-16-43_jpeg_2024-07-23_18-16-44.webp.webp?fit=1200%2C900&ssl=1&resize=525%2C300 1.5x, https:\/\/i0.wp.com\/noticiasribeiraopreto.com.br\/wp-content\/uploads\/2025\/01\/iluminacao-publica-ribeirao-preto_2024-07-23_18-16-43_jpeg_2024-07-23_18-16-44.webp.webp?fit=1200%2C900&ssl=1&resize=700%2C400 2x, https:\/\/i0.wp.com\/noticiasribeiraopreto.com.br\/wp-content\/uploads\/2025\/01\/iluminacao-publica-ribeirao-preto_2024-07-23_18-16-43_jpeg_2024-07-23_18-16-44.webp.webp?fit=1200%2C900&ssl=1&resize=1050%2C600 3x"},"classes":[]},{"id":64656,"url":"https:\/\/noticiasribeiraopreto.com.br\/index.php\/2025\/03\/11\/camara-de-ribeirao-preto-realiza-nova-reuniao-sobre-descumprimentos-na-ppp-da-iluminacao-publica\/","url_meta":{"origin":78229,"position":1},"title":"C\u00e2mara de Ribeir\u00e3o Preto realiza nova reuni\u00e3o sobre descumprimentos na PPP da Ilumina\u00e7\u00e3o P\u00fablica","author":"noticiasribeiraopreto.com.br","date":"11 de March de 2025","format":false,"excerpt":"Na tarde desta quinta-feira (6), a C\u00e2mara Municipal de Ribeir\u00e3o Preto promoveu a segunda reuni\u00e3o da Comiss\u00e3o Especial de Estudos, que apura poss\u00edveis descumprimentos contratuais na Parceria P\u00fablico-Privada (PPP) da Ilumina\u00e7\u00e3o P\u00fablica. O encontro contou com a participa\u00e7\u00e3o dos vereadores Daniel Gobbi (PP), Rangel Scandiuzzi (PSD) e Matheus Moreno (MDB),\u2026","rel":"","context":"In &quot;Not\u00edcias de Ribeir\u00e3o Preto-SP e Regi\u00e3o&quot;","block_context":{"text":"Not\u00edcias de Ribeir\u00e3o Preto-SP e Regi\u00e3o","link":"https:\/\/noticiasribeiraopreto.com.br\/index.php\/category\/noticias-de-ribeirao-preto-sp-e-regiao-ismael-colosi\/"},"img":{"alt_text":"","src":"https:\/\/i0.wp.com\/noticiasribeiraopreto.com.br\/wp-content\/uploads\/2025\/03\/cee_ppp_iluminacao_publica_06032025_foto_thaisa_coroado-01-scaled.jpg?fit=1200%2C800&ssl=1&resize=350%2C200","width":350,"height":200,"srcset":"https:\/\/i0.wp.com\/noticiasribeiraopreto.com.br\/wp-content\/uploads\/2025\/03\/cee_ppp_iluminacao_publica_06032025_foto_thaisa_coroado-01-scaled.jpg?fit=1200%2C800&ssl=1&resize=350%2C200 1x, https:\/\/i0.wp.com\/noticiasribeiraopreto.com.br\/wp-content\/uploads\/2025\/03\/cee_ppp_iluminacao_publica_06032025_foto_thaisa_coroado-01-scaled.jpg?fit=1200%2C800&ssl=1&resize=525%2C300 1.5x, https:\/\/i0.wp.com\/noticiasribeiraopreto.com.br\/wp-content\/uploads\/2025\/03\/cee_ppp_iluminacao_publica_06032025_foto_thaisa_coroado-01-scaled.jpg?fit=1200%2C800&ssl=1&resize=700%2C400 2x, https:\/\/i0.wp.com\/noticiasribeiraopreto.com.br\/wp-content\/uploads\/2025\/03\/cee_ppp_iluminacao_publica_06032025_foto_thaisa_coroado-01-scaled.jpg?fit=1200%2C800&ssl=1&resize=1050%2C600 3x"},"classes":[]},{"id":70968,"url":"https:\/\/noticiasribeiraopreto.com.br\/index.php\/2025\/06\/01\/iluminacao-publica-vira-alvo-de-criticas-e-cee-apura-contrato-da-conecta-em-ribeirao-preto\/","url_meta":{"origin":78229,"position":2},"title":"Ilumina\u00e7\u00e3o p\u00fablica vira alvo de cr\u00edticas e CEE apura contrato da Conecta em Ribeir\u00e3o Preto","author":"noticiasribeiraopreto.com.br","date":"1 de June de 2025","format":false,"excerpt":"Desde o in\u00edcio das opera\u00e7\u00f5es da Conecta Ribeir\u00e3o Preto em agosto de 2024, moradores da cidade reclamam de problemas com a presta\u00e7\u00e3o de servi\u00e7os da concession\u00e1ria respons\u00e1vel pela ilumina\u00e7\u00e3o p\u00fablica do munic\u00edpio. Os relatos envolvem dificuldades constantes, como ruas e avenidas completamente \u00e0s escuras e solicita\u00e7\u00f5es que, segundo o sistema,\u2026","rel":"","context":"In &quot;Not\u00edcias de Ribeir\u00e3o Preto-SP e Regi\u00e3o&quot;","block_context":{"text":"Not\u00edcias de Ribeir\u00e3o Preto-SP e Regi\u00e3o","link":"https:\/\/noticiasribeiraopreto.com.br\/index.php\/category\/noticias-de-ribeirao-preto-sp-e-regiao-ismael-colosi\/"},"img":{"alt_text":"","src":"https:\/\/i0.wp.com\/noticiasribeiraopreto.com.br\/wp-content\/uploads\/2025\/06\/20220210_190229_hdr_2.jpg?fit=1200%2C890&ssl=1&resize=350%2C200","width":350,"height":200,"srcset":"https:\/\/i0.wp.com\/noticiasribeiraopreto.com.br\/wp-content\/uploads\/2025\/06\/20220210_190229_hdr_2.jpg?fit=1200%2C890&ssl=1&resize=350%2C200 1x, https:\/\/i0.wp.com\/noticiasribeiraopreto.com.br\/wp-content\/uploads\/2025\/06\/20220210_190229_hdr_2.jpg?fit=1200%2C890&ssl=1&resize=525%2C300 1.5x, https:\/\/i0.wp.com\/noticiasribeiraopreto.com.br\/wp-content\/uploads\/2025\/06\/20220210_190229_hdr_2.jpg?fit=1200%2C890&ssl=1&resize=700%2C400 2x, https:\/\/i0.wp.com\/noticiasribeiraopreto.com.br\/wp-content\/uploads\/2025\/06\/20220210_190229_hdr_2.jpg?fit=1200%2C890&ssl=1&resize=1050%2C600 3x"},"classes":[]},{"id":79635,"url":"https:\/\/noticiasribeiraopreto.com.br\/index.php\/2025\/11\/05\/mp-investiga-contrato-da-iluminacao-publica\/","url_meta":{"origin":78229,"position":3},"title":"MP investiga contrato\u2028 da ilumina\u00e7\u00e3o p\u00fablica","author":"noticiasribeiraopreto.com.br","date":"5 de November de 2025","format":false,"excerpt":"5 de novembro de 2025 06:595 de novembro de 2025 07:060 Compartilhar0 Documento indica o Cons\u00f3rcio Conecta Ribeir\u00e3o Preto como poss\u00edvel investigado; manifesta\u00e7\u00e3o do MP tem por base relat\u00f3rio da C\u00e2mara\u2028\u2028 O Minist\u00e9rio P\u00fablico de S\u00e3o Paulo (MPSP), por meio da Promotoria do Patrim\u00f4nio P\u00fablico e Social, instaurou procedimento administrativo\u2026","rel":"","context":"In &quot;Not\u00edcias de Ribeir\u00e3o Preto-SP e Regi\u00e3o&quot;","block_context":{"text":"Not\u00edcias de Ribeir\u00e3o Preto-SP e Regi\u00e3o","link":"https:\/\/noticiasribeiraopreto.com.br\/index.php\/category\/noticias-de-ribeirao-preto-sp-e-regiao-ismael-colosi\/"},"img":{"alt_text":"","src":"https:\/\/i0.wp.com\/noticiasribeiraopreto.com.br\/wp-content\/uploads\/2025\/11\/Iluminacao-Alfredo-Risk-Arquivo-scaled.jpg?fit=1170%2C780&ssl=1&resize=350%2C200","width":350,"height":200,"srcset":"https:\/\/i0.wp.com\/noticiasribeiraopreto.com.br\/wp-content\/uploads\/2025\/11\/Iluminacao-Alfredo-Risk-Arquivo-scaled.jpg?fit=1170%2C780&ssl=1&resize=350%2C200 1x, https:\/\/i0.wp.com\/noticiasribeiraopreto.com.br\/wp-content\/uploads\/2025\/11\/Iluminacao-Alfredo-Risk-Arquivo-scaled.jpg?fit=1170%2C780&ssl=1&resize=525%2C300 1.5x, https:\/\/i0.wp.com\/noticiasribeiraopreto.com.br\/wp-content\/uploads\/2025\/11\/Iluminacao-Alfredo-Risk-Arquivo-scaled.jpg?fit=1170%2C780&ssl=1&resize=700%2C400 2x, https:\/\/i0.wp.com\/noticiasribeiraopreto.com.br\/wp-content\/uploads\/2025\/11\/Iluminacao-Alfredo-Risk-Arquivo-scaled.jpg?fit=1170%2C780&ssl=1&resize=1050%2C600 3x"},"classes":[]},{"id":73021,"url":"https:\/\/noticiasribeiraopreto.com.br\/index.php\/2025\/06\/24\/cee-vai-ouvir-secretario-de-governo-de-nogueira\/","url_meta":{"origin":78229,"position":4},"title":"CEE vai ouvir secret\u00e1rio de Governo de Nogueira","author":"noticiasribeiraopreto.com.br","date":"24 de June de 2025","format":false,"excerpt":"24 de junho de 2025 09:0023 de junho de 2025 20:3914 Compartilhar0 A Comiss\u00e3o Especial e Estudos (CEE) da Ilumina\u00e7\u00e3o P\u00fablica da C\u00e2mara de Vereadores ouvir\u00e1, na quarta-feira, 25 de junho, o secret\u00e1rio de Governo da gest\u00e3o Duarte Nogueira, Ant\u00f4nio Daas Abboud. Ele foi gestor do contrato da parceria p\u00fablico-privada\u2026","rel":"","context":"In &quot;Not\u00edcias de Ribeir\u00e3o Preto-SP e Regi\u00e3o&quot;","block_context":{"text":"Not\u00edcias de Ribeir\u00e3o Preto-SP e Regi\u00e3o","link":"https:\/\/noticiasribeiraopreto.com.br\/index.php\/category\/noticias-de-ribeirao-preto-sp-e-regiao-ismael-colosi\/"},"img":{"alt_text":"","src":"https:\/\/i0.wp.com\/noticiasribeiraopreto.com.br\/wp-content\/uploads\/2025\/06\/Iluminacao-Alfredo-Risk-Arquivo-scaled.jpg?fit=750%2C500&ssl=1&resize=350%2C200","width":350,"height":200,"srcset":"https:\/\/i0.wp.com\/noticiasribeiraopreto.com.br\/wp-content\/uploads\/2025\/06\/Iluminacao-Alfredo-Risk-Arquivo-scaled.jpg?fit=750%2C500&ssl=1&resize=350%2C200 1x, https:\/\/i0.wp.com\/noticiasribeiraopreto.com.br\/wp-content\/uploads\/2025\/06\/Iluminacao-Alfredo-Risk-Arquivo-scaled.jpg?fit=750%2C500&ssl=1&resize=525%2C300 1.5x, https:\/\/i0.wp.com\/noticiasribeiraopreto.com.br\/wp-content\/uploads\/2025\/06\/Iluminacao-Alfredo-Risk-Arquivo-scaled.jpg?fit=750%2C500&ssl=1&resize=700%2C400 2x"},"classes":[]},{"id":83748,"url":"https:\/\/noticiasribeiraopreto.com.br\/index.php\/2026\/03\/25\/prefeitura-notifica-consorcio-conecta-tribuna-ribeirao\/","url_meta":{"origin":78229,"position":5},"title":"Prefeitura notifica \u2028Cons\u00f3rcio Conecta &#8211; Tribuna Ribeir\u00e3o","author":"noticiasribeiraopreto.com.br","date":"25 de March de 2026","format":false,"excerpt":"\r \r \r 25 de mar\u00e7o de 2026 06:5224 de mar\u00e7o de 2026 23:54 \r Compartilhar0 Notifica\u00e7\u00e3o foi motivada por den\u00fancia de que cons\u00f3rcio n\u00e3o estaria realizando os servi\u00e7os previstos na PPP da Ilumina\u00e7\u00e3o P\u00fablica de forma adequada A prefeitura de Ribeir\u00e3o Preto, por interm\u00e9dio da Secretaria Municipal de Infraestrutura\u2026","rel":"","context":"In &quot;Not\u00edcias de Ribeir\u00e3o Preto-SP e Regi\u00e3o&quot;","block_context":{"text":"Not\u00edcias de Ribeir\u00e3o Preto-SP e Regi\u00e3o","link":"https:\/\/noticiasribeiraopreto.com.br\/index.php\/category\/noticias-de-ribeirao-preto-sp-e-regiao-ismael-colosi\/"},"img":{"alt_text":"","src":"https:\/\/i0.wp.com\/noticiasribeiraopreto.com.br\/wp-content\/uploads\/2026\/03\/Iluminacao-Alfredo-Risk-Arquivo-scaled.jpg?fit=1170%2C780&ssl=1&resize=350%2C200","width":350,"height":200,"srcset":"https:\/\/i0.wp.com\/noticiasribeiraopreto.com.br\/wp-content\/uploads\/2026\/03\/Iluminacao-Alfredo-Risk-Arquivo-scaled.jpg?fit=1170%2C780&ssl=1&resize=350%2C200 1x, https:\/\/i0.wp.com\/noticiasribeiraopreto.com.br\/wp-content\/uploads\/2026\/03\/Iluminacao-Alfredo-Risk-Arquivo-scaled.jpg?fit=1170%2C780&ssl=1&resize=525%2C300 1.5x, https:\/\/i0.wp.com\/noticiasribeiraopreto.com.br\/wp-content\/uploads\/2026\/03\/Iluminacao-Alfredo-Risk-Arquivo-scaled.jpg?fit=1170%2C780&ssl=1&resize=700%2C400 2x, https:\/\/i0.wp.com\/noticiasribeiraopreto.com.br\/wp-content\/uploads\/2026\/03\/Iluminacao-Alfredo-Risk-Arquivo-scaled.jpg?fit=1170%2C780&ssl=1&resize=1050%2C600 3x"},"classes":[]}],"jetpack_sharing_enabled":true,"jetpack_shortlink":"https:\/\/wp.me\/peQAOb-klL","_links":{"self":[{"href":"https:\/\/noticiasribeiraopreto.com.br\/index.php\/wp-json\/wp\/v2\/posts\/78229","targetHints":{"allow":["GET"]}}],"collection":[{"href":"https:\/\/noticiasribeiraopreto.com.br\/index.php\/wp-json\/wp\/v2\/posts"}],"about":[{"href":"https:\/\/noticiasribeiraopreto.com.br\/index.php\/wp-json\/wp\/v2\/types\/post"}],"author":[{"embeddable":true,"href":"https:\/\/noticiasribeiraopreto.com.br\/index.php\/wp-json\/wp\/v2\/users\/1"}],"replies":[{"embeddable":true,"href":"https:\/\/noticiasribeiraopreto.com.br\/index.php\/wp-json\/wp\/v2\/comments?post=78229"}],"version-history":[{"count":0,"href":"https:\/\/noticiasribeiraopreto.com.br\/index.php\/wp-json\/wp\/v2\/posts\/78229\/revisions"}],"wp:featuredmedia":[{"embeddable":true,"href":"https:\/\/noticiasribeiraopreto.com.br\/index.php\/wp-json\/wp\/v2\/media\/78230"}],"wp:attachment":[{"href":"https:\/\/noticiasribeiraopreto.com.br\/index.php\/wp-json\/wp\/v2\/media?parent=78229"}],"wp:term":[{"taxonomy":"category","embeddable":true,"href":"https:\/\/noticiasribeiraopreto.com.br\/index.php\/wp-json\/wp\/v2\/categories?post=78229"},{"taxonomy":"post_tag","embeddable":true,"href":"https:\/\/noticiasribeiraopreto.com.br\/index.php\/wp-json\/wp\/v2\/tags?post=78229"}],"curies":[{"name":"wp","href":"https:\/\/api.w.org\/{rel}","templated":true}]}}