{"id":78232,"date":"2025-10-07T12:51:25","date_gmt":"2025-10-07T15:51:25","guid":{"rendered":"https:\/\/noticiasribeiraopreto.com.br\/index.php\/2025\/10\/07\/rodovia-da-regiao-ganha-novo-radar\/"},"modified":"2025-10-07T12:51:25","modified_gmt":"2025-10-07T15:51:25","slug":"rodovia-da-regiao-ganha-novo-radar","status":"publish","type":"post","link":"https:\/\/noticiasribeiraopreto.com.br\/index.php\/2025\/10\/07\/rodovia-da-regiao-ganha-novo-radar\/","title":{"rendered":"Rodovia da regi\u00e3o \u2028ganha novo radar"},"content":{"rendered":"<p> <br \/>\n<\/p>\n<div>\n<p>\u00c0 zero hora desta ter\u00e7a-feira, 7 de outubro, o Departamento de Estradas de Rodagem de S\u00e3o Paulo (DER-SP), vinculado \u00e0 Secretaria de Meio Ambiente, Infraestrutura e Log\u00edstica (Semil), ativou mais 33 novos radares de fiscaliza\u00e7\u00e3o eletr\u00f4nica em trechos estrat\u00e9gicos de rodovias sob sua gest\u00e3o. Um deles fica no quil\u00f4metro 54,9 da Rodovia Altino Arantes (SP-351), em Batatais, na Regi\u00e3o Metropolitana de Ribeir\u00e3o Preto.<\/p>\n<p>O limite de velocidade \u00e9 de 100 quil\u00f4metros por hora (km\/h) para carros de passeio e de 80 km\/h para caminh\u00f5es e \u00f4nibus. A via \u00e9 o principal elo de liga\u00e7\u00e3o entre Batatas e Altin\u00f3polis e outras cidades da regi\u00e3o metropolitana, como Cajuru, C\u00e1ssia dos Coqueiros e Mococa, e com o sul de Minas Gerais.<\/p>\n<p>No dia 30 de setembro, um novo radar passou a operar no quil\u00f4metro 45,3 da Rodovia Abr\u00e3o Assed (SP-333), em Serrana na Regi\u00e3o Metropolitana de Ribeir\u00e3o Preto. No dia 23, outros dois equipamentos entraram em opera\u00e7\u00e3o nos km 6 e 45 da Rodovia Abr\u00e3o Assed (SP-333), em Cajuru e Serrana, respectivamente, com a mesma velocidade m\u00e1xima permitida.\u2028\u2028Com os 302 j\u00e1 em funcionamento \u2013 112 entre 12 e 26 de agosto e outros 158 desde o dia 2 de setembro \u2013, DER-SP passa a contar com 335 equipamentos ativos de um total de 649 que v\u00e3o fiscalizar os motoristas at\u00e9 o final deste ano \u2013 51,62% j\u00e1 est\u00e3o em opera\u00e7\u00e3o.<\/p>\n<p>A lista completa pode ser acessada no site do DER-SP. A regi\u00e3o de Ribeir\u00e3o Preto est\u00e1 sendo contemplada gradativamente. Ainda em 23 de setembro, um passou a operar no km 207,5 da Rodovia Cunha Bueno (SP-253), em Jaboticabal, com velocidade m\u00e1xima permitida de 100 quil\u00f4metros por hora para carros de passeio e 80 km\/h para \u00f4nibus e caminh\u00f5es.<\/p>\n<p>Outro fica no km 6,7 da Rodovia Jos\u00e9 Corona (SPI-328\/326), em Guariba, com velocidade m\u00e1xima permitida de 80 km\/h para qualquer tipo de ve\u00edculo. No km 442,1 da C\u00e2ndido Portinari (SP-334), em Pedregulho, o limite tamb\u00e9m \u00e9 de 100 km\/h para carros de passeio e de 80 km\/h para \u00f4nibus e caminh\u00f5es.<\/p>\n<p>No dia 16, um radar entrou em opera\u00e7\u00e3o no km 155,7 da Rodovia Cunha Bueno (SP-253), em Luiz Ant\u00f4nio, com velocidade m\u00e1xima permitida de 80 quil\u00f4metros por hora para carros de passeio para \u00f4nibus e caminh\u00f5es. \u2028\u2028No dia 9, outro radar j\u00e1 havia entrado em opera\u00e7\u00e3o na mesma rodovia, mas no km 216,6 da Cunha Bueno, em Jaboticabal, com velocidade m\u00e1xima permitida de 100 km\/h para carros de passeio e de 80 km\/h para \u00f4nibus e caminh\u00f5es.<\/p>\n<p>Essas duas cidades ficam na regi\u00e3o metropolitana, assim como Cajuru, Guariba e Serrana. \u2028\u2028A licita\u00e7\u00e3o dos 14 lotes ocorreu em agosto do ano passado. O custo total ser\u00e1 de R$ 83,7 milh\u00f5es. Dos 649 novos radares de controle de velocidade, 536 s\u00e3o equipamentos inteligentes, capazes de fazer a leitura autom\u00e1tica das placas dos autom\u00f3veis e transmitir informa\u00e7\u00f5es em tempo real para o Departamento de Estradas de Rodagem.<\/p>\n<p><strong>Entorno de Ribeir\u00e3o\u00a0 \u2013<\/strong> Dos 649 novos equipamentos, 67 ser\u00e3o instalados na macrorregi\u00e3o, segundo o edital original, publicado em 25 de novembro de 2023. Ser\u00e3o 30 radares em rodovias no entorno de Ribeir\u00e3o Preto, 22 nas estradas de Barretos e 15 na \u00e1rea de Araraquara. \u2028\u2028Segundo o policiamento rodovi\u00e1rio, 50% das multas aplicada em rodovias s\u00e3o por excesso de velocidade.<\/p>\n<p>O valor da autua\u00e7\u00e3o \u00e9 de R$ 130,16 quando o limite \u00e9 ultrapassado em at\u00e9 20% quatro pontos na Carteira Nacional de Habilita\u00e7\u00e3o); de R$ 195,23 quando o limite \u00e9 superado de 20% at\u00e9 50% (cinco pontos) e de R$ 880,41 acima de 50% do limite (sete pontos na CNH).<\/p>\n<p><!-- CONTENT END 3 -->\n<\/div>\n<p><br \/>\n<br \/><a href=\"https:\/\/www.tribunaribeirao.com.br\/rodovia-da-regiao-ganha-novo-radar\/\">Source link <\/a><\/p>\n","protected":false},"excerpt":{"rendered":"<p>\u00c0 zero hora desta ter\u00e7a-feira, 7 de outubro, o Departamento de Estradas de Rodagem de S\u00e3o Paulo (DER-SP), vinculado \u00e0 Secretaria de Meio Ambiente, Infraestrutura&#8230;<\/p>\n","protected":false},"author":1,"featured_media":78233,"comment_status":"open","ping_status":"open","sticky":false,"template":"","format":"standard","meta":{"advanced_seo_description":"","jetpack_seo_html_title":"","jetpack_seo_noindex":false,"jetpack_post_was_ever_published":false,"_jetpack_newsletter_access":"","_jetpack_dont_email_post_to_subs":false,"_jetpack_newsletter_tier_id":0,"_jetpack_memberships_contains_paywalled_content":false,"_jetpack_memberships_contains_paid_content":false,"footnotes":"","jetpack_publicize_message":"","jetpack_publicize_feature_enabled":true,"jetpack_social_post_already_shared":true,"jetpack_social_options":{"image_generator_settings":{"template":"highway","default_image_id":0,"font":"","enabled":false},"version":2}},"categories":[11],"tags":[],"class_list":["post-78232","post","type-post","status-publish","format-standard","has-post-thumbnail","hentry","category-noticias-de-ribeirao-preto-sp-e-regiao-ismael-colosi"],"jetpack_publicize_connections":[],"jetpack_featured_media_url":"https:\/\/i0.wp.com\/noticiasribeiraopreto.com.br\/wp-content\/uploads\/2025\/10\/RadarDER-Divulgacao-DER.jpg?fit=800%2C602&ssl=1","jetpack-related-posts":[{"id":79982,"url":"https:\/\/noticiasribeiraopreto.com.br\/index.php\/2025\/11\/12\/rodovias-da-regiao-ganham-radares-agora-sao-mais-de-400-em-sp\/","url_meta":{"origin":78232,"position":0},"title":"Rodovias da regi\u00e3o ganham radares; agora s\u00e3o mais de 400 em SP","author":"noticiasribeiraopreto.com.br","date":"12 de November de 2025","format":false,"excerpt":"DER-SP ativou mais 26 novos radares de fiscaliza\u00e7\u00e3o eletr\u00f4nica em trechos estrat\u00e9gicos de rodovias sob sua gest\u00e3o; tr\u00eas deles ficam na macrorregi\u00e3o de Ribeir\u00e3o Preto\u00c0 zero hora desta quarta-feira, 12 de novembro, o Departamento de Estradas de Rodagem de S\u00e3o Paulo (DER-SP), vinculado \u00e0 Secretaria de Meio Ambiente, Infraestrutura e\u2026","rel":"","context":"In &quot;Not\u00edcias de Ribeir\u00e3o Preto-SP e Regi\u00e3o&quot;","block_context":{"text":"Not\u00edcias de Ribeir\u00e3o Preto-SP e Regi\u00e3o","link":"https:\/\/noticiasribeiraopreto.com.br\/index.php\/category\/noticias-de-ribeirao-preto-sp-e-regiao-ismael-colosi\/"},"img":{"alt_text":"","src":"https:\/\/i0.wp.com\/noticiasribeiraopreto.com.br\/wp-content\/uploads\/2025\/11\/RadarDER-Divulgacao-DER-scaled.jpg?fit=1200%2C648&ssl=1&resize=350%2C200","width":350,"height":200,"srcset":"https:\/\/i0.wp.com\/noticiasribeiraopreto.com.br\/wp-content\/uploads\/2025\/11\/RadarDER-Divulgacao-DER-scaled.jpg?fit=1200%2C648&ssl=1&resize=350%2C200 1x, https:\/\/i0.wp.com\/noticiasribeiraopreto.com.br\/wp-content\/uploads\/2025\/11\/RadarDER-Divulgacao-DER-scaled.jpg?fit=1200%2C648&ssl=1&resize=525%2C300 1.5x, https:\/\/i0.wp.com\/noticiasribeiraopreto.com.br\/wp-content\/uploads\/2025\/11\/RadarDER-Divulgacao-DER-scaled.jpg?fit=1200%2C648&ssl=1&resize=700%2C400 2x, https:\/\/i0.wp.com\/noticiasribeiraopreto.com.br\/wp-content\/uploads\/2025\/11\/RadarDER-Divulgacao-DER-scaled.jpg?fit=1200%2C648&ssl=1&resize=1050%2C600 3x"},"classes":[]},{"id":76810,"url":"https:\/\/noticiasribeiraopreto.com.br\/index.php\/2025\/09\/05\/rodovias-na-regiao-de-ribeirao-preto-vao-receber-novos-radares-veja-os-locais\/","url_meta":{"origin":78232,"position":1},"title":"Rodovias na regi\u00e3o de Ribeir\u00e3o Preto v\u00e3o receber novos radares; Veja os locais","author":"noticiasribeiraopreto.com.br","date":"5 de September de 2025","format":false,"excerpt":"A partir do pr\u00f3ximo dia 10 de setembro, entram em opera\u00e7\u00e3o novos radares de velocidade nas pistas de cobran\u00e7a eletr\u00f4nica (AVI) dos ped\u00e1gios de Colina, Pirangi e Monte Alto, na regi\u00e3o de Ribeir\u00e3o Preto. A instala\u00e7\u00e3o desses radares atende \u00e0s exig\u00eancias do contrato de concess\u00e3o firmado entre a Ecovias Noroeste\u2026","rel":"","context":"In &quot;Not\u00edcias de Ribeir\u00e3o Preto-SP e Regi\u00e3o&quot;","block_context":{"text":"Not\u00edcias de Ribeir\u00e3o Preto-SP e Regi\u00e3o","link":"https:\/\/noticiasribeiraopreto.com.br\/index.php\/category\/noticias-de-ribeirao-preto-sp-e-regiao-ismael-colosi\/"},"img":{"alt_text":"","src":"https:\/\/i0.wp.com\/noticiasribeiraopreto.com.br\/wp-content\/uploads\/2025\/09\/radar-sp.jpg?fit=1163%2C692&ssl=1&resize=350%2C200","width":350,"height":200,"srcset":"https:\/\/i0.wp.com\/noticiasribeiraopreto.com.br\/wp-content\/uploads\/2025\/09\/radar-sp.jpg?fit=1163%2C692&ssl=1&resize=350%2C200 1x, https:\/\/i0.wp.com\/noticiasribeiraopreto.com.br\/wp-content\/uploads\/2025\/09\/radar-sp.jpg?fit=1163%2C692&ssl=1&resize=525%2C300 1.5x, https:\/\/i0.wp.com\/noticiasribeiraopreto.com.br\/wp-content\/uploads\/2025\/09\/radar-sp.jpg?fit=1163%2C692&ssl=1&resize=700%2C400 2x, https:\/\/i0.wp.com\/noticiasribeiraopreto.com.br\/wp-content\/uploads\/2025\/09\/radar-sp.jpg?fit=1163%2C692&ssl=1&resize=1050%2C600 3x"},"classes":[]},{"id":63029,"url":"https:\/\/noticiasribeiraopreto.com.br\/index.php\/2025\/01\/31\/novo-radar-vai-comecar-a-funcionar-em-rodovia-do-interior-de-sp-veja-quando\/","url_meta":{"origin":78232,"position":2},"title":"Novo radar vai come\u00e7ar a funcionar em rodovia do interior de SP; Veja quando","author":"noticiasribeiraopreto.com.br","date":"31 de January de 2025","format":false,"excerpt":"A partir de segunda-feira (3), um novo equipamento de fiscaliza\u00e7\u00e3o de velocidade vai come\u00e7ar a funcionar na rodovia Engenheiro Ronan Rocha (SP-345), em Franca, a 90 quil\u00f4metros de Ribeir\u00e3o Preto. A autoriza\u00e7\u00e3o para opera\u00e7\u00e3o do radar foi publicada na edi\u00e7\u00e3o de segunda-feira (27) do Di\u00e1rio Oficial do Estado de S\u00e3o\u2026","rel":"","context":"In &quot;Not\u00edcias de Ribeir\u00e3o Preto-SP e Regi\u00e3o&quot;","block_context":{"text":"Not\u00edcias de Ribeir\u00e3o Preto-SP e Regi\u00e3o","link":"https:\/\/noticiasribeiraopreto.com.br\/index.php\/category\/noticias-de-ribeirao-preto-sp-e-regiao-ismael-colosi\/"},"img":{"alt_text":"","src":"https:\/\/i0.wp.com\/noticiasribeiraopreto.com.br\/wp-content\/uploads\/2025\/01\/Copia-de-Copia-de-Copia-de-TAMANHO-EXATO-PARA-FOTOS-NO-SISTEMA-NOVO-2025-01-31T115938.677_2025-01-31_14-59-46_png_2025-01-31_14-59-46.webp.webp?fit=1200%2C675&ssl=1&resize=350%2C200","width":350,"height":200,"srcset":"https:\/\/i0.wp.com\/noticiasribeiraopreto.com.br\/wp-content\/uploads\/2025\/01\/Copia-de-Copia-de-Copia-de-TAMANHO-EXATO-PARA-FOTOS-NO-SISTEMA-NOVO-2025-01-31T115938.677_2025-01-31_14-59-46_png_2025-01-31_14-59-46.webp.webp?fit=1200%2C675&ssl=1&resize=350%2C200 1x, https:\/\/i0.wp.com\/noticiasribeiraopreto.com.br\/wp-content\/uploads\/2025\/01\/Copia-de-Copia-de-Copia-de-TAMANHO-EXATO-PARA-FOTOS-NO-SISTEMA-NOVO-2025-01-31T115938.677_2025-01-31_14-59-46_png_2025-01-31_14-59-46.webp.webp?fit=1200%2C675&ssl=1&resize=525%2C300 1.5x, https:\/\/i0.wp.com\/noticiasribeiraopreto.com.br\/wp-content\/uploads\/2025\/01\/Copia-de-Copia-de-Copia-de-TAMANHO-EXATO-PARA-FOTOS-NO-SISTEMA-NOVO-2025-01-31T115938.677_2025-01-31_14-59-46_png_2025-01-31_14-59-46.webp.webp?fit=1200%2C675&ssl=1&resize=700%2C400 2x, https:\/\/i0.wp.com\/noticiasribeiraopreto.com.br\/wp-content\/uploads\/2025\/01\/Copia-de-Copia-de-Copia-de-TAMANHO-EXATO-PARA-FOTOS-NO-SISTEMA-NOVO-2025-01-31T115938.677_2025-01-31_14-59-46_png_2025-01-31_14-59-46.webp.webp?fit=1200%2C675&ssl=1&resize=1050%2C600 3x"},"classes":[]},{"id":77640,"url":"https:\/\/noticiasribeiraopreto.com.br\/index.php\/2025\/09\/23\/rodovias-da-regiao-ganham-mais-radares\/","url_meta":{"origin":78232,"position":3},"title":"Rodovias da regi\u00e3o ganham mais radares","author":"noticiasribeiraopreto.com.br","date":"23 de September de 2025","format":false,"excerpt":"Com os 50 ativados nesta ter\u00e7a-feira (23), DER-SP passa a contar com 270 equipamentos em opera\u00e7\u00e3o; cinco dos novos aparelhos est\u00e3o na regi\u00e3o \u2028\u2028\u00c0 zero hora desta ter\u00e7a-feira, 23 de setembro, o Departamento de Estradas de Rodagem de S\u00e3o Paulo (DER-SP), vinculado \u00e0 Secretaria de Meio Ambiente, Infraestrutura e Log\u00edstica\u2026","rel":"","context":"In &quot;Not\u00edcias de Ribeir\u00e3o Preto-SP e Regi\u00e3o&quot;","block_context":{"text":"Not\u00edcias de Ribeir\u00e3o Preto-SP e Regi\u00e3o","link":"https:\/\/noticiasribeiraopreto.com.br\/index.php\/category\/noticias-de-ribeirao-preto-sp-e-regiao-ismael-colosi\/"},"img":{"alt_text":"","src":"https:\/\/i0.wp.com\/noticiasribeiraopreto.com.br\/wp-content\/uploads\/2025\/09\/RadarDER-Alfredo-Risk-2-scaled.jpg?fit=1170%2C780&ssl=1&resize=350%2C200","width":350,"height":200,"srcset":"https:\/\/i0.wp.com\/noticiasribeiraopreto.com.br\/wp-content\/uploads\/2025\/09\/RadarDER-Alfredo-Risk-2-scaled.jpg?fit=1170%2C780&ssl=1&resize=350%2C200 1x, https:\/\/i0.wp.com\/noticiasribeiraopreto.com.br\/wp-content\/uploads\/2025\/09\/RadarDER-Alfredo-Risk-2-scaled.jpg?fit=1170%2C780&ssl=1&resize=525%2C300 1.5x, https:\/\/i0.wp.com\/noticiasribeiraopreto.com.br\/wp-content\/uploads\/2025\/09\/RadarDER-Alfredo-Risk-2-scaled.jpg?fit=1170%2C780&ssl=1&resize=700%2C400 2x, https:\/\/i0.wp.com\/noticiasribeiraopreto.com.br\/wp-content\/uploads\/2025\/09\/RadarDER-Alfredo-Risk-2-scaled.jpg?fit=1170%2C780&ssl=1&resize=1050%2C600 3x"},"classes":[]},{"id":77926,"url":"https:\/\/noticiasribeiraopreto.com.br\/index.php\/2025\/09\/29\/radares-passam-a-operar-hoje-na-anhanguera\/","url_meta":{"origin":78232,"position":4},"title":"Radares passam a operar hoje na Anhanguera \u00a0","author":"noticiasribeiraopreto.com.br","date":"29 de September de 2025","format":false,"excerpt":"A partir da zero hora desta segunda-feira, 29 de setembro, dois novos radares fixos entraram em opera\u00e7\u00e3o em dois trechos da Rodovia Anhanguera (SP-330), ambos no sentido norte da via (capital-interior). No per\u00edmetro de Ribeir\u00e3o Preto, o aparelho est\u00e1 instalado no km 302,2. Em Cravinhos, na regi\u00e3o metropolitana, fica no\u2026","rel":"","context":"In &quot;Not\u00edcias de Ribeir\u00e3o Preto-SP e Regi\u00e3o&quot;","block_context":{"text":"Not\u00edcias de Ribeir\u00e3o Preto-SP e Regi\u00e3o","link":"https:\/\/noticiasribeiraopreto.com.br\/index.php\/category\/noticias-de-ribeirao-preto-sp-e-regiao-ismael-colosi\/"},"img":{"alt_text":"","src":"https:\/\/i0.wp.com\/noticiasribeiraopreto.com.br\/wp-content\/uploads\/2025\/09\/Radar-Divulgacao-Arteris-ViaPaulista.jpg?fit=1200%2C540&ssl=1&resize=350%2C200","width":350,"height":200,"srcset":"https:\/\/i0.wp.com\/noticiasribeiraopreto.com.br\/wp-content\/uploads\/2025\/09\/Radar-Divulgacao-Arteris-ViaPaulista.jpg?fit=1200%2C540&ssl=1&resize=350%2C200 1x, https:\/\/i0.wp.com\/noticiasribeiraopreto.com.br\/wp-content\/uploads\/2025\/09\/Radar-Divulgacao-Arteris-ViaPaulista.jpg?fit=1200%2C540&ssl=1&resize=525%2C300 1.5x, https:\/\/i0.wp.com\/noticiasribeiraopreto.com.br\/wp-content\/uploads\/2025\/09\/Radar-Divulgacao-Arteris-ViaPaulista.jpg?fit=1200%2C540&ssl=1&resize=700%2C400 2x, https:\/\/i0.wp.com\/noticiasribeiraopreto.com.br\/wp-content\/uploads\/2025\/09\/Radar-Divulgacao-Arteris-ViaPaulista.jpg?fit=1200%2C540&ssl=1&resize=1050%2C600 3x"},"classes":[]},{"id":81652,"url":"https:\/\/noticiasribeiraopreto.com.br\/index.php\/2026\/01\/13\/novos-radares-comecam-a-multar-em-rodovias-de-ribeirao-preto-e-regiao\/","url_meta":{"origin":78232,"position":5},"title":"Novos radares come\u00e7am a multar em rodovias de Ribeir\u00e3o Preto e regi\u00e3o","author":"noticiasribeiraopreto.com.br","date":"13 de January de 2026","format":false,"excerpt":"O DER (Departamento de Estradas de Rodagem) iniciou a opera\u00e7\u00e3o de novos radares em rodovias n\u00e3o concedidas de Ribeir\u00e3o Preto e regi\u00e3o a partir da 0h desta ter\u00e7a-feira (13). Veja a localiza\u00e7\u00e3o e limites de velocidade: Ribeir\u00e3o Preto \u2013 Rodovia M\u00e1rio Doneg\u00e1 (SP-291) 002,020 Norte\/Sul \u2013 80 km\/h \/ 80\u2026","rel":"","context":"In &quot;Not\u00edcias de Ribeir\u00e3o Preto-SP e Regi\u00e3o&quot;","block_context":{"text":"Not\u00edcias de Ribeir\u00e3o Preto-SP e Regi\u00e3o","link":"https:\/\/noticiasribeiraopreto.com.br\/index.php\/category\/noticias-de-ribeirao-preto-sp-e-regiao-ismael-colosi\/"},"img":{"alt_text":"","src":"https:\/\/i0.wp.com\/noticiasribeiraopreto.com.br\/wp-content\/uploads\/2025\/10\/voguing-2_2025-10-28_18-47-57.webp.webp?fit=1200%2C675&ssl=1&resize=350%2C200","width":350,"height":200,"srcset":"https:\/\/i0.wp.com\/noticiasribeiraopreto.com.br\/wp-content\/uploads\/2025\/10\/voguing-2_2025-10-28_18-47-57.webp.webp?fit=1200%2C675&ssl=1&resize=350%2C200 1x, https:\/\/i0.wp.com\/noticiasribeiraopreto.com.br\/wp-content\/uploads\/2025\/10\/voguing-2_2025-10-28_18-47-57.webp.webp?fit=1200%2C675&ssl=1&resize=525%2C300 1.5x, https:\/\/i0.wp.com\/noticiasribeiraopreto.com.br\/wp-content\/uploads\/2025\/10\/voguing-2_2025-10-28_18-47-57.webp.webp?fit=1200%2C675&ssl=1&resize=700%2C400 2x, https:\/\/i0.wp.com\/noticiasribeiraopreto.com.br\/wp-content\/uploads\/2025\/10\/voguing-2_2025-10-28_18-47-57.webp.webp?fit=1200%2C675&ssl=1&resize=1050%2C600 3x"},"classes":[]}],"jetpack_sharing_enabled":true,"jetpack_shortlink":"https:\/\/wp.me\/peQAOb-klO","_links":{"self":[{"href":"https:\/\/noticiasribeiraopreto.com.br\/index.php\/wp-json\/wp\/v2\/posts\/78232","targetHints":{"allow":["GET"]}}],"collection":[{"href":"https:\/\/noticiasribeiraopreto.com.br\/index.php\/wp-json\/wp\/v2\/posts"}],"about":[{"href":"https:\/\/noticiasribeiraopreto.com.br\/index.php\/wp-json\/wp\/v2\/types\/post"}],"author":[{"embeddable":true,"href":"https:\/\/noticiasribeiraopreto.com.br\/index.php\/wp-json\/wp\/v2\/users\/1"}],"replies":[{"embeddable":true,"href":"https:\/\/noticiasribeiraopreto.com.br\/index.php\/wp-json\/wp\/v2\/comments?post=78232"}],"version-history":[{"count":0,"href":"https:\/\/noticiasribeiraopreto.com.br\/index.php\/wp-json\/wp\/v2\/posts\/78232\/revisions"}],"wp:featuredmedia":[{"embeddable":true,"href":"https:\/\/noticiasribeiraopreto.com.br\/index.php\/wp-json\/wp\/v2\/media\/78233"}],"wp:attachment":[{"href":"https:\/\/noticiasribeiraopreto.com.br\/index.php\/wp-json\/wp\/v2\/media?parent=78232"}],"wp:term":[{"taxonomy":"category","embeddable":true,"href":"https:\/\/noticiasribeiraopreto.com.br\/index.php\/wp-json\/wp\/v2\/categories?post=78232"},{"taxonomy":"post_tag","embeddable":true,"href":"https:\/\/noticiasribeiraopreto.com.br\/index.php\/wp-json\/wp\/v2\/tags?post=78232"}],"curies":[{"name":"wp","href":"https:\/\/api.w.org\/{rel}","templated":true}]}}