{"id":78234,"date":"2025-10-07T12:54:48","date_gmt":"2025-10-07T15:54:48","guid":{"rendered":"https:\/\/noticiasribeiraopreto.com.br\/index.php\/2025\/10\/07\/avenida-segue-com-interdicao-apos-caminhao-ficar-preso-em-bueiro-em-ribeirao-preto-video\/"},"modified":"2025-10-07T12:54:48","modified_gmt":"2025-10-07T15:54:48","slug":"avenida-segue-com-interdicao-apos-caminhao-ficar-preso-em-bueiro-em-ribeirao-preto-video","status":"publish","type":"post","link":"https:\/\/noticiasribeiraopreto.com.br\/index.php\/2025\/10\/07\/avenida-segue-com-interdicao-apos-caminhao-ficar-preso-em-bueiro-em-ribeirao-preto-video\/","title":{"rendered":"Avenida segue com interdi\u00e7\u00e3o ap\u00f3s caminh\u00e3o ficar preso em bueiro em Ribeir\u00e3o Preto; V\u00eddeo"},"content":{"rendered":"<div class='code-block code-block-1' style='margin: 8px 0 8px auto; text-align: right; display: block; clear: both;'>\n<p><a href=\"https:\/\/wa.link\/vpicfd\"><img data-recalc-dims=\"1\" class=\"wp-image-4922\" style=\"aspect-ratio: 2.0253164556962027; width: 561px; height: auto;\" src=\"https:\/\/i0.wp.com\/ismaelcolosi.com.br\/wp-content\/uploads\/2023\/11\/grupo-de-empregos-whatsapp-e-facebook-ismael-colosi-vagas.jpg?ssl=1\" alt=\"\" \/><\/a><\/p>\n<!-- \/wp:image -->\n<\/div>\n<p> <br \/>\n<\/p>\n<div data-td-block-uid=\"tdi_95\">\n<div class=\"tdb-block-inner td-fix-index\">\n<p><strong>O acesso \u00e0 avenida Rio Pardo, a partir da avenida Dom Pedro I, na zona Norte de Ribeir\u00e3o Preto, segue totalmente bloqueado na manh\u00e3 desta ter\u00e7a-feira (7), depois que um caminh\u00e3o ficou preso em um bueiro.<\/strong> <strong>Assista <\/strong>ao <strong>v\u00eddeo <\/strong>abaixo.<\/p>\n<p><mark style=\"background-color:#fcb900\" class=\"has-inline-color has-black-color\">A interdi\u00e7\u00e3o ocorre desde a tarde desta segunda-feira (6) para os motoristas que seguem a partir da pista bairro-Centro. H\u00e1 lentid\u00e3o no trecho.<\/mark><\/p>\n<p>A RP Mobi recomenda a rota alternativa pela avenida Lu\u00eds Galv\u00e3o C\u00e9sar, avenida Senador Teot\u00f4nio Vilela, rua Maria Tereza Braga Cerrim, rua Aurora Maria Caravelo Lopes, rua Gerv\u00e1sio Aparecido Baraldi at\u00e9 a avenida Rio Pardo.<\/p>\n<p>N\u00e3o foi informada uma previs\u00e3o para retirada do caminh\u00e3o e a libera\u00e7\u00e3o do tr\u00e2nsito.<\/p>\n<blockquote class=\"instagram-media\" data-instgrm-permalink=\"https:\/\/www.instagram.com\/reel\/DPgZ2gADhoQ\/?utm_source=ig_embed&amp;utm_campaign=loading\" data-instgrm-version=\"14\" style=\"background:#FFF;border:0;border-radius:3px;margin: 1px;max-width:540px;min-width:326px;padding:0;width:99.375%;width:-webkit-calc(100% - 2px);width:calc(100% - 2px)\"\/>\n<p>SAIBA MAIS<\/p>\n<p>Por ci\u00fames, homem \u00e9 esfaqueado e fica em estado grave na regi\u00e3o de Ribeir\u00e3o Preto<\/p>\n<h2 class=\"wp-block-heading\"><strong>FIQUE ON<\/strong><\/h2>\n<p>Fique ligado em tudo que acontece em Ribeir\u00e3o Preto e regi\u00e3o. Siga os perfis do\u00a0<strong>acidade on\u00a0<\/strong>no\u00a0<a href=\"https:\/\/www.instagram.com\/acidadeonribeirao\" target=\"_blank\" rel=\"noreferrer noopener\">Instagram<\/a>\u00a0e no\u00a0<a href=\"https:\/\/www.facebook.com\/acidadeonribeirao\/\" target=\"_blank\" rel=\"noreferrer noopener\">Facebook<\/a>.<\/p>\n<p>Receba not\u00edcias do\u00a0<strong>acidade on<\/strong>\u00a0no WhatsApp. Para entrar no grupo,\u00a0basta\u00a0<a href=\"https:\/\/chat.whatsapp.com\/I4nieTEMKlf50pJ28aMemC?mode=ac_t\" target=\"_blank\" rel=\"noreferrer noopener\">clicar aqui<\/a>. Ou, acesse o nosso\u00a0Canal\u00a0<a href=\"https:\/\/whatsapp.com\/channel\/0029Vb6IQl1JENyAeS57fk2p\" target=\"_blank\" rel=\"noreferrer noopener\">clicando aqui<\/a>.<\/p>\n<p>Fa\u00e7a uma den\u00fancia ou sugira uma reportagem sobre Ribeir\u00e3o Preto e regi\u00e3o pelo WhatsApp: 16 99117 7802.<\/p>\n<p>VEJA TAMB\u00c9M<\/p>\n<p>Quando cair\u00e1 a temperatura em SP em outubro?<\/p>\n<p><!-- AI CONTENT END 1 -->\n<\/div>\n<\/div>\n<p><script async src=\"\/\/www.instagram.com\/embed.js\"><\/script><br \/>\n<br \/><br \/>\n<br \/><a href=\"https:\/\/www.acidadeon.com\/ribeiraopreto\/cotidiano\/avenida-segue-com-interdicao-apos-caminhao-ficar-preso-em-bueiro-em-ribeirao-preto-video\/\">Source link <\/a><\/p>\n<!-- CONTENT END 1 -->\n","protected":false},"excerpt":{"rendered":"<p>O acesso \u00e0 avenida Rio Pardo, a partir da avenida Dom Pedro I, na zona Norte de Ribeir\u00e3o Preto, segue totalmente bloqueado na manh\u00e3 desta&#8230;<\/p>\n","protected":false},"author":1,"featured_media":78235,"comment_status":"open","ping_status":"open","sticky":false,"template":"","format":"standard","meta":{"advanced_seo_description":"","jetpack_seo_html_title":"","jetpack_seo_noindex":false,"jetpack_post_was_ever_published":false,"_jetpack_newsletter_access":"","_jetpack_dont_email_post_to_subs":false,"_jetpack_newsletter_tier_id":0,"_jetpack_memberships_contains_paywalled_content":false,"_jetpack_memberships_contains_paid_content":false,"footnotes":"","jetpack_publicize_message":"","jetpack_publicize_feature_enabled":true,"jetpack_social_post_already_shared":true,"jetpack_social_options":{"image_generator_settings":{"template":"highway","default_image_id":0,"font":"","enabled":false},"version":2}},"categories":[11],"tags":[],"class_list":["post-78234","post","type-post","status-publish","format-standard","has-post-thumbnail","hentry","category-noticias-de-ribeirao-preto-sp-e-regiao-ismael-colosi"],"jetpack_publicize_connections":[],"jetpack_featured_media_url":"https:\/\/i0.wp.com\/noticiasribeiraopreto.com.br\/wp-content\/uploads\/2025\/10\/WhatsApp-Image-2025-10-07-at-07.44.01-1_2025-10-07_11-36-28.webp.webp?fit=1200%2C900&ssl=1","jetpack-related-posts":[{"id":45868,"url":"https:\/\/noticiasribeiraopreto.com.br\/index.php\/2024\/04\/08\/motociclista-morre-apos-batida-com-caminhao-em-avenida-de-ribeirao-preto\/","url_meta":{"origin":78234,"position":0},"title":"Motociclista morre ap\u00f3s batida com caminh\u00e3o em avenida de Ribeir\u00e3o Preto","author":"noticiasribeiraopreto.com.br","date":"8 de April de 2024","format":false,"excerpt":"Um motociclista morreu na manh\u00e3 desta segunda-feira (8), depois de se envolver em uma batida de moto com um caminh\u00e3o na avenida Rio Pardo, zona Norte de Ribeir\u00e3o Preto. Segundo informa\u00e7\u00f5es, a suspeita \u00e9 que o motociclista teria tentado desviar de um buraco na via, quando ocorreu a batida com\u2026","rel":"","context":"In &quot;Not\u00edcias de Ribeir\u00e3o Preto-SP e Regi\u00e3o&quot;","block_context":{"text":"Not\u00edcias de Ribeir\u00e3o Preto-SP e Regi\u00e3o","link":"https:\/\/noticiasribeiraopreto.com.br\/index.php\/category\/noticias-de-ribeirao-preto-sp-e-regiao-ismael-colosi\/"},"img":{"alt_text":"","src":"https:\/\/i0.wp.com\/noticiasribeiraopreto.com.br\/wp-content\/uploads\/2024\/04\/ACIDENTE-1.jpg?fit=1200%2C870&ssl=1&resize=350%2C200","width":350,"height":200,"srcset":"https:\/\/i0.wp.com\/noticiasribeiraopreto.com.br\/wp-content\/uploads\/2024\/04\/ACIDENTE-1.jpg?fit=1200%2C870&ssl=1&resize=350%2C200 1x, https:\/\/i0.wp.com\/noticiasribeiraopreto.com.br\/wp-content\/uploads\/2024\/04\/ACIDENTE-1.jpg?fit=1200%2C870&ssl=1&resize=525%2C300 1.5x, https:\/\/i0.wp.com\/noticiasribeiraopreto.com.br\/wp-content\/uploads\/2024\/04\/ACIDENTE-1.jpg?fit=1200%2C870&ssl=1&resize=700%2C400 2x, https:\/\/i0.wp.com\/noticiasribeiraopreto.com.br\/wp-content\/uploads\/2024\/04\/ACIDENTE-1.jpg?fit=1200%2C870&ssl=1&resize=1050%2C600 3x"},"classes":[]},{"id":62260,"url":"https:\/\/noticiasribeiraopreto.com.br\/index.php\/2025\/01\/08\/interdicao-alagamento-e-queda-de-arvore-veja-a-situacao-de-ribeirao-preto-apos-a-chuva\/","url_meta":{"origin":78234,"position":1},"title":"Interdi\u00e7\u00e3o, alagamento e queda de \u00e1rvore: Veja a situa\u00e7\u00e3o de Ribeir\u00e3o Preto ap\u00f3s a chuva","author":"noticiasribeiraopreto.com.br","date":"8 de January de 2025","format":false,"excerpt":"Um\u00a0temporal\u00a0atingiu\u00a0Ribeir\u00e3o Preto\u00a0na tarde desta quarta-feira (8) e provocou\u00a0alagamentos,\u00a0interdi\u00e7\u00f5es e quedas de \u00e1rvores\u00a0em diferentes pontos. Ruas do Centro da cidade se transformaram em um \u2018rio de lama\u2019. De acordo com a RP Mobi, foram registradas as seguintes ocorr\u00eancias: INTERDI\u00c7\u00c3O TOTAL OU PARCIALAlagamento no cruzamento da rua S\u00e3o Francisco com a rua\u2026","rel":"","context":"In &quot;Not\u00edcias de Ribeir\u00e3o Preto-SP e Regi\u00e3o&quot;","block_context":{"text":"Not\u00edcias de Ribeir\u00e3o Preto-SP e Regi\u00e3o","link":"https:\/\/noticiasribeiraopreto.com.br\/index.php\/category\/noticias-de-ribeirao-preto-sp-e-regiao-ismael-colosi\/"},"img":{"alt_text":"","src":"https:\/\/i0.wp.com\/noticiasribeiraopreto.com.br\/wp-content\/uploads\/2025\/01\/Imagem-do-WhatsApp-de-2025-01-08-as-15.51.57_fbe4808f_2025-01-08_19-59-30_jpg_2025-01-08_19-59-30.webp.webp?fit=1200%2C540&ssl=1&resize=350%2C200","width":350,"height":200,"srcset":"https:\/\/i0.wp.com\/noticiasribeiraopreto.com.br\/wp-content\/uploads\/2025\/01\/Imagem-do-WhatsApp-de-2025-01-08-as-15.51.57_fbe4808f_2025-01-08_19-59-30_jpg_2025-01-08_19-59-30.webp.webp?fit=1200%2C540&ssl=1&resize=350%2C200 1x, https:\/\/i0.wp.com\/noticiasribeiraopreto.com.br\/wp-content\/uploads\/2025\/01\/Imagem-do-WhatsApp-de-2025-01-08-as-15.51.57_fbe4808f_2025-01-08_19-59-30_jpg_2025-01-08_19-59-30.webp.webp?fit=1200%2C540&ssl=1&resize=525%2C300 1.5x, https:\/\/i0.wp.com\/noticiasribeiraopreto.com.br\/wp-content\/uploads\/2025\/01\/Imagem-do-WhatsApp-de-2025-01-08-as-15.51.57_fbe4808f_2025-01-08_19-59-30_jpg_2025-01-08_19-59-30.webp.webp?fit=1200%2C540&ssl=1&resize=700%2C400 2x, https:\/\/i0.wp.com\/noticiasribeiraopreto.com.br\/wp-content\/uploads\/2025\/01\/Imagem-do-WhatsApp-de-2025-01-08-as-15.51.57_fbe4808f_2025-01-08_19-59-30_jpg_2025-01-08_19-59-30.webp.webp?fit=1200%2C540&ssl=1&resize=1050%2C600 3x"},"classes":[]},{"id":62118,"url":"https:\/\/noticiasribeiraopreto.com.br\/index.php\/2025\/01\/03\/quedas-de-arvores-e-interdicoes-veja-a-situacao-do-transito-em-ribeirao-apos-temporal\/","url_meta":{"origin":78234,"position":2},"title":"Quedas de \u00e1rvores e interdi\u00e7\u00f5es: Veja a situa\u00e7\u00e3o do tr\u00e2nsito em Ribeir\u00e3o ap\u00f3s temporal","author":"noticiasribeiraopreto.com.br","date":"3 de January de 2025","format":false,"excerpt":"O temporal que atingiu Ribeir\u00e3o Preto, na tarde desta sexta-feira (3), provocou danos e interdi\u00e7\u00f5es em alguns pontos do munic\u00edpio. De acordo com a RP Mobi, empresa que gerencia o tr\u00e2nsito da cidade, as equipes registraram cinco ocorr\u00eancias durante a \u201cOpera\u00e7\u00e3o P\u00f3s-Chuva\u201d. Confira: Alagamento no cruzamento da rua S\u00e3o Francisco\u2026","rel":"","context":"In &quot;Not\u00edcias de Ribeir\u00e3o Preto-SP e Regi\u00e3o&quot;","block_context":{"text":"Not\u00edcias de Ribeir\u00e3o Preto-SP e Regi\u00e3o","link":"https:\/\/noticiasribeiraopreto.com.br\/index.php\/category\/noticias-de-ribeirao-preto-sp-e-regiao-ismael-colosi\/"},"img":{"alt_text":"","src":"https:\/\/i0.wp.com\/noticiasribeiraopreto.com.br\/wp-content\/uploads\/2025\/01\/Copia-de-Copia-de-Copia-de-TAMANHO-EXATO-PARA-FOTOS-NO-SISTEMA-NOVO-2025-01-03T181445.748_2025-01-03_21-14-56_png_2025-01-03_21-14-56.webp.webp?fit=1200%2C675&ssl=1&resize=350%2C200","width":350,"height":200,"srcset":"https:\/\/i0.wp.com\/noticiasribeiraopreto.com.br\/wp-content\/uploads\/2025\/01\/Copia-de-Copia-de-Copia-de-TAMANHO-EXATO-PARA-FOTOS-NO-SISTEMA-NOVO-2025-01-03T181445.748_2025-01-03_21-14-56_png_2025-01-03_21-14-56.webp.webp?fit=1200%2C675&ssl=1&resize=350%2C200 1x, https:\/\/i0.wp.com\/noticiasribeiraopreto.com.br\/wp-content\/uploads\/2025\/01\/Copia-de-Copia-de-Copia-de-TAMANHO-EXATO-PARA-FOTOS-NO-SISTEMA-NOVO-2025-01-03T181445.748_2025-01-03_21-14-56_png_2025-01-03_21-14-56.webp.webp?fit=1200%2C675&ssl=1&resize=525%2C300 1.5x, https:\/\/i0.wp.com\/noticiasribeiraopreto.com.br\/wp-content\/uploads\/2025\/01\/Copia-de-Copia-de-Copia-de-TAMANHO-EXATO-PARA-FOTOS-NO-SISTEMA-NOVO-2025-01-03T181445.748_2025-01-03_21-14-56_png_2025-01-03_21-14-56.webp.webp?fit=1200%2C675&ssl=1&resize=700%2C400 2x, https:\/\/i0.wp.com\/noticiasribeiraopreto.com.br\/wp-content\/uploads\/2025\/01\/Copia-de-Copia-de-Copia-de-TAMANHO-EXATO-PARA-FOTOS-NO-SISTEMA-NOVO-2025-01-03T181445.748_2025-01-03_21-14-56_png_2025-01-03_21-14-56.webp.webp?fit=1200%2C675&ssl=1&resize=1050%2C600 3x"},"classes":[]},{"id":62983,"url":"https:\/\/noticiasribeiraopreto.com.br\/index.php\/2025\/01\/30\/queda-de-carga-de-tijolos-provoca-interdicao-em-avenida-da-zona-oeste-de-ribeirao-preto\/","url_meta":{"origin":78234,"position":3},"title":"Queda de carga de tijolos provoca interdi\u00e7\u00e3o em avenida da zona Oeste de Ribeir\u00e3o Preto","author":"noticiasribeiraopreto.com.br","date":"30 de January de 2025","format":false,"excerpt":"A queda de uma carga de tijolos provou a interdi\u00e7\u00e3o de um trecho da avenida Patriarca, zona Oeste de Ribeir\u00e3o Preto, na manh\u00e3 desta quinta-feira (30) \u2013 veja o v\u00eddeo abaixo. Nas imagens que circulam nas redes sociais \u00e9 poss\u00edvel ver que os tijolos ficaram ca\u00eddos em um lado da\u2026","rel":"","context":"In &quot;Not\u00edcias de Ribeir\u00e3o Preto-SP e Regi\u00e3o&quot;","block_context":{"text":"Not\u00edcias de Ribeir\u00e3o Preto-SP e Regi\u00e3o","link":"https:\/\/noticiasribeiraopreto.com.br\/index.php\/category\/noticias-de-ribeirao-preto-sp-e-regiao-ismael-colosi\/"},"img":{"alt_text":"","src":"https:\/\/i0.wp.com\/noticiasribeiraopreto.com.br\/wp-content\/uploads\/2025\/01\/Copia-de-Copia-de-Copia-de-TAMANHO-EXATO-PARA-FOTOS-NO-SISTEMA-NOVO-2025-01-30T101649.259_2025-01-30_13-16-53_png_2025-01-30_13-16-53.webp.webp?fit=1200%2C675&ssl=1&resize=350%2C200","width":350,"height":200,"srcset":"https:\/\/i0.wp.com\/noticiasribeiraopreto.com.br\/wp-content\/uploads\/2025\/01\/Copia-de-Copia-de-Copia-de-TAMANHO-EXATO-PARA-FOTOS-NO-SISTEMA-NOVO-2025-01-30T101649.259_2025-01-30_13-16-53_png_2025-01-30_13-16-53.webp.webp?fit=1200%2C675&ssl=1&resize=350%2C200 1x, https:\/\/i0.wp.com\/noticiasribeiraopreto.com.br\/wp-content\/uploads\/2025\/01\/Copia-de-Copia-de-Copia-de-TAMANHO-EXATO-PARA-FOTOS-NO-SISTEMA-NOVO-2025-01-30T101649.259_2025-01-30_13-16-53_png_2025-01-30_13-16-53.webp.webp?fit=1200%2C675&ssl=1&resize=525%2C300 1.5x, https:\/\/i0.wp.com\/noticiasribeiraopreto.com.br\/wp-content\/uploads\/2025\/01\/Copia-de-Copia-de-Copia-de-TAMANHO-EXATO-PARA-FOTOS-NO-SISTEMA-NOVO-2025-01-30T101649.259_2025-01-30_13-16-53_png_2025-01-30_13-16-53.webp.webp?fit=1200%2C675&ssl=1&resize=700%2C400 2x, https:\/\/i0.wp.com\/noticiasribeiraopreto.com.br\/wp-content\/uploads\/2025\/01\/Copia-de-Copia-de-Copia-de-TAMANHO-EXATO-PARA-FOTOS-NO-SISTEMA-NOVO-2025-01-30T101649.259_2025-01-30_13-16-53_png_2025-01-30_13-16-53.webp.webp?fit=1200%2C675&ssl=1&resize=1050%2C600 3x"},"classes":[]},{"id":60632,"url":"https:\/\/noticiasribeiraopreto.com.br\/index.php\/2024\/11\/20\/obra-causa-interdicao-em-trecho-no-centro-de-ribeirao-preto-veja-desvio\/","url_meta":{"origin":78234,"position":4},"title":"Obra causa interdi\u00e7\u00e3o em trecho no Centro de Ribeir\u00e3o Preto; Veja desvio","author":"noticiasribeiraopreto.com.br","date":"20 de November de 2024","format":false,"excerpt":"A RP Mobi interditou, nesta quarta-feira (20), um trecho da rua Duque de Caxias, a partir do cruzamento com a rua Jos\u00e9 Bonif\u00e1cio at\u00e9 a pista Centro-bairro da avenida Jer\u00f4nimo Gon\u00e7alves, na regi\u00e3o Central de Ribeir\u00e3o Preto. Segundo a Prefeitura de Ribeir\u00e3o, o bloqueio \u00e9 devido a um reparo nas\u2026","rel":"","context":"In &quot;Not\u00edcias de Ribeir\u00e3o Preto-SP e Regi\u00e3o&quot;","block_context":{"text":"Not\u00edcias de Ribeir\u00e3o Preto-SP e Regi\u00e3o","link":"https:\/\/noticiasribeiraopreto.com.br\/index.php\/category\/noticias-de-ribeirao-preto-sp-e-regiao-ismael-colosi\/"},"img":{"alt_text":"","src":"https:\/\/i0.wp.com\/noticiasribeiraopreto.com.br\/wp-content\/uploads\/2024\/11\/INTERDICAO_2024-11-20_15-00-13_jpeg_2024-11-20_15-00-13.webp.webp?fit=1200%2C844&ssl=1&resize=350%2C200","width":350,"height":200,"srcset":"https:\/\/i0.wp.com\/noticiasribeiraopreto.com.br\/wp-content\/uploads\/2024\/11\/INTERDICAO_2024-11-20_15-00-13_jpeg_2024-11-20_15-00-13.webp.webp?fit=1200%2C844&ssl=1&resize=350%2C200 1x, https:\/\/i0.wp.com\/noticiasribeiraopreto.com.br\/wp-content\/uploads\/2024\/11\/INTERDICAO_2024-11-20_15-00-13_jpeg_2024-11-20_15-00-13.webp.webp?fit=1200%2C844&ssl=1&resize=525%2C300 1.5x, https:\/\/i0.wp.com\/noticiasribeiraopreto.com.br\/wp-content\/uploads\/2024\/11\/INTERDICAO_2024-11-20_15-00-13_jpeg_2024-11-20_15-00-13.webp.webp?fit=1200%2C844&ssl=1&resize=700%2C400 2x, https:\/\/i0.wp.com\/noticiasribeiraopreto.com.br\/wp-content\/uploads\/2024\/11\/INTERDICAO_2024-11-20_15-00-13_jpeg_2024-11-20_15-00-13.webp.webp?fit=1200%2C844&ssl=1&resize=1050%2C600 3x"},"classes":[]},{"id":62264,"url":"https:\/\/noticiasribeiraopreto.com.br\/index.php\/2025\/01\/08\/interdicao-alagamento-e-queda-de-arvore-veja-a-situacao-de-ribeirao-preto-apos-a-chuva-2\/","url_meta":{"origin":78234,"position":5},"title":"Interdi\u00e7\u00e3o, alagamento e queda de \u00e1rvore: Veja a situa\u00e7\u00e3o de Ribeir\u00e3o Preto ap\u00f3s a chuva","author":"noticiasribeiraopreto.com.br","date":"8 de January de 2025","format":false,"excerpt":"Um\u00a0temporal\u00a0atingiu\u00a0Ribeir\u00e3o Preto\u00a0na tarde desta quarta-feira (8) e provocou\u00a0alagamentos,\u00a0interdi\u00e7\u00f5es e quedas de \u00e1rvores\u00a0em diferentes pontos. Ruas do Centro da cidade se transformaram em um \u2018rio de lama\u2019. De acordo com a RP Mobi, foram registradas as seguintes ocorr\u00eancias: TR\u00c2NSITO LIBERADOCruzamento da avenida Maur\u00edlio Biagi com a avenida Alzira Couto MachadoAvenida Caramuru\u2026","rel":"","context":"In &quot;Not\u00edcias de Ribeir\u00e3o Preto-SP e Regi\u00e3o&quot;","block_context":{"text":"Not\u00edcias de Ribeir\u00e3o Preto-SP e Regi\u00e3o","link":"https:\/\/noticiasribeiraopreto.com.br\/index.php\/category\/noticias-de-ribeirao-preto-sp-e-regiao-ismael-colosi\/"},"img":{"alt_text":"","src":"https:\/\/i0.wp.com\/noticiasribeiraopreto.com.br\/wp-content\/uploads\/2025\/01\/Imagem-do-WhatsApp-de-2025-01-08-as-15.51.57_fbe4808f_2025-01-08_19-59-30_jpg_2025-01-08_19-59-30.webp.webp?fit=1200%2C540&ssl=1&resize=350%2C200","width":350,"height":200,"srcset":"https:\/\/i0.wp.com\/noticiasribeiraopreto.com.br\/wp-content\/uploads\/2025\/01\/Imagem-do-WhatsApp-de-2025-01-08-as-15.51.57_fbe4808f_2025-01-08_19-59-30_jpg_2025-01-08_19-59-30.webp.webp?fit=1200%2C540&ssl=1&resize=350%2C200 1x, https:\/\/i0.wp.com\/noticiasribeiraopreto.com.br\/wp-content\/uploads\/2025\/01\/Imagem-do-WhatsApp-de-2025-01-08-as-15.51.57_fbe4808f_2025-01-08_19-59-30_jpg_2025-01-08_19-59-30.webp.webp?fit=1200%2C540&ssl=1&resize=525%2C300 1.5x, https:\/\/i0.wp.com\/noticiasribeiraopreto.com.br\/wp-content\/uploads\/2025\/01\/Imagem-do-WhatsApp-de-2025-01-08-as-15.51.57_fbe4808f_2025-01-08_19-59-30_jpg_2025-01-08_19-59-30.webp.webp?fit=1200%2C540&ssl=1&resize=700%2C400 2x, https:\/\/i0.wp.com\/noticiasribeiraopreto.com.br\/wp-content\/uploads\/2025\/01\/Imagem-do-WhatsApp-de-2025-01-08-as-15.51.57_fbe4808f_2025-01-08_19-59-30_jpg_2025-01-08_19-59-30.webp.webp?fit=1200%2C540&ssl=1&resize=1050%2C600 3x"},"classes":[]}],"jetpack_sharing_enabled":true,"jetpack_shortlink":"https:\/\/wp.me\/peQAOb-klQ","_links":{"self":[{"href":"https:\/\/noticiasribeiraopreto.com.br\/index.php\/wp-json\/wp\/v2\/posts\/78234","targetHints":{"allow":["GET"]}}],"collection":[{"href":"https:\/\/noticiasribeiraopreto.com.br\/index.php\/wp-json\/wp\/v2\/posts"}],"about":[{"href":"https:\/\/noticiasribeiraopreto.com.br\/index.php\/wp-json\/wp\/v2\/types\/post"}],"author":[{"embeddable":true,"href":"https:\/\/noticiasribeiraopreto.com.br\/index.php\/wp-json\/wp\/v2\/users\/1"}],"replies":[{"embeddable":true,"href":"https:\/\/noticiasribeiraopreto.com.br\/index.php\/wp-json\/wp\/v2\/comments?post=78234"}],"version-history":[{"count":0,"href":"https:\/\/noticiasribeiraopreto.com.br\/index.php\/wp-json\/wp\/v2\/posts\/78234\/revisions"}],"wp:featuredmedia":[{"embeddable":true,"href":"https:\/\/noticiasribeiraopreto.com.br\/index.php\/wp-json\/wp\/v2\/media\/78235"}],"wp:attachment":[{"href":"https:\/\/noticiasribeiraopreto.com.br\/index.php\/wp-json\/wp\/v2\/media?parent=78234"}],"wp:term":[{"taxonomy":"category","embeddable":true,"href":"https:\/\/noticiasribeiraopreto.com.br\/index.php\/wp-json\/wp\/v2\/categories?post=78234"},{"taxonomy":"post_tag","embeddable":true,"href":"https:\/\/noticiasribeiraopreto.com.br\/index.php\/wp-json\/wp\/v2\/tags?post=78234"}],"curies":[{"name":"wp","href":"https:\/\/api.w.org\/{rel}","templated":true}]}}