{"id":7824,"date":"2023-11-28T15:53:38","date_gmt":"2023-11-28T18:53:38","guid":{"rendered":"https:\/\/noticiasribeiraopreto.com.br\/index.php\/2023\/11\/28\/condenado-por-morte-de-pm-e-encontrado-enforcado\/"},"modified":"2023-11-28T15:53:38","modified_gmt":"2023-11-28T18:53:38","slug":"condenado-por-morte-de-pm-e-encontrado-enforcado","status":"publish","type":"post","link":"https:\/\/noticiasribeiraopreto.com.br\/index.php\/2023\/11\/28\/condenado-por-morte-de-pm-e-encontrado-enforcado\/","title":{"rendered":"Condenado por morte de PM \u00e9 encontrado enforcado"},"content":{"rendered":"<div class='code-block code-block-1' style='margin: 8px 0 8px auto; text-align: right; display: block; clear: both;'>\n<p><a href=\"https:\/\/wa.link\/vpicfd\"><img data-recalc-dims=\"1\" class=\"wp-image-4922\" style=\"aspect-ratio: 2.0253164556962027; width: 561px; height: auto;\" src=\"https:\/\/i0.wp.com\/ismaelcolosi.com.br\/wp-content\/uploads\/2023\/11\/grupo-de-empregos-whatsapp-e-facebook-ismael-colosi-vagas.jpg?ssl=1\" alt=\"\" \/><\/a><\/p>\n<!-- \/wp:image -->\n<\/div>\n<p> <br \/>\n<\/p>\n<div id=\"\">\n<h2 class=\"penci-post-subtitle\">Corpo de homem estava pendurado na parede de chuveiro em sua cela, no pres\u00eddio de Avar\u00e9, onde cumpria pena pela morte do Cabo Brama<\/h2>\n<p> <span class=\"entry-meta-item penci-posted-on\"><i class=\"fa fa-clock-o\"\/><time class=\"entry-date published updated\" datetime=\"2023-11-28T15:53:38-03:00\">28 de novembro de 2023 | 15:53<\/time><\/span><\/p>\n<p> <span class=\"penci-social-buttons penci-social-share-footer\"><a href=\"#\" class=\"penci-post-like penci_post-meta_item  single-like-button penci-social-item like\" data-post_id=\"365541\" title=\"Like\" data-like=\"Like\" data-unlike=\"Unlike\"><i class=\"fa fa-thumbs-o-up\"\/><span class=\"penci-share-number\">2<\/span><\/a><i class=\"fa fa-facebook\"\/><a class=\"penci-social-item twitter\" target=\"_blank\" rel=\"noopener\" title=\"\" href=\"https:\/\/twitter.com\/intent\/tweet?text=Condenado%20por%20morte%20de%20PM%20\u00e9%20encontrado%20enforcado%20-%20https:\/\/www.tribunaribeirao.com.br\/site\/condenado-por-morte-de-pm-e-encontrado-enforcado\/\"><i class=\"fa fa-twitter\"\/><\/a><i class=\"fa fa-whatsapp\"\/><\/span><\/div>\n<div>\n<p>O homem condenado pela morte do policial militar Roberto Pereira Abramovicius, o Cabo Brama, foi encontrado morto, na manh\u00e3 desta ter\u00e7a-feira (28), no pres\u00eddio de Avar\u00e9, onde cumpria pena de 26 anos e nove meses de pris\u00e3o. Alef Vieira dos Santos foi apontado como autor do assassinato do PM, ocorrido em um posto de combust\u00edveis localizado na esquina das Ruas Coronel Am\u00e9rico Batista e Itajub\u00e1, no Jardim Jos\u00e9 Sampaio, zona Norte de Ribeir\u00e3o Preto.<\/p>\n<p>O crime ocorreu em 21 de junho de 2017. Cabo Brama, ent\u00e3o com 38 anos, trabalhava como seguran\u00e7a quando, por volta de 10h00, foi morto a tiros por um homem que fugiu em uma motocicleta. Cerca de tr\u00eas meses depois, Alef, tamb\u00e9m conhecido por \u201cChina\u201d, foi localizado e detido na cidade de Pontal. Desde ent\u00e3o ele seguia preso.<\/p>\n<p>Em 13 de fevereiro de 2019, foi condenado por um j\u00fari popular pela morte do PM. Ele foi sentenciado a pouco mais de 26 anos de reclus\u00e3o. Na manh\u00e3 desta ter\u00e7a-feira (28). Agentes penitenci\u00e1rios teriam encontrado o corpo de \u201cChina\u201d pendurado na cela. Ao ser retirado, j\u00e1 estava sem vida.<\/p>\n<figure id=\"attachment_365543\" aria-describedby=\"caption-attachment-365543\" style=\"width: 740px\" class=\"wp-caption alignnone\"><figcaption id=\"caption-attachment-365543\" class=\"wp-caption-text\">Cabo Brama foi assassinado a tiros em posto de combust\u00edveis da zona Norte (Foto: PM\/Divulga\u00e7\u00e3o)<\/figcaption><\/figure>\n<p>Na \u00e9poca, a investiga\u00e7\u00e3o concluiu que o homem teria matado o PM por vingan\u00e7a, acreditando que Brama seria autor seu irm\u00e3o num confronto com policiais militares. A suspeita de Alef n\u00e3o foi confirmada. Por outro lado, o irm\u00e3o de \u201cChina\u201d teria cumprido medida socioeducativa por participar da morte de outro PM, o Cabo Edson Luiz Marques, em 2016. Tanto Marques, quanto Ibramovicius, eram considerados bons policiais militares e queridos pelos companheiros.<\/p>\n<p><span style=\"color: #008000\"><em><strong>Viol\u00eancia<\/strong><\/em><\/span><\/p>\n<p>Ap\u00f3s a morte do policial Abramovicius, v\u00e1rios ataques foram registrados nos bairros Ipiranga, Jardim Jandaia, Adelino Simioni e Jardim do Trevo, zonas Norte e Leste da cidade. Os ataques ocorreram num intervalo de quatro dias e quatro pessoas morreram baleadas, enquanto outras nove ficaram feridas. Testemunhas ouvidas relataram que os disparos foram efetuados por ocupantes de um carro prata.<\/p>\n<p>A Ouvidoria da Pol\u00edcia do Estado de S\u00e3o Paulo entrou no caso. Na \u00e9poca, o ouvidor J\u00falio Cesar Fernandes Neves disse que havia \u201cfortes ind\u00edcios\u201d de rela\u00e7\u00e3o entre os crimes. A fam\u00edlia de \u201cChina\u201d chegou a denunciar a PM. O comandante do 3\u00ba Batalh\u00e3o de Pol\u00edcia Militar do Interior (BPMI) \u00e0 \u00e9poca, tenente coronel Marcelo Jer\u00f4nimo de Melo, negou rela\u00e7\u00e3o entre os crimes, mas apontou para a hip\u00f3tese de vingan\u00e7a na morte do policial militar. N\u00e3o foi comprovada a participa\u00e7\u00e3o de PMs nos ataques.<\/p>\n<\/div>\n<p><script async src=\"\/\/platform.twitter.com\/widgets.js\" charset=\"utf-8\"><\/script><br \/>\n<br \/><br \/>\n<br \/><a href=\"https:\/\/www.tribunaribeirao.com.br\/site\/condenado-por-morte-de-pm-e-encontrado-enforcado\/\">Source link <\/a><\/p>\n<!-- CONTENT END 1 -->\n","protected":false},"excerpt":{"rendered":"<p>Corpo de homem estava pendurado na parede de chuveiro em sua cela, no pres\u00eddio de Avar\u00e9, onde cumpria pena pela morte do Cabo Brama 28&#8230;<\/p>\n","protected":false},"author":1,"featured_media":7825,"comment_status":"open","ping_status":"open","sticky":false,"template":"","format":"standard","meta":{"advanced_seo_description":"","jetpack_seo_html_title":"","jetpack_seo_noindex":false,"jetpack_post_was_ever_published":false,"_jetpack_newsletter_access":"","_jetpack_dont_email_post_to_subs":false,"_jetpack_newsletter_tier_id":0,"_jetpack_memberships_contains_paywalled_content":false,"_jetpack_memberships_contains_paid_content":false,"footnotes":"","jetpack_publicize_message":"","jetpack_publicize_feature_enabled":true,"jetpack_social_post_already_shared":true,"jetpack_social_options":{"image_generator_settings":{"template":"highway","default_image_id":0,"font":"","enabled":false},"version":2}},"categories":[11],"tags":[83,404,1032,558,134],"class_list":["post-7824","post","type-post","status-publish","format-standard","has-post-thumbnail","hentry","category-noticias-de-ribeirao-preto-sp-e-regiao-ismael-colosi","tag-condenado","tag-encontrado","tag-enforcado","tag-morte","tag-por"],"jetpack_publicize_connections":[],"jetpack_featured_media_url":"https:\/\/i0.wp.com\/noticiasribeiraopreto.com.br\/wp-content\/uploads\/2023\/11\/00-28-nov-2023-assassino-brama-se-enforcou-foto-pm-arquivo.jpg?fit=681%2C375&ssl=1","jetpack-related-posts":[{"id":43596,"url":"https:\/\/noticiasribeiraopreto.com.br\/index.php\/2024\/03\/22\/acusado-de-matar-esposa-em-rp-e-condenado-a-36-anos-de-prisao\/","url_meta":{"origin":7824,"position":0},"title":"Acusado de matar esposa em RP \u00e9 condenado a 36 anos de pris\u00e3o","author":"noticiasribeiraopreto.com.br","date":"22 de March de 2024","format":false,"excerpt":"Acusado de matar esposa em RP \u00e9 condenado a 36 anos de pris\u00e3o 22 de mar\u00e7o de 2024 | 11:04 1 Por: Adalberto Luque Ivan Nogueira, de 34 anos, acusado de matar a manicure Regiane Carneiro de Moura Silva por asfixia em 2022, foi condenado a 36 anos de pris\u00e3o\u2026","rel":"","context":"In &quot;Not\u00edcias de Ribeir\u00e3o Preto-SP e Regi\u00e3o&quot;","block_context":{"text":"Not\u00edcias de Ribeir\u00e3o Preto-SP e Regi\u00e3o","link":"https:\/\/noticiasribeiraopreto.com.br\/index.php\/category\/noticias-de-ribeirao-preto-sp-e-regiao-ismael-colosi\/"},"img":{"alt_text":"","src":"https:\/\/i0.wp.com\/noticiasribeiraopreto.com.br\/wp-content\/uploads\/2024\/03\/00-22-mar-2024-feminicida-condenado-01-foto-Redes-Sociais-scaled.jpg?fit=900%2C645&ssl=1&resize=350%2C200","width":350,"height":200,"srcset":"https:\/\/i0.wp.com\/noticiasribeiraopreto.com.br\/wp-content\/uploads\/2024\/03\/00-22-mar-2024-feminicida-condenado-01-foto-Redes-Sociais-scaled.jpg?fit=900%2C645&ssl=1&resize=350%2C200 1x, https:\/\/i0.wp.com\/noticiasribeiraopreto.com.br\/wp-content\/uploads\/2024\/03\/00-22-mar-2024-feminicida-condenado-01-foto-Redes-Sociais-scaled.jpg?fit=900%2C645&ssl=1&resize=525%2C300 1.5x, https:\/\/i0.wp.com\/noticiasribeiraopreto.com.br\/wp-content\/uploads\/2024\/03\/00-22-mar-2024-feminicida-condenado-01-foto-Redes-Sociais-scaled.jpg?fit=900%2C645&ssl=1&resize=700%2C400 2x"},"classes":[]},{"id":8677,"url":"https:\/\/noticiasribeiraopreto.com.br\/index.php\/2023\/11\/30\/condenado-de-matar-pm-brama-em-ribeirao-e-encontrado-morto-na-prisao\/","url_meta":{"origin":7824,"position":1},"title":"Condenado por matar PM Brama em Ribeir\u00e3o \u00e9 encontrado morto na pris\u00e3o","author":"noticiasribeiraopreto.com.br","date":"30 de November de 2023","format":false,"excerpt":"O homem condenado pela morte do policial militar Roberto Pereira Abramovicius, conhecido como Brama, foi encontrado morto, na ter\u00e7a-feira (28), por servidores da Penitenci\u00e1ria \u201cDr. Paulo Luciano de Campos\u201d, em Avar\u00e9, cidade no interior de S\u00e3o Paulo. O crime que tirou a vida de Brama aconteceu em 2017, em um\u2026","rel":"","context":"In &quot;Not\u00edcias de Ribeir\u00e3o Preto-SP e Regi\u00e3o&quot;","block_context":{"text":"Not\u00edcias de Ribeir\u00e3o Preto-SP e Regi\u00e3o","link":"https:\/\/noticiasribeiraopreto.com.br\/index.php\/category\/noticias-de-ribeirao-preto-sp-e-regiao-ismael-colosi\/"},"img":{"alt_text":"","src":"https:\/\/i0.wp.com\/noticiasribeiraopreto.com.br\/wp-content\/uploads\/2023\/11\/Alef-Vieira.png?fit=1115%2C759&ssl=1&resize=350%2C200","width":350,"height":200,"srcset":"https:\/\/i0.wp.com\/noticiasribeiraopreto.com.br\/wp-content\/uploads\/2023\/11\/Alef-Vieira.png?fit=1115%2C759&ssl=1&resize=350%2C200 1x, https:\/\/i0.wp.com\/noticiasribeiraopreto.com.br\/wp-content\/uploads\/2023\/11\/Alef-Vieira.png?fit=1115%2C759&ssl=1&resize=525%2C300 1.5x, https:\/\/i0.wp.com\/noticiasribeiraopreto.com.br\/wp-content\/uploads\/2023\/11\/Alef-Vieira.png?fit=1115%2C759&ssl=1&resize=700%2C400 2x, https:\/\/i0.wp.com\/noticiasribeiraopreto.com.br\/wp-content\/uploads\/2023\/11\/Alef-Vieira.png?fit=1115%2C759&ssl=1&resize=1050%2C600 3x"},"classes":[]},{"id":61652,"url":"https:\/\/noticiasribeiraopreto.com.br\/index.php\/2024\/12\/18\/fazendeiro-condenado-pela-morte-de-bancario-em-ribeirao-consegue-habeas-corpus\/","url_meta":{"origin":7824,"position":2},"title":"Fazendeiro condenado pela morte de banc\u00e1rio em Ribeir\u00e3o consegue habeas corpus","author":"noticiasribeiraopreto.com.br","date":"18 de December de 2024","format":false,"excerpt":"O TJ-SP (Tribunal de Justi\u00e7a de S\u00e3o Paulo) concedeu um habeas corpus ao fazendeiro Alexandre Titoto, condenado a 18 anos de pris\u00e3o pela morte do banc\u00e1rio Carlos Alberto Ara\u00fajo, em fevereiro de 2003, em Ribeir\u00e3o Preto. O fazendeiro foi condenado em 2017 por homic\u00eddio triplamente qualificado, contudo, poucas horas ap\u00f3s\u2026","rel":"","context":"In &quot;Not\u00edcias de Ribeir\u00e3o Preto-SP e Regi\u00e3o&quot;","block_context":{"text":"Not\u00edcias de Ribeir\u00e3o Preto-SP e Regi\u00e3o","link":"https:\/\/noticiasribeiraopreto.com.br\/index.php\/category\/noticias-de-ribeirao-preto-sp-e-regiao-ismael-colosi\/"},"img":{"alt_text":"","src":"https:\/\/i0.wp.com\/noticiasribeiraopreto.com.br\/wp-content\/uploads\/2024\/12\/Copia-de-Copia-de-Copia-de-TAMANHO-EXATO-PARA-FOTOS-NO-SISTEMA-NOVO-2024-12-18T125945.317_2024-12-18_16-00-26_png_2024-12-18_16-00-26.webp.webp?fit=1200%2C675&ssl=1&resize=350%2C200","width":350,"height":200,"srcset":"https:\/\/i0.wp.com\/noticiasribeiraopreto.com.br\/wp-content\/uploads\/2024\/12\/Copia-de-Copia-de-Copia-de-TAMANHO-EXATO-PARA-FOTOS-NO-SISTEMA-NOVO-2024-12-18T125945.317_2024-12-18_16-00-26_png_2024-12-18_16-00-26.webp.webp?fit=1200%2C675&ssl=1&resize=350%2C200 1x, https:\/\/i0.wp.com\/noticiasribeiraopreto.com.br\/wp-content\/uploads\/2024\/12\/Copia-de-Copia-de-Copia-de-TAMANHO-EXATO-PARA-FOTOS-NO-SISTEMA-NOVO-2024-12-18T125945.317_2024-12-18_16-00-26_png_2024-12-18_16-00-26.webp.webp?fit=1200%2C675&ssl=1&resize=525%2C300 1.5x, https:\/\/i0.wp.com\/noticiasribeiraopreto.com.br\/wp-content\/uploads\/2024\/12\/Copia-de-Copia-de-Copia-de-TAMANHO-EXATO-PARA-FOTOS-NO-SISTEMA-NOVO-2024-12-18T125945.317_2024-12-18_16-00-26_png_2024-12-18_16-00-26.webp.webp?fit=1200%2C675&ssl=1&resize=700%2C400 2x, https:\/\/i0.wp.com\/noticiasribeiraopreto.com.br\/wp-content\/uploads\/2024\/12\/Copia-de-Copia-de-Copia-de-TAMANHO-EXATO-PARA-FOTOS-NO-SISTEMA-NOVO-2024-12-18T125945.317_2024-12-18_16-00-26_png_2024-12-18_16-00-26.webp.webp?fit=1200%2C675&ssl=1&resize=1050%2C600 3x"},"classes":[]},{"id":61656,"url":"https:\/\/noticiasribeiraopreto.com.br\/index.php\/2024\/12\/18\/fazendeiro-condenado-pela-morte-de-bancario-em-ribeirao-vai-continuar-em-liberdade\/","url_meta":{"origin":7824,"position":3},"title":"Fazendeiro condenado pela morte de banc\u00e1rio em Ribeir\u00e3o vai continuar em liberdade","author":"noticiasribeiraopreto.com.br","date":"18 de December de 2024","format":false,"excerpt":"O TJ-SP (Tribunal de Justi\u00e7a de S\u00e3o Paulo) concedeu um habeas corpus ao fazendeiro Alexandre Titoto, condenado a 18 anos de pris\u00e3o pela morte do banc\u00e1rio Carlos Alberto Ara\u00fajo, em fevereiro de 2003, em Ribeir\u00e3o Preto. O fazendeiro foi condenado em 2017 por homic\u00eddio triplamente qualificado, contudo, poucas horas ap\u00f3s\u2026","rel":"","context":"In &quot;Not\u00edcias de Ribeir\u00e3o Preto-SP e Regi\u00e3o&quot;","block_context":{"text":"Not\u00edcias de Ribeir\u00e3o Preto-SP e Regi\u00e3o","link":"https:\/\/noticiasribeiraopreto.com.br\/index.php\/category\/noticias-de-ribeirao-preto-sp-e-regiao-ismael-colosi\/"},"img":{"alt_text":"","src":"https:\/\/i0.wp.com\/noticiasribeiraopreto.com.br\/wp-content\/uploads\/2024\/12\/Copia-de-Copia-de-Copia-de-TAMANHO-EXATO-PARA-FOTOS-NO-SISTEMA-NOVO-2024-12-18T125945.317_2024-12-18_16-00-26_png_2024-12-18_16-00-26.webp.webp?fit=1200%2C675&ssl=1&resize=350%2C200","width":350,"height":200,"srcset":"https:\/\/i0.wp.com\/noticiasribeiraopreto.com.br\/wp-content\/uploads\/2024\/12\/Copia-de-Copia-de-Copia-de-TAMANHO-EXATO-PARA-FOTOS-NO-SISTEMA-NOVO-2024-12-18T125945.317_2024-12-18_16-00-26_png_2024-12-18_16-00-26.webp.webp?fit=1200%2C675&ssl=1&resize=350%2C200 1x, https:\/\/i0.wp.com\/noticiasribeiraopreto.com.br\/wp-content\/uploads\/2024\/12\/Copia-de-Copia-de-Copia-de-TAMANHO-EXATO-PARA-FOTOS-NO-SISTEMA-NOVO-2024-12-18T125945.317_2024-12-18_16-00-26_png_2024-12-18_16-00-26.webp.webp?fit=1200%2C675&ssl=1&resize=525%2C300 1.5x, https:\/\/i0.wp.com\/noticiasribeiraopreto.com.br\/wp-content\/uploads\/2024\/12\/Copia-de-Copia-de-Copia-de-TAMANHO-EXATO-PARA-FOTOS-NO-SISTEMA-NOVO-2024-12-18T125945.317_2024-12-18_16-00-26_png_2024-12-18_16-00-26.webp.webp?fit=1200%2C675&ssl=1&resize=700%2C400 2x, https:\/\/i0.wp.com\/noticiasribeiraopreto.com.br\/wp-content\/uploads\/2024\/12\/Copia-de-Copia-de-Copia-de-TAMANHO-EXATO-PARA-FOTOS-NO-SISTEMA-NOVO-2024-12-18T125945.317_2024-12-18_16-00-26_png_2024-12-18_16-00-26.webp.webp?fit=1200%2C675&ssl=1&resize=1050%2C600 3x"},"classes":[]},{"id":47500,"url":"https:\/\/noticiasribeiraopreto.com.br\/index.php\/2024\/04\/25\/nome-de-advogado-condenado-pela-morte-de-adolescente-em-ribeirao-aparece-em-lista-de-procurados-da-justica\/","url_meta":{"origin":7824,"position":4},"title":"Nome de advogado condenado pela morte de adolescente em Ribeir\u00e3o aparece em lista de procurados da Justi\u00e7a","author":"noticiasribeiraopreto.com.br","date":"25 de April de 2024","format":false,"excerpt":"O nome do advogado Alexandre Luis Maturana, condenado \u00e0 pris\u00e3o pela morte de um adolescente em Ribeir\u00e3o Preto, aparece nas principais listas de procurados no territ\u00f3rio nacional, de acordo com as autoridades. Acusado de atropelar Rubem Falconi de Oliveira, de 16 anos, ap\u00f3s uma festa em um clube da cidade,\u2026","rel":"","context":"In &quot;Not\u00edcias de Ribeir\u00e3o Preto-SP e Regi\u00e3o&quot;","block_context":{"text":"Not\u00edcias de Ribeir\u00e3o Preto-SP e Regi\u00e3o","link":"https:\/\/noticiasribeiraopreto.com.br\/index.php\/category\/noticias-de-ribeirao-preto-sp-e-regiao-ismael-colosi\/"},"img":{"alt_text":"","src":"https:\/\/i0.wp.com\/noticiasribeiraopreto.com.br\/wp-content\/uploads\/2024\/04\/Copia-de-Copia-de-TAMANHO-EXATO-PARA-FOTOS-NO-SISTEMA-NOVO-14_2024-04-26_00-01-15_png.webp.webp?fit=1200%2C675&ssl=1&resize=350%2C200","width":350,"height":200,"srcset":"https:\/\/i0.wp.com\/noticiasribeiraopreto.com.br\/wp-content\/uploads\/2024\/04\/Copia-de-Copia-de-TAMANHO-EXATO-PARA-FOTOS-NO-SISTEMA-NOVO-14_2024-04-26_00-01-15_png.webp.webp?fit=1200%2C675&ssl=1&resize=350%2C200 1x, https:\/\/i0.wp.com\/noticiasribeiraopreto.com.br\/wp-content\/uploads\/2024\/04\/Copia-de-Copia-de-TAMANHO-EXATO-PARA-FOTOS-NO-SISTEMA-NOVO-14_2024-04-26_00-01-15_png.webp.webp?fit=1200%2C675&ssl=1&resize=525%2C300 1.5x, https:\/\/i0.wp.com\/noticiasribeiraopreto.com.br\/wp-content\/uploads\/2024\/04\/Copia-de-Copia-de-TAMANHO-EXATO-PARA-FOTOS-NO-SISTEMA-NOVO-14_2024-04-26_00-01-15_png.webp.webp?fit=1200%2C675&ssl=1&resize=700%2C400 2x, https:\/\/i0.wp.com\/noticiasribeiraopreto.com.br\/wp-content\/uploads\/2024\/04\/Copia-de-Copia-de-TAMANHO-EXATO-PARA-FOTOS-NO-SISTEMA-NOVO-14_2024-04-26_00-01-15_png.webp.webp?fit=1200%2C675&ssl=1&resize=1050%2C600 3x"},"classes":[]},{"id":67455,"url":"https:\/\/noticiasribeiraopreto.com.br\/index.php\/2025\/04\/14\/homem-e-condenado-a-23-anos-de-prisao-por-matar-entregador-em-ribeirao\/","url_meta":{"origin":7824,"position":5},"title":"Homem \u00e9 condenado a 23 anos de pris\u00e3o por matar entregador em Ribeir\u00e3o","author":"noticiasribeiraopreto.com.br","date":"14 de April de 2025","format":false,"excerpt":"A Justi\u00e7a condenou a 23 anos de pris\u00e3o, o homem acusado de matar e roubar o entregador Gabriel Rodrigues da Costa, de 26 anos. O corpo da v\u00edtima foi encontrado no Morro do S\u00e3o Bento, em Ribeir\u00e3o Preto, em junho de 2024. Guilherme Miranda, de 38 anos, est\u00e1 preso desde\u2026","rel":"","context":"In &quot;Not\u00edcias de Ribeir\u00e3o Preto-SP e Regi\u00e3o&quot;","block_context":{"text":"Not\u00edcias de Ribeir\u00e3o Preto-SP e Regi\u00e3o","link":"https:\/\/noticiasribeiraopreto.com.br\/index.php\/category\/noticias-de-ribeirao-preto-sp-e-regiao-ismael-colosi\/"},"img":{"alt_text":"","src":"https:\/\/i0.wp.com\/noticiasribeiraopreto.com.br\/wp-content\/uploads\/2024\/10\/Copia-de-Copia-de-Copia-de-TAMANHO-EXATO-PARA-FOTOS-NO-SISTEMA-NOVO-2024-10-31T184327.323_2024-10-31_21-46-57_png_2024-10-31_21-46-57.webp.webp?fit=1200%2C675&ssl=1&resize=350%2C200","width":350,"height":200,"srcset":"https:\/\/i0.wp.com\/noticiasribeiraopreto.com.br\/wp-content\/uploads\/2024\/10\/Copia-de-Copia-de-Copia-de-TAMANHO-EXATO-PARA-FOTOS-NO-SISTEMA-NOVO-2024-10-31T184327.323_2024-10-31_21-46-57_png_2024-10-31_21-46-57.webp.webp?fit=1200%2C675&ssl=1&resize=350%2C200 1x, https:\/\/i0.wp.com\/noticiasribeiraopreto.com.br\/wp-content\/uploads\/2024\/10\/Copia-de-Copia-de-Copia-de-TAMANHO-EXATO-PARA-FOTOS-NO-SISTEMA-NOVO-2024-10-31T184327.323_2024-10-31_21-46-57_png_2024-10-31_21-46-57.webp.webp?fit=1200%2C675&ssl=1&resize=525%2C300 1.5x, https:\/\/i0.wp.com\/noticiasribeiraopreto.com.br\/wp-content\/uploads\/2024\/10\/Copia-de-Copia-de-Copia-de-TAMANHO-EXATO-PARA-FOTOS-NO-SISTEMA-NOVO-2024-10-31T184327.323_2024-10-31_21-46-57_png_2024-10-31_21-46-57.webp.webp?fit=1200%2C675&ssl=1&resize=700%2C400 2x, https:\/\/i0.wp.com\/noticiasribeiraopreto.com.br\/wp-content\/uploads\/2024\/10\/Copia-de-Copia-de-Copia-de-TAMANHO-EXATO-PARA-FOTOS-NO-SISTEMA-NOVO-2024-10-31T184327.323_2024-10-31_21-46-57_png_2024-10-31_21-46-57.webp.webp?fit=1200%2C675&ssl=1&resize=1050%2C600 3x"},"classes":[]}],"jetpack_sharing_enabled":true,"jetpack_shortlink":"https:\/\/wp.me\/peQAOb-22c","_links":{"self":[{"href":"https:\/\/noticiasribeiraopreto.com.br\/index.php\/wp-json\/wp\/v2\/posts\/7824","targetHints":{"allow":["GET"]}}],"collection":[{"href":"https:\/\/noticiasribeiraopreto.com.br\/index.php\/wp-json\/wp\/v2\/posts"}],"about":[{"href":"https:\/\/noticiasribeiraopreto.com.br\/index.php\/wp-json\/wp\/v2\/types\/post"}],"author":[{"embeddable":true,"href":"https:\/\/noticiasribeiraopreto.com.br\/index.php\/wp-json\/wp\/v2\/users\/1"}],"replies":[{"embeddable":true,"href":"https:\/\/noticiasribeiraopreto.com.br\/index.php\/wp-json\/wp\/v2\/comments?post=7824"}],"version-history":[{"count":0,"href":"https:\/\/noticiasribeiraopreto.com.br\/index.php\/wp-json\/wp\/v2\/posts\/7824\/revisions"}],"wp:featuredmedia":[{"embeddable":true,"href":"https:\/\/noticiasribeiraopreto.com.br\/index.php\/wp-json\/wp\/v2\/media\/7825"}],"wp:attachment":[{"href":"https:\/\/noticiasribeiraopreto.com.br\/index.php\/wp-json\/wp\/v2\/media?parent=7824"}],"wp:term":[{"taxonomy":"category","embeddable":true,"href":"https:\/\/noticiasribeiraopreto.com.br\/index.php\/wp-json\/wp\/v2\/categories?post=7824"},{"taxonomy":"post_tag","embeddable":true,"href":"https:\/\/noticiasribeiraopreto.com.br\/index.php\/wp-json\/wp\/v2\/tags?post=7824"}],"curies":[{"name":"wp","href":"https:\/\/api.w.org\/{rel}","templated":true}]}}