{"id":78242,"date":"2025-10-07T13:15:01","date_gmt":"2025-10-07T16:15:01","guid":{"rendered":"https:\/\/noticiasribeiraopreto.com.br\/index.php\/2025\/10\/07\/com-38c-ribeirao-preto-registra-dia-mais-quente-do-ano-veja-previsao\/"},"modified":"2025-10-07T13:15:01","modified_gmt":"2025-10-07T16:15:01","slug":"com-38c-ribeirao-preto-registra-dia-mais-quente-do-ano-veja-previsao","status":"publish","type":"post","link":"https:\/\/noticiasribeiraopreto.com.br\/index.php\/2025\/10\/07\/com-38c-ribeirao-preto-registra-dia-mais-quente-do-ano-veja-previsao\/","title":{"rendered":"Com 38\u00b0C, Ribeir\u00e3o Preto registra dia mais quente do ano; Veja previs\u00e3o"},"content":{"rendered":"<div class='code-block code-block-1' style='margin: 8px 0 8px auto; text-align: right; display: block; clear: both;'>\n<p><a href=\"https:\/\/wa.link\/vpicfd\"><img data-recalc-dims=\"1\" class=\"wp-image-4922\" style=\"aspect-ratio: 2.0253164556962027; width: 561px; height: auto;\" src=\"https:\/\/i0.wp.com\/ismaelcolosi.com.br\/wp-content\/uploads\/2023\/11\/grupo-de-empregos-whatsapp-e-facebook-ismael-colosi-vagas.jpg?ssl=1\" alt=\"\" \/><\/a><\/p>\n<!-- \/wp:image -->\n<\/div>\n<p> <br \/>\n<\/p>\n<div data-td-block-uid=\"tdi_95\">\n<div class=\"tdb-block-inner td-fix-index\">\n<p><strong>Ribeir\u00e3o Preto registrou o da mais quente de 2025 nesta segunda-feira (6).<\/strong><\/p>\n<p><mark style=\"background-color:#fcb900\" class=\"has-inline-color has-black-color\">Segundo a Redemet (Rede de Meteorologia do Comando da Aeron\u00e1utica), foram anotados 38\u00b0C no aeroporto Leite Lopes, na zona Norte da cidade. At\u00e9 ent\u00e3o, a temperatura mais alta no ano havia sido de 36\u00b0C na cidade, registrada no \u00faltimo domingo (5).<\/mark><\/p>\n<h2 class=\"wp-block-heading\"><strong>Vem chuva?<\/strong><\/h2>\n<p>Nesta ter\u00e7a-feira (7), a temperatura deve permanecer alta em Ribeir\u00e3o Preto, com calor intenso \u00e0 tarde, segundo a Climatempo. A m\u00e1xima pode atingir 37\u00b0C na cidade.<\/p>\n<p>Conforme a meteorologia, n\u00e3o est\u00e3o descartadas pancadas isoladas de chuva sobre a regi\u00e3o no fim do dia. O volume acumulado, por\u00e9m, \u00e9 baixo.<\/p>\n<p>Com o avan\u00e7o de uma frente fria, est\u00e3o previstas rajadas de vento entre 50 km\/h e 70 km\/h ao longo do dia.<\/p>\n<p>SAIBA MAIS<\/p>\n<p>Interior de SP tem alerta para chuva forte e passagem de frente fria; Veja quando<\/p>\n<h3 class=\"wp-block-heading\"><strong>FIQUE ON<\/strong><\/h3>\n<p>Fique ligado em tudo que acontece em Ribeir\u00e3o Preto e regi\u00e3o. Siga os perfis do\u00a0<strong>acidade on\u00a0<\/strong>no\u00a0<a href=\"https:\/\/www.instagram.com\/acidadeonribeirao\" target=\"_blank\" rel=\"noreferrer noopener\">Instagram<\/a>\u00a0e no\u00a0<a href=\"https:\/\/www.facebook.com\/acidadeonribeirao\/\" target=\"_blank\" rel=\"noreferrer noopener\">Facebook<\/a>.<\/p>\n<p>Receba not\u00edcias do\u00a0<strong>acidade on<\/strong>\u00a0no WhatsApp. Para entrar no grupo,\u00a0basta\u00a0<a href=\"https:\/\/chat.whatsapp.com\/I4nieTEMKlf50pJ28aMemC?mode=ac_t\" target=\"_blank\" rel=\"noreferrer noopener\">clicar aqui<\/a>. Ou, acesse o nosso\u00a0Canal\u00a0<a href=\"https:\/\/whatsapp.com\/channel\/0029Vb6IQl1JENyAeS57fk2p\" target=\"_blank\" rel=\"noreferrer noopener\">clicando aqui<\/a>.<\/p>\n<p>Fa\u00e7a uma den\u00fancia ou sugira uma reportagem sobre Ribeir\u00e3o Preto e regi\u00e3o pelo WhatsApp: 16 99117 7802.<\/p>\n<p>VEJA TAMB\u00c9M<\/p>\n<p>Quando cair\u00e1 a temperatura em SP em outubro?<\/p>\n<p><!-- AI CONTENT END 1 -->\n<\/div>\n<\/div>\n<p><script async src=\"\/\/www.instagram.com\/embed.js\"><\/script><br \/>\n<br \/><br \/>\n<br \/><a href=\"https:\/\/www.acidadeon.com\/ribeiraopreto\/cotidiano\/com-38c-ribeirao-preto-registra-dia-mais-quente-do-ano-veja-previsao\/\">Source link <\/a><\/p>\n<!-- CONTENT END 1 -->\n","protected":false},"excerpt":{"rendered":"<p>Ribeir\u00e3o Preto registrou o da mais quente de 2025 nesta segunda-feira (6). Segundo a Redemet (Rede de Meteorologia do Comando da Aeron\u00e1utica), foram anotados 38\u00b0C&#8230;<\/p>\n","protected":false},"author":1,"featured_media":78243,"comment_status":"open","ping_status":"open","sticky":false,"template":"","format":"standard","meta":{"advanced_seo_description":"","jetpack_seo_html_title":"","jetpack_seo_noindex":false,"jetpack_post_was_ever_published":false,"_jetpack_newsletter_access":"","_jetpack_dont_email_post_to_subs":false,"_jetpack_newsletter_tier_id":0,"_jetpack_memberships_contains_paywalled_content":false,"_jetpack_memberships_contains_paid_content":false,"footnotes":"","jetpack_publicize_message":"","jetpack_publicize_feature_enabled":true,"jetpack_social_post_already_shared":true,"jetpack_social_options":{"image_generator_settings":{"template":"highway","default_image_id":0,"font":"","enabled":false},"version":2}},"categories":[11],"tags":[],"class_list":["post-78242","post","type-post","status-publish","format-standard","has-post-thumbnail","hentry","category-noticias-de-ribeirao-preto-sp-e-regiao-ismael-colosi"],"jetpack_publicize_connections":[],"jetpack_featured_media_url":"https:\/\/i0.wp.com\/noticiasribeiraopreto.com.br\/wp-content\/uploads\/2025\/10\/WhatsApp-Image-2024-06-17-at-08.43.59_2024-06-17_11-44-22_jpeg_2024-06-17_11-44-23.webp.webp?fit=1600%2C1476&ssl=1","jetpack-related-posts":[{"id":44546,"url":"https:\/\/noticiasribeiraopreto.com.br\/index.php\/2024\/03\/28\/ribeirao-preto-registra-menor-temperatura-maxima-de-2024-veja-qual-foi\/","url_meta":{"origin":78242,"position":0},"title":"Ribeir\u00e3o Preto registra menor temperatura m\u00e1xima de 2024; Veja qual foi","author":"noticiasribeiraopreto.com.br","date":"28 de March de 2024","format":false,"excerpt":"A \u00faltima quarta-feira (27) foi o dia mais fresco de Ribeir\u00e3o Preto em 2024. De acordo com a Climatempo, a temperatura m\u00e1xima registrada na cidade foi de 25.85\u00b0C \u2013 a m\u00ednima foi de 19,46\u00b0C, aponta o IAC (Instituto Agron\u00f4mico). A queda da temperatura na cidade foi provocada por uma frente\u2026","rel":"","context":"In &quot;Not\u00edcias de Ribeir\u00e3o Preto-SP e Regi\u00e3o&quot;","block_context":{"text":"Not\u00edcias de Ribeir\u00e3o Preto-SP e Regi\u00e3o","link":"https:\/\/noticiasribeiraopreto.com.br\/index.php\/category\/noticias-de-ribeirao-preto-sp-e-regiao-ismael-colosi\/"},"img":{"alt_text":"","src":"https:\/\/i0.wp.com\/noticiasribeiraopreto.com.br\/wp-content\/uploads\/2024\/03\/AnyConv.com__tempo-ribeirao-preto-2.webp.webp?fit=1200%2C675&ssl=1&resize=350%2C200","width":350,"height":200,"srcset":"https:\/\/i0.wp.com\/noticiasribeiraopreto.com.br\/wp-content\/uploads\/2024\/03\/AnyConv.com__tempo-ribeirao-preto-2.webp.webp?fit=1200%2C675&ssl=1&resize=350%2C200 1x, https:\/\/i0.wp.com\/noticiasribeiraopreto.com.br\/wp-content\/uploads\/2024\/03\/AnyConv.com__tempo-ribeirao-preto-2.webp.webp?fit=1200%2C675&ssl=1&resize=525%2C300 1.5x, https:\/\/i0.wp.com\/noticiasribeiraopreto.com.br\/wp-content\/uploads\/2024\/03\/AnyConv.com__tempo-ribeirao-preto-2.webp.webp?fit=1200%2C675&ssl=1&resize=700%2C400 2x, https:\/\/i0.wp.com\/noticiasribeiraopreto.com.br\/wp-content\/uploads\/2024\/03\/AnyConv.com__tempo-ribeirao-preto-2.webp.webp?fit=1200%2C675&ssl=1&resize=1050%2C600 3x"},"classes":[]},{"id":1630,"url":"https:\/\/noticiasribeiraopreto.com.br\/index.php\/2023\/11\/13\/ribeirao-preto-esta-mais-quente-do-que-o-deserto-do-saara-confira\/","url_meta":{"origin":78242,"position":1},"title":"Ribeir\u00e3o Preto est\u00e1 mais quente do que o deserto do Saara; Confira","author":"noticiasribeiraopreto.com.br","date":"13 de November de 2023","format":false,"excerpt":"A temperatura em Ribeir\u00e3o Preto, no in\u00edcio da tarde desta segunda-feira (13), \u00e9 maior do em Timbuktu, no Mali, que fica no meio do deserto do Saara, na \u00c1frica. Segundo o site especializado em meteorologia, weather.com, a temperatura em Ribeir\u00e3o Preto \u00e0s 13h era de 40\u00b0C. Em Timbuktu, cidade hist\u00f3rica\u2026","rel":"","context":"In &quot;Not\u00edcias de Ribeir\u00e3o Preto-SP e Regi\u00e3o&quot;","block_context":{"text":"Not\u00edcias de Ribeir\u00e3o Preto-SP e Regi\u00e3o","link":"https:\/\/noticiasribeiraopreto.com.br\/index.php\/category\/noticias-de-ribeirao-preto-sp-e-regiao-ismael-colosi\/"},"img":{"alt_text":"","src":"https:\/\/i0.wp.com\/noticiasribeiraopreto.com.br\/wp-content\/uploads\/2023\/11\/temperatura-em-ribeirao-preto-e-timbuktu.jpeg?fit=1200%2C675&ssl=1&resize=350%2C200","width":350,"height":200,"srcset":"https:\/\/i0.wp.com\/noticiasribeiraopreto.com.br\/wp-content\/uploads\/2023\/11\/temperatura-em-ribeirao-preto-e-timbuktu.jpeg?fit=1200%2C675&ssl=1&resize=350%2C200 1x, https:\/\/i0.wp.com\/noticiasribeiraopreto.com.br\/wp-content\/uploads\/2023\/11\/temperatura-em-ribeirao-preto-e-timbuktu.jpeg?fit=1200%2C675&ssl=1&resize=525%2C300 1.5x, https:\/\/i0.wp.com\/noticiasribeiraopreto.com.br\/wp-content\/uploads\/2023\/11\/temperatura-em-ribeirao-preto-e-timbuktu.jpeg?fit=1200%2C675&ssl=1&resize=700%2C400 2x, https:\/\/i0.wp.com\/noticiasribeiraopreto.com.br\/wp-content\/uploads\/2023\/11\/temperatura-em-ribeirao-preto-e-timbuktu.jpeg?fit=1200%2C675&ssl=1&resize=1050%2C600 3x"},"classes":[]},{"id":71784,"url":"https:\/\/noticiasribeiraopreto.com.br\/index.php\/2025\/06\/10\/temperatura-deve-cair-nesta-semana\/","url_meta":{"origin":78242,"position":2},"title":"Temperatura deve cair nesta semana","author":"noticiasribeiraopreto.com.br","date":"10 de June de 2025","format":false,"excerpt":"A semana em Ribeir\u00e3o Preto ter\u00e1 c\u00e9u azul, sol e temperaturas baixas para os padr\u00f5es da cidade devido \u00e0 chegada de nova onda de frio. Havia previs\u00e3o de chuva para esta segunda-feira, 9 de junho, de at\u00e9 14,5 mil\u00edmetros, e choveu de madrugada, mas n\u00e3o h\u00e1 previs\u00e3o\u00a0 at\u00e9 domingo (15),\u2026","rel":"","context":"In &quot;Not\u00edcias de Ribeir\u00e3o Preto-SP e Regi\u00e3o&quot;","block_context":{"text":"Not\u00edcias de Ribeir\u00e3o Preto-SP e Regi\u00e3o","link":"https:\/\/noticiasribeiraopreto.com.br\/index.php\/category\/noticias-de-ribeirao-preto-sp-e-regiao-ismael-colosi\/"},"img":{"alt_text":"","src":"https:\/\/i0.wp.com\/noticiasribeiraopreto.com.br\/wp-content\/uploads\/2025\/06\/ChuvaRP-Max-Gallao-Mesquita-scaled.jpg?fit=783%2C500&ssl=1&resize=350%2C200","width":350,"height":200,"srcset":"https:\/\/i0.wp.com\/noticiasribeiraopreto.com.br\/wp-content\/uploads\/2025\/06\/ChuvaRP-Max-Gallao-Mesquita-scaled.jpg?fit=783%2C500&ssl=1&resize=350%2C200 1x, https:\/\/i0.wp.com\/noticiasribeiraopreto.com.br\/wp-content\/uploads\/2025\/06\/ChuvaRP-Max-Gallao-Mesquita-scaled.jpg?fit=783%2C500&ssl=1&resize=525%2C300 1.5x, https:\/\/i0.wp.com\/noticiasribeiraopreto.com.br\/wp-content\/uploads\/2025\/06\/ChuvaRP-Max-Gallao-Mesquita-scaled.jpg?fit=783%2C500&ssl=1&resize=700%2C400 2x"},"classes":[]},{"id":62738,"url":"https:\/\/noticiasribeiraopreto.com.br\/index.php\/2025\/01\/23\/ribeirao-preto-volta-a-bater-recorde-de-calor-no-ano\/","url_meta":{"origin":78242,"position":3},"title":"Ribeir\u00e3o Preto volta a bater recorde de calor no ano","author":"noticiasribeiraopreto.com.br","date":"23 de January de 2025","format":false,"excerpt":"Ribeir\u00e3o Preto voltou a registrar o dia mais quente em 2025. Segundo a\u00a0Climatempo,\u00a0a m\u00e1xima atingiu 35\u00b0C no per\u00edodo da tarde desta quarta-feira (22), conforme dados do aeroporto Leite Lopes, na zona Norte da cidade.\u00a0Na ter\u00e7a-feira (21), at\u00e9 ent\u00e3o o dia mais quente do ano, a m\u00e1xima foi de 34\u00b0C. Nesta\u2026","rel":"","context":"In &quot;Not\u00edcias de Ribeir\u00e3o Preto-SP e Regi\u00e3o&quot;","block_context":{"text":"Not\u00edcias de Ribeir\u00e3o Preto-SP e Regi\u00e3o","link":"https:\/\/noticiasribeiraopreto.com.br\/index.php\/category\/noticias-de-ribeirao-preto-sp-e-regiao-ismael-colosi\/"},"img":{"alt_text":"","src":"https:\/\/i0.wp.com\/noticiasribeiraopreto.com.br\/wp-content\/uploads\/2025\/01\/calor_fonte_1024x576_24012021151539.jpg?fit=1024%2C576&ssl=1&resize=350%2C200","width":350,"height":200,"srcset":"https:\/\/i0.wp.com\/noticiasribeiraopreto.com.br\/wp-content\/uploads\/2025\/01\/calor_fonte_1024x576_24012021151539.jpg?fit=1024%2C576&ssl=1&resize=350%2C200 1x, https:\/\/i0.wp.com\/noticiasribeiraopreto.com.br\/wp-content\/uploads\/2025\/01\/calor_fonte_1024x576_24012021151539.jpg?fit=1024%2C576&ssl=1&resize=525%2C300 1.5x, https:\/\/i0.wp.com\/noticiasribeiraopreto.com.br\/wp-content\/uploads\/2025\/01\/calor_fonte_1024x576_24012021151539.jpg?fit=1024%2C576&ssl=1&resize=700%2C400 2x"},"classes":[]},{"id":48368,"url":"https:\/\/noticiasribeiraopreto.com.br\/index.php\/2024\/05\/02\/inmet-preve-tempo-quente-e-seco-no-interior-de-sp-nas-proximas-duas-semanas\/","url_meta":{"origin":78242,"position":4},"title":"Inmet prev\u00ea tempo quente e seco no interior de SP nas pr\u00f3ximas duas semanas","author":"noticiasribeiraopreto.com.br","date":"2 de May de 2024","format":false,"excerpt":"O Instituto Nacional de Meteorologia (Inmet) concluiu o informe meteorol\u00f3gico com a previs\u00e3o do tempo para as pr\u00f3ximas duas semanas. Segundo an\u00e1lise do \u00f3rg\u00e3o, a previs\u00e3o \u00e9 de que as regi\u00f5es Centro-Oeste e Sudeste tenham tempo quente e seco at\u00e9 pelo menos o dia 15 de maio. Nos \u00faltimos dias\u2026","rel":"","context":"In &quot;Not\u00edcias de Ribeir\u00e3o Preto-SP e Regi\u00e3o&quot;","block_context":{"text":"Not\u00edcias de Ribeir\u00e3o Preto-SP e Regi\u00e3o","link":"https:\/\/noticiasribeiraopreto.com.br\/index.php\/category\/noticias-de-ribeirao-preto-sp-e-regiao-ismael-colosi\/"},"img":{"alt_text":"","src":"https:\/\/i0.wp.com\/noticiasribeiraopreto.com.br\/wp-content\/uploads\/2024\/05\/mulher-mais-velha-lutando-com-alta-temperatura-scaled.jpg?fit=1200%2C800&ssl=1&resize=350%2C200","width":350,"height":200,"srcset":"https:\/\/i0.wp.com\/noticiasribeiraopreto.com.br\/wp-content\/uploads\/2024\/05\/mulher-mais-velha-lutando-com-alta-temperatura-scaled.jpg?fit=1200%2C800&ssl=1&resize=350%2C200 1x, https:\/\/i0.wp.com\/noticiasribeiraopreto.com.br\/wp-content\/uploads\/2024\/05\/mulher-mais-velha-lutando-com-alta-temperatura-scaled.jpg?fit=1200%2C800&ssl=1&resize=525%2C300 1.5x, https:\/\/i0.wp.com\/noticiasribeiraopreto.com.br\/wp-content\/uploads\/2024\/05\/mulher-mais-velha-lutando-com-alta-temperatura-scaled.jpg?fit=1200%2C800&ssl=1&resize=700%2C400 2x, https:\/\/i0.wp.com\/noticiasribeiraopreto.com.br\/wp-content\/uploads\/2024\/05\/mulher-mais-velha-lutando-com-alta-temperatura-scaled.jpg?fit=1200%2C800&ssl=1&resize=1050%2C600 3x"},"classes":[]},{"id":1724,"url":"https:\/\/noticiasribeiraopreto.com.br\/index.php\/2023\/11\/13\/veja-ate-quando-deve-ir-a-onda-de-calor-no-interior-de-sp\/","url_meta":{"origin":78242,"position":5},"title":"Veja at\u00e9 quando deve ir a onda de calor no interior de SP","author":"noticiasribeiraopreto.com.br","date":"13 de November de 2023","format":false,"excerpt":"O alerta do Inmet (Instituto Nacional de Meteorologia) aponta que a onda de calor que atinge o interior de S\u00e3o Paulo deve durar, pelo menos, at\u00e9 sexta-feira (17). Os meteorologistas informam que as altas temperaturas devem ficar mais intensas durante o feriado de Proclama\u00e7\u00e3o da Rep\u00fablica, comemorado no dia 15\u2026","rel":"","context":"In &quot;Not\u00edcias de Ribeir\u00e3o Preto-SP e Regi\u00e3o&quot;","block_context":{"text":"Not\u00edcias de Ribeir\u00e3o Preto-SP e Regi\u00e3o","link":"https:\/\/noticiasribeiraopreto.com.br\/index.php\/category\/noticias-de-ribeirao-preto-sp-e-regiao-ismael-colosi\/"},"img":{"alt_text":"","src":"https:\/\/i0.wp.com\/noticiasribeiraopreto.com.br\/wp-content\/uploads\/2023\/11\/WhatsApp-Image-2023-11-11-at-15.50.55.jpeg?fit=1200%2C675&ssl=1&resize=350%2C200","width":350,"height":200,"srcset":"https:\/\/i0.wp.com\/noticiasribeiraopreto.com.br\/wp-content\/uploads\/2023\/11\/WhatsApp-Image-2023-11-11-at-15.50.55.jpeg?fit=1200%2C675&ssl=1&resize=350%2C200 1x, https:\/\/i0.wp.com\/noticiasribeiraopreto.com.br\/wp-content\/uploads\/2023\/11\/WhatsApp-Image-2023-11-11-at-15.50.55.jpeg?fit=1200%2C675&ssl=1&resize=525%2C300 1.5x, https:\/\/i0.wp.com\/noticiasribeiraopreto.com.br\/wp-content\/uploads\/2023\/11\/WhatsApp-Image-2023-11-11-at-15.50.55.jpeg?fit=1200%2C675&ssl=1&resize=700%2C400 2x, https:\/\/i0.wp.com\/noticiasribeiraopreto.com.br\/wp-content\/uploads\/2023\/11\/WhatsApp-Image-2023-11-11-at-15.50.55.jpeg?fit=1200%2C675&ssl=1&resize=1050%2C600 3x"},"classes":[]}],"jetpack_sharing_enabled":true,"jetpack_shortlink":"https:\/\/wp.me\/peQAOb-klY","_links":{"self":[{"href":"https:\/\/noticiasribeiraopreto.com.br\/index.php\/wp-json\/wp\/v2\/posts\/78242","targetHints":{"allow":["GET"]}}],"collection":[{"href":"https:\/\/noticiasribeiraopreto.com.br\/index.php\/wp-json\/wp\/v2\/posts"}],"about":[{"href":"https:\/\/noticiasribeiraopreto.com.br\/index.php\/wp-json\/wp\/v2\/types\/post"}],"author":[{"embeddable":true,"href":"https:\/\/noticiasribeiraopreto.com.br\/index.php\/wp-json\/wp\/v2\/users\/1"}],"replies":[{"embeddable":true,"href":"https:\/\/noticiasribeiraopreto.com.br\/index.php\/wp-json\/wp\/v2\/comments?post=78242"}],"version-history":[{"count":0,"href":"https:\/\/noticiasribeiraopreto.com.br\/index.php\/wp-json\/wp\/v2\/posts\/78242\/revisions"}],"wp:featuredmedia":[{"embeddable":true,"href":"https:\/\/noticiasribeiraopreto.com.br\/index.php\/wp-json\/wp\/v2\/media\/78243"}],"wp:attachment":[{"href":"https:\/\/noticiasribeiraopreto.com.br\/index.php\/wp-json\/wp\/v2\/media?parent=78242"}],"wp:term":[{"taxonomy":"category","embeddable":true,"href":"https:\/\/noticiasribeiraopreto.com.br\/index.php\/wp-json\/wp\/v2\/categories?post=78242"},{"taxonomy":"post_tag","embeddable":true,"href":"https:\/\/noticiasribeiraopreto.com.br\/index.php\/wp-json\/wp\/v2\/tags?post=78242"}],"curies":[{"name":"wp","href":"https:\/\/api.w.org\/{rel}","templated":true}]}}