{"id":7842,"date":"2023-11-28T22:37:23","date_gmt":"2023-11-29T01:37:23","guid":{"rendered":"https:\/\/noticiasribeiraopreto.com.br\/index.php\/2023\/11\/28\/20-classicos-da-sessao-da-tarde-para-assistir-hoje-na-netflix\/"},"modified":"2023-11-28T22:37:23","modified_gmt":"2023-11-29T01:37:23","slug":"20-classicos-da-sessao-da-tarde-para-assistir-hoje-na-netflix","status":"publish","type":"post","link":"https:\/\/noticiasribeiraopreto.com.br\/index.php\/2023\/11\/28\/20-classicos-da-sessao-da-tarde-para-assistir-hoje-na-netflix\/","title":{"rendered":"20 cl\u00e1ssicos da &#8216;Sess\u00e3o da Tarde&#8217; para assistir hoje na Netflix"},"content":{"rendered":"<div class='code-block code-block-1' style='margin: 8px 0 8px auto; text-align: right; display: block; clear: both;'>\n<p><a href=\"https:\/\/wa.link\/vpicfd\"><img data-recalc-dims=\"1\" class=\"wp-image-4922\" style=\"aspect-ratio: 2.0253164556962027; width: 561px; height: auto;\" src=\"https:\/\/i0.wp.com\/ismaelcolosi.com.br\/wp-content\/uploads\/2023\/11\/grupo-de-empregos-whatsapp-e-facebook-ismael-colosi-vagas.jpg?ssl=1\" alt=\"\" \/><\/a><\/p>\n<!-- \/wp:image -->\n<\/div>\n<p> <br \/>\n<\/p>\n<div>\n<div id=\"attachment_2277312\" class=\"wp-caption alignnone\">\n<div class=\"d-flex justify-content-center\" data-attachment-id=\"2277312\">\n<div class=\"position-relative d-inline-block\"><img data-recalc-dims=\"1\" data-portal-copyright=\"Reprodu\u00e7\u00e3o\/Globo\" decoding=\"async\" fetchpriority=\"high\" class=\"size-full wp-image-2277312\" src=\"https:\/\/i0.wp.com\/catracalivre.com.br\/wp-content\/uploads\/2023\/06\/fotos-catraca-21.png?resize=1200%2C660&#038;ssl=1\" alt=\"Filmes da \u201cSess\u00e3o da Tarde\u201d para ver na Netflix\" width=\"1200\" height=\"660\" srcset=\"https:\/\/catracalivre.com.br\/wp-content\/uploads\/2023\/06\/fotos-catraca-21.png 1200w, https:\/\/catracalivre.com.br\/wp-content\/uploads\/2023\/06\/fotos-catraca-21-450x248.png 450w, https:\/\/catracalivre.com.br\/wp-content\/uploads\/2023\/06\/fotos-catraca-21-768x422.png 768w\" sizes=\"(max-width: 1200px) 100vw, 1200px\"\/><\/p>\n<p>Cr\u00e9ditos: Reprodu\u00e7\u00e3o\/Globo<\/p>\n<\/div>\n<\/div>\n<p><span class=\"post-imagem__legenda\">Filmes da \u201cSess\u00e3o da Tarde\u201d para ver na Netflix<\/span><\/p>\n<\/div>\n<p>No ar desde 1974, a \u201cSess\u00e3o da Tarde\u201d, da <a href=\"https:\/\/www.instagram.com\/tvglobo\/\" target=\"_blank\" rel=\"noopener\">Globo<\/a>, marcou gera\u00e7\u00f5es por exibir centenas de <a href=\"https:\/\/catracalivre.com.br\/entretenimento\/filme-popular-da-sessao-da-tarde-esta-fazendo-sucesso-no-top-10-da-netflix\/\" target=\"_blank\" rel=\"noopener\">filmes<\/a>, de segunda a sexta, na TV aberta. Alguns t\u00edtulos, inclusive, foram reprisados tantas\u2026 Mas tantas vezes, que <a href=\"https:\/\/catracalivre.com.br\/entretenimento\/14-filmes-da-sessao-da-tarde-que-marcaram-sua-adolescencia\/\" target=\"_blank\" rel=\"noopener\">marcaram muitos brasileiros<\/a>.<\/p>\n<p>Por muitos anos, em uma \u00e9poca que n\u00e3o existia <a href=\"https:\/\/catracalivre.com.br\/entretenimento\/8-classicos-memoraveis-da-sessao-da-tarde-para-rever-na-hbo-max\/\" target=\"_blank\" rel=\"noopener\">streaming<\/a>, o programa viabilizou o acesso dos telespectadores aos filmes estrangeiros.<\/p>\n<p>A seguir, em uma lista bem nost\u00e1lgica, separamos 20 cl\u00e1ssicos para voc\u00ea relembrar e assistir no <a href=\"https:\/\/catracalivre.com.br\/entretenimento\/um-filme-que-fez-sucesso-na-tv-aberta-esta-na-netflix-e-voce-precisa-assistir\/\" target=\"_blank\" rel=\"noopener\">cat\u00e1logo da Netflix<\/a>. Aproveite!<\/p>\n<h2>1) \u201cMeninas Malvadas\u201d (2004)<\/h2>\n<p>O famoso filme de com\u00e9dia j\u00e1 foi reprisado diversas vezes no canal. Na trama, a jovem Cady entra para a turma mais popular da escola, mas as coisas ficam complicadas quando o ex de Regina George, a l\u00edder da panelinha, quer namor\u00e1-la.<\/p>\n<p class=\"embed-responsive embed-responsive-16by9 mb-3 d-block\"><iframe loading=\"lazy\" title=\"Sess\u00e3o da Tarde - Meninas Malvadas (29\/12\/2015)\" width=\"500\" height=\"281\" src=\"https:\/\/www.youtube.com\/embed\/Hv67YuscKt4?feature=oembed\" frameborder=\"0\" allow=\"accelerometer; autoplay; clipboard-write; encrypted-media; gyroscope; picture-in-picture; web-share\" referrerpolicy=\"strict-origin-when-cross-origin\" allowfullscreen><\/iframe><\/p>\n<h2>2) \u201cO Casamento do Meu Melhor Amigo\u201d (1997)<\/h2>\n<p>O longa \u00e9 apenas um dos in\u00fameros com a Julia Roberts que a \u201cSess\u00e3o da Tarde\u201d exibiu. O filme segue a cr\u00edtica gastron\u00f4mica Julianne que, ao perceber seus verdadeiros sentimentos pelo melhor amigo, faz de tudo para sabotar o casamento dele.<\/p>\n<p class=\"embed-responsive embed-responsive-16by9 mb-3 d-block\"><iframe loading=\"lazy\" title=\"Chamada da Sess\u00e3o da Tarde (18\/05\/2017): O Casamento do Meu Melhor Amigo\" width=\"500\" height=\"281\" src=\"https:\/\/www.youtube.com\/embed\/oL2ofJZsiOw?feature=oembed\" frameborder=\"0\" allow=\"accelerometer; autoplay; clipboard-write; encrypted-media; gyroscope; picture-in-picture; web-share\" referrerpolicy=\"strict-origin-when-cross-origin\" allowfullscreen><\/iframe><\/p>\n<h2>3) \u201cMeu Primeiro Amor\u201d (1991)<\/h2>\n<p>Cl\u00e1ssico! Em um ver\u00e3o marcante, uma jovem menina procura o ombro de seu melhor amigo depois de perceber que o pai vi\u00favo se apaixonou novamente.<\/p>\n<p class=\"embed-responsive embed-responsive-16by9 mb-3 d-block\"><iframe loading=\"lazy\" title=\"Chamada Sess\u00e3o Da Tarde Meu Primeiro Amor - Parte 2 Globo (30\/06\/2004)\" width=\"500\" height=\"375\" src=\"https:\/\/www.youtube.com\/embed\/Hu5O2WThWng?feature=oembed\" frameborder=\"0\" allow=\"accelerometer; autoplay; clipboard-write; encrypted-media; gyroscope; picture-in-picture; web-share\" referrerpolicy=\"strict-origin-when-cross-origin\" allowfullscreen><\/iframe><\/p>\n<h2>4) \u201c\u00c0 Procura da Felicidade\u201d (2006)<\/h2>\n<p>Com Will Smith e seu filho, Jaden Smith, \u201c\u00c0 Procura da Felicidade\u201d acompanha Christopher Gardner, um pai solteiro que n\u00e3o mede esfor\u00e7os na luta para construir uma vida melhor para sua fam\u00edlia \u2014 e descobrir o verdadeiro sentido da felicidade.<\/p>\n<p class=\"embed-responsive embed-responsive-16by9 mb-3 d-block\"><iframe loading=\"lazy\" title=\"Sess\u00e3o da tarde de hoje | Quinta-feira | \u00c0 procura da felicidade | 02\/03\/2023\" width=\"500\" height=\"281\" src=\"https:\/\/www.youtube.com\/embed\/DjxjIaEsLbg?feature=oembed\" frameborder=\"0\" allow=\"accelerometer; autoplay; clipboard-write; encrypted-media; gyroscope; picture-in-picture; web-share\" referrerpolicy=\"strict-origin-when-cross-origin\" allowfullscreen><\/iframe><\/p>\n<h2>5) \u201cMarley &amp; Eu\u201d (2008)<\/h2>\n<p><strong>Aten\u00e7\u00e3o:<\/strong> voc\u00ea vai precisar de lencinhos! Dois jornalistas rec\u00e9m-casados constroem uma vida em fam\u00edlia e tentam conter a bagun\u00e7a causada por seu ador\u00e1vel labrador, Marley.<\/p>\n<p class=\"embed-responsive embed-responsive-16by9 mb-3 d-block\"><iframe loading=\"lazy\" title=\"Marley &amp; Eu | SESS\u00c3O DA TARDE\" width=\"500\" height=\"281\" src=\"https:\/\/www.youtube.com\/embed\/D7YmaYXn5Ls?feature=oembed\" frameborder=\"0\" allow=\"accelerometer; autoplay; clipboard-write; encrypted-media; gyroscope; picture-in-picture; web-share\" referrerpolicy=\"strict-origin-when-cross-origin\" allowfullscreen><\/iframe><\/p>\n<h2>6) \u201cEsposa de Mentirinha\u201d (2011)<\/h2>\n<p>Com Adam Sandler e Jennifer Aniston \u2013 o 2\u00ba da lista com a atriz -, o longa segue um cirurgi\u00e3o pl\u00e1stico que passa anos fingindo ser casado, at\u00e9 que conhece a mulher perfeita. Agora, ele precisa que sua assistente se passe pela ex-esposa que na verdade nunca existiu.<\/p>\n<p class=\"embed-responsive embed-responsive-16by9 mb-3 d-block\"><iframe loading=\"lazy\" title=\"\u2018Esposa de mentirinha\u2019 | Chamada do Filme na Sess\u00e3o da tarde | Tv Globo\" width=\"500\" height=\"281\" src=\"https:\/\/www.youtube.com\/embed\/piohFhjpzBw?feature=oembed\" frameborder=\"0\" allow=\"accelerometer; autoplay; clipboard-write; encrypted-media; gyroscope; picture-in-picture; web-share\" referrerpolicy=\"strict-origin-when-cross-origin\" allowfullscreen><\/iframe><\/p>\n<h2>7) \u201cMonte Carlo\u201d (2011)<\/h2>\n<p>Em uma viagem a Paris, tr\u00eas amigas fingem ser ricas quando uma delas \u00e9 confundida com uma herdeira brit\u00e2nica. O filme \u00e9 estrelado por Selena Gomez.<\/p>\n<p class=\"embed-responsive embed-responsive-16by9 mb-3 d-block\"><iframe loading=\"lazy\" title=\"Sess\u00e3o da Tarde - Monte Carlo (05\/12\/2016)\" width=\"500\" height=\"281\" src=\"https:\/\/www.youtube.com\/embed\/Kcox43n-fNw?feature=oembed\" frameborder=\"0\" allow=\"accelerometer; autoplay; clipboard-write; encrypted-media; gyroscope; picture-in-picture; web-share\" referrerpolicy=\"strict-origin-when-cross-origin\" allowfullscreen><\/iframe><\/p>\n<h2>8) \u201cDe Repente 30\u201d (2004)<\/h2>\n<p>O filme preferido de muita gente! Humilhada por colegas de escola na sua festa de 13 anos, Jenna Rink faz um pedido: ter 30 anos. Ao acordar no outro dia, ela descobre que o pedido virou realidade.<\/p>\n<p class=\"embed-responsive embed-responsive-16by9 mb-3 d-block\"><iframe loading=\"lazy\" title=\"Amanh\u00e3! | De repente 30! | Chamada do Filme na Sess\u00e3o da tarde | Tv Globo\" width=\"500\" height=\"281\" src=\"https:\/\/www.youtube.com\/embed\/B3rVeNCpYhU?feature=oembed\" frameborder=\"0\" allow=\"accelerometer; autoplay; clipboard-write; encrypted-media; gyroscope; picture-in-picture; web-share\" referrerpolicy=\"strict-origin-when-cross-origin\" allowfullscreen><\/iframe><\/p>\n<h2>9) \u201cGente Grande\u201d (2010)<\/h2>\n<p>Ap\u00f3s a morte do adorado treinador de basquete, cinco amigos de inf\u00e2ncia se reencontram na casa do lago e redescobrem as alegrias de ser crian\u00e7a.<\/p>\n<p class=\"embed-responsive embed-responsive-16by9 mb-3 d-block\"><iframe loading=\"lazy\" title=\"Chamada do filme &quot;Gente Grande&quot; na Sess\u00e3o da Tarde (Globo)-12\/09\/2022\" width=\"500\" height=\"281\" src=\"https:\/\/www.youtube.com\/embed\/KTV8vyGDzt8?feature=oembed\" frameborder=\"0\" allow=\"accelerometer; autoplay; clipboard-write; encrypted-media; gyroscope; picture-in-picture; web-share\" referrerpolicy=\"strict-origin-when-cross-origin\" allowfullscreen><\/iframe><\/p>\n<h2>10) \u201cP.S. Eu Te Amo\u201d (2007)<\/h2>\n<p>Quando perde o amado marido devido a um tumor no c\u00e9rebro, a vi\u00fava Holly Kennedy descobre que ele deixou uma s\u00e9rie de cartas para ajud\u00e1-la a recome\u00e7ar a vida.<\/p>\n<p class=\"embed-responsive embed-responsive-16by9 mb-3 d-block\"><iframe loading=\"lazy\" title=\"Chamada da Sess\u00e3o da Tarde Interativa: Querido John x P.S. Eu Te Amo\" width=\"500\" height=\"281\" src=\"https:\/\/www.youtube.com\/embed\/EwlYCZj33l4?feature=oembed\" frameborder=\"0\" allow=\"accelerometer; autoplay; clipboard-write; encrypted-media; gyroscope; picture-in-picture; web-share\" referrerpolicy=\"strict-origin-when-cross-origin\" allowfullscreen><\/iframe><\/p>\n<h2>11) \u201cNas Profundezas do Mar sem Fim\u201d (1999)<\/h2>\n<p>Uma m\u00e3e fica desesperada com o desaparecimento de seu filho de 3 anos, mas ele reaparece nove anos depois na cidade para a qual a fam\u00edlia acabou de se mudar.<\/p>\n<p class=\"embed-responsive embed-responsive-16by9 mb-3 d-block\"><iframe loading=\"lazy\" title=\"Nas Profundezas do Mar Sem Fim\" width=\"500\" height=\"281\" src=\"https:\/\/www.youtube.com\/embed\/XmjqMdW6fok?feature=oembed\" frameborder=\"0\" allow=\"accelerometer; autoplay; clipboard-write; encrypted-media; gyroscope; picture-in-picture; web-share\" referrerpolicy=\"strict-origin-when-cross-origin\" allowfullscreen><\/iframe><\/p>\n<h2>12) \u201cQuerido John\u201d (2010)<\/h2>\n<p>Mais um romance na lista! Um soldado em licen\u00e7a se apaixona por uma universit\u00e1ria. Quando ele volta ao servi\u00e7o, a troca de cartas entre o casal mant\u00e9m a chama do amor acesa.<\/p>\n<p class=\"embed-responsive embed-responsive-16by9 mb-3 d-block\"><iframe loading=\"lazy\" title=\"Chamada da Sess\u00e3o da Tarde Interativa: Querido John x P.S. Eu Te Amo\" width=\"500\" height=\"281\" src=\"https:\/\/www.youtube.com\/embed\/EwlYCZj33l4?feature=oembed\" frameborder=\"0\" allow=\"accelerometer; autoplay; clipboard-write; encrypted-media; gyroscope; picture-in-picture; web-share\" referrerpolicy=\"strict-origin-when-cross-origin\" allowfullscreen><\/iframe><\/p>\n<h2>13) Franquia \u201cA Lagoa Azul\u201d (1980)<\/h2>\n<p>Todo brasileiro conhece essa franquia, n\u00e3o \u00e9 mesmo?! Duas crian\u00e7as n\u00e1ufragas acabam ficando isoladas em uma ilha deserta. Elas crescem, se apaixonam, e tentam construir uma vida neste para\u00edso remoto. As sequ\u00eancias tamb\u00e9m est\u00e3o no cat\u00e1logo.<\/p>\n<p class=\"embed-responsive embed-responsive-16by9 mb-3 d-block\"><iframe loading=\"lazy\" title=\"A Lagoa Azul | SESS\u00c3O DA TARDE\" width=\"500\" height=\"281\" src=\"https:\/\/www.youtube.com\/embed\/B0PKhFiEto4?feature=oembed\" frameborder=\"0\" allow=\"accelerometer; autoplay; clipboard-write; encrypted-media; gyroscope; picture-in-picture; web-share\" referrerpolicy=\"strict-origin-when-cross-origin\" allowfullscreen><\/iframe><\/p>\n<h2>14) \u201cO Terno de Dois Bilh\u00f5es de D\u00f3lares\u201d (2002)<\/h2>\n<p>Quando um agente secreto \u00e9 hospitalizado, o motorista acaba assumindo o posto de superespi\u00e3o gra\u00e7as a um terno turbinado.<\/p>\n<p class=\"embed-responsive embed-responsive-16by9 mb-3 d-block\"><iframe loading=\"lazy\" title=\"Chamada da Sess\u00e3o da Tarde (03\/02\/2017): O Terno de 2 Bilh\u00f5es de D\u00f3lares\" width=\"500\" height=\"281\" src=\"https:\/\/www.youtube.com\/embed\/JDB-oNEBNG4?feature=oembed\" frameborder=\"0\" allow=\"accelerometer; autoplay; clipboard-write; encrypted-media; gyroscope; picture-in-picture; web-share\" referrerpolicy=\"strict-origin-when-cross-origin\" allowfullscreen><\/iframe><\/p>\n<h2>15) Franquia \u201cKarat\u00ea Kid \u2013 A Hora da Verdade\u201d (1984)<\/h2>\n<p>N\u00e3o podia faltar! Quando um adolescente perseguido conhece um mestre de artes marciais, ele aprende li\u00e7\u00f5es de vida \u2014 e os golpes certos \u2014 para derrotar seus inimigos implac\u00e1veis. Todos os filmes da franquia est\u00e3o na Netflix.<\/p>\n<p class=\"embed-responsive embed-responsive-16by9 mb-3 d-block\"><iframe loading=\"lazy\" title=\"Sess\u00e3o da Tarde \u2022 Karat\u00ea Kid: A Hora Da Verdade (1984) (24\/02\/2014)\" width=\"500\" height=\"281\" src=\"https:\/\/www.youtube.com\/embed\/VJsECOkC7iA?feature=oembed\" frameborder=\"0\" allow=\"accelerometer; autoplay; clipboard-write; encrypted-media; gyroscope; picture-in-picture; web-share\" referrerpolicy=\"strict-origin-when-cross-origin\" allowfullscreen><\/iframe><\/p>\n<h2>16) \u201cTr\u00eas Ladr\u00f5es e um beb\u00ea\u201d (2006)<\/h2>\n<p>Um ladr\u00e3o viciado em apostas e seu amigo decidem sequestrar um beb\u00ea, mas acabam encantados pelo pequeno ref\u00e9m.<\/p>\n<p class=\"embed-responsive embed-responsive-16by9 mb-3 d-block\"><iframe loading=\"lazy\" title=\"Tr\u00eas Ladr\u00f5es e um beb\u00ea - Chamada na Sess\u00e3o da Tarde\" width=\"500\" height=\"375\" src=\"https:\/\/www.youtube.com\/embed\/gvQExMxqIYY?feature=oembed\" frameborder=\"0\" allow=\"accelerometer; autoplay; clipboard-write; encrypted-media; gyroscope; picture-in-picture; web-share\" referrerpolicy=\"strict-origin-when-cross-origin\" allowfullscreen><\/iframe><\/p>\n<h2>17) \u201cAs Loucuras de Dick e Jane\u201d (2005)<\/h2>\n<p>Um casal perde o emprego e resolve assaltar bancos para manter o padr\u00e3o de vida. Mas a dupla logo aprende que uma carreira criminosa pode ferir pessoas inocentes.<\/p>\n<p class=\"embed-responsive embed-responsive-16by9 mb-3 d-block\"><iframe loading=\"lazy\" title=\"As Loucuras de Dick e Jane | 2005 | Trailer Legendado | Fun with Dick and Jane\" width=\"500\" height=\"375\" src=\"https:\/\/www.youtube.com\/embed\/Q9o5HJBtSLQ?feature=oembed\" frameborder=\"0\" allow=\"accelerometer; autoplay; clipboard-write; encrypted-media; gyroscope; picture-in-picture; web-share\" referrerpolicy=\"strict-origin-when-cross-origin\" allowfullscreen><\/iframe><\/p>\n<h2>18) \u201cConta Comigo\u201d (1986)<\/h2>\n<p>\u201cSer\u00e1 que voc\u00eas querem ver um cad\u00e1ver?\u201d. Assim come\u00e7a a aventura que mudar\u00e1 a vida de quatro garotos neste nost\u00e1lgico drama sobre amadurecimento dirigido por Rob Reiner.<\/p>\n<p class=\"embed-responsive embed-responsive-16by9 mb-3 d-block\"><iframe loading=\"lazy\" title=\"Chamada Sess\u00e3o Da Tarde Conta Comigo (16\/09\/1994)\" width=\"500\" height=\"281\" src=\"https:\/\/www.youtube.com\/embed\/MnbNwqqO-80?feature=oembed\" frameborder=\"0\" allow=\"accelerometer; autoplay; clipboard-write; encrypted-media; gyroscope; picture-in-picture; web-share\" referrerpolicy=\"strict-origin-when-cross-origin\" allowfullscreen><\/iframe><\/p>\n<h2>19) \u201cUm Tira Muito Suspeito\u201d (1999)<\/h2>\n<p>Depois de uma temporada na cadeia, um ladr\u00e3o de joias descobre que uma delegacia foi constru\u00edda em cima do local onde ele havia enterrado um diamante.<\/p>\n<p class=\"embed-responsive embed-responsive-16by9 mb-3 d-block\"><iframe loading=\"lazy\" title=\"Chamada do filme &quot;Um Tira Muito Suspeito&quot; na Sess\u00e3o da Tarde (30\/05\/2018)\" width=\"500\" height=\"281\" src=\"https:\/\/www.youtube.com\/embed\/-UiimEsHBpo?feature=oembed\" frameborder=\"0\" allow=\"accelerometer; autoplay; clipboard-write; encrypted-media; gyroscope; picture-in-picture; web-share\" referrerpolicy=\"strict-origin-when-cross-origin\" allowfullscreen><\/iframe><\/p>\n<h2>20) \u201cQuerem Acabar Comigo\u201d (2005)<\/h2>\n<p>Para impressionar uma m\u00e3e solo, um pretendente se oferece para viajar com os filhos dela. S\u00f3 que ele nem imagina a confus\u00e3o em que est\u00e1 se metendo.<\/p>\n<p class=\"embed-responsive embed-responsive-16by9 mb-3 d-block\"><iframe loading=\"lazy\" title=\"Querem Acabar Comigo\u00a0(2005) - Sess\u00e3o d\u00e1 Tarde 16\/03\/2017 - Trailer\" width=\"500\" height=\"281\" src=\"https:\/\/www.youtube.com\/embed\/Cwry9_Rj5pk?feature=oembed\" frameborder=\"0\" allow=\"accelerometer; autoplay; clipboard-write; encrypted-media; gyroscope; picture-in-picture; web-share\" referrerpolicy=\"strict-origin-when-cross-origin\" allowfullscreen><\/iframe><\/p>\n<\/div>\n<p><script>\n\t\t! function(f, b, e, v, n, t, s) {\n\t\t\tif (f.fbq) return;\n\t\t\tn = f.fbq = function() {\n\t\t\t\tn.callMethod ?\n\t\t\t\t\tn.callMethod.apply(n, arguments) : n.queue.push(arguments)\n\t\t\t};\n\t\t\tif (!f._fbq) f._fbq = n;\n\t\t\tn.push = n;\n\t\t\tn.loaded = !0;\n\t\t\tn.version = '2.0';\n\t\t\tn.queue = [];\n\t\t\tt = b.createElement(e);\n\t\t\tt.async = !0;\n\t\t\tt.src = v;\n\t\t\ts = b.getElementsByTagName(e)[0];\n\t\t\ts.parentNode.insertBefore(t, s)\n\t\t}(window, document, 'script',\n\t\t\t'https:\/\/connect.facebook.net\/en_US\/fbevents.js');\n\t\tfbq('init', '338315473262380');\n\t\tfbq('track', 'PageView');\n\t<\/script><script async src=\"\/\/www.instagram.com\/embed.js\"><\/script><br \/>\n<br \/><br \/>\n<br \/><a href=\"https:\/\/catracalivre.com.br\/entretenimento\/20-classicos-da-sessao-da-tarde-para-assistir-hoje-na-netflix\/\">Source link <\/a><\/p>\n<!-- CONTENT END 1 -->\n","protected":false},"excerpt":{"rendered":"<p>Cr\u00e9ditos: Reprodu\u00e7\u00e3o\/Globo Filmes da \u201cSess\u00e3o da Tarde\u201d para ver na Netflix No ar desde 1974, a \u201cSess\u00e3o da Tarde\u201d, da Globo, marcou gera\u00e7\u00f5es por exibir&#8230;<\/p>\n","protected":false},"author":1,"featured_media":7843,"comment_status":"open","ping_status":"open","sticky":false,"template":"","format":"standard","meta":{"advanced_seo_description":"","jetpack_seo_html_title":"","jetpack_seo_noindex":false,"jetpack_post_was_ever_published":false,"_jetpack_newsletter_access":"","_jetpack_dont_email_post_to_subs":false,"_jetpack_newsletter_tier_id":0,"_jetpack_memberships_contains_paywalled_content":false,"_jetpack_memberships_contains_paid_content":false,"footnotes":"","jetpack_publicize_message":"","jetpack_publicize_feature_enabled":true,"jetpack_social_post_already_shared":true,"jetpack_social_options":{"image_generator_settings":{"template":"highway","default_image_id":0,"font":"","enabled":false},"version":2}},"categories":[19],"tags":[],"class_list":["post-7842","post","type-post","status-publish","format-standard","has-post-thumbnail","hentry","category-variedades"],"jetpack_publicize_connections":[],"jetpack_featured_media_url":"https:\/\/i0.wp.com\/noticiasribeiraopreto.com.br\/wp-content\/uploads\/2023\/11\/fotos-catraca-21.png?fit=1200%2C638&ssl=1","jetpack-related-posts":[{"id":40651,"url":"https:\/\/noticiasribeiraopreto.com.br\/index.php\/2024\/03\/05\/pm-impede-sessao-de-tribunal-do-crime-em-rp\/","url_meta":{"origin":7842,"position":0},"title":"PM impede sess\u00e3o de tribunal do crime em RP","author":"noticiasribeiraopreto.com.br","date":"5 de March de 2024","format":false,"excerpt":"Homem seria \u201cjulgado\u201d por organiza\u00e7\u00e3o criminosa no Simioni 5 de mar\u00e7o de 2024 | 10:18 0Por: Adalberto LuqueA Pol\u00edcia Militar impediu, na tarde desta segunda-feira (04), a realiza\u00e7\u00e3o da sess\u00e3o de um tribunal do crime de um homem de 44 anos, que havia sido sequestrado pouco tempo antes. Uma den\u00fancia\u2026","rel":"","context":"In &quot;Not\u00edcias de Ribeir\u00e3o Preto-SP e Regi\u00e3o&quot;","block_context":{"text":"Not\u00edcias de Ribeir\u00e3o Preto-SP e Regi\u00e3o","link":"https:\/\/noticiasribeiraopreto.com.br\/index.php\/category\/noticias-de-ribeirao-preto-sp-e-regiao-ismael-colosi\/"},"img":{"alt_text":"","src":"https:\/\/i0.wp.com\/noticiasribeiraopreto.com.br\/wp-content\/uploads\/2024\/03\/Luque-Viaturas-PM-jan-2023-Foto-Alfredo-Fisk-scaled.jpg?fit=1200%2C800&ssl=1&resize=350%2C200","width":350,"height":200,"srcset":"https:\/\/i0.wp.com\/noticiasribeiraopreto.com.br\/wp-content\/uploads\/2024\/03\/Luque-Viaturas-PM-jan-2023-Foto-Alfredo-Fisk-scaled.jpg?fit=1200%2C800&ssl=1&resize=350%2C200 1x, https:\/\/i0.wp.com\/noticiasribeiraopreto.com.br\/wp-content\/uploads\/2024\/03\/Luque-Viaturas-PM-jan-2023-Foto-Alfredo-Fisk-scaled.jpg?fit=1200%2C800&ssl=1&resize=525%2C300 1.5x, https:\/\/i0.wp.com\/noticiasribeiraopreto.com.br\/wp-content\/uploads\/2024\/03\/Luque-Viaturas-PM-jan-2023-Foto-Alfredo-Fisk-scaled.jpg?fit=1200%2C800&ssl=1&resize=700%2C400 2x, https:\/\/i0.wp.com\/noticiasribeiraopreto.com.br\/wp-content\/uploads\/2024\/03\/Luque-Viaturas-PM-jan-2023-Foto-Alfredo-Fisk-scaled.jpg?fit=1200%2C800&ssl=1&resize=1050%2C600 3x"},"classes":[]},{"id":70667,"url":"https:\/\/noticiasribeiraopreto.com.br\/index.php\/2025\/05\/28\/jornal-da-franca-elenco-da-francana-encara-o-frio-e-faz-treino-fisico-e-tecnico-para-copa-paulista\/","url_meta":{"origin":7842,"position":1},"title":"Jornal da Franca &#8211; Elenco da Francana encara o frio e faz treino f\u00edsico e t\u00e9cnico para Copa Paulista","author":"noticiasribeiraopreto.com.br","date":"28 de May de 2025","format":false,"excerpt":"compartilhar no whatsapp compartilhar no telegram compartilhar no facebook compartilhar no linkedin Equipe est\u00e1 realizando o treinamento di\u00e1rios para aprimorar o elenco A Associa\u00e7\u00e3o Atl\u00e9tica Francana est\u00e1 em ritmo acelerado de prepara\u00e7\u00e3o para a disputa da Copa Paulista. Com a estreia marcada para o dia 12 de junho diante do\u2026","rel":"","context":"In &quot;Not\u00edcias de Franca-SP&quot;","block_context":{"text":"Not\u00edcias de Franca-SP","link":"https:\/\/noticiasribeiraopreto.com.br\/index.php\/category\/noticias-de-ribeirao-preto-sp-e-regiao-ismael-colosi\/noticias-franca-sp\/"},"img":{"alt_text":"","src":"https:\/\/i0.wp.com\/noticiasribeiraopreto.com.br\/wp-content\/uploads\/2025\/05\/IMG_20250528_173600.jpg?fit=987%2C852&ssl=1&resize=350%2C200","width":350,"height":200,"srcset":"https:\/\/i0.wp.com\/noticiasribeiraopreto.com.br\/wp-content\/uploads\/2025\/05\/IMG_20250528_173600.jpg?fit=987%2C852&ssl=1&resize=350%2C200 1x, https:\/\/i0.wp.com\/noticiasribeiraopreto.com.br\/wp-content\/uploads\/2025\/05\/IMG_20250528_173600.jpg?fit=987%2C852&ssl=1&resize=525%2C300 1.5x, https:\/\/i0.wp.com\/noticiasribeiraopreto.com.br\/wp-content\/uploads\/2025\/05\/IMG_20250528_173600.jpg?fit=987%2C852&ssl=1&resize=700%2C400 2x"},"classes":[]},{"id":72036,"url":"https:\/\/noticiasribeiraopreto.com.br\/index.php\/2025\/06\/12\/video-vereador-zomba-de-colega-em-plena-sessao\/","url_meta":{"origin":7842,"position":2},"title":"V\u00eddeo: Vereador zomba de colega em plena sess\u00e3o","author":"noticiasribeiraopreto.com.br","date":"12 de June de 2025","format":false,"excerpt":"12 de junho de 2025 15:3712 de junho de 2025 16:5556 Compartilhar0 Uma brincadeira, no m\u00ednimo de mau gosto, foi protagonizada pelo vereador Andr\u00e9 Rodini (Novo) na sess\u00e3o da C\u00e2mara de Vereadores de Ribeir\u00e3o Preto, na noite de quarta-feira, 11 de junho. Enquanto o tamb\u00e9m vereador Brando Veiga (Republicanos) comunicava,\u2026","rel":"","context":"In &quot;Not\u00edcias de Ribeir\u00e3o Preto-SP e Regi\u00e3o&quot;","block_context":{"text":"Not\u00edcias de Ribeir\u00e3o Preto-SP e Regi\u00e3o","link":"https:\/\/noticiasribeiraopreto.com.br\/index.php\/category\/noticias-de-ribeirao-preto-sp-e-regiao-ismael-colosi\/"},"img":{"alt_text":"","src":"https:\/\/i0.wp.com\/noticiasribeiraopreto.com.br\/wp-content\/uploads\/2025\/06\/imagem-rodini-scaled.png?fit=800%2C450&ssl=1&resize=350%2C200","width":350,"height":200,"srcset":"https:\/\/i0.wp.com\/noticiasribeiraopreto.com.br\/wp-content\/uploads\/2025\/06\/imagem-rodini-scaled.png?fit=800%2C450&ssl=1&resize=350%2C200 1x, https:\/\/i0.wp.com\/noticiasribeiraopreto.com.br\/wp-content\/uploads\/2025\/06\/imagem-rodini-scaled.png?fit=800%2C450&ssl=1&resize=525%2C300 1.5x, https:\/\/i0.wp.com\/noticiasribeiraopreto.com.br\/wp-content\/uploads\/2025\/06\/imagem-rodini-scaled.png?fit=800%2C450&ssl=1&resize=700%2C400 2x"},"classes":[]},{"id":84008,"url":"https:\/\/noticiasribeiraopreto.com.br\/index.php\/2026\/03\/30\/isaac-antunes-renuncia-a-presidencia-da-camara\/","url_meta":{"origin":7842,"position":3},"title":"Isaac Antunes renuncia \u00e0 presid\u00eancia da C\u00e2mara","author":"noticiasribeiraopreto.com.br","date":"30 de March de 2026","format":false,"excerpt":"\r \r \r 30 de mar\u00e7o de 2026 20:32 \r Compartilhar0 O Tribuna apurou que a decis\u00e3o ocorreu ap\u00f3s reuni\u00e3o na tarde desta segunda-feira, 30 de mar\u00e7o, com o promotor de Justi\u00e7a Alexandre Padilha Isaac Antunes (PL) renunciou \u00e0 presid\u00eancia da C\u00e2mara de Ribeir\u00e3o Preto. A decis\u00e3o foi anunciada ao\u2026","rel":"","context":"In &quot;Not\u00edcias de Ribeir\u00e3o Preto-SP e Regi\u00e3o&quot;","block_context":{"text":"Not\u00edcias de Ribeir\u00e3o Preto-SP e Regi\u00e3o","link":"https:\/\/noticiasribeiraopreto.com.br\/index.php\/category\/noticias-de-ribeirao-preto-sp-e-regiao-ismael-colosi\/"},"img":{"alt_text":"","src":"https:\/\/i0.wp.com\/noticiasribeiraopreto.com.br\/wp-content\/uploads\/2026\/03\/3-ISAAC-ANTUNES-MAX-GAL-2-scaled.jpg?fit=800%2C531&ssl=1&resize=350%2C200","width":350,"height":200,"srcset":"https:\/\/i0.wp.com\/noticiasribeiraopreto.com.br\/wp-content\/uploads\/2026\/03\/3-ISAAC-ANTUNES-MAX-GAL-2-scaled.jpg?fit=800%2C531&ssl=1&resize=350%2C200 1x, https:\/\/i0.wp.com\/noticiasribeiraopreto.com.br\/wp-content\/uploads\/2026\/03\/3-ISAAC-ANTUNES-MAX-GAL-2-scaled.jpg?fit=800%2C531&ssl=1&resize=525%2C300 1.5x, https:\/\/i0.wp.com\/noticiasribeiraopreto.com.br\/wp-content\/uploads\/2026\/03\/3-ISAAC-ANTUNES-MAX-GAL-2-scaled.jpg?fit=800%2C531&ssl=1&resize=700%2C400 2x"},"classes":[]},{"id":71294,"url":"https:\/\/noticiasribeiraopreto.com.br\/index.php\/2025\/06\/04\/ribeirao-preto-recebe-lider-indigena-alvaro-tukano-para-pre-lancamento-de-documentario\/","url_meta":{"origin":7842,"position":4},"title":"Ribeir\u00e3o Preto recebe l\u00edder ind\u00edgena \u00c1lvaro Tukano para pr\u00e9-lan\u00e7amento de document\u00e1rio","author":"noticiasribeiraopreto.com.br","date":"4 de June de 2025","format":false,"excerpt":"Ribeir\u00e3o Preto recebe nesta semana a visita de \u00c1lvaro Tukano, uma das mais importantes lideran\u00e7as ind\u00edgenas do Alto Rio Negro, para o pr\u00e9-lan\u00e7amento do document\u00e1rio \u201cCobra Canoa\u201d. A produ\u00e7\u00e3o, dirigida por \u00canio Staub, resgata hist\u00f3rias de mem\u00f3ria, resist\u00eancia e a for\u00e7a ancestral dos povos origin\u00e1rios da Amaz\u00f4nia. O workshop tamb\u00e9m\u2026","rel":"","context":"In &quot;Not\u00edcias de Ribeir\u00e3o Preto-SP e Regi\u00e3o&quot;","block_context":{"text":"Not\u00edcias de Ribeir\u00e3o Preto-SP e Regi\u00e3o","link":"https:\/\/noticiasribeiraopreto.com.br\/index.php\/category\/noticias-de-ribeirao-preto-sp-e-regiao-ismael-colosi\/"},"img":{"alt_text":"","src":"https:\/\/i0.wp.com\/noticiasribeiraopreto.com.br\/wp-content\/uploads\/2025\/06\/CDH_-_Comissao_de_Direitos_Humanos_e_Legislacao_Participativa_54451970408_2025-06-04_15-45-36.webp.webp?fit=1200%2C800&ssl=1&resize=350%2C200","width":350,"height":200,"srcset":"https:\/\/i0.wp.com\/noticiasribeiraopreto.com.br\/wp-content\/uploads\/2025\/06\/CDH_-_Comissao_de_Direitos_Humanos_e_Legislacao_Participativa_54451970408_2025-06-04_15-45-36.webp.webp?fit=1200%2C800&ssl=1&resize=350%2C200 1x, https:\/\/i0.wp.com\/noticiasribeiraopreto.com.br\/wp-content\/uploads\/2025\/06\/CDH_-_Comissao_de_Direitos_Humanos_e_Legislacao_Participativa_54451970408_2025-06-04_15-45-36.webp.webp?fit=1200%2C800&ssl=1&resize=525%2C300 1.5x, https:\/\/i0.wp.com\/noticiasribeiraopreto.com.br\/wp-content\/uploads\/2025\/06\/CDH_-_Comissao_de_Direitos_Humanos_e_Legislacao_Participativa_54451970408_2025-06-04_15-45-36.webp.webp?fit=1200%2C800&ssl=1&resize=700%2C400 2x, https:\/\/i0.wp.com\/noticiasribeiraopreto.com.br\/wp-content\/uploads\/2025\/06\/CDH_-_Comissao_de_Direitos_Humanos_e_Legislacao_Participativa_54451970408_2025-06-04_15-45-36.webp.webp?fit=1200%2C800&ssl=1&resize=1050%2C600 3x"},"classes":[]},{"id":72750,"url":"https:\/\/noticiasribeiraopreto.com.br\/index.php\/2025\/06\/20\/jornal-da-franca-francana-segue-treinando-forte-wantuil-aperta-o-grupo-na-vespera-da-estreia-em-casa\/","url_meta":{"origin":7842,"position":5},"title":"Jornal da Franca &#8211; Francana segue treinando forte; Wantuil aperta o grupo na v\u00e9spera da estreia em casa","author":"noticiasribeiraopreto.com.br","date":"20 de June de 2025","format":false,"excerpt":"compartilhar no whatsapp compartilhar no telegram compartilhar no facebook compartilhar no linkedin A Francana voltou a campo nesta sexta-feira para treinar visando a sequ\u00eancia da Copa Paulista. Ap\u00f3s ser superada pelo Comercial por 1 a 0 na estreia do Campeonato, a comiss\u00e3o t\u00e9cnica busca corrigir as falhas e aprimorar a\u2026","rel":"","context":"In &quot;Not\u00edcias de Franca-SP&quot;","block_context":{"text":"Not\u00edcias de Franca-SP","link":"https:\/\/noticiasribeiraopreto.com.br\/index.php\/category\/noticias-de-ribeirao-preto-sp-e-regiao-ismael-colosi\/noticias-franca-sp\/"},"img":{"alt_text":"","src":"https:\/\/i0.wp.com\/noticiasribeiraopreto.com.br\/wp-content\/uploads\/2025\/06\/1750455034_IMG-20250610-WA0040-1.jpg?fit=1200%2C900&ssl=1&resize=350%2C200","width":350,"height":200,"srcset":"https:\/\/i0.wp.com\/noticiasribeiraopreto.com.br\/wp-content\/uploads\/2025\/06\/1750455034_IMG-20250610-WA0040-1.jpg?fit=1200%2C900&ssl=1&resize=350%2C200 1x, https:\/\/i0.wp.com\/noticiasribeiraopreto.com.br\/wp-content\/uploads\/2025\/06\/1750455034_IMG-20250610-WA0040-1.jpg?fit=1200%2C900&ssl=1&resize=525%2C300 1.5x, https:\/\/i0.wp.com\/noticiasribeiraopreto.com.br\/wp-content\/uploads\/2025\/06\/1750455034_IMG-20250610-WA0040-1.jpg?fit=1200%2C900&ssl=1&resize=700%2C400 2x, https:\/\/i0.wp.com\/noticiasribeiraopreto.com.br\/wp-content\/uploads\/2025\/06\/1750455034_IMG-20250610-WA0040-1.jpg?fit=1200%2C900&ssl=1&resize=1050%2C600 3x"},"classes":[]}],"jetpack_sharing_enabled":true,"jetpack_shortlink":"https:\/\/wp.me\/peQAOb-22u","_links":{"self":[{"href":"https:\/\/noticiasribeiraopreto.com.br\/index.php\/wp-json\/wp\/v2\/posts\/7842","targetHints":{"allow":["GET"]}}],"collection":[{"href":"https:\/\/noticiasribeiraopreto.com.br\/index.php\/wp-json\/wp\/v2\/posts"}],"about":[{"href":"https:\/\/noticiasribeiraopreto.com.br\/index.php\/wp-json\/wp\/v2\/types\/post"}],"author":[{"embeddable":true,"href":"https:\/\/noticiasribeiraopreto.com.br\/index.php\/wp-json\/wp\/v2\/users\/1"}],"replies":[{"embeddable":true,"href":"https:\/\/noticiasribeiraopreto.com.br\/index.php\/wp-json\/wp\/v2\/comments?post=7842"}],"version-history":[{"count":0,"href":"https:\/\/noticiasribeiraopreto.com.br\/index.php\/wp-json\/wp\/v2\/posts\/7842\/revisions"}],"wp:featuredmedia":[{"embeddable":true,"href":"https:\/\/noticiasribeiraopreto.com.br\/index.php\/wp-json\/wp\/v2\/media\/7843"}],"wp:attachment":[{"href":"https:\/\/noticiasribeiraopreto.com.br\/index.php\/wp-json\/wp\/v2\/media?parent=7842"}],"wp:term":[{"taxonomy":"category","embeddable":true,"href":"https:\/\/noticiasribeiraopreto.com.br\/index.php\/wp-json\/wp\/v2\/categories?post=7842"},{"taxonomy":"post_tag","embeddable":true,"href":"https:\/\/noticiasribeiraopreto.com.br\/index.php\/wp-json\/wp\/v2\/tags?post=7842"}],"curies":[{"name":"wp","href":"https:\/\/api.w.org\/{rel}","templated":true}]}}