{"id":7861,"date":"2023-11-28T23:38:38","date_gmt":"2023-11-29T02:38:38","guid":{"rendered":"https:\/\/noticiasribeiraopreto.com.br\/index.php\/2023\/11\/28\/decolar-tem-ofertas-com-ate-40-off\/"},"modified":"2023-11-28T23:38:38","modified_gmt":"2023-11-29T02:38:38","slug":"decolar-tem-ofertas-com-ate-40-off","status":"publish","type":"post","link":"https:\/\/noticiasribeiraopreto.com.br\/index.php\/2023\/11\/28\/decolar-tem-ofertas-com-ate-40-off\/","title":{"rendered":"Decolar tem ofertas com at\u00e9 40% OFF"},"content":{"rendered":"<div class='code-block code-block-1' style='margin: 8px 0 8px auto; text-align: right; display: block; clear: both;'>\n<p><a href=\"https:\/\/wa.link\/vpicfd\"><img data-recalc-dims=\"1\" class=\"wp-image-4922\" style=\"aspect-ratio: 2.0253164556962027; width: 561px; height: auto;\" src=\"https:\/\/i0.wp.com\/ismaelcolosi.com.br\/wp-content\/uploads\/2023\/11\/grupo-de-empregos-whatsapp-e-facebook-ismael-colosi-vagas.jpg?ssl=1\" alt=\"\" \/><\/a><\/p>\n<!-- \/wp:image -->\n<\/div>\n<p> <br \/>\n<\/p>\n<div>\n<p>N\u00e3o conseguiu aproveitar a <a href=\"https:\/\/catracalivre.com.br\/viagem-livre\/black-friday-parques-tematicos-de-sp-oferecem-ate-50-off\/\" target=\"_blank\" rel=\"noopener\">Black Friday<\/a> para programar sua pr\u00f3xima viagem? Temos uma \u00f3tima not\u00edcia! A Decolar acaba de lan\u00e7ar seu <a href=\"https:\/\/www.decolar.com\/\" target=\"_blank\" rel=\"noopener\">sald\u00e3o com descontos de at\u00e9 40%<\/a> em produtos e servi\u00e7os de viagens.<\/p>\n<p>As ofertas est\u00e3o dispon\u00edveis no site, no aplicativo ou nas lojas da companhia at\u00e9 o dia 3 de dezembro.<\/p>\n<div id=\"attachment_2245195\" class=\"wp-caption aligncenter\">\n<div class=\"d-flex justify-content-center\" data-attachment-id=\"2245195\">\n<div class=\"position-relative d-inline-block\"><img data-recalc-dims=\"1\" data-portal-copyright=\"MesquitaFMS\/iStock\" decoding=\"async\" fetchpriority=\"high\" class=\"wp-image-2245195 size-large\" src=\"https:\/\/i0.wp.com\/catracalivre.com.br\/wp-content\/uploads\/2022\/12\/istock-1368808461-910x682.jpg?resize=910%2C682&#038;ssl=1\" alt=\"Decolar tem pacotes para Porto de Galinhas com descontos de at\u00e9 40%\" width=\"910\" height=\"682\" srcset=\"https:\/\/catracalivre.com.br\/wp-content\/uploads\/2022\/12\/istock-1368808461-910x682.jpg 910w, https:\/\/catracalivre.com.br\/wp-content\/uploads\/2022\/12\/istock-1368808461-450x337.jpg 450w, https:\/\/catracalivre.com.br\/wp-content\/uploads\/2022\/12\/istock-1368808461-768x576.jpg 768w\" sizes=\"(max-width: 910px) 100vw, 910px\"\/><\/p>\n<p>Cr\u00e9ditos: MesquitaFMS\/iStock<\/p>\n<\/div>\n<\/div>\n<p><span class=\"post-imagem__legenda\">Decolar tem pacotes para Porto de Galinhas com descontos de at\u00e9 40%<\/span><\/p>\n<\/div>\n<p>\u00c9 poss\u00edvel encontrar pacotes de viagem para destinos nacionais por at\u00e9 R$ 1.000, incluindo passagem a\u00e9rea e hospedagem, para Curitiba, Caldas Novas, S\u00e3o Paulo, Bras\u00edlia, Belo Horizonte e Rio de Janeiro.<\/p>\n<h2>Confira algumas ofertas do sald\u00e3o da Decolar<\/h2>\n<h3>Hotelaria<\/h3>\n<ul>\n<li>Hot\u00e9is da rede Nacional Inn com at\u00e9 45% off.<\/li>\n<li>Resorts com at\u00e9 40% off com gratuidade para crian\u00e7as.<\/li>\n<li>Hospedagem em hot\u00e9is da rede Wish no app Decolar, com at\u00e9 R$800 off, usando o cupom WISHBLACK.<\/li>\n<li>Hot\u00e9is nacionais com at\u00e9 40% de desconto.<\/li>\n<li>Hot\u00e9is em Santiago, no Chile, com at\u00e9 35% off.<\/li>\n<li>Rede de hot\u00e9is Rio Quente Resort e Sauipe com at\u00e9 15% de desconto.<\/li>\n<li>Os clientes podem ganhar at\u00e9 15% de desconto em hospedagem na cidade de Ol\u00edmpia (SP) nos hot\u00e9is da rede Enjoy Park Resort, usando o cupom <strong>ENJOYBLACK<\/strong><\/li>\n<li>Hospedagem no Resort Grand Palladium Imbassa\u00ed com at\u00e9 10% de desconto, usando o cupom <strong>IMBASSAIBF<\/strong>. Exclusivo para compras no app.<\/li>\n<li>Oferta especial no hotel Wyndham Gramado.<\/li>\n<\/ul>\n<h3>Pacotes de viagem<\/h3>\n<ul>\n<li>Pacotes Nacionais at\u00e9 R$1.000, incluindo passagem a\u00e9rea e hospedagem, para Curitiba, Caldas Novas, S\u00e3o Paulo, Bras\u00edlia, Belo Horizonte e Rio de Janeiro.<\/li>\n<li>Pacotes internacionais\u00a0 com at\u00e9 R$2.500 para Santiago, Buenos Aires, Lima e Montevid\u00e9u, incluindo passagem a\u00e9rea e hospedagem.<\/li>\n<li>Pacotes para o Maranh\u00e3o com at\u00e9 15% de desconto, usando o cupom <strong>PACOTEMARA<\/strong>.<\/li>\n<li>Pacotes para Porto de Galinhas com desconto de at\u00e9 10%, usando o cupom <strong>PORTOGALINHASBF<\/strong>.<\/li>\n<li>Pacotes para Fortaleza com descontos de at\u00e9 10%, usando o cupom <strong>FORTALEZASALDAO<\/strong>.<\/li>\n<\/ul>\n<h3>Passagens a\u00e9reas<\/h3>\n<ul>\n<li>Voando Jetsmart para destinos na Am\u00e9rica do Sul, o cliente ganha at\u00e9 10% de desconto, para isso basta usar o cupom <strong>JETSMARTOFF<\/strong>.<\/li>\n<li>Voos para diversos destinos brasileiros com descontos e condi\u00e7\u00f5es especiais.<\/li>\n<\/ul>\n<h3>Ingressos<\/h3>\n<ul>\n<li>Ingressos de 3 dias para os Parques do Universal Orlando Resort, com datas entre 01\/03\/24 e 31\/05\/24, com at\u00e9 20% off, usando o cupom <strong>BFUNIVERSAL<\/strong>. Exclusivo para compras via app.<\/li>\n<\/ul>\n<h3>Aluguel por temporada<\/h3>\n<ul>\n<li>Os clientes t\u00eam at\u00e9 R$ 450 de desconto, usando o cupom ALUGUEISBLACK.<\/li>\n<\/ul>\n<h3>Loca\u00e7\u00e3o de carros<\/h3>\n<ul>\n<li>Op\u00e7\u00f5es de alugu\u00e9is de ve\u00edculos com at\u00e9 15% off.<\/li>\n<\/ul>\n<p>As condi\u00e7\u00f5es especiais s\u00e3o v\u00e1lidas para compras no\u00a0site\u00a0ou no aplicativo, dispon\u00edvel gratuitamente via\u00a0Apple Store\u00a0ou\u00a0Google Play.<\/p>\n<p>As ofertas est\u00e3o sujeitas a altera\u00e7\u00f5es de disponibilidade e valores. Consulte as ofertas vigentes na Decolar.<\/p>\n<p>A Decolar oferece diversas op\u00e7\u00f5es de pagamento, como dividir a compra em at\u00e9 dois cart\u00f5es, al\u00e9m de diversas modalidades oferecidas por meio da Koin com o Boleto Parcelado, al\u00e9m do Pix.<\/p>\n<\/div>\n<p><script>\n\t\t! function(f, b, e, v, n, t, s) {\n\t\t\tif (f.fbq) return;\n\t\t\tn = f.fbq = function() {\n\t\t\t\tn.callMethod ?\n\t\t\t\t\tn.callMethod.apply(n, arguments) : n.queue.push(arguments)\n\t\t\t};\n\t\t\tif (!f._fbq) f._fbq = n;\n\t\t\tn.push = n;\n\t\t\tn.loaded = !0;\n\t\t\tn.version = '2.0';\n\t\t\tn.queue = [];\n\t\t\tt = b.createElement(e);\n\t\t\tt.async = !0;\n\t\t\tt.src = v;\n\t\t\ts = b.getElementsByTagName(e)[0];\n\t\t\ts.parentNode.insertBefore(t, s)\n\t\t}(window, document, 'script',\n\t\t\t'https:\/\/connect.facebook.net\/en_US\/fbevents.js');\n\t\tfbq('init', '338315473262380');\n\t\tfbq('track', 'PageView');\n\t<\/script><br \/>\n<br \/><br \/>\n<br \/><a href=\"https:\/\/catracalivre.com.br\/viagem-livre\/saldao-da-black-friday-decolar-tem-ofertas-com-ate-40-off\/\">Source link <\/a><\/p>\n<!-- CONTENT END 1 -->\n","protected":false},"excerpt":{"rendered":"<p>N\u00e3o conseguiu aproveitar a Black Friday para programar sua pr\u00f3xima viagem? Temos uma \u00f3tima not\u00edcia! A Decolar acaba de lan\u00e7ar seu sald\u00e3o com descontos de&#8230;<\/p>\n","protected":false},"author":1,"featured_media":7862,"comment_status":"open","ping_status":"open","sticky":false,"template":"","format":"standard","meta":{"advanced_seo_description":"","jetpack_seo_html_title":"","jetpack_seo_noindex":false,"jetpack_post_was_ever_published":false,"_jetpack_newsletter_access":"","_jetpack_dont_email_post_to_subs":false,"_jetpack_newsletter_tier_id":0,"_jetpack_memberships_contains_paywalled_content":false,"_jetpack_memberships_contains_paid_content":false,"footnotes":"","jetpack_publicize_message":"","jetpack_publicize_feature_enabled":true,"jetpack_social_post_already_shared":true,"jetpack_social_options":{"image_generator_settings":{"template":"highway","default_image_id":0,"font":"","enabled":false},"version":2}},"categories":[19],"tags":[],"class_list":["post-7861","post","type-post","status-publish","format-standard","has-post-thumbnail","hentry","category-variedades"],"jetpack_publicize_connections":[],"jetpack_featured_media_url":"https:\/\/i0.wp.com\/noticiasribeiraopreto.com.br\/wp-content\/uploads\/2023\/11\/emprego-dos-sonhos.jpg?fit=1200%2C638&ssl=1","jetpack-related-posts":[{"id":35864,"url":"https:\/\/noticiasribeiraopreto.com.br\/index.php\/2024\/02\/07\/atencao-santander-esta-liberando-cartoes-de-credito-com-2-anos-de-anuidade-gratis-veja-como-solicitar\/","url_meta":{"origin":7861,"position":0},"title":"Aten\u00e7\u00e3o! Santander est\u00e1 liberando cart\u00f5es de cr\u00e9dito com 2 anos de anuidade GR\u00c1TIS; Veja como solicitar","author":"noticiasribeiraopreto.com.br","date":"7 de February de 2024","format":false,"excerpt":"Boa not\u00edcia para quem procura um cart\u00e3o de cr\u00e9dito com vantagens em rela\u00e7\u00e3o ao habitual. Acontece que a parceria entre a Decolar e o Santander oferece dois anos de previd\u00eancia gratuita e pontos de passaporte duplo para quem solicitar tr\u00eas cart\u00f5es da marca. O mais interessante da campanha, que vale\u2026","rel":"","context":"In &quot;Dinheiro e Investimento&quot;","block_context":{"text":"Dinheiro e Investimento","link":"https:\/\/noticiasribeiraopreto.com.br\/index.php\/category\/dinheiro-e-investimento-como-fazer-como-ganhar\/"},"img":{"alt_text":"","src":"https:\/\/i0.wp.com\/noticiasribeiraopreto.com.br\/wp-content\/uploads\/2024\/02\/santander-sx-750x497-1.webp.jpeg?fit=750%2C497&ssl=1&resize=350%2C200","width":350,"height":200,"srcset":"https:\/\/i0.wp.com\/noticiasribeiraopreto.com.br\/wp-content\/uploads\/2024\/02\/santander-sx-750x497-1.webp.jpeg?fit=750%2C497&ssl=1&resize=350%2C200 1x, https:\/\/i0.wp.com\/noticiasribeiraopreto.com.br\/wp-content\/uploads\/2024\/02\/santander-sx-750x497-1.webp.jpeg?fit=750%2C497&ssl=1&resize=525%2C300 1.5x, https:\/\/i0.wp.com\/noticiasribeiraopreto.com.br\/wp-content\/uploads\/2024\/02\/santander-sx-750x497-1.webp.jpeg?fit=750%2C497&ssl=1&resize=700%2C400 2x"},"classes":[]},{"id":70874,"url":"https:\/\/noticiasribeiraopreto.com.br\/index.php\/2025\/05\/30\/aviao-da-dupla-rionegro-e-solimoes-faz-pouso-forcado-minutos-apos-decolar-no-interior-de-sp\/","url_meta":{"origin":7861,"position":1},"title":"Avi\u00e3o da dupla Rionegro e Solim\u00f5es faz pouso for\u00e7ado minutos ap\u00f3s decolar no interior de SP","author":"noticiasribeiraopreto.com.br","date":"30 de May de 2025","format":false,"excerpt":"Um avi\u00e3o que transportava a dupla sertaneja Rionegro & Solim\u00f5es realizou um pouso for\u00e7ado na tarde desta sexta-feira (30), no Aeroporto Tenente Lund Presotto, em Franca, cidade a cerca de 90 quil\u00f4metros de Ribeir\u00e3o Preto. De acordo com a Rede VOA, respons\u00e1vel pela administra\u00e7\u00e3o do aer\u00f3dromo, disse que o caso\u2026","rel":"","context":"In &quot;Not\u00edcias de Ribeir\u00e3o Preto-SP e Regi\u00e3o&quot;","block_context":{"text":"Not\u00edcias de Ribeir\u00e3o Preto-SP e Regi\u00e3o","link":"https:\/\/noticiasribeiraopreto.com.br\/index.php\/category\/noticias-de-ribeirao-preto-sp-e-regiao-ismael-colosi\/"},"img":{"alt_text":"","src":"https:\/\/i0.wp.com\/noticiasribeiraopreto.com.br\/wp-content\/uploads\/2025\/05\/Snapinsta.app_467503149_18478839535037853_10266929640017733_n_1080_2024-12-18_19-27-02_jpg_2024-12-18_19-27-02.webp.webp?fit=1080%2C1144&ssl=1&resize=350%2C200","width":350,"height":200,"srcset":"https:\/\/i0.wp.com\/noticiasribeiraopreto.com.br\/wp-content\/uploads\/2025\/05\/Snapinsta.app_467503149_18478839535037853_10266929640017733_n_1080_2024-12-18_19-27-02_jpg_2024-12-18_19-27-02.webp.webp?fit=1080%2C1144&ssl=1&resize=350%2C200 1x, https:\/\/i0.wp.com\/noticiasribeiraopreto.com.br\/wp-content\/uploads\/2025\/05\/Snapinsta.app_467503149_18478839535037853_10266929640017733_n_1080_2024-12-18_19-27-02_jpg_2024-12-18_19-27-02.webp.webp?fit=1080%2C1144&ssl=1&resize=525%2C300 1.5x, https:\/\/i0.wp.com\/noticiasribeiraopreto.com.br\/wp-content\/uploads\/2025\/05\/Snapinsta.app_467503149_18478839535037853_10266929640017733_n_1080_2024-12-18_19-27-02_jpg_2024-12-18_19-27-02.webp.webp?fit=1080%2C1144&ssl=1&resize=700%2C400 2x, https:\/\/i0.wp.com\/noticiasribeiraopreto.com.br\/wp-content\/uploads\/2025\/05\/Snapinsta.app_467503149_18478839535037853_10266929640017733_n_1080_2024-12-18_19-27-02_jpg_2024-12-18_19-27-02.webp.webp?fit=1080%2C1144&ssl=1&resize=1050%2C600 3x"},"classes":[]},{"id":11439,"url":"https:\/\/noticiasribeiraopreto.com.br\/index.php\/2023\/12\/06\/nao-e-festa-do-caqui-disparada-recente-da-bolsa-nao-e-sinal-para-sair-comprando-qualquer-acao-alerta-analista\/","url_meta":{"origin":7861,"position":2},"title":"\u2018N\u00e3o \u00e9 festa do caqui\u2019: disparada recente da Bolsa n\u00e3o \u00e9 sinal para sair comprando qualquer a\u00e7\u00e3o, alerta analista","author":"noticiasribeiraopreto.com.br","date":"6 de December de 2023","format":false,"excerpt":"Depois de meses de um certo \u201cmarasmo\u201d, a Bolsa brasileira finalmente reagiu em novembro. Para a alegria de todos que esperavam pelo t\u00e3o falado rali de fim de ano, o Ibovespa saltou impressionantes 12,54% \u2013 o que fez, inclusive, novembro ser o melhor m\u00eas para a Bolsa em tr\u00eas anos,\u2026","rel":"","context":"In &quot;Dinheiro e Investimento&quot;","block_context":{"text":"Dinheiro e Investimento","link":"https:\/\/noticiasribeiraopreto.com.br\/index.php\/category\/dinheiro-e-investimento-como-fazer-como-ganhar\/"},"img":{"alt_text":"","src":"https:\/\/i0.wp.com\/noticiasribeiraopreto.com.br\/wp-content\/uploads\/2023\/12\/sd-festa-do-caqui-acoes-dezembro-715x402.jpg?fit=715%2C402&ssl=1&resize=350%2C200","width":350,"height":200,"srcset":"https:\/\/i0.wp.com\/noticiasribeiraopreto.com.br\/wp-content\/uploads\/2023\/12\/sd-festa-do-caqui-acoes-dezembro-715x402.jpg?fit=715%2C402&ssl=1&resize=350%2C200 1x, https:\/\/i0.wp.com\/noticiasribeiraopreto.com.br\/wp-content\/uploads\/2023\/12\/sd-festa-do-caqui-acoes-dezembro-715x402.jpg?fit=715%2C402&ssl=1&resize=525%2C300 1.5x, https:\/\/i0.wp.com\/noticiasribeiraopreto.com.br\/wp-content\/uploads\/2023\/12\/sd-festa-do-caqui-acoes-dezembro-715x402.jpg?fit=715%2C402&ssl=1&resize=700%2C400 2x"},"classes":[]},{"id":33973,"url":"https:\/\/noticiasribeiraopreto.com.br\/index.php\/2024\/01\/31\/acao-de-siderurgica-pode-pagar-mais-de-10-em-dividendos-esta-descontada-e-tem-potencial-para-decolar-gracas-a-uma-decisao-do-governo-entenda\/","url_meta":{"origin":7861,"position":3},"title":"A\u00e7\u00e3o de sider\u00fargica pode pagar mais de 10% em dividendos, est\u00e1 descontada e tem potencial para \u2018decolar\u2019 gra\u00e7as a uma decis\u00e3o do governo; entenda","author":"noticiasribeiraopreto.com.br","date":"31 de January de 2024","format":false,"excerpt":"As a\u00e7\u00f5es da ind\u00fastria sider\u00fargica passaram por quedas nos \u00faltimos meses \u2013 mas isso pode mudar em breve, gra\u00e7as a uma decis\u00e3o do governo. Segundo Ruy Hungria, analista da Empiricus Research, o setor pode se beneficiar caso o governo brasileiro altere as regras de tributa\u00e7\u00e3o do a\u00e7o estrangeiro. E, quando\u2026","rel":"","context":"In &quot;Dinheiro e Investimento&quot;","block_context":{"text":"Dinheiro e Investimento","link":"https:\/\/noticiasribeiraopreto.com.br\/index.php\/category\/dinheiro-e-investimento-como-fazer-como-ganhar\/"},"img":{"alt_text":"","src":"https:\/\/i0.wp.com\/noticiasribeiraopreto.com.br\/wp-content\/uploads\/2024\/01\/acoes-boletim-focus-1-715x402.png?fit=715%2C402&ssl=1&resize=350%2C200","width":350,"height":200,"srcset":"https:\/\/i0.wp.com\/noticiasribeiraopreto.com.br\/wp-content\/uploads\/2024\/01\/acoes-boletim-focus-1-715x402.png?fit=715%2C402&ssl=1&resize=350%2C200 1x, https:\/\/i0.wp.com\/noticiasribeiraopreto.com.br\/wp-content\/uploads\/2024\/01\/acoes-boletim-focus-1-715x402.png?fit=715%2C402&ssl=1&resize=525%2C300 1.5x, https:\/\/i0.wp.com\/noticiasribeiraopreto.com.br\/wp-content\/uploads\/2024\/01\/acoes-boletim-focus-1-715x402.png?fit=715%2C402&ssl=1&resize=700%2C400 2x"},"classes":[]},{"id":20296,"url":"https:\/\/noticiasribeiraopreto.com.br\/index.php\/2023\/12\/24\/flybondi-tem-passagens-para-buenos-aires-a-partir-de-r-455\/","url_meta":{"origin":7861,"position":4},"title":"Flybondi tem passagens para Buenos Aires a partir de R$ 455","author":"noticiasribeiraopreto.com.br","date":"24 de December de 2023","format":false,"excerpt":"Que tal aproveitar o fim de semana para programar a pr\u00f3xima viagem? A companhia low cost Flybondi lan\u00e7ou uma promo\u00e7\u00e3o especial de passagens a\u00e9reas para destinos na Argentina com 25% de desconto, a partir de R$ 455. A oferta vale para compras efetuadas entre 24 de dezembro e 1\u00ba de\u2026","rel":"","context":"In &quot;Variedades&quot;","block_context":{"text":"Variedades","link":"https:\/\/noticiasribeiraopreto.com.br\/index.php\/category\/variedades\/"},"img":{"alt_text":"","src":"https:\/\/i0.wp.com\/noticiasribeiraopreto.com.br\/wp-content\/uploads\/2023\/12\/regras-para-entrar-na-argetina.jpg?fit=1200%2C638&ssl=1&resize=350%2C200","width":350,"height":200,"srcset":"https:\/\/i0.wp.com\/noticiasribeiraopreto.com.br\/wp-content\/uploads\/2023\/12\/regras-para-entrar-na-argetina.jpg?fit=1200%2C638&ssl=1&resize=350%2C200 1x, https:\/\/i0.wp.com\/noticiasribeiraopreto.com.br\/wp-content\/uploads\/2023\/12\/regras-para-entrar-na-argetina.jpg?fit=1200%2C638&ssl=1&resize=525%2C300 1.5x, https:\/\/i0.wp.com\/noticiasribeiraopreto.com.br\/wp-content\/uploads\/2023\/12\/regras-para-entrar-na-argetina.jpg?fit=1200%2C638&ssl=1&resize=700%2C400 2x, https:\/\/i0.wp.com\/noticiasribeiraopreto.com.br\/wp-content\/uploads\/2023\/12\/regras-para-entrar-na-argetina.jpg?fit=1200%2C638&ssl=1&resize=1050%2C600 3x"},"classes":[]},{"id":6039,"url":"https:\/\/noticiasribeiraopreto.com.br\/index.php\/2023\/11\/24\/sky-tem-passagens-para-o-chile-com-descontos-de-ate-40\/","url_meta":{"origin":7861,"position":5},"title":"SKY tem passagens para o Chile com descontos de at\u00e9 40%","author":"noticiasribeiraopreto.com.br","date":"24 de November de 2023","format":false,"excerpt":"A companhia a\u00e9rea chilena de baixo custo SKY preparou ofertas especiais para a semana de Black Friday. At\u00e9 29 de novembro, a empresa oferece descontos nas passagens a\u00e9reas para destinos no Chile e na Am\u00e9rica do Sul que podem chegar 40%. As promo\u00e7\u00f5es contemplam todos os destinos operados pela empresa\u2026","rel":"","context":"In &quot;Variedades&quot;","block_context":{"text":"Variedades","link":"https:\/\/noticiasribeiraopreto.com.br\/index.php\/category\/variedades\/"},"img":{"alt_text":"","src":"https:\/\/i0.wp.com\/noticiasribeiraopreto.com.br\/wp-content\/uploads\/2023\/11\/bolsas-de-estudo-chile.jpg?fit=1200%2C638&ssl=1&resize=350%2C200","width":350,"height":200,"srcset":"https:\/\/i0.wp.com\/noticiasribeiraopreto.com.br\/wp-content\/uploads\/2023\/11\/bolsas-de-estudo-chile.jpg?fit=1200%2C638&ssl=1&resize=350%2C200 1x, https:\/\/i0.wp.com\/noticiasribeiraopreto.com.br\/wp-content\/uploads\/2023\/11\/bolsas-de-estudo-chile.jpg?fit=1200%2C638&ssl=1&resize=525%2C300 1.5x, https:\/\/i0.wp.com\/noticiasribeiraopreto.com.br\/wp-content\/uploads\/2023\/11\/bolsas-de-estudo-chile.jpg?fit=1200%2C638&ssl=1&resize=700%2C400 2x, https:\/\/i0.wp.com\/noticiasribeiraopreto.com.br\/wp-content\/uploads\/2023\/11\/bolsas-de-estudo-chile.jpg?fit=1200%2C638&ssl=1&resize=1050%2C600 3x"},"classes":[]}],"jetpack_sharing_enabled":true,"jetpack_shortlink":"https:\/\/wp.me\/peQAOb-22N","_links":{"self":[{"href":"https:\/\/noticiasribeiraopreto.com.br\/index.php\/wp-json\/wp\/v2\/posts\/7861","targetHints":{"allow":["GET"]}}],"collection":[{"href":"https:\/\/noticiasribeiraopreto.com.br\/index.php\/wp-json\/wp\/v2\/posts"}],"about":[{"href":"https:\/\/noticiasribeiraopreto.com.br\/index.php\/wp-json\/wp\/v2\/types\/post"}],"author":[{"embeddable":true,"href":"https:\/\/noticiasribeiraopreto.com.br\/index.php\/wp-json\/wp\/v2\/users\/1"}],"replies":[{"embeddable":true,"href":"https:\/\/noticiasribeiraopreto.com.br\/index.php\/wp-json\/wp\/v2\/comments?post=7861"}],"version-history":[{"count":0,"href":"https:\/\/noticiasribeiraopreto.com.br\/index.php\/wp-json\/wp\/v2\/posts\/7861\/revisions"}],"wp:featuredmedia":[{"embeddable":true,"href":"https:\/\/noticiasribeiraopreto.com.br\/index.php\/wp-json\/wp\/v2\/media\/7862"}],"wp:attachment":[{"href":"https:\/\/noticiasribeiraopreto.com.br\/index.php\/wp-json\/wp\/v2\/media?parent=7861"}],"wp:term":[{"taxonomy":"category","embeddable":true,"href":"https:\/\/noticiasribeiraopreto.com.br\/index.php\/wp-json\/wp\/v2\/categories?post=7861"},{"taxonomy":"post_tag","embeddable":true,"href":"https:\/\/noticiasribeiraopreto.com.br\/index.php\/wp-json\/wp\/v2\/tags?post=7861"}],"curies":[{"name":"wp","href":"https:\/\/api.w.org\/{rel}","templated":true}]}}