{"id":7871,"date":"2023-11-29T00:04:39","date_gmt":"2023-11-29T03:04:39","guid":{"rendered":"https:\/\/noticiasribeiraopreto.com.br\/index.php\/2023\/11\/29\/programa-de-fortaleza-abre-mil-vagas-para-cursos-gratuitos-de-tecnologia\/"},"modified":"2023-11-29T00:04:39","modified_gmt":"2023-11-29T03:04:39","slug":"programa-de-fortaleza-abre-mil-vagas-para-cursos-gratuitos-de-tecnologia","status":"publish","type":"post","link":"https:\/\/noticiasribeiraopreto.com.br\/index.php\/2023\/11\/29\/programa-de-fortaleza-abre-mil-vagas-para-cursos-gratuitos-de-tecnologia\/","title":{"rendered":"Programa de Fortaleza abre mil vagas para cursos gratuitos de tecnologia"},"content":{"rendered":"<div class='code-block code-block-1' style='margin: 8px 0 8px auto; text-align: right; display: block; clear: both;'>\n<p><a href=\"https:\/\/wa.link\/vpicfd\"><img data-recalc-dims=\"1\" class=\"wp-image-4922\" style=\"aspect-ratio: 2.0253164556962027; width: 561px; height: auto;\" src=\"https:\/\/i0.wp.com\/ismaelcolosi.com.br\/wp-content\/uploads\/2023\/11\/grupo-de-empregos-whatsapp-e-facebook-ismael-colosi-vagas.jpg?ssl=1\" alt=\"\" \/><\/a><\/p>\n<!-- \/wp:image -->\n<\/div>\n<p> <br \/>\n<\/p>\n<div>\n<p>O programa Juventude Digital, da Prefeitura de Fortaleza, abriu mil novas vagas para cursos gratuitos em <a href=\"https:\/\/catracalivre.com.br\/educacao\/ita-oferece-cursos-gratuitos-online-saiba-como-se-inscrever\/\">tecnologia<\/a>. As inscri\u00e7\u00f5es seguem at\u00e9 o dia 3 de dezembro.<\/p>\n<p>Para se inscrever \u00e9 necess\u00e1rio ter entre 15 e 19 anos e ser morador de Fortaleza. As aulas dos cursos s\u00e3o 100% online.<\/p>\n<div id=\"attachment_2314818\" class=\"wp-caption aligncenter\">\n<div class=\"d-flex justify-content-center\" data-attachment-id=\"2314818\">\n<div class=\"position-relative d-inline-block\"><img data-recalc-dims=\"1\" data-portal-copyright=\"Divulga\u00e7\u00e3o\" decoding=\"async\" fetchpriority=\"high\" class=\"wp-image-2314818 size-large\" src=\"https:\/\/i0.wp.com\/catracalivre.com.br\/wp-content\/uploads\/2023\/11\/cursos-gratuitos-fortaleza-910x512.jpg?resize=910%2C512&#038;ssl=1\" alt=\"Programa Juventude Digital abre mil vagas para cursos gratuitos de tecnologia\" width=\"910\" height=\"512\" srcset=\"https:\/\/catracalivre.com.br\/wp-content\/uploads\/2023\/11\/cursos-gratuitos-fortaleza-910x512.jpg 910w, https:\/\/catracalivre.com.br\/wp-content\/uploads\/2023\/11\/cursos-gratuitos-fortaleza-450x253.jpg 450w, https:\/\/catracalivre.com.br\/wp-content\/uploads\/2023\/11\/cursos-gratuitos-fortaleza-768x432.jpg 768w\" sizes=\"(max-width: 910px) 100vw, 910px\"\/><\/p>\n<p>Cr\u00e9ditos: Divulga\u00e7\u00e3o<\/p>\n<\/div>\n<\/div>\n<p><span class=\"post-imagem__legenda\">Programa Juventude Digital abre mil vagas para cursos gratuitos de tecnologia<\/span><\/p>\n<\/div>\n<p>Interessados dever\u00e3o acessar o portal do programa <a href=\"https:\/\/jd.fortaleza.ce.gov.br\/cursos\" target=\"_blank\" rel=\"noopener\">Juventude Digital<\/a>, selecionar o curso e efetuar o cadastro no Fortaleza Digital, informando dados b\u00e1sicos como nome, e-mail, telefone e endere\u00e7o.<\/p>\n<h2>Os cursos gratuitos do programa Juventude Digital<\/h2>\n<p>O programa Juventude Digital oferece dois cursos gratuitos. Para quem gosta da \u00e1rea de games, uma forma\u00e7\u00e3o ensina desenvolvimento de jogos com Javascript. O segundo curso, sobre desenvolvimento de forma mais geral, chama-se\u00a0\u201cPrograma\u00e7\u00e3o do Zero\u201d.<\/p>\n<p>Ambos t\u00eam carga hor\u00e1ria de 60h e 70h, respectivamente.<\/p>\n<p>Nos programas, os alunos aprendem a desenvolver games e contar\u00e3o com mentorias ao vivo, al\u00e9m da participa\u00e7\u00e3o de desafios e projetos pr\u00e1ticos para criar um portf\u00f3lio.<\/p>\n<h3>Juventude Digital<\/h3>\n<p>O Juventude Digital, programa da Prefeitura de Fortaleza que qualifica jovens para o mercado da tecnologia, foi lan\u00e7ado em outubro de 2021.<\/p>\n<p>O programa \u00e9 coordenado pela Funda\u00e7\u00e3o de Ci\u00eancia, Tecnologia e Inova\u00e7\u00e3o de Fortaleza (Citinova), em parceria com outras secretarias, como a da Juventude e a da Educa\u00e7\u00e3o.<\/p>\n<p>At\u00e9 agora, o JD capacitou mais de 26 mil jovens e realizou cerca de 200 cursos e oficinas, al\u00e9m de 100 eventos, alcan\u00e7ando 47 mil pessoas.<\/p>\n<\/div>\n<p><script>\n\t\t! function(f, b, e, v, n, t, s) {\n\t\t\tif (f.fbq) return;\n\t\t\tn = f.fbq = function() {\n\t\t\t\tn.callMethod ?\n\t\t\t\t\tn.callMethod.apply(n, arguments) : n.queue.push(arguments)\n\t\t\t};\n\t\t\tif (!f._fbq) f._fbq = n;\n\t\t\tn.push = n;\n\t\t\tn.loaded = !0;\n\t\t\tn.version = '2.0';\n\t\t\tn.queue = [];\n\t\t\tt = b.createElement(e);\n\t\t\tt.async = !0;\n\t\t\tt.src = v;\n\t\t\ts = b.getElementsByTagName(e)[0];\n\t\t\ts.parentNode.insertBefore(t, s)\n\t\t}(window, document, 'script',\n\t\t\t'https:\/\/connect.facebook.net\/en_US\/fbevents.js');\n\t\tfbq('init', '338315473262380');\n\t\tfbq('track', 'PageView');\n\t<\/script><br \/>\n<br \/><br \/>\n<br \/><a href=\"https:\/\/catracalivre.com.br\/educacao\/programa-de-fortaleza-abre-mil-vagas-para-cursos-gratuitos-de-tecnologia\/\">Source link <\/a><\/p>\n<!-- CONTENT END 1 -->\n","protected":false},"excerpt":{"rendered":"<p>O programa Juventude Digital, da Prefeitura de Fortaleza, abriu mil novas vagas para cursos gratuitos em tecnologia. As inscri\u00e7\u00f5es seguem at\u00e9 o dia 3 de&#8230;<\/p>\n","protected":false},"author":1,"featured_media":7872,"comment_status":"open","ping_status":"open","sticky":false,"template":"","format":"standard","meta":{"advanced_seo_description":"","jetpack_seo_html_title":"","jetpack_seo_noindex":false,"jetpack_post_was_ever_published":false,"_jetpack_newsletter_access":"","_jetpack_dont_email_post_to_subs":false,"_jetpack_newsletter_tier_id":0,"_jetpack_memberships_contains_paywalled_content":false,"_jetpack_memberships_contains_paid_content":false,"footnotes":"","jetpack_publicize_message":"","jetpack_publicize_feature_enabled":true,"jetpack_social_post_already_shared":true,"jetpack_social_options":{"image_generator_settings":{"template":"highway","default_image_id":0,"font":"","enabled":false},"version":2}},"categories":[19],"tags":[],"class_list":["post-7871","post","type-post","status-publish","format-standard","has-post-thumbnail","hentry","category-variedades"],"jetpack_publicize_connections":[],"jetpack_featured_media_url":"https:\/\/i0.wp.com\/noticiasribeiraopreto.com.br\/wp-content\/uploads\/2023\/11\/cursos-gratuitos-fortaleza.jpg?fit=1200%2C638&ssl=1","jetpack-related-posts":[{"id":23326,"url":"https:\/\/noticiasribeiraopreto.com.br\/index.php\/2024\/01\/02\/215-vagas-em-cursos-gratuitos-online-ead-com-certificacao-em-ingles-espanhol-e-frances-ofertados-em-parceria-com-o-governo-britanico-no-brasil-interessados-podem-turbinar-o-curriculo-sem-gastar-1\/","url_meta":{"origin":7871,"position":0},"title":"215 vagas em cursos gratuitos, online EAD, com certifica\u00e7\u00e3o em Ingl\u00eas, Espanhol e Franc\u00eas ofertados em parceria com o governo brit\u00e2nico no Brasil; interessados podem turbinar o curr\u00edculo sem gastar 1 real!","author":"noticiasribeiraopreto.com.br","date":"2 de January de 2024","format":false,"excerpt":"Aprenda Ingl\u00eas, Espanhol ou Franc\u00eas e receba certifica\u00e7\u00e3o de conclus\u00e3o do curso gratuitos online (EAD)para turbinar o seu curr\u00edculo sem gastar um centavo! Aprenda Ingl\u00eas, Espanhol ou Franc\u00eas e receba certifica\u00e7\u00e3o de conclus\u00e3o do curso online (EAD) para turbinar o seu curr\u00edculo sem gastar um centavo! Prepare-se para embarcar em\u2026","rel":"","context":"In &quot;Vagas de Emprego em Ribeir\u00e3o Preto-SP&quot;","block_context":{"text":"Vagas de Emprego em Ribeir\u00e3o Preto-SP","link":"https:\/\/noticiasribeiraopreto.com.br\/index.php\/category\/empregos-classificados-vagas-trabalho\/vagas-de-empregos-em-ribeirao-preto-regiao-brasil\/"},"img":{"alt_text":"","src":"https:\/\/i0.wp.com\/noticiasribeiraopreto.com.br\/wp-content\/uploads\/2024\/01\/IF-1-830x450.jpg?fit=830%2C450&ssl=1&resize=350%2C200","width":350,"height":200,"srcset":"https:\/\/i0.wp.com\/noticiasribeiraopreto.com.br\/wp-content\/uploads\/2024\/01\/IF-1-830x450.jpg?fit=830%2C450&ssl=1&resize=350%2C200 1x, https:\/\/i0.wp.com\/noticiasribeiraopreto.com.br\/wp-content\/uploads\/2024\/01\/IF-1-830x450.jpg?fit=830%2C450&ssl=1&resize=525%2C300 1.5x, https:\/\/i0.wp.com\/noticiasribeiraopreto.com.br\/wp-content\/uploads\/2024\/01\/IF-1-830x450.jpg?fit=830%2C450&ssl=1&resize=700%2C400 2x"},"classes":[]},{"id":11265,"url":"https:\/\/noticiasribeiraopreto.com.br\/index.php\/2023\/12\/05\/grupo-boticario-oferece-cursos-gratuitos-de-tecnologia\/","url_meta":{"origin":7871,"position":1},"title":"Grupo Botic\u00e1rio oferece cursos gratuitos de tecnologia","author":"noticiasribeiraopreto.com.br","date":"5 de December de 2023","format":false,"excerpt":"O Grupo Botic\u00e1rio est\u00e1 com inscri\u00e7\u00f5es abertas para a 4\u00aa edi\u00e7\u00e3o do Desenvolve, programa de forma\u00e7\u00e3o e inclus\u00e3o de talentos em tecnologia, que oferece cursos gratuitos 100% online de capacita\u00e7\u00e3o para pessoas em situa\u00e7\u00e3o de vulnerabilidade social. Cr\u00e9ditos: Photosbypatrik\/iStockGrupo Botic\u00e1rio abre vagas em cursos gratuitos de tecnologia para mobile Para\u2026","rel":"","context":"In &quot;Variedades&quot;","block_context":{"text":"Variedades","link":"https:\/\/noticiasribeiraopreto.com.br\/index.php\/category\/variedades\/"},"img":{"alt_text":"","src":"https:\/\/i0.wp.com\/noticiasribeiraopreto.com.br\/wp-content\/uploads\/2023\/12\/cursos-gratuitos-mobile.jpg?fit=1200%2C638&ssl=1&resize=350%2C200","width":350,"height":200,"srcset":"https:\/\/i0.wp.com\/noticiasribeiraopreto.com.br\/wp-content\/uploads\/2023\/12\/cursos-gratuitos-mobile.jpg?fit=1200%2C638&ssl=1&resize=350%2C200 1x, https:\/\/i0.wp.com\/noticiasribeiraopreto.com.br\/wp-content\/uploads\/2023\/12\/cursos-gratuitos-mobile.jpg?fit=1200%2C638&ssl=1&resize=525%2C300 1.5x, https:\/\/i0.wp.com\/noticiasribeiraopreto.com.br\/wp-content\/uploads\/2023\/12\/cursos-gratuitos-mobile.jpg?fit=1200%2C638&ssl=1&resize=700%2C400 2x, https:\/\/i0.wp.com\/noticiasribeiraopreto.com.br\/wp-content\/uploads\/2023\/12\/cursos-gratuitos-mobile.jpg?fit=1200%2C638&ssl=1&resize=1050%2C600 3x"},"classes":[]},{"id":45843,"url":"https:\/\/noticiasribeiraopreto.com.br\/index.php\/2024\/04\/08\/senai-abre-inscricoes-com-mais-de-10-mil-vagas-em-cursos-tecnicos-profissionalizantes-a-distancia-e-gratuitos-com-certificado-nas-areas-de-tecnologia-da-informacao-logisticas-automotiva-e-mais\/","url_meta":{"origin":7871,"position":2},"title":"Senai abre inscri\u00e7\u00f5es com mais de 10 mil vagas em cursos t\u00e9cnicos profissionalizantes \u00e0 dist\u00e2ncia e GRATUITOS; com certificado nas \u00e1reas de Tecnologia da Informa\u00e7\u00e3o, log\u00edsticas, automotiva e mais.","author":"noticiasribeiraopreto.com.br","date":"8 de April de 2024","format":false,"excerpt":"A oportunidade que voc\u00ea tanto esperava: o Senai oferece cursos t\u00e9cnicos e profissionalizantes gratuitos com credenciamento. Garanta sua qualifica\u00e7\u00e3o profissional! O Servi\u00e7o Nacional de Aprendizagem Industrial (SENAI) tem o prazer de anunciar que iniciou o cadastramento de 10 mil vagas em cursos t\u00e9cnicos profissionalizantes gratuitos nas modalidades EAD (EAD) e\u2026","rel":"","context":"In &quot;Empregos - Classificados&quot;","block_context":{"text":"Empregos - Classificados","link":"https:\/\/noticiasribeiraopreto.com.br\/index.php\/category\/empregos-classificados-vagas-trabalho\/"},"img":{"alt_text":"","src":"https:\/\/i0.wp.com\/noticiasribeiraopreto.com.br\/wp-content\/uploads\/2024\/04\/Grupo-especifico-de-mulheres-ganham-PRIORIDADE-no-pagamento-do-Bolsa-Familia-Saiba-mais-2.webp.webp?fit=1200%2C630&ssl=1&resize=350%2C200","width":350,"height":200,"srcset":"https:\/\/i0.wp.com\/noticiasribeiraopreto.com.br\/wp-content\/uploads\/2024\/04\/Grupo-especifico-de-mulheres-ganham-PRIORIDADE-no-pagamento-do-Bolsa-Familia-Saiba-mais-2.webp.webp?fit=1200%2C630&ssl=1&resize=350%2C200 1x, https:\/\/i0.wp.com\/noticiasribeiraopreto.com.br\/wp-content\/uploads\/2024\/04\/Grupo-especifico-de-mulheres-ganham-PRIORIDADE-no-pagamento-do-Bolsa-Familia-Saiba-mais-2.webp.webp?fit=1200%2C630&ssl=1&resize=525%2C300 1.5x, https:\/\/i0.wp.com\/noticiasribeiraopreto.com.br\/wp-content\/uploads\/2024\/04\/Grupo-especifico-de-mulheres-ganham-PRIORIDADE-no-pagamento-do-Bolsa-Familia-Saiba-mais-2.webp.webp?fit=1200%2C630&ssl=1&resize=700%2C400 2x, https:\/\/i0.wp.com\/noticiasribeiraopreto.com.br\/wp-content\/uploads\/2024\/04\/Grupo-especifico-de-mulheres-ganham-PRIORIDADE-no-pagamento-do-Bolsa-Familia-Saiba-mais-2.webp.webp?fit=1200%2C630&ssl=1&resize=1050%2C600 3x"},"classes":[]},{"id":15745,"url":"https:\/\/noticiasribeiraopreto.com.br\/index.php\/2023\/12\/14\/oracle-abre-20-mil-vagas-em-cursos-gratuitos-online-em-inteligencia-artificial-ia-com-modulo-especial-em-chatgpt-para-profissionais-da-area-de-ti-curiosos-tambem-podem-se-matricular\/","url_meta":{"origin":7871,"position":3},"title":"Oracle abre 20 mil vagas em cursos gratuitos online em Intelig\u00eancia Artificial (IA) com m\u00f3dulo especial em ChatGPT para profissionais da \u00e1rea de TI; curiosos tamb\u00e9m podem se matricular!","author":"noticiasribeiraopreto.com.br","date":"14 de December de 2023","format":false,"excerpt":"20 mil vagas em cursos gratuitos em IA e ChatGPT ofertado pela Oracle Desenvolvedores, profissionais da \u00e1rea de TI e pessoas que tem curiosidade ou buscam se aprimorar em IA podem se matricular nos programas Oracle Next Education (ONE) e Get Started with Oracle AI A Oracle acaba de anunciar\u2026","rel":"","context":"In &quot;Vagas de Emprego em Ribeir\u00e3o Preto-SP&quot;","block_context":{"text":"Vagas de Emprego em Ribeir\u00e3o Preto-SP","link":"https:\/\/noticiasribeiraopreto.com.br\/index.php\/category\/empregos-classificados-vagas-trabalho\/vagas-de-empregos-em-ribeirao-preto-regiao-brasil\/"},"img":{"alt_text":"","src":"https:\/\/i0.wp.com\/noticiasribeiraopreto.com.br\/wp-content\/uploads\/2023\/12\/ORACLEe-830x450.jpg?fit=830%2C450&ssl=1&resize=350%2C200","width":350,"height":200,"srcset":"https:\/\/i0.wp.com\/noticiasribeiraopreto.com.br\/wp-content\/uploads\/2023\/12\/ORACLEe-830x450.jpg?fit=830%2C450&ssl=1&resize=350%2C200 1x, https:\/\/i0.wp.com\/noticiasribeiraopreto.com.br\/wp-content\/uploads\/2023\/12\/ORACLEe-830x450.jpg?fit=830%2C450&ssl=1&resize=525%2C300 1.5x, https:\/\/i0.wp.com\/noticiasribeiraopreto.com.br\/wp-content\/uploads\/2023\/12\/ORACLEe-830x450.jpg?fit=830%2C450&ssl=1&resize=700%2C400 2x"},"classes":[]},{"id":7794,"url":"https:\/\/noticiasribeiraopreto.com.br\/index.php\/2023\/11\/28\/senac-abre-3-mil-vagas-em-cursos-gratuitos-veja-requisitos\/","url_meta":{"origin":7871,"position":4},"title":"Senac abre 3 mil vagas em cursos gratuitos; veja requisitos","author":"noticiasribeiraopreto.com.br","date":"28 de November de 2023","format":false,"excerpt":"O Servi\u00e7o Nacional de Aprendizagem Comercial do Esp\u00edrito Santo (Senac-ES) est\u00e1 oferecendo 3 mil vagas gratuitas para cursos \u00e0 dist\u00e2ncia (EaD) em diversas \u00e1reas estrat\u00e9gicas por meio do Programa Senac de Gratuidade (PSG). O prazo de inscri\u00e7\u00e3o vai at\u00e9 ter\u00e7a-feira, 28, \u00e0s 23h59.As vagas s\u00e3o para cursos gratuitos em setores\u2026","rel":"","context":"In &quot;Variedades&quot;","block_context":{"text":"Variedades","link":"https:\/\/noticiasribeiraopreto.com.br\/index.php\/category\/variedades\/"},"img":{"alt_text":"","src":"https:\/\/i0.wp.com\/noticiasribeiraopreto.com.br\/wp-content\/uploads\/2023\/11\/cursos-gratuitos-senac-es.jpeg?fit=1200%2C638&ssl=1&resize=350%2C200","width":350,"height":200,"srcset":"https:\/\/i0.wp.com\/noticiasribeiraopreto.com.br\/wp-content\/uploads\/2023\/11\/cursos-gratuitos-senac-es.jpeg?fit=1200%2C638&ssl=1&resize=350%2C200 1x, https:\/\/i0.wp.com\/noticiasribeiraopreto.com.br\/wp-content\/uploads\/2023\/11\/cursos-gratuitos-senac-es.jpeg?fit=1200%2C638&ssl=1&resize=525%2C300 1.5x, https:\/\/i0.wp.com\/noticiasribeiraopreto.com.br\/wp-content\/uploads\/2023\/11\/cursos-gratuitos-senac-es.jpeg?fit=1200%2C638&ssl=1&resize=700%2C400 2x, https:\/\/i0.wp.com\/noticiasribeiraopreto.com.br\/wp-content\/uploads\/2023\/11\/cursos-gratuitos-senac-es.jpeg?fit=1200%2C638&ssl=1&resize=1050%2C600 3x"},"classes":[]},{"id":11601,"url":"https:\/\/noticiasribeiraopreto.com.br\/index.php\/2023\/12\/06\/secretaria-de-ciencia-e-tecnologia-do-rj-oferece-3-200-vagas-em-cursos-gratuitos-em-dezembro\/","url_meta":{"origin":7871,"position":5},"title":"Secretaria de Ci\u00eancia e Tecnologia do RJ oferece 3.200 vagas em cursos gratuitos em dezembro","author":"noticiasribeiraopreto.com.br","date":"6 de December de 2023","format":false,"excerpt":"O programa Naves do Conhecimento, inciativa da Secretaria Municipal de Ci\u00eancia e Tecnologia do Rio de Janeiro (SMCT), est\u00e1 com inscri\u00e7\u00f5es abertas para 3.200 vagas em diversos cursos gratuitos nas \u00e1reas de tecnologia e empreendedorismo. Al\u00e9m dos cursos, o programa tamb\u00e9m oferece oficinas e palestras no m\u00eas de dezembro. As\u2026","rel":"","context":"In &quot;Variedades&quot;","block_context":{"text":"Variedades","link":"https:\/\/noticiasribeiraopreto.com.br\/index.php\/category\/variedades\/"},"img":{"alt_text":"","src":"https:\/\/i0.wp.com\/noticiasribeiraopreto.com.br\/wp-content\/uploads\/2023\/12\/cursos-gratuitos-naves-conhecimento.jpeg?fit=1200%2C638&ssl=1&resize=350%2C200","width":350,"height":200,"srcset":"https:\/\/i0.wp.com\/noticiasribeiraopreto.com.br\/wp-content\/uploads\/2023\/12\/cursos-gratuitos-naves-conhecimento.jpeg?fit=1200%2C638&ssl=1&resize=350%2C200 1x, https:\/\/i0.wp.com\/noticiasribeiraopreto.com.br\/wp-content\/uploads\/2023\/12\/cursos-gratuitos-naves-conhecimento.jpeg?fit=1200%2C638&ssl=1&resize=525%2C300 1.5x, https:\/\/i0.wp.com\/noticiasribeiraopreto.com.br\/wp-content\/uploads\/2023\/12\/cursos-gratuitos-naves-conhecimento.jpeg?fit=1200%2C638&ssl=1&resize=700%2C400 2x, https:\/\/i0.wp.com\/noticiasribeiraopreto.com.br\/wp-content\/uploads\/2023\/12\/cursos-gratuitos-naves-conhecimento.jpeg?fit=1200%2C638&ssl=1&resize=1050%2C600 3x"},"classes":[]}],"jetpack_sharing_enabled":true,"jetpack_shortlink":"https:\/\/wp.me\/peQAOb-22X","_links":{"self":[{"href":"https:\/\/noticiasribeiraopreto.com.br\/index.php\/wp-json\/wp\/v2\/posts\/7871","targetHints":{"allow":["GET"]}}],"collection":[{"href":"https:\/\/noticiasribeiraopreto.com.br\/index.php\/wp-json\/wp\/v2\/posts"}],"about":[{"href":"https:\/\/noticiasribeiraopreto.com.br\/index.php\/wp-json\/wp\/v2\/types\/post"}],"author":[{"embeddable":true,"href":"https:\/\/noticiasribeiraopreto.com.br\/index.php\/wp-json\/wp\/v2\/users\/1"}],"replies":[{"embeddable":true,"href":"https:\/\/noticiasribeiraopreto.com.br\/index.php\/wp-json\/wp\/v2\/comments?post=7871"}],"version-history":[{"count":0,"href":"https:\/\/noticiasribeiraopreto.com.br\/index.php\/wp-json\/wp\/v2\/posts\/7871\/revisions"}],"wp:featuredmedia":[{"embeddable":true,"href":"https:\/\/noticiasribeiraopreto.com.br\/index.php\/wp-json\/wp\/v2\/media\/7872"}],"wp:attachment":[{"href":"https:\/\/noticiasribeiraopreto.com.br\/index.php\/wp-json\/wp\/v2\/media?parent=7871"}],"wp:term":[{"taxonomy":"category","embeddable":true,"href":"https:\/\/noticiasribeiraopreto.com.br\/index.php\/wp-json\/wp\/v2\/categories?post=7871"},{"taxonomy":"post_tag","embeddable":true,"href":"https:\/\/noticiasribeiraopreto.com.br\/index.php\/wp-json\/wp\/v2\/tags?post=7871"}],"curies":[{"name":"wp","href":"https:\/\/api.w.org\/{rel}","templated":true}]}}