{"id":7877,"date":"2023-11-29T00:24:12","date_gmt":"2023-11-29T03:24:12","guid":{"rendered":"https:\/\/noticiasribeiraopreto.com.br\/index.php\/2023\/11\/29\/vitimas-de-grave-acidente-aereo-no-ac-sao-identificadas-apenas-apos-1-mes-da-tragedia\/"},"modified":"2023-11-29T00:24:12","modified_gmt":"2023-11-29T03:24:12","slug":"vitimas-de-grave-acidente-aereo-no-ac-sao-identificadas-apenas-apos-1-mes-da-tragedia","status":"publish","type":"post","link":"https:\/\/noticiasribeiraopreto.com.br\/index.php\/2023\/11\/29\/vitimas-de-grave-acidente-aereo-no-ac-sao-identificadas-apenas-apos-1-mes-da-tragedia\/","title":{"rendered":"V\u00edtimas de grave acidente a\u00e9reo no AC s\u00e3o identificadas apenas ap\u00f3s 1 m\u00eas da trag\u00e9dia"},"content":{"rendered":"<div class='code-block code-block-1' style='margin: 8px 0 8px auto; text-align: right; display: block; clear: both;'>\n<p><a href=\"https:\/\/wa.link\/vpicfd\"><img data-recalc-dims=\"1\" class=\"wp-image-4922\" style=\"aspect-ratio: 2.0253164556962027; width: 561px; height: auto;\" src=\"https:\/\/i0.wp.com\/ismaelcolosi.com.br\/wp-content\/uploads\/2023\/11\/grupo-de-empregos-whatsapp-e-facebook-ismael-colosi-vagas.jpg?ssl=1\" alt=\"\" \/><\/a><\/p>\n<!-- \/wp:image -->\n<\/div>\n<p> <br \/>\n<\/p>\n<div itemprop=\"text\">\n<p>Nesta ter\u00e7a-feira, dia 28 de novembro, foram identificados os corpos do copiloto Kleiton Lima Almeida e Ant\u00f4nio Elizangela, mortos em um tr\u00e1gico acidente a\u00e9reo que aconteceu no dia 29 de outubro. As v\u00edtimas apenas foram identificadas ap\u00f3s quase um m\u00eas da situa\u00e7\u00e3o.<\/p>\n<p>Devido ao estado em que os corpos ficaram, foi necess\u00e1rio a utiliza\u00e7\u00e3o de t\u00e9cnicas de DNA para realizar o reconhecimento. Se tratou de um trabalho demorado e minucioso.<\/p>\n<p>O diretor-geral do Departamento da Pol\u00edcia T\u00e9cnico-Cient\u00edfica, Sandro Martins, deu mais detalhes diante do assunto e alegou que toda a situa\u00e7\u00e3o envolveu t\u00e9cnicas delicadas que exigiram muitas repeti\u00e7\u00f5es por parte da equipe de peritos.<\/p>\n<p><em>\u201cDevido \u00e0s amostras, j\u00e1 sab\u00edamos que uns iam ser mais f\u00e1ceis, de certa forma, de identificar e outros n\u00e3o. Identificamos dois com a compara\u00e7\u00e3o dos perfis gen\u00e9ticos e deu certo\u201d<\/em>, disse ele, contando o que teria acontecido.<\/p>\n<p>Agora, os corpos ser\u00e3o passados para o IML (Instituo M\u00e9dico Legal). E com isso, a fam\u00edlia dever\u00e1 ir at\u00e9 o local para realizar a libera\u00e7\u00e3o para o vel\u00f3rio.<\/p>\n<p>Para o trabalho envolvendo DNA, \u00e9 necess\u00e1rio extrair materias gen\u00e9ticos das v\u00edtimas. Por\u00e9m, antes disso, o material precisa passar por um processo de descalfica\u00e7\u00e3o para que os peritos possam acessar esse DNA que fica protegido por conta dos ossos. Esse procedimento requer delicadeza e tempo.<\/p>\n<p>Al\u00e9m da queda, o avi\u00e3o explodiu, o que deixou as v\u00edtimas carbonizadas. A aeronave tinha destino a Envira, no Amazonas. A situa\u00e7\u00e3o continua a ser muito lamentada.<\/p>\n<\/div>\n<p><br \/>\n<br \/><a href=\"https:\/\/fnmais.com\/vitimas-grave-acidente-aereo-no-ac-sao-identificadas-apenas-apos-1-mes-tragedia\/\">Source link <\/a><\/p>\n<!-- CONTENT END 1 -->\n","protected":false},"excerpt":{"rendered":"<p>Nesta ter\u00e7a-feira, dia 28 de novembro, foram identificados os corpos do copiloto Kleiton Lima Almeida e Ant\u00f4nio Elizangela, mortos em um tr\u00e1gico acidente a\u00e9reo que&#8230;<\/p>\n","protected":false},"author":1,"featured_media":7878,"comment_status":"open","ping_status":"open","sticky":false,"template":"","format":"standard","meta":{"advanced_seo_description":"","jetpack_seo_html_title":"","jetpack_seo_noindex":false,"jetpack_post_was_ever_published":false,"_jetpack_newsletter_access":"","_jetpack_dont_email_post_to_subs":false,"_jetpack_newsletter_tier_id":0,"_jetpack_memberships_contains_paywalled_content":false,"_jetpack_memberships_contains_paid_content":false,"footnotes":"","jetpack_publicize_message":"","jetpack_publicize_feature_enabled":true,"jetpack_social_post_already_shared":true,"jetpack_social_options":{"image_generator_settings":{"template":"highway","default_image_id":0,"font":"","enabled":false},"version":2}},"categories":[1],"tags":[],"class_list":["post-7877","post","type-post","status-publish","format-standard","has-post-thumbnail","hentry","category-blog"],"jetpack_publicize_connections":[],"jetpack_featured_media_url":"https:\/\/i0.wp.com\/noticiasribeiraopreto.com.br\/wp-content\/uploads\/2023\/11\/postimg-6566a1d9e990d7498.jpg?fit=1200%2C628&ssl=1","jetpack-related-posts":[{"id":56206,"url":"https:\/\/noticiasribeiraopreto.com.br\/index.php\/2024\/08\/11\/equipes-concluem-retirada-de-corpos-das-vitimas-de-acidente-aereo-no-interior-de-sp\/","url_meta":{"origin":7877,"position":0},"title":"Equipes concluem retirada de corpos das v\u00edtimas de acidente a\u00e9reo no interior de SP","author":"noticiasribeiraopreto.com.br","date":"11 de August de 2024","format":false,"excerpt":"O Governo do Estado de S\u00e3o Paulo confirmou que os corpos das 62 v\u00edtimas do acidente com avi\u00e3o da Voepass, em Vinhedo, no interior paulista, foram retirados do local neste s\u00e1bado (10). A empresa a\u00e9rea tem sede em Ribeir\u00e3o Preto. Conforme a nota, as equipes do Corpo de Bombeiros finalizaram\u2026","rel":"","context":"In &quot;Not\u00edcias de Ribeir\u00e3o Preto-SP e Regi\u00e3o&quot;","block_context":{"text":"Not\u00edcias de Ribeir\u00e3o Preto-SP e Regi\u00e3o","link":"https:\/\/noticiasribeiraopreto.com.br\/index.php\/category\/noticias-de-ribeirao-preto-sp-e-regiao-ismael-colosi\/"},"img":{"alt_text":"","src":"https:\/\/i0.wp.com\/noticiasribeiraopreto.com.br\/wp-content\/uploads\/2024\/08\/aviao-voepass_2024-08-10_20-33-39_jpg_2024-08-10_20-33-39.webp.webp?fit=952%2C528&ssl=1&resize=350%2C200","width":350,"height":200,"srcset":"https:\/\/i0.wp.com\/noticiasribeiraopreto.com.br\/wp-content\/uploads\/2024\/08\/aviao-voepass_2024-08-10_20-33-39_jpg_2024-08-10_20-33-39.webp.webp?fit=952%2C528&ssl=1&resize=350%2C200 1x, https:\/\/i0.wp.com\/noticiasribeiraopreto.com.br\/wp-content\/uploads\/2024\/08\/aviao-voepass_2024-08-10_20-33-39_jpg_2024-08-10_20-33-39.webp.webp?fit=952%2C528&ssl=1&resize=525%2C300 1.5x, https:\/\/i0.wp.com\/noticiasribeiraopreto.com.br\/wp-content\/uploads\/2024\/08\/aviao-voepass_2024-08-10_20-33-39_jpg_2024-08-10_20-33-39.webp.webp?fit=952%2C528&ssl=1&resize=700%2C400 2x"},"classes":[]},{"id":61842,"url":"https:\/\/noticiasribeiraopreto.com.br\/index.php\/2024\/12\/24\/identificada-a-vitima-que-morreu-apos-colisao-em-rodovia-da-regiao-de-ribeirao\/","url_meta":{"origin":7877,"position":1},"title":"Identificada a v\u00edtima que morreu ap\u00f3s colis\u00e3o em rodovia da regi\u00e3o de Ribeir\u00e3o","author":"noticiasribeiraopreto.com.br","date":"24 de December de 2024","format":false,"excerpt":"Foi identificada v\u00edtima fatal do acidente que aconteceu na tarde desta segunda-feira (23), na rodovia Jorge Luiz, entre Nuporanga e S\u00e3o Jos\u00e9 da Bela Vista, na regi\u00e3o de Ribeir\u00e3o Preto. J\u00e9ssica Josiane Pizzo, de 36 anos, morreu carbonizada ap\u00f3s o carro que ela dirigia bater de frente com um caminh\u00e3o\u2026","rel":"","context":"In &quot;Not\u00edcias de Ribeir\u00e3o Preto-SP e Regi\u00e3o&quot;","block_context":{"text":"Not\u00edcias de Ribeir\u00e3o Preto-SP e Regi\u00e3o","link":"https:\/\/noticiasribeiraopreto.com.br\/index.php\/category\/noticias-de-ribeirao-preto-sp-e-regiao-ismael-colosi\/"},"img":{"alt_text":"","src":"https:\/\/i0.wp.com\/noticiasribeiraopreto.com.br\/wp-content\/uploads\/2024\/12\/Copia-de-Copia-de-Copia-de-TAMANHO-EXATO-PARA-FOTOS-NO-SISTEMA-NOVO-2024-12-24T110611.897_2024-12-24_14-06-21_png_2024-12-24_14-06-21.webp.webp?fit=1200%2C675&ssl=1&resize=350%2C200","width":350,"height":200,"srcset":"https:\/\/i0.wp.com\/noticiasribeiraopreto.com.br\/wp-content\/uploads\/2024\/12\/Copia-de-Copia-de-Copia-de-TAMANHO-EXATO-PARA-FOTOS-NO-SISTEMA-NOVO-2024-12-24T110611.897_2024-12-24_14-06-21_png_2024-12-24_14-06-21.webp.webp?fit=1200%2C675&ssl=1&resize=350%2C200 1x, https:\/\/i0.wp.com\/noticiasribeiraopreto.com.br\/wp-content\/uploads\/2024\/12\/Copia-de-Copia-de-Copia-de-TAMANHO-EXATO-PARA-FOTOS-NO-SISTEMA-NOVO-2024-12-24T110611.897_2024-12-24_14-06-21_png_2024-12-24_14-06-21.webp.webp?fit=1200%2C675&ssl=1&resize=525%2C300 1.5x, https:\/\/i0.wp.com\/noticiasribeiraopreto.com.br\/wp-content\/uploads\/2024\/12\/Copia-de-Copia-de-Copia-de-TAMANHO-EXATO-PARA-FOTOS-NO-SISTEMA-NOVO-2024-12-24T110611.897_2024-12-24_14-06-21_png_2024-12-24_14-06-21.webp.webp?fit=1200%2C675&ssl=1&resize=700%2C400 2x, https:\/\/i0.wp.com\/noticiasribeiraopreto.com.br\/wp-content\/uploads\/2024\/12\/Copia-de-Copia-de-Copia-de-TAMANHO-EXATO-PARA-FOTOS-NO-SISTEMA-NOVO-2024-12-24T110611.897_2024-12-24_14-06-21_png_2024-12-24_14-06-21.webp.webp?fit=1200%2C675&ssl=1&resize=1050%2C600 3x"},"classes":[]},{"id":56400,"url":"https:\/\/noticiasribeiraopreto.com.br\/index.php\/2024\/08\/13\/vitimas-da-queda-de-aviao-no-interior-de-sp-morreram-por-politraumatismo\/","url_meta":{"origin":7877,"position":2},"title":"V\u00edtimas da queda de avi\u00e3o no interior de SP morreram por politraumatismo","author":"noticiasribeiraopreto.com.br","date":"13 de August de 2024","format":false,"excerpt":"O IML (Instituto M\u00e9dico-Legal) concluiu que as v\u00edtimas do acidente com o avi\u00e3o da Voepass, em Vinhedo, no interior de S\u00e3o Paulo, na sexta-feira (9), morreram de politraumatismo. O acidente deixou 62 mortos \u2013 sendo 58 passageiros e quatro tripulantes. A aeronave despencou mais de 4 mil metros de altura\u2026","rel":"","context":"In &quot;Not\u00edcias de Ribeir\u00e3o Preto-SP e Regi\u00e3o&quot;","block_context":{"text":"Not\u00edcias de Ribeir\u00e3o Preto-SP e Regi\u00e3o","link":"https:\/\/noticiasribeiraopreto.com.br\/index.php\/category\/noticias-de-ribeirao-preto-sp-e-regiao-ismael-colosi\/"},"img":{"alt_text":"","src":"https:\/\/i0.wp.com\/noticiasribeiraopreto.com.br\/wp-content\/uploads\/2024\/08\/bombeiros_2024-08-13_16-00-44_jpeg_2024-08-13_16-00-44.webp.webp?fit=800%2C600&ssl=1&resize=350%2C200","width":350,"height":200,"srcset":"https:\/\/i0.wp.com\/noticiasribeiraopreto.com.br\/wp-content\/uploads\/2024\/08\/bombeiros_2024-08-13_16-00-44_jpeg_2024-08-13_16-00-44.webp.webp?fit=800%2C600&ssl=1&resize=350%2C200 1x, https:\/\/i0.wp.com\/noticiasribeiraopreto.com.br\/wp-content\/uploads\/2024\/08\/bombeiros_2024-08-13_16-00-44_jpeg_2024-08-13_16-00-44.webp.webp?fit=800%2C600&ssl=1&resize=525%2C300 1.5x, https:\/\/i0.wp.com\/noticiasribeiraopreto.com.br\/wp-content\/uploads\/2024\/08\/bombeiros_2024-08-13_16-00-44_jpeg_2024-08-13_16-00-44.webp.webp?fit=800%2C600&ssl=1&resize=700%2C400 2x"},"classes":[]},{"id":20218,"url":"https:\/\/noticiasribeiraopreto.com.br\/index.php\/2023\/12\/24\/pai-mae-e-namorado-da-filha-morrem-em-acidente-na-br-101-a-caminho-da-bahia-vitimas-sao-identificadas\/","url_meta":{"origin":7877,"position":3},"title":"Pai, m\u00e3e e namorado da filha morrem em acidente na BR-101 a caminho da Bahia; v\u00edtimas s\u00e3o identificadas","author":"noticiasribeiraopreto.com.br","date":"24 de December de 2023","format":false,"excerpt":"Tr\u00eas pessoas acabaram perdendo a vida nesta fim de semana ap\u00f3s serem v\u00edtimas de um grave acidente de tr\u00e2nsito. O fato ocorreu no Km 55 da BR 101, que fica em Concei\u00e7\u00e3o da Barra, no Norte do Esp\u00edrito Santo.O acidente foi registrado por volta das 20h15 do \u00faltimo s\u00e1bado (23\/12)\u2026","rel":"","context":"In &quot;Blog&quot;","block_context":{"text":"Blog","link":"https:\/\/noticiasribeiraopreto.com.br\/index.php\/category\/blog\/"},"img":{"alt_text":"","src":"https:\/\/i0.wp.com\/noticiasribeiraopreto.com.br\/wp-content\/uploads\/2023\/12\/postimg-65886faa2606a5047.jpg?fit=1200%2C628&ssl=1&resize=350%2C200","width":350,"height":200,"srcset":"https:\/\/i0.wp.com\/noticiasribeiraopreto.com.br\/wp-content\/uploads\/2023\/12\/postimg-65886faa2606a5047.jpg?fit=1200%2C628&ssl=1&resize=350%2C200 1x, https:\/\/i0.wp.com\/noticiasribeiraopreto.com.br\/wp-content\/uploads\/2023\/12\/postimg-65886faa2606a5047.jpg?fit=1200%2C628&ssl=1&resize=525%2C300 1.5x, https:\/\/i0.wp.com\/noticiasribeiraopreto.com.br\/wp-content\/uploads\/2023\/12\/postimg-65886faa2606a5047.jpg?fit=1200%2C628&ssl=1&resize=700%2C400 2x, https:\/\/i0.wp.com\/noticiasribeiraopreto.com.br\/wp-content\/uploads\/2023\/12\/postimg-65886faa2606a5047.jpg?fit=1200%2C628&ssl=1&resize=1050%2C600 3x"},"classes":[]},{"id":17441,"url":"https:\/\/noticiasribeiraopreto.com.br\/index.php\/2023\/12\/18\/acidente-de-carro-causa-falecimentos-em-familia-apos-colisao-contra-arvore\/","url_meta":{"origin":7877,"position":4},"title":"Acidente de carro causa falecimentos em fam\u00edlia ap\u00f3s colis\u00e3o contra \u00e1rvore","author":"noticiasribeiraopreto.com.br","date":"18 de December de 2023","format":false,"excerpt":"Na madrugada desta segunda-feira, dia 18 de dezembro, ocorreu um tr\u00e1gico acidente na BR-251, na regi\u00e3o de Francisco S\u00e1, ap\u00f3s ter sido confirmada a morte de uma mulher de 36 anos de idade e seu filho de apenas 11 anos de idade. Os dois sofreram um grave acidente de carro.O\u2026","rel":"","context":"In &quot;Blog&quot;","block_context":{"text":"Blog","link":"https:\/\/noticiasribeiraopreto.com.br\/index.php\/category\/blog\/"},"img":{"alt_text":"","src":"https:\/\/i0.wp.com\/noticiasribeiraopreto.com.br\/wp-content\/uploads\/2023\/12\/postimg-658064bf3bf2d9500.jpg?fit=1200%2C628&ssl=1&resize=350%2C200","width":350,"height":200,"srcset":"https:\/\/i0.wp.com\/noticiasribeiraopreto.com.br\/wp-content\/uploads\/2023\/12\/postimg-658064bf3bf2d9500.jpg?fit=1200%2C628&ssl=1&resize=350%2C200 1x, https:\/\/i0.wp.com\/noticiasribeiraopreto.com.br\/wp-content\/uploads\/2023\/12\/postimg-658064bf3bf2d9500.jpg?fit=1200%2C628&ssl=1&resize=525%2C300 1.5x, https:\/\/i0.wp.com\/noticiasribeiraopreto.com.br\/wp-content\/uploads\/2023\/12\/postimg-658064bf3bf2d9500.jpg?fit=1200%2C628&ssl=1&resize=700%2C400 2x, https:\/\/i0.wp.com\/noticiasribeiraopreto.com.br\/wp-content\/uploads\/2023\/12\/postimg-658064bf3bf2d9500.jpg?fit=1200%2C628&ssl=1&resize=1050%2C600 3x"},"classes":[]},{"id":56145,"url":"https:\/\/noticiasribeiraopreto.com.br\/index.php\/2024\/08\/09\/governo-de-sp-decreta-luto-de-tres-dias-por-causa-de-acidente-aereo-no-interior\/","url_meta":{"origin":7877,"position":5},"title":"Governo de SP decreta luto de tr\u00eas dias por causa de acidente a\u00e9reo no interior","author":"noticiasribeiraopreto.com.br","date":"9 de August de 2024","format":false,"excerpt":"O governador do Estado de S\u00e3o Paulo, Tarc\u00edsio de Freitas, decretou luto de tr\u00eas dias em homenagem \u00e0s v\u00edtimas do acidente a\u00e9reo em Vinhedo, no interior de S\u00e3o Paulo, nesta sexta-feira (9). O avi\u00e3o era da Voepass, antiga Passaredo, empresa que tem sede em Ribeir\u00e3o Preto. Conforme anunciado anteriormente pelo\u2026","rel":"","context":"In &quot;Not\u00edcias de Ribeir\u00e3o Preto-SP e Regi\u00e3o&quot;","block_context":{"text":"Not\u00edcias de Ribeir\u00e3o Preto-SP e Regi\u00e3o","link":"https:\/\/noticiasribeiraopreto.com.br\/index.php\/category\/noticias-de-ribeirao-preto-sp-e-regiao-ismael-colosi\/"},"img":{"alt_text":"","src":"https:\/\/i0.wp.com\/noticiasribeiraopreto.com.br\/wp-content\/uploads\/2024\/08\/denny_cesare_codigo_19_272915_2024-08-09_21-14-55_jpg_2024-08-09_21-14-55-1068x712-1_2024-08-09_23-42-09.webp.webp?fit=1068%2C712&ssl=1&resize=350%2C200","width":350,"height":200,"srcset":"https:\/\/i0.wp.com\/noticiasribeiraopreto.com.br\/wp-content\/uploads\/2024\/08\/denny_cesare_codigo_19_272915_2024-08-09_21-14-55_jpg_2024-08-09_21-14-55-1068x712-1_2024-08-09_23-42-09.webp.webp?fit=1068%2C712&ssl=1&resize=350%2C200 1x, https:\/\/i0.wp.com\/noticiasribeiraopreto.com.br\/wp-content\/uploads\/2024\/08\/denny_cesare_codigo_19_272915_2024-08-09_21-14-55_jpg_2024-08-09_21-14-55-1068x712-1_2024-08-09_23-42-09.webp.webp?fit=1068%2C712&ssl=1&resize=525%2C300 1.5x, https:\/\/i0.wp.com\/noticiasribeiraopreto.com.br\/wp-content\/uploads\/2024\/08\/denny_cesare_codigo_19_272915_2024-08-09_21-14-55_jpg_2024-08-09_21-14-55-1068x712-1_2024-08-09_23-42-09.webp.webp?fit=1068%2C712&ssl=1&resize=700%2C400 2x, https:\/\/i0.wp.com\/noticiasribeiraopreto.com.br\/wp-content\/uploads\/2024\/08\/denny_cesare_codigo_19_272915_2024-08-09_21-14-55_jpg_2024-08-09_21-14-55-1068x712-1_2024-08-09_23-42-09.webp.webp?fit=1068%2C712&ssl=1&resize=1050%2C600 3x"},"classes":[]}],"jetpack_sharing_enabled":true,"jetpack_shortlink":"https:\/\/wp.me\/peQAOb-233","_links":{"self":[{"href":"https:\/\/noticiasribeiraopreto.com.br\/index.php\/wp-json\/wp\/v2\/posts\/7877","targetHints":{"allow":["GET"]}}],"collection":[{"href":"https:\/\/noticiasribeiraopreto.com.br\/index.php\/wp-json\/wp\/v2\/posts"}],"about":[{"href":"https:\/\/noticiasribeiraopreto.com.br\/index.php\/wp-json\/wp\/v2\/types\/post"}],"author":[{"embeddable":true,"href":"https:\/\/noticiasribeiraopreto.com.br\/index.php\/wp-json\/wp\/v2\/users\/1"}],"replies":[{"embeddable":true,"href":"https:\/\/noticiasribeiraopreto.com.br\/index.php\/wp-json\/wp\/v2\/comments?post=7877"}],"version-history":[{"count":0,"href":"https:\/\/noticiasribeiraopreto.com.br\/index.php\/wp-json\/wp\/v2\/posts\/7877\/revisions"}],"wp:featuredmedia":[{"embeddable":true,"href":"https:\/\/noticiasribeiraopreto.com.br\/index.php\/wp-json\/wp\/v2\/media\/7878"}],"wp:attachment":[{"href":"https:\/\/noticiasribeiraopreto.com.br\/index.php\/wp-json\/wp\/v2\/media?parent=7877"}],"wp:term":[{"taxonomy":"category","embeddable":true,"href":"https:\/\/noticiasribeiraopreto.com.br\/index.php\/wp-json\/wp\/v2\/categories?post=7877"},{"taxonomy":"post_tag","embeddable":true,"href":"https:\/\/noticiasribeiraopreto.com.br\/index.php\/wp-json\/wp\/v2\/tags?post=7877"}],"curies":[{"name":"wp","href":"https:\/\/api.w.org\/{rel}","templated":true}]}}