{"id":7893,"date":"2023-11-29T01:16:28","date_gmt":"2023-11-29T04:16:28","guid":{"rendered":"https:\/\/noticiasribeiraopreto.com.br\/index.php\/2023\/11\/29\/giovanna-ewbank-explica-motivo-do-filho-bless-nao-ganhar-festa-de-aniversario\/"},"modified":"2023-11-29T01:16:28","modified_gmt":"2023-11-29T04:16:28","slug":"giovanna-ewbank-explica-motivo-do-filho-bless-nao-ganhar-festa-de-aniversario","status":"publish","type":"post","link":"https:\/\/noticiasribeiraopreto.com.br\/index.php\/2023\/11\/29\/giovanna-ewbank-explica-motivo-do-filho-bless-nao-ganhar-festa-de-aniversario\/","title":{"rendered":"Giovanna Ewbank explica motivo do filho Bless n\u00e3o ganhar festa de anivers\u00e1rio"},"content":{"rendered":"<div class='code-block code-block-1' style='margin: 8px 0 8px auto; text-align: right; display: block; clear: both;'>\n<p><a href=\"https:\/\/wa.link\/vpicfd\"><img data-recalc-dims=\"1\" class=\"wp-image-4922\" style=\"aspect-ratio: 2.0253164556962027; width: 561px; height: auto;\" src=\"https:\/\/i0.wp.com\/ismaelcolosi.com.br\/wp-content\/uploads\/2023\/11\/grupo-de-empregos-whatsapp-e-facebook-ismael-colosi-vagas.jpg?ssl=1\" alt=\"\" \/><\/a><\/p>\n<!-- \/wp:image -->\n<\/div>\n<p> <br \/>\n<\/p>\n<div itemprop=\"text\">\n<p>Giovanna Ewbank surpreendeu seus seguidores ao revelar que o filho mais velho, Bless, n\u00e3o ter\u00e1 uma festa de anivers\u00e1rio. O menino far\u00e1 9 anos, mas vai celebrar de uma maneira especial.<\/p>\n<p>Muitos famosos fazem festas grandiosas para comemorar o anivers\u00e1rio de seus filhos, mas esse n\u00e3o ser\u00e1 o caso do pequeno. No entanto, o motivo \u00e9 surpreendente.<\/p>\n<p>Conforme revelou Ewbank, a decis\u00e3o de n\u00e3o ter uma festa de anivers\u00e1rio partiu do pr\u00f3prio menino. A atriz explicou que Bless esta mais interessado em prestigiar o tio.<\/p>\n<p>Ewbank contou que perguntou ao filho sobre o que ele queria de tema para festa, mas a resposta lhe pegou de surpresa. \u201c<b>Mam\u00e3e, esse ano n\u00e3o quero festa nem presente. O meu presente \u00e9 ir na exposi\u00e7\u00e3o do tio Luca em Miami<\/b>\u201c, afirmou.<\/p>\n<p>A atriz explicou que seu irm\u00e3o esta com uma exposi\u00e7\u00e3o de arte nos EUA. Ewbank se mostrou orgulhosa da decis\u00e3o do filho e explicou que Bless e Luca s\u00e3o muito ligados, al\u00e9m do que o filho \u00e9 muito interessado em arte.<\/p>\n<p>\u201c<b>Eu fiquei mega feliz, n\u00e9? Muito orgulhosa, na verdade do meu filho, de estar querendo uma exposi\u00e7\u00e3o de semana de arte em Miami ao inv\u00e9s de ter uma festa de anivers\u00e1rio. Achei isso t\u00e3o genial, t\u00e3o incr\u00edvel<\/b>\u201c, afirmou.<\/p>\n<p>Ewbank \u00e9 casada com o ator Bruno Gagliasso e os dois s\u00e3o pais de tr\u00eas filhos: Titi, que \u00e9 a mais velha, o pequeno Bless e o ca\u00e7ula, Zyan.<\/p>\n<\/div>\n<p><br \/>\n<br \/><a href=\"https:\/\/fnmais.com\/giovanna-ewbank-explica-motivo-filho-bless-nao-ganhar-festa-aniversario\/\">Source link <\/a><\/p>\n<!-- CONTENT END 1 -->\n","protected":false},"excerpt":{"rendered":"<p>Giovanna Ewbank surpreendeu seus seguidores ao revelar que o filho mais velho, Bless, n\u00e3o ter\u00e1 uma festa de anivers\u00e1rio. O menino far\u00e1 9 anos, mas&#8230;<\/p>\n","protected":false},"author":1,"featured_media":7894,"comment_status":"open","ping_status":"open","sticky":false,"template":"","format":"standard","meta":{"advanced_seo_description":"","jetpack_seo_html_title":"","jetpack_seo_noindex":false,"jetpack_post_was_ever_published":false,"_jetpack_newsletter_access":"","_jetpack_dont_email_post_to_subs":false,"_jetpack_newsletter_tier_id":0,"_jetpack_memberships_contains_paywalled_content":false,"_jetpack_memberships_contains_paid_content":false,"footnotes":"","jetpack_publicize_message":"","jetpack_publicize_feature_enabled":true,"jetpack_social_post_already_shared":true,"jetpack_social_options":{"image_generator_settings":{"template":"highway","default_image_id":0,"font":"","enabled":false},"version":2}},"categories":[1],"tags":[],"class_list":["post-7893","post","type-post","status-publish","format-standard","has-post-thumbnail","hentry","category-blog"],"jetpack_publicize_connections":[],"jetpack_featured_media_url":"https:\/\/i0.wp.com\/noticiasribeiraopreto.com.br\/wp-content\/uploads\/2023\/11\/postimg-6566b9cac16ff9011.jpg?fit=1200%2C628&ssl=1","jetpack-related-posts":[{"id":3876,"url":"https:\/\/noticiasribeiraopreto.com.br\/index.php\/2023\/11\/20\/gravida-tem-a-vida-tirada-na-frente-de-seu-filho-de-9-anos-no-dia-de-seu-aniversario-no-pr-possivel-motivo-e-exposto\/","url_meta":{"origin":7893,"position":0},"title":"Gr\u00e1vida tem a vida tirada na frente de seu filho de 9 anos no dia de seu anivers\u00e1rio no PR; poss\u00edvel motivo \u00e9 exposto","author":"noticiasribeiraopreto.com.br","date":"20 de November de 2023","format":false,"excerpt":"Na regi\u00e3o de Santa F\u00e9, no norte do Paran\u00e1, uma mulher gr\u00e1vida teve sua tirada, na frente de seu filho de apenas 9 anos de idade, ap\u00f3s ter recebido diversos tiros, segundo informa\u00e7\u00f5es da Pol\u00edcia Militar (PM).O caso ocorreu no meio de um cruzamento. E conforme informa\u00e7\u00f5es fornecidas pelo delegado\u2026","rel":"","context":"In &quot;Blog&quot;","block_context":{"text":"Blog","link":"https:\/\/noticiasribeiraopreto.com.br\/index.php\/category\/blog\/"},"img":{"alt_text":"","src":"https:\/\/i0.wp.com\/noticiasribeiraopreto.com.br\/wp-content\/uploads\/2023\/11\/postimg-655abd9008cb59880.jpg?fit=1200%2C628&ssl=1&resize=350%2C200","width":350,"height":200,"srcset":"https:\/\/i0.wp.com\/noticiasribeiraopreto.com.br\/wp-content\/uploads\/2023\/11\/postimg-655abd9008cb59880.jpg?fit=1200%2C628&ssl=1&resize=350%2C200 1x, https:\/\/i0.wp.com\/noticiasribeiraopreto.com.br\/wp-content\/uploads\/2023\/11\/postimg-655abd9008cb59880.jpg?fit=1200%2C628&ssl=1&resize=525%2C300 1.5x, https:\/\/i0.wp.com\/noticiasribeiraopreto.com.br\/wp-content\/uploads\/2023\/11\/postimg-655abd9008cb59880.jpg?fit=1200%2C628&ssl=1&resize=700%2C400 2x, https:\/\/i0.wp.com\/noticiasribeiraopreto.com.br\/wp-content\/uploads\/2023\/11\/postimg-655abd9008cb59880.jpg?fit=1200%2C628&ssl=1&resize=1050%2C600 3x"},"classes":[]},{"id":33378,"url":"https:\/\/noticiasribeiraopreto.com.br\/index.php\/2024\/01\/29\/mulher-morre-apos-cair-em-festa-de-aniversario-na-regiao-de-ribeirao-preto\/","url_meta":{"origin":7893,"position":1},"title":"Mulher morre ap\u00f3s cair em festa de anivers\u00e1rio na regi\u00e3o de Ribeir\u00e3o Preto","author":"noticiasribeiraopreto.com.br","date":"29 de January de 2024","format":false,"excerpt":"Uma mulher de 43 anos morreu na madrugada do \u00faltimo s\u00e1bado (27) ap\u00f3s cair com o rosto no ch\u00e3o em uma festa de anivers\u00e1rio em Santa Rosa de Viterbo, na regi\u00e3o de Ribeir\u00e3o Preto. O caso foi registrado como morte suspeita, sem causa determinante aparente. De acordo com o B.O.\u2026","rel":"","context":"In &quot;Not\u00edcias de Ribeir\u00e3o Preto-SP e Regi\u00e3o&quot;","block_context":{"text":"Not\u00edcias de Ribeir\u00e3o Preto-SP e Regi\u00e3o","link":"https:\/\/noticiasribeiraopreto.com.br\/index.php\/category\/noticias-de-ribeirao-preto-sp-e-regiao-ismael-colosi\/"},"img":{"alt_text":"","src":"https:\/\/i0.wp.com\/noticiasribeiraopreto.com.br\/wp-content\/uploads\/2024\/01\/iml-ribeirao-preto.jpg?fit=1200%2C675&ssl=1&resize=350%2C200","width":350,"height":200,"srcset":"https:\/\/i0.wp.com\/noticiasribeiraopreto.com.br\/wp-content\/uploads\/2024\/01\/iml-ribeirao-preto.jpg?fit=1200%2C675&ssl=1&resize=350%2C200 1x, https:\/\/i0.wp.com\/noticiasribeiraopreto.com.br\/wp-content\/uploads\/2024\/01\/iml-ribeirao-preto.jpg?fit=1200%2C675&ssl=1&resize=525%2C300 1.5x, https:\/\/i0.wp.com\/noticiasribeiraopreto.com.br\/wp-content\/uploads\/2024\/01\/iml-ribeirao-preto.jpg?fit=1200%2C675&ssl=1&resize=700%2C400 2x, https:\/\/i0.wp.com\/noticiasribeiraopreto.com.br\/wp-content\/uploads\/2024\/01\/iml-ribeirao-preto.jpg?fit=1200%2C675&ssl=1&resize=1050%2C600 3x"},"classes":[]},{"id":16410,"url":"https:\/\/noticiasribeiraopreto.com.br\/index.php\/2023\/12\/15\/gkay-revela-planos-para-abrir-farofa-ao-publico-em-2024-me-sinto-segura\/","url_meta":{"origin":7893,"position":2},"title":"Gkay revela planos para abrir Farofa ao p\u00fablico em 2024 &#8216;Me sinto segura&#8217;","author":"noticiasribeiraopreto.com.br","date":"15 de December de 2023","format":false,"excerpt":"O evento muito comentado em toda internet Farofa da Gkay, teve dura\u00e7\u00e3o de tr\u00eas dias e rendeu muito o que falar. Para quem sente aquela vontade de estar presente na festa, parece que v\u00eam a\u00ed uma possibilidade.Em entrevista no PodDelas, Gkay contou a novidade da festa. Ela disse pretender abrir\u2026","rel":"","context":"In &quot;Blog&quot;","block_context":{"text":"Blog","link":"https:\/\/noticiasribeiraopreto.com.br\/index.php\/category\/blog\/"},"img":{"alt_text":"","src":"https:\/\/i0.wp.com\/noticiasribeiraopreto.com.br\/wp-content\/uploads\/2023\/12\/postimg-657c693c8497a9199.jpg?fit=1200%2C628&ssl=1&resize=350%2C200","width":350,"height":200,"srcset":"https:\/\/i0.wp.com\/noticiasribeiraopreto.com.br\/wp-content\/uploads\/2023\/12\/postimg-657c693c8497a9199.jpg?fit=1200%2C628&ssl=1&resize=350%2C200 1x, https:\/\/i0.wp.com\/noticiasribeiraopreto.com.br\/wp-content\/uploads\/2023\/12\/postimg-657c693c8497a9199.jpg?fit=1200%2C628&ssl=1&resize=525%2C300 1.5x, https:\/\/i0.wp.com\/noticiasribeiraopreto.com.br\/wp-content\/uploads\/2023\/12\/postimg-657c693c8497a9199.jpg?fit=1200%2C628&ssl=1&resize=700%2C400 2x, https:\/\/i0.wp.com\/noticiasribeiraopreto.com.br\/wp-content\/uploads\/2023\/12\/postimg-657c693c8497a9199.jpg?fit=1200%2C628&ssl=1&resize=1050%2C600 3x"},"classes":[]},{"id":24719,"url":"https:\/\/noticiasribeiraopreto.com.br\/index.php\/2024\/01\/04\/filhos-de-wanessa-camargo-vao-morar-com-o-ex-e-isis-valverde-site-expoe-a-motivacao\/","url_meta":{"origin":7893,"position":3},"title":"Filhos de Wanessa Camargo v\u00e3o morar com o ex e Isis Valverde, site exp\u00f5e a motiva\u00e7\u00e3o","author":"noticiasribeiraopreto.com.br","date":"4 de January de 2024","format":false,"excerpt":"Come\u00e7ou a circular nas redes sociais a informa\u00e7\u00e3o de que os filhos de Wanessa Camargo est\u00e3o sob os cuidados da atriz Isis Valverde, ou seja, eles est\u00e3o morando na casa da artista mineira que est\u00e1 noiva do pai das crian\u00e7as, o empres\u00e1rio Marcus Buaiz.A motiva\u00e7\u00e3o da mudan\u00e7a dos filhos de\u2026","rel":"","context":"In &quot;Blog&quot;","block_context":{"text":"Blog","link":"https:\/\/noticiasribeiraopreto.com.br\/index.php\/category\/blog\/"},"img":{"alt_text":"","src":"https:\/\/i0.wp.com\/noticiasribeiraopreto.com.br\/wp-content\/uploads\/2024\/01\/postimg-6597695c068655282.jpg?fit=1200%2C628&ssl=1&resize=350%2C200","width":350,"height":200,"srcset":"https:\/\/i0.wp.com\/noticiasribeiraopreto.com.br\/wp-content\/uploads\/2024\/01\/postimg-6597695c068655282.jpg?fit=1200%2C628&ssl=1&resize=350%2C200 1x, https:\/\/i0.wp.com\/noticiasribeiraopreto.com.br\/wp-content\/uploads\/2024\/01\/postimg-6597695c068655282.jpg?fit=1200%2C628&ssl=1&resize=525%2C300 1.5x, https:\/\/i0.wp.com\/noticiasribeiraopreto.com.br\/wp-content\/uploads\/2024\/01\/postimg-6597695c068655282.jpg?fit=1200%2C628&ssl=1&resize=700%2C400 2x, https:\/\/i0.wp.com\/noticiasribeiraopreto.com.br\/wp-content\/uploads\/2024\/01\/postimg-6597695c068655282.jpg?fit=1200%2C628&ssl=1&resize=1050%2C600 3x"},"classes":[]},{"id":8024,"url":"https:\/\/noticiasribeiraopreto.com.br\/index.php\/2023\/11\/29\/quem-e-nathalia-morais-atriz-da-globo-que-teria-dado-um-fora-em-neymar-segundo-colunista\/","url_meta":{"origin":7893,"position":4},"title":"Quem \u00e9 Nathalia Morais, atriz da Globo que teria dado um fora em Neymar segundo colunista","author":"noticiasribeiraopreto.com.br","date":"29 de November de 2023","format":false,"excerpt":"Mais uma para q cole\u00e7\u00e3o. O jogador Neymar, em sua estadia no Brasil j\u00e1 pode colecionar pol\u00eamicas envolvendo seu nome. Esta, seria relacionado a uma atriz global.No \u00faltimo domingo, 26 de novembro, o jogador resolveu fazer uma festa em sua mans\u00e3o em Mangaratiba, na Costa Verde do Rio de Janeiro\u2026","rel":"","context":"In &quot;Blog&quot;","block_context":{"text":"Blog","link":"https:\/\/noticiasribeiraopreto.com.br\/index.php\/category\/blog\/"},"img":{"alt_text":"","src":"https:\/\/i0.wp.com\/noticiasribeiraopreto.com.br\/wp-content\/uploads\/2023\/11\/postimg-6567397478ad57414.jpg?fit=1200%2C628&ssl=1&resize=350%2C200","width":350,"height":200,"srcset":"https:\/\/i0.wp.com\/noticiasribeiraopreto.com.br\/wp-content\/uploads\/2023\/11\/postimg-6567397478ad57414.jpg?fit=1200%2C628&ssl=1&resize=350%2C200 1x, https:\/\/i0.wp.com\/noticiasribeiraopreto.com.br\/wp-content\/uploads\/2023\/11\/postimg-6567397478ad57414.jpg?fit=1200%2C628&ssl=1&resize=525%2C300 1.5x, https:\/\/i0.wp.com\/noticiasribeiraopreto.com.br\/wp-content\/uploads\/2023\/11\/postimg-6567397478ad57414.jpg?fit=1200%2C628&ssl=1&resize=700%2C400 2x, https:\/\/i0.wp.com\/noticiasribeiraopreto.com.br\/wp-content\/uploads\/2023\/11\/postimg-6567397478ad57414.jpg?fit=1200%2C628&ssl=1&resize=1050%2C600 3x"},"classes":[]},{"id":19582,"url":"https:\/\/noticiasribeiraopreto.com.br\/index.php\/2023\/12\/22\/luva-de-pedreiro-quebra-silencio-e-fala-sobre-fim-de-seu-relacionamento-ta-dificil\/","url_meta":{"origin":7893,"position":5},"title":"Luva de Pedreiro quebra sil\u00eancio e fala sobre fim de seu relacionamento: &#8216;T\u00e1 dif\u00edcil&#8217;","author":"noticiasribeiraopreto.com.br","date":"22 de December de 2023","format":false,"excerpt":"A confirma\u00e7\u00e3o veio. O site Extra divulgou que, segundo sua fonte, o relacionamento do influenciador Luva de Pedreiro e T\u00e1vila Gomes havia chegado ao fim agora na reta final da gravidez.Al\u00e9m disso, a not\u00edcia tamb\u00e9m dizia que T\u00e1vila estaria decidida a mudar o nome do filho, que seria em homenagem\u2026","rel":"","context":"In &quot;Blog&quot;","block_context":{"text":"Blog","link":"https:\/\/noticiasribeiraopreto.com.br\/index.php\/category\/blog\/"},"img":{"alt_text":"","src":"https:\/\/i0.wp.com\/noticiasribeiraopreto.com.br\/wp-content\/uploads\/2023\/12\/postimg-6585f3972c9eb3741.jpg?fit=1200%2C628&ssl=1&resize=350%2C200","width":350,"height":200,"srcset":"https:\/\/i0.wp.com\/noticiasribeiraopreto.com.br\/wp-content\/uploads\/2023\/12\/postimg-6585f3972c9eb3741.jpg?fit=1200%2C628&ssl=1&resize=350%2C200 1x, https:\/\/i0.wp.com\/noticiasribeiraopreto.com.br\/wp-content\/uploads\/2023\/12\/postimg-6585f3972c9eb3741.jpg?fit=1200%2C628&ssl=1&resize=525%2C300 1.5x, https:\/\/i0.wp.com\/noticiasribeiraopreto.com.br\/wp-content\/uploads\/2023\/12\/postimg-6585f3972c9eb3741.jpg?fit=1200%2C628&ssl=1&resize=700%2C400 2x, https:\/\/i0.wp.com\/noticiasribeiraopreto.com.br\/wp-content\/uploads\/2023\/12\/postimg-6585f3972c9eb3741.jpg?fit=1200%2C628&ssl=1&resize=1050%2C600 3x"},"classes":[]}],"jetpack_sharing_enabled":true,"jetpack_shortlink":"https:\/\/wp.me\/peQAOb-23j","_links":{"self":[{"href":"https:\/\/noticiasribeiraopreto.com.br\/index.php\/wp-json\/wp\/v2\/posts\/7893","targetHints":{"allow":["GET"]}}],"collection":[{"href":"https:\/\/noticiasribeiraopreto.com.br\/index.php\/wp-json\/wp\/v2\/posts"}],"about":[{"href":"https:\/\/noticiasribeiraopreto.com.br\/index.php\/wp-json\/wp\/v2\/types\/post"}],"author":[{"embeddable":true,"href":"https:\/\/noticiasribeiraopreto.com.br\/index.php\/wp-json\/wp\/v2\/users\/1"}],"replies":[{"embeddable":true,"href":"https:\/\/noticiasribeiraopreto.com.br\/index.php\/wp-json\/wp\/v2\/comments?post=7893"}],"version-history":[{"count":0,"href":"https:\/\/noticiasribeiraopreto.com.br\/index.php\/wp-json\/wp\/v2\/posts\/7893\/revisions"}],"wp:featuredmedia":[{"embeddable":true,"href":"https:\/\/noticiasribeiraopreto.com.br\/index.php\/wp-json\/wp\/v2\/media\/7894"}],"wp:attachment":[{"href":"https:\/\/noticiasribeiraopreto.com.br\/index.php\/wp-json\/wp\/v2\/media?parent=7893"}],"wp:term":[{"taxonomy":"category","embeddable":true,"href":"https:\/\/noticiasribeiraopreto.com.br\/index.php\/wp-json\/wp\/v2\/categories?post=7893"},{"taxonomy":"post_tag","embeddable":true,"href":"https:\/\/noticiasribeiraopreto.com.br\/index.php\/wp-json\/wp\/v2\/tags?post=7893"}],"curies":[{"name":"wp","href":"https:\/\/api.w.org\/{rel}","templated":true}]}}