{"id":78991,"date":"2025-10-22T12:33:12","date_gmt":"2025-10-22T15:33:12","guid":{"rendered":"https:\/\/noticiasribeiraopreto.com.br\/index.php\/2025\/10\/22\/homem-e-encontrado-morto-em-frente-ao-terminal-rodoviario-de-ribeirao-preto\/"},"modified":"2025-10-22T12:33:12","modified_gmt":"2025-10-22T15:33:12","slug":"homem-e-encontrado-morto-em-frente-ao-terminal-rodoviario-de-ribeirao-preto","status":"publish","type":"post","link":"https:\/\/noticiasribeiraopreto.com.br\/index.php\/2025\/10\/22\/homem-e-encontrado-morto-em-frente-ao-terminal-rodoviario-de-ribeirao-preto\/","title":{"rendered":"Homem \u00e9 encontrado morto em frente ao Terminal Rodovi\u00e1rio de Ribeir\u00e3o Preto"},"content":{"rendered":"<div class='code-block code-block-1' style='margin: 8px 0 8px auto; text-align: right; display: block; clear: both;'>\n<p><a href=\"https:\/\/wa.link\/vpicfd\"><img data-recalc-dims=\"1\" class=\"wp-image-4922\" style=\"aspect-ratio: 2.0253164556962027; width: 561px; height: auto;\" src=\"https:\/\/i0.wp.com\/ismaelcolosi.com.br\/wp-content\/uploads\/2023\/11\/grupo-de-empregos-whatsapp-e-facebook-ismael-colosi-vagas.jpg?ssl=1\" alt=\"\" \/><\/a><\/p>\n<!-- \/wp:image -->\n<\/div>\n<p> <br \/>\n<\/p>\n<div data-td-block-uid=\"tdi_95\">\n<div class=\"tdb-block-inner td-fix-index\">\n<p><strong>Um homem foi encontrado morto na manh\u00e3 desta quarta-feira (22), em frente ao Terminal Rodovi\u00e1rio de Ribeir\u00e3o Preto, na avenida Jer\u00f4nimo Gon\u00e7alves.<\/strong><\/p>\n<p>Segundo informa\u00e7\u00f5es, o homem, ainda sem identifica\u00e7\u00e3o e apar\u00eancia de 60 anos de idade, estava ca\u00eddo na cal\u00e7ada ao lado de um ponto de \u00f4nibus, onde h\u00e1 um canteiro com grama.<\/p>\n<p>A PM (Pol\u00edcia Militar) esteve no local para o registro da ocorr\u00eancia. O corpo foi recolhido por uma funer\u00e1ria.<\/p>\n<p>As causas da morte ainda dever\u00e3o ser apuradas.<\/p>\n<p><!-- AI CONTENT END 1 -->\n<\/div>\n<\/div>\n<p><br \/>\n<br \/><a href=\"https:\/\/www.acidadeon.com\/ribeiraopreto\/cotidiano\/homem-e-encontrado-morto-em-frente-ao-terminal-rodoviario-de-ribeirao-preto\/\">Source link <\/a><\/p>\n<!-- CONTENT END 1 -->\n","protected":false},"excerpt":{"rendered":"<p>Um homem foi encontrado morto na manh\u00e3 desta quarta-feira (22), em frente ao Terminal Rodovi\u00e1rio de Ribeir\u00e3o Preto, na avenida Jer\u00f4nimo Gon\u00e7alves. Segundo informa\u00e7\u00f5es, o&#8230;<\/p>\n","protected":false},"author":1,"featured_media":78992,"comment_status":"open","ping_status":"open","sticky":false,"template":"","format":"standard","meta":{"advanced_seo_description":"","jetpack_seo_html_title":"","jetpack_seo_noindex":false,"jetpack_post_was_ever_published":false,"_jetpack_newsletter_access":"","_jetpack_dont_email_post_to_subs":false,"_jetpack_newsletter_tier_id":0,"_jetpack_memberships_contains_paywalled_content":false,"_jetpack_memberships_contains_paid_content":false,"footnotes":"","jetpack_publicize_message":"","jetpack_publicize_feature_enabled":true,"jetpack_social_post_already_shared":true,"jetpack_social_options":{"image_generator_settings":{"template":"highway","default_image_id":0,"font":"","enabled":false},"version":2}},"categories":[11],"tags":[],"class_list":["post-78991","post","type-post","status-publish","format-standard","has-post-thumbnail","hentry","category-noticias-de-ribeirao-preto-sp-e-regiao-ismael-colosi"],"jetpack_publicize_connections":[],"jetpack_featured_media_url":"https:\/\/i0.wp.com\/noticiasribeiraopreto.com.br\/wp-content\/uploads\/2025\/10\/CORPO_2025-10-22_13-28-46.webp.webp?fit=1029%2C606&ssl=1","jetpack-related-posts":[{"id":79037,"url":"https:\/\/noticiasribeiraopreto.com.br\/index.php\/2025\/10\/23\/identificado-homem-encontrado-morto-em-frente-ao-terminal-rodoviario-de-ribeirao-preto\/","url_meta":{"origin":78991,"position":0},"title":"Identificado homem encontrado morto em frente ao Terminal Rodovi\u00e1rio de Ribeir\u00e3o Preto","author":"noticiasribeiraopreto.com.br","date":"23 de October de 2025","format":false,"excerpt":"A Pol\u00edcia Civil identificou o homem encontrado morto na manh\u00e3 desta quarta-feira (22), em frente ao Terminal Rodovi\u00e1rio de Ribeir\u00e3o Preto, na avenida Jer\u00f4nimo Gon\u00e7alves. Segundo o boletim de ocorr\u00eancia (BO), Sidnei Campos Rodrigues dos Santos, de 58 anos, estava ca\u00eddo na cal\u00e7ada com uma marca de sangue no ch\u00e3o\u2026","rel":"","context":"In &quot;Not\u00edcias de Ribeir\u00e3o Preto-SP e Regi\u00e3o&quot;","block_context":{"text":"Not\u00edcias de Ribeir\u00e3o Preto-SP e Regi\u00e3o","link":"https:\/\/noticiasribeiraopreto.com.br\/index.php\/category\/noticias-de-ribeirao-preto-sp-e-regiao-ismael-colosi\/"},"img":{"alt_text":"","src":"https:\/\/i0.wp.com\/noticiasribeiraopreto.com.br\/wp-content\/uploads\/2025\/10\/CORPO_2025-10-22_13-28-46.webp.webp?fit=1029%2C606&ssl=1&resize=350%2C200","width":350,"height":200,"srcset":"https:\/\/i0.wp.com\/noticiasribeiraopreto.com.br\/wp-content\/uploads\/2025\/10\/CORPO_2025-10-22_13-28-46.webp.webp?fit=1029%2C606&ssl=1&resize=350%2C200 1x, https:\/\/i0.wp.com\/noticiasribeiraopreto.com.br\/wp-content\/uploads\/2025\/10\/CORPO_2025-10-22_13-28-46.webp.webp?fit=1029%2C606&ssl=1&resize=525%2C300 1.5x, https:\/\/i0.wp.com\/noticiasribeiraopreto.com.br\/wp-content\/uploads\/2025\/10\/CORPO_2025-10-22_13-28-46.webp.webp?fit=1029%2C606&ssl=1&resize=700%2C400 2x"},"classes":[]},{"id":67857,"url":"https:\/\/noticiasribeiraopreto.com.br\/index.php\/2025\/04\/19\/homem-e-encontrado-morto-ao-lado-de-bicicleta-em-rodovia-na-regiao-de-ribeirao-preto\/","url_meta":{"origin":78991,"position":1},"title":"Homem \u00e9 encontrado morto ao lado de bicicleta em rodovia na regi\u00e3o de Ribeir\u00e3o Preto","author":"noticiasribeiraopreto.com.br","date":"19 de April de 2025","format":false,"excerpt":"Um homem foi encontrado morto ao lado de uma bicicleta na manh\u00e3 deste s\u00e1bado (19), na rodovia M\u00e1rio Doneg\u00e1 (SP-291), entre Prad\u00f3polis e Ribeir\u00e3o Preto. Segundo a PMR (Pol\u00edcia Militar Rodovi\u00e1ria), o homem ainda n\u00e3o foi identificado. Ele usava camiseta preta, cal\u00e7a jeans e uma botina. Na bicicleta estava amarrada\u2026","rel":"","context":"In &quot;Not\u00edcias de Ribeir\u00e3o Preto-SP e Regi\u00e3o&quot;","block_context":{"text":"Not\u00edcias de Ribeir\u00e3o Preto-SP e Regi\u00e3o","link":"https:\/\/noticiasribeiraopreto.com.br\/index.php\/category\/noticias-de-ribeirao-preto-sp-e-regiao-ismael-colosi\/"},"img":{"alt_text":"","src":"https:\/\/i0.wp.com\/noticiasribeiraopreto.com.br\/wp-content\/uploads\/2025\/04\/WhatsApp-Image-2025-04-19-at-11.21.03_2025-04-19_14-37-05.webp.webp?fit=1200%2C900&ssl=1&resize=350%2C200","width":350,"height":200,"srcset":"https:\/\/i0.wp.com\/noticiasribeiraopreto.com.br\/wp-content\/uploads\/2025\/04\/WhatsApp-Image-2025-04-19-at-11.21.03_2025-04-19_14-37-05.webp.webp?fit=1200%2C900&ssl=1&resize=350%2C200 1x, https:\/\/i0.wp.com\/noticiasribeiraopreto.com.br\/wp-content\/uploads\/2025\/04\/WhatsApp-Image-2025-04-19-at-11.21.03_2025-04-19_14-37-05.webp.webp?fit=1200%2C900&ssl=1&resize=525%2C300 1.5x, https:\/\/i0.wp.com\/noticiasribeiraopreto.com.br\/wp-content\/uploads\/2025\/04\/WhatsApp-Image-2025-04-19-at-11.21.03_2025-04-19_14-37-05.webp.webp?fit=1200%2C900&ssl=1&resize=700%2C400 2x, https:\/\/i0.wp.com\/noticiasribeiraopreto.com.br\/wp-content\/uploads\/2025\/04\/WhatsApp-Image-2025-04-19-at-11.21.03_2025-04-19_14-37-05.webp.webp?fit=1200%2C900&ssl=1&resize=1050%2C600 3x"},"classes":[]},{"id":76510,"url":"https:\/\/noticiasribeiraopreto.com.br\/index.php\/2025\/08\/30\/homem-e-encontrado-morto-no-quintal-de-uma-casa-na-regiao-de-ribeirao\/","url_meta":{"origin":78991,"position":2},"title":"Homem \u00e9 encontrado morto no quintal de uma casa na regi\u00e3o de Ribeir\u00e3o","author":"noticiasribeiraopreto.com.br","date":"30 de August de 2025","format":false,"excerpt":"Um homem de 32 anos foi encontrado morto no quintal de uma casa localizada no Jardim Am\u00e9lia II, em Serrana, cidade na regi\u00e3o de Ribeir\u00e3o Preto, na manh\u00e3 deste s\u00e1bado (30). De acordo com o boletim de ocorr\u00eancia, a moradora da resid\u00eancia encontrou o corpo da v\u00edtima ao acordar. O\u2026","rel":"","context":"In &quot;Not\u00edcias de Ribeir\u00e3o Preto-SP e Regi\u00e3o&quot;","block_context":{"text":"Not\u00edcias de Ribeir\u00e3o Preto-SP e Regi\u00e3o","link":"https:\/\/noticiasribeiraopreto.com.br\/index.php\/category\/noticias-de-ribeirao-preto-sp-e-regiao-ismael-colosi\/"},"img":{"alt_text":"","src":"https:\/\/i0.wp.com\/noticiasribeiraopreto.com.br\/wp-content\/uploads\/2025\/08\/WhatsApp-Image-2023-12-09-at-13.55.44.jpeg?fit=1024%2C576&ssl=1&resize=350%2C200","width":350,"height":200,"srcset":"https:\/\/i0.wp.com\/noticiasribeiraopreto.com.br\/wp-content\/uploads\/2025\/08\/WhatsApp-Image-2023-12-09-at-13.55.44.jpeg?fit=1024%2C576&ssl=1&resize=350%2C200 1x, https:\/\/i0.wp.com\/noticiasribeiraopreto.com.br\/wp-content\/uploads\/2025\/08\/WhatsApp-Image-2023-12-09-at-13.55.44.jpeg?fit=1024%2C576&ssl=1&resize=525%2C300 1.5x, https:\/\/i0.wp.com\/noticiasribeiraopreto.com.br\/wp-content\/uploads\/2025\/08\/WhatsApp-Image-2023-12-09-at-13.55.44.jpeg?fit=1024%2C576&ssl=1&resize=700%2C400 2x"},"classes":[]},{"id":67054,"url":"https:\/\/noticiasribeiraopreto.com.br\/index.php\/2025\/04\/09\/homem-e-encontrado-morto-em-calcada-de-escola-na-zona-norte-de-ribeirao-preto\/","url_meta":{"origin":78991,"position":3},"title":"Homem \u00e9 encontrado morto em cal\u00e7ada de escola na zona Norte de Ribeir\u00e3o Preto","author":"noticiasribeiraopreto.com.br","date":"9 de April de 2025","format":false,"excerpt":"Um homem foi encontrado morto na manh\u00e3 desta quarta-feira (9), na cal\u00e7ada lateral da escola Professor Alfeu Luiz Gasparini pela avenida Dom Pedro I, no bairro Ipiranga, zona Norte de Ribeir\u00e3o Preto. Segundo a PM (Pol\u00edcia Militar), ele aparentava ter aproximadamente 40 anos de idade e ainda est\u00e1 sem identifica\u00e7\u00e3o,\u2026","rel":"","context":"In &quot;Not\u00edcias de Ribeir\u00e3o Preto-SP e Regi\u00e3o&quot;","block_context":{"text":"Not\u00edcias de Ribeir\u00e3o Preto-SP e Regi\u00e3o","link":"https:\/\/noticiasribeiraopreto.com.br\/index.php\/category\/noticias-de-ribeirao-preto-sp-e-regiao-ismael-colosi\/"},"img":{"alt_text":"","src":"https:\/\/i0.wp.com\/noticiasribeiraopreto.com.br\/wp-content\/uploads\/2025\/04\/policia_qru_1024x576_25052021184749.jpg?fit=1024%2C576&ssl=1&resize=350%2C200","width":350,"height":200,"srcset":"https:\/\/i0.wp.com\/noticiasribeiraopreto.com.br\/wp-content\/uploads\/2025\/04\/policia_qru_1024x576_25052021184749.jpg?fit=1024%2C576&ssl=1&resize=350%2C200 1x, https:\/\/i0.wp.com\/noticiasribeiraopreto.com.br\/wp-content\/uploads\/2025\/04\/policia_qru_1024x576_25052021184749.jpg?fit=1024%2C576&ssl=1&resize=525%2C300 1.5x, https:\/\/i0.wp.com\/noticiasribeiraopreto.com.br\/wp-content\/uploads\/2025\/04\/policia_qru_1024x576_25052021184749.jpg?fit=1024%2C576&ssl=1&resize=700%2C400 2x"},"classes":[]},{"id":41657,"url":"https:\/\/noticiasribeiraopreto.com.br\/index.php\/2024\/03\/10\/homem-que-estava-desaparecido-e-encontrado-morto-na-regiao-de-ribeirao\/","url_meta":{"origin":78991,"position":4},"title":"Homem que estava desaparecido \u00e9 encontrado morto na regi\u00e3o de Ribeir\u00e3o","author":"noticiasribeiraopreto.com.br","date":"10 de March de 2024","format":false,"excerpt":"Um homem foi assassinado na noite de s\u00e1bado (9) em uma estrada de terra que liga Pontal ao distrito de Cruz das Posses, em Sert\u00e3ozinho, na regi\u00e3o de Ribeir\u00e3o Preto. O corpo foi encontrado por um homem que passava pelo local e acionou a PM (Pol\u00edcia Militar). A identidade da\u2026","rel":"","context":"In &quot;Not\u00edcias de Ribeir\u00e3o Preto-SP e Regi\u00e3o&quot;","block_context":{"text":"Not\u00edcias de Ribeir\u00e3o Preto-SP e Regi\u00e3o","link":"https:\/\/noticiasribeiraopreto.com.br\/index.php\/category\/noticias-de-ribeirao-preto-sp-e-regiao-ismael-colosi\/"},"img":{"alt_text":"","src":"https:\/\/i0.wp.com\/noticiasribeiraopreto.com.br\/wp-content\/uploads\/2024\/03\/1710076529_WhatsApp-Image-2023-12-09-at-13.55.44.jpeg?fit=1024%2C576&ssl=1&resize=350%2C200","width":350,"height":200,"srcset":"https:\/\/i0.wp.com\/noticiasribeiraopreto.com.br\/wp-content\/uploads\/2024\/03\/1710076529_WhatsApp-Image-2023-12-09-at-13.55.44.jpeg?fit=1024%2C576&ssl=1&resize=350%2C200 1x, https:\/\/i0.wp.com\/noticiasribeiraopreto.com.br\/wp-content\/uploads\/2024\/03\/1710076529_WhatsApp-Image-2023-12-09-at-13.55.44.jpeg?fit=1024%2C576&ssl=1&resize=525%2C300 1.5x, https:\/\/i0.wp.com\/noticiasribeiraopreto.com.br\/wp-content\/uploads\/2024\/03\/1710076529_WhatsApp-Image-2023-12-09-at-13.55.44.jpeg?fit=1024%2C576&ssl=1&resize=700%2C400 2x"},"classes":[]},{"id":47468,"url":"https:\/\/noticiasribeiraopreto.com.br\/index.php\/2024\/04\/25\/homem-morre-apos-ser-atropelado-em-frente-a-rodoviaria-de-ribeirao-preto\/","url_meta":{"origin":78991,"position":5},"title":"Homem morre ap\u00f3s ser atropelado em frente a rodovi\u00e1ria de Ribeir\u00e3o Preto","author":"noticiasribeiraopreto.com.br","date":"25 de April de 2024","format":false,"excerpt":"Um homem morreu ap\u00f3s ser atropelado em frente ao Terminal Rodovi\u00e1rio de Ribeir\u00e3o Preto, na tarde desta quinta-feira (25). De acordo com as informa\u00e7\u00f5es do Corpo de Bombeiros (CB), uma equipe foi acionada para atender uma ocorr\u00eancia de atropelamento no cruzamento da avenida Jer\u00f4nimo Gon\u00e7alves com a alameda Botafogo. Segundo\u2026","rel":"","context":"In &quot;Not\u00edcias de Ribeir\u00e3o Preto-SP e Regi\u00e3o&quot;","block_context":{"text":"Not\u00edcias de Ribeir\u00e3o Preto-SP e Regi\u00e3o","link":"https:\/\/noticiasribeiraopreto.com.br\/index.php\/category\/noticias-de-ribeirao-preto-sp-e-regiao-ismael-colosi\/"},"img":{"alt_text":"","src":"https:\/\/i0.wp.com\/noticiasribeiraopreto.com.br\/wp-content\/uploads\/2024\/04\/AnyConv.com__WhatsApp-Image-2024-04-25-at-17.12.10.webp.webp?fit=1200%2C903&ssl=1&resize=350%2C200","width":350,"height":200,"srcset":"https:\/\/i0.wp.com\/noticiasribeiraopreto.com.br\/wp-content\/uploads\/2024\/04\/AnyConv.com__WhatsApp-Image-2024-04-25-at-17.12.10.webp.webp?fit=1200%2C903&ssl=1&resize=350%2C200 1x, https:\/\/i0.wp.com\/noticiasribeiraopreto.com.br\/wp-content\/uploads\/2024\/04\/AnyConv.com__WhatsApp-Image-2024-04-25-at-17.12.10.webp.webp?fit=1200%2C903&ssl=1&resize=525%2C300 1.5x, https:\/\/i0.wp.com\/noticiasribeiraopreto.com.br\/wp-content\/uploads\/2024\/04\/AnyConv.com__WhatsApp-Image-2024-04-25-at-17.12.10.webp.webp?fit=1200%2C903&ssl=1&resize=700%2C400 2x, https:\/\/i0.wp.com\/noticiasribeiraopreto.com.br\/wp-content\/uploads\/2024\/04\/AnyConv.com__WhatsApp-Image-2024-04-25-at-17.12.10.webp.webp?fit=1200%2C903&ssl=1&resize=1050%2C600 3x"},"classes":[]}],"jetpack_sharing_enabled":true,"jetpack_shortlink":"https:\/\/wp.me\/peQAOb-ky3","_links":{"self":[{"href":"https:\/\/noticiasribeiraopreto.com.br\/index.php\/wp-json\/wp\/v2\/posts\/78991","targetHints":{"allow":["GET"]}}],"collection":[{"href":"https:\/\/noticiasribeiraopreto.com.br\/index.php\/wp-json\/wp\/v2\/posts"}],"about":[{"href":"https:\/\/noticiasribeiraopreto.com.br\/index.php\/wp-json\/wp\/v2\/types\/post"}],"author":[{"embeddable":true,"href":"https:\/\/noticiasribeiraopreto.com.br\/index.php\/wp-json\/wp\/v2\/users\/1"}],"replies":[{"embeddable":true,"href":"https:\/\/noticiasribeiraopreto.com.br\/index.php\/wp-json\/wp\/v2\/comments?post=78991"}],"version-history":[{"count":0,"href":"https:\/\/noticiasribeiraopreto.com.br\/index.php\/wp-json\/wp\/v2\/posts\/78991\/revisions"}],"wp:featuredmedia":[{"embeddable":true,"href":"https:\/\/noticiasribeiraopreto.com.br\/index.php\/wp-json\/wp\/v2\/media\/78992"}],"wp:attachment":[{"href":"https:\/\/noticiasribeiraopreto.com.br\/index.php\/wp-json\/wp\/v2\/media?parent=78991"}],"wp:term":[{"taxonomy":"category","embeddable":true,"href":"https:\/\/noticiasribeiraopreto.com.br\/index.php\/wp-json\/wp\/v2\/categories?post=78991"},{"taxonomy":"post_tag","embeddable":true,"href":"https:\/\/noticiasribeiraopreto.com.br\/index.php\/wp-json\/wp\/v2\/tags?post=78991"}],"curies":[{"name":"wp","href":"https:\/\/api.w.org\/{rel}","templated":true}]}}