{"id":78993,"date":"2025-10-22T12:39:53","date_gmt":"2025-10-22T15:39:53","guid":{"rendered":"https:\/\/noticiasribeiraopreto.com.br\/index.php\/2025\/10\/22\/theatro-pedro-ii-recebe-marco-luque-e-maria-clara-e-jp-no-fim-de-semana\/"},"modified":"2025-10-22T12:39:53","modified_gmt":"2025-10-22T15:39:53","slug":"theatro-pedro-ii-recebe-marco-luque-e-maria-clara-e-jp-no-fim-de-semana","status":"publish","type":"post","link":"https:\/\/noticiasribeiraopreto.com.br\/index.php\/2025\/10\/22\/theatro-pedro-ii-recebe-marco-luque-e-maria-clara-e-jp-no-fim-de-semana\/","title":{"rendered":"Theatro Pedro II recebe Marco Luque e Maria Clara e JP no fim de semana"},"content":{"rendered":"<div class='code-block code-block-1' style='margin: 8px 0 8px auto; text-align: right; display: block; clear: both;'>\n<p><a href=\"https:\/\/wa.link\/vpicfd\"><img data-recalc-dims=\"1\" class=\"wp-image-4922\" style=\"aspect-ratio: 2.0253164556962027; width: 561px; height: auto;\" src=\"https:\/\/i0.wp.com\/ismaelcolosi.com.br\/wp-content\/uploads\/2023\/11\/grupo-de-empregos-whatsapp-e-facebook-ismael-colosi-vagas.jpg?ssl=1\" alt=\"\" \/><\/a><\/p>\n<!-- \/wp:image -->\n<\/div>\n<p> <br \/>\n<\/p>\n<div>\n<p>Neste <strong>s\u00e1bado (25)<\/strong>, o <strong>Theatro Pedro II<\/strong>, em <strong>Ribeir\u00e3o Preto<\/strong>, recebe o humorista <strong>Marco Luque<\/strong> e os bonecos da dupla que \u00e9 um dos maiores fen\u00f4menos do p\u00fablico infantil: <strong>Maria Clara e JP<\/strong>. As sess\u00f5es acontecem a partir das <strong>14h<\/strong> e h\u00e1 ingressos dispon\u00edveis para ambas as apresenta\u00e7\u00f5es. Confira abaixo.<\/p>\n<h2 class=\"wp-block-heading\"><strong>Maria Clara e JP<\/strong><\/h2>\n<p>Com duas apresenta\u00e7\u00f5es marcadas neste <strong>s\u00e1bado (25)<\/strong>, uma \u00e0s <strong>14h<\/strong> e outra \u00e0s <strong>16h,<\/strong> a dupla de bonecos chega com o show \u201c<strong>Brincar e Imaginar<\/strong>\u201d, onde apresentar\u00e3o os hits \u201c<strong>O ch\u00e3o \u00e9 lava<\/strong>\u201d, \u201c<strong>Ser crian\u00e7a \u00e9<\/strong>\u201d e \u201c<strong>A hist\u00f3ria do homem-biscoito<\/strong>\u201d.<\/p>\n<p>O espet\u00e1culo conta com um grupo de dan\u00e7arinos formados por b-boys, b-girls e acr\u00f3batas. Os ingressos custam entre <strong>R$ 40 <\/strong>a <strong>R$ 100<\/strong> e podem ser adquiridos na <strong>bilheteria <\/strong>do teatro ou <strong>on-line <a href=\"https:\/\/www.ingressodigital.com\/evento\/17592,18236\/maria-clara-e-jp-brincar-e-imaginar\" target=\"_blank\" rel=\"noopener\">(clique aqui)<\/a><\/strong><a href=\"https:\/\/www.ingressodigital.com\/evento\/17592,18236\/maria-clara-e-jp-brincar-e-imaginar\" target=\"_blank\" rel=\"noopener\">.<\/a><\/p>\n<figure class=\"wp-block-gallery has-nested-images columns-default is-cropped wp-block-gallery-1 is-layout-flex wp-block-gallery-is-layout-flex\">\n<figure class=\"wp-block-image size-large\"><img data-recalc-dims=\"1\" fetchpriority=\"high\" decoding=\"async\" width=\"1024\" height=\"683\" data-id=\"133083\" src=\"https:\/\/i0.wp.com\/cdn.media-acidadeon.com.br\/ribeiraopreto\/wp-content\/uploads\/sites\/3\/2025\/10\/sp_criancas_passeio_maria_clara_e_jp_sintese_producoes_03-scaled-1_2025-10-22_11-54-22-1024x683.webp?resize=1024%2C683&#038;ssl=1\" alt=\"Theatro Pedro II \" class=\"wp-image-133083\" title=\"Theatro Pedro II recebe Marco Luque e Maria Clara e JP no fim de semana 1\" srcset=\"https:\/\/cdn.media-acidadeon.com.br\/ribeiraopreto\/wp-content\/uploads\/sites\/3\/2025\/10\/sp_criancas_passeio_maria_clara_e_jp_sintese_producoes_03-scaled-1_2025-10-22_11-54-22-1024x683.webp 1024w, https:\/\/cdn.media-acidadeon.com.br\/ribeiraopreto\/wp-content\/uploads\/sites\/3\/2025\/10\/sp_criancas_passeio_maria_clara_e_jp_sintese_producoes_03-scaled-1_2025-10-22_11-54-22-300x200.webp 300w, https:\/\/cdn.media-acidadeon.com.br\/ribeiraopreto\/wp-content\/uploads\/sites\/3\/2025\/10\/sp_criancas_passeio_maria_clara_e_jp_sintese_producoes_03-scaled-1_2025-10-22_11-54-22-768x512.webp 768w, https:\/\/cdn.media-acidadeon.com.br\/ribeiraopreto\/wp-content\/uploads\/sites\/3\/2025\/10\/sp_criancas_passeio_maria_clara_e_jp_sintese_producoes_03-scaled-1_2025-10-22_11-54-22-696x464.webp 696w, https:\/\/cdn.media-acidadeon.com.br\/ribeiraopreto\/wp-content\/uploads\/sites\/3\/2025\/10\/sp_criancas_passeio_maria_clara_e_jp_sintese_producoes_03-scaled-1_2025-10-22_11-54-22-1068x712.webp 1068w, https:\/\/cdn.media-acidadeon.com.br\/ribeiraopreto\/wp-content\/uploads\/sites\/3\/2025\/10\/sp_criancas_passeio_maria_clara_e_jp_sintese_producoes_03-scaled-1_2025-10-22_11-54-22.webp 1200w\" sizes=\"(max-width: 1024px) 100vw, 1024px\"\/><figcaption class=\"wp-element-caption\">Foto: S\u00edntese produ\u00e7\u00f5es<\/figcaption><\/figure>\n<figure class=\"wp-block-image size-large\"><img data-recalc-dims=\"1\" loading=\"lazy\" decoding=\"async\" width=\"1024\" height=\"683\" data-id=\"133082\" src=\"https:\/\/i0.wp.com\/cdn.media-acidadeon.com.br\/ribeiraopreto\/wp-content\/uploads\/sites\/3\/2025\/10\/MCJP-5-Helena-Mello_2025-10-22_11-54-16-1024x683.webp?resize=1024%2C683&#038;ssl=1\" alt=\"Theatro Pedro II \" class=\"wp-image-133082\" title=\"Theatro Pedro II recebe Marco Luque e Maria Clara e JP no fim de semana 2\" srcset=\"https:\/\/cdn.media-acidadeon.com.br\/ribeiraopreto\/wp-content\/uploads\/sites\/3\/2025\/10\/MCJP-5-Helena-Mello_2025-10-22_11-54-16-1024x683.webp 1024w, https:\/\/cdn.media-acidadeon.com.br\/ribeiraopreto\/wp-content\/uploads\/sites\/3\/2025\/10\/MCJP-5-Helena-Mello_2025-10-22_11-54-16-300x200.webp 300w, https:\/\/cdn.media-acidadeon.com.br\/ribeiraopreto\/wp-content\/uploads\/sites\/3\/2025\/10\/MCJP-5-Helena-Mello_2025-10-22_11-54-16-768x512.webp 768w, https:\/\/cdn.media-acidadeon.com.br\/ribeiraopreto\/wp-content\/uploads\/sites\/3\/2025\/10\/MCJP-5-Helena-Mello_2025-10-22_11-54-16-696x464.webp 696w, https:\/\/cdn.media-acidadeon.com.br\/ribeiraopreto\/wp-content\/uploads\/sites\/3\/2025\/10\/MCJP-5-Helena-Mello_2025-10-22_11-54-16-1068x712.webp 1068w, https:\/\/cdn.media-acidadeon.com.br\/ribeiraopreto\/wp-content\/uploads\/sites\/3\/2025\/10\/MCJP-5-Helena-Mello_2025-10-22_11-54-16.webp 1200w\" sizes=\"auto, (max-width: 1024px) 100vw, 1024px\"\/><figcaption class=\"wp-element-caption\">Foto: Helena Mello <\/figcaption><\/figure>\n<\/figure>\n<h2 class=\"wp-block-heading\"><strong>Marco Luque<\/strong><\/h2>\n<p>J\u00e1 o humorista <strong>Marco Luque<\/strong> se apresenta tamb\u00e9m no<strong> s\u00e1bado (25)<\/strong>, \u00e0s <strong>20h<\/strong>, com o show \u201c<strong>\u00c9 disso que eu to falando<\/strong>\u201d, trazendo quatro personagens que marcaram sua trajet\u00f3ria, sendo eles, Jackson Five, Mustafary, Mary Help e Silas Simplesmente. <mark style=\"background-color:#fcb900\" class=\"has-inline-color\">O show n\u00e3o \u00e9 recomendado para menores de 14 anos.<\/mark><\/p>\n<p>Os ingressos custam entre <strong>R$ 50 a R$ 120<\/strong> e podem ser adquiridos presencialmente na <strong>bilheteria<\/strong> do Theatro, ou ent\u00e3o, <strong>on-line <a href=\"https:\/\/www.ingressodigital.com\/evento\/16213\/marco-luque-e-disso-que-eu-to-falando\" target=\"_blank\" rel=\"noopener\">(clique aqui)<\/a><\/strong>.<\/p>\n<figure class=\"wp-block-gallery has-nested-images columns-default is-cropped wp-block-gallery-2 is-layout-flex wp-block-gallery-is-layout-flex\">\n<figure class=\"wp-block-image size-large\"><img data-recalc-dims=\"1\" loading=\"lazy\" decoding=\"async\" width=\"1024\" height=\"701\" data-id=\"132051\" src=\"https:\/\/i0.wp.com\/cdn.media-acidadeon.com.br\/ribeiraopreto\/wp-content\/uploads\/sites\/3\/2025\/10\/CuritibaFun_2025-06-05_521_2025-10-13_11-57-34-1024x701.webp?resize=1024%2C701&#038;ssl=1\" alt=\"theatro pedro ii\" class=\"wp-image-132051\" title=\"Theatro Pedro II recebe Marco Luque e Maria Clara e JP no fim de semana 3\" srcset=\"https:\/\/cdn.media-acidadeon.com.br\/ribeiraopreto\/wp-content\/uploads\/sites\/3\/2025\/10\/CuritibaFun_2025-06-05_521_2025-10-13_11-57-34-1024x701.webp 1024w, https:\/\/cdn.media-acidadeon.com.br\/ribeiraopreto\/wp-content\/uploads\/sites\/3\/2025\/10\/CuritibaFun_2025-06-05_521_2025-10-13_11-57-34-300x206.webp 300w, https:\/\/cdn.media-acidadeon.com.br\/ribeiraopreto\/wp-content\/uploads\/sites\/3\/2025\/10\/CuritibaFun_2025-06-05_521_2025-10-13_11-57-34-768x526.webp 768w, https:\/\/cdn.media-acidadeon.com.br\/ribeiraopreto\/wp-content\/uploads\/sites\/3\/2025\/10\/CuritibaFun_2025-06-05_521_2025-10-13_11-57-34-218x150.webp 218w, https:\/\/cdn.media-acidadeon.com.br\/ribeiraopreto\/wp-content\/uploads\/sites\/3\/2025\/10\/CuritibaFun_2025-06-05_521_2025-10-13_11-57-34-696x477.webp 696w, https:\/\/cdn.media-acidadeon.com.br\/ribeiraopreto\/wp-content\/uploads\/sites\/3\/2025\/10\/CuritibaFun_2025-06-05_521_2025-10-13_11-57-34-1068x732.webp 1068w, https:\/\/cdn.media-acidadeon.com.br\/ribeiraopreto\/wp-content\/uploads\/sites\/3\/2025\/10\/CuritibaFun_2025-06-05_521_2025-10-13_11-57-34.webp 1200w\" sizes=\"auto, (max-width: 1024px) 100vw, 1024px\"\/><figcaption class=\"wp-element-caption\">Foto: Marco Brozzo\/@eumarcobrozzo\/Divulga\u00e7\u00e3o<\/figcaption><\/figure>\n<figure class=\"wp-block-image size-large\"><img data-recalc-dims=\"1\" loading=\"lazy\" decoding=\"async\" width=\"1024\" height=\"616\" data-id=\"132052\" src=\"https:\/\/i0.wp.com\/cdn.media-acidadeon.com.br\/ribeiraopreto\/wp-content\/uploads\/sites\/3\/2025\/10\/CuritibaFun_2025-06-05_460_2025-10-13_11-57-34-1024x616.webp?resize=1024%2C616&#038;ssl=1\" alt=\"theatro pedro ii\" class=\"wp-image-132052\" title=\"Theatro Pedro II recebe Marco Luque e Maria Clara e JP no fim de semana 4\" srcset=\"https:\/\/cdn.media-acidadeon.com.br\/ribeiraopreto\/wp-content\/uploads\/sites\/3\/2025\/10\/CuritibaFun_2025-06-05_460_2025-10-13_11-57-34-1024x616.webp 1024w, https:\/\/cdn.media-acidadeon.com.br\/ribeiraopreto\/wp-content\/uploads\/sites\/3\/2025\/10\/CuritibaFun_2025-06-05_460_2025-10-13_11-57-34-300x181.webp 300w, https:\/\/cdn.media-acidadeon.com.br\/ribeiraopreto\/wp-content\/uploads\/sites\/3\/2025\/10\/CuritibaFun_2025-06-05_460_2025-10-13_11-57-34-768x462.webp 768w, https:\/\/cdn.media-acidadeon.com.br\/ribeiraopreto\/wp-content\/uploads\/sites\/3\/2025\/10\/CuritibaFun_2025-06-05_460_2025-10-13_11-57-34-696x419.webp 696w, https:\/\/cdn.media-acidadeon.com.br\/ribeiraopreto\/wp-content\/uploads\/sites\/3\/2025\/10\/CuritibaFun_2025-06-05_460_2025-10-13_11-57-34-1068x643.webp 1068w, https:\/\/cdn.media-acidadeon.com.br\/ribeiraopreto\/wp-content\/uploads\/sites\/3\/2025\/10\/CuritibaFun_2025-06-05_460_2025-10-13_11-57-34.webp 1200w\" sizes=\"auto, (max-width: 1024px) 100vw, 1024px\"\/><figcaption class=\"wp-element-caption\">Foto: Marco Brozzo\/@eumarcobrozzo\/Divulga\u00e7\u00e3o<\/figcaption><\/figure>\n<\/figure>\n<p>SAIBA MAIS<br \/>Limpeza de reservat\u00f3rios deixa bairros de Ribeir\u00e3o Preto em alerta para falta d\u2019\u00e1gua<\/p>\n<h2 class=\"wp-block-heading\"><strong>FIQUE ON<\/strong><\/h2>\n<p>Fique ligado em tudo que acontece em Ribeir\u00e3o Preto e regi\u00e3o. Siga os perfis do\u00a0<strong>acidade on<\/strong>\u00a0no<a href=\"https:\/\/www.instagram.com\/acidadeonribeirao\" target=\"_blank\" rel=\"noreferrer noopener\">\u00a0Instagram\u00a0<\/a>e no\u00a0<a href=\"https:\/\/www.facebook.com\/acidadeonribeirao\/\" target=\"_blank\" rel=\"noreferrer noopener\">Facebook<\/a>.<\/p>\n<p>Receba not\u00edcias do<strong>\u00a0acidade on<\/strong>\u00a0no WhatsApp. Para entrar no grupo,\u00a0basta\u00a0<a href=\"https:\/\/chat.whatsapp.com\/I4nieTEMKlf50pJ28aMemC?mode=ac_t\" target=\"_blank\" rel=\"noreferrer noopener\">clicar aqui<\/a>. Ou, acesse o nosso\u00a0Canal\u00a0<a href=\"https:\/\/whatsapp.com\/channel\/0029Vb6IQl1JENyAeS57fk2p\" target=\"_blank\" rel=\"noreferrer noopener\">clicando aqui<\/a>.<\/p>\n<p>Fa\u00e7a uma den\u00fancia ou sugira uma reportagem sobre Ribeir\u00e3o Preto e regi\u00e3o pelo WhatsApp: 16 99117 7802.<\/p>\n<p>VEJA TAMB\u00c9M<br \/>Misael morre em \u2018Tr\u00eas Gra\u00e7as\u2019?<\/p>\n<p><!-- AI CONTENT END 1 -->\n<\/div>\n<p><script async src=\"\/\/www.instagram.com\/embed.js\"><\/script><br \/>\n<br \/><br \/>\n<br \/><a href=\"https:\/\/www.acidadeon.com\/ribeiraopreto\/lazer-e-cultura\/theatro-pedro-ii-recebe-marco-luque-e-maria-clara-e-jp-no-fim-de-semana\/\">Source link <\/a><\/p>\n<!-- CONTENT END 1 -->\n","protected":false},"excerpt":{"rendered":"<p>Neste s\u00e1bado (25), o Theatro Pedro II, em Ribeir\u00e3o Preto, recebe o humorista Marco Luque e os bonecos da dupla que \u00e9 um dos maiores&#8230;<\/p>\n","protected":false},"author":1,"featured_media":78994,"comment_status":"open","ping_status":"open","sticky":false,"template":"","format":"standard","meta":{"advanced_seo_description":"","jetpack_seo_html_title":"","jetpack_seo_noindex":false,"jetpack_post_was_ever_published":false,"_jetpack_newsletter_access":"","_jetpack_dont_email_post_to_subs":false,"_jetpack_newsletter_tier_id":0,"_jetpack_memberships_contains_paywalled_content":false,"_jetpack_memberships_contains_paid_content":false,"footnotes":"","jetpack_publicize_message":"","jetpack_publicize_feature_enabled":true,"jetpack_social_post_already_shared":true,"jetpack_social_options":{"image_generator_settings":{"template":"highway","default_image_id":0,"font":"","enabled":false},"version":2}},"categories":[11],"tags":[],"class_list":["post-78993","post","type-post","status-publish","format-standard","has-post-thumbnail","hentry","category-noticias-de-ribeirao-preto-sp-e-regiao-ismael-colosi"],"jetpack_publicize_connections":[],"jetpack_featured_media_url":"https:\/\/i0.wp.com\/noticiasribeiraopreto.com.br\/wp-content\/uploads\/2025\/10\/Vanderci-Pessotti-2_2025-10-22_12-03-34.webp.webp?fit=1200%2C675&ssl=1","jetpack-related-posts":[{"id":59775,"url":"https:\/\/noticiasribeiraopreto.com.br\/index.php\/2024\/10\/29\/fenomeno-do-youtube-bonecos-oficiais-de-maria-clara-e-jp-se-apresentam-em-ribeirao\/","url_meta":{"origin":78993,"position":0},"title":"Fen\u00f4meno do YouTube, bonecos oficiais de Maria Clara e JP se apresentam em Ribeir\u00e3o","author":"noticiasribeiraopreto.com.br","date":"29 de October de 2024","format":false,"excerpt":"Com mais de 40 milh\u00f5es de seguidores e 29 bilh\u00f5es de views, os irm\u00e3os Maria Clara e JP s\u00e3o um sucesso entre as crian\u00e7as. No dia 9 de novembro, \u00e0s 15h, os bonecos que representam a dupla trazem show in\u00e9dito para Ribeir\u00e3o Preto. O espet\u00e1culo musical intitulado \u201cMaria Clara e\u2026","rel":"","context":"In &quot;Not\u00edcias de Ribeir\u00e3o Preto-SP e Regi\u00e3o&quot;","block_context":{"text":"Not\u00edcias de Ribeir\u00e3o Preto-SP e Regi\u00e3o","link":"https:\/\/noticiasribeiraopreto.com.br\/index.php\/category\/noticias-de-ribeirao-preto-sp-e-regiao-ismael-colosi\/"},"img":{"alt_text":"","src":"https:\/\/i0.wp.com\/noticiasribeiraopreto.com.br\/wp-content\/uploads\/2024\/10\/Copia-de-Copia-de-Copia-de-TAMANHO-EXATO-PARA-FOTOS-NO-SISTEMA-NOVO-58_2024-10-30_00-21-54_png_2024-10-30_00-21-54.webp.webp?fit=1200%2C675&ssl=1&resize=350%2C200","width":350,"height":200,"srcset":"https:\/\/i0.wp.com\/noticiasribeiraopreto.com.br\/wp-content\/uploads\/2024\/10\/Copia-de-Copia-de-Copia-de-TAMANHO-EXATO-PARA-FOTOS-NO-SISTEMA-NOVO-58_2024-10-30_00-21-54_png_2024-10-30_00-21-54.webp.webp?fit=1200%2C675&ssl=1&resize=350%2C200 1x, https:\/\/i0.wp.com\/noticiasribeiraopreto.com.br\/wp-content\/uploads\/2024\/10\/Copia-de-Copia-de-Copia-de-TAMANHO-EXATO-PARA-FOTOS-NO-SISTEMA-NOVO-58_2024-10-30_00-21-54_png_2024-10-30_00-21-54.webp.webp?fit=1200%2C675&ssl=1&resize=525%2C300 1.5x, https:\/\/i0.wp.com\/noticiasribeiraopreto.com.br\/wp-content\/uploads\/2024\/10\/Copia-de-Copia-de-Copia-de-TAMANHO-EXATO-PARA-FOTOS-NO-SISTEMA-NOVO-58_2024-10-30_00-21-54_png_2024-10-30_00-21-54.webp.webp?fit=1200%2C675&ssl=1&resize=700%2C400 2x, https:\/\/i0.wp.com\/noticiasribeiraopreto.com.br\/wp-content\/uploads\/2024\/10\/Copia-de-Copia-de-Copia-de-TAMANHO-EXATO-PARA-FOTOS-NO-SISTEMA-NOVO-58_2024-10-30_00-21-54_png_2024-10-30_00-21-54.webp.webp?fit=1200%2C675&ssl=1&resize=1050%2C600 3x"},"classes":[]},{"id":79109,"url":"https:\/\/noticiasribeiraopreto.com.br\/index.php\/2025\/10\/24\/nando-reis-mostra-japao-e-marco-luque-veja-as-opcoes-para-curtir-o-fim-de-semana-em-ribeirao-preto\/","url_meta":{"origin":78993,"position":1},"title":"Nando Reis, Mostra Jap\u00e3o e Marco Luque: Veja as op\u00e7\u00f5es para curtir o fim de semana em Ribeir\u00e3o Preto","author":"noticiasribeiraopreto.com.br","date":"24 de October de 2025","format":false,"excerpt":"Ribeir\u00e3o Preto conta com diversas op\u00e7\u00f5es para curtir o fim de semana. Os destaques da programa\u00e7\u00e3o s\u00e3o o show de Nando Reis, com a turn\u00ea \u201cNando Hits\u201c, a Mostra Jap\u00e3o, e Marco Luque com o espet\u00e1culo \u201c\u00c9 Disso Que Eu To Falando\u201c. Confira a programa\u00e7\u00e3o abaixo. Mostra Jap\u00e3o Come\u00e7a nesta\u2026","rel":"","context":"In &quot;Not\u00edcias de Ribeir\u00e3o Preto-SP e Regi\u00e3o&quot;","block_context":{"text":"Not\u00edcias de Ribeir\u00e3o Preto-SP e Regi\u00e3o","link":"https:\/\/noticiasribeiraopreto.com.br\/index.php\/category\/noticias-de-ribeirao-preto-sp-e-regiao-ismael-colosi\/"},"img":{"alt_text":"","src":"https:\/\/i0.wp.com\/noticiasribeiraopreto.com.br\/wp-content\/uploads\/2025\/10\/mostra-japao-marco-luque-nando-reis_2025-10-24_15-43-10.webp.webp?fit=1200%2C674&ssl=1&resize=350%2C200","width":350,"height":200,"srcset":"https:\/\/i0.wp.com\/noticiasribeiraopreto.com.br\/wp-content\/uploads\/2025\/10\/mostra-japao-marco-luque-nando-reis_2025-10-24_15-43-10.webp.webp?fit=1200%2C674&ssl=1&resize=350%2C200 1x, https:\/\/i0.wp.com\/noticiasribeiraopreto.com.br\/wp-content\/uploads\/2025\/10\/mostra-japao-marco-luque-nando-reis_2025-10-24_15-43-10.webp.webp?fit=1200%2C674&ssl=1&resize=525%2C300 1.5x, https:\/\/i0.wp.com\/noticiasribeiraopreto.com.br\/wp-content\/uploads\/2025\/10\/mostra-japao-marco-luque-nando-reis_2025-10-24_15-43-10.webp.webp?fit=1200%2C674&ssl=1&resize=700%2C400 2x, https:\/\/i0.wp.com\/noticiasribeiraopreto.com.br\/wp-content\/uploads\/2025\/10\/mostra-japao-marco-luque-nando-reis_2025-10-24_15-43-10.webp.webp?fit=1200%2C674&ssl=1&resize=1050%2C600 3x"},"classes":[]},{"id":77036,"url":"https:\/\/noticiasribeiraopreto.com.br\/index.php\/2025\/09\/10\/theatro-pedro-ii-recebe-show-infantil-e-stand-up-neste-fim-de-semana\/","url_meta":{"origin":78993,"position":2},"title":"Theatro Pedro II recebe show infantil e stand-up neste fim de semana","author":"noticiasribeiraopreto.com.br","date":"10 de September de 2025","format":false,"excerpt":"O Theatro Pedro II, em Ribeir\u00e3o Preto, recebe neste fim de semana duas atra\u00e7\u00f5es para aproveitar com toda a fam\u00edlia. No s\u00e1bado (13), acontece o show do humorista Raphael Ghanem, e, no domingo (14), o show infantil da dupla Gabriel e Shirley. Raphael Ganem Raphael Ghanem apresenta o stand-up \u201cSe\u2026","rel":"","context":"In &quot;Not\u00edcias de Ribeir\u00e3o Preto-SP e Regi\u00e3o&quot;","block_context":{"text":"Not\u00edcias de Ribeir\u00e3o Preto-SP e Regi\u00e3o","link":"https:\/\/noticiasribeiraopreto.com.br\/index.php\/category\/noticias-de-ribeirao-preto-sp-e-regiao-ismael-colosi\/"},"img":{"alt_text":"","src":"https:\/\/i0.wp.com\/noticiasribeiraopreto.com.br\/wp-content\/uploads\/2025\/09\/Copia-de-Copia-de-Copia-de-TAMANHO-EXATO-PARA-FOTOS-NO-SISTEMA-NOVO_2025-09-10_13-39-20.webp.webp?fit=1200%2C675&ssl=1&resize=350%2C200","width":350,"height":200,"srcset":"https:\/\/i0.wp.com\/noticiasribeiraopreto.com.br\/wp-content\/uploads\/2025\/09\/Copia-de-Copia-de-Copia-de-TAMANHO-EXATO-PARA-FOTOS-NO-SISTEMA-NOVO_2025-09-10_13-39-20.webp.webp?fit=1200%2C675&ssl=1&resize=350%2C200 1x, https:\/\/i0.wp.com\/noticiasribeiraopreto.com.br\/wp-content\/uploads\/2025\/09\/Copia-de-Copia-de-Copia-de-TAMANHO-EXATO-PARA-FOTOS-NO-SISTEMA-NOVO_2025-09-10_13-39-20.webp.webp?fit=1200%2C675&ssl=1&resize=525%2C300 1.5x, https:\/\/i0.wp.com\/noticiasribeiraopreto.com.br\/wp-content\/uploads\/2025\/09\/Copia-de-Copia-de-Copia-de-TAMANHO-EXATO-PARA-FOTOS-NO-SISTEMA-NOVO_2025-09-10_13-39-20.webp.webp?fit=1200%2C675&ssl=1&resize=700%2C400 2x, https:\/\/i0.wp.com\/noticiasribeiraopreto.com.br\/wp-content\/uploads\/2025\/09\/Copia-de-Copia-de-Copia-de-TAMANHO-EXATO-PARA-FOTOS-NO-SISTEMA-NOVO_2025-09-10_13-39-20.webp.webp?fit=1200%2C675&ssl=1&resize=1050%2C600 3x"},"classes":[]},{"id":84217,"url":"https:\/\/noticiasribeiraopreto.com.br\/index.php\/2026\/04\/04\/theatro-pedro-ii-recebe-a-comedia-agora-e-que-sao-elas\/","url_meta":{"origin":78993,"position":3},"title":"Theatro Pedro II recebe a com\u00e9dia \u2018Agora \u00c9 que S\u00e3o Elas!\u2019","author":"noticiasribeiraopreto.com.br","date":"4 de April de 2026","format":false,"excerpt":"Ler o resumo da not\u00edcia Theatro Pedro II recebe a com\u00e9dia \u2018Agora \u00c9 que S\u00e3o Elas!\u2019 O Theatro Pedro II, em Ribeir\u00e3o Preto, recebe no pr\u00f3ximo dia 12 de abril, \u00e0s 18h, a com\u00e9dia \u201cAgora \u00c9 que S\u00e3o Elas!\u201d, com J\u00falia Rabello, Maria Clara Gueiros e Priscila Castello Branco. O\u2026","rel":"","context":"In &quot;Not\u00edcias de Ribeir\u00e3o Preto-SP e Regi\u00e3o&quot;","block_context":{"text":"Not\u00edcias de Ribeir\u00e3o Preto-SP e Regi\u00e3o","link":"https:\/\/noticiasribeiraopreto.com.br\/index.php\/category\/noticias-de-ribeirao-preto-sp-e-regiao-ismael-colosi\/"},"img":{"alt_text":"","src":"https:\/\/i0.wp.com\/noticiasribeiraopreto.com.br\/wp-content\/uploads\/2026\/04\/theatro-pedro-ii_2026-04-04_21-12-38.webp.webp?fit=1200%2C674&ssl=1&resize=350%2C200","width":350,"height":200,"srcset":"https:\/\/i0.wp.com\/noticiasribeiraopreto.com.br\/wp-content\/uploads\/2026\/04\/theatro-pedro-ii_2026-04-04_21-12-38.webp.webp?fit=1200%2C674&ssl=1&resize=350%2C200 1x, https:\/\/i0.wp.com\/noticiasribeiraopreto.com.br\/wp-content\/uploads\/2026\/04\/theatro-pedro-ii_2026-04-04_21-12-38.webp.webp?fit=1200%2C674&ssl=1&resize=525%2C300 1.5x, https:\/\/i0.wp.com\/noticiasribeiraopreto.com.br\/wp-content\/uploads\/2026\/04\/theatro-pedro-ii_2026-04-04_21-12-38.webp.webp?fit=1200%2C674&ssl=1&resize=700%2C400 2x, https:\/\/i0.wp.com\/noticiasribeiraopreto.com.br\/wp-content\/uploads\/2026\/04\/theatro-pedro-ii_2026-04-04_21-12-38.webp.webp?fit=1200%2C674&ssl=1&resize=1050%2C600 3x"},"classes":[]},{"id":78534,"url":"https:\/\/noticiasribeiraopreto.com.br\/index.php\/2025\/10\/13\/marco-luque-apresenta-espetaculo-de-humor-no-theatro-pedro-ii\/","url_meta":{"origin":78993,"position":4},"title":"Marco Luque apresenta espet\u00e1culo de humor no Theatro Pedro II","author":"noticiasribeiraopreto.com.br","date":"13 de October de 2025","format":false,"excerpt":"O ator, apresentador e humorista Marco Luque\u00a0chega a\u00a0Ribeir\u00e3o Preto com o novo espet\u00e1culo de humor \u201c\u00c9 Disso Que Eu T\u00f4 Falando\u201d. A apresenta\u00e7\u00e3o acontece no s\u00e1bado (25), \u00e0s 20h, no Theatro Pedro II. O humorista esteve na cidade ainda este ano com a programa\u00e7\u00e3o de seu \u00faltimo show \u201cDilatados\u201d, que\u2026","rel":"","context":"In &quot;Not\u00edcias de Ribeir\u00e3o Preto-SP e Regi\u00e3o&quot;","block_context":{"text":"Not\u00edcias de Ribeir\u00e3o Preto-SP e Regi\u00e3o","link":"https:\/\/noticiasribeiraopreto.com.br\/index.php\/category\/noticias-de-ribeirao-preto-sp-e-regiao-ismael-colosi\/"},"img":{"alt_text":"","src":"https:\/\/i0.wp.com\/noticiasribeiraopreto.com.br\/wp-content\/uploads\/2025\/10\/MarcoLuqueCuritiba_2025-10-13_11-52-34.webp.webp?fit=1024%2C768&ssl=1&resize=350%2C200","width":350,"height":200,"srcset":"https:\/\/i0.wp.com\/noticiasribeiraopreto.com.br\/wp-content\/uploads\/2025\/10\/MarcoLuqueCuritiba_2025-10-13_11-52-34.webp.webp?fit=1024%2C768&ssl=1&resize=350%2C200 1x, https:\/\/i0.wp.com\/noticiasribeiraopreto.com.br\/wp-content\/uploads\/2025\/10\/MarcoLuqueCuritiba_2025-10-13_11-52-34.webp.webp?fit=1024%2C768&ssl=1&resize=525%2C300 1.5x, https:\/\/i0.wp.com\/noticiasribeiraopreto.com.br\/wp-content\/uploads\/2025\/10\/MarcoLuqueCuritiba_2025-10-13_11-52-34.webp.webp?fit=1024%2C768&ssl=1&resize=700%2C400 2x"},"classes":[]},{"id":33755,"url":"https:\/\/noticiasribeiraopreto.com.br\/index.php\/2024\/01\/30\/veja-atracoes-do-theatro-pedro-ii-em-ribeirao-renato-albani-esta-confirmado\/","url_meta":{"origin":78993,"position":5},"title":"Veja atra\u00e7\u00f5es do Theatro Pedro II em Ribeir\u00e3o; Renato Albani est\u00e1 confirmado","author":"noticiasribeiraopreto.com.br","date":"30 de January de 2024","format":false,"excerpt":"O Theatro Pedro II, no Centro de Ribeir\u00e3o Preto, retoma a agenda de eventos a partir de mar\u00e7o, com uma programa\u00e7\u00e3o variada para todas as idades e gostos. A agenda conta com apresenta\u00e7\u00f5es de Renato Albani, Danilo Gentili, Biquini e mais. Confira abaixo a programa\u00e7\u00e3o completa para o m\u00eas de\u2026","rel":"","context":"In &quot;Not\u00edcias de Ribeir\u00e3o Preto-SP e Regi\u00e3o&quot;","block_context":{"text":"Not\u00edcias de Ribeir\u00e3o Preto-SP e Regi\u00e3o","link":"https:\/\/noticiasribeiraopreto.com.br\/index.php\/category\/noticias-de-ribeirao-preto-sp-e-regiao-ismael-colosi\/"},"img":{"alt_text":"","src":"https:\/\/i0.wp.com\/noticiasribeiraopreto.com.br\/wp-content\/uploads\/2024\/01\/Copia-de-Copia-de-TAMANHO-EXATO-PARA-FOTOS-NO-SISTEMA-NOVO-24.png?fit=1200%2C675&ssl=1&resize=350%2C200","width":350,"height":200,"srcset":"https:\/\/i0.wp.com\/noticiasribeiraopreto.com.br\/wp-content\/uploads\/2024\/01\/Copia-de-Copia-de-TAMANHO-EXATO-PARA-FOTOS-NO-SISTEMA-NOVO-24.png?fit=1200%2C675&ssl=1&resize=350%2C200 1x, https:\/\/i0.wp.com\/noticiasribeiraopreto.com.br\/wp-content\/uploads\/2024\/01\/Copia-de-Copia-de-TAMANHO-EXATO-PARA-FOTOS-NO-SISTEMA-NOVO-24.png?fit=1200%2C675&ssl=1&resize=525%2C300 1.5x, https:\/\/i0.wp.com\/noticiasribeiraopreto.com.br\/wp-content\/uploads\/2024\/01\/Copia-de-Copia-de-TAMANHO-EXATO-PARA-FOTOS-NO-SISTEMA-NOVO-24.png?fit=1200%2C675&ssl=1&resize=700%2C400 2x, https:\/\/i0.wp.com\/noticiasribeiraopreto.com.br\/wp-content\/uploads\/2024\/01\/Copia-de-Copia-de-TAMANHO-EXATO-PARA-FOTOS-NO-SISTEMA-NOVO-24.png?fit=1200%2C675&ssl=1&resize=1050%2C600 3x"},"classes":[]}],"jetpack_sharing_enabled":true,"jetpack_shortlink":"https:\/\/wp.me\/peQAOb-ky5","_links":{"self":[{"href":"https:\/\/noticiasribeiraopreto.com.br\/index.php\/wp-json\/wp\/v2\/posts\/78993","targetHints":{"allow":["GET"]}}],"collection":[{"href":"https:\/\/noticiasribeiraopreto.com.br\/index.php\/wp-json\/wp\/v2\/posts"}],"about":[{"href":"https:\/\/noticiasribeiraopreto.com.br\/index.php\/wp-json\/wp\/v2\/types\/post"}],"author":[{"embeddable":true,"href":"https:\/\/noticiasribeiraopreto.com.br\/index.php\/wp-json\/wp\/v2\/users\/1"}],"replies":[{"embeddable":true,"href":"https:\/\/noticiasribeiraopreto.com.br\/index.php\/wp-json\/wp\/v2\/comments?post=78993"}],"version-history":[{"count":0,"href":"https:\/\/noticiasribeiraopreto.com.br\/index.php\/wp-json\/wp\/v2\/posts\/78993\/revisions"}],"wp:featuredmedia":[{"embeddable":true,"href":"https:\/\/noticiasribeiraopreto.com.br\/index.php\/wp-json\/wp\/v2\/media\/78994"}],"wp:attachment":[{"href":"https:\/\/noticiasribeiraopreto.com.br\/index.php\/wp-json\/wp\/v2\/media?parent=78993"}],"wp:term":[{"taxonomy":"category","embeddable":true,"href":"https:\/\/noticiasribeiraopreto.com.br\/index.php\/wp-json\/wp\/v2\/categories?post=78993"},{"taxonomy":"post_tag","embeddable":true,"href":"https:\/\/noticiasribeiraopreto.com.br\/index.php\/wp-json\/wp\/v2\/tags?post=78993"}],"curies":[{"name":"wp","href":"https:\/\/api.w.org\/{rel}","templated":true}]}}