{"id":78999,"date":"2025-10-22T15:21:09","date_gmt":"2025-10-22T18:21:09","guid":{"rendered":"https:\/\/noticiasribeiraopreto.com.br\/index.php\/2025\/10\/22\/conheca-o-atleta-mirim-de-ribeirao-preto-que-coleciona-titulos-no-patins\/"},"modified":"2025-10-22T15:21:09","modified_gmt":"2025-10-22T18:21:09","slug":"conheca-o-atleta-mirim-de-ribeirao-preto-que-coleciona-titulos-no-patins","status":"publish","type":"post","link":"https:\/\/noticiasribeiraopreto.com.br\/index.php\/2025\/10\/22\/conheca-o-atleta-mirim-de-ribeirao-preto-que-coleciona-titulos-no-patins\/","title":{"rendered":"Conhe\u00e7a o atleta mirim de Ribeir\u00e3o Preto que coleciona t\u00edtulos no patins"},"content":{"rendered":"<div class='code-block code-block-1' style='margin: 8px 0 8px auto; text-align: right; display: block; clear: both;'>\n<p><a href=\"https:\/\/wa.link\/vpicfd\"><img data-recalc-dims=\"1\" class=\"wp-image-4922\" style=\"aspect-ratio: 2.0253164556962027; width: 561px; height: auto;\" src=\"https:\/\/i0.wp.com\/ismaelcolosi.com.br\/wp-content\/uploads\/2023\/11\/grupo-de-empregos-whatsapp-e-facebook-ismael-colosi-vagas.jpg?ssl=1\" alt=\"\" \/><\/a><\/p>\n<!-- \/wp:image -->\n<\/div>\n<p> <br \/>\n<\/p>\n<div data-td-block-uid=\"tdi_95\">\n<div class=\"tdb-block-inner td-fix-index\">\n<p>O atleta mirim <strong>Arthur Garcia Ribeiro<\/strong>, de <strong>Ribeir\u00e3o Preto<\/strong>, conquistou o t\u00edtulo de <strong>bicampe\u00e3o paulista de patins vertical 2025<\/strong>. Com apenas 11 anos, <strong>Arthur<\/strong> j\u00e1 acumula <strong>seis t\u00edtulos<\/strong> em <strong>14 competi\u00e7\u00f5es disputadas<\/strong>.<\/p>\n<p>A trajet\u00f3ria no esporte come\u00e7ou aos <strong>7 anos<\/strong>, quando o patins entrou na vida do garoto quase por acaso. Segundo o pai e treinador, <strong>C\u00e9sar Ribeiro<\/strong>, tudo come\u00e7ou como uma forma de divers\u00e3o.<\/p>\n<figure class=\"wp-block-pullquote\">\n<blockquote>\n<p>Ele sempre gostou de andar r\u00e1pido, isso na \u2018motoquinha da galinha pintadinha\u2019, depois no patinete, foi quando tive que por um patins no p\u00e9 para acompanh\u00e1-lo. E ele me vendo patinar acabou querendo fazer o mesmo.<\/p>\n<p><cite>Cesar Ribeiro, pai e treinador <\/cite><\/p><\/blockquote>\n<\/figure>\n<p>Com apenas <strong>8 anos<\/strong>, <strong>Arthur<\/strong> participou do <strong>Campeonato Brasileiro de Patins<\/strong>, em <strong>Taubat\u00e9<\/strong>, interior de <strong>S\u00e3o Paulo<\/strong>, e terminou em <strong>4\u00ba lugar<\/strong>. Desde ent\u00e3o, ele vem se destacando em competi\u00e7\u00f5es estaduais e regionais.<\/p>\n<figure class=\"wp-block-pullquote\">\n<blockquote>\n<p>As competi\u00e7\u00f5es acabaram vindo naturalmente, conforme foi evoluindo, n\u00f3s come\u00e7amos a buscar outros desafios que foi competir<\/p>\n<p><cite>Cesar Ribeiro, pai e treinador<\/cite><\/p><\/blockquote>\n<\/figure>\n<p>Arthur e o pai seguem levando o nome de <strong>Ribeir\u00e3o Preto<\/strong> nas competi\u00e7\u00f5es. <\/p>\n<figure class=\"wp-block-pullquote\">\n<blockquote>\n<p>N\u00f3s levamos o nome da cidade h\u00e1 quatro anos nas competi\u00e7\u00f5es. Subimos ao p\u00f3dio diversas vezes e \u00e9 emocionante e gratificante poder representar a cidade.<\/p>\n<p><cite>Cesar Ribeiro, pai e treinador <\/cite><\/p><\/blockquote>\n<\/figure>\n<p>Agora, o foco da dupla est\u00e1 na terceira etapa do <strong>Campeonato Paulista Italac de Street<\/strong>, o qual <strong>Arthur<\/strong> lidera o ranking e pode conquistar mais um t\u00edtulo estadual ainda neste ano. Em <strong>2026<\/strong>, o objetivo \u00e9 maior: garantir uma vaga para representar o <strong>Brasil<\/strong> no <strong>World Skate Games<\/strong>, que ser\u00e1 realizado no <strong>Paraguai<\/strong>.<\/p>\n<figure class=\"wp-block-pullquote\">\n<blockquote>\n<p>Ano que vem, em 2026, teremos o Campeonato Brasileiro e o t\u00e3o sonhado World Skate Games que ser\u00e1 no Paraguai, vamos correr atr\u00e1s da vaga para representar a nossa cidade e nosso Pa\u00eds.<\/p>\n<p><cite>Cesar Ribeiro, pai e treinador <\/cite><\/p><\/blockquote>\n<\/figure>\n<p>SAIBA MAIS<br \/>Ribeir\u00e3o Preto recebe a exposi\u00e7\u00e3o \u2018Linha de Contorno\u2019, de Marcia Pastore<\/p>\n<h2 class=\"wp-block-heading\"><strong>FIQUE ON<\/strong><\/h2>\n<p>Fique ligado em tudo que acontece em Ribeir\u00e3o Preto e regi\u00e3o. Siga os perfis do\u00a0<strong>acidade on<\/strong>\u00a0no<a href=\"https:\/\/www.instagram.com\/acidadeonribeirao\" target=\"_blank\" rel=\"noreferrer noopener\">\u00a0Instagram\u00a0<\/a>e no\u00a0<a href=\"https:\/\/www.facebook.com\/acidadeonribeirao\/\" target=\"_blank\" rel=\"noreferrer noopener\">Facebook<\/a>.<\/p>\n<p>Receba not\u00edcias do<strong>\u00a0acidade on<\/strong>\u00a0no WhatsApp. Para entrar no grupo,\u00a0basta\u00a0<a href=\"https:\/\/chat.whatsapp.com\/I4nieTEMKlf50pJ28aMemC?mode=ac_t\" target=\"_blank\" rel=\"noreferrer noopener\">clicar aqui<\/a>. Ou, acesse o nosso\u00a0Canal\u00a0<a href=\"https:\/\/whatsapp.com\/channel\/0029Vb6IQl1JENyAeS57fk2p\" target=\"_blank\" rel=\"noreferrer noopener\">clicando aqui<\/a>.<\/p>\n<p>Fa\u00e7a uma den\u00fancia ou sugira uma reportagem sobre Ribeir\u00e3o Preto e regi\u00e3o pelo WhatsApp: 16 99117 7802.<\/p>\n<p>VEJA TAMB\u00c9M<br \/>Qual novela vai substituir \u2018A Viagem\u2019?<\/p>\n<p><!-- AI CONTENT END 1 -->\n<\/div>\n<\/div>\n<p><script async src=\"\/\/www.instagram.com\/embed.js\"><\/script><br \/>\n<br \/><br \/>\n<br \/><a href=\"https:\/\/www.acidadeon.com\/ribeiraopreto\/esportes\/conheca-o-atleta-mirim-de-ribeirao-preto-que-coleciona-titulos-no-patins\/\">Source link <\/a><\/p>\n<!-- CONTENT END 1 -->\n","protected":false},"excerpt":{"rendered":"<p>O atleta mirim Arthur Garcia Ribeiro, de Ribeir\u00e3o Preto, conquistou o t\u00edtulo de bicampe\u00e3o paulista de patins vertical 2025. Com apenas 11 anos, Arthur j\u00e1&#8230;<\/p>\n","protected":false},"author":1,"featured_media":79000,"comment_status":"open","ping_status":"open","sticky":false,"template":"","format":"standard","meta":{"advanced_seo_description":"","jetpack_seo_html_title":"","jetpack_seo_noindex":false,"jetpack_post_was_ever_published":false,"_jetpack_newsletter_access":"","_jetpack_dont_email_post_to_subs":false,"_jetpack_newsletter_tier_id":0,"_jetpack_memberships_contains_paywalled_content":false,"_jetpack_memberships_contains_paid_content":false,"footnotes":"","jetpack_publicize_message":"","jetpack_publicize_feature_enabled":true,"jetpack_social_post_already_shared":true,"jetpack_social_options":{"image_generator_settings":{"template":"highway","default_image_id":0,"font":"","enabled":false},"version":2}},"categories":[11],"tags":[],"class_list":["post-78999","post","type-post","status-publish","format-standard","has-post-thumbnail","hentry","category-noticias-de-ribeirao-preto-sp-e-regiao-ismael-colosi"],"jetpack_publicize_connections":[],"jetpack_featured_media_url":"https:\/\/i0.wp.com\/noticiasribeiraopreto.com.br\/wp-content\/uploads\/2025\/10\/Vanderci-Pessotti-3_2025-10-22_16-46-58.webp.webp?fit=1200%2C675&ssl=1","jetpack-related-posts":[{"id":80690,"url":"https:\/\/noticiasribeiraopreto.com.br\/index.php\/2025\/12\/11\/atleta-mirim-de-ribeirao-preto-conquista-ouro-em-campeonato-de-jiu-jitsu-nos-eua\/","url_meta":{"origin":78999,"position":0},"title":"Atleta mirim de Ribeir\u00e3o Preto conquista ouro em campeonato de jiu-jitsu nos EUA","author":"noticiasribeiraopreto.com.br","date":"11 de December de 2025","format":false,"excerpt":"O jovem atleta Jo\u00e3o Marcelo Migliaccio de Medeiros, de 8 anos, conquistou a medalha de ouro no campeonato organizado pela Jiu Jitsu World League (JJWL), uma das maiores ligas de jiu-jitsu dos Estados Unidos. A competi\u00e7\u00e3o aconteceu no \u00faltimo s\u00e1bado, 6 de dezembro, em San Diego, na Calif\u00f3rnia. Foto: Arquivo\u2026","rel":"","context":"In &quot;Not\u00edcias de Ribeir\u00e3o Preto-SP e Regi\u00e3o&quot;","block_context":{"text":"Not\u00edcias de Ribeir\u00e3o Preto-SP e Regi\u00e3o","link":"https:\/\/noticiasribeiraopreto.com.br\/index.php\/category\/noticias-de-ribeirao-preto-sp-e-regiao-ismael-colosi\/"},"img":{"alt_text":"","src":"https:\/\/i0.wp.com\/noticiasribeiraopreto.com.br\/wp-content\/uploads\/2025\/12\/597231343_1185688296423274_1887393361697969658_n_2025-12-10_21-03-17.webp.webp?fit=1144%2C720&ssl=1&resize=350%2C200","width":350,"height":200,"srcset":"https:\/\/i0.wp.com\/noticiasribeiraopreto.com.br\/wp-content\/uploads\/2025\/12\/597231343_1185688296423274_1887393361697969658_n_2025-12-10_21-03-17.webp.webp?fit=1144%2C720&ssl=1&resize=350%2C200 1x, https:\/\/i0.wp.com\/noticiasribeiraopreto.com.br\/wp-content\/uploads\/2025\/12\/597231343_1185688296423274_1887393361697969658_n_2025-12-10_21-03-17.webp.webp?fit=1144%2C720&ssl=1&resize=525%2C300 1.5x, https:\/\/i0.wp.com\/noticiasribeiraopreto.com.br\/wp-content\/uploads\/2025\/12\/597231343_1185688296423274_1887393361697969658_n_2025-12-10_21-03-17.webp.webp?fit=1144%2C720&ssl=1&resize=700%2C400 2x, https:\/\/i0.wp.com\/noticiasribeiraopreto.com.br\/wp-content\/uploads\/2025\/12\/597231343_1185688296423274_1887393361697969658_n_2025-12-10_21-03-17.webp.webp?fit=1144%2C720&ssl=1&resize=1050%2C600 3x"},"classes":[]},{"id":39481,"url":"https:\/\/noticiasribeiraopreto.com.br\/index.php\/2024\/02\/26\/atleta-de-ribeirao-preto-e-ouro-em-campeonato-de-jiujitsu\/","url_meta":{"origin":78999,"position":1},"title":"Atleta de Ribeir\u00e3o Preto \u00e9 ouro em campeonato de jiujitsu","author":"noticiasribeiraopreto.com.br","date":"26 de February de 2024","format":false,"excerpt":"26 de fevereiro de 2024 | 14:0026 de fevereiro de 2024 | 12:15 0No \u00faltimo domingo, 25, a atleta da Secretaria de Esportes, Emanuelle Silva, de apenas 11 anos, venceu o campeonato regional S\u00e3o Paulo Summer. O evento foi realizado em Ribeir\u00e3o Preto, pela Federa\u00e7\u00e3o Brasileira de Mixed Martial Arts\u2026","rel":"","context":"In &quot;Not\u00edcias de Ribeir\u00e3o Preto-SP e Regi\u00e3o&quot;","block_context":{"text":"Not\u00edcias de Ribeir\u00e3o Preto-SP e Regi\u00e3o","link":"https:\/\/noticiasribeiraopreto.com.br\/index.php\/category\/noticias-de-ribeirao-preto-sp-e-regiao-ismael-colosi\/"},"img":{"alt_text":"","src":"https:\/\/i0.wp.com\/noticiasribeiraopreto.com.br\/wp-content\/uploads\/2024\/02\/resultado_jiujitsuu-scaled.jpeg?fit=685%2C645&ssl=1&resize=350%2C200","width":350,"height":200,"srcset":"https:\/\/i0.wp.com\/noticiasribeiraopreto.com.br\/wp-content\/uploads\/2024\/02\/resultado_jiujitsuu-scaled.jpeg?fit=685%2C645&ssl=1&resize=350%2C200 1x, https:\/\/i0.wp.com\/noticiasribeiraopreto.com.br\/wp-content\/uploads\/2024\/02\/resultado_jiujitsuu-scaled.jpeg?fit=685%2C645&ssl=1&resize=525%2C300 1.5x"},"classes":[]},{"id":5397,"url":"https:\/\/noticiasribeiraopreto.com.br\/index.php\/2023\/11\/23\/morre-rubens-minelli-um-dos-maiores-treinadores-do-futebol-brasileiro\/","url_meta":{"origin":78999,"position":2},"title":"Morre Rubens Minelli, um dos maiores treinadores do futebol brasileiro","author":"noticiasribeiraopreto.com.br","date":"23 de November de 2023","format":false,"excerpt":"Morreu nesta quinta-feira (23), aos 94 anos, o ex-treinador Rubens Minelli, que fez hist\u00f3ria no futebol brasileiro em equipes como Palmeiras, S\u00e3o Paulo, Internacional e Gr\u00eamio. Em Ribeir\u00e3o Preto, Minelli foi t\u00e9cnico do Botafogo nos anos 1960. A morte do ex-treinador foi confirmada por clubes pelos quais ele teve passagem,\u2026","rel":"","context":"In &quot;Not\u00edcias de Ribeir\u00e3o Preto-SP e Regi\u00e3o&quot;","block_context":{"text":"Not\u00edcias de Ribeir\u00e3o Preto-SP e Regi\u00e3o","link":"https:\/\/noticiasribeiraopreto.com.br\/index.php\/category\/noticias-de-ribeirao-preto-sp-e-regiao-ismael-colosi\/"},"img":{"alt_text":"","src":"https:\/\/i0.wp.com\/noticiasribeiraopreto.com.br\/wp-content\/uploads\/2023\/11\/rubens-minelli.jpg?fit=1080%2C608&ssl=1&resize=350%2C200","width":350,"height":200,"srcset":"https:\/\/i0.wp.com\/noticiasribeiraopreto.com.br\/wp-content\/uploads\/2023\/11\/rubens-minelli.jpg?fit=1080%2C608&ssl=1&resize=350%2C200 1x, https:\/\/i0.wp.com\/noticiasribeiraopreto.com.br\/wp-content\/uploads\/2023\/11\/rubens-minelli.jpg?fit=1080%2C608&ssl=1&resize=525%2C300 1.5x, https:\/\/i0.wp.com\/noticiasribeiraopreto.com.br\/wp-content\/uploads\/2023\/11\/rubens-minelli.jpg?fit=1080%2C608&ssl=1&resize=700%2C400 2x, https:\/\/i0.wp.com\/noticiasribeiraopreto.com.br\/wp-content\/uploads\/2023\/11\/rubens-minelli.jpg?fit=1080%2C608&ssl=1&resize=1050%2C600 3x"},"classes":[]},{"id":84299,"url":"https:\/\/noticiasribeiraopreto.com.br\/index.php\/2026\/04\/07\/fernando-diniz-assume-como-novo-treinador-do-corinthians\/","url_meta":{"origin":78999,"position":3},"title":"Fernando Diniz assume como novo treinador do Corinthians","author":"noticiasribeiraopreto.com.br","date":"7 de April de 2026","format":false,"excerpt":"Por Lara Musa O Corinthians acertou a contrata\u00e7\u00e3o de Fernando Diniz como novo treinador do time principal. A diretoria definiu o t\u00e9cnico de 52 anos como prioridade e avan\u00e7ou rapidamente nas negocia\u00e7\u00f5es nesta segunda-feira (6). O desejo da c\u00fapula alvinegra \u00e9 de que o comandante j\u00e1 esteja \u00e0 beira do\u2026","rel":"","context":"In &quot;Not\u00edcias de Ribeir\u00e3o Preto-SP e Regi\u00e3o&quot;","block_context":{"text":"Not\u00edcias de Ribeir\u00e3o Preto-SP e Regi\u00e3o","link":"https:\/\/noticiasribeiraopreto.com.br\/index.php\/category\/noticias-de-ribeirao-preto-sp-e-regiao-ismael-colosi\/"},"img":{"alt_text":"","src":"https:\/\/i0.wp.com\/noticiasribeiraopreto.com.br\/wp-content\/uploads\/2026\/04\/fernando-diniz-utilizou-a-camisa-patrocinada-2k941w.jpg?fit=941%2C713&ssl=1&resize=350%2C200","width":350,"height":200,"srcset":"https:\/\/i0.wp.com\/noticiasribeiraopreto.com.br\/wp-content\/uploads\/2026\/04\/fernando-diniz-utilizou-a-camisa-patrocinada-2k941w.jpg?fit=941%2C713&ssl=1&resize=350%2C200 1x, https:\/\/i0.wp.com\/noticiasribeiraopreto.com.br\/wp-content\/uploads\/2026\/04\/fernando-diniz-utilizou-a-camisa-patrocinada-2k941w.jpg?fit=941%2C713&ssl=1&resize=525%2C300 1.5x, https:\/\/i0.wp.com\/noticiasribeiraopreto.com.br\/wp-content\/uploads\/2026\/04\/fernando-diniz-utilizou-a-camisa-patrocinada-2k941w.jpg?fit=941%2C713&ssl=1&resize=700%2C400 2x"},"classes":[]},{"id":84329,"url":"https:\/\/noticiasribeiraopreto.com.br\/index.php\/2026\/04\/07\/morre-mircea-lucescu-autor-de-um-dos-gols-na-inauguracao-do-estadio-santa-cruz\/","url_meta":{"origin":78999,"position":4},"title":"Morre Mircea Lucescu, autor de um dos gols na inaugura\u00e7\u00e3o do Est\u00e1dio Santa Cruz","author":"noticiasribeiraopreto.com.br","date":"7 de April de 2026","format":false,"excerpt":"Ler o resumo da not\u00edcia Mircea Lucescu morreu nesta ter\u00e7a-feira (7), aos 80 anos. O ex-jogador e t\u00e9cnico romeno ficou conhecido no futebol europeu, com passagens por Dinamo Bucareste e sele\u00e7\u00e3o da Rom\u00eania. Em 21 de janeiro de 1968, ele marcou um gol pela sele\u00e7\u00e3o romena na inaugura\u00e7\u00e3o do Est\u00e1dio\u2026","rel":"","context":"In &quot;Not\u00edcias de Ribeir\u00e3o Preto-SP e Regi\u00e3o&quot;","block_context":{"text":"Not\u00edcias de Ribeir\u00e3o Preto-SP e Regi\u00e3o","link":"https:\/\/noticiasribeiraopreto.com.br\/index.php\/category\/noticias-de-ribeirao-preto-sp-e-regiao-ismael-colosi\/"},"img":{"alt_text":"","src":"https:\/\/i0.wp.com\/noticiasribeiraopreto.com.br\/wp-content\/uploads\/2026\/04\/276_pri__20260331153119_mircea_lucescu_2026-04-07_19-14-41.webp.webp?fit=486%2C333&ssl=1&resize=350%2C200","width":350,"height":200},"classes":[]},{"id":28044,"url":"https:\/\/noticiasribeiraopreto.com.br\/index.php\/2024\/01\/14\/conheca-a-trajetoria-do-novo-tecnico-da-selecao-brasileira\/","url_meta":{"origin":78999,"position":5},"title":"Conhe\u00e7a a trajet\u00f3ria do novo t\u00e9cnico da Sele\u00e7\u00e3o Brasileira\u00a0","author":"noticiasribeiraopreto.com.br","date":"14 de January de 2024","format":false,"excerpt":"Foto do acervo do jornalista Marcio Javaroni dos tempos em que Dorival defendeu as cores do Botafogo\u00a0\u00a0Aos 61 anos, Dorival J\u00fanior foi confirmado no domingo como o novo t\u00e9cnico da Sele\u00e7\u00e3o Brasileira. Ele pediu desligamento do S\u00e3o Paulo para ocupar a vaga deixada por Fernando Diniz. O treinador chega ao\u2026","rel":"","context":"In &quot;Not\u00edcias de Ribeir\u00e3o Preto-SP e Regi\u00e3o&quot;","block_context":{"text":"Not\u00edcias de Ribeir\u00e3o Preto-SP e Regi\u00e3o","link":"https:\/\/noticiasribeiraopreto.com.br\/index.php\/category\/noticias-de-ribeirao-preto-sp-e-regiao-ismael-colosi\/"},"img":{"alt_text":"","src":"https:\/\/i0.wp.com\/noticiasribeiraopreto.com.br\/wp-content\/uploads\/2024\/01\/Dorival-1-scaled.jpg?fit=967%2C645&ssl=1&resize=350%2C200","width":350,"height":200,"srcset":"https:\/\/i0.wp.com\/noticiasribeiraopreto.com.br\/wp-content\/uploads\/2024\/01\/Dorival-1-scaled.jpg?fit=967%2C645&ssl=1&resize=350%2C200 1x, https:\/\/i0.wp.com\/noticiasribeiraopreto.com.br\/wp-content\/uploads\/2024\/01\/Dorival-1-scaled.jpg?fit=967%2C645&ssl=1&resize=525%2C300 1.5x, https:\/\/i0.wp.com\/noticiasribeiraopreto.com.br\/wp-content\/uploads\/2024\/01\/Dorival-1-scaled.jpg?fit=967%2C645&ssl=1&resize=700%2C400 2x"},"classes":[]}],"jetpack_sharing_enabled":true,"jetpack_shortlink":"https:\/\/wp.me\/peQAOb-kyb","_links":{"self":[{"href":"https:\/\/noticiasribeiraopreto.com.br\/index.php\/wp-json\/wp\/v2\/posts\/78999","targetHints":{"allow":["GET"]}}],"collection":[{"href":"https:\/\/noticiasribeiraopreto.com.br\/index.php\/wp-json\/wp\/v2\/posts"}],"about":[{"href":"https:\/\/noticiasribeiraopreto.com.br\/index.php\/wp-json\/wp\/v2\/types\/post"}],"author":[{"embeddable":true,"href":"https:\/\/noticiasribeiraopreto.com.br\/index.php\/wp-json\/wp\/v2\/users\/1"}],"replies":[{"embeddable":true,"href":"https:\/\/noticiasribeiraopreto.com.br\/index.php\/wp-json\/wp\/v2\/comments?post=78999"}],"version-history":[{"count":0,"href":"https:\/\/noticiasribeiraopreto.com.br\/index.php\/wp-json\/wp\/v2\/posts\/78999\/revisions"}],"wp:featuredmedia":[{"embeddable":true,"href":"https:\/\/noticiasribeiraopreto.com.br\/index.php\/wp-json\/wp\/v2\/media\/79000"}],"wp:attachment":[{"href":"https:\/\/noticiasribeiraopreto.com.br\/index.php\/wp-json\/wp\/v2\/media?parent=78999"}],"wp:term":[{"taxonomy":"category","embeddable":true,"href":"https:\/\/noticiasribeiraopreto.com.br\/index.php\/wp-json\/wp\/v2\/categories?post=78999"},{"taxonomy":"post_tag","embeddable":true,"href":"https:\/\/noticiasribeiraopreto.com.br\/index.php\/wp-json\/wp\/v2\/tags?post=78999"}],"curies":[{"name":"wp","href":"https:\/\/api.w.org\/{rel}","templated":true}]}}