{"id":79001,"date":"2025-10-22T15:30:00","date_gmt":"2025-10-22T18:30:00","guid":{"rendered":"https:\/\/noticiasribeiraopreto.com.br\/index.php\/2025\/10\/22\/fuvest-2026-antecipa-a-divulgacao-dos-locais-das-provas-saiba-como-consultar\/"},"modified":"2025-10-22T15:30:00","modified_gmt":"2025-10-22T18:30:00","slug":"fuvest-2026-antecipa-a-divulgacao-dos-locais-das-provas-saiba-como-consultar","status":"publish","type":"post","link":"https:\/\/noticiasribeiraopreto.com.br\/index.php\/2025\/10\/22\/fuvest-2026-antecipa-a-divulgacao-dos-locais-das-provas-saiba-como-consultar\/","title":{"rendered":"Fuvest 2026 antecipa a divulga\u00e7\u00e3o dos locais das provas; Saiba como consultar"},"content":{"rendered":"<div class='code-block code-block-1' style='margin: 8px 0 8px auto; text-align: right; display: block; clear: both;'>\n<p><a href=\"https:\/\/wa.link\/vpicfd\"><img data-recalc-dims=\"1\" class=\"wp-image-4922\" style=\"aspect-ratio: 2.0253164556962027; width: 561px; height: auto;\" src=\"https:\/\/i0.wp.com\/ismaelcolosi.com.br\/wp-content\/uploads\/2023\/11\/grupo-de-empregos-whatsapp-e-facebook-ismael-colosi-vagas.jpg?ssl=1\" alt=\"\" \/><\/a><\/p>\n<!-- \/wp:image -->\n<\/div>\n<p> <br \/>\n<\/p>\n<div>\n<p>Os candidatos inscritos no vestibular da<strong><a href=\"https:\/\/www.fuvest.br\/\" data-type=\"link\" data-id=\"https:\/\/www.fuvest.br\/\" target=\"_blank\" rel=\"noopener\"> Fuvest 2026<\/a><\/strong> podem consultar os locais de provas a partir das 12h desta quinta-feira (23), na <a href=\"https:\/\/app.fuvest.br\/login\" data-type=\"link\" data-id=\"https:\/\/app.fuvest.br\/login\" target=\"_blank\" rel=\"noopener\">\u00c1rea do Candidato<\/a> no site da prova. Os estudantes podem conferir os locais onde far\u00e3o a prova da 1\u00aa Fase.<\/p>\n<p>Nesta edi\u00e7\u00e3o do processo seletivo, s\u00e3o 111.480 candidatos que v\u00e3o disputar as 8.147 vagas dispon\u00edveis nos cursos de gradua\u00e7\u00e3o da<strong> USP (Universidade de S\u00e3o Paulo). <\/strong>Foram 4.150 inscri\u00e7\u00f5es a mais em rela\u00e7\u00e3o ao ano passado, quando a Fuvest recebeu 107.330 inscri\u00e7\u00f5es.<\/p>\n<h2 class=\"wp-block-heading\"><strong>1\u00aa fase da Fuvest<\/strong><\/h2>\n<p><mark style=\"background-color:#fcb900\" class=\"has-inline-color has-black-color\">A prova ser\u00e1 realizada no dia 23 de novembro <\/mark>em 32 cidades. Ao todo, 88 locais receber\u00e3o os vestibulandos. A abertura dos port\u00f5es das escolas acontecer\u00e1 \u00e0s 12h, com fechamento dos port\u00f5es e in\u00edcio da aplica\u00e7\u00e3o da prova \u00e0s 13h.<\/p>\n<p>Para evitar atrasos no dia e estresse na chegada, a Fuvest recomenda que o candidato conhe\u00e7a com anteced\u00eancia o trajeto at\u00e9 o local em que est\u00e1 designado para realizar a prova. A sugest\u00e3o \u00e9 fazer isso no domingo anterior para calcular a dist\u00e2ncia e o acesso por transporte coletivo, carro de aplicativo ou ve\u00edculo particular.<\/p>\n<h2 class=\"wp-block-heading\"><strong>Escolha do local da prova<\/strong><\/h2>\n<p>Uma novidade do vestibular da Fuvest deste ano foi a possibilidade de escolha do local para a realiza\u00e7\u00e3o da prova da 1\u00aa Fase. Nas cidades ou regi\u00f5es da capital onde havia duas ou mais escolas aplicadoras, o vestibulando p\u00f4de indicar sua prefer\u00eancia de local.<\/p>\n<p>Para mais informa\u00e7\u00f5es, os candidatos devem visitar o<a href=\"https:\/\/app.fuvest.br\/login\" data-type=\"link\" data-id=\"https:\/\/app.fuvest.br\/login\" target=\"_blank\" rel=\"noopener\"> site oficial da Fuvest<\/a>.<\/p>\n<h2 class=\"wp-block-heading\"><strong>Calend\u00e1rio do vestibular Fuvest 2026<\/strong><\/h2>\n<p>\u25cf\u00a0\u00a0\u00a0\u00a0\u00a0 Primeira Fase: 23\/11\/2025<\/p>\n<p>\u25cf\u00a0\u00a0\u00a0\u00a0\u00a0 Segunda Fase: 14 e 15\/12\/2025<\/p>\n<p>\u25cf\u00a0\u00a0\u00a0\u00a0\u00a0 Provas de compet\u00eancias espec\u00edficas \u2013 M\u00fasica: 09 a 12\/12\/2025<\/p>\n<p>\u25cf\u00a0\u00a0\u00a0\u00a0\u00a0 Provas de compet\u00eancias espec\u00edficas \u2013 Artes Visuais: 11\/12\/20205<\/p>\n<p>\u25cf\u00a0\u00a0\u00a0\u00a0\u00a0 Prova de compet\u00eancias espec\u00edficas \u2013 Artes C\u00eanicas: 5 a 9\/01\/2026<\/p>\n<p>\u25cf\u00a0\u00a0\u00a0\u00a0\u00a0 Primeira chamada: 23\/01\/2026<\/p>\n<p>SAIBA MAIS<\/p>\n<p>Apostas da regi\u00e3o de Ribeir\u00e3o Preto est\u00e3o entre as ganhadoras da Mega-Sena; confira<\/p>\n<h2 class=\"wp-block-heading\"><strong>FIQUE ON<\/strong><\/h2>\n<p>Fique ligado em tudo que acontece em Ribeir\u00e3o Preto e regi\u00e3o. Siga os perfis do\u00a0<strong>acidade on<\/strong>\u00a0no\u00a0<a href=\"https:\/\/www.instagram.com\/acidadeonribeirao\" target=\"_blank\" rel=\"noreferrer noopener\">Instagram\u00a0<\/a>e no<a href=\"https:\/\/www.facebook.com\/acidadeonribeirao\/\" target=\"_blank\" rel=\"noreferrer noopener\">\u00a0Facebook<\/a>.<\/p>\n<p>Receba not\u00edcias do\u00a0<strong>acidade on<\/strong>\u00a0no WhatsApp. Para entrar no grupo,\u00a0basta\u00a0<a href=\"https:\/\/chat.whatsapp.com\/I4nieTEMKlf50pJ28aMemC?mode=ac_t\" target=\"_blank\" rel=\"noreferrer noopener\">clicar aqui<\/a>. Ou, acesse o nosso\u00a0Canal<a href=\"https:\/\/whatsapp.com\/channel\/0029Vb6IQl1JENyAeS57fk2p\" target=\"_blank\" rel=\"noreferrer noopener\">\u00a0clicando aqui<\/a>.<\/p>\n<p>Fa\u00e7a uma den\u00fancia ou sugira uma reportagem sobre Ribeir\u00e3o Preto e regi\u00e3o pelo WhatsApp: 16 99117 7802.<\/p>\n<p>VEJA TAMB\u00c9M<\/p>\n<p>Final de \u2018Stranger Things\u2019 ser\u00e1 exibido nos cinemas brasileiros?<\/p>\n<p><!-- AI CONTENT END 1 -->\n<\/div>\n<p><script async src=\"\/\/www.instagram.com\/embed.js\"><\/script><br \/>\n<br \/><br \/>\n<br \/><a href=\"https:\/\/www.acidadeon.com\/ribeiraopreto\/cotidiano\/fuvest-2026-antecipa-a-divulgacao-dos-locais-das-provas-saiba-como-consultar\/\">Source link <\/a><\/p>\n<!-- CONTENT END 1 -->\n","protected":false},"excerpt":{"rendered":"<p>Os candidatos inscritos no vestibular da Fuvest 2026 podem consultar os locais de provas a partir das 12h desta quinta-feira (23), na \u00c1rea do Candidato&#8230;<\/p>\n","protected":false},"author":1,"featured_media":77381,"comment_status":"open","ping_status":"open","sticky":false,"template":"","format":"standard","meta":{"advanced_seo_description":"","jetpack_seo_html_title":"","jetpack_seo_noindex":false,"jetpack_post_was_ever_published":false,"_jetpack_newsletter_access":"","_jetpack_dont_email_post_to_subs":false,"_jetpack_newsletter_tier_id":0,"_jetpack_memberships_contains_paywalled_content":false,"_jetpack_memberships_contains_paid_content":false,"footnotes":"","jetpack_publicize_message":"","jetpack_publicize_feature_enabled":true,"jetpack_social_post_already_shared":true,"jetpack_social_options":{"image_generator_settings":{"template":"highway","default_image_id":0,"font":"","enabled":false},"version":2}},"categories":[11],"tags":[],"class_list":["post-79001","post","type-post","status-publish","format-standard","has-post-thumbnail","hentry","category-noticias-de-ribeirao-preto-sp-e-regiao-ismael-colosi"],"jetpack_publicize_connections":[],"jetpack_featured_media_url":"https:\/\/i0.wp.com\/noticiasribeiraopreto.com.br\/wp-content\/uploads\/2025\/09\/20210909_usp_fachada-1024x538-1_2025-09-17_18-42-07.webp.webp?fit=1024%2C538&ssl=1","jetpack-related-posts":[{"id":59911,"url":"https:\/\/noticiasribeiraopreto.com.br\/index.php\/2024\/11\/01\/locais-de-prova-da-fuvest-2025-ja-podem-ser-acessados-confira\/","url_meta":{"origin":79001,"position":0},"title":"Locais de prova da Fuvest 2025 j\u00e1 podem ser acessados; Confira","author":"noticiasribeiraopreto.com.br","date":"1 de November de 2024","format":false,"excerpt":"Os candidatos inscritos no Vestibular 2025 da Fuvest, principal forma de acesso \u00e0 USP (Universidade de S\u00e3o Paulo), podem conferir a partir desta sexta-feira (1\u00ba novembro), \u00e0s 12h, os locais onde v\u00e3o realizar a prova. A primeira fase do vestibular acontece no dia 17 de novembro. Os vestibulandos devem acessar\u2026","rel":"","context":"In &quot;Not\u00edcias de Ribeir\u00e3o Preto-SP e Regi\u00e3o&quot;","block_context":{"text":"Not\u00edcias de Ribeir\u00e3o Preto-SP e Regi\u00e3o","link":"https:\/\/noticiasribeiraopreto.com.br\/index.php\/category\/noticias-de-ribeirao-preto-sp-e-regiao-ismael-colosi\/"},"img":{"alt_text":"","src":"https:\/\/i0.wp.com\/noticiasribeiraopreto.com.br\/wp-content\/uploads\/2024\/11\/CAMPUS-DA-USP-DE-RIBEIRAO-PRETO-1024x683.jpg?fit=1024%2C683&ssl=1&resize=350%2C200","width":350,"height":200,"srcset":"https:\/\/i0.wp.com\/noticiasribeiraopreto.com.br\/wp-content\/uploads\/2024\/11\/CAMPUS-DA-USP-DE-RIBEIRAO-PRETO-1024x683.jpg?fit=1024%2C683&ssl=1&resize=350%2C200 1x, https:\/\/i0.wp.com\/noticiasribeiraopreto.com.br\/wp-content\/uploads\/2024\/11\/CAMPUS-DA-USP-DE-RIBEIRAO-PRETO-1024x683.jpg?fit=1024%2C683&ssl=1&resize=525%2C300 1.5x, https:\/\/i0.wp.com\/noticiasribeiraopreto.com.br\/wp-content\/uploads\/2024\/11\/CAMPUS-DA-USP-DE-RIBEIRAO-PRETO-1024x683.jpg?fit=1024%2C683&ssl=1&resize=700%2C400 2x"},"classes":[]},{"id":65798,"url":"https:\/\/noticiasribeiraopreto.com.br\/index.php\/2025\/03\/24\/principal-vestibular-de-acesso-a-usp-veja-quando-comecam-as-inscricoes-da-fuvest-2026\/","url_meta":{"origin":79001,"position":1},"title":"Principal vestibular de acesso \u00e0 USP: Veja quando come\u00e7am as inscri\u00e7\u00f5es da Fuvest 2026","author":"noticiasribeiraopreto.com.br","date":"24 de March de 2025","format":false,"excerpt":"A Fuvest (Funda\u00e7\u00e3o Universit\u00e1ria para o Vestibular) divulga o cronograma do Vestibular 2026, uma das principais portas de entrada \u00e0 USP (Universidade de S\u00e3o Paulo). A primeira fase ser\u00e1 realizada em 23 de novembro e a segunda, nos dias 14 e 15 de dezembro de 2025. Os locais de aplica\u00e7\u00e3o\u2026","rel":"","context":"In &quot;Not\u00edcias de Ribeir\u00e3o Preto-SP e Regi\u00e3o&quot;","block_context":{"text":"Not\u00edcias de Ribeir\u00e3o Preto-SP e Regi\u00e3o","link":"https:\/\/noticiasribeiraopreto.com.br\/index.php\/category\/noticias-de-ribeirao-preto-sp-e-regiao-ismael-colosi\/"},"img":{"alt_text":"","src":"https:\/\/i0.wp.com\/noticiasribeiraopreto.com.br\/wp-content\/uploads\/2025\/01\/21_2025-01-02_15-54-47_jpg_2025-01-02_15-54-47.webp.webp?fit=1200%2C767&ssl=1&resize=350%2C200","width":350,"height":200,"srcset":"https:\/\/i0.wp.com\/noticiasribeiraopreto.com.br\/wp-content\/uploads\/2025\/01\/21_2025-01-02_15-54-47_jpg_2025-01-02_15-54-47.webp.webp?fit=1200%2C767&ssl=1&resize=350%2C200 1x, https:\/\/i0.wp.com\/noticiasribeiraopreto.com.br\/wp-content\/uploads\/2025\/01\/21_2025-01-02_15-54-47_jpg_2025-01-02_15-54-47.webp.webp?fit=1200%2C767&ssl=1&resize=525%2C300 1.5x, https:\/\/i0.wp.com\/noticiasribeiraopreto.com.br\/wp-content\/uploads\/2025\/01\/21_2025-01-02_15-54-47_jpg_2025-01-02_15-54-47.webp.webp?fit=1200%2C767&ssl=1&resize=700%2C400 2x, https:\/\/i0.wp.com\/noticiasribeiraopreto.com.br\/wp-content\/uploads\/2025\/01\/21_2025-01-02_15-54-47_jpg_2025-01-02_15-54-47.webp.webp?fit=1200%2C767&ssl=1&resize=1050%2C600 3x"},"classes":[]},{"id":60523,"url":"https:\/\/noticiasribeiraopreto.com.br\/index.php\/2024\/11\/16\/saiba-o-que-pode-e-nao-pode-na-fuvest-86-mil-candidatos-farao-prova-em-ribeirao-preto\/","url_meta":{"origin":79001,"position":2},"title":"Saiba o que pode e n\u00e3o pode na Fuvest; 8,6 mil candidatos far\u00e3o prova em Ribeir\u00e3o Preto","author":"noticiasribeiraopreto.com.br","date":"16 de November de 2024","format":false,"excerpt":"Acontece neste domingo (17) a prova da primeira fase do Fuvest 2025, principal vestibular de acesso \u00e0 USP (Universidade de S\u00e3o Paulo). Em Ribeir\u00e3o Preto, s\u00e3o 8.631 candidatos inscritos, que prestar\u00e3o as provas em seis locais \u2013 veja abaixo. Os candidatos inscritos podem verificar seus locais designados com seus dados\u2026","rel":"","context":"In &quot;Not\u00edcias de Ribeir\u00e3o Preto-SP e Regi\u00e3o&quot;","block_context":{"text":"Not\u00edcias de Ribeir\u00e3o Preto-SP e Regi\u00e3o","link":"https:\/\/noticiasribeiraopreto.com.br\/index.php\/category\/noticias-de-ribeirao-preto-sp-e-regiao-ismael-colosi\/"},"img":{"alt_text":"","src":"https:\/\/i0.wp.com\/noticiasribeiraopreto.com.br\/wp-content\/uploads\/2024\/11\/usp_ribeirao_500x320_26072019111611.jpg?fit=500%2C322&ssl=1&resize=350%2C200","width":350,"height":200},"classes":[]},{"id":926,"url":"https:\/\/noticiasribeiraopreto.com.br\/index.php\/2023\/11\/09\/fuvest-anuncia-locais-de-prova\/","url_meta":{"origin":79001,"position":3},"title":"Fuvest anuncia locais de prova","author":"noticiasribeiraopreto.com.br","date":"9 de November de 2023","format":false,"excerpt":"9 de novembro de 2023 | 16:309 de novembro de 2023 | 15:22 0Os candidatos inscritos na primeira fase do vestibular 2024 da Funda\u00e7\u00e3o Universit\u00e1ria para o Vestibular (Fuvest \u2013 https:\/\/www.fuvest.br\/vestibular-da-usp\/) j\u00e1 podem conferir os locais onde ser\u00e3o realizados os exames. Na \u00e1rea do candidato, \u00e9 necess\u00e1rio informar o nome,\u2026","rel":"","context":"In &quot;Not\u00edcias de Ribeir\u00e3o Preto-SP e Regi\u00e3o&quot;","block_context":{"text":"Not\u00edcias de Ribeir\u00e3o Preto-SP e Regi\u00e3o","link":"https:\/\/noticiasribeiraopreto.com.br\/index.php\/category\/noticias-de-ribeirao-preto-sp-e-regiao-ismael-colosi\/"},"img":{"alt_text":"","src":"https:\/\/i0.wp.com\/noticiasribeiraopreto.com.br\/wp-content\/uploads\/2023\/11\/Fuvest-Alfredo-Risk-Arquivo-1-scaled.jpg?fit=1000%2C531&ssl=1&resize=350%2C200","width":350,"height":200,"srcset":"https:\/\/i0.wp.com\/noticiasribeiraopreto.com.br\/wp-content\/uploads\/2023\/11\/Fuvest-Alfredo-Risk-Arquivo-1-scaled.jpg?fit=1000%2C531&ssl=1&resize=350%2C200 1x, https:\/\/i0.wp.com\/noticiasribeiraopreto.com.br\/wp-content\/uploads\/2023\/11\/Fuvest-Alfredo-Risk-Arquivo-1-scaled.jpg?fit=1000%2C531&ssl=1&resize=525%2C300 1.5x, https:\/\/i0.wp.com\/noticiasribeiraopreto.com.br\/wp-content\/uploads\/2023\/11\/Fuvest-Alfredo-Risk-Arquivo-1-scaled.jpg?fit=1000%2C531&ssl=1&resize=700%2C400 2x"},"classes":[]},{"id":61498,"url":"https:\/\/noticiasribeiraopreto.com.br\/index.php\/2024\/12\/14\/fuvest-2025-provas-da-segunda-fase-comecam-neste-domingo\/","url_meta":{"origin":79001,"position":4},"title":"Fuvest 2025: Provas da segunda fase come\u00e7am neste domingo","author":"noticiasribeiraopreto.com.br","date":"14 de December de 2024","format":false,"excerpt":"As provas da segunda fase do Vestibular Fuvest 2025 ser\u00e3o realizadas nos dias 15 e 16 de dezembro (domingo e segunda-feira). Na primeira fase, somente na regi\u00e3o de Ribeir\u00e3o Preto, foram 10,2 mil alunos inscritos. Os port\u00f5es de entrada ser\u00e3o abertos \u00e0s 12h e fechados \u00e0s 13h. Gustavo Monaco, diretor\u2026","rel":"","context":"In &quot;Not\u00edcias de Ribeir\u00e3o Preto-SP e Regi\u00e3o&quot;","block_context":{"text":"Not\u00edcias de Ribeir\u00e3o Preto-SP e Regi\u00e3o","link":"https:\/\/noticiasribeiraopreto.com.br\/index.php\/category\/noticias-de-ribeirao-preto-sp-e-regiao-ismael-colosi\/"},"img":{"alt_text":"","src":"https:\/\/i0.wp.com\/noticiasribeiraopreto.com.br\/wp-content\/uploads\/2024\/12\/closeup-person-filling-out-questionary-form_2024-12-14_13-34-49_jpg_2024-12-14_13-34-51-scaled.webp.webp?fit=1200%2C800&ssl=1&resize=350%2C200","width":350,"height":200,"srcset":"https:\/\/i0.wp.com\/noticiasribeiraopreto.com.br\/wp-content\/uploads\/2024\/12\/closeup-person-filling-out-questionary-form_2024-12-14_13-34-49_jpg_2024-12-14_13-34-51-scaled.webp.webp?fit=1200%2C800&ssl=1&resize=350%2C200 1x, https:\/\/i0.wp.com\/noticiasribeiraopreto.com.br\/wp-content\/uploads\/2024\/12\/closeup-person-filling-out-questionary-form_2024-12-14_13-34-49_jpg_2024-12-14_13-34-51-scaled.webp.webp?fit=1200%2C800&ssl=1&resize=525%2C300 1.5x, https:\/\/i0.wp.com\/noticiasribeiraopreto.com.br\/wp-content\/uploads\/2024\/12\/closeup-person-filling-out-questionary-form_2024-12-14_13-34-49_jpg_2024-12-14_13-34-51-scaled.webp.webp?fit=1200%2C800&ssl=1&resize=700%2C400 2x, https:\/\/i0.wp.com\/noticiasribeiraopreto.com.br\/wp-content\/uploads\/2024\/12\/closeup-person-filling-out-questionary-form_2024-12-14_13-34-49_jpg_2024-12-14_13-34-51-scaled.webp.webp?fit=1200%2C800&ssl=1&resize=1050%2C600 3x"},"classes":[]},{"id":75901,"url":"https:\/\/noticiasribeiraopreto.com.br\/index.php\/2025\/08\/18\/fuvest-abre-inscricoes-para-vestibular-da-usp\/","url_meta":{"origin":79001,"position":5},"title":"Fuvest abre inscri\u00e7\u00f5es para vestibular da USP","author":"noticiasribeiraopreto.com.br","date":"18 de August de 2025","format":false,"excerpt":"As inscri\u00e7\u00f5es para o vestibular 2026 da Universidade de S\u00e3o Paulo (USP) come\u00e7am \u00e0s 12 horas desta segunda-feira, 18 de agosto, e terminam no dia 7 de outubro deste ano. A taxa custa R$ 211. Tamb\u00e9m foi divulgado ontem o Guia do Estudante, com todas as informa\u00e7\u00f5es sobre o processo\u2026","rel":"","context":"In &quot;Not\u00edcias de Ribeir\u00e3o Preto-SP e Regi\u00e3o&quot;","block_context":{"text":"Not\u00edcias de Ribeir\u00e3o Preto-SP e Regi\u00e3o","link":"https:\/\/noticiasribeiraopreto.com.br\/index.php\/category\/noticias-de-ribeirao-preto-sp-e-regiao-ismael-colosi\/"},"img":{"alt_text":"","src":"https:\/\/i0.wp.com\/noticiasribeiraopreto.com.br\/wp-content\/uploads\/2025\/08\/AulaUSP-Alfredo-Risk-scaled.jpg?fit=1170%2C780&ssl=1&resize=350%2C200","width":350,"height":200,"srcset":"https:\/\/i0.wp.com\/noticiasribeiraopreto.com.br\/wp-content\/uploads\/2025\/08\/AulaUSP-Alfredo-Risk-scaled.jpg?fit=1170%2C780&ssl=1&resize=350%2C200 1x, https:\/\/i0.wp.com\/noticiasribeiraopreto.com.br\/wp-content\/uploads\/2025\/08\/AulaUSP-Alfredo-Risk-scaled.jpg?fit=1170%2C780&ssl=1&resize=525%2C300 1.5x, https:\/\/i0.wp.com\/noticiasribeiraopreto.com.br\/wp-content\/uploads\/2025\/08\/AulaUSP-Alfredo-Risk-scaled.jpg?fit=1170%2C780&ssl=1&resize=700%2C400 2x, https:\/\/i0.wp.com\/noticiasribeiraopreto.com.br\/wp-content\/uploads\/2025\/08\/AulaUSP-Alfredo-Risk-scaled.jpg?fit=1170%2C780&ssl=1&resize=1050%2C600 3x"},"classes":[]}],"jetpack_sharing_enabled":true,"jetpack_shortlink":"https:\/\/wp.me\/peQAOb-kyd","_links":{"self":[{"href":"https:\/\/noticiasribeiraopreto.com.br\/index.php\/wp-json\/wp\/v2\/posts\/79001","targetHints":{"allow":["GET"]}}],"collection":[{"href":"https:\/\/noticiasribeiraopreto.com.br\/index.php\/wp-json\/wp\/v2\/posts"}],"about":[{"href":"https:\/\/noticiasribeiraopreto.com.br\/index.php\/wp-json\/wp\/v2\/types\/post"}],"author":[{"embeddable":true,"href":"https:\/\/noticiasribeiraopreto.com.br\/index.php\/wp-json\/wp\/v2\/users\/1"}],"replies":[{"embeddable":true,"href":"https:\/\/noticiasribeiraopreto.com.br\/index.php\/wp-json\/wp\/v2\/comments?post=79001"}],"version-history":[{"count":0,"href":"https:\/\/noticiasribeiraopreto.com.br\/index.php\/wp-json\/wp\/v2\/posts\/79001\/revisions"}],"wp:featuredmedia":[{"embeddable":true,"href":"https:\/\/noticiasribeiraopreto.com.br\/index.php\/wp-json\/wp\/v2\/media\/77381"}],"wp:attachment":[{"href":"https:\/\/noticiasribeiraopreto.com.br\/index.php\/wp-json\/wp\/v2\/media?parent=79001"}],"wp:term":[{"taxonomy":"category","embeddable":true,"href":"https:\/\/noticiasribeiraopreto.com.br\/index.php\/wp-json\/wp\/v2\/categories?post=79001"},{"taxonomy":"post_tag","embeddable":true,"href":"https:\/\/noticiasribeiraopreto.com.br\/index.php\/wp-json\/wp\/v2\/tags?post=79001"}],"curies":[{"name":"wp","href":"https:\/\/api.w.org\/{rel}","templated":true}]}}