{"id":79002,"date":"2025-10-22T15:36:38","date_gmt":"2025-10-22T18:36:38","guid":{"rendered":"https:\/\/noticiasribeiraopreto.com.br\/index.php\/2025\/10\/22\/concurso-para-soldado-da-pm-encerra-inscricoes-nesta-quinta\/"},"modified":"2025-10-22T15:36:38","modified_gmt":"2025-10-22T18:36:38","slug":"concurso-para-soldado-da-pm-encerra-inscricoes-nesta-quinta","status":"publish","type":"post","link":"https:\/\/noticiasribeiraopreto.com.br\/index.php\/2025\/10\/22\/concurso-para-soldado-da-pm-encerra-inscricoes-nesta-quinta\/","title":{"rendered":"Concurso para soldado da PM encerra inscri\u00e7\u00f5es nesta quinta"},"content":{"rendered":"<div class='code-block code-block-1' style='margin: 8px 0 8px auto; text-align: right; display: block; clear: both;'>\n<p><a href=\"https:\/\/wa.link\/vpicfd\"><img data-recalc-dims=\"1\" class=\"wp-image-4922\" style=\"aspect-ratio: 2.0253164556962027; width: 561px; height: auto;\" src=\"https:\/\/i0.wp.com\/ismaelcolosi.com.br\/wp-content\/uploads\/2023\/11\/grupo-de-empregos-whatsapp-e-facebook-ismael-colosi-vagas.jpg?ssl=1\" alt=\"\" \/><\/a><\/p>\n<!-- \/wp:image -->\n<\/div>\n<p> <br \/>\n<\/p>\n<div data-td-block-uid=\"tdi_95\">\n<div class=\"tdb-block-inner td-fix-index\">\n<p><strong>As inscri\u00e7\u00f5es para o concurso p\u00fablico com 2,2 mil vagas para soldado de 2\u00aa Classe da PM (Pol\u00edcia Militar), <strong>destinadas a candidatos do sexo masculino e feminino, <\/strong>ser\u00e3o encerradas nesta quinta-feira (23).<\/strong><\/p>\n<p>Os <strong>candidatos <\/strong>devem se <strong>inscrever <\/strong>pela <strong>internet<\/strong>, no <strong>site da Funda\u00e7\u00e3o Vunesp<\/strong>. A <strong>taxa <\/strong>\u00e9 de <strong>R$ 85<\/strong>. Clique <a href=\"https:\/\/www.vunesp.com.br\/PMES2502\" data-type=\"link\" data-id=\"https:\/\/www.vunesp.com.br\/PMES2502\" target=\"_blank\" rel=\"noopener\">aqui<\/a>.<\/p>\n<p>As provas da primeira etapa est\u00e3o previstas para o dia 30 de novembro. Ser\u00e3o 60 quest\u00f5es de m\u00faltipla escolha e uma reda\u00e7\u00e3o aplicadas em 37 cidades no estado de S\u00e3o Paulo, incluindo Ribeir\u00e3o Preto. Veja o edital completo <a href=\"https:\/\/www.vunesp.com.br\/PMES2502\" data-type=\"link\" data-id=\"https:\/\/www.vunesp.com.br\/PMES2502\" target=\"_blank\" rel=\"noopener\">aqui<\/a>.<\/p>\n<h2 class=\"wp-block-heading\"><strong>Confira os requisitos:<\/strong><\/h2>\n<ul class=\"wp-block-list\">\n<li>Ensino m\u00e9dio completo<\/li>\n<li>Idade entre 17 e 30 anos<\/li>\n<li>Altura m\u00ednima de 1,55 m para mulheres e de 1,60 m para homens<\/li>\n<li>Carteira Nacional de Habilita\u00e7\u00e3o (CNH) entre as categorias \u201cB\u201d e \u201cE\u201d<\/li>\n<\/ul>\n<p>A remunera\u00e7\u00e3o b\u00e1sica inicial para o cargo de soldado PM de 2\u00aa Classe \u00e9 de R$ R$ 5.055,53.<\/p>\n<p>SAIBA MAIS<\/p>\n<p>IFSP abre concurso p\u00fablico com sal\u00e1rios de at\u00e9 R$ 8,6 mil; Veja vagas<\/p>\n<h3 class=\"wp-block-heading\"><strong>FIQUE ON<\/strong><\/h3>\n<p>Fique ligado em tudo que acontece em Ribeir\u00e3o Preto e regi\u00e3o. Siga os perfis do\u00a0<strong>acidade on<\/strong>\u00a0no\u00a0<a href=\"https:\/\/www.instagram.com\/acidadeonribeirao\" target=\"_blank\" rel=\"noreferrer noopener\">Instagram\u00a0<\/a>e no<a href=\"https:\/\/www.facebook.com\/acidadeonribeirao\/\" target=\"_blank\" rel=\"noreferrer noopener\">\u00a0Facebook<\/a>.<\/p>\n<p>Receba not\u00edcias do\u00a0<strong>acidade on<\/strong>\u00a0no WhatsApp. Para entrar no grupo,\u00a0basta\u00a0<a href=\"https:\/\/chat.whatsapp.com\/I4nieTEMKlf50pJ28aMemC?mode=ac_t\" target=\"_blank\" rel=\"noreferrer noopener\">clicar aqui<\/a>. Ou, acesse o nosso\u00a0Canal<a href=\"https:\/\/whatsapp.com\/channel\/0029Vb6IQl1JENyAeS57fk2p\" target=\"_blank\" rel=\"noreferrer noopener\">\u00a0clicando aqui<\/a>.<\/p>\n<p>Fa\u00e7a uma den\u00fancia ou sugira uma reportagem sobre Ribeir\u00e3o Preto e regi\u00e3o pelo WhatsApp: 16 99117 7802.<\/p>\n<p>VEJA TAMB\u00c9M<\/p>\n<p>Final de \u2018Stranger Things\u2019 ser\u00e1 exibido nos cinemas brasileiros?<\/p>\n<p><!-- AI CONTENT END 1 -->\n<\/div>\n<\/div>\n<p><script async src=\"\/\/www.instagram.com\/embed.js\"><\/script><br \/>\n<br \/><br \/>\n<br \/><a href=\"https:\/\/www.acidadeon.com\/ribeiraopreto\/economia\/concurso-para-soldado-da-pm-encerra-inscricoes-nesta-quinta\/\">Source link <\/a><\/p>\n<!-- CONTENT END 1 -->\n","protected":false},"excerpt":{"rendered":"<p>As inscri\u00e7\u00f5es para o concurso p\u00fablico com 2,2 mil vagas para soldado de 2\u00aa Classe da PM (Pol\u00edcia Militar), destinadas a candidatos do sexo masculino&#8230;<\/p>\n","protected":false},"author":1,"featured_media":76730,"comment_status":"open","ping_status":"open","sticky":false,"template":"","format":"standard","meta":{"advanced_seo_description":"","jetpack_seo_html_title":"","jetpack_seo_noindex":false,"jetpack_post_was_ever_published":false,"_jetpack_newsletter_access":"","_jetpack_dont_email_post_to_subs":false,"_jetpack_newsletter_tier_id":0,"_jetpack_memberships_contains_paywalled_content":false,"_jetpack_memberships_contains_paid_content":false,"footnotes":"","jetpack_publicize_message":"","jetpack_publicize_feature_enabled":true,"jetpack_social_post_already_shared":true,"jetpack_social_options":{"image_generator_settings":{"template":"highway","default_image_id":0,"font":"","enabled":false},"version":2}},"categories":[11],"tags":[],"class_list":["post-79002","post","type-post","status-publish","format-standard","has-post-thumbnail","hentry","category-noticias-de-ribeirao-preto-sp-e-regiao-ismael-colosi"],"jetpack_publicize_connections":[],"jetpack_featured_media_url":"https:\/\/i0.wp.com\/noticiasribeiraopreto.com.br\/wp-content\/uploads\/2025\/09\/foto_governo_estado_sp.jpg_1839041271-e1718132748781.webp.webp?fit=404%2C318&ssl=1","jetpack-related-posts":[{"id":49052,"url":"https:\/\/noticiasribeiraopreto.com.br\/index.php\/2024\/05\/08\/inscricoes-para-concurso-publico-da-pm-terminam-hoje-veja-como-participar\/","url_meta":{"origin":79002,"position":0},"title":"Inscri\u00e7\u00f5es para concurso p\u00fablico da PM terminam hoje; Veja como participar","author":"noticiasribeiraopreto.com.br","date":"8 de May de 2024","format":false,"excerpt":"As inscri\u00e7\u00f5es para o concurso p\u00fablico da PM (Pol\u00edcia Militar) de S\u00e3o Paulo terminam nesta quarta-feira (8). Ao todo, s\u00e3o 2,7 mil vagas para soldado de 2\u00aa classe. O sal\u00e1rio inicial para o cargo \u00e9 de R$ 4.852,21. As inscri\u00e7\u00f5es devem ser feitas pelo site da Funda\u00e7\u00e3o Get\u00falio Vargas (clique\u2026","rel":"","context":"In &quot;Not\u00edcias de Ribeir\u00e3o Preto-SP e Regi\u00e3o&quot;","block_context":{"text":"Not\u00edcias de Ribeir\u00e3o Preto-SP e Regi\u00e3o","link":"https:\/\/noticiasribeiraopreto.com.br\/index.php\/category\/noticias-de-ribeirao-preto-sp-e-regiao-ismael-colosi\/"},"img":{"alt_text":"","src":"https:\/\/i0.wp.com\/noticiasribeiraopreto.com.br\/wp-content\/uploads\/2024\/05\/AnyConv.com__concurso-publico-pm_2024-05-08_13-17-54.webp.webp?fit=1200%2C800&ssl=1&resize=350%2C200","width":350,"height":200,"srcset":"https:\/\/i0.wp.com\/noticiasribeiraopreto.com.br\/wp-content\/uploads\/2024\/05\/AnyConv.com__concurso-publico-pm_2024-05-08_13-17-54.webp.webp?fit=1200%2C800&ssl=1&resize=350%2C200 1x, https:\/\/i0.wp.com\/noticiasribeiraopreto.com.br\/wp-content\/uploads\/2024\/05\/AnyConv.com__concurso-publico-pm_2024-05-08_13-17-54.webp.webp?fit=1200%2C800&ssl=1&resize=525%2C300 1.5x, https:\/\/i0.wp.com\/noticiasribeiraopreto.com.br\/wp-content\/uploads\/2024\/05\/AnyConv.com__concurso-publico-pm_2024-05-08_13-17-54.webp.webp?fit=1200%2C800&ssl=1&resize=700%2C400 2x, https:\/\/i0.wp.com\/noticiasribeiraopreto.com.br\/wp-content\/uploads\/2024\/05\/AnyConv.com__concurso-publico-pm_2024-05-08_13-17-54.webp.webp?fit=1200%2C800&ssl=1&resize=1050%2C600 3x"},"classes":[]},{"id":15221,"url":"https:\/\/noticiasribeiraopreto.com.br\/index.php\/2023\/12\/13\/concurso-do-corpo-de-bombeiros-de-pernambuco-tem-inscricoes-prorrogadas-2\/","url_meta":{"origin":79002,"position":1},"title":"Concurso do Corpo de Bombeiros de Pernambuco tem inscri\u00e7\u00f5es prorrogadas","author":"noticiasribeiraopreto.com.br","date":"13 de December de 2023","format":false,"excerpt":"As inscri\u00e7\u00f5es para o concurso do Corpo de Bombeiros de Pernambuco foram prorrogadas at\u00e9 segunda-feira (18), ao meio-dia. Inicialmente, o prazo terminaria hoje (13).\u00a0 Est\u00e3o em disputa\u00a0660 vagas na corpora\u00e7\u00e3o, das quais 600 para soldado e 60 para oficial (segundo-tenente), com sal\u00e1rios iniciais de R$ 3.419,88 e R$ 10.855,91, respectivamente.\u2026","rel":"","context":"In &quot;Vagas de Emprego em Ribeir\u00e3o Preto-SP&quot;","block_context":{"text":"Vagas de Emprego em Ribeir\u00e3o Preto-SP","link":"https:\/\/noticiasribeiraopreto.com.br\/index.php\/category\/empregos-classificados-vagas-trabalho\/vagas-de-empregos-em-ribeirao-preto-regiao-brasil\/"},"img":{"alt_text":"","src":"https:\/\/i0.wp.com\/noticiasribeiraopreto.com.br\/wp-content\/uploads\/2023\/12\/concurso-corpo-bombeiros-pernambuco-foto-divulgacao.jpg?fit=1200%2C675&ssl=1&resize=350%2C200","width":350,"height":200,"srcset":"https:\/\/i0.wp.com\/noticiasribeiraopreto.com.br\/wp-content\/uploads\/2023\/12\/concurso-corpo-bombeiros-pernambuco-foto-divulgacao.jpg?fit=1200%2C675&ssl=1&resize=350%2C200 1x, https:\/\/i0.wp.com\/noticiasribeiraopreto.com.br\/wp-content\/uploads\/2023\/12\/concurso-corpo-bombeiros-pernambuco-foto-divulgacao.jpg?fit=1200%2C675&ssl=1&resize=525%2C300 1.5x, https:\/\/i0.wp.com\/noticiasribeiraopreto.com.br\/wp-content\/uploads\/2023\/12\/concurso-corpo-bombeiros-pernambuco-foto-divulgacao.jpg?fit=1200%2C675&ssl=1&resize=700%2C400 2x, https:\/\/i0.wp.com\/noticiasribeiraopreto.com.br\/wp-content\/uploads\/2023\/12\/concurso-corpo-bombeiros-pernambuco-foto-divulgacao.jpg?fit=1200%2C675&ssl=1&resize=1050%2C600 3x"},"classes":[]},{"id":17465,"url":"https:\/\/noticiasribeiraopreto.com.br\/index.php\/2023\/12\/18\/policia-militar-de-sao-paulo-abre-concurso-para-2-700-vagas-de-soldado-pm\/","url_meta":{"origin":79002,"position":2},"title":"Pol\u00edcia Militar de S\u00e3o Paulo abre concurso para 2.700 vagas de soldado PM","author":"noticiasribeiraopreto.com.br","date":"18 de December de 2023","format":false,"excerpt":"Cr\u00e9ditos: IStockConcurso p\u00fablico PM de S\u00e3o Paulo A Pol\u00edcia Militar do Estado de S\u00e3o Paulo lan\u00e7a edital para o concurso p\u00fablico de n\u00ba DP-3\/321\/23 visando preencher 2.700 vagas para o cargo de Soldado PM de 2\u00aa Classe do Quadro de Pra\u00e7as de Pol\u00edcia Militar (QPPM). As oportunidades s\u00e3o voltadas para\u2026","rel":"","context":"In &quot;Variedades&quot;","block_context":{"text":"Variedades","link":"https:\/\/noticiasribeiraopreto.com.br\/index.php\/category\/variedades\/"},"img":{"alt_text":"","src":"https:\/\/i0.wp.com\/noticiasribeiraopreto.com.br\/wp-content\/uploads\/2023\/12\/istock-179493846.jpg?fit=1200%2C638&ssl=1&resize=350%2C200","width":350,"height":200,"srcset":"https:\/\/i0.wp.com\/noticiasribeiraopreto.com.br\/wp-content\/uploads\/2023\/12\/istock-179493846.jpg?fit=1200%2C638&ssl=1&resize=350%2C200 1x, https:\/\/i0.wp.com\/noticiasribeiraopreto.com.br\/wp-content\/uploads\/2023\/12\/istock-179493846.jpg?fit=1200%2C638&ssl=1&resize=525%2C300 1.5x, https:\/\/i0.wp.com\/noticiasribeiraopreto.com.br\/wp-content\/uploads\/2023\/12\/istock-179493846.jpg?fit=1200%2C638&ssl=1&resize=700%2C400 2x, https:\/\/i0.wp.com\/noticiasribeiraopreto.com.br\/wp-content\/uploads\/2023\/12\/istock-179493846.jpg?fit=1200%2C638&ssl=1&resize=1050%2C600 3x"},"classes":[]},{"id":11000,"url":"https:\/\/noticiasribeiraopreto.com.br\/index.php\/2023\/12\/05\/concurso-publico-da-pm-sp-abre-vagas-para-o-cargo-de-soldado-pm-de-2a-classe\/","url_meta":{"origin":79002,"position":3},"title":"Concurso p\u00fablico da PM SP abre vagas para o cargo de Soldado PM de 2\u00aa Classe","author":"noticiasribeiraopreto.com.br","date":"5 de December de 2023","format":false,"excerpt":"Cr\u00e9ditos: IStockConcurso p\u00fablico da PM SP A Pol\u00edcia Militar do Estado de\u00a0S\u00e3o Paulo anuncia \u00a0edital de n\u00ba DP-3\/321\/23 para concurso p\u00fablico, com objetivo de preencher\u00a02.700 vagas\u00a0com profissionais de n\u00edvel m\u00e9dio completo para os cargos de Soldado PM de 2\u00aa Classe do Quadro de Pra\u00e7as de Pol\u00edcia Militar (QPPM), destinados a\u2026","rel":"","context":"In &quot;Variedades&quot;","block_context":{"text":"Variedades","link":"https:\/\/noticiasribeiraopreto.com.br\/index.php\/category\/variedades\/"},"img":{"alt_text":"","src":"https:\/\/i0.wp.com\/noticiasribeiraopreto.com.br\/wp-content\/uploads\/2023\/12\/istock-958856524.jpg?fit=1200%2C638&ssl=1&resize=350%2C200","width":350,"height":200,"srcset":"https:\/\/i0.wp.com\/noticiasribeiraopreto.com.br\/wp-content\/uploads\/2023\/12\/istock-958856524.jpg?fit=1200%2C638&ssl=1&resize=350%2C200 1x, https:\/\/i0.wp.com\/noticiasribeiraopreto.com.br\/wp-content\/uploads\/2023\/12\/istock-958856524.jpg?fit=1200%2C638&ssl=1&resize=525%2C300 1.5x, https:\/\/i0.wp.com\/noticiasribeiraopreto.com.br\/wp-content\/uploads\/2023\/12\/istock-958856524.jpg?fit=1200%2C638&ssl=1&resize=700%2C400 2x, https:\/\/i0.wp.com\/noticiasribeiraopreto.com.br\/wp-content\/uploads\/2023\/12\/istock-958856524.jpg?fit=1200%2C638&ssl=1&resize=1050%2C600 3x"},"classes":[]},{"id":29660,"url":"https:\/\/noticiasribeiraopreto.com.br\/index.php\/2024\/01\/19\/inscricoes-para-enem-dos-concursos-comecam-nesta-sexta-feira\/","url_meta":{"origin":79002,"position":4},"title":"Inscri\u00e7\u00f5es para \u2018Enem dos concursos\u2019 come\u00e7am nesta sexta-feira","author":"noticiasribeiraopreto.com.br","date":"19 de January de 2024","format":false,"excerpt":"As inscri\u00e7\u00f5es para o CPNU (Concurso P\u00fablico Nacional Unificado), chamado de \u201cEnem dos concursos\u201d, come\u00e7am nesta sexta-feira (19) e seguem at\u00e9 o dia 9 de fevereiro. A prova acontece no dia 5 de maio e Ribeir\u00e3o Preto \u00e9 uma das 220 cidades que ir\u00e1 receber os candidatos que v\u00e3o disputar\u2026","rel":"","context":"In &quot;Not\u00edcias de Ribeir\u00e3o Preto-SP e Regi\u00e3o&quot;","block_context":{"text":"Not\u00edcias de Ribeir\u00e3o Preto-SP e Regi\u00e3o","link":"https:\/\/noticiasribeiraopreto.com.br\/index.php\/category\/noticias-de-ribeirao-preto-sp-e-regiao-ismael-colosi\/"},"img":{"alt_text":"","src":"https:\/\/i0.wp.com\/noticiasribeiraopreto.com.br\/wp-content\/uploads\/2024\/01\/1705633260_concurso-publico-12.jpg?fit=1200%2C800&ssl=1&resize=350%2C200","width":350,"height":200,"srcset":"https:\/\/i0.wp.com\/noticiasribeiraopreto.com.br\/wp-content\/uploads\/2024\/01\/1705633260_concurso-publico-12.jpg?fit=1200%2C800&ssl=1&resize=350%2C200 1x, https:\/\/i0.wp.com\/noticiasribeiraopreto.com.br\/wp-content\/uploads\/2024\/01\/1705633260_concurso-publico-12.jpg?fit=1200%2C800&ssl=1&resize=525%2C300 1.5x, https:\/\/i0.wp.com\/noticiasribeiraopreto.com.br\/wp-content\/uploads\/2024\/01\/1705633260_concurso-publico-12.jpg?fit=1200%2C800&ssl=1&resize=700%2C400 2x, https:\/\/i0.wp.com\/noticiasribeiraopreto.com.br\/wp-content\/uploads\/2024\/01\/1705633260_concurso-publico-12.jpg?fit=1200%2C800&ssl=1&resize=1050%2C600 3x"},"classes":[]},{"id":52703,"url":"https:\/\/noticiasribeiraopreto.com.br\/index.php\/2024\/06\/11\/governo-de-sp-autoriza-novo-concurso-da-pm-com-200-vagas-e-salarios-de-r-48-mil\/","url_meta":{"origin":79002,"position":5},"title":"Governo de SP autoriza novo concurso da PM com 200 vagas e sal\u00e1rios de R$ 4,8 mil","author":"noticiasribeiraopreto.com.br","date":"11 de June de 2024","format":false,"excerpt":"O Governo do Estado de S\u00e3o Paulo autorizou, nesta segunda-feira (10), a contrata\u00e7\u00e3o de 200 alunos-oficiais da Pol\u00edcia Militar (PM), de ambos os sexos. A remunera\u00e7\u00e3o b\u00e1sica inicial para o cargo \u00e9 de R$ 4,8 mil. Os interessados devem se inscrever de forma on-line pelo site da Fuvest (clique aqui),\u2026","rel":"","context":"In &quot;Not\u00edcias de Ribeir\u00e3o Preto-SP e Regi\u00e3o&quot;","block_context":{"text":"Not\u00edcias de Ribeir\u00e3o Preto-SP e Regi\u00e3o","link":"https:\/\/noticiasribeiraopreto.com.br\/index.php\/category\/noticias-de-ribeirao-preto-sp-e-regiao-ismael-colosi\/"},"img":{"alt_text":"","src":"https:\/\/i0.wp.com\/noticiasribeiraopreto.com.br\/wp-content\/uploads\/2024\/06\/foto_governo_estado_sp.jpg_1839041271-e1718132748781.webp.webp?fit=404%2C318&ssl=1&resize=350%2C200","width":350,"height":200},"classes":[]}],"jetpack_sharing_enabled":true,"jetpack_shortlink":"https:\/\/wp.me\/peQAOb-kye","_links":{"self":[{"href":"https:\/\/noticiasribeiraopreto.com.br\/index.php\/wp-json\/wp\/v2\/posts\/79002","targetHints":{"allow":["GET"]}}],"collection":[{"href":"https:\/\/noticiasribeiraopreto.com.br\/index.php\/wp-json\/wp\/v2\/posts"}],"about":[{"href":"https:\/\/noticiasribeiraopreto.com.br\/index.php\/wp-json\/wp\/v2\/types\/post"}],"author":[{"embeddable":true,"href":"https:\/\/noticiasribeiraopreto.com.br\/index.php\/wp-json\/wp\/v2\/users\/1"}],"replies":[{"embeddable":true,"href":"https:\/\/noticiasribeiraopreto.com.br\/index.php\/wp-json\/wp\/v2\/comments?post=79002"}],"version-history":[{"count":0,"href":"https:\/\/noticiasribeiraopreto.com.br\/index.php\/wp-json\/wp\/v2\/posts\/79002\/revisions"}],"wp:featuredmedia":[{"embeddable":true,"href":"https:\/\/noticiasribeiraopreto.com.br\/index.php\/wp-json\/wp\/v2\/media\/76730"}],"wp:attachment":[{"href":"https:\/\/noticiasribeiraopreto.com.br\/index.php\/wp-json\/wp\/v2\/media?parent=79002"}],"wp:term":[{"taxonomy":"category","embeddable":true,"href":"https:\/\/noticiasribeiraopreto.com.br\/index.php\/wp-json\/wp\/v2\/categories?post=79002"},{"taxonomy":"post_tag","embeddable":true,"href":"https:\/\/noticiasribeiraopreto.com.br\/index.php\/wp-json\/wp\/v2\/tags?post=79002"}],"curies":[{"name":"wp","href":"https:\/\/api.w.org\/{rel}","templated":true}]}}