{"id":79003,"date":"2025-10-22T15:43:25","date_gmt":"2025-10-22T18:43:25","guid":{"rendered":"https:\/\/noticiasribeiraopreto.com.br\/index.php\/2025\/10\/22\/bloco-california-de-ribeirao-preto-anuncia-novos-socios-confira\/"},"modified":"2025-10-22T15:43:25","modified_gmt":"2025-10-22T18:43:25","slug":"bloco-california-de-ribeirao-preto-anuncia-novos-socios-confira","status":"publish","type":"post","link":"https:\/\/noticiasribeiraopreto.com.br\/index.php\/2025\/10\/22\/bloco-california-de-ribeirao-preto-anuncia-novos-socios-confira\/","title":{"rendered":"Bloco Calif\u00f3rnia de Ribeir\u00e3o Preto anuncia novos s\u00f3cios; Confira"},"content":{"rendered":"<div class='code-block code-block-1' style='margin: 8px 0 8px auto; text-align: right; display: block; clear: both;'>\n<p><a href=\"https:\/\/wa.link\/vpicfd\"><img data-recalc-dims=\"1\" class=\"wp-image-4922\" style=\"aspect-ratio: 2.0253164556962027; width: 561px; height: auto;\" src=\"https:\/\/i0.wp.com\/ismaelcolosi.com.br\/wp-content\/uploads\/2023\/11\/grupo-de-empregos-whatsapp-e-facebook-ismael-colosi-vagas.jpg?ssl=1\" alt=\"\" \/><\/a><\/p>\n<!-- \/wp:image -->\n<\/div>\n<p> <br \/>\n<\/p>\n<div>\n<p>O pr\u00e9-carnaval do <strong>Bloco Calif\u00f3rnia<\/strong>, de <strong>Ribeir\u00e3o Preto<\/strong>, anunciou nesta quarta-feira (22) a chegada de dois novos s\u00f3cios: <strong>Matheus Calil<\/strong>, do Viola Show, e<strong> Luiz Casagrande Junior<\/strong>, da Casagrande Eventos, nomes conhecidos pela cena sertaneja e respons\u00e1veis por festivais e turn\u00eas no interior paulista.<\/p>\n<p>\u201cRibeir\u00e3o Preto tem uma liga\u00e7\u00e3o muito forte com o sertanejo, e essa configura\u00e7\u00e3o societ\u00e1ria vem justamente para fortalecer essa identidade e ampliar os horizontes. A entrada do Calil e do Cas\u00e3o traz ainda mais for\u00e7a, experi\u00eancia e vis\u00e3o de futuro ao evento\u201d, afirma <strong>Mikhael Nakad<\/strong>, um dos organizadores do Bloco Calif\u00f3rnia.<\/p>\n<p>Nakad conta que o evento nasceu como uma homenagem a Ribeir\u00e3o Preto, conhecida nacionalmente como a \u201cCalif\u00f3rnia Brasileira\u201d. \u201cDesde a primeira edi\u00e7\u00e3o, l\u00e1 em 2017, o Bloco Calif\u00f3rnia vem crescendo junto com quem participa. Essa nova etapa \u00e9 um pedido do p\u00fablico, que sempre quis ver o Bloco ganhar propor\u00e7\u00f5es ainda maiores. E \u00e9 exatamente isso que estamos preparando para 2026\u201d, comenta.<\/p>\n<figure class=\"wp-block-image size-large\"><img data-recalc-dims=\"1\" fetchpriority=\"high\" decoding=\"async\" width=\"1024\" height=\"683\" src=\"https:\/\/i0.wp.com\/cdn.media-acidadeon.com.br\/ribeiraopreto\/wp-content\/uploads\/sites\/3\/2025\/10\/bloco-california-10_2025-10-22_16-11-01-1024x683.webp?resize=1024%2C683&#038;ssl=1\" alt=\"O Bloco Calif\u00f3rnia 2026 ser\u00e1 realizado dia 7 de fevereiro, no Est\u00e1dio Palma Travassos (Foto: Indie Click)\" class=\"wp-image-133132\" title=\"Bloco Calif\u00f3rnia de Ribeir\u00e3o Preto anuncia novos s\u00f3cios; Confira 1\" srcset=\"https:\/\/cdn.media-acidadeon.com.br\/ribeiraopreto\/wp-content\/uploads\/sites\/3\/2025\/10\/bloco-california-10_2025-10-22_16-11-01-1024x683.webp 1024w, https:\/\/cdn.media-acidadeon.com.br\/ribeiraopreto\/wp-content\/uploads\/sites\/3\/2025\/10\/bloco-california-10_2025-10-22_16-11-01-300x200.webp 300w, https:\/\/cdn.media-acidadeon.com.br\/ribeiraopreto\/wp-content\/uploads\/sites\/3\/2025\/10\/bloco-california-10_2025-10-22_16-11-01-768x512.webp 768w, https:\/\/cdn.media-acidadeon.com.br\/ribeiraopreto\/wp-content\/uploads\/sites\/3\/2025\/10\/bloco-california-10_2025-10-22_16-11-01-696x464.webp 696w, https:\/\/cdn.media-acidadeon.com.br\/ribeiraopreto\/wp-content\/uploads\/sites\/3\/2025\/10\/bloco-california-10_2025-10-22_16-11-01-1068x712.webp 1068w, https:\/\/cdn.media-acidadeon.com.br\/ribeiraopreto\/wp-content\/uploads\/sites\/3\/2025\/10\/bloco-california-10_2025-10-22_16-11-01.webp 1200w\" sizes=\"(max-width: 1024px) 100vw, 1024px\"\/><figcaption class=\"wp-element-caption\">O Bloco Calif\u00f3rnia 2026 ser\u00e1 realizado dia 7 de fevereiro, no Est\u00e1dio Palma Travassos (Foto: Indie Click)<\/figcaption><\/figure>\n<h2 class=\"wp-block-heading\"><strong>Novos s\u00f3cios<\/strong><\/h2>\n<p>Os novos s\u00f3cios do Bloco Calif\u00f3rnia projetam a expans\u00e3o do evento nas pr\u00f3ximas edi\u00e7\u00f5es. \u201cChegamos para somar \u00e0 for\u00e7a e \u00e0 energia de um evento que j\u00e1 se tornou um \u00edcone do pr\u00e9-carnaval do interior. Tenho certeza de que essa parceria vai elevar ainda mais o n\u00edvel do Bloco Calif\u00f3rnia, com novas experi\u00eancias e ritmos que ampliam o formato e conquistam diferentes p\u00fablicos\u201d, afirma Matheus Calil, s\u00f3cio do Viola Show.<\/p>\n<p>\u201cO Bloco j\u00e1 nasceu grande e agora entra em uma nova fase. Estamos muito animados em contribuir com essa trajet\u00f3ria e levar ao p\u00fablico um evento ainda mais inesquec\u00edvel\u201d, complementa Luiz Casagrande Junior, da Casagrande Eventos.<\/p>\n<h2 class=\"wp-block-heading\"><strong>Pr\u00f3xima edi\u00e7\u00e3o<\/strong><\/h2>\n<p><mark style=\"background-color:#fcb900\" class=\"has-inline-color has-black-color\">O Bloco Calif\u00f3rnia 2026 ser\u00e1 realizado dia 7 de fevereiro, no est\u00e1dio Palma Travassos, em Ribeir\u00e3o Preto<\/mark>. As novidades sobre o formato, atra\u00e7\u00f5es e a programa\u00e7\u00e3o completa, ser\u00e3o anunciadas em breve.<\/p>\n<p>SAIBA MAIS<\/p>\n<p>Apostas da regi\u00e3o de Ribeir\u00e3o Preto est\u00e3o entre as ganhadoras da Mega-Sena; confira<\/p>\n<h2 class=\"wp-block-heading\"><strong>FIQUE ON<\/strong><\/h2>\n<p>Fique ligado em tudo que acontece em Ribeir\u00e3o Preto e regi\u00e3o. Siga os perfis do\u00a0<strong>acidade on<\/strong>\u00a0no\u00a0<a href=\"https:\/\/www.instagram.com\/acidadeonribeirao\" target=\"_blank\" rel=\"noreferrer noopener\">Instagram\u00a0<\/a>e no<a href=\"https:\/\/www.facebook.com\/acidadeonribeirao\/\" target=\"_blank\" rel=\"noreferrer noopener\">\u00a0Facebook<\/a>.<\/p>\n<p>Receba not\u00edcias do\u00a0<strong>acidade on<\/strong>\u00a0no WhatsApp. Para entrar no grupo,\u00a0basta\u00a0<a href=\"https:\/\/chat.whatsapp.com\/I4nieTEMKlf50pJ28aMemC?mode=ac_t\" target=\"_blank\" rel=\"noreferrer noopener\">clicar aqui<\/a>. Ou, acesse o nosso\u00a0Canal<a href=\"https:\/\/whatsapp.com\/channel\/0029Vb6IQl1JENyAeS57fk2p\" target=\"_blank\" rel=\"noreferrer noopener\">\u00a0clicando aqui<\/a>.<\/p>\n<p>Fa\u00e7a uma den\u00fancia ou sugira uma reportagem sobre Ribeir\u00e3o Preto e regi\u00e3o pelo WhatsApp: 16 99117 7802.<\/p>\n<p>VEJA TAMB\u00c9M<\/p>\n<p>Final de \u2018Stranger Things\u2019 ser\u00e1 exibido nos cinemas brasileiros?<\/p>\n<p><!-- AI CONTENT END 1 -->\n<\/div>\n<p><script async src=\"\/\/www.instagram.com\/embed.js\"><\/script><br \/>\n<br \/><br \/>\n<br \/><a href=\"https:\/\/www.acidadeon.com\/ribeiraopreto\/lazer-e-cultura\/giro-lazer-e-cultura\/bloco-california-de-ribeirao-preto-anuncia-novos-socios-confira\/\">Source link <\/a><\/p>\n<!-- CONTENT END 1 -->\n","protected":false},"excerpt":{"rendered":"<p>O pr\u00e9-carnaval do Bloco Calif\u00f3rnia, de Ribeir\u00e3o Preto, anunciou nesta quarta-feira (22) a chegada de dois novos s\u00f3cios: Matheus Calil, do Viola Show, e Luiz&#8230;<\/p>\n","protected":false},"author":1,"featured_media":79004,"comment_status":"open","ping_status":"open","sticky":false,"template":"","format":"standard","meta":{"advanced_seo_description":"","jetpack_seo_html_title":"","jetpack_seo_noindex":false,"jetpack_post_was_ever_published":false,"_jetpack_newsletter_access":"","_jetpack_dont_email_post_to_subs":false,"_jetpack_newsletter_tier_id":0,"_jetpack_memberships_contains_paywalled_content":false,"_jetpack_memberships_contains_paid_content":false,"footnotes":"","jetpack_publicize_message":"","jetpack_publicize_feature_enabled":true,"jetpack_social_post_already_shared":true,"jetpack_social_options":{"image_generator_settings":{"template":"highway","default_image_id":0,"font":"","enabled":false},"version":2}},"categories":[11],"tags":[],"class_list":["post-79003","post","type-post","status-publish","format-standard","has-post-thumbnail","hentry","category-noticias-de-ribeirao-preto-sp-e-regiao-ismael-colosi"],"jetpack_publicize_connections":[],"jetpack_featured_media_url":"https:\/\/i0.wp.com\/noticiasribeiraopreto.com.br\/wp-content\/uploads\/2025\/10\/bloco-california-11_2025-10-22_16-11-17.webp.webp?fit=1200%2C874&ssl=1","jetpack-related-posts":[{"id":79438,"url":"https:\/\/noticiasribeiraopreto.com.br\/index.php\/2025\/10\/31\/bloco-california-anuncia-novo-formato-para-edicao-de-2026-confira\/","url_meta":{"origin":79003,"position":0},"title":"Bloco Calif\u00f3rnia anuncia novo formato para edi\u00e7\u00e3o de 2026; Confira","author":"noticiasribeiraopreto.com.br","date":"31 de October de 2025","format":false,"excerpt":"O Bloco Calif\u00f3rnia, considerado o maior pr\u00e9-carnaval do interior de S\u00e3o Paulo, anunciou um novo formato de estrutura para a edi\u00e7\u00e3o de 2026, que acontece no dia 7 de fevereiro, no Est\u00e1dio Palma Travassos, em Ribeir\u00e3o Preto. A grande novidade do evento ser\u00e1 um palco central, acompanhado de setores \u2013\u2026","rel":"","context":"In &quot;Not\u00edcias de Ribeir\u00e3o Preto-SP e Regi\u00e3o&quot;","block_context":{"text":"Not\u00edcias de Ribeir\u00e3o Preto-SP e Regi\u00e3o","link":"https:\/\/noticiasribeiraopreto.com.br\/index.php\/category\/noticias-de-ribeirao-preto-sp-e-regiao-ismael-colosi\/"},"img":{"alt_text":"","src":"https:\/\/i0.wp.com\/noticiasribeiraopreto.com.br\/wp-content\/uploads\/2025\/10\/Copia-de-Copia-de-Copia-de-TAMANHO-EXATO-PARA-FOTOS-NO-SISTEMA-NOVO-2025-02-14T152651.477_2025-02-14_18-27-08_png_2025-02-14_18-27-08.webp.webp?fit=1200%2C675&ssl=1&resize=350%2C200","width":350,"height":200,"srcset":"https:\/\/i0.wp.com\/noticiasribeiraopreto.com.br\/wp-content\/uploads\/2025\/10\/Copia-de-Copia-de-Copia-de-TAMANHO-EXATO-PARA-FOTOS-NO-SISTEMA-NOVO-2025-02-14T152651.477_2025-02-14_18-27-08_png_2025-02-14_18-27-08.webp.webp?fit=1200%2C675&ssl=1&resize=350%2C200 1x, https:\/\/i0.wp.com\/noticiasribeiraopreto.com.br\/wp-content\/uploads\/2025\/10\/Copia-de-Copia-de-Copia-de-TAMANHO-EXATO-PARA-FOTOS-NO-SISTEMA-NOVO-2025-02-14T152651.477_2025-02-14_18-27-08_png_2025-02-14_18-27-08.webp.webp?fit=1200%2C675&ssl=1&resize=525%2C300 1.5x, https:\/\/i0.wp.com\/noticiasribeiraopreto.com.br\/wp-content\/uploads\/2025\/10\/Copia-de-Copia-de-Copia-de-TAMANHO-EXATO-PARA-FOTOS-NO-SISTEMA-NOVO-2025-02-14T152651.477_2025-02-14_18-27-08_png_2025-02-14_18-27-08.webp.webp?fit=1200%2C675&ssl=1&resize=700%2C400 2x, https:\/\/i0.wp.com\/noticiasribeiraopreto.com.br\/wp-content\/uploads\/2025\/10\/Copia-de-Copia-de-Copia-de-TAMANHO-EXATO-PARA-FOTOS-NO-SISTEMA-NOVO-2025-02-14T152651.477_2025-02-14_18-27-08_png_2025-02-14_18-27-08.webp.webp?fit=1200%2C675&ssl=1&resize=1050%2C600 3x"},"classes":[]},{"id":79751,"url":"https:\/\/noticiasribeiraopreto.com.br\/index.php\/2025\/11\/06\/bloco-california-anuncia-primeira-atracao-para-edicao-de-2026\/","url_meta":{"origin":79003,"position":1},"title":"Bloco Calif\u00f3rnia anuncia primeira atra\u00e7\u00e3o para edi\u00e7\u00e3o de 2026","author":"noticiasribeiraopreto.com.br","date":"6 de November de 2025","format":false,"excerpt":"O Bloco Calif\u00f3rnia confirmou a primeira atra\u00e7\u00e3o da edi\u00e7\u00e3o de 2026. O cantor e produtor Pedro Sampaio se apresenta no evento marcado para 7 de fevereiro, no est\u00e1dio Palma Travassos, em Ribeir\u00e3o Preto. As vendas de ingressos come\u00e7aram nesta quinta-feira (6), a partir das 12h, no site \u2013 clique aqui.\u2026","rel":"","context":"In &quot;Not\u00edcias de Ribeir\u00e3o Preto-SP e Regi\u00e3o&quot;","block_context":{"text":"Not\u00edcias de Ribeir\u00e3o Preto-SP e Regi\u00e3o","link":"https:\/\/noticiasribeiraopreto.com.br\/index.php\/category\/noticias-de-ribeirao-preto-sp-e-regiao-ismael-colosi\/"},"img":{"alt_text":"","src":"https:\/\/i0.wp.com\/noticiasribeiraopreto.com.br\/wp-content\/uploads\/2025\/11\/Imagem-do-WhatsApp-de-2025-11-06-as-15.54.05_65e199a4_2025-11-06_19-10-27.webp.webp?fit=1200%2C798&ssl=1&resize=350%2C200","width":350,"height":200,"srcset":"https:\/\/i0.wp.com\/noticiasribeiraopreto.com.br\/wp-content\/uploads\/2025\/11\/Imagem-do-WhatsApp-de-2025-11-06-as-15.54.05_65e199a4_2025-11-06_19-10-27.webp.webp?fit=1200%2C798&ssl=1&resize=350%2C200 1x, https:\/\/i0.wp.com\/noticiasribeiraopreto.com.br\/wp-content\/uploads\/2025\/11\/Imagem-do-WhatsApp-de-2025-11-06-as-15.54.05_65e199a4_2025-11-06_19-10-27.webp.webp?fit=1200%2C798&ssl=1&resize=525%2C300 1.5x, https:\/\/i0.wp.com\/noticiasribeiraopreto.com.br\/wp-content\/uploads\/2025\/11\/Imagem-do-WhatsApp-de-2025-11-06-as-15.54.05_65e199a4_2025-11-06_19-10-27.webp.webp?fit=1200%2C798&ssl=1&resize=700%2C400 2x, https:\/\/i0.wp.com\/noticiasribeiraopreto.com.br\/wp-content\/uploads\/2025\/11\/Imagem-do-WhatsApp-de-2025-11-06-as-15.54.05_65e199a4_2025-11-06_19-10-27.webp.webp?fit=1200%2C798&ssl=1&resize=1050%2C600 3x"},"classes":[]},{"id":27786,"url":"https:\/\/noticiasribeiraopreto.com.br\/index.php\/2024\/01\/13\/tudo-sobre-o-bloco-california-em-ribeirao-preto-ingressos-estao-a-venda\/","url_meta":{"origin":79003,"position":2},"title":"Tudo sobre o Bloco Calif\u00f3rnia em Ribeir\u00e3o Preto; Ingressos est\u00e3o \u00e0 venda","author":"noticiasribeiraopreto.com.br","date":"13 de January de 2024","format":false,"excerpt":"A 7\u00aa edi\u00e7\u00e3o do Bloco Calif\u00f3rnia em Ribeir\u00e3o Preto recebe baterias universit\u00e1rias para agitar o evento. O Bloco Calif\u00f3rnia est\u00e1 confirmado para o dia 3 de fevereiro, um s\u00e1bado, a partir das 15h, no est\u00e1dio Palma Travassos. A folia mant\u00e9m a tradi\u00e7\u00e3o de iniciar com a apresenta\u00e7\u00e3o das baterias universit\u00e1rias,\u2026","rel":"","context":"In &quot;Not\u00edcias de Ribeir\u00e3o Preto-SP e Regi\u00e3o&quot;","block_context":{"text":"Not\u00edcias de Ribeir\u00e3o Preto-SP e Regi\u00e3o","link":"https:\/\/noticiasribeiraopreto.com.br\/index.php\/category\/noticias-de-ribeirao-preto-sp-e-regiao-ismael-colosi\/"},"img":{"alt_text":"","src":"https:\/\/i0.wp.com\/noticiasribeiraopreto.com.br\/wp-content\/uploads\/2024\/01\/WhatsApp-Image-2024-01-12-at-16.55.47.jpeg?fit=1200%2C800&ssl=1&resize=350%2C200","width":350,"height":200,"srcset":"https:\/\/i0.wp.com\/noticiasribeiraopreto.com.br\/wp-content\/uploads\/2024\/01\/WhatsApp-Image-2024-01-12-at-16.55.47.jpeg?fit=1200%2C800&ssl=1&resize=350%2C200 1x, https:\/\/i0.wp.com\/noticiasribeiraopreto.com.br\/wp-content\/uploads\/2024\/01\/WhatsApp-Image-2024-01-12-at-16.55.47.jpeg?fit=1200%2C800&ssl=1&resize=525%2C300 1.5x, https:\/\/i0.wp.com\/noticiasribeiraopreto.com.br\/wp-content\/uploads\/2024\/01\/WhatsApp-Image-2024-01-12-at-16.55.47.jpeg?fit=1200%2C800&ssl=1&resize=700%2C400 2x, https:\/\/i0.wp.com\/noticiasribeiraopreto.com.br\/wp-content\/uploads\/2024\/01\/WhatsApp-Image-2024-01-12-at-16.55.47.jpeg?fit=1200%2C800&ssl=1&resize=1050%2C600 3x"},"classes":[]},{"id":63512,"url":"https:\/\/noticiasribeiraopreto.com.br\/index.php\/2025\/02\/14\/bloco-california-arrecadara-alimentos-com-a-opcao-de-ingresso-solidario\/","url_meta":{"origin":79003,"position":3},"title":"Bloco Calif\u00f3rnia arrecadar\u00e1 alimentos com a op\u00e7\u00e3o de ingresso solid\u00e1rio","author":"noticiasribeiraopreto.com.br","date":"14 de February de 2025","format":false,"excerpt":"Trazendo a conscientiza\u00e7\u00e3o social presente em seu DNA, por mais um ano o Bloco Calif\u00f3rnia refor\u00e7a a sua parceria com o Fundo Social de Solidariedade de Ribeir\u00e3o Preto, por meio da doa\u00e7\u00e3o de alimentos que ser\u00e3o arrecadados durante o pr\u00e9-carnaval, que acontece no dia 22 de fevereiro, no Est\u00e1dio Palma\u2026","rel":"","context":"In &quot;Not\u00edcias de Ribeir\u00e3o Preto-SP e Regi\u00e3o&quot;","block_context":{"text":"Not\u00edcias de Ribeir\u00e3o Preto-SP e Regi\u00e3o","link":"https:\/\/noticiasribeiraopreto.com.br\/index.php\/category\/noticias-de-ribeirao-preto-sp-e-regiao-ismael-colosi\/"},"img":{"alt_text":"","src":"https:\/\/i0.wp.com\/noticiasribeiraopreto.com.br\/wp-content\/uploads\/2025\/02\/Imagem-do-WhatsApp-de-2025-02-14-as-15.47.22_e22a21a1.jpg?fit=800%2C600&ssl=1&resize=350%2C200","width":350,"height":200,"srcset":"https:\/\/i0.wp.com\/noticiasribeiraopreto.com.br\/wp-content\/uploads\/2025\/02\/Imagem-do-WhatsApp-de-2025-02-14-as-15.47.22_e22a21a1.jpg?fit=800%2C600&ssl=1&resize=350%2C200 1x, https:\/\/i0.wp.com\/noticiasribeiraopreto.com.br\/wp-content\/uploads\/2025\/02\/Imagem-do-WhatsApp-de-2025-02-14-as-15.47.22_e22a21a1.jpg?fit=800%2C600&ssl=1&resize=525%2C300 1.5x, https:\/\/i0.wp.com\/noticiasribeiraopreto.com.br\/wp-content\/uploads\/2025\/02\/Imagem-do-WhatsApp-de-2025-02-14-as-15.47.22_e22a21a1.jpg?fit=800%2C600&ssl=1&resize=700%2C400 2x"},"classes":[]},{"id":63719,"url":"https:\/\/noticiasribeiraopreto.com.br\/index.php\/2025\/02\/19\/bloco-california-atrai-folioes-de-todo-interior-paulista\/","url_meta":{"origin":79003,"position":4},"title":"Bloco Calif\u00f3rnia atrai foli\u00f5es de todo interior paulista","author":"noticiasribeiraopreto.com.br","date":"19 de February de 2025","format":false,"excerpt":"Dois trios el\u00e9tricos, 18 atra\u00e7\u00f5es e nove horas de folia. O Bloco Calif\u00f3rnia, que acontece neste s\u00e1bado, dia 22 de fevereiro, no Est\u00e1dio Palma Travassos, em Ribeir\u00e3o Preto, se prepara para receber mais de 15 mil pessoas, incluindo foli\u00f5es de todo interior paulista. No total, ser\u00e3o cerca de 40 excurs\u00f5es,\u2026","rel":"","context":"In &quot;Not\u00edcias de Ribeir\u00e3o Preto-SP e Regi\u00e3o&quot;","block_context":{"text":"Not\u00edcias de Ribeir\u00e3o Preto-SP e Regi\u00e3o","link":"https:\/\/noticiasribeiraopreto.com.br\/index.php\/category\/noticias-de-ribeirao-preto-sp-e-regiao-ismael-colosi\/"},"img":{"alt_text":"","src":"https:\/\/i0.wp.com\/noticiasribeiraopreto.com.br\/wp-content\/uploads\/2025\/02\/WhatsApp-Image-2025-02-19-at-16.28.59.jpeg?fit=1200%2C801&ssl=1&resize=350%2C200","width":350,"height":200,"srcset":"https:\/\/i0.wp.com\/noticiasribeiraopreto.com.br\/wp-content\/uploads\/2025\/02\/WhatsApp-Image-2025-02-19-at-16.28.59.jpeg?fit=1200%2C801&ssl=1&resize=350%2C200 1x, https:\/\/i0.wp.com\/noticiasribeiraopreto.com.br\/wp-content\/uploads\/2025\/02\/WhatsApp-Image-2025-02-19-at-16.28.59.jpeg?fit=1200%2C801&ssl=1&resize=525%2C300 1.5x, https:\/\/i0.wp.com\/noticiasribeiraopreto.com.br\/wp-content\/uploads\/2025\/02\/WhatsApp-Image-2025-02-19-at-16.28.59.jpeg?fit=1200%2C801&ssl=1&resize=700%2C400 2x, https:\/\/i0.wp.com\/noticiasribeiraopreto.com.br\/wp-content\/uploads\/2025\/02\/WhatsApp-Image-2025-02-19-at-16.28.59.jpeg?fit=1200%2C801&ssl=1&resize=1050%2C600 3x"},"classes":[]},{"id":34573,"url":"https:\/\/noticiasribeiraopreto.com.br\/index.php\/2024\/02\/02\/bloco-california-abre-o-carnaval\/","url_meta":{"origin":79003,"position":5},"title":"Bloco Calif\u00f3rnia\u00a0abre o carnaval\u00a0 &#8211; Jornal Tribuna Ribeir\u00e3o","author":"noticiasribeiraopreto.com.br","date":"2 de February de 2024","format":false,"excerpt":"2 de fevereiro de 2024 | 15:001 de fevereiro de 2024 | 17:46 0O Bloco Calif\u00f3rnia vai abrir o carnaval em Ribeir\u00e3o Preto, Ser\u00e1 neste s\u00e1bado, 3 de fevereiro, a partir das 15 horas, no Est\u00e1dio Palma Travassos. Com sucessos que marcaram a hist\u00f3ria dos grandes carnavais, Terra Samba desembarca\u2026","rel":"","context":"In &quot;Not\u00edcias de Ribeir\u00e3o Preto-SP e Regi\u00e3o&quot;","block_context":{"text":"Not\u00edcias de Ribeir\u00e3o Preto-SP e Regi\u00e3o","link":"https:\/\/noticiasribeiraopreto.com.br\/index.php\/category\/noticias-de-ribeirao-preto-sp-e-regiao-ismael-colosi\/"},"img":{"alt_text":"","src":"https:\/\/i0.wp.com\/noticiasribeiraopreto.com.br\/wp-content\/uploads\/2024\/02\/Bloco-Bat-Divulgacao-1-scaled.jpg?fit=968%2C645&ssl=1&resize=350%2C200","width":350,"height":200,"srcset":"https:\/\/i0.wp.com\/noticiasribeiraopreto.com.br\/wp-content\/uploads\/2024\/02\/Bloco-Bat-Divulgacao-1-scaled.jpg?fit=968%2C645&ssl=1&resize=350%2C200 1x, https:\/\/i0.wp.com\/noticiasribeiraopreto.com.br\/wp-content\/uploads\/2024\/02\/Bloco-Bat-Divulgacao-1-scaled.jpg?fit=968%2C645&ssl=1&resize=525%2C300 1.5x, https:\/\/i0.wp.com\/noticiasribeiraopreto.com.br\/wp-content\/uploads\/2024\/02\/Bloco-Bat-Divulgacao-1-scaled.jpg?fit=968%2C645&ssl=1&resize=700%2C400 2x"},"classes":[]}],"jetpack_sharing_enabled":true,"jetpack_shortlink":"https:\/\/wp.me\/peQAOb-kyf","_links":{"self":[{"href":"https:\/\/noticiasribeiraopreto.com.br\/index.php\/wp-json\/wp\/v2\/posts\/79003","targetHints":{"allow":["GET"]}}],"collection":[{"href":"https:\/\/noticiasribeiraopreto.com.br\/index.php\/wp-json\/wp\/v2\/posts"}],"about":[{"href":"https:\/\/noticiasribeiraopreto.com.br\/index.php\/wp-json\/wp\/v2\/types\/post"}],"author":[{"embeddable":true,"href":"https:\/\/noticiasribeiraopreto.com.br\/index.php\/wp-json\/wp\/v2\/users\/1"}],"replies":[{"embeddable":true,"href":"https:\/\/noticiasribeiraopreto.com.br\/index.php\/wp-json\/wp\/v2\/comments?post=79003"}],"version-history":[{"count":0,"href":"https:\/\/noticiasribeiraopreto.com.br\/index.php\/wp-json\/wp\/v2\/posts\/79003\/revisions"}],"wp:featuredmedia":[{"embeddable":true,"href":"https:\/\/noticiasribeiraopreto.com.br\/index.php\/wp-json\/wp\/v2\/media\/79004"}],"wp:attachment":[{"href":"https:\/\/noticiasribeiraopreto.com.br\/index.php\/wp-json\/wp\/v2\/media?parent=79003"}],"wp:term":[{"taxonomy":"category","embeddable":true,"href":"https:\/\/noticiasribeiraopreto.com.br\/index.php\/wp-json\/wp\/v2\/categories?post=79003"},{"taxonomy":"post_tag","embeddable":true,"href":"https:\/\/noticiasribeiraopreto.com.br\/index.php\/wp-json\/wp\/v2\/tags?post=79003"}],"curies":[{"name":"wp","href":"https:\/\/api.w.org\/{rel}","templated":true}]}}