{"id":79005,"date":"2025-10-22T15:49:52","date_gmt":"2025-10-22T18:49:52","guid":{"rendered":"https:\/\/noticiasribeiraopreto.com.br\/index.php\/2025\/10\/22\/ribeirao-preto-recebe-a-exposicao-linha-de-contorno-de-marcia-pastore\/"},"modified":"2025-10-22T15:49:52","modified_gmt":"2025-10-22T18:49:52","slug":"ribeirao-preto-recebe-a-exposicao-linha-de-contorno-de-marcia-pastore","status":"publish","type":"post","link":"https:\/\/noticiasribeiraopreto.com.br\/index.php\/2025\/10\/22\/ribeirao-preto-recebe-a-exposicao-linha-de-contorno-de-marcia-pastore\/","title":{"rendered":"Ribeir\u00e3o Preto recebe a exposi\u00e7\u00e3o &#8216;Linha de Contorno&#8217;, de Marcia Pastore"},"content":{"rendered":"<div class='code-block code-block-1' style='margin: 8px 0 8px auto; text-align: right; display: block; clear: both;'>\n<p><a href=\"https:\/\/wa.link\/vpicfd\"><img data-recalc-dims=\"1\" class=\"wp-image-4922\" style=\"aspect-ratio: 2.0253164556962027; width: 561px; height: auto;\" src=\"https:\/\/i0.wp.com\/ismaelcolosi.com.br\/wp-content\/uploads\/2023\/11\/grupo-de-empregos-whatsapp-e-facebook-ismael-colosi-vagas.jpg?ssl=1\" alt=\"\" \/><\/a><\/p>\n<!-- \/wp:image -->\n<\/div>\n<p> <br \/>\n<\/p>\n<div>\n<p>O <strong>Instituto Figueiredo Ferraz (IFF)<\/strong>, em <strong>Ribeir\u00e3o Preto<\/strong>, abre neste <strong>s\u00e1bado (25)<\/strong>, a exposi\u00e7\u00e3o \u201c<strong>Linha de Contorno<\/strong>\u201d, da artista <strong>Marcia Pastore<\/strong>. O evento de abertura acontece das <strong>16h \u00e0s 19h<\/strong>, na sede do instituto, localizada na <strong>rua Maestro Ign\u00e1cio Stabile, 200<\/strong>.<\/p>\n<p>A mostra re\u00fane <strong>oito obras<\/strong> com propostas que transitam entre v\u00eddeo-performance, esculturas e instala\u00e7\u00f5es feitas com materiais como tijolos e redes de pesca.<\/p>\n<p>O trabalho de <strong>Marcia<\/strong> <strong>Pastore<\/strong>, desenvolvido desde os anos<strong> 1990<\/strong>, investiga as rela\u00e7\u00f5es f\u00edsicas e simb\u00f3licas que moldam a experi\u00eancia contempor\u00e2nea. A exposi\u00e7\u00e3o \u201c<strong>Linha de Contorno<\/strong>\u201d fica dispon\u00edvel para visita\u00e7\u00e3o at\u00e9 o dia <strong>13 de dezembro<\/strong>, de ter\u00e7a a s\u00e1bado, das <strong>14h <\/strong>\u00e0s <strong>18h<\/strong>.<\/p>\n<figure class=\"wp-block-gallery has-nested-images columns-default is-cropped wp-block-gallery-1 is-layout-flex wp-block-gallery-is-layout-flex\">\n<figure class=\"wp-block-image size-full\"><img data-recalc-dims=\"1\" fetchpriority=\"high\" decoding=\"async\" width=\"506\" height=\"379\" data-id=\"133115\" src=\"https:\/\/i0.wp.com\/cdn.media-acidadeon.com.br\/ribeiraopreto\/wp-content\/uploads\/sites\/3\/2025\/10\/FOTO3_2025-10-22_14-22-56.webp?resize=506%2C379&#038;ssl=1\" alt=\"Marcia Pastore \" class=\"wp-image-133115\" title=\"Ribeir\u00e3o Preto recebe a exposi\u00e7\u00e3o 'Linha de Contorno', de Marcia Pastore 1\" srcset=\"https:\/\/cdn.media-acidadeon.com.br\/ribeiraopreto\/wp-content\/uploads\/sites\/3\/2025\/10\/FOTO3_2025-10-22_14-22-56.webp 506w, https:\/\/cdn.media-acidadeon.com.br\/ribeiraopreto\/wp-content\/uploads\/sites\/3\/2025\/10\/FOTO3_2025-10-22_14-22-56-300x225.webp 300w\" sizes=\"(max-width: 506px) 100vw, 506px\"\/><figcaption class=\"wp-element-caption\">Foto: Reprodu\u00e7\u00e3o \/ Redes Sociais <\/figcaption><\/figure>\n<figure class=\"wp-block-image size-large\"><img data-recalc-dims=\"1\" loading=\"lazy\" decoding=\"async\" width=\"486\" height=\"349\" data-id=\"133116\" src=\"https:\/\/i0.wp.com\/cdn.media-acidadeon.com.br\/ribeiraopreto\/wp-content\/uploads\/sites\/3\/2025\/10\/FOTO2_2025-10-22_14-22-56.webp?resize=486%2C349&#038;ssl=1\" alt=\"Marcia Pastore\" class=\"wp-image-133116\" title=\"Ribeir\u00e3o Preto recebe a exposi\u00e7\u00e3o 'Linha de Contorno', de Marcia Pastore 2\" srcset=\"https:\/\/cdn.media-acidadeon.com.br\/ribeiraopreto\/wp-content\/uploads\/sites\/3\/2025\/10\/FOTO2_2025-10-22_14-22-56.webp 486w, https:\/\/cdn.media-acidadeon.com.br\/ribeiraopreto\/wp-content\/uploads\/sites\/3\/2025\/10\/FOTO2_2025-10-22_14-22-56-300x215.webp 300w\" sizes=\"auto, (max-width: 486px) 100vw, 486px\"\/><figcaption class=\"wp-element-caption\">Foto: Reprodu\u00e7\u00e3o \/ Redes Sociais <\/figcaption><\/figure>\n<figure class=\"wp-block-image size-full\"><img data-recalc-dims=\"1\" loading=\"lazy\" decoding=\"async\" width=\"519\" height=\"381\" data-id=\"133114\" src=\"https:\/\/i0.wp.com\/cdn.media-acidadeon.com.br\/ribeiraopreto\/wp-content\/uploads\/sites\/3\/2025\/10\/FOTO1_2025-10-22_14-22-55.webp?resize=519%2C381&#038;ssl=1\" alt=\"Marcia Pastore\" class=\"wp-image-133114\" title=\"Ribeir\u00e3o Preto recebe a exposi\u00e7\u00e3o 'Linha de Contorno', de Marcia Pastore 3\" srcset=\"https:\/\/cdn.media-acidadeon.com.br\/ribeiraopreto\/wp-content\/uploads\/sites\/3\/2025\/10\/FOTO1_2025-10-22_14-22-55.webp 519w, https:\/\/cdn.media-acidadeon.com.br\/ribeiraopreto\/wp-content\/uploads\/sites\/3\/2025\/10\/FOTO1_2025-10-22_14-22-55-300x220.webp 300w\" sizes=\"auto, (max-width: 519px) 100vw, 519px\"\/><figcaption class=\"wp-element-caption\">Foto: Reprodu\u00e7\u00e3o \/ Redes Sociais <\/figcaption><\/figure>\n<\/figure>\n<h2 class=\"wp-block-heading\"><strong>Sobre Marcia Pastore<\/strong><\/h2>\n<p><strong>Marcia Pastore<\/strong> nasceu em <strong>S\u00e3o Paulo<\/strong>, em <strong>1964<\/strong>, onde vive e trabalha. J\u00e1 exp\u00f4s em institui\u00e7\u00f5es como o <strong>Centro Cultural Banco do Brasil<\/strong>, o <strong>Museu de Arte Contempor\u00e2nea da USP<\/strong>, o <strong>Centro Cultural S\u00e3o Paulo<\/strong>, o <strong>MuBE<\/strong> e a <strong>Biblioteca M\u00e1rio de Andrade<\/strong>. Tamb\u00e9m participou de exposi\u00e7\u00f5es coletivas no <strong>Museu de Arte Moderna de S\u00e3o Paulo<\/strong> e no <strong>Pal\u00e1cio das Artes<\/strong>, em <strong>Belo Horizonte<\/strong>, al\u00e9m de feiras e mostras internacionais em <strong>Madri<\/strong> e <strong>Oslo<\/strong>.<\/p>\n<p>Suas obras integram acervos de museus e institui\u00e7\u00f5es como a <strong>Pinacoteca do Estado de S\u00e3o Paulo<\/strong>, a <strong>Pinacoteca Municipal<\/strong>, o <strong>Museu de Arte Moderna de S\u00e3o Paulo<\/strong>, o <strong>MAC-USP<\/strong> e o pr\u00f3prio <strong>Instituto Figueiredo Ferraz<\/strong>, onde agora apresenta sua nova fase art\u00edstica com a exposi\u00e7\u00e3o \u201c<strong>Linha de Contorno<\/strong>\u201d.<\/p>\n<h2 class=\"wp-block-heading\"><strong>Servi\u00e7o<\/strong><\/h2>\n<p><strong><em>Abertura exposi\u00e7\u00e3o \u201cLinha de Contorno\u201d, de Marcia Pastore<\/em><\/strong><\/p>\n<p><strong>Quando:<\/strong> 25 de outubro, s\u00e1bado <br \/><strong>Hor\u00e1rio:<\/strong> Das 16h \u00e0s 19h<br \/><strong>Local:<\/strong> Instituto Figueiredo Ferraz | rua Maestro Ign\u00e1cio Stabile, 200<br \/><strong>Entrada gratuita <\/strong><\/p>\n<p>SAIBA MAIS<br \/>Homem \u00e9 encontrado morto em frente ao Terminal Rodovi\u00e1rio de Ribeir\u00e3o Preto<\/p>\n<h2 class=\"wp-block-heading\"><strong>FIQUE ON<\/strong><\/h2>\n<p>Fique ligado em tudo que acontece em Ribeir\u00e3o Preto e regi\u00e3o. Siga os perfis do\u00a0<strong>acidade on<\/strong>\u00a0no<a href=\"https:\/\/www.instagram.com\/acidadeonribeirao\" target=\"_blank\" rel=\"noreferrer noopener\">\u00a0Instagram\u00a0<\/a>e no\u00a0<a href=\"https:\/\/www.facebook.com\/acidadeonribeirao\/\" target=\"_blank\" rel=\"noreferrer noopener\">Facebook<\/a>.<\/p>\n<p>Receba not\u00edcias do<strong>\u00a0acidade on<\/strong>\u00a0no WhatsApp. Para entrar no grupo,\u00a0basta\u00a0<a href=\"https:\/\/chat.whatsapp.com\/I4nieTEMKlf50pJ28aMemC?mode=ac_t\" target=\"_blank\" rel=\"noreferrer noopener\">clicar aqui<\/a>. Ou, acesse o nosso\u00a0Canal\u00a0<a href=\"https:\/\/whatsapp.com\/channel\/0029Vb6IQl1JENyAeS57fk2p\" target=\"_blank\" rel=\"noreferrer noopener\">clicando aqui<\/a>.<\/p>\n<p>Fa\u00e7a uma den\u00fancia ou sugira uma reportagem sobre Ribeir\u00e3o Preto e regi\u00e3o pelo WhatsApp: 16 99117 7802.<\/p>\n<p>VEJA TAMB\u00c9M<br \/>Quando Shawn Mendes vem ao Brasil?<\/p>\n<p><!-- AI CONTENT END 1 -->\n<\/div>\n<p><script async src=\"\/\/www.instagram.com\/embed.js\"><\/script><br \/>\n<br \/><br \/>\n<br \/><a href=\"https:\/\/www.acidadeon.com\/ribeiraopreto\/lazer-e-cultura\/ribeirao-preto-recebe-a-exposicao-linha-de-contorno-de-marcia-pastore\/\">Source link <\/a><\/p>\n<!-- CONTENT END 1 -->\n","protected":false},"excerpt":{"rendered":"<p>O Instituto Figueiredo Ferraz (IFF), em Ribeir\u00e3o Preto, abre neste s\u00e1bado (25), a exposi\u00e7\u00e3o \u201cLinha de Contorno\u201d, da artista Marcia Pastore. O evento de abertura&#8230;<\/p>\n","protected":false},"author":1,"featured_media":79006,"comment_status":"open","ping_status":"open","sticky":false,"template":"","format":"standard","meta":{"advanced_seo_description":"","jetpack_seo_html_title":"","jetpack_seo_noindex":false,"jetpack_post_was_ever_published":false,"_jetpack_newsletter_access":"","_jetpack_dont_email_post_to_subs":false,"_jetpack_newsletter_tier_id":0,"_jetpack_memberships_contains_paywalled_content":false,"_jetpack_memberships_contains_paid_content":false,"footnotes":"","jetpack_publicize_message":"","jetpack_publicize_feature_enabled":true,"jetpack_social_post_already_shared":true,"jetpack_social_options":{"image_generator_settings":{"template":"highway","default_image_id":0,"font":"","enabled":false},"version":2}},"categories":[11],"tags":[],"class_list":["post-79005","post","type-post","status-publish","format-standard","has-post-thumbnail","hentry","category-noticias-de-ribeirao-preto-sp-e-regiao-ismael-colosi"],"jetpack_publicize_connections":[],"jetpack_featured_media_url":"https:\/\/i0.wp.com\/noticiasribeiraopreto.com.br\/wp-content\/uploads\/2025\/10\/maxresdefault_2025-10-22_14-20-33.webp.webp?fit=1200%2C675&ssl=1","jetpack-related-posts":[{"id":79109,"url":"https:\/\/noticiasribeiraopreto.com.br\/index.php\/2025\/10\/24\/nando-reis-mostra-japao-e-marco-luque-veja-as-opcoes-para-curtir-o-fim-de-semana-em-ribeirao-preto\/","url_meta":{"origin":79005,"position":0},"title":"Nando Reis, Mostra Jap\u00e3o e Marco Luque: Veja as op\u00e7\u00f5es para curtir o fim de semana em Ribeir\u00e3o Preto","author":"noticiasribeiraopreto.com.br","date":"24 de October de 2025","format":false,"excerpt":"Ribeir\u00e3o Preto conta com diversas op\u00e7\u00f5es para curtir o fim de semana. Os destaques da programa\u00e7\u00e3o s\u00e3o o show de Nando Reis, com a turn\u00ea \u201cNando Hits\u201c, a Mostra Jap\u00e3o, e Marco Luque com o espet\u00e1culo \u201c\u00c9 Disso Que Eu To Falando\u201c. Confira a programa\u00e7\u00e3o abaixo. Mostra Jap\u00e3o Come\u00e7a nesta\u2026","rel":"","context":"In &quot;Not\u00edcias de Ribeir\u00e3o Preto-SP e Regi\u00e3o&quot;","block_context":{"text":"Not\u00edcias de Ribeir\u00e3o Preto-SP e Regi\u00e3o","link":"https:\/\/noticiasribeiraopreto.com.br\/index.php\/category\/noticias-de-ribeirao-preto-sp-e-regiao-ismael-colosi\/"},"img":{"alt_text":"","src":"https:\/\/i0.wp.com\/noticiasribeiraopreto.com.br\/wp-content\/uploads\/2025\/10\/mostra-japao-marco-luque-nando-reis_2025-10-24_15-43-10.webp.webp?fit=1200%2C674&ssl=1&resize=350%2C200","width":350,"height":200,"srcset":"https:\/\/i0.wp.com\/noticiasribeiraopreto.com.br\/wp-content\/uploads\/2025\/10\/mostra-japao-marco-luque-nando-reis_2025-10-24_15-43-10.webp.webp?fit=1200%2C674&ssl=1&resize=350%2C200 1x, https:\/\/i0.wp.com\/noticiasribeiraopreto.com.br\/wp-content\/uploads\/2025\/10\/mostra-japao-marco-luque-nando-reis_2025-10-24_15-43-10.webp.webp?fit=1200%2C674&ssl=1&resize=525%2C300 1.5x, https:\/\/i0.wp.com\/noticiasribeiraopreto.com.br\/wp-content\/uploads\/2025\/10\/mostra-japao-marco-luque-nando-reis_2025-10-24_15-43-10.webp.webp?fit=1200%2C674&ssl=1&resize=700%2C400 2x, https:\/\/i0.wp.com\/noticiasribeiraopreto.com.br\/wp-content\/uploads\/2025\/10\/mostra-japao-marco-luque-nando-reis_2025-10-24_15-43-10.webp.webp?fit=1200%2C674&ssl=1&resize=1050%2C600 3x"},"classes":[]},{"id":78999,"url":"https:\/\/noticiasribeiraopreto.com.br\/index.php\/2025\/10\/22\/conheca-o-atleta-mirim-de-ribeirao-preto-que-coleciona-titulos-no-patins\/","url_meta":{"origin":79005,"position":1},"title":"Conhe\u00e7a o atleta mirim de Ribeir\u00e3o Preto que coleciona t\u00edtulos no patins","author":"noticiasribeiraopreto.com.br","date":"22 de October de 2025","format":false,"excerpt":"O atleta mirim Arthur Garcia Ribeiro, de Ribeir\u00e3o Preto, conquistou o t\u00edtulo de bicampe\u00e3o paulista de patins vertical 2025. Com apenas 11 anos, Arthur j\u00e1 acumula seis t\u00edtulos em 14 competi\u00e7\u00f5es disputadas. A trajet\u00f3ria no esporte come\u00e7ou aos 7 anos, quando o patins entrou na vida do garoto quase por\u2026","rel":"","context":"In &quot;Not\u00edcias de Ribeir\u00e3o Preto-SP e Regi\u00e3o&quot;","block_context":{"text":"Not\u00edcias de Ribeir\u00e3o Preto-SP e Regi\u00e3o","link":"https:\/\/noticiasribeiraopreto.com.br\/index.php\/category\/noticias-de-ribeirao-preto-sp-e-regiao-ismael-colosi\/"},"img":{"alt_text":"","src":"https:\/\/i0.wp.com\/noticiasribeiraopreto.com.br\/wp-content\/uploads\/2025\/10\/Vanderci-Pessotti-3_2025-10-22_16-46-58.webp.webp?fit=1200%2C675&ssl=1&resize=350%2C200","width":350,"height":200,"srcset":"https:\/\/i0.wp.com\/noticiasribeiraopreto.com.br\/wp-content\/uploads\/2025\/10\/Vanderci-Pessotti-3_2025-10-22_16-46-58.webp.webp?fit=1200%2C675&ssl=1&resize=350%2C200 1x, https:\/\/i0.wp.com\/noticiasribeiraopreto.com.br\/wp-content\/uploads\/2025\/10\/Vanderci-Pessotti-3_2025-10-22_16-46-58.webp.webp?fit=1200%2C675&ssl=1&resize=525%2C300 1.5x, https:\/\/i0.wp.com\/noticiasribeiraopreto.com.br\/wp-content\/uploads\/2025\/10\/Vanderci-Pessotti-3_2025-10-22_16-46-58.webp.webp?fit=1200%2C675&ssl=1&resize=700%2C400 2x, https:\/\/i0.wp.com\/noticiasribeiraopreto.com.br\/wp-content\/uploads\/2025\/10\/Vanderci-Pessotti-3_2025-10-22_16-46-58.webp.webp?fit=1200%2C675&ssl=1&resize=1050%2C600 3x"},"classes":[]},{"id":32681,"url":"https:\/\/noticiasribeiraopreto.com.br\/index.php\/2024\/01\/26\/marp-de-ribeirao-preto-recebe-exposicao-sobre-paisagem-urbana-de-sao-paulo\/","url_meta":{"origin":79005,"position":2},"title":"Marp de Ribeir\u00e3o Preto recebe exposi\u00e7\u00e3o sobre paisagem urbana de S\u00e3o Paulo","author":"noticiasribeiraopreto.com.br","date":"26 de January de 2024","format":false,"excerpt":"A exposi\u00e7\u00e3o \u201cTerrit\u00f3rios\u201d, que mostra a paisagem urbana de S\u00e3o Paulo por meio de v\u00eddeos, fotografias anal\u00f3gicas e livros, ser\u00e1 aberta nesta sexta-feira (26), \u00e0s 19h30, no Marp (Museu de Artes de Ribeir\u00e3o Preto). As 50 obras produzidas pela artista paulistana M\u00e1rcia Gadioli poder\u00e3o ser vistas at\u00e9 o dia 2\u2026","rel":"","context":"In &quot;Not\u00edcias de Ribeir\u00e3o Preto-SP e Regi\u00e3o&quot;","block_context":{"text":"Not\u00edcias de Ribeir\u00e3o Preto-SP e Regi\u00e3o","link":"https:\/\/noticiasribeiraopreto.com.br\/index.php\/category\/noticias-de-ribeirao-preto-sp-e-regiao-ismael-colosi\/"},"img":{"alt_text":"","src":"https:\/\/i0.wp.com\/noticiasribeiraopreto.com.br\/wp-content\/uploads\/2024\/01\/marp.jpg?fit=774%2C1200&ssl=1&resize=350%2C200","width":350,"height":200,"srcset":"https:\/\/i0.wp.com\/noticiasribeiraopreto.com.br\/wp-content\/uploads\/2024\/01\/marp.jpg?fit=774%2C1200&ssl=1&resize=350%2C200 1x, https:\/\/i0.wp.com\/noticiasribeiraopreto.com.br\/wp-content\/uploads\/2024\/01\/marp.jpg?fit=774%2C1200&ssl=1&resize=525%2C300 1.5x, https:\/\/i0.wp.com\/noticiasribeiraopreto.com.br\/wp-content\/uploads\/2024\/01\/marp.jpg?fit=774%2C1200&ssl=1&resize=700%2C400 2x"},"classes":[]},{"id":79398,"url":"https:\/\/noticiasribeiraopreto.com.br\/index.php\/2025\/10\/30\/ribeirao-preto-tera-linhas-especiais-de-onibus-para-o-dia-de-finados\/","url_meta":{"origin":79005,"position":3},"title":"Ribeir\u00e3o Preto ter\u00e1 linhas especiais de \u00f4nibus para o Dia de Finados","author":"noticiasribeiraopreto.com.br","date":"30 de October de 2025","format":false,"excerpt":"Ribeir\u00e3o Preto ter\u00e1 linhas especiais de \u00f4nibus nos dias 1\u00ba e 2 de novembro para atender os cemit\u00e9rios Bom Pastor e da Saudade durante o Dia de Finados. No s\u00e1bado, 1\u00ba de novembro, a linha especial funcionar\u00e1 das 8h \u00e0s 17h com atendimento exclusivo ao Cemit\u00e9rio Bom Pastor. O itiner\u00e1rio\u2026","rel":"","context":"In &quot;Not\u00edcias de Ribeir\u00e3o Preto-SP e Regi\u00e3o&quot;","block_context":{"text":"Not\u00edcias de Ribeir\u00e3o Preto-SP e Regi\u00e3o","link":"https:\/\/noticiasribeiraopreto.com.br\/index.php\/category\/noticias-de-ribeirao-preto-sp-e-regiao-ismael-colosi\/"},"img":{"alt_text":"","src":"https:\/\/i0.wp.com\/noticiasribeiraopreto.com.br\/wp-content\/uploads\/2025\/10\/terror-6_2025-10-30_23-38-25.webp.webp?fit=1200%2C675&ssl=1&resize=350%2C200","width":350,"height":200,"srcset":"https:\/\/i0.wp.com\/noticiasribeiraopreto.com.br\/wp-content\/uploads\/2025\/10\/terror-6_2025-10-30_23-38-25.webp.webp?fit=1200%2C675&ssl=1&resize=350%2C200 1x, https:\/\/i0.wp.com\/noticiasribeiraopreto.com.br\/wp-content\/uploads\/2025\/10\/terror-6_2025-10-30_23-38-25.webp.webp?fit=1200%2C675&ssl=1&resize=525%2C300 1.5x, https:\/\/i0.wp.com\/noticiasribeiraopreto.com.br\/wp-content\/uploads\/2025\/10\/terror-6_2025-10-30_23-38-25.webp.webp?fit=1200%2C675&ssl=1&resize=700%2C400 2x, https:\/\/i0.wp.com\/noticiasribeiraopreto.com.br\/wp-content\/uploads\/2025\/10\/terror-6_2025-10-30_23-38-25.webp.webp?fit=1200%2C675&ssl=1&resize=1050%2C600 3x"},"classes":[]},{"id":46294,"url":"https:\/\/noticiasribeiraopreto.com.br\/index.php\/2024\/04\/10\/exposicao-da-usp-com-acervo-do-museu-do-ipiranga-comeca-sabado-em-ribeirao-preto\/","url_meta":{"origin":79005,"position":4},"title":"Exposi\u00e7\u00e3o da USP com acervo do Museu do Ipiranga come\u00e7a s\u00e1bado em Ribeir\u00e3o Preto","author":"noticiasribeiraopreto.com.br","date":"10 de April de 2024","format":false,"excerpt":"A exposi\u00e7\u00e3o \u201cUSP 90 anos: uma jornada imersiva pelos nossos museus\u201d ser\u00e1 aberta ao p\u00fablico em Ribeir\u00e3o Preto neste s\u00e1bado (13). A entrada \u00e9 de gra\u00e7a e acontece de segunda a s\u00e1bado, das 9h \u00e0s 18h. Trazendo um pouco dos acervos dos museus da universidade, todos com sede em S\u00e3o\u2026","rel":"","context":"In &quot;Not\u00edcias de Ribeir\u00e3o Preto-SP e Regi\u00e3o&quot;","block_context":{"text":"Not\u00edcias de Ribeir\u00e3o Preto-SP e Regi\u00e3o","link":"https:\/\/noticiasribeiraopreto.com.br\/index.php\/category\/noticias-de-ribeirao-preto-sp-e-regiao-ismael-colosi\/"},"img":{"alt_text":"","src":"https:\/\/i0.wp.com\/noticiasribeiraopreto.com.br\/wp-content\/uploads\/2024\/04\/1712781451_Copia-de-Copia-de-TAMANHO-EXATO-PARA-FOTOS-NO-SISTEMA-NOVO-17.jpg?fit=1200%2C675&ssl=1&resize=350%2C200","width":350,"height":200,"srcset":"https:\/\/i0.wp.com\/noticiasribeiraopreto.com.br\/wp-content\/uploads\/2024\/04\/1712781451_Copia-de-Copia-de-TAMANHO-EXATO-PARA-FOTOS-NO-SISTEMA-NOVO-17.jpg?fit=1200%2C675&ssl=1&resize=350%2C200 1x, https:\/\/i0.wp.com\/noticiasribeiraopreto.com.br\/wp-content\/uploads\/2024\/04\/1712781451_Copia-de-Copia-de-TAMANHO-EXATO-PARA-FOTOS-NO-SISTEMA-NOVO-17.jpg?fit=1200%2C675&ssl=1&resize=525%2C300 1.5x, https:\/\/i0.wp.com\/noticiasribeiraopreto.com.br\/wp-content\/uploads\/2024\/04\/1712781451_Copia-de-Copia-de-TAMANHO-EXATO-PARA-FOTOS-NO-SISTEMA-NOVO-17.jpg?fit=1200%2C675&ssl=1&resize=700%2C400 2x, https:\/\/i0.wp.com\/noticiasribeiraopreto.com.br\/wp-content\/uploads\/2024\/04\/1712781451_Copia-de-Copia-de-TAMANHO-EXATO-PARA-FOTOS-NO-SISTEMA-NOVO-17.jpg?fit=1200%2C675&ssl=1&resize=1050%2C600 3x"},"classes":[]},{"id":44982,"url":"https:\/\/noticiasribeiraopreto.com.br\/index.php\/2024\/04\/01\/ribeirao-preto-recebe-exposicao-itinerante-com-acervo-do-museu-do-ipiranga\/","url_meta":{"origin":79005,"position":5},"title":"Ribeir\u00e3o Preto recebe exposi\u00e7\u00e3o itinerante com acervo do Museu do Ipiranga","author":"noticiasribeiraopreto.com.br","date":"1 de April de 2024","format":false,"excerpt":"A USP Ribeir\u00e3o Preto recebe pela primeira vez uma exposi\u00e7\u00e3o que mostra um pouco dos acervos dos museus da Universidade de S\u00e3o Paulo, entre eles o do Museu do Ipiranga, todos com sede em S\u00e3o Paulo. A exposi\u00e7\u00e3o itinerante com o tema \u201cUSP 90 anos: uma jornada imersiva pelos nossos\u2026","rel":"","context":"In &quot;Not\u00edcias de Ribeir\u00e3o Preto-SP e Regi\u00e3o&quot;","block_context":{"text":"Not\u00edcias de Ribeir\u00e3o Preto-SP e Regi\u00e3o","link":"https:\/\/noticiasribeiraopreto.com.br\/index.php\/category\/noticias-de-ribeirao-preto-sp-e-regiao-ismael-colosi\/"},"img":{"alt_text":"","src":"https:\/\/i0.wp.com\/noticiasribeiraopreto.com.br\/wp-content\/uploads\/2024\/04\/Copia-de-Copia-de-TAMANHO-EXATO-PARA-FOTOS-NO-SISTEMA-NOVO-17.jpg?fit=1200%2C675&ssl=1&resize=350%2C200","width":350,"height":200,"srcset":"https:\/\/i0.wp.com\/noticiasribeiraopreto.com.br\/wp-content\/uploads\/2024\/04\/Copia-de-Copia-de-TAMANHO-EXATO-PARA-FOTOS-NO-SISTEMA-NOVO-17.jpg?fit=1200%2C675&ssl=1&resize=350%2C200 1x, https:\/\/i0.wp.com\/noticiasribeiraopreto.com.br\/wp-content\/uploads\/2024\/04\/Copia-de-Copia-de-TAMANHO-EXATO-PARA-FOTOS-NO-SISTEMA-NOVO-17.jpg?fit=1200%2C675&ssl=1&resize=525%2C300 1.5x, https:\/\/i0.wp.com\/noticiasribeiraopreto.com.br\/wp-content\/uploads\/2024\/04\/Copia-de-Copia-de-TAMANHO-EXATO-PARA-FOTOS-NO-SISTEMA-NOVO-17.jpg?fit=1200%2C675&ssl=1&resize=700%2C400 2x, https:\/\/i0.wp.com\/noticiasribeiraopreto.com.br\/wp-content\/uploads\/2024\/04\/Copia-de-Copia-de-TAMANHO-EXATO-PARA-FOTOS-NO-SISTEMA-NOVO-17.jpg?fit=1200%2C675&ssl=1&resize=1050%2C600 3x"},"classes":[]}],"jetpack_sharing_enabled":true,"jetpack_shortlink":"https:\/\/wp.me\/peQAOb-kyh","_links":{"self":[{"href":"https:\/\/noticiasribeiraopreto.com.br\/index.php\/wp-json\/wp\/v2\/posts\/79005","targetHints":{"allow":["GET"]}}],"collection":[{"href":"https:\/\/noticiasribeiraopreto.com.br\/index.php\/wp-json\/wp\/v2\/posts"}],"about":[{"href":"https:\/\/noticiasribeiraopreto.com.br\/index.php\/wp-json\/wp\/v2\/types\/post"}],"author":[{"embeddable":true,"href":"https:\/\/noticiasribeiraopreto.com.br\/index.php\/wp-json\/wp\/v2\/users\/1"}],"replies":[{"embeddable":true,"href":"https:\/\/noticiasribeiraopreto.com.br\/index.php\/wp-json\/wp\/v2\/comments?post=79005"}],"version-history":[{"count":0,"href":"https:\/\/noticiasribeiraopreto.com.br\/index.php\/wp-json\/wp\/v2\/posts\/79005\/revisions"}],"wp:featuredmedia":[{"embeddable":true,"href":"https:\/\/noticiasribeiraopreto.com.br\/index.php\/wp-json\/wp\/v2\/media\/79006"}],"wp:attachment":[{"href":"https:\/\/noticiasribeiraopreto.com.br\/index.php\/wp-json\/wp\/v2\/media?parent=79005"}],"wp:term":[{"taxonomy":"category","embeddable":true,"href":"https:\/\/noticiasribeiraopreto.com.br\/index.php\/wp-json\/wp\/v2\/categories?post=79005"},{"taxonomy":"post_tag","embeddable":true,"href":"https:\/\/noticiasribeiraopreto.com.br\/index.php\/wp-json\/wp\/v2\/tags?post=79005"}],"curies":[{"name":"wp","href":"https:\/\/api.w.org\/{rel}","templated":true}]}}