{"id":79007,"date":"2025-10-22T15:56:31","date_gmt":"2025-10-22T18:56:31","guid":{"rendered":"https:\/\/noticiasribeiraopreto.com.br\/index.php\/2025\/10\/22\/rede-de-supermercados-anuncia-campanha-de-final-de-ano-com-r-5-milhoes-em-premios\/"},"modified":"2025-10-22T15:56:31","modified_gmt":"2025-10-22T18:56:31","slug":"rede-de-supermercados-anuncia-campanha-de-final-de-ano-com-r-5-milhoes-em-premios","status":"publish","type":"post","link":"https:\/\/noticiasribeiraopreto.com.br\/index.php\/2025\/10\/22\/rede-de-supermercados-anuncia-campanha-de-final-de-ano-com-r-5-milhoes-em-premios\/","title":{"rendered":"Rede de supermercados anuncia campanha de final de ano com R$ 5 milh\u00f5es em pr\u00eamios"},"content":{"rendered":"<div class='code-block code-block-1' style='margin: 8px 0 8px auto; text-align: right; display: block; clear: both;'>\n<p><a href=\"https:\/\/wa.link\/vpicfd\"><img data-recalc-dims=\"1\" class=\"wp-image-4922\" style=\"aspect-ratio: 2.0253164556962027; width: 561px; height: auto;\" src=\"https:\/\/i0.wp.com\/ismaelcolosi.com.br\/wp-content\/uploads\/2023\/11\/grupo-de-empregos-whatsapp-e-facebook-ismael-colosi-vagas.jpg?ssl=1\" alt=\"\" \/><\/a><\/p>\n<!-- \/wp:image -->\n<\/div>\n<p> <br \/>\n<\/p>\n<div>\n<p>A rede <strong>Savegnago Supermercados<\/strong> lan\u00e7ou nesta quarta-feira (22) a campanha de final de ano <strong>\u2018Transforme Sua Vida com o Savegnago\u2019<\/strong>, que vai distribuir mais de R$ 5 milh\u00f5es. Ao todo, ser\u00e3o 66 pr\u00eamios em certificados de barra de ouro, sendo 61 no valor de R$ 50 mil e cinco no valor de R$ 400 mil cada.<\/p>\n<p>A a\u00e7\u00e3o contempla as 20 cidades que a rede mant\u00e9m suas lojas no <strong>interior de S\u00e3o Paulo<\/strong>, al\u00e9m de<strong> Indaiatuba<\/strong>, que ser\u00e1 inaugurada ainda em 2025.<\/p>\n<p><mark style=\"background-color:#fcb900\" class=\"has-inline-color has-black-color\">O per\u00edodo de participa\u00e7\u00e3o para compras e ac\u00famulo de cupons para concorrer aos pr\u00eamios come\u00e7a nesta quinta-feira (23) e segue at\u00e9 11 de janeiro de 2026. <\/mark>Os clientes recebem cupons a cada R$ 120 e seus m\u00faltiplos em compras nas lojas do Savegnago Supermercados, no Savegnago Pr\u00e1tico, no delivery on-line do site, nos aplicativos Savegnago e IFood, e nos servi\u00e7os de televenda e Retire na Loja.<\/p>\n<h2 class=\"wp-block-heading\"><strong>Como participar dos sorteios?<\/strong><\/h2>\n<p>Para participar, o cliente dever\u00e1 realizar um cadastro no site (<a href=\"https:\/\/www.savegnago.com.br\/promocao-fim-de-ano\" data-type=\"link\" data-id=\"https:\/\/www.savegnago.com.br\/promocao-fim-de-ano\" target=\"_blank\" rel=\"noopener\">clique aqui<\/a>), ou pelo aplicativo da rede, inserindo os dados solicitados. Tamb\u00e9m \u00e9 poss\u00edvel fazer um pr\u00e9-cadastro no momento do checkout (no caixa) e complet\u00e1-lo no site.<\/p>\n<p>Ap\u00f3s confirma\u00e7\u00e3o dos dados e respondida \u00e0 pergunta corretamente, os cupons ser\u00e3o gerados automaticamente nas compras posteriores desde que exista saldo cumulativo a cada R$ 120. Os clientes que realizarem o pagamento utilizando o \u2018Nosso Cart\u00e3o\u2019, receber\u00e3o cupons em dobro.<\/p>\n<p>Os cupons promocionais ser\u00e3o gerados, impressos e entregues ao cliente para dep\u00f3sito nas urnas instaladas nas unidades. As compras realizadas de forma on-line ter\u00e3o seus cupons impressos e depositados na urna da loja que efetuou a venda, de forma autom\u00e1tica. O cliente poder\u00e1 acompanhar seu saldo de cupons e a data de participa\u00e7\u00e3o nos sorteios pelo site ou aplicativo.<\/p>\n<p>Ser\u00e3o realizados quatro sorteios nos seguintes dias: 11 de novembro, 2 de dezembro, 23 de dezembro e 15 de janeiro de 2026, totalizando 66 pr\u00eamios, todos em certificados de barras de ouros. Os sorteios acontecer\u00e3o na sede do <strong>Grupo Savegnago<\/strong>, em<strong> Sert\u00e3ozinho<\/strong>.<\/p>\n<p>Os tr\u00eas primeiros sorteios distribuir\u00e3o os 61 pr\u00eamios de R$ 50 mil, enquanto o quarto e \u00faltimo sorteio distribuir\u00e1 5 pr\u00eamios de R$ 400 mil.<\/p>\n<p>SAIBA MAIS<\/p>\n<p>Apostas da regi\u00e3o de Ribeir\u00e3o Preto est\u00e3o entre as ganhadoras da Mega-Sena; confira<\/p>\n<h2 class=\"wp-block-heading\"><strong>FIQUE ON<\/strong><\/h2>\n<p>Fique ligado em tudo que acontece em Ribeir\u00e3o Preto e regi\u00e3o. Siga os perfis do\u00a0<strong>acidade on<\/strong>\u00a0no\u00a0<a href=\"https:\/\/www.instagram.com\/acidadeonribeirao\" target=\"_blank\" rel=\"noreferrer noopener\">Instagram\u00a0<\/a>e no<a href=\"https:\/\/www.facebook.com\/acidadeonribeirao\/\" target=\"_blank\" rel=\"noreferrer noopener\">\u00a0Facebook<\/a>.<\/p>\n<p>Receba not\u00edcias do\u00a0<strong>acidade on<\/strong>\u00a0no WhatsApp. Para entrar no grupo,\u00a0basta\u00a0<a href=\"https:\/\/chat.whatsapp.com\/I4nieTEMKlf50pJ28aMemC?mode=ac_t\" target=\"_blank\" rel=\"noreferrer noopener\">clicar aqui<\/a>. Ou, acesse o nosso\u00a0Canal<a href=\"https:\/\/whatsapp.com\/channel\/0029Vb6IQl1JENyAeS57fk2p\" target=\"_blank\" rel=\"noreferrer noopener\">\u00a0clicando aqui<\/a>.<\/p>\n<p>Fa\u00e7a uma den\u00fancia ou sugira uma reportagem sobre Ribeir\u00e3o Preto e regi\u00e3o pelo WhatsApp: 16 99117 7802.<\/p>\n<p>VEJA TAMB\u00c9M<\/p>\n<p>Final de \u2018Stranger Things\u2019 ser\u00e1 exibido nos cinemas brasileiros?<\/p>\n<p><!-- AI CONTENT END 1 -->\n<\/div>\n<p><script async src=\"\/\/www.instagram.com\/embed.js\"><\/script><br \/>\n<br \/><br \/>\n<br \/><a href=\"https:\/\/www.acidadeon.com\/ribeiraopreto\/lazer-e-cultura\/giro-lazer-e-cultura\/rede-de-supermercados-anuncia-campanha-de-final-de-ano-com-r-5-milhoes-em-premios\/\">Source link <\/a><\/p>\n<!-- CONTENT END 1 -->\n","protected":false},"excerpt":{"rendered":"<p>A rede Savegnago Supermercados lan\u00e7ou nesta quarta-feira (22) a campanha de final de ano \u2018Transforme Sua Vida com o Savegnago\u2019, que vai distribuir mais de&#8230;<\/p>\n","protected":false},"author":1,"featured_media":79008,"comment_status":"open","ping_status":"open","sticky":false,"template":"","format":"standard","meta":{"advanced_seo_description":"","jetpack_seo_html_title":"","jetpack_seo_noindex":false,"jetpack_post_was_ever_published":false,"_jetpack_newsletter_access":"","_jetpack_dont_email_post_to_subs":false,"_jetpack_newsletter_tier_id":0,"_jetpack_memberships_contains_paywalled_content":false,"_jetpack_memberships_contains_paid_content":false,"footnotes":"","jetpack_publicize_message":"","jetpack_publicize_feature_enabled":true,"jetpack_social_post_already_shared":true,"jetpack_social_options":{"image_generator_settings":{"template":"highway","default_image_id":0,"font":"","enabled":false},"version":2}},"categories":[11],"tags":[],"class_list":["post-79007","post","type-post","status-publish","format-standard","has-post-thumbnail","hentry","category-noticias-de-ribeirao-preto-sp-e-regiao-ismael-colosi"],"jetpack_publicize_connections":[],"jetpack_featured_media_url":"https:\/\/i0.wp.com\/noticiasribeiraopreto.com.br\/wp-content\/uploads\/2025\/10\/savegnago_2025-10-22_15-14-52.webp.webp?fit=1200%2C750&ssl=1","jetpack-related-posts":[{"id":74506,"url":"https:\/\/noticiasribeiraopreto.com.br\/index.php\/2025\/07\/23\/rede-de-supermercados-anuncia-campanha-de-aniversario-com-r-3-milhoes-em-premios\/","url_meta":{"origin":79007,"position":0},"title":"Rede de supermercados anuncia campanha de anivers\u00e1rio com R$ 3 milh\u00f5es em pr\u00eamios","author":"noticiasribeiraopreto.com.br","date":"23 de July de 2025","format":false,"excerpt":"Para celebrar os 49 anos do Savegnago Supermercados, que ser\u00e3o completados em agosto, a rede lan\u00e7a a campanha \u201cAnivers\u00e1rio Savegnago: \u00c9 Muito Pr\u00eamio Na M\u00e3o\u201d, que vai distribuir R$ 3 milh\u00f5es. O an\u00fancio foi realizado nesta quarta-feira (23). Ser\u00e3o realizados tr\u00eas sorteios, com 60 ganhadores no total e premia\u00e7\u00e3o de\u2026","rel":"","context":"In &quot;Not\u00edcias de Ribeir\u00e3o Preto-SP e Regi\u00e3o&quot;","block_context":{"text":"Not\u00edcias de Ribeir\u00e3o Preto-SP e Regi\u00e3o","link":"https:\/\/noticiasribeiraopreto.com.br\/index.php\/category\/noticias-de-ribeirao-preto-sp-e-regiao-ismael-colosi\/"},"img":{"alt_text":"","src":"https:\/\/i0.wp.com\/noticiasribeiraopreto.com.br\/wp-content\/uploads\/2025\/07\/campanha-savegnago_2025-07-23_19-19-01.webp.webp?fit=1200%2C800&ssl=1&resize=350%2C200","width":350,"height":200,"srcset":"https:\/\/i0.wp.com\/noticiasribeiraopreto.com.br\/wp-content\/uploads\/2025\/07\/campanha-savegnago_2025-07-23_19-19-01.webp.webp?fit=1200%2C800&ssl=1&resize=350%2C200 1x, https:\/\/i0.wp.com\/noticiasribeiraopreto.com.br\/wp-content\/uploads\/2025\/07\/campanha-savegnago_2025-07-23_19-19-01.webp.webp?fit=1200%2C800&ssl=1&resize=525%2C300 1.5x, https:\/\/i0.wp.com\/noticiasribeiraopreto.com.br\/wp-content\/uploads\/2025\/07\/campanha-savegnago_2025-07-23_19-19-01.webp.webp?fit=1200%2C800&ssl=1&resize=700%2C400 2x, https:\/\/i0.wp.com\/noticiasribeiraopreto.com.br\/wp-content\/uploads\/2025\/07\/campanha-savegnago_2025-07-23_19-19-01.webp.webp?fit=1200%2C800&ssl=1&resize=1050%2C600 3x"},"classes":[]},{"id":55410,"url":"https:\/\/noticiasribeiraopreto.com.br\/index.php\/2024\/08\/01\/rede-de-supermercados-celebra-aniversario-com-figurinhas-do-harry-potter-veja-como-participar\/","url_meta":{"origin":79007,"position":1},"title":"Rede de supermercados celebra anivers\u00e1rio com figurinhas do Harry Potter; Veja como participar","author":"noticiasribeiraopreto.com.br","date":"1 de August de 2024","format":false,"excerpt":"Durante as comemora\u00e7\u00f5es de anivers\u00e1rio dos 48 anos do Savegnago Supermercados, os clientes Save Ganhe poder\u00e3o participar da promo\u00e7\u00e3o do \u00e1lbum de figurinhas do Harry Potter. Na promo\u00e7\u00e3o, a cada R$ 50 em compras em todas as lojas da rede, o consumidor ganha um pacote com quatro figurinhas adesivas. J\u00e1\u2026","rel":"","context":"In &quot;Not\u00edcias de Ribeir\u00e3o Preto-SP e Regi\u00e3o&quot;","block_context":{"text":"Not\u00edcias de Ribeir\u00e3o Preto-SP e Regi\u00e3o","link":"https:\/\/noticiasribeiraopreto.com.br\/index.php\/category\/noticias-de-ribeirao-preto-sp-e-regiao-ismael-colosi\/"},"img":{"alt_text":"","src":"https:\/\/i0.wp.com\/noticiasribeiraopreto.com.br\/wp-content\/uploads\/2024\/08\/album-harry-potter-1_2024-08-01_20-22-02_jpg_2024-08-01_20-22-03.webp.webp?fit=1200%2C799&ssl=1&resize=350%2C200","width":350,"height":200,"srcset":"https:\/\/i0.wp.com\/noticiasribeiraopreto.com.br\/wp-content\/uploads\/2024\/08\/album-harry-potter-1_2024-08-01_20-22-02_jpg_2024-08-01_20-22-03.webp.webp?fit=1200%2C799&ssl=1&resize=350%2C200 1x, https:\/\/i0.wp.com\/noticiasribeiraopreto.com.br\/wp-content\/uploads\/2024\/08\/album-harry-potter-1_2024-08-01_20-22-02_jpg_2024-08-01_20-22-03.webp.webp?fit=1200%2C799&ssl=1&resize=525%2C300 1.5x, https:\/\/i0.wp.com\/noticiasribeiraopreto.com.br\/wp-content\/uploads\/2024\/08\/album-harry-potter-1_2024-08-01_20-22-02_jpg_2024-08-01_20-22-03.webp.webp?fit=1200%2C799&ssl=1&resize=700%2C400 2x, https:\/\/i0.wp.com\/noticiasribeiraopreto.com.br\/wp-content\/uploads\/2024\/08\/album-harry-potter-1_2024-08-01_20-22-02_jpg_2024-08-01_20-22-03.webp.webp?fit=1200%2C799&ssl=1&resize=1050%2C600 3x"},"classes":[]},{"id":46632,"url":"https:\/\/noticiasribeiraopreto.com.br\/index.php\/2024\/04\/12\/rede-de-supermercados-da-regiao-aparece-entre-as-maiores-do-brasil-confira\/","url_meta":{"origin":79007,"position":2},"title":"Rede de supermercados da regi\u00e3o aparece entre as maiores do Brasil; Confira","author":"noticiasribeiraopreto.com.br","date":"12 de April de 2024","format":false,"excerpt":"O Grupo Savegnago, com sede em Sert\u00e3ozinho, na regi\u00e3o de Ribeir\u00e3o Preto, subiu uma posi\u00e7\u00e3o no ranking das maiores redes de supermercados do Brasil. De acordo com o ranking da Abras (Associa\u00e7\u00e3o Brasileira de Supermercados), divulgado nesta semana, o grupo aparece na 15\u00aa coloca\u00e7\u00e3o nacional e lidera no interior de\u2026","rel":"","context":"In &quot;Not\u00edcias de Ribeir\u00e3o Preto-SP e Regi\u00e3o&quot;","block_context":{"text":"Not\u00edcias de Ribeir\u00e3o Preto-SP e Regi\u00e3o","link":"https:\/\/noticiasribeiraopreto.com.br\/index.php\/category\/noticias-de-ribeirao-preto-sp-e-regiao-ismael-colosi\/"},"img":{"alt_text":"","src":"https:\/\/i0.wp.com\/noticiasribeiraopreto.com.br\/wp-content\/uploads\/2024\/04\/AnyConv.com__supermercados-1.webp.webp?fit=1200%2C800&ssl=1&resize=350%2C200","width":350,"height":200,"srcset":"https:\/\/i0.wp.com\/noticiasribeiraopreto.com.br\/wp-content\/uploads\/2024\/04\/AnyConv.com__supermercados-1.webp.webp?fit=1200%2C800&ssl=1&resize=350%2C200 1x, https:\/\/i0.wp.com\/noticiasribeiraopreto.com.br\/wp-content\/uploads\/2024\/04\/AnyConv.com__supermercados-1.webp.webp?fit=1200%2C800&ssl=1&resize=525%2C300 1.5x, https:\/\/i0.wp.com\/noticiasribeiraopreto.com.br\/wp-content\/uploads\/2024\/04\/AnyConv.com__supermercados-1.webp.webp?fit=1200%2C800&ssl=1&resize=700%2C400 2x, https:\/\/i0.wp.com\/noticiasribeiraopreto.com.br\/wp-content\/uploads\/2024\/04\/AnyConv.com__supermercados-1.webp.webp?fit=1200%2C800&ssl=1&resize=1050%2C600 3x"},"classes":[]},{"id":59399,"url":"https:\/\/noticiasribeiraopreto.com.br\/index.php\/2024\/10\/23\/saiba-quando-sera-inaugurado-supermercado-em-shopping-de-ribeirao-preto\/","url_meta":{"origin":79007,"position":3},"title":"Saiba quando ser\u00e1 inaugurado supermercado em shopping de Ribeir\u00e3o Preto","author":"noticiasribeiraopreto.com.br","date":"23 de October de 2024","format":false,"excerpt":"A Rede Savegnago informou nesta quarta-feira (23) que a loja que ficar\u00e1 no Novo Shopping, na zona Leste de Ribeir\u00e3o Preto, ser\u00e1 inaugurada no dia 26 de novembro. A loja vai ficar onde funcionava o Carrefour e, por anos, contou com uma unidade do Walmart. A unidade no shopping foi\u2026","rel":"","context":"In &quot;Not\u00edcias de Ribeir\u00e3o Preto-SP e Regi\u00e3o&quot;","block_context":{"text":"Not\u00edcias de Ribeir\u00e3o Preto-SP e Regi\u00e3o","link":"https:\/\/noticiasribeiraopreto.com.br\/index.php\/category\/noticias-de-ribeirao-preto-sp-e-regiao-ismael-colosi\/"},"img":{"alt_text":"","src":"https:\/\/i0.wp.com\/noticiasribeiraopreto.com.br\/wp-content\/uploads\/2024\/10\/AnyConv.com__savegnago_2024-07-19_15-27-35.webp.webp?fit=1200%2C800&ssl=1&resize=350%2C200","width":350,"height":200,"srcset":"https:\/\/i0.wp.com\/noticiasribeiraopreto.com.br\/wp-content\/uploads\/2024\/10\/AnyConv.com__savegnago_2024-07-19_15-27-35.webp.webp?fit=1200%2C800&ssl=1&resize=350%2C200 1x, https:\/\/i0.wp.com\/noticiasribeiraopreto.com.br\/wp-content\/uploads\/2024\/10\/AnyConv.com__savegnago_2024-07-19_15-27-35.webp.webp?fit=1200%2C800&ssl=1&resize=525%2C300 1.5x, https:\/\/i0.wp.com\/noticiasribeiraopreto.com.br\/wp-content\/uploads\/2024\/10\/AnyConv.com__savegnago_2024-07-19_15-27-35.webp.webp?fit=1200%2C800&ssl=1&resize=700%2C400 2x, https:\/\/i0.wp.com\/noticiasribeiraopreto.com.br\/wp-content\/uploads\/2024\/10\/AnyConv.com__savegnago_2024-07-19_15-27-35.webp.webp?fit=1200%2C800&ssl=1&resize=1050%2C600 3x"},"classes":[]},{"id":14952,"url":"https:\/\/noticiasribeiraopreto.com.br\/index.php\/2023\/12\/12\/campanha-moeda-solidaria-arrecada-mais-de-r%ef%bc%84-13-mi-para-entidades-assistenciais\/","url_meta":{"origin":79007,"position":4},"title":"Campanha Moeda Solid\u00e1ria arrecada mais de R\uff04 1,3 mi para entidades assistenciais","author":"noticiasribeiraopreto.com.br","date":"12 de December de 2023","format":false,"excerpt":"A campanha Moeda Solid\u00e1ria, promovida pela Rede Savegnago de Supermercados, arrecadou em 2023 o valor de R\uff04 1.313.054,62 em doa\u00e7\u00f5es, que foram realizadas por seus clientes. Como nos anos anteriores \u2013 a campanha foi lan\u00e7ada em 2019 \u2013 o valor ser\u00e1 repassado para institui\u00e7\u00f5es das cidades com lojas e postos\u2026","rel":"","context":"In &quot;Not\u00edcias de Ribeir\u00e3o Preto-SP e Regi\u00e3o&quot;","block_context":{"text":"Not\u00edcias de Ribeir\u00e3o Preto-SP e Regi\u00e3o","link":"https:\/\/noticiasribeiraopreto.com.br\/index.php\/category\/noticias-de-ribeirao-preto-sp-e-regiao-ismael-colosi\/"},"img":{"alt_text":"","src":"https:\/\/i0.wp.com\/noticiasribeiraopreto.com.br\/wp-content\/uploads\/2023\/12\/save.jpg?fit=800%2C533&ssl=1&resize=350%2C200","width":350,"height":200,"srcset":"https:\/\/i0.wp.com\/noticiasribeiraopreto.com.br\/wp-content\/uploads\/2023\/12\/save.jpg?fit=800%2C533&ssl=1&resize=350%2C200 1x, https:\/\/i0.wp.com\/noticiasribeiraopreto.com.br\/wp-content\/uploads\/2023\/12\/save.jpg?fit=800%2C533&ssl=1&resize=525%2C300 1.5x, https:\/\/i0.wp.com\/noticiasribeiraopreto.com.br\/wp-content\/uploads\/2023\/12\/save.jpg?fit=800%2C533&ssl=1&resize=700%2C400 2x"},"classes":[]},{"id":46450,"url":"https:\/\/noticiasribeiraopreto.com.br\/index.php\/2024\/04\/11\/veja-quais-sao-as-maiores-redes-de-supermercado-do-brasil\/","url_meta":{"origin":79007,"position":5},"title":"Veja quais s\u00e3o as maiores redes de supermercado do Brasil","author":"noticiasribeiraopreto.com.br","date":"11 de April de 2024","format":false,"excerpt":"A Abras (Associa\u00e7\u00e3o Brasileira de Supermercados) divulgou nesta semana o ranking das maiores redes de supermercado do Brasil. O ranking \u00e9 liderado pelo Carrefour, que faturou mais de R$ 115,4 bilh\u00f5es em 2023. O segundo colocado no ranking da Abras \u00e9 o Assa\u00ed Atacadista, que movimentou R$ 72,7 bilh\u00f5es. O\u2026","rel":"","context":"In &quot;Not\u00edcias de Ribeir\u00e3o Preto-SP e Regi\u00e3o&quot;","block_context":{"text":"Not\u00edcias de Ribeir\u00e3o Preto-SP e Regi\u00e3o","link":"https:\/\/noticiasribeiraopreto.com.br\/index.php\/category\/noticias-de-ribeirao-preto-sp-e-regiao-ismael-colosi\/"},"img":{"alt_text":"","src":"https:\/\/i0.wp.com\/noticiasribeiraopreto.com.br\/wp-content\/uploads\/2024\/04\/AnyConv.com__supermercados.webp.webp?fit=1170%2C780&ssl=1&resize=350%2C200","width":350,"height":200,"srcset":"https:\/\/i0.wp.com\/noticiasribeiraopreto.com.br\/wp-content\/uploads\/2024\/04\/AnyConv.com__supermercados.webp.webp?fit=1170%2C780&ssl=1&resize=350%2C200 1x, https:\/\/i0.wp.com\/noticiasribeiraopreto.com.br\/wp-content\/uploads\/2024\/04\/AnyConv.com__supermercados.webp.webp?fit=1170%2C780&ssl=1&resize=525%2C300 1.5x, https:\/\/i0.wp.com\/noticiasribeiraopreto.com.br\/wp-content\/uploads\/2024\/04\/AnyConv.com__supermercados.webp.webp?fit=1170%2C780&ssl=1&resize=700%2C400 2x, https:\/\/i0.wp.com\/noticiasribeiraopreto.com.br\/wp-content\/uploads\/2024\/04\/AnyConv.com__supermercados.webp.webp?fit=1170%2C780&ssl=1&resize=1050%2C600 3x"},"classes":[]}],"jetpack_sharing_enabled":true,"jetpack_shortlink":"https:\/\/wp.me\/peQAOb-kyj","_links":{"self":[{"href":"https:\/\/noticiasribeiraopreto.com.br\/index.php\/wp-json\/wp\/v2\/posts\/79007","targetHints":{"allow":["GET"]}}],"collection":[{"href":"https:\/\/noticiasribeiraopreto.com.br\/index.php\/wp-json\/wp\/v2\/posts"}],"about":[{"href":"https:\/\/noticiasribeiraopreto.com.br\/index.php\/wp-json\/wp\/v2\/types\/post"}],"author":[{"embeddable":true,"href":"https:\/\/noticiasribeiraopreto.com.br\/index.php\/wp-json\/wp\/v2\/users\/1"}],"replies":[{"embeddable":true,"href":"https:\/\/noticiasribeiraopreto.com.br\/index.php\/wp-json\/wp\/v2\/comments?post=79007"}],"version-history":[{"count":0,"href":"https:\/\/noticiasribeiraopreto.com.br\/index.php\/wp-json\/wp\/v2\/posts\/79007\/revisions"}],"wp:featuredmedia":[{"embeddable":true,"href":"https:\/\/noticiasribeiraopreto.com.br\/index.php\/wp-json\/wp\/v2\/media\/79008"}],"wp:attachment":[{"href":"https:\/\/noticiasribeiraopreto.com.br\/index.php\/wp-json\/wp\/v2\/media?parent=79007"}],"wp:term":[{"taxonomy":"category","embeddable":true,"href":"https:\/\/noticiasribeiraopreto.com.br\/index.php\/wp-json\/wp\/v2\/categories?post=79007"},{"taxonomy":"post_tag","embeddable":true,"href":"https:\/\/noticiasribeiraopreto.com.br\/index.php\/wp-json\/wp\/v2\/tags?post=79007"}],"curies":[{"name":"wp","href":"https:\/\/api.w.org\/{rel}","templated":true}]}}