{"id":79009,"date":"2025-10-22T17:06:22","date_gmt":"2025-10-22T20:06:22","guid":{"rendered":"https:\/\/noticiasribeiraopreto.com.br\/index.php\/2025\/10\/22\/sessoes-da-camara-passarao-a-ser-virtuais\/"},"modified":"2025-10-22T17:06:22","modified_gmt":"2025-10-22T20:06:22","slug":"sessoes-da-camara-passarao-a-ser-virtuais","status":"publish","type":"post","link":"https:\/\/noticiasribeiraopreto.com.br\/index.php\/2025\/10\/22\/sessoes-da-camara-passarao-a-ser-virtuais\/","title":{"rendered":"Sess\u00f5es da C\u00e2mara passar\u00e3o a ser virtuais"},"content":{"rendered":"<p> <br \/>\n<\/p>\n<div id=\"\">\n<p>\n\t\t\t\t\t\t\t\t\t<span class=\"entry-meta-item penci-posted-on\"><i class=\"fa fa-clock-o\"\/><time class=\"entry-date published updated\" datetime=\"2025-10-22T16:59:31-03:00\">22 de outubro de 2025 16:59<\/time><\/span><span class=\"entry-meta-item penci-post-countview\"><span class=\"entry-meta-item penci-post-countview penci_post-meta_item\"><i class=\"fa fa-eye\"\/><span class=\"penci-post-countview-number penci-post-countview-p443685\">4<\/span><\/span><\/span>\t\t\t\t\t\t\t\t<\/p>\n<p><!-- .entry-meta --><br \/>\n\t\t\t\t\t\t\t\t<span class=\"penci-social-buttons penci-social-share-footer\"><span class=\"penci-social-share-text\">Compartilhar<\/span><a href=\"#\" class=\"penci-post-like penci_post-meta_item  single-like-button penci-social-item like\" data-post_id=\"443685\" title=\"Like\" data-like=\"Like\" data-unlike=\"Unlike\"><i class=\"fa fa-thumbs-o-up\"\/><span class=\"penci-share-number\">0<\/span><\/a><i class=\"fa fa-facebook\"\/><a class=\"penci-social-item twitter\" target=\"_blank\" rel=\"noopener\" title=\"\" href=\"https:\/\/twitter.com\/intent\/tweet?text=Sess\u00f5es%20da%20C\u00e2mara%20passar\u00e3o%20a%20ser%20virtuais%20-%20https:\/\/www.tribunaribeirao.com.br\/sessoes-da-camara-passarao-a-ser-virtuais\/\"><i class=\"fa fa-twitter\"\/><\/a><i class=\"fa fa-linkedin\"\/><i class=\"fa fa-whatsapp\"\/><i class=\"fa fa-telegram\"\/><i class=\"fa fa-envelope\"\/><\/span>\t\t\t\t\t\t\t<\/div>\n<div>\n<p>Mudan\u00e7a acontecer\u00e1 na segunda quinzena de novembro, em fun\u00e7\u00e3o do in\u00edcio das obras de reformas dos Plen\u00e1rios do Legislativo municipal que dever\u00e3o durar oito meses<\/p>\n<p>A C\u00e2mara Municipal de Ribeir\u00e3o Preto voltar\u00e1 a ter sess\u00f5es virtuais em vez das presenciais a partir da segunda quinzena de novembro, quando devem come\u00e7ar as obras de reforma dos Plen\u00e1rios I e II do Legislativo municipal. Elas s\u00e3o realizadas \u00e0s segundas e quartas-feiras.<\/p>\n<p>A mudan\u00e7a acontecer\u00e1 assim que a empresa Arcon Construtora Ltda. da cidade de Hortol\u00e2ndia, que venceu a licita\u00e7\u00e3o para as obras assinar o contrato e receber a Ordem de Servi\u00e7o (OS). O Edital de homologa\u00e7\u00e3o da empresa foi publicada no Di\u00e1rio Oficial do Munic\u00edpio (DOM) de ter\u00e7a-feira 21 de outubro.<\/p>\n<p>A Arcon foi a terceira colocada no certame e ofereceu R$ 4.765.616,33 e foi convocada ap\u00f3s as duas primeiras colocadas no certame terem sido desclassificadas por problemas na documenta\u00e7\u00e3o exigida no Edital.<\/p>\n<p>Em 2020, em fun\u00e7\u00e3o da pandemia da Covid, a C\u00e2mara tamb\u00e9m suspendeu as sess\u00f5es presenciais em fun\u00e7\u00e3o do protocolo de restri\u00e7\u00f5es sanit\u00e1rias estabelecidos, nas \u00e9poca, para a doen\u00e7a. A primeira suspens\u00e3o foi entre 24 de mar\u00e7o e 2 de junho daquele ano. Outras suspens\u00f5es foram realizadas posteriormente.<\/p>\n<p>O prazo para a empresa realizar as reformas ser\u00e1 de oito meses e a dura\u00e7\u00e3o do contrato de dez meses podendo ser prorrogado. Isso significa que se o prazo inicial estabelecido for cumprido, as sess\u00f5es presenciais s\u00f3 dever\u00e3o ser retomadas em julho ou agosto do pr\u00f3ximo ano.<\/p>\n<p>Vale lembrar que no m\u00eas de julho os vereadores t\u00eam recesso parlamentar entre os dias 16 e 31 de julho. A reforma total prev\u00ea a revitaliza\u00e7\u00e3o dos espa\u00e7os, com mais acessibilidade e conforto para a popula\u00e7\u00e3o que visitar o Legislativo, al\u00e9m de modernizar o trabalho dos vereadores. A adequa\u00e7\u00e3o foi necess\u00e1ria, principalmente, para que a C\u00e2mara consiga regularizar definitivamente o Auto de Vistoria do Corpo de Bombeiros (AVCB).<\/p>\n<p>O Sal\u00e3o Nobre vai ser considerado como um segundo plen\u00e1rio e receber\u00e1 o atual sistema de vota\u00e7\u00e3o que hoje est\u00e1 em uso no plen\u00e1rio.<\/p>\n<p>J\u00e1 no plen\u00e1rio Jornalista Orlando Vitaliano, a reforma contempla a amplia\u00e7\u00e3o da \u00e1rea dos parlamentares, novo sistema de vota\u00e7\u00e3o com tel\u00e3o em led, troca do carpete para um material com resist\u00eancia ao fogo, adequa\u00e7\u00e3o das cadeiras nas galerias visando acessibilidade para pessoas com defici\u00eancia.<\/p>\n<p>Ser\u00e1 feito ainda, a troca de piso, instala\u00e7\u00e3o de novos sanit\u00e1rios adaptados, ilumina\u00e7\u00e3o adequada, altera\u00e7\u00e3o da fachada conforme orienta\u00e7\u00e3o do Corpo de Bombeiros, adequa\u00e7\u00e3o das rampas com material n\u00e3o combust\u00edvel conforme exig\u00eancias legais da corpora\u00e7\u00e3o. P<\/p>\n<p>or fim, ser\u00e1 refeita toda parte el\u00e9trica com a troca do transformador e toda a fia\u00e7\u00e3o, a implanta\u00e7\u00e3o de um para raio e de um n\u00facleo independente de energia no plen\u00e1rio.<\/p>\n<p><!-- CONTENT END 3 -->\n<\/div>\n<p><script async src=\"\/\/platform.twitter.com\/widgets.js\" charset=\"utf-8\"><\/script><br \/>\n<br \/><br \/>\n<br \/><a href=\"https:\/\/www.tribunaribeirao.com.br\/sessoes-da-camara-passarao-a-ser-virtuais\/\">Source link <\/a><\/p>\n","protected":false},"excerpt":{"rendered":"<p>22 de outubro de 2025 16:594 Compartilhar0 Mudan\u00e7a acontecer\u00e1 na segunda quinzena de novembro, em fun\u00e7\u00e3o do in\u00edcio das obras de reformas dos Plen\u00e1rios do&#8230;<\/p>\n","protected":false},"author":1,"featured_media":79010,"comment_status":"open","ping_status":"open","sticky":false,"template":"","format":"standard","meta":{"advanced_seo_description":"","jetpack_seo_html_title":"","jetpack_seo_noindex":false,"jetpack_post_was_ever_published":false,"_jetpack_newsletter_access":"","_jetpack_dont_email_post_to_subs":false,"_jetpack_newsletter_tier_id":0,"_jetpack_memberships_contains_paywalled_content":false,"_jetpack_memberships_contains_paid_content":false,"footnotes":"","jetpack_publicize_message":"","jetpack_publicize_feature_enabled":true,"jetpack_social_post_already_shared":true,"jetpack_social_options":{"image_generator_settings":{"template":"highway","default_image_id":0,"font":"","enabled":false},"version":2}},"categories":[11],"tags":[],"class_list":["post-79009","post","type-post","status-publish","format-standard","has-post-thumbnail","hentry","category-noticias-de-ribeirao-preto-sp-e-regiao-ismael-colosi"],"jetpack_publicize_connections":[],"jetpack_featured_media_url":"https:\/\/i0.wp.com\/noticiasribeiraopreto.com.br\/wp-content\/uploads\/2025\/10\/1761163601_CamaraRP-Alfredo-Risk-scaled.jpg?fit=1170%2C780&ssl=1","jetpack-related-posts":[{"id":66160,"url":"https:\/\/noticiasribeiraopreto.com.br\/index.php\/2025\/03\/28\/sessoes-da-camara-de-ribeirao-preto-vao-mudar-de-dia-e-horario-confira\/","url_meta":{"origin":79009,"position":0},"title":"Sess\u00f5es da C\u00e2mara de Ribeir\u00e3o Preto v\u00e3o mudar de dia e hor\u00e1rio; Confira","author":"noticiasribeiraopreto.com.br","date":"28 de March de 2025","format":false,"excerpt":"A C\u00e2mara de Ribeir\u00e3o Preto anunciou nesta sexta-feira (28) que as sess\u00f5es legislativas v\u00e3o mudar de dia e hor\u00e1rio a partir de 14 de abril. A mudan\u00e7a est\u00e1 prevista em um projeto de resolu\u00e7\u00e3o, que ser\u00e1 votado na pr\u00f3xima semana. O Legislativo informou que as sess\u00f5es passar\u00e3o das ter\u00e7as e\u2026","rel":"","context":"In &quot;Not\u00edcias de Ribeir\u00e3o Preto-SP e Regi\u00e3o&quot;","block_context":{"text":"Not\u00edcias de Ribeir\u00e3o Preto-SP e Regi\u00e3o","link":"https:\/\/noticiasribeiraopreto.com.br\/index.php\/category\/noticias-de-ribeirao-preto-sp-e-regiao-ismael-colosi\/"},"img":{"alt_text":"","src":"https:\/\/i0.wp.com\/noticiasribeiraopreto.com.br\/wp-content\/uploads\/2025\/03\/camara-de-ribeirao-preto_2025-03-28_14-50-43_jpg_2025-03-28_14-50-44-scaled.webp.webp?fit=1200%2C800&ssl=1&resize=350%2C200","width":350,"height":200,"srcset":"https:\/\/i0.wp.com\/noticiasribeiraopreto.com.br\/wp-content\/uploads\/2025\/03\/camara-de-ribeirao-preto_2025-03-28_14-50-43_jpg_2025-03-28_14-50-44-scaled.webp.webp?fit=1200%2C800&ssl=1&resize=350%2C200 1x, https:\/\/i0.wp.com\/noticiasribeiraopreto.com.br\/wp-content\/uploads\/2025\/03\/camara-de-ribeirao-preto_2025-03-28_14-50-43_jpg_2025-03-28_14-50-44-scaled.webp.webp?fit=1200%2C800&ssl=1&resize=525%2C300 1.5x, https:\/\/i0.wp.com\/noticiasribeiraopreto.com.br\/wp-content\/uploads\/2025\/03\/camara-de-ribeirao-preto_2025-03-28_14-50-43_jpg_2025-03-28_14-50-44-scaled.webp.webp?fit=1200%2C800&ssl=1&resize=700%2C400 2x, https:\/\/i0.wp.com\/noticiasribeiraopreto.com.br\/wp-content\/uploads\/2025\/03\/camara-de-ribeirao-preto_2025-03-28_14-50-43_jpg_2025-03-28_14-50-44-scaled.webp.webp?fit=1200%2C800&ssl=1&resize=1050%2C600 3x"},"classes":[]},{"id":63128,"url":"https:\/\/noticiasribeiraopreto.com.br\/index.php\/2025\/02\/03\/sessoes-da-camara-de-ribeirao-voltam-nesta-terca-veja-quem-e-quem-no-legislativo\/","url_meta":{"origin":79009,"position":1},"title":"Sess\u00f5es da C\u00e2mara de Ribeir\u00e3o voltam nesta ter\u00e7a; Veja quem \u00e9 quem no Legislativo","author":"noticiasribeiraopreto.com.br","date":"3 de February de 2025","format":false,"excerpt":"O recesso parlamentar chegou ao fim e as sess\u00f5es da C\u00e2mara de Ribeir\u00e3o Preto ser\u00e3o retomadas nesta ter\u00e7a-feira (4). Essa ser\u00e1 a primeira sess\u00e3o ordin\u00e1ria do Legislativo ribeir\u00e3o-pretano, que conta com nove caras novas a partir de 2025. \u00c9 v\u00e1lido lembrar que, embora as sess\u00f5es s\u00f3 sejam retomadas nesta ter\u00e7a-feira,\u2026","rel":"","context":"In &quot;Not\u00edcias de Ribeir\u00e3o Preto-SP e Regi\u00e3o&quot;","block_context":{"text":"Not\u00edcias de Ribeir\u00e3o Preto-SP e Regi\u00e3o","link":"https:\/\/noticiasribeiraopreto.com.br\/index.php\/category\/noticias-de-ribeirao-preto-sp-e-regiao-ismael-colosi\/"},"img":{"alt_text":"","src":"https:\/\/i0.wp.com\/noticiasribeiraopreto.com.br\/wp-content\/uploads\/2025\/02\/camara-ribeirao-preto_2025-02-03_21-05-02_jpg_2025-02-03_21-05-02.webp.webp?fit=1200%2C800&ssl=1&resize=350%2C200","width":350,"height":200,"srcset":"https:\/\/i0.wp.com\/noticiasribeiraopreto.com.br\/wp-content\/uploads\/2025\/02\/camara-ribeirao-preto_2025-02-03_21-05-02_jpg_2025-02-03_21-05-02.webp.webp?fit=1200%2C800&ssl=1&resize=350%2C200 1x, https:\/\/i0.wp.com\/noticiasribeiraopreto.com.br\/wp-content\/uploads\/2025\/02\/camara-ribeirao-preto_2025-02-03_21-05-02_jpg_2025-02-03_21-05-02.webp.webp?fit=1200%2C800&ssl=1&resize=525%2C300 1.5x, https:\/\/i0.wp.com\/noticiasribeiraopreto.com.br\/wp-content\/uploads\/2025\/02\/camara-ribeirao-preto_2025-02-03_21-05-02_jpg_2025-02-03_21-05-02.webp.webp?fit=1200%2C800&ssl=1&resize=700%2C400 2x, https:\/\/i0.wp.com\/noticiasribeiraopreto.com.br\/wp-content\/uploads\/2025\/02\/camara-ribeirao-preto_2025-02-03_21-05-02_jpg_2025-02-03_21-05-02.webp.webp?fit=1200%2C800&ssl=1&resize=1050%2C600 3x"},"classes":[]},{"id":59150,"url":"https:\/\/noticiasribeiraopreto.com.br\/index.php\/2024\/10\/15\/confira-a-agenda-dos-candidatos-a-prefeitura-de-ribeirao-preto-nesta-quarta-feira-16\/","url_meta":{"origin":79009,"position":2},"title":"Confira a agenda dos candidatos \u00e0 Prefeitura de Ribeir\u00e3o Preto nesta quarta-feira (16)","author":"noticiasribeiraopreto.com.br","date":"15 de October de 2024","format":false,"excerpt":"Os candidatos \u00e0\u00a0Prefeitura de Ribeir\u00e3o Preto\u00a0divulgaram suas agendas de campanha para esta quarta-feira (16). O per\u00edodo de propaganda eleitoral, para o segundo turno, come\u00e7ou no dia 7 de outubro, portanto,\u00a0candidatos podem apresentar \u00e0s eleitoras e aos eleitores suas ideias e propostas. A publicidade das candidaturas pode ser feita na internet,\u2026","rel":"","context":"In &quot;Not\u00edcias de Ribeir\u00e3o Preto-SP e Regi\u00e3o&quot;","block_context":{"text":"Not\u00edcias de Ribeir\u00e3o Preto-SP e Regi\u00e3o","link":"https:\/\/noticiasribeiraopreto.com.br\/index.php\/category\/noticias-de-ribeirao-preto-sp-e-regiao-ismael-colosi\/"},"img":{"alt_text":"","src":"https:\/\/i0.wp.com\/noticiasribeiraopreto.com.br\/wp-content\/uploads\/2024\/10\/Copia-de-Copia-de-Copia-de-TAMANHO-EXATO-PARA-FOTOS-NO-SISTEMA-NOVO-95_2024-10-06_22-19-13_png_2024-10-06_22-19-13.webp.webp?fit=1200%2C675&ssl=1&resize=350%2C200","width":350,"height":200,"srcset":"https:\/\/i0.wp.com\/noticiasribeiraopreto.com.br\/wp-content\/uploads\/2024\/10\/Copia-de-Copia-de-Copia-de-TAMANHO-EXATO-PARA-FOTOS-NO-SISTEMA-NOVO-95_2024-10-06_22-19-13_png_2024-10-06_22-19-13.webp.webp?fit=1200%2C675&ssl=1&resize=350%2C200 1x, https:\/\/i0.wp.com\/noticiasribeiraopreto.com.br\/wp-content\/uploads\/2024\/10\/Copia-de-Copia-de-Copia-de-TAMANHO-EXATO-PARA-FOTOS-NO-SISTEMA-NOVO-95_2024-10-06_22-19-13_png_2024-10-06_22-19-13.webp.webp?fit=1200%2C675&ssl=1&resize=525%2C300 1.5x, https:\/\/i0.wp.com\/noticiasribeiraopreto.com.br\/wp-content\/uploads\/2024\/10\/Copia-de-Copia-de-Copia-de-TAMANHO-EXATO-PARA-FOTOS-NO-SISTEMA-NOVO-95_2024-10-06_22-19-13_png_2024-10-06_22-19-13.webp.webp?fit=1200%2C675&ssl=1&resize=700%2C400 2x, https:\/\/i0.wp.com\/noticiasribeiraopreto.com.br\/wp-content\/uploads\/2024\/10\/Copia-de-Copia-de-Copia-de-TAMANHO-EXATO-PARA-FOTOS-NO-SISTEMA-NOVO-95_2024-10-06_22-19-13_png_2024-10-06_22-19-13.webp.webp?fit=1200%2C675&ssl=1&resize=1050%2C600 3x"},"classes":[]},{"id":57988,"url":"https:\/\/noticiasribeiraopreto.com.br\/index.php\/2024\/09\/16\/camara-no-interior-de-sp-abre-concurso-publico-com-salarios-de-r-7-mil\/","url_meta":{"origin":79009,"position":3},"title":"C\u00e2mara no interior de SP abre concurso p\u00fablico com sal\u00e1rios de R$ 7 mil","author":"noticiasribeiraopreto.com.br","date":"16 de September de 2024","format":false,"excerpt":"A C\u00e2mara Municipal de S\u00e3o Sim\u00e3o, no interior de S\u00e3o Paulo, abriu concurso p\u00fablico com quatro vagas de n\u00edvel m\u00e9dio e superior, al\u00e9m de oportunidades para cadastro de reserva. Os sal\u00e1rios para as fun\u00e7\u00f5es variam entre R$ 3 mil e R$ 7 mil. As inscri\u00e7\u00f5es devem ser realizadas pela internet\u2026","rel":"","context":"In &quot;Not\u00edcias de Ribeir\u00e3o Preto-SP e Regi\u00e3o&quot;","block_context":{"text":"Not\u00edcias de Ribeir\u00e3o Preto-SP e Regi\u00e3o","link":"https:\/\/noticiasribeiraopreto.com.br\/index.php\/category\/noticias-de-ribeirao-preto-sp-e-regiao-ismael-colosi\/"},"img":{"alt_text":"","src":"https:\/\/i0.wp.com\/noticiasribeiraopreto.com.br\/wp-content\/uploads\/2024\/08\/concurso-publico-ribeirao-preto_2024-08-13_10-44-40_jpg_2024-08-13_10-44-40.webp.webp?fit=1200%2C800&ssl=1&resize=350%2C200","width":350,"height":200,"srcset":"https:\/\/i0.wp.com\/noticiasribeiraopreto.com.br\/wp-content\/uploads\/2024\/08\/concurso-publico-ribeirao-preto_2024-08-13_10-44-40_jpg_2024-08-13_10-44-40.webp.webp?fit=1200%2C800&ssl=1&resize=350%2C200 1x, https:\/\/i0.wp.com\/noticiasribeiraopreto.com.br\/wp-content\/uploads\/2024\/08\/concurso-publico-ribeirao-preto_2024-08-13_10-44-40_jpg_2024-08-13_10-44-40.webp.webp?fit=1200%2C800&ssl=1&resize=525%2C300 1.5x, https:\/\/i0.wp.com\/noticiasribeiraopreto.com.br\/wp-content\/uploads\/2024\/08\/concurso-publico-ribeirao-preto_2024-08-13_10-44-40_jpg_2024-08-13_10-44-40.webp.webp?fit=1200%2C800&ssl=1&resize=700%2C400 2x, https:\/\/i0.wp.com\/noticiasribeiraopreto.com.br\/wp-content\/uploads\/2024\/08\/concurso-publico-ribeirao-preto_2024-08-13_10-44-40_jpg_2024-08-13_10-44-40.webp.webp?fit=1200%2C800&ssl=1&resize=1050%2C600 3x"},"classes":[]},{"id":56176,"url":"https:\/\/noticiasribeiraopreto.com.br\/index.php\/2024\/08\/10\/camara-no-interior-de-sp-abre-concurso-publico-com-salarios-de-r-4-mil-2\/","url_meta":{"origin":79009,"position":4},"title":"C\u00e2mara no interior de SP abre concurso p\u00fablico com sal\u00e1rios de R$ 4 mil","author":"noticiasribeiraopreto.com.br","date":"10 de August de 2024","format":false,"excerpt":"A C\u00e2mara Municipal de Restinga, no interior de S\u00e3o Paulo, abriu concurso p\u00fablico com quatro vagas e sal\u00e1rios que variam entre R$ 2 mil e R$ 4,2 mil. As vagas s\u00e3o de n\u00edvel m\u00e9dio e superior. As inscri\u00e7\u00f5es devem ser realizadas pela internet (clique aqui) no per\u00edodo entre 12 de\u2026","rel":"","context":"In &quot;Not\u00edcias de Ribeir\u00e3o Preto-SP e Regi\u00e3o&quot;","block_context":{"text":"Not\u00edcias de Ribeir\u00e3o Preto-SP e Regi\u00e3o","link":"https:\/\/noticiasribeiraopreto.com.br\/index.php\/category\/noticias-de-ribeirao-preto-sp-e-regiao-ismael-colosi\/"},"img":{"alt_text":"","src":"https:\/\/i0.wp.com\/noticiasribeiraopreto.com.br\/wp-content\/uploads\/2024\/08\/1723312149_prova-concurso-publico-3.jpg?fit=1200%2C800&ssl=1&resize=350%2C200","width":350,"height":200,"srcset":"https:\/\/i0.wp.com\/noticiasribeiraopreto.com.br\/wp-content\/uploads\/2024\/08\/1723312149_prova-concurso-publico-3.jpg?fit=1200%2C800&ssl=1&resize=350%2C200 1x, https:\/\/i0.wp.com\/noticiasribeiraopreto.com.br\/wp-content\/uploads\/2024\/08\/1723312149_prova-concurso-publico-3.jpg?fit=1200%2C800&ssl=1&resize=525%2C300 1.5x, https:\/\/i0.wp.com\/noticiasribeiraopreto.com.br\/wp-content\/uploads\/2024\/08\/1723312149_prova-concurso-publico-3.jpg?fit=1200%2C800&ssl=1&resize=700%2C400 2x, https:\/\/i0.wp.com\/noticiasribeiraopreto.com.br\/wp-content\/uploads\/2024\/08\/1723312149_prova-concurso-publico-3.jpg?fit=1200%2C800&ssl=1&resize=1050%2C600 3x"},"classes":[]},{"id":80834,"url":"https:\/\/noticiasribeiraopreto.com.br\/index.php\/2025\/12\/15\/carla-zambelli-renuncia-ao-mandato-e-camara-convoca-deputado-da-regiao-de-ribeirao-preto\/","url_meta":{"origin":79009,"position":5},"title":"Carla Zambelli renuncia ao mandato e C\u00e2mara convoca deputado da regi\u00e3o de Ribeir\u00e3o Preto","author":"noticiasribeiraopreto.com.br","date":"15 de December de 2025","format":false,"excerpt":"O presidente da C\u00e2mara dos Deputados, Hugo Motta (Republicanos-PB), informou neste domingo (14) que a deputada federal Carla Zambelli (PL-SP) apresentou ren\u00fancia ao mandato parlamentar. A decis\u00e3o ocorreu ap\u00f3s determina\u00e7\u00e3o do STF (Supremo Tribunal Federal) que estabeleceu prazo de 48 horas para a posse do suplente. Em nota oficial, a\u2026","rel":"","context":"In &quot;Not\u00edcias de Ribeir\u00e3o Preto-SP e Regi\u00e3o&quot;","block_context":{"text":"Not\u00edcias de Ribeir\u00e3o Preto-SP e Regi\u00e3o","link":"https:\/\/noticiasribeiraopreto.com.br\/index.php\/category\/noticias-de-ribeirao-preto-sp-e-regiao-ismael-colosi\/"},"img":{"alt_text":"","src":"https:\/\/i0.wp.com\/noticiasribeiraopreto.com.br\/wp-content\/uploads\/2025\/12\/adilson-barroso-plenario_2025-12-12_16-19-47.webp.webp?fit=1200%2C738&ssl=1&resize=350%2C200","width":350,"height":200,"srcset":"https:\/\/i0.wp.com\/noticiasribeiraopreto.com.br\/wp-content\/uploads\/2025\/12\/adilson-barroso-plenario_2025-12-12_16-19-47.webp.webp?fit=1200%2C738&ssl=1&resize=350%2C200 1x, https:\/\/i0.wp.com\/noticiasribeiraopreto.com.br\/wp-content\/uploads\/2025\/12\/adilson-barroso-plenario_2025-12-12_16-19-47.webp.webp?fit=1200%2C738&ssl=1&resize=525%2C300 1.5x, https:\/\/i0.wp.com\/noticiasribeiraopreto.com.br\/wp-content\/uploads\/2025\/12\/adilson-barroso-plenario_2025-12-12_16-19-47.webp.webp?fit=1200%2C738&ssl=1&resize=700%2C400 2x, https:\/\/i0.wp.com\/noticiasribeiraopreto.com.br\/wp-content\/uploads\/2025\/12\/adilson-barroso-plenario_2025-12-12_16-19-47.webp.webp?fit=1200%2C738&ssl=1&resize=1050%2C600 3x"},"classes":[]}],"jetpack_sharing_enabled":true,"jetpack_shortlink":"https:\/\/wp.me\/peQAOb-kyl","_links":{"self":[{"href":"https:\/\/noticiasribeiraopreto.com.br\/index.php\/wp-json\/wp\/v2\/posts\/79009","targetHints":{"allow":["GET"]}}],"collection":[{"href":"https:\/\/noticiasribeiraopreto.com.br\/index.php\/wp-json\/wp\/v2\/posts"}],"about":[{"href":"https:\/\/noticiasribeiraopreto.com.br\/index.php\/wp-json\/wp\/v2\/types\/post"}],"author":[{"embeddable":true,"href":"https:\/\/noticiasribeiraopreto.com.br\/index.php\/wp-json\/wp\/v2\/users\/1"}],"replies":[{"embeddable":true,"href":"https:\/\/noticiasribeiraopreto.com.br\/index.php\/wp-json\/wp\/v2\/comments?post=79009"}],"version-history":[{"count":0,"href":"https:\/\/noticiasribeiraopreto.com.br\/index.php\/wp-json\/wp\/v2\/posts\/79009\/revisions"}],"wp:featuredmedia":[{"embeddable":true,"href":"https:\/\/noticiasribeiraopreto.com.br\/index.php\/wp-json\/wp\/v2\/media\/79010"}],"wp:attachment":[{"href":"https:\/\/noticiasribeiraopreto.com.br\/index.php\/wp-json\/wp\/v2\/media?parent=79009"}],"wp:term":[{"taxonomy":"category","embeddable":true,"href":"https:\/\/noticiasribeiraopreto.com.br\/index.php\/wp-json\/wp\/v2\/categories?post=79009"},{"taxonomy":"post_tag","embeddable":true,"href":"https:\/\/noticiasribeiraopreto.com.br\/index.php\/wp-json\/wp\/v2\/tags?post=79009"}],"curies":[{"name":"wp","href":"https:\/\/api.w.org\/{rel}","templated":true}]}}