{"id":79011,"date":"2025-10-22T17:12:42","date_gmt":"2025-10-22T20:12:42","guid":{"rendered":"https:\/\/noticiasribeiraopreto.com.br\/index.php\/2025\/10\/22\/aprovacao-do-iphan-libera-nova-etapa-para-o-inicio-da-construcao-do-aeroporto-internacional-de-olimpia\/"},"modified":"2025-10-22T17:12:42","modified_gmt":"2025-10-22T20:12:42","slug":"aprovacao-do-iphan-libera-nova-etapa-para-o-inicio-da-construcao-do-aeroporto-internacional-de-olimpia","status":"publish","type":"post","link":"https:\/\/noticiasribeiraopreto.com.br\/index.php\/2025\/10\/22\/aprovacao-do-iphan-libera-nova-etapa-para-o-inicio-da-construcao-do-aeroporto-internacional-de-olimpia\/","title":{"rendered":"Aprova\u00e7\u00e3o do IPHAN libera nova etapa para o in\u00edcio da constru\u00e7\u00e3o do Aeroporto Internacional de Ol\u00edmpia"},"content":{"rendered":"<p> <br \/>\n<\/p>\n<div id=\"\">\n<p>\n\t\t\t\t\t\t\t\t\t<span class=\"entry-meta-item penci-posted-on\"><i class=\"fa fa-clock-o\"\/><time class=\"entry-date published\" datetime=\"2025-10-22T17:06:55-03:00\">22 de outubro de 2025 17:06<\/time><time class=\"updated\" datetime=\"2025-10-22T17:09:24-03:00\">22 de outubro de 2025 17:09<\/time><\/span><span class=\"entry-meta-item penci-post-countview\"><span class=\"entry-meta-item penci-post-countview penci_post-meta_item\"><i class=\"fa fa-eye\"\/><span class=\"penci-post-countview-number penci-post-countview-p443711\">7<\/span><\/span><\/span>\t\t\t\t\t\t\t\t<\/p>\n<p><!-- .entry-meta --><br \/>\n\t\t\t\t\t\t\t\t<span class=\"penci-social-buttons penci-social-share-footer\"><span class=\"penci-social-share-text\">Compartilhar<\/span><a href=\"#\" class=\"penci-post-like penci_post-meta_item  single-like-button penci-social-item like\" data-post_id=\"443711\" title=\"Like\" data-like=\"Like\" data-unlike=\"Unlike\"><i class=\"fa fa-thumbs-o-up\"\/><span class=\"penci-share-number\">0<\/span><\/a><i class=\"fa fa-facebook\"\/><a class=\"penci-social-item twitter\" target=\"_blank\" rel=\"noopener\" title=\"\" href=\"https:\/\/twitter.com\/intent\/tweet?text=Aprova\u00e7\u00e3o%20do%20IPHAN%20libera%20nova%20etapa%20para%20o%20in\u00edcio%20da%20constru\u00e7\u00e3o%20do%20Aeroporto%20Internacional%20de%20Ol\u00edmpia%20-%20https:\/\/www.tribunaribeirao.com.br\/aprovacao-do-iphan-libera-mais-uma-etapa-para-o-inicio-da-construcao-do-aeroporto-internacional-de-olimpia\/\"><i class=\"fa fa-twitter\"\/><\/a><i class=\"fa fa-linkedin\"\/><i class=\"fa fa-whatsapp\"\/><i class=\"fa fa-telegram\"\/><i class=\"fa fa-envelope\"\/><\/span>\t\t\t\t\t\t\t<\/div>\n<div>\n<p><em>Investimento no Aeroporto ser\u00e1 de R$ 500 milh\u00f5es e est\u00e1 previsto para 2026<\/em><\/p>\n<p>A cidade de Ol\u00edmpia (SP) acaba de alcan\u00e7ar mais uma etapa para a Constru\u00e7\u00e3o do novo Aeroporto Internacional: o Instituto do Patrim\u00f4nio Hist\u00f3rico e Art\u00edstico Nacional (IPHAN) deu parecer t\u00e9cnico favor\u00e1vel.<\/p>\n<p>O parecer confirma que o empreendimento cumpre todas as exig\u00eancias de preserva\u00e7\u00e3o e impacto cultural, permitindo o avan\u00e7o para as fases de licenciamento e in\u00edcio das obras, sob responsabilidade da Infraero.<\/p>\n<p>Com essa aprova\u00e7\u00e3o, Ol\u00edmpia entra de vez no radar nacional e internacional do turismo e da log\u00edstica, abrindo caminho para um novo ciclo de crescimento econ\u00f4mico. A cidade, que j\u00e1 recebe 5 milh\u00f5es de turistas por ano e possui 35 mil leitos hoteleiros, ser\u00e1 o \u00fanico destino tur\u00edstico do interior paulista distante da capital a contar com voos nacionais e internacionais regulares.<\/p>\n<figure id=\"attachment_443713\" aria-describedby=\"caption-attachment-443713\" style=\"width: 428px\" class=\"wp-caption alignright\"><img data-recalc-dims=\"1\" loading=\"lazy\" decoding=\"async\" class=\"wp-image-443713 lazyload\" src=\"https:\/\/i0.wp.com\/www.tribunaribeirao.com.br\/wp-content\/uploads\/2025\/10\/OLIMPIA--300x225.jpg?resize=428%2C321&#038;ssl=1\" alt=\"\" width=\"428\" height=\"321\" srcset=\"https:\/\/www.tribunaribeirao.com.br\/wp-content\/uploads\/2025\/10\/OLIMPIA--300x225.jpg 300w, https:\/\/www.tribunaribeirao.com.br\/wp-content\/uploads\/2025\/10\/OLIMPIA--1024x768.jpg 1024w, https:\/\/www.tribunaribeirao.com.br\/wp-content\/uploads\/2025\/10\/OLIMPIA--768x576.jpg 768w, https:\/\/www.tribunaribeirao.com.br\/wp-content\/uploads\/2025\/10\/OLIMPIA--1536x1152.jpg 1536w, https:\/\/www.tribunaribeirao.com.br\/wp-content\/uploads\/2025\/10\/OLIMPIA--760x570.jpg 760w, https:\/\/www.tribunaribeirao.com.br\/wp-content\/uploads\/2025\/10\/OLIMPIA--1920x1440.jpg 1920w, https:\/\/www.tribunaribeirao.com.br\/wp-content\/uploads\/2025\/10\/OLIMPIA--960x720.jpg 960w, https:\/\/www.tribunaribeirao.com.br\/wp-content\/uploads\/2025\/10\/OLIMPIA--533x400.jpg 533w, https:\/\/www.tribunaribeirao.com.br\/wp-content\/uploads\/2025\/10\/OLIMPIA--585x439.jpg 585w, https:\/\/www.tribunaribeirao.com.br\/wp-content\/uploads\/2025\/10\/OLIMPIA--scaled.jpg 1040w\" data-sizes=\"(max-width: 428px) 100vw, 428px\" style=\"--smush-placeholder-width: 428px; --smush-placeholder-aspect-ratio: 428\/321;\"\/><figcaption id=\"caption-attachment-443713\" class=\"wp-caption-text\">Cidade de Ol\u00edmpia tem atra\u00eddo cada vez mais visitantes com seus parques tem\u00e1ticos e o aeroporto facilitar\u00e1 a chegada de mais turistas (divulga\u00e7\u00e3o)<\/figcaption><\/figure>\n<p>\u201cEsta \u00e9 uma conquista hist\u00f3rica para Ol\u00edmpia. O novo aeroporto vai abrir as portas do mundo para nossa cidade, atraindo mais investimentos, gerando empregos e fortalecendo o turismo, sempre com respeito \u00e0s diretrizes t\u00e9cnicas e ambientais exigidas pelos \u00f3rg\u00e3os competentes\u201d, afirmou o prefeito Geninho Zuliani.<\/p>\n<p>O projeto, or\u00e7ado em R$ 500 milh\u00f5es e com financiamento do Programa de Acelera\u00e7\u00e3o do Crescimento (PAC), prev\u00ea uma pista de 2.100 metros de extens\u00e3o por 45 de largura, com possibilidade de amplia\u00e7\u00e3o para 2.500 metros. A capacidade inicial \u00e9 para 1 milh\u00e3o de passageiros por ano, com terminal preparado para receber aeronaves de grande porte, inclusive cargueiros internacionais.<\/p>\n<p>Al\u00e9m do impacto no turismo, o novo aeroporto posiciona Ol\u00edmpia como ponto estrat\u00e9gico de integra\u00e7\u00e3o regional para os estados de S\u00e3o Paulo, Minas Gerais, Mato Grosso e Goi\u00e1s, encurtando dist\u00e2ncias log\u00edsticas e oferecendo um novo eixo de transporte para exporta\u00e7\u00e3o e importa\u00e7\u00e3o de produtos.<\/p>\n<p>A aprova\u00e7\u00e3o do IPHAN tamb\u00e9m abre caminho para a execu\u00e7\u00e3o de outras etapas complementares, como a duplica\u00e7\u00e3o da Rodovia Assis Chateaubriand (SP-425) e a implanta\u00e7\u00e3o de novas rotas de acesso ao futuro terminal, consolidando Ol\u00edmpia como um hub log\u00edstico e tur\u00edstico de refer\u00eancia nacional.<\/p>\n<p>Com o avan\u00e7o das obras, a cidade refor\u00e7a seu protagonismo como um dos destinos mais promissores do Brasil, sede dos parques aqu\u00e1ticos Thermas dos Laranjais e Hot Beach, e polo de desenvolvimento para toda a regi\u00e3o noroeste paulista.<\/p>\n<p><!-- CONTENT END 3 -->\n<\/div>\n<p><script async src=\"\/\/platform.twitter.com\/widgets.js\" charset=\"utf-8\"><\/script><br \/>\n<br \/><br \/>\n<br \/><a href=\"https:\/\/www.tribunaribeirao.com.br\/aprovacao-do-iphan-libera-mais-uma-etapa-para-o-inicio-da-construcao-do-aeroporto-internacional-de-olimpia\/\">Source link <\/a><\/p>\n","protected":false},"excerpt":{"rendered":"<p>22 de outubro de 2025 17:0622 de outubro de 2025 17:097 Compartilhar0 Investimento no Aeroporto ser\u00e1 de R$ 500 milh\u00f5es e est\u00e1 previsto para 2026&#8230;<\/p>\n","protected":false},"author":1,"featured_media":79012,"comment_status":"open","ping_status":"open","sticky":false,"template":"","format":"standard","meta":{"advanced_seo_description":"","jetpack_seo_html_title":"","jetpack_seo_noindex":false,"jetpack_post_was_ever_published":false,"_jetpack_newsletter_access":"","_jetpack_dont_email_post_to_subs":false,"_jetpack_newsletter_tier_id":0,"_jetpack_memberships_contains_paywalled_content":false,"_jetpack_memberships_contains_paid_content":false,"footnotes":"","jetpack_publicize_message":"","jetpack_publicize_feature_enabled":true,"jetpack_social_post_already_shared":true,"jetpack_social_options":{"image_generator_settings":{"template":"highway","default_image_id":0,"font":"","enabled":false},"version":2}},"categories":[11],"tags":[],"class_list":["post-79011","post","type-post","status-publish","format-standard","has-post-thumbnail","hentry","category-noticias-de-ribeirao-preto-sp-e-regiao-ismael-colosi"],"jetpack_publicize_connections":[],"jetpack_featured_media_url":"https:\/\/i0.wp.com\/noticiasribeiraopreto.com.br\/wp-content\/uploads\/2025\/10\/AEROPORTO-OLIMPIA-.jpg?fit=960%2C540&ssl=1","jetpack-related-posts":[{"id":10732,"url":"https:\/\/noticiasribeiraopreto.com.br\/index.php\/2023\/12\/05\/jumil-justino-de-morais-irmaos-s-a-ata-da-reuniao-do-conselho-de-administracao-realizada-em-17-de-outubro-de-2023\/","url_meta":{"origin":79011,"position":0},"title":"Jumil \u2013 Justino de Morais, Irm\u00e3os S\/A \u2013 Ata da Reuni\u00e3o do Conselho de Administra\u00e7\u00e3o realizada em 17 de outubro de 2023","author":"noticiasribeiraopreto.com.br","date":"5 de December de 2023","format":false,"excerpt":"O post Jumil \u2013 Justino de Morais, Irm\u00e3os S\/A \u2013 Ata da Reuni\u00e3o do Conselho de Administra\u00e7\u00e3o realizada em 17 de outubro de 2023 apareceu primeiro em Jornal Tribuna Ribeir\u00e3o. Source link","rel":"","context":"In &quot;Not\u00edcias de Ribeir\u00e3o Preto-SP e Regi\u00e3o&quot;","block_context":{"text":"Not\u00edcias de Ribeir\u00e3o Preto-SP e Regi\u00e3o","link":"https:\/\/noticiasribeiraopreto.com.br\/index.php\/category\/noticias-de-ribeirao-preto-sp-e-regiao-ismael-colosi\/"},"img":{"alt_text":"","src":"https:\/\/i0.wp.com\/noticiasribeiraopreto.com.br\/wp-content\/uploads\/2023\/12\/publicidade-legal.png?fit=700%2C450&ssl=1&resize=350%2C200","width":350,"height":200,"srcset":"https:\/\/i0.wp.com\/noticiasribeiraopreto.com.br\/wp-content\/uploads\/2023\/12\/publicidade-legal.png?fit=700%2C450&ssl=1&resize=350%2C200 1x, https:\/\/i0.wp.com\/noticiasribeiraopreto.com.br\/wp-content\/uploads\/2023\/12\/publicidade-legal.png?fit=700%2C450&ssl=1&resize=525%2C300 1.5x, https:\/\/i0.wp.com\/noticiasribeiraopreto.com.br\/wp-content\/uploads\/2023\/12\/publicidade-legal.png?fit=700%2C450&ssl=1&resize=700%2C400 2x"},"classes":[]},{"id":78590,"url":"https:\/\/noticiasribeiraopreto.com.br\/index.php\/2025\/10\/14\/ribeirao-preto-recebe-evento-que-homenageia-a-cultura-hip-hop\/","url_meta":{"origin":79011,"position":1},"title":"Ribeir\u00e3o Preto recebe evento que homenageia a cultura hip hop","author":"noticiasribeiraopreto.com.br","date":"14 de October de 2025","format":false,"excerpt":"Ribeir\u00e3o Preto e Prad\u00f3polis recebem o \u201cFunk Fockers na Casa\u201d, entre os dias 15 a 17 de outubro. O evento, que homenageia a cultura hip hop, re\u00fane as artes do MC, DJ e grafite em uma roda de breaking. A entrada \u00e9 gratuita. O evento acontece em Ribeir\u00e3o Preto nos\u2026","rel":"","context":"In &quot;Not\u00edcias de Ribeir\u00e3o Preto-SP e Regi\u00e3o&quot;","block_context":{"text":"Not\u00edcias de Ribeir\u00e3o Preto-SP e Regi\u00e3o","link":"https:\/\/noticiasribeiraopreto.com.br\/index.php\/category\/noticias-de-ribeirao-preto-sp-e-regiao-ismael-colosi\/"},"img":{"alt_text":"","src":"https:\/\/i0.wp.com\/noticiasribeiraopreto.com.br\/wp-content\/uploads\/2025\/10\/Copia-de-Copia-de-Copia-de-TAMANHO-EXATO-PARA-FOTOS-NO-SISTEMA-NOVO-77_2025-10-14_12-02-05.webp.webp?fit=1200%2C675&ssl=1&resize=350%2C200","width":350,"height":200,"srcset":"https:\/\/i0.wp.com\/noticiasribeiraopreto.com.br\/wp-content\/uploads\/2025\/10\/Copia-de-Copia-de-Copia-de-TAMANHO-EXATO-PARA-FOTOS-NO-SISTEMA-NOVO-77_2025-10-14_12-02-05.webp.webp?fit=1200%2C675&ssl=1&resize=350%2C200 1x, https:\/\/i0.wp.com\/noticiasribeiraopreto.com.br\/wp-content\/uploads\/2025\/10\/Copia-de-Copia-de-Copia-de-TAMANHO-EXATO-PARA-FOTOS-NO-SISTEMA-NOVO-77_2025-10-14_12-02-05.webp.webp?fit=1200%2C675&ssl=1&resize=525%2C300 1.5x, https:\/\/i0.wp.com\/noticiasribeiraopreto.com.br\/wp-content\/uploads\/2025\/10\/Copia-de-Copia-de-Copia-de-TAMANHO-EXATO-PARA-FOTOS-NO-SISTEMA-NOVO-77_2025-10-14_12-02-05.webp.webp?fit=1200%2C675&ssl=1&resize=700%2C400 2x, https:\/\/i0.wp.com\/noticiasribeiraopreto.com.br\/wp-content\/uploads\/2025\/10\/Copia-de-Copia-de-Copia-de-TAMANHO-EXATO-PARA-FOTOS-NO-SISTEMA-NOVO-77_2025-10-14_12-02-05.webp.webp?fit=1200%2C675&ssl=1&resize=1050%2C600 3x"},"classes":[]},{"id":59129,"url":"https:\/\/noticiasribeiraopreto.com.br\/index.php\/2024\/10\/15\/lauana-prado-e-gustavo-mioto-veja-atracoes-de-rodeio-na-regiao-de-ribeirao-preto\/","url_meta":{"origin":79011,"position":2},"title":"Lauana Prado e Gustavo Mioto: Veja atra\u00e7\u00f5es de rodeio na regi\u00e3o de Ribeir\u00e3o Preto","author":"noticiasribeiraopreto.com.br","date":"15 de October de 2024","format":false,"excerpt":"Lauana Prado, Gustavo Mioto e outras atra\u00e7\u00f5es sobem ao palco do est\u00e1dio Bela Vista, em Cravinhos, na regi\u00e3o de Ribeir\u00e3o Preto, para agitar o Cravinhos Rodeio Show, que come\u00e7a nesta quinta-feira (17). Al\u00e9m de shows durante tr\u00eas noites, o Cravinhos Rodeio Show ter\u00e1 disputas de montarias pela Liga Nacional de\u2026","rel":"","context":"In &quot;Not\u00edcias de Ribeir\u00e3o Preto-SP e Regi\u00e3o&quot;","block_context":{"text":"Not\u00edcias de Ribeir\u00e3o Preto-SP e Regi\u00e3o","link":"https:\/\/noticiasribeiraopreto.com.br\/index.php\/category\/noticias-de-ribeirao-preto-sp-e-regiao-ismael-colosi\/"},"img":{"alt_text":"","src":"https:\/\/i0.wp.com\/noticiasribeiraopreto.com.br\/wp-content\/uploads\/2024\/10\/Copia-de-Copia-de-Copia-de-TAMANHO-EXATO-PARA-FOTOS-NO-SISTEMA-NOVO-21_2024-10-15_16-29-10_jpg_2024-10-15_16-29-10.webp.webp?fit=1200%2C675&ssl=1&resize=350%2C200","width":350,"height":200,"srcset":"https:\/\/i0.wp.com\/noticiasribeiraopreto.com.br\/wp-content\/uploads\/2024\/10\/Copia-de-Copia-de-Copia-de-TAMANHO-EXATO-PARA-FOTOS-NO-SISTEMA-NOVO-21_2024-10-15_16-29-10_jpg_2024-10-15_16-29-10.webp.webp?fit=1200%2C675&ssl=1&resize=350%2C200 1x, https:\/\/i0.wp.com\/noticiasribeiraopreto.com.br\/wp-content\/uploads\/2024\/10\/Copia-de-Copia-de-Copia-de-TAMANHO-EXATO-PARA-FOTOS-NO-SISTEMA-NOVO-21_2024-10-15_16-29-10_jpg_2024-10-15_16-29-10.webp.webp?fit=1200%2C675&ssl=1&resize=525%2C300 1.5x, https:\/\/i0.wp.com\/noticiasribeiraopreto.com.br\/wp-content\/uploads\/2024\/10\/Copia-de-Copia-de-Copia-de-TAMANHO-EXATO-PARA-FOTOS-NO-SISTEMA-NOVO-21_2024-10-15_16-29-10_jpg_2024-10-15_16-29-10.webp.webp?fit=1200%2C675&ssl=1&resize=700%2C400 2x, https:\/\/i0.wp.com\/noticiasribeiraopreto.com.br\/wp-content\/uploads\/2024\/10\/Copia-de-Copia-de-Copia-de-TAMANHO-EXATO-PARA-FOTOS-NO-SISTEMA-NOVO-21_2024-10-15_16-29-10_jpg_2024-10-15_16-29-10.webp.webp?fit=1200%2C675&ssl=1&resize=1050%2C600 3x"},"classes":[]},{"id":78749,"url":"https:\/\/noticiasribeiraopreto.com.br\/index.php\/2025\/10\/17\/musica-festival-opera-e-teatro-confira-o-que-acontece-no-fim-de-semana-em-ribeirao-preto-e-regiao\/","url_meta":{"origin":79011,"position":3},"title":"M\u00fasica, festival, \u00f3pera e teatro: confira o que acontece no fim de semana em Ribeir\u00e3o Preto e regi\u00e3o","author":"noticiasribeiraopreto.com.br","date":"17 de October de 2025","format":false,"excerpt":"A agenda cultural do fim de semana oferece diversas op\u00e7\u00f5es de divers\u00e3o para os moradores de Ribeir\u00e3o Preto e regi\u00e3o. Entre os destaques est\u00e3o o show de Almir e Gabriel Sater e a nova edi\u00e7\u00e3o de \u201cNa Trilha do Vinho\u201d. Veja os destaques abaixo. Almir e Gabriel Sater Almir Sater,\u2026","rel":"","context":"In &quot;Not\u00edcias de Ribeir\u00e3o Preto-SP e Regi\u00e3o&quot;","block_context":{"text":"Not\u00edcias de Ribeir\u00e3o Preto-SP e Regi\u00e3o","link":"https:\/\/noticiasribeiraopreto.com.br\/index.php\/category\/noticias-de-ribeirao-preto-sp-e-regiao-ismael-colosi\/"},"img":{"alt_text":"","src":"https:\/\/i0.wp.com\/noticiasribeiraopreto.com.br\/wp-content\/uploads\/2025\/10\/Renascer-Gabriel-Sater-e-Almir-Sater-dividem-o-papel-de.webp.webp.webp?fit=1000%2C600&ssl=1&resize=350%2C200","width":350,"height":200,"srcset":"https:\/\/i0.wp.com\/noticiasribeiraopreto.com.br\/wp-content\/uploads\/2025\/10\/Renascer-Gabriel-Sater-e-Almir-Sater-dividem-o-papel-de.webp.webp.webp?fit=1000%2C600&ssl=1&resize=350%2C200 1x, https:\/\/i0.wp.com\/noticiasribeiraopreto.com.br\/wp-content\/uploads\/2025\/10\/Renascer-Gabriel-Sater-e-Almir-Sater-dividem-o-papel-de.webp.webp.webp?fit=1000%2C600&ssl=1&resize=525%2C300 1.5x, https:\/\/i0.wp.com\/noticiasribeiraopreto.com.br\/wp-content\/uploads\/2025\/10\/Renascer-Gabriel-Sater-e-Almir-Sater-dividem-o-papel-de.webp.webp.webp?fit=1000%2C600&ssl=1&resize=700%2C400 2x"},"classes":[]},{"id":78734,"url":"https:\/\/noticiasribeiraopreto.com.br\/index.php\/2025\/10\/17\/video-homem-nada-no-ribeirao-preto\/","url_meta":{"origin":79011,"position":4},"title":"V\u00cdDEO &#8211; Homem nada no ribeir\u00e3o Preto","author":"noticiasribeiraopreto.com.br","date":"17 de October de 2025","format":false,"excerpt":"Pessoa em situa\u00e7\u00e3o de rua foi vista nadando nas \u00e1guas do c\u00f3rrego, na baixada e foi retirado pelo Corpo de Bombeiros 17 de outubro de 2025 12:2517 de outubro de 2025 12:2616 Compartilhar2 Por: Adalberto Luque Um homem que vive em situa\u00e7\u00e3o de rua foi visto, na tarde desta quinta-feira,\u2026","rel":"","context":"In &quot;Not\u00edcias de Ribeir\u00e3o Preto-SP e Regi\u00e3o&quot;","block_context":{"text":"Not\u00edcias de Ribeir\u00e3o Preto-SP e Regi\u00e3o","link":"https:\/\/noticiasribeiraopreto.com.br\/index.php\/category\/noticias-de-ribeirao-preto-sp-e-regiao-ismael-colosi\/"},"img":{"alt_text":"","src":"https:\/\/i0.wp.com\/noticiasribeiraopreto.com.br\/wp-content\/uploads\/2025\/10\/17-out-2025-nadadorcorrego1.jpg?fit=704%2C780&ssl=1&resize=350%2C200","width":350,"height":200,"srcset":"https:\/\/i0.wp.com\/noticiasribeiraopreto.com.br\/wp-content\/uploads\/2025\/10\/17-out-2025-nadadorcorrego1.jpg?fit=704%2C780&ssl=1&resize=350%2C200 1x, https:\/\/i0.wp.com\/noticiasribeiraopreto.com.br\/wp-content\/uploads\/2025\/10\/17-out-2025-nadadorcorrego1.jpg?fit=704%2C780&ssl=1&resize=525%2C300 1.5x, https:\/\/i0.wp.com\/noticiasribeiraopreto.com.br\/wp-content\/uploads\/2025\/10\/17-out-2025-nadadorcorrego1.jpg?fit=704%2C780&ssl=1&resize=700%2C400 2x"},"classes":[]},{"id":1031,"url":"https:\/\/noticiasribeiraopreto.com.br\/index.php\/2023\/11\/10\/autovias-s-a-ata-de-assembleia-geral-extraordinaria-realizada-em-10-de-outubro-de-2023\/","url_meta":{"origin":79011,"position":5},"title":"Autovias S.A. \u2013 Ata de Assembleia Geral Extraordin\u00e1ria realizada em 10 de outubro de 2023","author":"noticiasribeiraopreto.com.br","date":"10 de November de 2023","format":false,"excerpt":"O post Autovias S.A. \u2013 Ata de Assembleia Geral Extraordin\u00e1ria realizada em 10 de outubro de 2023 apareceu primeiro em Jornal Tribuna Ribeir\u00e3o. Source link","rel":"","context":"In &quot;Not\u00edcias de Ribeir\u00e3o Preto-SP e Regi\u00e3o&quot;","block_context":{"text":"Not\u00edcias de Ribeir\u00e3o Preto-SP e Regi\u00e3o","link":"https:\/\/noticiasribeiraopreto.com.br\/index.php\/category\/noticias-de-ribeirao-preto-sp-e-regiao-ismael-colosi\/"},"img":{"alt_text":"","src":"https:\/\/i0.wp.com\/noticiasribeiraopreto.com.br\/wp-content\/uploads\/2023\/11\/pdfdownload.png?fit=1000%2C268&ssl=1&resize=350%2C200","width":350,"height":200,"srcset":"https:\/\/i0.wp.com\/noticiasribeiraopreto.com.br\/wp-content\/uploads\/2023\/11\/pdfdownload.png?fit=1000%2C268&ssl=1&resize=350%2C200 1x, https:\/\/i0.wp.com\/noticiasribeiraopreto.com.br\/wp-content\/uploads\/2023\/11\/pdfdownload.png?fit=1000%2C268&ssl=1&resize=525%2C300 1.5x, https:\/\/i0.wp.com\/noticiasribeiraopreto.com.br\/wp-content\/uploads\/2023\/11\/pdfdownload.png?fit=1000%2C268&ssl=1&resize=700%2C400 2x"},"classes":[]}],"jetpack_sharing_enabled":true,"jetpack_shortlink":"https:\/\/wp.me\/peQAOb-kyn","_links":{"self":[{"href":"https:\/\/noticiasribeiraopreto.com.br\/index.php\/wp-json\/wp\/v2\/posts\/79011","targetHints":{"allow":["GET"]}}],"collection":[{"href":"https:\/\/noticiasribeiraopreto.com.br\/index.php\/wp-json\/wp\/v2\/posts"}],"about":[{"href":"https:\/\/noticiasribeiraopreto.com.br\/index.php\/wp-json\/wp\/v2\/types\/post"}],"author":[{"embeddable":true,"href":"https:\/\/noticiasribeiraopreto.com.br\/index.php\/wp-json\/wp\/v2\/users\/1"}],"replies":[{"embeddable":true,"href":"https:\/\/noticiasribeiraopreto.com.br\/index.php\/wp-json\/wp\/v2\/comments?post=79011"}],"version-history":[{"count":0,"href":"https:\/\/noticiasribeiraopreto.com.br\/index.php\/wp-json\/wp\/v2\/posts\/79011\/revisions"}],"wp:featuredmedia":[{"embeddable":true,"href":"https:\/\/noticiasribeiraopreto.com.br\/index.php\/wp-json\/wp\/v2\/media\/79012"}],"wp:attachment":[{"href":"https:\/\/noticiasribeiraopreto.com.br\/index.php\/wp-json\/wp\/v2\/media?parent=79011"}],"wp:term":[{"taxonomy":"category","embeddable":true,"href":"https:\/\/noticiasribeiraopreto.com.br\/index.php\/wp-json\/wp\/v2\/categories?post=79011"},{"taxonomy":"post_tag","embeddable":true,"href":"https:\/\/noticiasribeiraopreto.com.br\/index.php\/wp-json\/wp\/v2\/tags?post=79011"}],"curies":[{"name":"wp","href":"https:\/\/api.w.org\/{rel}","templated":true}]}}