{"id":79014,"date":"2025-10-22T18:14:10","date_gmt":"2025-10-22T21:14:10","guid":{"rendered":"https:\/\/noticiasribeiraopreto.com.br\/index.php\/2025\/10\/22\/nando-reis-chega-a-ribeirao-preto-com-turne-nando-hits-ainda-ha-ingressos\/"},"modified":"2025-10-22T18:14:10","modified_gmt":"2025-10-22T21:14:10","slug":"nando-reis-chega-a-ribeirao-preto-com-turne-nando-hits-ainda-ha-ingressos","status":"publish","type":"post","link":"https:\/\/noticiasribeiraopreto.com.br\/index.php\/2025\/10\/22\/nando-reis-chega-a-ribeirao-preto-com-turne-nando-hits-ainda-ha-ingressos\/","title":{"rendered":"Nando Reis chega a Ribeir\u00e3o Preto com turn\u00ea &#8216;Nando Hits&#8217;; ainda h\u00e1 ingressos"},"content":{"rendered":"<div class='code-block code-block-1' style='margin: 8px 0 8px auto; text-align: right; display: block; clear: both;'>\n<p><a href=\"https:\/\/wa.link\/vpicfd\"><img data-recalc-dims=\"1\" class=\"wp-image-4922\" style=\"aspect-ratio: 2.0253164556962027; width: 561px; height: auto;\" src=\"https:\/\/i0.wp.com\/ismaelcolosi.com.br\/wp-content\/uploads\/2023\/11\/grupo-de-empregos-whatsapp-e-facebook-ismael-colosi-vagas.jpg?ssl=1\" alt=\"\" \/><\/a><\/p>\n<!-- \/wp:image -->\n<\/div>\n<p> <br \/>\n<\/p>\n<div data-td-block-uid=\"tdi_95\">\n<div class=\"tdb-block-inner td-fix-index\">\n<p>O cantor e compositor <strong>Nando Reis<\/strong> se apresenta em <strong>Ribeir\u00e3o Preto<\/strong> nesta sexta-feira (24), \u00e0s <strong>21h<\/strong>, no <strong>Multiplan Hall<\/strong>, na zona Sul da cidade. O show faz parte da turn\u00ea <strong>\u201cNando Hits\u201d<\/strong>, que celebra os <strong>40 anos de carreira<\/strong> do artista.<\/p>\n<p>Durante a apresenta\u00e7\u00e3o, o cantor revisita sucessos que marcaram sua trajet\u00f3ria, como <em>\u201cDois Rios\u201d<\/em>, parceria com <strong>Samuel Rosa<\/strong> e <strong>L\u00f4 Borges<\/strong>; <em>\u201cOnde Voc\u00ea Mora\u201d<\/em>, com <strong>Marisa Monte<\/strong>; e o cl\u00e1ssico <em>\u201cAll Star\u201d<\/em>.<\/p>\n<p>A turn\u00ea tem um toque especial: o filho do cantor, <strong>Sebasti\u00e3o Reis<\/strong>, participa nos vocais e no viol\u00e3o. Ele integra a banda <strong>Colomy<\/strong>, que tamb\u00e9m conta com <strong>Eduardo Schuler<\/strong> na bateria. O grupo de apoio inclui ainda <strong>Walter Villa\u00e7a<\/strong> (guitarra), <strong>Felipe Cambraia<\/strong> (baixo) e <strong>Alex Veley<\/strong> (teclados).<\/p>\n<h3 class=\"wp-block-heading\"><strong>Ainda h\u00e1 ingressos<\/strong><\/h3>\n<p>Os <strong>ingressos para o show de Nando Reis<\/strong> j\u00e1 est\u00e3o \u00e0 venda <strong>online<\/strong> e na <strong>bilheteria do Multiplan Hall<\/strong>. Confira os valores e setores dispon\u00edveis:<\/p>\n<ul class=\"wp-block-list\">\n<li><strong>Mesa Vip Especial<\/strong> <br \/>R$ 529 (inteira) \/ R$ 264,50 (meia-entrada)<\/li>\n<li><strong>Mesa Vip Extra<\/strong> <br \/>R$ 437 (inteira) \/ R$ 218 (meia-entrada)<\/li>\n<li><strong>Mesa Vip A<\/strong> <br \/>R$ 391 (inteira) \/ R$ 195,50 (meia-entrada)<\/li>\n<li><strong>Mesa Vip B<\/strong> <br \/>R$ 300 (inteira) \/ R$ 172,50 (meia-entrada)<\/li>\n<li><strong>Premium Extra<\/strong> <br \/>R$ 265 (inteira) \/ R$ 132,50 (meia-entrada)<\/li>\n<li><strong>Bistr\u00f4<\/strong><br \/>R$ 250 (inteira) \/ R$ 125 (meia-entrada)<\/li>\n<\/ul>\n<p>Os ingressos podem ser adquiridos <strong>de forma online<\/strong> (<a href=\"https:\/\/www.ticketmaster.com.br\/event\/nando-reis-ribeirao-preto\" data-type=\"link\" data-id=\"https:\/\/www.ticketmaster.com.br\/event\/nando-reis-ribeirao-preto\" target=\"_blank\" rel=\"noopener\">clique aqui<\/a>) ou diretamente na bilheteria do <strong>Multiplan Hall<\/strong>.<\/p>\n<hr class=\"wp-block-separator has-alpha-channel-opacity\"\/>\n<p>SAIBA MAIS<\/p>\n<p>Aposentado viaja de Ribeir\u00e3o Preto a Ushuaia em um Fiat Uno para homenagear a esposa<\/p>\n<h2 class=\"wp-block-heading\"><strong>FIQUE ON<\/strong><\/h2>\n<p>Fique ligado em tudo que acontece em Ribeir\u00e3o Preto e regi\u00e3o. Siga os perfis do\u00a0<strong>acidade on<\/strong>\u00a0no\u00a0<a href=\"https:\/\/www.instagram.com\/acidadeonribeirao\" target=\"_blank\" rel=\"noreferrer noopener\">Instagram\u00a0<\/a>e no<a href=\"https:\/\/www.facebook.com\/acidadeonribeirao\/\" target=\"_blank\" rel=\"noreferrer noopener\">\u00a0Facebook<\/a>.<\/p>\n<p>Receba not\u00edcias do\u00a0<strong>acidade on<\/strong>\u00a0no WhatsApp. Para entrar no grupo,\u00a0basta\u00a0<a href=\"https:\/\/chat.whatsapp.com\/I4nieTEMKlf50pJ28aMemC?mode=ac_t\" target=\"_blank\" rel=\"noreferrer noopener\">clicar aqui<\/a>. Ou, acesse o nosso\u00a0Canal<a href=\"https:\/\/whatsapp.com\/channel\/0029Vb6IQl1JENyAeS57fk2p\" target=\"_blank\" rel=\"noreferrer noopener\">\u00a0clicando aqui<\/a>.<\/p>\n<p>Fa\u00e7a uma den\u00fancia ou sugira uma reportagem sobre Ribeir\u00e3o Preto e regi\u00e3o pelo WhatsApp: 16 99117 7802.<\/p>\n<p>VEJA TAMB\u00c9M<\/p>\n<p>Qual atriz saiu de \u2018The Morning Show\u2019?<\/p>\n<p><!-- AI CONTENT END 1 -->\n<\/div>\n<\/div>\n<p><script async src=\"\/\/www.instagram.com\/embed.js\"><\/script><br \/>\n<br \/><br \/>\n<br \/><a href=\"https:\/\/www.acidadeon.com\/ribeiraopreto\/lazer-e-cultura\/nando-reis-chega-a-ribeirao-preto-com-turne-nando-hits-ainda-ha-ingressos\/\">Source link <\/a><\/p>\n<!-- CONTENT END 1 -->\n","protected":false},"excerpt":{"rendered":"<p>O cantor e compositor Nando Reis se apresenta em Ribeir\u00e3o Preto nesta sexta-feira (24), \u00e0s 21h, no Multiplan Hall, na zona Sul da cidade. O&#8230;<\/p>\n","protected":false},"author":1,"featured_media":79015,"comment_status":"open","ping_status":"open","sticky":false,"template":"","format":"standard","meta":{"advanced_seo_description":"","jetpack_seo_html_title":"","jetpack_seo_noindex":false,"jetpack_post_was_ever_published":false,"_jetpack_newsletter_access":"","_jetpack_dont_email_post_to_subs":false,"_jetpack_newsletter_tier_id":0,"_jetpack_memberships_contains_paywalled_content":false,"_jetpack_memberships_contains_paid_content":false,"footnotes":"","jetpack_publicize_message":"","jetpack_publicize_feature_enabled":true,"jetpack_social_post_already_shared":true,"jetpack_social_options":{"image_generator_settings":{"template":"highway","default_image_id":0,"font":"","enabled":false},"version":2}},"categories":[11],"tags":[],"class_list":["post-79014","post","type-post","status-publish","format-standard","has-post-thumbnail","hentry","category-noticias-de-ribeirao-preto-sp-e-regiao-ismael-colosi"],"jetpack_publicize_connections":[],"jetpack_featured_media_url":"https:\/\/i0.wp.com\/noticiasribeiraopreto.com.br\/wp-content\/uploads\/2025\/10\/Copia-de-Copia-de-Copia-de-TAMANHO-EXATO-PARA-FOTOS-NO-SISTEMA-NOVO-2025-10-22T170936.343_2025-10-22_20-11-31.webp.webp?fit=1200%2C675&ssl=1","jetpack-related-posts":[{"id":78520,"url":"https:\/\/noticiasribeiraopreto.com.br\/index.php\/2025\/10\/12\/nando-reis-celebra-40-anos-de-carreira-com-apresentacao-em-ribeirao-veja-quando\/","url_meta":{"origin":79014,"position":0},"title":"Nando Reis celebra 40 anos de carreira com apresenta\u00e7\u00e3o em Ribeir\u00e3o; Veja quando","author":"noticiasribeiraopreto.com.br","date":"12 de October de 2025","format":false,"excerpt":"O cantor Nando Reis se apresenta em Ribeir\u00e3o Preto no dia 24 de outubro, \u00e0s 21h, no Multiplan Hall, espa\u00e7o de eventos na zona Sul do munic\u00edpio. Os ingressos para a turn\u00ea \u201cNando Hits\u201d est\u00e3o dispon\u00edveis e podem ser adquiridos de forma online \u2013 veja mais detalhes abaixo. A apresenta\u00e7\u00e3o\u2026","rel":"","context":"In &quot;Not\u00edcias de Ribeir\u00e3o Preto-SP e Regi\u00e3o&quot;","block_context":{"text":"Not\u00edcias de Ribeir\u00e3o Preto-SP e Regi\u00e3o","link":"https:\/\/noticiasribeiraopreto.com.br\/index.php\/category\/noticias-de-ribeirao-preto-sp-e-regiao-ismael-colosi\/"},"img":{"alt_text":"","src":"https:\/\/i0.wp.com\/noticiasribeiraopreto.com.br\/wp-content\/uploads\/2025\/10\/Copia-de-Copia-de-Copia-de-TAMANHO-EXATO-PARA-FOTOS-NO-SISTEMA-NOVO-22_2024-10-28_12-42-04_jpg_2024-10-28_12-42-05.webp.webp?fit=1200%2C675&ssl=1&resize=350%2C200","width":350,"height":200,"srcset":"https:\/\/i0.wp.com\/noticiasribeiraopreto.com.br\/wp-content\/uploads\/2025\/10\/Copia-de-Copia-de-Copia-de-TAMANHO-EXATO-PARA-FOTOS-NO-SISTEMA-NOVO-22_2024-10-28_12-42-04_jpg_2024-10-28_12-42-05.webp.webp?fit=1200%2C675&ssl=1&resize=350%2C200 1x, https:\/\/i0.wp.com\/noticiasribeiraopreto.com.br\/wp-content\/uploads\/2025\/10\/Copia-de-Copia-de-Copia-de-TAMANHO-EXATO-PARA-FOTOS-NO-SISTEMA-NOVO-22_2024-10-28_12-42-04_jpg_2024-10-28_12-42-05.webp.webp?fit=1200%2C675&ssl=1&resize=525%2C300 1.5x, https:\/\/i0.wp.com\/noticiasribeiraopreto.com.br\/wp-content\/uploads\/2025\/10\/Copia-de-Copia-de-Copia-de-TAMANHO-EXATO-PARA-FOTOS-NO-SISTEMA-NOVO-22_2024-10-28_12-42-04_jpg_2024-10-28_12-42-05.webp.webp?fit=1200%2C675&ssl=1&resize=700%2C400 2x, https:\/\/i0.wp.com\/noticiasribeiraopreto.com.br\/wp-content\/uploads\/2025\/10\/Copia-de-Copia-de-Copia-de-TAMANHO-EXATO-PARA-FOTOS-NO-SISTEMA-NOVO-22_2024-10-28_12-42-04_jpg_2024-10-28_12-42-05.webp.webp?fit=1200%2C675&ssl=1&resize=1050%2C600 3x"},"classes":[]},{"id":59673,"url":"https:\/\/noticiasribeiraopreto.com.br\/index.php\/2024\/10\/28\/nando-reis-anuncia-show-extra-em-ribeirao-preto\/","url_meta":{"origin":79014,"position":1},"title":"Nando Reis anuncia show extra em Ribeir\u00e3o Preto","author":"noticiasribeiraopreto.com.br","date":"28 de October de 2024","format":false,"excerpt":"O cantor e compositor Nando Reis anunciou uma data extra do show de sua turn\u00ea Uma Estrela Misteriosa, no Theatro Pedro II, em Ribeir\u00e3o Preto. As apresenta\u00e7\u00f5es est\u00e3o previstas para os dias 2 (esgotado) e 3 de novembro, \u00e0s 20h. Al\u00e9m das can\u00e7\u00f5es de seu novo \u00e1lbum qu\u00e1druplo, o show\u2026","rel":"","context":"In &quot;Not\u00edcias de Ribeir\u00e3o Preto-SP e Regi\u00e3o&quot;","block_context":{"text":"Not\u00edcias de Ribeir\u00e3o Preto-SP e Regi\u00e3o","link":"https:\/\/noticiasribeiraopreto.com.br\/index.php\/category\/noticias-de-ribeirao-preto-sp-e-regiao-ismael-colosi\/"},"img":{"alt_text":"","src":"https:\/\/i0.wp.com\/noticiasribeiraopreto.com.br\/wp-content\/uploads\/2024\/10\/Copia-de-Copia-de-Copia-de-TAMANHO-EXATO-PARA-FOTOS-NO-SISTEMA-NOVO-22_2024-10-28_12-42-04_jpg_2024-10-28_12-42-05.webp.webp?fit=1200%2C675&ssl=1&resize=350%2C200","width":350,"height":200,"srcset":"https:\/\/i0.wp.com\/noticiasribeiraopreto.com.br\/wp-content\/uploads\/2024\/10\/Copia-de-Copia-de-Copia-de-TAMANHO-EXATO-PARA-FOTOS-NO-SISTEMA-NOVO-22_2024-10-28_12-42-04_jpg_2024-10-28_12-42-05.webp.webp?fit=1200%2C675&ssl=1&resize=350%2C200 1x, https:\/\/i0.wp.com\/noticiasribeiraopreto.com.br\/wp-content\/uploads\/2024\/10\/Copia-de-Copia-de-Copia-de-TAMANHO-EXATO-PARA-FOTOS-NO-SISTEMA-NOVO-22_2024-10-28_12-42-04_jpg_2024-10-28_12-42-05.webp.webp?fit=1200%2C675&ssl=1&resize=525%2C300 1.5x, https:\/\/i0.wp.com\/noticiasribeiraopreto.com.br\/wp-content\/uploads\/2024\/10\/Copia-de-Copia-de-Copia-de-TAMANHO-EXATO-PARA-FOTOS-NO-SISTEMA-NOVO-22_2024-10-28_12-42-04_jpg_2024-10-28_12-42-05.webp.webp?fit=1200%2C675&ssl=1&resize=700%2C400 2x, https:\/\/i0.wp.com\/noticiasribeiraopreto.com.br\/wp-content\/uploads\/2024\/10\/Copia-de-Copia-de-Copia-de-TAMANHO-EXATO-PARA-FOTOS-NO-SISTEMA-NOVO-22_2024-10-28_12-42-04_jpg_2024-10-28_12-42-05.webp.webp?fit=1200%2C675&ssl=1&resize=1050%2C600 3x"},"classes":[]},{"id":60002,"url":"https:\/\/noticiasribeiraopreto.com.br\/index.php\/2024\/11\/04\/guitarrista-do-r-e-m-visita-ribeirao-preto-e-leva-lembranca-da-cidade\/","url_meta":{"origin":79014,"position":2},"title":"Guitarrista do R.E.M visita Ribeir\u00e3o Preto e leva lembran\u00e7a da cidade","author":"noticiasribeiraopreto.com.br","date":"4 de November de 2024","format":false,"excerpt":"O guitarrista da banda norte-americana R.E.M, Peter Buck, visitou Ribeir\u00e3o Preto neste fim de semana e ainda levou uma lembran\u00e7a da cidade. O artista participou do show do cantor Nando Reis, que se apresentou no Theatro Pedro II nos dias 2 e 3 de novembro. Nesta segunda-feira (4), os perfis\u2026","rel":"","context":"In &quot;Not\u00edcias de Ribeir\u00e3o Preto-SP e Regi\u00e3o&quot;","block_context":{"text":"Not\u00edcias de Ribeir\u00e3o Preto-SP e Regi\u00e3o","link":"https:\/\/noticiasribeiraopreto.com.br\/index.php\/category\/noticias-de-ribeirao-preto-sp-e-regiao-ismael-colosi\/"},"img":{"alt_text":"","src":"https:\/\/i0.wp.com\/noticiasribeiraopreto.com.br\/wp-content\/uploads\/2024\/11\/peter-buck-pinguim_2024-11-04_15-33-29_jpg_2024-11-04_15-33-29.webp.webp?fit=1200%2C868&ssl=1&resize=350%2C200","width":350,"height":200,"srcset":"https:\/\/i0.wp.com\/noticiasribeiraopreto.com.br\/wp-content\/uploads\/2024\/11\/peter-buck-pinguim_2024-11-04_15-33-29_jpg_2024-11-04_15-33-29.webp.webp?fit=1200%2C868&ssl=1&resize=350%2C200 1x, https:\/\/i0.wp.com\/noticiasribeiraopreto.com.br\/wp-content\/uploads\/2024\/11\/peter-buck-pinguim_2024-11-04_15-33-29_jpg_2024-11-04_15-33-29.webp.webp?fit=1200%2C868&ssl=1&resize=525%2C300 1.5x, https:\/\/i0.wp.com\/noticiasribeiraopreto.com.br\/wp-content\/uploads\/2024\/11\/peter-buck-pinguim_2024-11-04_15-33-29_jpg_2024-11-04_15-33-29.webp.webp?fit=1200%2C868&ssl=1&resize=700%2C400 2x, https:\/\/i0.wp.com\/noticiasribeiraopreto.com.br\/wp-content\/uploads\/2024\/11\/peter-buck-pinguim_2024-11-04_15-33-29_jpg_2024-11-04_15-33-29.webp.webp?fit=1200%2C868&ssl=1&resize=1050%2C600 3x"},"classes":[]},{"id":63146,"url":"https:\/\/noticiasribeiraopreto.com.br\/index.php\/2025\/02\/04\/joao-rock-2025-anuncia-line-up-com-natiruts-nando-reis-e-vanessa-da-mata\/","url_meta":{"origin":79014,"position":3},"title":"Jo\u00e3o Rock 2025 anuncia line-up com Natiruts, Nando Reis e Vanessa da Mata","author":"noticiasribeiraopreto.com.br","date":"4 de February de 2025","format":false,"excerpt":"O Festival Jo\u00e3o Rock anunciou a line-up para sua 22\u00aa edi\u00e7\u00e3o, que acontece no dia 14 de junho, em Ribeir\u00e3o Preto. A programa\u00e7\u00e3o musical conta com Natiruts, Nando Reis e Vanessa da Mata. Ao todo, s\u00e3o 36 atra\u00e7\u00f5es nacionais. A edi\u00e7\u00e3o conta com quatro palcos: o Palco Jo\u00e3o Rock, sendo\u2026","rel":"","context":"In &quot;Not\u00edcias de Ribeir\u00e3o Preto-SP e Regi\u00e3o&quot;","block_context":{"text":"Not\u00edcias de Ribeir\u00e3o Preto-SP e Regi\u00e3o","link":"https:\/\/noticiasribeiraopreto.com.br\/index.php\/category\/noticias-de-ribeirao-preto-sp-e-regiao-ismael-colosi\/"},"img":{"alt_text":"","src":"https:\/\/i0.wp.com\/noticiasribeiraopreto.com.br\/wp-content\/uploads\/2025\/02\/joao-rock-4_2025-02-04_14-15-00_jpeg_2025-02-04_14-15-00.webp.webp?fit=1200%2C675&ssl=1&resize=350%2C200","width":350,"height":200,"srcset":"https:\/\/i0.wp.com\/noticiasribeiraopreto.com.br\/wp-content\/uploads\/2025\/02\/joao-rock-4_2025-02-04_14-15-00_jpeg_2025-02-04_14-15-00.webp.webp?fit=1200%2C675&ssl=1&resize=350%2C200 1x, https:\/\/i0.wp.com\/noticiasribeiraopreto.com.br\/wp-content\/uploads\/2025\/02\/joao-rock-4_2025-02-04_14-15-00_jpeg_2025-02-04_14-15-00.webp.webp?fit=1200%2C675&ssl=1&resize=525%2C300 1.5x, https:\/\/i0.wp.com\/noticiasribeiraopreto.com.br\/wp-content\/uploads\/2025\/02\/joao-rock-4_2025-02-04_14-15-00_jpeg_2025-02-04_14-15-00.webp.webp?fit=1200%2C675&ssl=1&resize=700%2C400 2x, https:\/\/i0.wp.com\/noticiasribeiraopreto.com.br\/wp-content\/uploads\/2025\/02\/joao-rock-4_2025-02-04_14-15-00_jpeg_2025-02-04_14-15-00.webp.webp?fit=1200%2C675&ssl=1&resize=1050%2C600 3x"},"classes":[]},{"id":59908,"url":"https:\/\/noticiasribeiraopreto.com.br\/index.php\/2024\/11\/01\/nando-reis-e-zeze-di-camargo-veja-o-que-fazer-no-fim-de-semana-em-ribeirao\/","url_meta":{"origin":79014,"position":4},"title":"Nando Reis e Zez\u00e9 di Camargo: Veja o que fazer no fim de semana em Ribeir\u00e3o","author":"noticiasribeiraopreto.com.br","date":"1 de November de 2024","format":false,"excerpt":"O primeiro fim de semana de novembro come\u00e7ou e Ribeir\u00e3o Preto conta com diversas atividades para diferentes gostos e idades. Entre os destaques da agenda cultural est\u00e3o os shows de Nando Reis e Zez\u00e9 di Camargo. Confira a programa\u00e7\u00e3o completa: Nando Reis O cantor\u00a0\u00a0Nando Reis realiza dois shows durante este\u2026","rel":"","context":"In &quot;Not\u00edcias de Ribeir\u00e3o Preto-SP e Regi\u00e3o&quot;","block_context":{"text":"Not\u00edcias de Ribeir\u00e3o Preto-SP e Regi\u00e3o","link":"https:\/\/noticiasribeiraopreto.com.br\/index.php\/category\/noticias-de-ribeirao-preto-sp-e-regiao-ismael-colosi\/"},"img":{"alt_text":"","src":"https:\/\/i0.wp.com\/noticiasribeiraopreto.com.br\/wp-content\/uploads\/2024\/11\/Copia-de-Copia-de-Copia-de-TAMANHO-EXATO-PARA-FOTOS-NO-SISTEMA-NOVO-24_2024-11-01_13-11-31_jpg_2024-11-01_13-11-31.webp.webp?fit=1200%2C675&ssl=1&resize=350%2C200","width":350,"height":200,"srcset":"https:\/\/i0.wp.com\/noticiasribeiraopreto.com.br\/wp-content\/uploads\/2024\/11\/Copia-de-Copia-de-Copia-de-TAMANHO-EXATO-PARA-FOTOS-NO-SISTEMA-NOVO-24_2024-11-01_13-11-31_jpg_2024-11-01_13-11-31.webp.webp?fit=1200%2C675&ssl=1&resize=350%2C200 1x, https:\/\/i0.wp.com\/noticiasribeiraopreto.com.br\/wp-content\/uploads\/2024\/11\/Copia-de-Copia-de-Copia-de-TAMANHO-EXATO-PARA-FOTOS-NO-SISTEMA-NOVO-24_2024-11-01_13-11-31_jpg_2024-11-01_13-11-31.webp.webp?fit=1200%2C675&ssl=1&resize=525%2C300 1.5x, https:\/\/i0.wp.com\/noticiasribeiraopreto.com.br\/wp-content\/uploads\/2024\/11\/Copia-de-Copia-de-Copia-de-TAMANHO-EXATO-PARA-FOTOS-NO-SISTEMA-NOVO-24_2024-11-01_13-11-31_jpg_2024-11-01_13-11-31.webp.webp?fit=1200%2C675&ssl=1&resize=700%2C400 2x, https:\/\/i0.wp.com\/noticiasribeiraopreto.com.br\/wp-content\/uploads\/2024\/11\/Copia-de-Copia-de-Copia-de-TAMANHO-EXATO-PARA-FOTOS-NO-SISTEMA-NOVO-24_2024-11-01_13-11-31_jpg_2024-11-01_13-11-31.webp.webp?fit=1200%2C675&ssl=1&resize=1050%2C600 3x"},"classes":[]},{"id":80668,"url":"https:\/\/noticiasribeiraopreto.com.br\/index.php\/2025\/12\/10\/carol-biazin-e-nando-reis-dominam-premio-joao-rock-2025-veja-todos-os-vencedores\/","url_meta":{"origin":79014,"position":5},"title":"Carol Biazin e Nando Reis dominam Pr\u00eamio Jo\u00e3o Rock 2025; veja todos os vencedores","author":"noticiasribeiraopreto.com.br","date":"10 de December de 2025","format":false,"excerpt":"A edi\u00e7\u00e3o 2025 do Pr\u00eamio Jo\u00e3o Rock apresentou os destaques do festival realizado em 14 de junho, em Ribeir\u00e3o Preto. A escolha foi feita por vota\u00e7\u00e3o popular e contemplou diferentes categorias que refletem a variedade de estilos e propostas musicais presentes nos palcos do evento. Jo\u00e3o Rock aconteceu no dia\u2026","rel":"","context":"In &quot;Not\u00edcias de Ribeir\u00e3o Preto-SP e Regi\u00e3o&quot;","block_context":{"text":"Not\u00edcias de Ribeir\u00e3o Preto-SP e Regi\u00e3o","link":"https:\/\/noticiasribeiraopreto.com.br\/index.php\/category\/noticias-de-ribeirao-preto-sp-e-regiao-ismael-colosi\/"},"img":{"alt_text":"","src":"https:\/\/i0.wp.com\/noticiasribeiraopreto.com.br\/wp-content\/uploads\/2025\/12\/Copia-de-Copia-de-Copia-de-TAMANHO-EXATO-PARA-FOTOS-NO-SISTEMA-NOVO-2025-12-09T154607.765_2025-12-09_18-46-31.webp.webp?fit=1200%2C675&ssl=1&resize=350%2C200","width":350,"height":200,"srcset":"https:\/\/i0.wp.com\/noticiasribeiraopreto.com.br\/wp-content\/uploads\/2025\/12\/Copia-de-Copia-de-Copia-de-TAMANHO-EXATO-PARA-FOTOS-NO-SISTEMA-NOVO-2025-12-09T154607.765_2025-12-09_18-46-31.webp.webp?fit=1200%2C675&ssl=1&resize=350%2C200 1x, https:\/\/i0.wp.com\/noticiasribeiraopreto.com.br\/wp-content\/uploads\/2025\/12\/Copia-de-Copia-de-Copia-de-TAMANHO-EXATO-PARA-FOTOS-NO-SISTEMA-NOVO-2025-12-09T154607.765_2025-12-09_18-46-31.webp.webp?fit=1200%2C675&ssl=1&resize=525%2C300 1.5x, https:\/\/i0.wp.com\/noticiasribeiraopreto.com.br\/wp-content\/uploads\/2025\/12\/Copia-de-Copia-de-Copia-de-TAMANHO-EXATO-PARA-FOTOS-NO-SISTEMA-NOVO-2025-12-09T154607.765_2025-12-09_18-46-31.webp.webp?fit=1200%2C675&ssl=1&resize=700%2C400 2x, https:\/\/i0.wp.com\/noticiasribeiraopreto.com.br\/wp-content\/uploads\/2025\/12\/Copia-de-Copia-de-Copia-de-TAMANHO-EXATO-PARA-FOTOS-NO-SISTEMA-NOVO-2025-12-09T154607.765_2025-12-09_18-46-31.webp.webp?fit=1200%2C675&ssl=1&resize=1050%2C600 3x"},"classes":[]}],"jetpack_sharing_enabled":true,"jetpack_shortlink":"https:\/\/wp.me\/peQAOb-kyq","_links":{"self":[{"href":"https:\/\/noticiasribeiraopreto.com.br\/index.php\/wp-json\/wp\/v2\/posts\/79014","targetHints":{"allow":["GET"]}}],"collection":[{"href":"https:\/\/noticiasribeiraopreto.com.br\/index.php\/wp-json\/wp\/v2\/posts"}],"about":[{"href":"https:\/\/noticiasribeiraopreto.com.br\/index.php\/wp-json\/wp\/v2\/types\/post"}],"author":[{"embeddable":true,"href":"https:\/\/noticiasribeiraopreto.com.br\/index.php\/wp-json\/wp\/v2\/users\/1"}],"replies":[{"embeddable":true,"href":"https:\/\/noticiasribeiraopreto.com.br\/index.php\/wp-json\/wp\/v2\/comments?post=79014"}],"version-history":[{"count":0,"href":"https:\/\/noticiasribeiraopreto.com.br\/index.php\/wp-json\/wp\/v2\/posts\/79014\/revisions"}],"wp:featuredmedia":[{"embeddable":true,"href":"https:\/\/noticiasribeiraopreto.com.br\/index.php\/wp-json\/wp\/v2\/media\/79015"}],"wp:attachment":[{"href":"https:\/\/noticiasribeiraopreto.com.br\/index.php\/wp-json\/wp\/v2\/media?parent=79014"}],"wp:term":[{"taxonomy":"category","embeddable":true,"href":"https:\/\/noticiasribeiraopreto.com.br\/index.php\/wp-json\/wp\/v2\/categories?post=79014"},{"taxonomy":"post_tag","embeddable":true,"href":"https:\/\/noticiasribeiraopreto.com.br\/index.php\/wp-json\/wp\/v2\/tags?post=79014"}],"curies":[{"name":"wp","href":"https:\/\/api.w.org\/{rel}","templated":true}]}}