{"id":79016,"date":"2025-10-22T18:21:19","date_gmt":"2025-10-22T21:21:19","guid":{"rendered":"https:\/\/noticiasribeiraopreto.com.br\/index.php\/2025\/10\/22\/saiba-o-que-a-defesa-de-bigodini-alegou-ao-conselho-de-etica-em-processo-de-cassacao\/"},"modified":"2025-10-22T18:21:19","modified_gmt":"2025-10-22T21:21:19","slug":"saiba-o-que-a-defesa-de-bigodini-alegou-ao-conselho-de-etica-em-processo-de-cassacao","status":"publish","type":"post","link":"https:\/\/noticiasribeiraopreto.com.br\/index.php\/2025\/10\/22\/saiba-o-que-a-defesa-de-bigodini-alegou-ao-conselho-de-etica-em-processo-de-cassacao\/","title":{"rendered":"Saiba o que a defesa de Bigodini alegou ao Conselho de \u00c9tica em processo de cassa\u00e7\u00e3o"},"content":{"rendered":"<div class='code-block code-block-1' style='margin: 8px 0 8px auto; text-align: right; display: block; clear: both;'>\n<p><a href=\"https:\/\/wa.link\/vpicfd\"><img data-recalc-dims=\"1\" class=\"wp-image-4922\" style=\"aspect-ratio: 2.0253164556962027; width: 561px; height: auto;\" src=\"https:\/\/i0.wp.com\/ismaelcolosi.com.br\/wp-content\/uploads\/2023\/11\/grupo-de-empregos-whatsapp-e-facebook-ismael-colosi-vagas.jpg?ssl=1\" alt=\"\" \/><\/a><\/p>\n<!-- \/wp:image -->\n<\/div>\n<p> <br \/>\n<\/p>\n<div>\n<p>O <strong><a href=\"https:\/\/www.camararibeiraopreto.sp.gov.br\/\" data-type=\"link\" data-id=\"https:\/\/www.camararibeiraopreto.sp.gov.br\/\" target=\"_blank\" rel=\"noopener\">Conselho de \u00c9tica da C\u00e2mara Municipal de Ribeir\u00e3o Preto<\/a><\/strong> oficializou nesta quarta-feira (22) o recebimento da defesa do vereador <strong>Roger Ronan da Silva<\/strong>, o <strong>Bigodini (MDB)<\/strong>, no processo de cassa\u00e7\u00e3o enfrentado pelo parlamentar.<\/p>\n<p>Bigodini \u00e9 investigado por quebra de decoro parlamentar ap\u00f3s ter se envolvido em um acidente de tr\u00e2nsito na <strong>avenida do Caf\u00e9<\/strong>, no dia 28 de setembro. Na ocasi\u00e3o, o parlamentar disse que era o passageiro no ve\u00edculo. Contudo, a Pol\u00edcia Civil investiga se, na realidade, era ele quem conduzia o carro.<\/p>\n<h2 class=\"wp-block-heading\"><strong>O que diz a defesa de Bigodini?<\/strong><\/h2>\n<p>No documento enviado ao Legislativo, os advogados de Bigodini pedem o arquivamento do processo por \u201cjusta causa\u201d. Isso porque, alegam que \u201cos fatos narrados n\u00e3o configuram conduta t\u00edpica prevista nos arts. 4\u00ba e 5\u00ba do C\u00f3digo de \u00c9tica e Decoro Parlamentar, inexistindo nexo causal entre a conduta descrita e o exerc\u00edcio da fun\u00e7\u00e3o legislativa\u201d.<\/p>\n<p>A defesa declara que \u201cn\u00e3o busca negar a ocorr\u00eancia do acidente ou envolvimento do vereador\u201d, mas que o caso ainda conta com declara\u00e7\u00f5es contradit\u00f3rias, que seguem em investiga\u00e7\u00e3o pela Pol\u00edcia Civil.<\/p>\n<p>\u201cNeste cen\u00e1rio de incerteza f\u00e1tica e de investiga\u00e7\u00e3o criminal inconclusa, \u00e9 imprescind\u00edvel que o Conselho de \u00c9tica e Decoro Parlamentar atue com a m\u00e1xima prud\u00eancia, respeitando os princ\u00edpios constitucionais e as normas regimentais que regem o processo disciplinar\u201d, afirma.<\/p>\n<p>Al\u00e9m disso, os advogados de Bigodini alegam que, em raz\u00e3o do acidente n\u00e3o ter ocorrido no exerc\u00edcio da fun\u00e7\u00e3o de parlamentar, e n\u00e3o envolveu o uso da prerrogativa do cargo, o caso n\u00e3o seria enquadrado na quebra de decoro parlamentar.<\/p>\n<p>\u201cAdmitir o contr\u00e1rio seria transformar o Conselho de \u00c9tica em um tribunal de costumes para a vida privada do parlamentar, extrapolando indevidamente sua compet\u00eancia e desvirtuando a finalidade do C\u00f3digo de \u00c9tica\u201d, alegam.<\/p>\n<h2 class=\"wp-block-heading\"><strong>Pr\u00f3ximos passos<\/strong><\/h2>\n<figure class=\"wp-block-image size-large\"><img data-recalc-dims=\"1\" fetchpriority=\"high\" decoding=\"async\" width=\"1024\" height=\"683\" src=\"https:\/\/i0.wp.com\/cdn.media-acidadeon.com.br\/ribeiraopreto\/wp-content\/uploads\/sites\/3\/2025\/10\/conselho-de-etica_2025-10-22_19-57-13-1024x683.webp?resize=1024%2C683&#038;ssl=1\" alt=\"conselho de etica 2025 10 22 19 57 13\" class=\"wp-image-133176\" title=\"Saiba o que a defesa de Bigodini alegou ao Conselho de \u00c9tica em processo de cassa\u00e7\u00e3o 1\" srcset=\"https:\/\/cdn.media-acidadeon.com.br\/ribeiraopreto\/wp-content\/uploads\/sites\/3\/2025\/10\/conselho-de-etica_2025-10-22_19-57-13-1024x683.webp 1024w, https:\/\/cdn.media-acidadeon.com.br\/ribeiraopreto\/wp-content\/uploads\/sites\/3\/2025\/10\/conselho-de-etica_2025-10-22_19-57-13-300x200.webp 300w, https:\/\/cdn.media-acidadeon.com.br\/ribeiraopreto\/wp-content\/uploads\/sites\/3\/2025\/10\/conselho-de-etica_2025-10-22_19-57-13-768x512.webp 768w, https:\/\/cdn.media-acidadeon.com.br\/ribeiraopreto\/wp-content\/uploads\/sites\/3\/2025\/10\/conselho-de-etica_2025-10-22_19-57-13-696x464.webp 696w, https:\/\/cdn.media-acidadeon.com.br\/ribeiraopreto\/wp-content\/uploads\/sites\/3\/2025\/10\/conselho-de-etica_2025-10-22_19-57-13-1068x712.webp 1068w, https:\/\/cdn.media-acidadeon.com.br\/ribeiraopreto\/wp-content\/uploads\/sites\/3\/2025\/10\/conselho-de-etica_2025-10-22_19-57-13.webp 1200w\" sizes=\"(max-width: 1024px) 100vw, 1024px\"\/><figcaption class=\"wp-element-caption\">Conselho de \u00c9tica da C\u00e2mara de Ribeir\u00e3o Preto recebeu defesa de Bigodini (Foto: Thaisa Coroado\/C\u00e2mara Ribeir\u00e3o)<\/figcaption><\/figure>\n<p>O relator do processo de cassa\u00e7\u00e3o <strong>Jean Corauci (PSD)<\/strong> afirma que ap\u00f3s a oficializa\u00e7\u00e3o, \u201cos documentos entregues ser\u00e3o analisados pelo Conselho para, em seguida, dar continuidade aos trabalhos\u201d.<\/p>\n<p>Al\u00e9m de Jean Corauci, o Conselho de \u00c9tica \u00e9 formado pelos vereadores<strong> Di\u00e1cono Ramos (Uni\u00e3o)<\/strong>, <strong>Franco Ferro (PP)<\/strong>, <strong>Maur\u00edcio Vila Abranches (PSDB) <\/strong>e <strong>Brando Veiga (REP)<\/strong>.<\/p>\n<h2 class=\"wp-block-heading\"><strong>Fraude processual<\/strong><\/h2>\n<p>A delegacia seccional de Ribeir\u00e3o Preto instaurou um inqu\u00e9rito policial para investigar os poss\u00edveis crimes de fraude processual, autoacusa\u00e7\u00e3o falsa e embriaguez ao volante envolvendo o vereador e a namorada.<\/p>\n<p>Imagens que circulam nas redes sociais mostram o vereador saindo do carro pelo lado do motorista. No entanto, n\u00e3o \u00e9 poss\u00edvel afirmar que ele dirigia no momento da batida. As imagens tamb\u00e9m mostram a mulher, supostamente entregando uma garrafa de bebida para outra pessoa.<\/p>\n<p>Embora n\u00e3o conste no boletim de ocorr\u00eancia da Pol\u00edcia Civil, a Pol\u00edcia Militar registrou que o vereador apresentava odor de \u00e1lcool, fala confusa, dificuldade para se expressar e para se manter em p\u00e9 e se locomover.<\/p>\n<p>A Pol\u00edcia Civil investiga se houve falsifica\u00e7\u00e3o de informa\u00e7\u00f5es no registro do boletim de ocorr\u00eancia e se a namorada teria assumido a dire\u00e7\u00e3o do ve\u00edculo para proteger o vereador.<\/p>\n<p>SAIBA MAIS<\/p>\n<p>Apostas da regi\u00e3o de Ribeir\u00e3o Preto est\u00e3o entre as ganhadoras da Mega-Sena; confira<\/p>\n<h2 class=\"wp-block-heading\"><strong>FIQUE ON<\/strong><\/h2>\n<p>Fique ligado em tudo que acontece em Ribeir\u00e3o Preto e regi\u00e3o. Siga os perfis do\u00a0<strong>acidade on<\/strong>\u00a0no\u00a0<a href=\"https:\/\/www.instagram.com\/acidadeonribeirao\" target=\"_blank\" rel=\"noreferrer noopener\">Instagram\u00a0<\/a>e no<a href=\"https:\/\/www.facebook.com\/acidadeonribeirao\/\" target=\"_blank\" rel=\"noreferrer noopener\">\u00a0Facebook<\/a>.<\/p>\n<p>Receba not\u00edcias do\u00a0<strong>acidade on<\/strong>\u00a0no WhatsApp. Para entrar no grupo,\u00a0basta\u00a0<a href=\"https:\/\/chat.whatsapp.com\/I4nieTEMKlf50pJ28aMemC?mode=ac_t\" target=\"_blank\" rel=\"noreferrer noopener\">clicar aqui<\/a>. Ou, acesse o nosso\u00a0Canal<a href=\"https:\/\/whatsapp.com\/channel\/0029Vb6IQl1JENyAeS57fk2p\" target=\"_blank\" rel=\"noreferrer noopener\">\u00a0clicando aqui<\/a>.<\/p>\n<p>Fa\u00e7a uma den\u00fancia ou sugira uma reportagem sobre Ribeir\u00e3o Preto e regi\u00e3o pelo WhatsApp: 16 99117 7802.<\/p>\n<p>VEJA TAMB\u00c9M<\/p>\n<p>Final de \u2018Stranger Things\u2019 ser\u00e1 exibido nos cinemas brasileiros?<\/p>\n<p><!-- AI CONTENT END 1 -->\n<\/div>\n<p><script async src=\"\/\/www.instagram.com\/embed.js\"><\/script><br \/>\n<br \/><br \/>\n<br \/><a href=\"https:\/\/www.acidadeon.com\/ribeiraopreto\/politica\/saiba-o-que-a-defesa-de-bigodini-alegou-ao-conselho-de-etica-em-processo-de-cassacao\/\">Source link <\/a><\/p>\n<!-- CONTENT END 1 -->\n","protected":false},"excerpt":{"rendered":"<p>O Conselho de \u00c9tica da C\u00e2mara Municipal de Ribeir\u00e3o Preto oficializou nesta quarta-feira (22) o recebimento da defesa do vereador Roger Ronan da Silva, o&#8230;<\/p>\n","protected":false},"author":1,"featured_media":79017,"comment_status":"open","ping_status":"open","sticky":false,"template":"","format":"standard","meta":{"advanced_seo_description":"","jetpack_seo_html_title":"","jetpack_seo_noindex":false,"jetpack_post_was_ever_published":false,"_jetpack_newsletter_access":"","_jetpack_dont_email_post_to_subs":false,"_jetpack_newsletter_tier_id":0,"_jetpack_memberships_contains_paywalled_content":false,"_jetpack_memberships_contains_paid_content":false,"footnotes":"","jetpack_publicize_message":"","jetpack_publicize_feature_enabled":true,"jetpack_social_post_already_shared":true,"jetpack_social_options":{"image_generator_settings":{"template":"highway","default_image_id":0,"font":"","enabled":false},"version":2}},"categories":[11],"tags":[],"class_list":["post-79016","post","type-post","status-publish","format-standard","has-post-thumbnail","hentry","category-noticias-de-ribeirao-preto-sp-e-regiao-ismael-colosi"],"jetpack_publicize_connections":[],"jetpack_featured_media_url":"https:\/\/i0.wp.com\/noticiasribeiraopreto.com.br\/wp-content\/uploads\/2025\/10\/Imagem-do-WhatsApp-de-2025-10-22-as-16.14.20_4d71a886_2025-10-22_19-19-07.webp.webp?fit=1200%2C800&ssl=1","jetpack-related-posts":[{"id":78117,"url":"https:\/\/noticiasribeiraopreto.com.br\/index.php\/2025\/10\/02\/conselho-de-etica-define-relator-do-processo-de-cassacao-contra-bigodini\/","url_meta":{"origin":79016,"position":0},"title":"Conselho de \u00c9tica define relator do processo de cassa\u00e7\u00e3o contra Bigodini","author":"noticiasribeiraopreto.com.br","date":"2 de October de 2025","format":false,"excerpt":"O Conselho de \u00c9tica da C\u00e2mara de Ribeir\u00e3o Preto se reuniu na manh\u00e3 desta quinta-feira (2) para dar in\u00edcio ao processo de cassa\u00e7\u00e3o contra o vereador Roger Ronan da Silva (MDB), o Bigodini. O conselho definiu que Jean Corauci (PSD) ser\u00e1 o relator da investiga\u00e7\u00e3o. O presidente do Conselho, Di\u00e1cono\u2026","rel":"","context":"In &quot;Not\u00edcias de Ribeir\u00e3o Preto-SP e Regi\u00e3o&quot;","block_context":{"text":"Not\u00edcias de Ribeir\u00e3o Preto-SP e Regi\u00e3o","link":"https:\/\/noticiasribeiraopreto.com.br\/index.php\/category\/noticias-de-ribeirao-preto-sp-e-regiao-ismael-colosi\/"},"img":{"alt_text":"","src":"https:\/\/i0.wp.com\/noticiasribeiraopreto.com.br\/wp-content\/uploads\/2025\/10\/corauci_2025-10-02_14-55-47.webp.webp?fit=1200%2C674&ssl=1&resize=350%2C200","width":350,"height":200,"srcset":"https:\/\/i0.wp.com\/noticiasribeiraopreto.com.br\/wp-content\/uploads\/2025\/10\/corauci_2025-10-02_14-55-47.webp.webp?fit=1200%2C674&ssl=1&resize=350%2C200 1x, https:\/\/i0.wp.com\/noticiasribeiraopreto.com.br\/wp-content\/uploads\/2025\/10\/corauci_2025-10-02_14-55-47.webp.webp?fit=1200%2C674&ssl=1&resize=525%2C300 1.5x, https:\/\/i0.wp.com\/noticiasribeiraopreto.com.br\/wp-content\/uploads\/2025\/10\/corauci_2025-10-02_14-55-47.webp.webp?fit=1200%2C674&ssl=1&resize=700%2C400 2x, https:\/\/i0.wp.com\/noticiasribeiraopreto.com.br\/wp-content\/uploads\/2025\/10\/corauci_2025-10-02_14-55-47.webp.webp?fit=1200%2C674&ssl=1&resize=1050%2C600 3x"},"classes":[]},{"id":79599,"url":"https:\/\/noticiasribeiraopreto.com.br\/index.php\/2025\/11\/04\/conselho-de-etica-da-camara-de-ribeirao-pede-suspensao-de-bigodini-mas-barra-cassacao\/","url_meta":{"origin":79016,"position":1},"title":"Conselho de \u00c9tica da C\u00e2mara de Ribeir\u00e3o pede suspens\u00e3o de Bigodini, mas barra cassa\u00e7\u00e3o","author":"noticiasribeiraopreto.com.br","date":"4 de November de 2025","format":false,"excerpt":"O relat\u00f3rio do Conselho de \u00c9tica da C\u00e2mara de Ribeir\u00e3o Preto pediu a suspens\u00e3o do mandato do vereador Roger Ronan da Silva, o Bigodini (MDB), por seis meses. O relat\u00f3rio foi lido na tarde desta ter\u00e7a-feira (4) pelo vereador Maur\u00edcio Vila Abranches (PSDB), que optou por manter os direitos pol\u00edticos\u2026","rel":"","context":"In &quot;Not\u00edcias de Ribeir\u00e3o Preto-SP e Regi\u00e3o&quot;","block_context":{"text":"Not\u00edcias de Ribeir\u00e3o Preto-SP e Regi\u00e3o","link":"https:\/\/noticiasribeiraopreto.com.br\/index.php\/category\/noticias-de-ribeirao-preto-sp-e-regiao-ismael-colosi\/"},"img":{"alt_text":"","src":"https:\/\/i0.wp.com\/noticiasribeiraopreto.com.br\/wp-content\/uploads\/2025\/10\/bigodini-cerveja_2025-10-24_13-49-24.webp.webp?fit=1200%2C674&ssl=1&resize=350%2C200","width":350,"height":200,"srcset":"https:\/\/i0.wp.com\/noticiasribeiraopreto.com.br\/wp-content\/uploads\/2025\/10\/bigodini-cerveja_2025-10-24_13-49-24.webp.webp?fit=1200%2C674&ssl=1&resize=350%2C200 1x, https:\/\/i0.wp.com\/noticiasribeiraopreto.com.br\/wp-content\/uploads\/2025\/10\/bigodini-cerveja_2025-10-24_13-49-24.webp.webp?fit=1200%2C674&ssl=1&resize=525%2C300 1.5x, https:\/\/i0.wp.com\/noticiasribeiraopreto.com.br\/wp-content\/uploads\/2025\/10\/bigodini-cerveja_2025-10-24_13-49-24.webp.webp?fit=1200%2C674&ssl=1&resize=700%2C400 2x, https:\/\/i0.wp.com\/noticiasribeiraopreto.com.br\/wp-content\/uploads\/2025\/10\/bigodini-cerveja_2025-10-24_13-49-24.webp.webp?fit=1200%2C674&ssl=1&resize=1050%2C600 3x"},"classes":[]},{"id":79620,"url":"https:\/\/noticiasribeiraopreto.com.br\/index.php\/2025\/11\/04\/conselho-de-etica-da-camara-de-ribeirao-pede-suspensao-de-bigodini-mas-barra-cassacao-2\/","url_meta":{"origin":79016,"position":2},"title":"Conselho de \u00c9tica da C\u00e2mara de Ribeir\u00e3o pede suspens\u00e3o de Bigodini, mas barra cassa\u00e7\u00e3o","author":"noticiasribeiraopreto.com.br","date":"4 de November de 2025","format":false,"excerpt":"O relat\u00f3rio do Conselho de \u00c9tica da C\u00e2mara de Ribeir\u00e3o Preto pediu a suspens\u00e3o do mandato do vereador Roger Ronan da Silva, o Bigodini (MDB), por seis meses. O relat\u00f3rio foi lido na tarde desta ter\u00e7a-feira (4) pelo vereador Maur\u00edcio Vila Abranches (PSDB), que optou por manter os direitos pol\u00edticos\u2026","rel":"","context":"In &quot;Not\u00edcias de Ribeir\u00e3o Preto-SP e Regi\u00e3o&quot;","block_context":{"text":"Not\u00edcias de Ribeir\u00e3o Preto-SP e Regi\u00e3o","link":"https:\/\/noticiasribeiraopreto.com.br\/index.php\/category\/noticias-de-ribeirao-preto-sp-e-regiao-ismael-colosi\/"},"img":{"alt_text":"","src":"https:\/\/i0.wp.com\/noticiasribeiraopreto.com.br\/wp-content\/uploads\/2025\/10\/bigodini-cerveja_2025-10-24_13-49-24.webp.webp?fit=1200%2C674&ssl=1&resize=350%2C200","width":350,"height":200,"srcset":"https:\/\/i0.wp.com\/noticiasribeiraopreto.com.br\/wp-content\/uploads\/2025\/10\/bigodini-cerveja_2025-10-24_13-49-24.webp.webp?fit=1200%2C674&ssl=1&resize=350%2C200 1x, https:\/\/i0.wp.com\/noticiasribeiraopreto.com.br\/wp-content\/uploads\/2025\/10\/bigodini-cerveja_2025-10-24_13-49-24.webp.webp?fit=1200%2C674&ssl=1&resize=525%2C300 1.5x, https:\/\/i0.wp.com\/noticiasribeiraopreto.com.br\/wp-content\/uploads\/2025\/10\/bigodini-cerveja_2025-10-24_13-49-24.webp.webp?fit=1200%2C674&ssl=1&resize=700%2C400 2x, https:\/\/i0.wp.com\/noticiasribeiraopreto.com.br\/wp-content\/uploads\/2025\/10\/bigodini-cerveja_2025-10-24_13-49-24.webp.webp?fit=1200%2C674&ssl=1&resize=1050%2C600 3x"},"classes":[]},{"id":78703,"url":"https:\/\/noticiasribeiraopreto.com.br\/index.php\/2025\/10\/16\/advogado-protocola-defesa-de-bigodini-na-camara\/","url_meta":{"origin":79016,"position":3},"title":"Advogado protocola defesa de Bigodini na C\u00e2mara","author":"noticiasribeiraopreto.com.br","date":"16 de October de 2025","format":false,"excerpt":"Documento tem cerca de 28 p\u00e1ginas e foi protocolado na tarde de quarta-feira; pelo advogado Renato Cassiano, ligado ao diret\u00f3rio do MDB A defesa do vereador de Ribeir\u00e3o Preto, Roger Ronan da Silva, o Bigodini (MDB) acaba de protocolar nesta quarta-feira, 16 de outubro, na C\u00e2mara Municipal a defesa do\u2026","rel":"","context":"In &quot;Not\u00edcias de Ribeir\u00e3o Preto-SP e Regi\u00e3o&quot;","block_context":{"text":"Not\u00edcias de Ribeir\u00e3o Preto-SP e Regi\u00e3o","link":"https:\/\/noticiasribeiraopreto.com.br\/index.php\/category\/noticias-de-ribeirao-preto-sp-e-regiao-ismael-colosi\/"},"img":{"alt_text":"","src":"https:\/\/i0.wp.com\/noticiasribeiraopreto.com.br\/wp-content\/uploads\/2025\/10\/defesa-bigodini-scaled.jpeg?fit=1170%2C780&ssl=1&resize=350%2C200","width":350,"height":200,"srcset":"https:\/\/i0.wp.com\/noticiasribeiraopreto.com.br\/wp-content\/uploads\/2025\/10\/defesa-bigodini-scaled.jpeg?fit=1170%2C780&ssl=1&resize=350%2C200 1x, https:\/\/i0.wp.com\/noticiasribeiraopreto.com.br\/wp-content\/uploads\/2025\/10\/defesa-bigodini-scaled.jpeg?fit=1170%2C780&ssl=1&resize=525%2C300 1.5x, https:\/\/i0.wp.com\/noticiasribeiraopreto.com.br\/wp-content\/uploads\/2025\/10\/defesa-bigodini-scaled.jpeg?fit=1170%2C780&ssl=1&resize=700%2C400 2x, https:\/\/i0.wp.com\/noticiasribeiraopreto.com.br\/wp-content\/uploads\/2025\/10\/defesa-bigodini-scaled.jpeg?fit=1170%2C780&ssl=1&resize=1050%2C600 3x"},"classes":[]},{"id":78942,"url":"https:\/\/noticiasribeiraopreto.com.br\/index.php\/2025\/10\/21\/processo-de-cassacao-contra-bigodini-tem-segunda-reuniao-no-conselho-de-etica\/","url_meta":{"origin":79016,"position":4},"title":"Processo de cassa\u00e7\u00e3o contra Bigodini tem segunda reuni\u00e3o no Conselho de \u00c9tica","author":"noticiasribeiraopreto.com.br","date":"21 de October de 2025","format":false,"excerpt":"O Conselho de \u00c9tica da C\u00e2mara de Ribeir\u00e3o Preto volta a se reunir na quarta-feira (22) para segunda reuni\u00e3o do processo de cassa\u00e7\u00e3o contra o vereador Roger Ronan da Silva, o Bigodini (MDB). De acordo com o Legislativo, a reuni\u00e3o acontece a partir das 15h, na Sala de Comiss\u00f5es do\u2026","rel":"","context":"In &quot;Not\u00edcias de Ribeir\u00e3o Preto-SP e Regi\u00e3o&quot;","block_context":{"text":"Not\u00edcias de Ribeir\u00e3o Preto-SP e Regi\u00e3o","link":"https:\/\/noticiasribeiraopreto.com.br\/index.php\/category\/noticias-de-ribeirao-preto-sp-e-regiao-ismael-colosi\/"},"img":{"alt_text":"","src":"https:\/\/i0.wp.com\/noticiasribeiraopreto.com.br\/wp-content\/uploads\/2025\/10\/Copia-de-Copia-de-Copia-de-TAMANHO-EXATO-PARA-FOTOS-NO-SISTEMA-NOVO-2025-10-03T142815.473_2025-10-03_17-28-22.webp.webp?fit=1200%2C675&ssl=1&resize=350%2C200","width":350,"height":200,"srcset":"https:\/\/i0.wp.com\/noticiasribeiraopreto.com.br\/wp-content\/uploads\/2025\/10\/Copia-de-Copia-de-Copia-de-TAMANHO-EXATO-PARA-FOTOS-NO-SISTEMA-NOVO-2025-10-03T142815.473_2025-10-03_17-28-22.webp.webp?fit=1200%2C675&ssl=1&resize=350%2C200 1x, https:\/\/i0.wp.com\/noticiasribeiraopreto.com.br\/wp-content\/uploads\/2025\/10\/Copia-de-Copia-de-Copia-de-TAMANHO-EXATO-PARA-FOTOS-NO-SISTEMA-NOVO-2025-10-03T142815.473_2025-10-03_17-28-22.webp.webp?fit=1200%2C675&ssl=1&resize=525%2C300 1.5x, https:\/\/i0.wp.com\/noticiasribeiraopreto.com.br\/wp-content\/uploads\/2025\/10\/Copia-de-Copia-de-Copia-de-TAMANHO-EXATO-PARA-FOTOS-NO-SISTEMA-NOVO-2025-10-03T142815.473_2025-10-03_17-28-22.webp.webp?fit=1200%2C675&ssl=1&resize=700%2C400 2x, https:\/\/i0.wp.com\/noticiasribeiraopreto.com.br\/wp-content\/uploads\/2025\/10\/Copia-de-Copia-de-Copia-de-TAMANHO-EXATO-PARA-FOTOS-NO-SISTEMA-NOVO-2025-10-03T142815.473_2025-10-03_17-28-22.webp.webp?fit=1200%2C675&ssl=1&resize=1050%2C600 3x"},"classes":[]},{"id":78250,"url":"https:\/\/noticiasribeiraopreto.com.br\/index.php\/2025\/10\/07\/bigodini-apresenta-novo-atestado-e-fica-afastado-por-mais-10-dias-da-camara-de-ribeirao\/","url_meta":{"origin":79016,"position":5},"title":"Bigodini apresenta novo atestado e fica afastado por mais 10 dias da C\u00e2mara de Ribeir\u00e3o","author":"noticiasribeiraopreto.com.br","date":"7 de October de 2025","format":false,"excerpt":"Uma semana ap\u00f3s o acidente de tr\u00e2nsito envolvendo o vereador Roger Ronan da Silva (MDB), conhecido como Bigodini, o parlamentar n\u00e3o compareceu a sess\u00e3o da C\u00e2mara de Ribeir\u00e3o Preto nesta segunda-feira (6). De acordo com o presidente da C\u00e2mara, vereador Isaac Antunes (PL), Bigodini apresentou um novo atestado m\u00e9dico para\u2026","rel":"","context":"In &quot;Not\u00edcias de Ribeir\u00e3o Preto-SP e Regi\u00e3o&quot;","block_context":{"text":"Not\u00edcias de Ribeir\u00e3o Preto-SP e Regi\u00e3o","link":"https:\/\/noticiasribeiraopreto.com.br\/index.php\/category\/noticias-de-ribeirao-preto-sp-e-regiao-ismael-colosi\/"},"img":{"alt_text":"","src":"https:\/\/i0.wp.com\/noticiasribeiraopreto.com.br\/wp-content\/uploads\/2025\/09\/bigodini_2025-09-30_13-54-26.webp.webp?fit=1200%2C838&ssl=1&resize=350%2C200","width":350,"height":200,"srcset":"https:\/\/i0.wp.com\/noticiasribeiraopreto.com.br\/wp-content\/uploads\/2025\/09\/bigodini_2025-09-30_13-54-26.webp.webp?fit=1200%2C838&ssl=1&resize=350%2C200 1x, https:\/\/i0.wp.com\/noticiasribeiraopreto.com.br\/wp-content\/uploads\/2025\/09\/bigodini_2025-09-30_13-54-26.webp.webp?fit=1200%2C838&ssl=1&resize=525%2C300 1.5x, https:\/\/i0.wp.com\/noticiasribeiraopreto.com.br\/wp-content\/uploads\/2025\/09\/bigodini_2025-09-30_13-54-26.webp.webp?fit=1200%2C838&ssl=1&resize=700%2C400 2x, https:\/\/i0.wp.com\/noticiasribeiraopreto.com.br\/wp-content\/uploads\/2025\/09\/bigodini_2025-09-30_13-54-26.webp.webp?fit=1200%2C838&ssl=1&resize=1050%2C600 3x"},"classes":[]}],"jetpack_sharing_enabled":true,"jetpack_shortlink":"https:\/\/wp.me\/peQAOb-kys","_links":{"self":[{"href":"https:\/\/noticiasribeiraopreto.com.br\/index.php\/wp-json\/wp\/v2\/posts\/79016","targetHints":{"allow":["GET"]}}],"collection":[{"href":"https:\/\/noticiasribeiraopreto.com.br\/index.php\/wp-json\/wp\/v2\/posts"}],"about":[{"href":"https:\/\/noticiasribeiraopreto.com.br\/index.php\/wp-json\/wp\/v2\/types\/post"}],"author":[{"embeddable":true,"href":"https:\/\/noticiasribeiraopreto.com.br\/index.php\/wp-json\/wp\/v2\/users\/1"}],"replies":[{"embeddable":true,"href":"https:\/\/noticiasribeiraopreto.com.br\/index.php\/wp-json\/wp\/v2\/comments?post=79016"}],"version-history":[{"count":0,"href":"https:\/\/noticiasribeiraopreto.com.br\/index.php\/wp-json\/wp\/v2\/posts\/79016\/revisions"}],"wp:featuredmedia":[{"embeddable":true,"href":"https:\/\/noticiasribeiraopreto.com.br\/index.php\/wp-json\/wp\/v2\/media\/79017"}],"wp:attachment":[{"href":"https:\/\/noticiasribeiraopreto.com.br\/index.php\/wp-json\/wp\/v2\/media?parent=79016"}],"wp:term":[{"taxonomy":"category","embeddable":true,"href":"https:\/\/noticiasribeiraopreto.com.br\/index.php\/wp-json\/wp\/v2\/categories?post=79016"},{"taxonomy":"post_tag","embeddable":true,"href":"https:\/\/noticiasribeiraopreto.com.br\/index.php\/wp-json\/wp\/v2\/tags?post=79016"}],"curies":[{"name":"wp","href":"https:\/\/api.w.org\/{rel}","templated":true}]}}