{"id":79018,"date":"2025-10-22T18:27:51","date_gmt":"2025-10-22T21:27:51","guid":{"rendered":"https:\/\/noticiasribeiraopreto.com.br\/index.php\/2025\/10\/22\/caminhada-danca-e-diversao-ribeirao-tem-manha-de-atividades-no-parque-curupira-veja-quando\/"},"modified":"2025-10-22T18:27:51","modified_gmt":"2025-10-22T21:27:51","slug":"caminhada-danca-e-diversao-ribeirao-tem-manha-de-atividades-no-parque-curupira-veja-quando","status":"publish","type":"post","link":"https:\/\/noticiasribeiraopreto.com.br\/index.php\/2025\/10\/22\/caminhada-danca-e-diversao-ribeirao-tem-manha-de-atividades-no-parque-curupira-veja-quando\/","title":{"rendered":"Caminhada, dan\u00e7a e divers\u00e3o: Ribeir\u00e3o tem manh\u00e3 de atividades no Parque Curupira; Veja quando"},"content":{"rendered":"<div class='code-block code-block-1' style='margin: 8px 0 8px auto; text-align: right; display: block; clear: both;'>\n<p><a href=\"https:\/\/wa.link\/vpicfd\"><img data-recalc-dims=\"1\" class=\"wp-image-4922\" style=\"aspect-ratio: 2.0253164556962027; width: 561px; height: auto;\" src=\"https:\/\/i0.wp.com\/ismaelcolosi.com.br\/wp-content\/uploads\/2023\/11\/grupo-de-empregos-whatsapp-e-facebook-ismael-colosi-vagas.jpg?ssl=1\" alt=\"\" \/><\/a><\/p>\n<!-- \/wp:image -->\n<\/div>\n<p> <br \/>\n<\/p>\n<div>\n<p><strong>Ribeir\u00e3o Preto<\/strong> ter\u00e1 uma <strong>manh\u00e3 de atividades abertas ao p\u00fablico <\/strong>neste domingo (26), no Parque Luiz Roberto J\u00e1bali, o <strong>Curupira<\/strong>, na zona Leste do munic\u00edpio.<\/p>\n<p>Os participantes do evento poder\u00e3o escolher entre participar de <strong>caminhada<\/strong> ou <strong>c\u00e3ominhada<\/strong>,\u00a0 em trajetos de 1,5km e 3km, a partir das 8h.<\/p>\n<p><mark style=\"background-color:#fcb900\" class=\"has-inline-color\">A programa\u00e7\u00e3o tamb\u00e9m inclui <strong>aula de dan\u00e7a<\/strong>, <strong>pintura facial<\/strong>, <strong>corrida de saco para crian\u00e7as<\/strong> e <strong>a\u00e7\u00f5es de sa\u00fade<\/strong>, al\u00e9m de pontos de distribui\u00e7\u00e3o de \u00e1gua, frutas e brindes.<\/mark><\/p>\n<p>A iniciativa faz parte do encerramento da segunda edi\u00e7\u00e3o do \u201c<strong>Movimento que Faz Bem<\/strong>\u201c, promovido pela Nestl\u00e9, e tem como objetivo incentivar a pr\u00e1tica de atividades f\u00edsicas e o bem-estar da comunidade.<\/p>\n<div class=\"wp-block-image\">\n<figure class=\"aligncenter size-large is-resized\"><img data-recalc-dims=\"1\" fetchpriority=\"high\" decoding=\"async\" width=\"1024\" height=\"576\" src=\"https:\/\/i0.wp.com\/cdn.media-acidadeon.com.br\/ribeiraopreto\/wp-content\/uploads\/sites\/3\/2025\/10\/Copia-de-Copia-de-Copia-de-TAMANHO-EXATO-PARA-FOTOS-NO-SISTEMA-NOVO-2025-10-22T165010.692_2025-10-22_19-50-17-1024x576.webp?resize=1024%2C576&#038;ssl=1\" alt=\"Ribeir\u00e3o ter\u00e1 manh\u00e3 de atividades gratuitas no Parque Curupira - Foto: divulga\u00e7\u00e3o.\" class=\"wp-image-133172\" style=\"width:654px\" title=\"Caminhada, dan\u00e7a e divers\u00e3o: Ribeir\u00e3o tem manh\u00e3 de atividades no Parque Curupira; Veja quando 1\" srcset=\"https:\/\/cdn.media-acidadeon.com.br\/ribeiraopreto\/wp-content\/uploads\/sites\/3\/2025\/10\/Copia-de-Copia-de-Copia-de-TAMANHO-EXATO-PARA-FOTOS-NO-SISTEMA-NOVO-2025-10-22T165010.692_2025-10-22_19-50-17-1024x576.webp 1024w, https:\/\/cdn.media-acidadeon.com.br\/ribeiraopreto\/wp-content\/uploads\/sites\/3\/2025\/10\/Copia-de-Copia-de-Copia-de-TAMANHO-EXATO-PARA-FOTOS-NO-SISTEMA-NOVO-2025-10-22T165010.692_2025-10-22_19-50-17-300x169.webp 300w, https:\/\/cdn.media-acidadeon.com.br\/ribeiraopreto\/wp-content\/uploads\/sites\/3\/2025\/10\/Copia-de-Copia-de-Copia-de-TAMANHO-EXATO-PARA-FOTOS-NO-SISTEMA-NOVO-2025-10-22T165010.692_2025-10-22_19-50-17-768x432.webp 768w, https:\/\/cdn.media-acidadeon.com.br\/ribeiraopreto\/wp-content\/uploads\/sites\/3\/2025\/10\/Copia-de-Copia-de-Copia-de-TAMANHO-EXATO-PARA-FOTOS-NO-SISTEMA-NOVO-2025-10-22T165010.692_2025-10-22_19-50-17-696x392.webp 696w, https:\/\/cdn.media-acidadeon.com.br\/ribeiraopreto\/wp-content\/uploads\/sites\/3\/2025\/10\/Copia-de-Copia-de-Copia-de-TAMANHO-EXATO-PARA-FOTOS-NO-SISTEMA-NOVO-2025-10-22T165010.692_2025-10-22_19-50-17-1068x601.webp 1068w, https:\/\/cdn.media-acidadeon.com.br\/ribeiraopreto\/wp-content\/uploads\/sites\/3\/2025\/10\/Copia-de-Copia-de-Copia-de-TAMANHO-EXATO-PARA-FOTOS-NO-SISTEMA-NOVO-2025-10-22T165010.692_2025-10-22_19-50-17.webp 1200w\" sizes=\"(max-width: 1024px) 100vw, 1024px\"\/><figcaption class=\"wp-element-caption\">Ribeir\u00e3o ter\u00e1 manh\u00e3 de atividades gratuitas no Parque Curupira \u2013 Foto: divulga\u00e7\u00e3o.<\/figcaption><\/figure>\n<\/div>\n<h2 class=\"wp-block-heading\"><strong>Doa\u00e7\u00e3o para ONGs<\/strong><\/h2>\n<p>Conforme a empresa, durante o evento, <strong>os minutos de atividades realizadas pelos participantes e colaboradores de Ribeir\u00e3o Preto ser\u00e3o convertidos em doa\u00e7\u00f5es para ONGs locais.<\/strong><\/p>\n<p>Uma das beneficiadas ser\u00e1 a <strong>C\u00e3opaix\u00e3o<\/strong>, organiza\u00e7\u00e3o de prote\u00e7\u00e3o animal da cidade, que receber\u00e1 R$ 30 mil em produtos destinados a projetos de adestramento de c\u00e3es terapeutas e manuten\u00e7\u00e3o de animais em tratamento.<\/p>\n<h3 class=\"wp-block-heading\"><strong>Servi\u00e7o<\/strong><\/h3>\n<p><em>Caminhada e C\u00e3ominhada do Movimento Que Faz Bem<\/em><\/p>\n<p>Quando: 26 de outubro (domingo)<\/p>\n<p>Hor\u00e1rio: das 8h \u00e0s 12h<\/p>\n<p>Local: Parque Prefeito Luiz Roberto J\u00e1bali \u2013 avenida Cost\u00e1bile Romano, s\/n \u2013 Bairro Ribeir\u00e2nia<\/p>\n<p>Evento gratuito<\/p>\n<hr class=\"wp-block-separator has-alpha-channel-opacity\"\/>\n<p>SAIBA MAIS<\/p>\n<p>Aposentado viaja de Ribeir\u00e3o Preto a Ushuaia em um Fiat Uno para homenagear a esposa<\/p>\n<h2 class=\"wp-block-heading\"><strong>FIQUE ON<\/strong><\/h2>\n<p>Fique ligado em tudo que acontece em Ribeir\u00e3o Preto e regi\u00e3o. Siga os perfis do\u00a0<strong>acidade on<\/strong>\u00a0no\u00a0<a href=\"https:\/\/www.instagram.com\/acidadeonribeirao\" target=\"_blank\" rel=\"noreferrer noopener\">Instagram\u00a0<\/a>e no<a href=\"https:\/\/www.facebook.com\/acidadeonribeirao\/\" target=\"_blank\" rel=\"noreferrer noopener\">\u00a0Facebook<\/a>.<\/p>\n<p>Receba not\u00edcias do\u00a0<strong>acidade on<\/strong>\u00a0no WhatsApp. Para entrar no grupo,\u00a0basta\u00a0<a href=\"https:\/\/chat.whatsapp.com\/I4nieTEMKlf50pJ28aMemC?mode=ac_t\" target=\"_blank\" rel=\"noreferrer noopener\">clicar aqui<\/a>. Ou, acesse o nosso\u00a0Canal<a href=\"https:\/\/whatsapp.com\/channel\/0029Vb6IQl1JENyAeS57fk2p\" target=\"_blank\" rel=\"noreferrer noopener\">\u00a0clicando aqui<\/a>.<\/p>\n<p>Fa\u00e7a uma den\u00fancia ou sugira uma reportagem sobre Ribeir\u00e3o Preto e regi\u00e3o pelo WhatsApp: 16 99117 7802.<\/p>\n<p>VEJA TAMB\u00c9M<\/p>\n<p>Qual atriz saiu de \u2018The Morning Show\u2019?<\/p>\n<p><!-- AI CONTENT END 1 -->\n<\/div>\n<p><script async src=\"\/\/www.instagram.com\/embed.js\"><\/script><br \/>\n<br \/><br \/>\n<br \/><a href=\"https:\/\/www.acidadeon.com\/ribeiraopreto\/lazer-e-cultura\/caminhada-danca-e-diversao-ribeirao-tem-manha-de-atividades-no-parque-curupira\/\">Source link <\/a><\/p>\n<!-- CONTENT END 1 -->\n","protected":false},"excerpt":{"rendered":"<p>Ribeir\u00e3o Preto ter\u00e1 uma manh\u00e3 de atividades abertas ao p\u00fablico neste domingo (26), no Parque Luiz Roberto J\u00e1bali, o Curupira, na zona Leste do munic\u00edpio&#8230;.<\/p>\n","protected":false},"author":1,"featured_media":79019,"comment_status":"open","ping_status":"open","sticky":false,"template":"","format":"standard","meta":{"advanced_seo_description":"","jetpack_seo_html_title":"","jetpack_seo_noindex":false,"jetpack_post_was_ever_published":false,"_jetpack_newsletter_access":"","_jetpack_dont_email_post_to_subs":false,"_jetpack_newsletter_tier_id":0,"_jetpack_memberships_contains_paywalled_content":false,"_jetpack_memberships_contains_paid_content":false,"footnotes":"","jetpack_publicize_message":"","jetpack_publicize_feature_enabled":true,"jetpack_social_post_already_shared":true,"jetpack_social_options":{"image_generator_settings":{"template":"highway","default_image_id":0,"font":"","enabled":false},"version":2}},"categories":[11],"tags":[],"class_list":["post-79018","post","type-post","status-publish","format-standard","has-post-thumbnail","hentry","category-noticias-de-ribeirao-preto-sp-e-regiao-ismael-colosi"],"jetpack_publicize_connections":[],"jetpack_featured_media_url":"https:\/\/i0.wp.com\/noticiasribeiraopreto.com.br\/wp-content\/uploads\/2025\/10\/Copia-de-Copia-de-Copia-de-TAMANHO-EXATO-PARA-FOTOS-NO-SISTEMA-NOVO-2025-10-22T165403.415_2025-10-22_19-54-09.webp.webp?fit=1200%2C675&ssl=1","jetpack-related-posts":[{"id":84192,"url":"https:\/\/noticiasribeiraopreto.com.br\/index.php\/2026\/04\/03\/parques-de-ribeirao-preto-tem-mudancas-no-horario-neste-fim-de-semana\/","url_meta":{"origin":79018,"position":0},"title":"Parques de Ribeir\u00e3o Preto t\u00eam mudan\u00e7as no hor\u00e1rio neste fim de semana","author":"noticiasribeiraopreto.com.br","date":"3 de April de 2026","format":false,"excerpt":"Ler o resumo da not\u00edcia Parques de Ribeir\u00e3o Preto t\u00eam mudan\u00e7as no hor\u00e1rio neste fim de semana Os parques municipais de Ribeir\u00e3o Preto ter\u00e3o mudan\u00e7as no funcionamento neste s\u00e1bado (4) em decorr\u00eancia das fortes chuvas que atingiram a cidade. As altera\u00e7\u00f5es foram anunciadas pela Prefeitura como medida de seguran\u00e7a para\u2026","rel":"","context":"In &quot;Not\u00edcias de Ribeir\u00e3o Preto-SP e Regi\u00e3o&quot;","block_context":{"text":"Not\u00edcias de Ribeir\u00e3o Preto-SP e Regi\u00e3o","link":"https:\/\/noticiasribeiraopreto.com.br\/index.php\/category\/noticias-de-ribeirao-preto-sp-e-regiao-ismael-colosi\/"},"img":{"alt_text":"","src":"https:\/\/i0.wp.com\/noticiasribeiraopreto.com.br\/wp-content\/uploads\/2026\/04\/parque-curupira-tempo_2024-08-12_12-53-54_jpeg_2024-08-12_12-53-56-1024x576.webp.webp?fit=1024%2C576&ssl=1&resize=350%2C200","width":350,"height":200,"srcset":"https:\/\/i0.wp.com\/noticiasribeiraopreto.com.br\/wp-content\/uploads\/2026\/04\/parque-curupira-tempo_2024-08-12_12-53-54_jpeg_2024-08-12_12-53-56-1024x576.webp.webp?fit=1024%2C576&ssl=1&resize=350%2C200 1x, https:\/\/i0.wp.com\/noticiasribeiraopreto.com.br\/wp-content\/uploads\/2026\/04\/parque-curupira-tempo_2024-08-12_12-53-54_jpeg_2024-08-12_12-53-56-1024x576.webp.webp?fit=1024%2C576&ssl=1&resize=525%2C300 1.5x, https:\/\/i0.wp.com\/noticiasribeiraopreto.com.br\/wp-content\/uploads\/2026\/04\/parque-curupira-tempo_2024-08-12_12-53-54_jpeg_2024-08-12_12-53-56-1024x576.webp.webp?fit=1024%2C576&ssl=1&resize=700%2C400 2x"},"classes":[]},{"id":81520,"url":"https:\/\/noticiasribeiraopreto.com.br\/index.php\/2026\/01\/08\/guia-de-ferias-veja-o-que-fazer-com-as-criancas-sem-sair-de-ribeirao-preto\/","url_meta":{"origin":79018,"position":1},"title":"Guia de f\u00e9rias: veja o que fazer com as crian\u00e7as sem sair de Ribeir\u00e3o Preto","author":"noticiasribeiraopreto.com.br","date":"8 de January de 2026","format":false,"excerpt":"As f\u00e9rias escolares j\u00e1 come\u00e7aram e muitos pais buscam alternativas para entreter as crian\u00e7as sem precisar viajar. Em Ribeir\u00e3o Preto, shoppings da cidade oferecem uma programa\u00e7\u00e3o especial com teatro infantil, conta\u00e7\u00e3o de hist\u00f3rias e jogos educativos, unindo divers\u00e3o, aprendizado e atividades longe das telas. Os parques municipais ampliam as op\u00e7\u00f5es\u2026","rel":"","context":"In &quot;Not\u00edcias de Ribeir\u00e3o Preto-SP e Regi\u00e3o&quot;","block_context":{"text":"Not\u00edcias de Ribeir\u00e3o Preto-SP e Regi\u00e3o","link":"https:\/\/noticiasribeiraopreto.com.br\/index.php\/category\/noticias-de-ribeirao-preto-sp-e-regiao-ismael-colosi\/"},"img":{"alt_text":"","src":"https:\/\/i0.wp.com\/noticiasribeiraopreto.com.br\/wp-content\/uploads\/2026\/01\/domingo-27_2026-01-07_19-12-03.webp.webp?fit=1200%2C675&ssl=1&resize=350%2C200","width":350,"height":200,"srcset":"https:\/\/i0.wp.com\/noticiasribeiraopreto.com.br\/wp-content\/uploads\/2026\/01\/domingo-27_2026-01-07_19-12-03.webp.webp?fit=1200%2C675&ssl=1&resize=350%2C200 1x, https:\/\/i0.wp.com\/noticiasribeiraopreto.com.br\/wp-content\/uploads\/2026\/01\/domingo-27_2026-01-07_19-12-03.webp.webp?fit=1200%2C675&ssl=1&resize=525%2C300 1.5x, https:\/\/i0.wp.com\/noticiasribeiraopreto.com.br\/wp-content\/uploads\/2026\/01\/domingo-27_2026-01-07_19-12-03.webp.webp?fit=1200%2C675&ssl=1&resize=700%2C400 2x, https:\/\/i0.wp.com\/noticiasribeiraopreto.com.br\/wp-content\/uploads\/2026\/01\/domingo-27_2026-01-07_19-12-03.webp.webp?fit=1200%2C675&ssl=1&resize=1050%2C600 3x"},"classes":[]},{"id":58457,"url":"https:\/\/noticiasribeiraopreto.com.br\/index.php\/2024\/09\/27\/confira-os-horarios-de-funcionamento-dos-parques-de-ribeirao-preto\/","url_meta":{"origin":79018,"position":2},"title":"Confira os hor\u00e1rios de funcionamento dos parques de Ribeir\u00e3o Preto","author":"noticiasribeiraopreto.com.br","date":"27 de September de 2024","format":false,"excerpt":"Ribeir\u00e3o Preto\u00a0tem seis parques\u00a0para quem prefere curtir ou fazer alguma atividade ao ar livre, pela cidade. Confira mais detalhes sobre os parques do munic\u00edpio O Parque Raya fica na zona Sul de Ribeir\u00e3o Preto (Foto de arquivo: Marcelo Fontes \/ acidade on) Parque Luis Carlos Raya O parque fica localizado\u2026","rel":"","context":"In &quot;Not\u00edcias de Ribeir\u00e3o Preto-SP e Regi\u00e3o&quot;","block_context":{"text":"Not\u00edcias de Ribeir\u00e3o Preto-SP e Regi\u00e3o","link":"https:\/\/noticiasribeiraopreto.com.br\/index.php\/category\/noticias-de-ribeirao-preto-sp-e-regiao-ismael-colosi\/"},"img":{"alt_text":"","src":"https:\/\/i0.wp.com\/noticiasribeiraopreto.com.br\/wp-content\/uploads\/2024\/09\/Copia-de-Copia-de-Copia-de-TAMANHO-EXATO-PARA-FOTOS-NO-SISTEMA-NOVO-49_2024-09-27_19-16-30_png_2024-09-27_19-16-30.webp.webp?fit=1200%2C675&ssl=1&resize=350%2C200","width":350,"height":200,"srcset":"https:\/\/i0.wp.com\/noticiasribeiraopreto.com.br\/wp-content\/uploads\/2024\/09\/Copia-de-Copia-de-Copia-de-TAMANHO-EXATO-PARA-FOTOS-NO-SISTEMA-NOVO-49_2024-09-27_19-16-30_png_2024-09-27_19-16-30.webp.webp?fit=1200%2C675&ssl=1&resize=350%2C200 1x, https:\/\/i0.wp.com\/noticiasribeiraopreto.com.br\/wp-content\/uploads\/2024\/09\/Copia-de-Copia-de-Copia-de-TAMANHO-EXATO-PARA-FOTOS-NO-SISTEMA-NOVO-49_2024-09-27_19-16-30_png_2024-09-27_19-16-30.webp.webp?fit=1200%2C675&ssl=1&resize=525%2C300 1.5x, https:\/\/i0.wp.com\/noticiasribeiraopreto.com.br\/wp-content\/uploads\/2024\/09\/Copia-de-Copia-de-Copia-de-TAMANHO-EXATO-PARA-FOTOS-NO-SISTEMA-NOVO-49_2024-09-27_19-16-30_png_2024-09-27_19-16-30.webp.webp?fit=1200%2C675&ssl=1&resize=700%2C400 2x, https:\/\/i0.wp.com\/noticiasribeiraopreto.com.br\/wp-content\/uploads\/2024\/09\/Copia-de-Copia-de-Copia-de-TAMANHO-EXATO-PARA-FOTOS-NO-SISTEMA-NOVO-49_2024-09-27_19-16-30_png_2024-09-27_19-16-30.webp.webp?fit=1200%2C675&ssl=1&resize=1050%2C600 3x"},"classes":[]},{"id":58459,"url":"https:\/\/noticiasribeiraopreto.com.br\/index.php\/2024\/09\/27\/confira-os-horarios-de-funcionamento-dos-parques-de-ribeirao-preto-2\/","url_meta":{"origin":79018,"position":3},"title":"Confira os hor\u00e1rios de funcionamento dos parques de Ribeir\u00e3o Preto","author":"noticiasribeiraopreto.com.br","date":"27 de September de 2024","format":false,"excerpt":"Ribeir\u00e3o Preto\u00a0tem seis parques\u00a0para quem prefere curtir ou fazer alguma atividade ao ar livre, pela cidade. Confira mais detalhes sobre os parques do munic\u00edpio O Parque Raya fica na zona Sul de Ribeir\u00e3o Preto (Foto de arquivo: Marcelo Fontes \/ acidade on) Parque Luis Carlos Raya O parque fica localizado\u2026","rel":"","context":"In &quot;Not\u00edcias de Ribeir\u00e3o Preto-SP e Regi\u00e3o&quot;","block_context":{"text":"Not\u00edcias de Ribeir\u00e3o Preto-SP e Regi\u00e3o","link":"https:\/\/noticiasribeiraopreto.com.br\/index.php\/category\/noticias-de-ribeirao-preto-sp-e-regiao-ismael-colosi\/"},"img":{"alt_text":"","src":"https:\/\/i0.wp.com\/noticiasribeiraopreto.com.br\/wp-content\/uploads\/2024\/09\/Copia-de-Copia-de-Copia-de-TAMANHO-EXATO-PARA-FOTOS-NO-SISTEMA-NOVO-49_2024-09-27_19-16-30_png_2024-09-27_19-16-30.webp.webp?fit=1200%2C675&ssl=1&resize=350%2C200","width":350,"height":200,"srcset":"https:\/\/i0.wp.com\/noticiasribeiraopreto.com.br\/wp-content\/uploads\/2024\/09\/Copia-de-Copia-de-Copia-de-TAMANHO-EXATO-PARA-FOTOS-NO-SISTEMA-NOVO-49_2024-09-27_19-16-30_png_2024-09-27_19-16-30.webp.webp?fit=1200%2C675&ssl=1&resize=350%2C200 1x, https:\/\/i0.wp.com\/noticiasribeiraopreto.com.br\/wp-content\/uploads\/2024\/09\/Copia-de-Copia-de-Copia-de-TAMANHO-EXATO-PARA-FOTOS-NO-SISTEMA-NOVO-49_2024-09-27_19-16-30_png_2024-09-27_19-16-30.webp.webp?fit=1200%2C675&ssl=1&resize=525%2C300 1.5x, https:\/\/i0.wp.com\/noticiasribeiraopreto.com.br\/wp-content\/uploads\/2024\/09\/Copia-de-Copia-de-Copia-de-TAMANHO-EXATO-PARA-FOTOS-NO-SISTEMA-NOVO-49_2024-09-27_19-16-30_png_2024-09-27_19-16-30.webp.webp?fit=1200%2C675&ssl=1&resize=700%2C400 2x, https:\/\/i0.wp.com\/noticiasribeiraopreto.com.br\/wp-content\/uploads\/2024\/09\/Copia-de-Copia-de-Copia-de-TAMANHO-EXATO-PARA-FOTOS-NO-SISTEMA-NOVO-49_2024-09-27_19-16-30_png_2024-09-27_19-16-30.webp.webp?fit=1200%2C675&ssl=1&resize=1050%2C600 3x"},"classes":[]},{"id":82015,"url":"https:\/\/noticiasribeiraopreto.com.br\/index.php\/2026\/02\/01\/chuva-alaga-pista-de-caminhada-de-parque-da-zona-leste-de-ribeirao-preto-veja-video\/","url_meta":{"origin":79018,"position":4},"title":"Chuva alaga pista de caminhada de parque da zona Leste de Ribeir\u00e3o Preto; Veja v\u00eddeo","author":"noticiasribeiraopreto.com.br","date":"1 de February de 2026","format":false,"excerpt":"As chuvas registradas nesta sexta-feira (30) em Ribeir\u00e3o Preto provocaram ac\u00famulo de \u00e1gua no Parque Curupira, na zona Leste da cidade, e a situa\u00e7\u00e3o registrada por moradores na manh\u00e3 deste s\u00e1bado (31). Nas imagens \u00e9 poss\u00edvel ver a grande quantidade de \u00e1gua em uma das pistas de caminhada do parque,\u2026","rel":"","context":"In &quot;Not\u00edcias de Ribeir\u00e3o Preto-SP e Regi\u00e3o&quot;","block_context":{"text":"Not\u00edcias de Ribeir\u00e3o Preto-SP e Regi\u00e3o","link":"https:\/\/noticiasribeiraopreto.com.br\/index.php\/category\/noticias-de-ribeirao-preto-sp-e-regiao-ismael-colosi\/"},"img":{"alt_text":"","src":"https:\/\/i0.wp.com\/noticiasribeiraopreto.com.br\/wp-content\/uploads\/2026\/02\/domingo-46_2026-01-31_14-24-17.webp.webp?fit=1200%2C675&ssl=1&resize=350%2C200","width":350,"height":200,"srcset":"https:\/\/i0.wp.com\/noticiasribeiraopreto.com.br\/wp-content\/uploads\/2026\/02\/domingo-46_2026-01-31_14-24-17.webp.webp?fit=1200%2C675&ssl=1&resize=350%2C200 1x, https:\/\/i0.wp.com\/noticiasribeiraopreto.com.br\/wp-content\/uploads\/2026\/02\/domingo-46_2026-01-31_14-24-17.webp.webp?fit=1200%2C675&ssl=1&resize=525%2C300 1.5x, https:\/\/i0.wp.com\/noticiasribeiraopreto.com.br\/wp-content\/uploads\/2026\/02\/domingo-46_2026-01-31_14-24-17.webp.webp?fit=1200%2C675&ssl=1&resize=700%2C400 2x, https:\/\/i0.wp.com\/noticiasribeiraopreto.com.br\/wp-content\/uploads\/2026\/02\/domingo-46_2026-01-31_14-24-17.webp.webp?fit=1200%2C675&ssl=1&resize=1050%2C600 3x"},"classes":[]},{"id":48792,"url":"https:\/\/noticiasribeiraopreto.com.br\/index.php\/2024\/05\/06\/area-pega-fogo-ao-lado-do-parque-curupira-em-ribeirao-preto-veja-o-video\/","url_meta":{"origin":79018,"position":5},"title":"\u00c1rea pega fogo ao lado do Parque Curupira em Ribeir\u00e3o Preto; Veja o v\u00eddeo","author":"noticiasribeiraopreto.com.br","date":"6 de May de 2024","format":false,"excerpt":"Uma \u00e1rea ao lado do Parque Luiz Roberto J\u00e1bali, o Curupira, pegou fogo na tarde desta segunda-feira (6). Por conta do inc\u00eandio, um caminh\u00e3o-pipa da Prefeitura de Ribeir\u00e3o Preto foi enviado ao local. Segundo a Defesa Civil, o fogo \u00e9 de grandes propor\u00e7\u00f5es e est\u00e1 pr\u00f3ximo da grade do parque.\u2026","rel":"","context":"In &quot;Not\u00edcias de Ribeir\u00e3o Preto-SP e Regi\u00e3o&quot;","block_context":{"text":"Not\u00edcias de Ribeir\u00e3o Preto-SP e Regi\u00e3o","link":"https:\/\/noticiasribeiraopreto.com.br\/index.php\/category\/noticias-de-ribeirao-preto-sp-e-regiao-ismael-colosi\/"},"img":{"alt_text":"","src":"https:\/\/i0.wp.com\/noticiasribeiraopreto.com.br\/wp-content\/uploads\/2024\/05\/AnyConv.com__curupira_2024-05-06_19-55-14.webp.webp?fit=1196%2C673&ssl=1&resize=350%2C200","width":350,"height":200,"srcset":"https:\/\/i0.wp.com\/noticiasribeiraopreto.com.br\/wp-content\/uploads\/2024\/05\/AnyConv.com__curupira_2024-05-06_19-55-14.webp.webp?fit=1196%2C673&ssl=1&resize=350%2C200 1x, https:\/\/i0.wp.com\/noticiasribeiraopreto.com.br\/wp-content\/uploads\/2024\/05\/AnyConv.com__curupira_2024-05-06_19-55-14.webp.webp?fit=1196%2C673&ssl=1&resize=525%2C300 1.5x, https:\/\/i0.wp.com\/noticiasribeiraopreto.com.br\/wp-content\/uploads\/2024\/05\/AnyConv.com__curupira_2024-05-06_19-55-14.webp.webp?fit=1196%2C673&ssl=1&resize=700%2C400 2x, https:\/\/i0.wp.com\/noticiasribeiraopreto.com.br\/wp-content\/uploads\/2024\/05\/AnyConv.com__curupira_2024-05-06_19-55-14.webp.webp?fit=1196%2C673&ssl=1&resize=1050%2C600 3x"},"classes":[]}],"jetpack_sharing_enabled":true,"jetpack_shortlink":"https:\/\/wp.me\/peQAOb-kyu","_links":{"self":[{"href":"https:\/\/noticiasribeiraopreto.com.br\/index.php\/wp-json\/wp\/v2\/posts\/79018","targetHints":{"allow":["GET"]}}],"collection":[{"href":"https:\/\/noticiasribeiraopreto.com.br\/index.php\/wp-json\/wp\/v2\/posts"}],"about":[{"href":"https:\/\/noticiasribeiraopreto.com.br\/index.php\/wp-json\/wp\/v2\/types\/post"}],"author":[{"embeddable":true,"href":"https:\/\/noticiasribeiraopreto.com.br\/index.php\/wp-json\/wp\/v2\/users\/1"}],"replies":[{"embeddable":true,"href":"https:\/\/noticiasribeiraopreto.com.br\/index.php\/wp-json\/wp\/v2\/comments?post=79018"}],"version-history":[{"count":0,"href":"https:\/\/noticiasribeiraopreto.com.br\/index.php\/wp-json\/wp\/v2\/posts\/79018\/revisions"}],"wp:featuredmedia":[{"embeddable":true,"href":"https:\/\/noticiasribeiraopreto.com.br\/index.php\/wp-json\/wp\/v2\/media\/79019"}],"wp:attachment":[{"href":"https:\/\/noticiasribeiraopreto.com.br\/index.php\/wp-json\/wp\/v2\/media?parent=79018"}],"wp:term":[{"taxonomy":"category","embeddable":true,"href":"https:\/\/noticiasribeiraopreto.com.br\/index.php\/wp-json\/wp\/v2\/categories?post=79018"},{"taxonomy":"post_tag","embeddable":true,"href":"https:\/\/noticiasribeiraopreto.com.br\/index.php\/wp-json\/wp\/v2\/tags?post=79018"}],"curies":[{"name":"wp","href":"https:\/\/api.w.org\/{rel}","templated":true}]}}