{"id":79020,"date":"2025-10-22T18:35:33","date_gmt":"2025-10-22T21:35:33","guid":{"rendered":"https:\/\/noticiasribeiraopreto.com.br\/index.php\/2025\/10\/22\/aposentado-viaja-de-ribeirao-preto-a-ushuaia-em-um-fiat-uno-para-homenagear-a-esposa\/"},"modified":"2025-10-22T18:35:33","modified_gmt":"2025-10-22T21:35:33","slug":"aposentado-viaja-de-ribeirao-preto-a-ushuaia-em-um-fiat-uno-para-homenagear-a-esposa","status":"publish","type":"post","link":"https:\/\/noticiasribeiraopreto.com.br\/index.php\/2025\/10\/22\/aposentado-viaja-de-ribeirao-preto-a-ushuaia-em-um-fiat-uno-para-homenagear-a-esposa\/","title":{"rendered":"Aposentado viaja de Ribeir\u00e3o Preto a Ushuaia em um Fiat Uno para homenagear a esposa"},"content":{"rendered":"<div class='code-block code-block-1' style='margin: 8px 0 8px auto; text-align: right; display: block; clear: both;'>\n<p><a href=\"https:\/\/wa.link\/vpicfd\"><img data-recalc-dims=\"1\" class=\"wp-image-4922\" style=\"aspect-ratio: 2.0253164556962027; width: 561px; height: auto;\" src=\"https:\/\/i0.wp.com\/ismaelcolosi.com.br\/wp-content\/uploads\/2023\/11\/grupo-de-empregos-whatsapp-e-facebook-ismael-colosi-vagas.jpg?ssl=1\" alt=\"\" \/><\/a><\/p>\n<!-- \/wp:image -->\n<\/div>\n<p> <br \/>\n<\/p>\n<div>\n<p>Aos 63 anos, o aposentado <strong>Carlito Jos\u00e9 de Maria<\/strong> decidiu pegar a estrada e realizar um sonho antigo: <strong>viajar de carro at\u00e9 o Ushuaia<\/strong>. O ponto de partida foi <strong>Ribeir\u00e3o Preto<\/strong>, sua cidade natal, e o companheiro de jornada \u00e9 um <strong>Fiat Uno<\/strong> cheio de mem\u00f3rias \u2014 o mesmo carro que pertenceu \u00e0 sua esposa, <strong>que morreu no ano passado.<\/strong><\/p>\n<p>Carlito passou a vida trabalhando como <strong>metal\u00fargico<\/strong> e, mesmo falando apenas portugu\u00eas, n\u00e3o deixou que isso fosse um obst\u00e1culo. No dia <strong>8 de outubro<\/strong>, ele deu a partida no Uno e iniciou uma viagem de mais de 5 mil quil\u00f4metros sem data para terminar, movido pela coragem e por um amor que continua presente.<\/p>\n<figure class=\"wp-block-pullquote\">\n<blockquote>\n<p><strong>Essa viagem \u00e9 mais do que um sonho. \u00c9 uma homenagem<\/strong><\/p>\n<p><cite>conta <strong>L\u00edvia Vanzeli<\/strong>, filha de Carlito<\/cite><\/p><\/blockquote>\n<\/figure>\n<h3 class=\"wp-block-heading\"><strong>Uma perda que mudou tudo<\/strong><\/h3>\n<p>No ano passado, Carlito e sua fam\u00edlia viveram um dos momentos mais dif\u00edceis de suas vidas. Sua esposa, companheira de mais de 30 anos, foi diagnosticada com <strong>c\u00e2ncer<\/strong> e faleceu em quest\u00e3o de semanas. <\/p>\n<figure class=\"wp-block-pullquote\">\n<blockquote>\n<p><strong>Tudo aconteceu muito r\u00e1pido \u2014 cerca de um m\u00eas entre o diagn\u00f3stico e a partida dela<\/strong><\/p>\n<p><cite>conta a filha do casal<\/cite><\/p><\/blockquote>\n<\/figure>\n<div class=\"wp-block-image\">\n<figure class=\"aligncenter size-large is-resized\"><img data-recalc-dims=\"1\" fetchpriority=\"high\" decoding=\"async\" width=\"1024\" height=\"987\" src=\"https:\/\/i0.wp.com\/cdn.media-acidadeon.com.br\/ribeiraopreto\/wp-content\/uploads\/sites\/3\/2025\/10\/WhatsApp-Image-2025-10-22-at-14.39.25_2025-10-22_17-41-10-1024x987.webp?resize=1024%2C987&#038;ssl=1\" alt=\"WhatsApp Image 2025 10 22 at 14.39.25 2025 10 22 17 41 10\" class=\"wp-image-133150\" style=\"width:584px;height:auto\" title=\"Aposentado viaja de Ribeir\u00e3o Preto a Ushuaia em um Fiat Uno para homenagear a esposa 1\" srcset=\"https:\/\/cdn.media-acidadeon.com.br\/ribeiraopreto\/wp-content\/uploads\/sites\/3\/2025\/10\/WhatsApp-Image-2025-10-22-at-14.39.25_2025-10-22_17-41-10-1024x987.webp 1024w, https:\/\/cdn.media-acidadeon.com.br\/ribeiraopreto\/wp-content\/uploads\/sites\/3\/2025\/10\/WhatsApp-Image-2025-10-22-at-14.39.25_2025-10-22_17-41-10-300x289.webp 300w, https:\/\/cdn.media-acidadeon.com.br\/ribeiraopreto\/wp-content\/uploads\/sites\/3\/2025\/10\/WhatsApp-Image-2025-10-22-at-14.39.25_2025-10-22_17-41-10-768x740.webp 768w, https:\/\/cdn.media-acidadeon.com.br\/ribeiraopreto\/wp-content\/uploads\/sites\/3\/2025\/10\/WhatsApp-Image-2025-10-22-at-14.39.25_2025-10-22_17-41-10-696x671.webp 696w, https:\/\/cdn.media-acidadeon.com.br\/ribeiraopreto\/wp-content\/uploads\/sites\/3\/2025\/10\/WhatsApp-Image-2025-10-22-at-14.39.25_2025-10-22_17-41-10-1068x1029.webp 1068w, https:\/\/cdn.media-acidadeon.com.br\/ribeiraopreto\/wp-content\/uploads\/sites\/3\/2025\/10\/WhatsApp-Image-2025-10-22-at-14.39.25_2025-10-22_17-41-10.webp 1080w\" sizes=\"(max-width: 1024px) 100vw, 1024px\"\/><figcaption class=\"wp-element-caption\">L\u00edvia, o pai Carlito e a m\u00e3e \u2013 Foto: Arquivo pessoal<\/figcaption><\/figure>\n<\/div>\n<h3 class=\"wp-block-heading\"><strong>O Uno que carrega malas e mem\u00f3rias<\/strong><\/h3>\n<p>O ve\u00edculo escolhido para a jornada n\u00e3o \u00e9 qualquer carro. O <strong>Fiat Uno<\/strong> usado na viagem era o <strong>xod\u00f3 da esposa<\/strong> \u2014 um carro que, segundo a fam\u00edlia, ela se recusava a vender.<\/p>\n<figure class=\"wp-block-pullquote\">\n<blockquote>\n<p> <strong>Ela tinha um apego enorme por esse Uno. Era o xod\u00f3 dela. N\u00e3o deixava vender por nada<\/strong><\/p>\n<p><cite>conta a filha<\/cite><\/p><\/blockquote>\n<\/figure>\n<figure class=\"wp-block-gallery has-nested-images columns-default is-cropped wp-block-gallery-1 is-layout-flex wp-block-gallery-is-layout-flex\">\n<figure class=\"wp-block-image size-large\"><img data-recalc-dims=\"1\" loading=\"lazy\" decoding=\"async\" width=\"768\" height=\"1024\" data-id=\"133151\" src=\"https:\/\/i0.wp.com\/cdn.media-acidadeon.com.br\/ribeiraopreto\/wp-content\/uploads\/sites\/3\/2025\/10\/edc89419-0cb7-4c10-af49-338044fbbb26_2025-10-22_17-50-25-768x1024.webp?resize=768%2C1024&#038;ssl=1\" alt=\"edc89419 0cb7 4c10 af49 338044fbbb26 2025 10 22 17 50 25\" class=\"wp-image-133151\" title=\"Aposentado viaja de Ribeir\u00e3o Preto a Ushuaia em um Fiat Uno para homenagear a esposa 2\" srcset=\"https:\/\/cdn.media-acidadeon.com.br\/ribeiraopreto\/wp-content\/uploads\/sites\/3\/2025\/10\/edc89419-0cb7-4c10-af49-338044fbbb26_2025-10-22_17-50-25-768x1024.webp 768w, https:\/\/cdn.media-acidadeon.com.br\/ribeiraopreto\/wp-content\/uploads\/sites\/3\/2025\/10\/edc89419-0cb7-4c10-af49-338044fbbb26_2025-10-22_17-50-25-225x300.webp 225w, https:\/\/cdn.media-acidadeon.com.br\/ribeiraopreto\/wp-content\/uploads\/sites\/3\/2025\/10\/edc89419-0cb7-4c10-af49-338044fbbb26_2025-10-22_17-50-25-696x928.webp 696w, https:\/\/cdn.media-acidadeon.com.br\/ribeiraopreto\/wp-content\/uploads\/sites\/3\/2025\/10\/edc89419-0cb7-4c10-af49-338044fbbb26_2025-10-22_17-50-25.webp 960w\" sizes=\"auto, (max-width: 768px) 100vw, 768px\"\/><\/figure>\n<figure class=\"wp-block-image size-large\"><img data-recalc-dims=\"1\" loading=\"lazy\" decoding=\"async\" width=\"768\" height=\"1024\" data-id=\"133153\" src=\"https:\/\/i0.wp.com\/cdn.media-acidadeon.com.br\/ribeiraopreto\/wp-content\/uploads\/sites\/3\/2025\/10\/9fc1c6cf-3cb6-412d-81b9-0139b9ee1540_2025-10-22_17-50-25-768x1024.webp?resize=768%2C1024&#038;ssl=1\" alt=\"fiat uno&#10;\" class=\"wp-image-133153\" title=\"Aposentado viaja de Ribeir\u00e3o Preto a Ushuaia em um Fiat Uno para homenagear a esposa 3\" srcset=\"https:\/\/cdn.media-acidadeon.com.br\/ribeiraopreto\/wp-content\/uploads\/sites\/3\/2025\/10\/9fc1c6cf-3cb6-412d-81b9-0139b9ee1540_2025-10-22_17-50-25-768x1024.webp 768w, https:\/\/cdn.media-acidadeon.com.br\/ribeiraopreto\/wp-content\/uploads\/sites\/3\/2025\/10\/9fc1c6cf-3cb6-412d-81b9-0139b9ee1540_2025-10-22_17-50-25-225x300.webp 225w, https:\/\/cdn.media-acidadeon.com.br\/ribeiraopreto\/wp-content\/uploads\/sites\/3\/2025\/10\/9fc1c6cf-3cb6-412d-81b9-0139b9ee1540_2025-10-22_17-50-25-696x928.webp 696w, https:\/\/cdn.media-acidadeon.com.br\/ribeiraopreto\/wp-content\/uploads\/sites\/3\/2025\/10\/9fc1c6cf-3cb6-412d-81b9-0139b9ee1540_2025-10-22_17-50-25.webp 960w\" sizes=\"auto, (max-width: 768px) 100vw, 768px\"\/><\/figure>\n<figure class=\"wp-block-image size-large\"><img data-recalc-dims=\"1\" loading=\"lazy\" decoding=\"async\" width=\"768\" height=\"1024\" data-id=\"133152\" src=\"https:\/\/i0.wp.com\/cdn.media-acidadeon.com.br\/ribeiraopreto\/wp-content\/uploads\/sites\/3\/2025\/10\/d6f822c9-0bb9-4429-8832-c01b6144fadf_2025-10-22_17-50-25-768x1024.webp?resize=768%2C1024&#038;ssl=1\" alt=\"aposentado&#10;\" class=\"wp-image-133152\" title=\"Aposentado viaja de Ribeir\u00e3o Preto a Ushuaia em um Fiat Uno para homenagear a esposa 4\" srcset=\"https:\/\/cdn.media-acidadeon.com.br\/ribeiraopreto\/wp-content\/uploads\/sites\/3\/2025\/10\/d6f822c9-0bb9-4429-8832-c01b6144fadf_2025-10-22_17-50-25-768x1024.webp 768w, https:\/\/cdn.media-acidadeon.com.br\/ribeiraopreto\/wp-content\/uploads\/sites\/3\/2025\/10\/d6f822c9-0bb9-4429-8832-c01b6144fadf_2025-10-22_17-50-25-225x300.webp 225w, https:\/\/cdn.media-acidadeon.com.br\/ribeiraopreto\/wp-content\/uploads\/sites\/3\/2025\/10\/d6f822c9-0bb9-4429-8832-c01b6144fadf_2025-10-22_17-50-25-696x928.webp 696w, https:\/\/cdn.media-acidadeon.com.br\/ribeiraopreto\/wp-content\/uploads\/sites\/3\/2025\/10\/d6f822c9-0bb9-4429-8832-c01b6144fadf_2025-10-22_17-50-25.webp 960w\" sizes=\"auto, (max-width: 768px) 100vw, 768px\"\/><\/figure>\n<\/figure>\n<h3 class=\"wp-block-heading\"><strong>Coragem e improviso na estrada<\/strong><\/h3>\n<p>Mesmo falando apenas <strong>portugu\u00eas<\/strong> e tendo <strong>ensino m\u00e9dio<\/strong>, Carlito n\u00e3o se deixou intimidar. Com a ajuda do <strong>Google Tradutor<\/strong>, <strong>mapas impressos<\/strong> e <strong>muita determina\u00e7\u00e3o<\/strong>, ele planejou sozinho cada trecho do percurso \u2014 passando por cidades, estradas e fronteiras at\u00e9 chegar ao destino.<\/p>\n<p>A filha conta que o pai sempre achou o Chile lindo, mas nunca foi porque tem medo de andar de avi\u00e3o. <\/p>\n<figure class=\"wp-block-pullquote\">\n<blockquote>\n<p>Ele sempre teve medo andar de avi\u00e3o, ent\u00e3o foi a forma que ele achou de conhecer outros pa\u00edses.<\/p>\n<p><cite>diz L\u00edvia.<\/cite><\/p><\/blockquote>\n<\/figure>\n<figure class=\"wp-block-gallery has-nested-images columns-default is-cropped wp-block-gallery-2 is-layout-flex wp-block-gallery-is-layout-flex\">\n<figure class=\"wp-block-image size-large\"><img data-recalc-dims=\"1\" loading=\"lazy\" decoding=\"async\" width=\"1024\" height=\"768\" data-id=\"133158\" src=\"https:\/\/i0.wp.com\/cdn.media-acidadeon.com.br\/ribeiraopreto\/wp-content\/uploads\/sites\/3\/2025\/10\/WhatsApp-Image-2025-10-21-at-17.49.38_2025-10-22_18-13-12-1024x768.webp?resize=1024%2C768&#038;ssl=1\" alt=\"WhatsApp Image 2025 10 21 at 17.49.38 2025 10 22 18 13 12\" class=\"wp-image-133158\" title=\"Aposentado viaja de Ribeir\u00e3o Preto a Ushuaia em um Fiat Uno para homenagear a esposa 5\" srcset=\"https:\/\/cdn.media-acidadeon.com.br\/ribeiraopreto\/wp-content\/uploads\/sites\/3\/2025\/10\/WhatsApp-Image-2025-10-21-at-17.49.38_2025-10-22_18-13-12-1024x768.webp 1024w, https:\/\/cdn.media-acidadeon.com.br\/ribeiraopreto\/wp-content\/uploads\/sites\/3\/2025\/10\/WhatsApp-Image-2025-10-21-at-17.49.38_2025-10-22_18-13-12-300x225.webp 300w, https:\/\/cdn.media-acidadeon.com.br\/ribeiraopreto\/wp-content\/uploads\/sites\/3\/2025\/10\/WhatsApp-Image-2025-10-21-at-17.49.38_2025-10-22_18-13-12-768x576.webp 768w, https:\/\/cdn.media-acidadeon.com.br\/ribeiraopreto\/wp-content\/uploads\/sites\/3\/2025\/10\/WhatsApp-Image-2025-10-21-at-17.49.38_2025-10-22_18-13-12-696x522.webp 696w, https:\/\/cdn.media-acidadeon.com.br\/ribeiraopreto\/wp-content\/uploads\/sites\/3\/2025\/10\/WhatsApp-Image-2025-10-21-at-17.49.38_2025-10-22_18-13-12-1068x801.webp 1068w, https:\/\/cdn.media-acidadeon.com.br\/ribeiraopreto\/wp-content\/uploads\/sites\/3\/2025\/10\/WhatsApp-Image-2025-10-21-at-17.49.38_2025-10-22_18-13-12.webp 1200w\" sizes=\"auto, (max-width: 1024px) 100vw, 1024px\"\/><\/figure>\n<figure class=\"wp-block-image size-large\"><img data-recalc-dims=\"1\" loading=\"lazy\" decoding=\"async\" width=\"576\" height=\"1024\" data-id=\"133157\" src=\"https:\/\/i0.wp.com\/cdn.media-acidadeon.com.br\/ribeiraopreto\/wp-content\/uploads\/sites\/3\/2025\/10\/WhatsApp-Image-2025-10-22-at-13.50.34_2025-10-22_18-13-12-576x1024.webp?resize=576%2C1024&#038;ssl=1\" alt=\"WhatsApp Image 2025 10 22 at 13.50.34 2025 10 22 18 13 12\" class=\"wp-image-133157\" title=\"Aposentado viaja de Ribeir\u00e3o Preto a Ushuaia em um Fiat Uno para homenagear a esposa 6\" srcset=\"https:\/\/cdn.media-acidadeon.com.br\/ribeiraopreto\/wp-content\/uploads\/sites\/3\/2025\/10\/WhatsApp-Image-2025-10-22-at-13.50.34_2025-10-22_18-13-12-576x1024.webp 576w, https:\/\/cdn.media-acidadeon.com.br\/ribeiraopreto\/wp-content\/uploads\/sites\/3\/2025\/10\/WhatsApp-Image-2025-10-22-at-13.50.34_2025-10-22_18-13-12-169x300.webp 169w, https:\/\/cdn.media-acidadeon.com.br\/ribeiraopreto\/wp-content\/uploads\/sites\/3\/2025\/10\/WhatsApp-Image-2025-10-22-at-13.50.34_2025-10-22_18-13-12-696x1237.webp 696w, https:\/\/cdn.media-acidadeon.com.br\/ribeiraopreto\/wp-content\/uploads\/sites\/3\/2025\/10\/WhatsApp-Image-2025-10-22-at-13.50.34_2025-10-22_18-13-12.webp 720w\" sizes=\"auto, (max-width: 576px) 100vw, 576px\"\/><\/figure>\n<figure class=\"wp-block-image size-large\"><img data-recalc-dims=\"1\" loading=\"lazy\" decoding=\"async\" width=\"1024\" height=\"768\" data-id=\"133159\" src=\"https:\/\/i0.wp.com\/cdn.media-acidadeon.com.br\/ribeiraopreto\/wp-content\/uploads\/sites\/3\/2025\/10\/WhatsApp-Image-2025-10-21-at-17.49.40_2025-10-22_18-13-12-1024x768.webp?resize=1024%2C768&#038;ssl=1\" alt=\"WhatsApp Image 2025 10 21 at 17.49.40 2025 10 22 18 13 12\" class=\"wp-image-133159\" title=\"Aposentado viaja de Ribeir\u00e3o Preto a Ushuaia em um Fiat Uno para homenagear a esposa 7\" srcset=\"https:\/\/cdn.media-acidadeon.com.br\/ribeiraopreto\/wp-content\/uploads\/sites\/3\/2025\/10\/WhatsApp-Image-2025-10-21-at-17.49.40_2025-10-22_18-13-12-1024x768.webp 1024w, https:\/\/cdn.media-acidadeon.com.br\/ribeiraopreto\/wp-content\/uploads\/sites\/3\/2025\/10\/WhatsApp-Image-2025-10-21-at-17.49.40_2025-10-22_18-13-12-300x225.webp 300w, https:\/\/cdn.media-acidadeon.com.br\/ribeiraopreto\/wp-content\/uploads\/sites\/3\/2025\/10\/WhatsApp-Image-2025-10-21-at-17.49.40_2025-10-22_18-13-12-768x576.webp 768w, https:\/\/cdn.media-acidadeon.com.br\/ribeiraopreto\/wp-content\/uploads\/sites\/3\/2025\/10\/WhatsApp-Image-2025-10-21-at-17.49.40_2025-10-22_18-13-12-696x522.webp 696w, https:\/\/cdn.media-acidadeon.com.br\/ribeiraopreto\/wp-content\/uploads\/sites\/3\/2025\/10\/WhatsApp-Image-2025-10-21-at-17.49.40_2025-10-22_18-13-12-1068x801.webp 1068w, https:\/\/cdn.media-acidadeon.com.br\/ribeiraopreto\/wp-content\/uploads\/sites\/3\/2025\/10\/WhatsApp-Image-2025-10-21-at-17.49.40_2025-10-22_18-13-12.webp 1200w\" sizes=\"auto, (max-width: 1024px) 100vw, 1024px\"\/><\/figure>\n<\/figure>\n<h3 class=\"wp-block-heading\"><strong><strong>Ressignificar a vida<\/strong><\/strong><\/h3>\n<p>L\u00edvia contou que desde a perda da esposa, o pai vem aprendendo a ressignificar a vida e a transformar a saudade. Segundo a filha, apesar da preocupa\u00e7\u00e3o, ver o pai feliz n\u00e3o tem pre\u00e7o. <\/p>\n<figure class=\"wp-block-pullquote\">\n<blockquote>\n<p><strong>Essa viagem \u00e9 sobre amor, supera\u00e7\u00e3o e coragem<\/strong>, meu pai vem aprendendo a ressignificar a vida e a transformar a saudade em movimento. Ver a carinha dele feliz n\u00e3o tem pre\u00e7o<\/p>\n<p><cite>finaliza, emocionada.<\/cite><\/p><\/blockquote>\n<\/figure>\n<hr class=\"wp-block-separator has-alpha-channel-opacity\"\/>\n<p>SAIBA MAIS<\/p>\n<p>Concurso para soldado da PM encerra inscri\u00e7\u00f5es nesta quinta<\/p>\n<h2 class=\"wp-block-heading\"><strong>FIQUE ON<\/strong><\/h2>\n<p>Fique ligado em tudo que acontece em Ribeir\u00e3o Preto e regi\u00e3o. Siga os perfis do\u00a0<strong>acidade on<\/strong>\u00a0no\u00a0<a href=\"https:\/\/www.instagram.com\/acidadeonribeirao\" target=\"_blank\" rel=\"noreferrer noopener\">Instagram\u00a0<\/a>e no<a href=\"https:\/\/www.facebook.com\/acidadeonribeirao\/\" target=\"_blank\" rel=\"noreferrer noopener\">\u00a0Facebook<\/a>.<\/p>\n<p>Receba not\u00edcias do\u00a0<strong>acidade on<\/strong>\u00a0no WhatsApp. Para entrar no grupo,\u00a0basta\u00a0<a href=\"https:\/\/chat.whatsapp.com\/I4nieTEMKlf50pJ28aMemC?mode=ac_t\" target=\"_blank\" rel=\"noreferrer noopener\">clicar aqui<\/a>. Ou, acesse o nosso\u00a0Canal<a href=\"https:\/\/whatsapp.com\/channel\/0029Vb6IQl1JENyAeS57fk2p\" target=\"_blank\" rel=\"noreferrer noopener\">\u00a0clicando aqui<\/a>.<\/p>\n<p>Fa\u00e7a uma den\u00fancia ou sugira uma reportagem sobre Ribeir\u00e3o Preto e regi\u00e3o pelo WhatsApp: 16 99117 7802.<\/p>\n<p>VEJA TAMB\u00c9M<\/p>\n<p>Quem ser\u00e1 Kratos na s\u00e9rie de \u2018God of War\u2019?<\/p>\n<p><!-- AI CONTENT END 1 -->\n<\/div>\n<p><script async src=\"\/\/www.instagram.com\/embed.js\"><\/script><br \/>\n<br \/><br \/>\n<br \/><a href=\"https:\/\/www.acidadeon.com\/ribeiraopreto\/lazer-e-cultura\/aposentado-viaja-de-ribeirao-preto-a-ushuaia-em-um-fiat-uno-para-homenagear-a-esposa\/\">Source link <\/a><\/p>\n<!-- CONTENT END 1 -->\n","protected":false},"excerpt":{"rendered":"<p>Aos 63 anos, o aposentado Carlito Jos\u00e9 de Maria decidiu pegar a estrada e realizar um sonho antigo: viajar de carro at\u00e9 o Ushuaia. O&#8230;<\/p>\n","protected":false},"author":1,"featured_media":79021,"comment_status":"open","ping_status":"open","sticky":false,"template":"","format":"standard","meta":{"advanced_seo_description":"","jetpack_seo_html_title":"","jetpack_seo_noindex":false,"jetpack_post_was_ever_published":false,"_jetpack_newsletter_access":"","_jetpack_dont_email_post_to_subs":false,"_jetpack_newsletter_tier_id":0,"_jetpack_memberships_contains_paywalled_content":false,"_jetpack_memberships_contains_paid_content":false,"footnotes":"","jetpack_publicize_message":"","jetpack_publicize_feature_enabled":true,"jetpack_social_post_already_shared":true,"jetpack_social_options":{"image_generator_settings":{"template":"highway","default_image_id":0,"font":"","enabled":false},"version":2}},"categories":[11],"tags":[],"class_list":["post-79020","post","type-post","status-publish","format-standard","has-post-thumbnail","hentry","category-noticias-de-ribeirao-preto-sp-e-regiao-ismael-colosi"],"jetpack_publicize_connections":[],"jetpack_featured_media_url":"https:\/\/i0.wp.com\/noticiasribeiraopreto.com.br\/wp-content\/uploads\/2025\/10\/Copia-de-Copia-de-Copia-de-TAMANHO-EXATO-PARA-FOTOS-NO-SISTEMA-NOVO-2025-10-22T153616.599_2025-10-22_18-36-44.webp.webp?fit=1200%2C675&ssl=1","jetpack-related-posts":[{"id":80334,"url":"https:\/\/noticiasribeiraopreto.com.br\/index.php\/2025\/11\/19\/idoso-denuncia-agressao-e-ameaca-apos-batida-no-transito-em-ribeirao-preto\/","url_meta":{"origin":79020,"position":0},"title":"Idoso denuncia agress\u00e3o e amea\u00e7a ap\u00f3s batida no tr\u00e2nsito em Ribeir\u00e3o Preto","author":"noticiasribeiraopreto.com.br","date":"19 de November de 2025","format":false,"excerpt":"Um idoso de 73 anos registrou um boletim de ocorr\u00eancia na Pol\u00edcia Civil ap\u00f3s sofrer uma agress\u00e3o e receber amea\u00e7as de um motorista durante um acidente de tr\u00e2nsito em Ribeir\u00e3o Preto no \u00faltimo domingo (16). Jos\u00e9 Alves de Santana afirma que o homem se irritou ap\u00f3s a colis\u00e3o e o\u2026","rel":"","context":"In &quot;Not\u00edcias de Ribeir\u00e3o Preto-SP e Regi\u00e3o&quot;","block_context":{"text":"Not\u00edcias de Ribeir\u00e3o Preto-SP e Regi\u00e3o","link":"https:\/\/noticiasribeiraopreto.com.br\/index.php\/category\/noticias-de-ribeirao-preto-sp-e-regiao-ismael-colosi\/"},"img":{"alt_text":"","src":"https:\/\/i0.wp.com\/noticiasribeiraopreto.com.br\/wp-content\/uploads\/2025\/11\/Copia-de-Copia-de-Copia-de-TAMANHO-EXATO-PARA-FOTOS-NO-SISTEMA-NOVO-2025-11-19T200012.820_2025-11-19_23-05-08.webp.webp?fit=1200%2C675&ssl=1&resize=350%2C200","width":350,"height":200,"srcset":"https:\/\/i0.wp.com\/noticiasribeiraopreto.com.br\/wp-content\/uploads\/2025\/11\/Copia-de-Copia-de-Copia-de-TAMANHO-EXATO-PARA-FOTOS-NO-SISTEMA-NOVO-2025-11-19T200012.820_2025-11-19_23-05-08.webp.webp?fit=1200%2C675&ssl=1&resize=350%2C200 1x, https:\/\/i0.wp.com\/noticiasribeiraopreto.com.br\/wp-content\/uploads\/2025\/11\/Copia-de-Copia-de-Copia-de-TAMANHO-EXATO-PARA-FOTOS-NO-SISTEMA-NOVO-2025-11-19T200012.820_2025-11-19_23-05-08.webp.webp?fit=1200%2C675&ssl=1&resize=525%2C300 1.5x, https:\/\/i0.wp.com\/noticiasribeiraopreto.com.br\/wp-content\/uploads\/2025\/11\/Copia-de-Copia-de-Copia-de-TAMANHO-EXATO-PARA-FOTOS-NO-SISTEMA-NOVO-2025-11-19T200012.820_2025-11-19_23-05-08.webp.webp?fit=1200%2C675&ssl=1&resize=700%2C400 2x, https:\/\/i0.wp.com\/noticiasribeiraopreto.com.br\/wp-content\/uploads\/2025\/11\/Copia-de-Copia-de-Copia-de-TAMANHO-EXATO-PARA-FOTOS-NO-SISTEMA-NOVO-2025-11-19T200012.820_2025-11-19_23-05-08.webp.webp?fit=1200%2C675&ssl=1&resize=1050%2C600 3x"},"classes":[]},{"id":79014,"url":"https:\/\/noticiasribeiraopreto.com.br\/index.php\/2025\/10\/22\/nando-reis-chega-a-ribeirao-preto-com-turne-nando-hits-ainda-ha-ingressos\/","url_meta":{"origin":79020,"position":1},"title":"Nando Reis chega a Ribeir\u00e3o Preto com turn\u00ea &#8216;Nando Hits&#8217;; ainda h\u00e1 ingressos","author":"noticiasribeiraopreto.com.br","date":"22 de October de 2025","format":false,"excerpt":"O cantor e compositor Nando Reis se apresenta em Ribeir\u00e3o Preto nesta sexta-feira (24), \u00e0s 21h, no Multiplan Hall, na zona Sul da cidade. O show faz parte da turn\u00ea \u201cNando Hits\u201d, que celebra os 40 anos de carreira do artista. Durante a apresenta\u00e7\u00e3o, o cantor revisita sucessos que marcaram\u2026","rel":"","context":"In &quot;Not\u00edcias de Ribeir\u00e3o Preto-SP e Regi\u00e3o&quot;","block_context":{"text":"Not\u00edcias de Ribeir\u00e3o Preto-SP e Regi\u00e3o","link":"https:\/\/noticiasribeiraopreto.com.br\/index.php\/category\/noticias-de-ribeirao-preto-sp-e-regiao-ismael-colosi\/"},"img":{"alt_text":"","src":"https:\/\/i0.wp.com\/noticiasribeiraopreto.com.br\/wp-content\/uploads\/2025\/10\/Copia-de-Copia-de-Copia-de-TAMANHO-EXATO-PARA-FOTOS-NO-SISTEMA-NOVO-2025-10-22T170936.343_2025-10-22_20-11-31.webp.webp?fit=1200%2C675&ssl=1&resize=350%2C200","width":350,"height":200,"srcset":"https:\/\/i0.wp.com\/noticiasribeiraopreto.com.br\/wp-content\/uploads\/2025\/10\/Copia-de-Copia-de-Copia-de-TAMANHO-EXATO-PARA-FOTOS-NO-SISTEMA-NOVO-2025-10-22T170936.343_2025-10-22_20-11-31.webp.webp?fit=1200%2C675&ssl=1&resize=350%2C200 1x, https:\/\/i0.wp.com\/noticiasribeiraopreto.com.br\/wp-content\/uploads\/2025\/10\/Copia-de-Copia-de-Copia-de-TAMANHO-EXATO-PARA-FOTOS-NO-SISTEMA-NOVO-2025-10-22T170936.343_2025-10-22_20-11-31.webp.webp?fit=1200%2C675&ssl=1&resize=525%2C300 1.5x, https:\/\/i0.wp.com\/noticiasribeiraopreto.com.br\/wp-content\/uploads\/2025\/10\/Copia-de-Copia-de-Copia-de-TAMANHO-EXATO-PARA-FOTOS-NO-SISTEMA-NOVO-2025-10-22T170936.343_2025-10-22_20-11-31.webp.webp?fit=1200%2C675&ssl=1&resize=700%2C400 2x, https:\/\/i0.wp.com\/noticiasribeiraopreto.com.br\/wp-content\/uploads\/2025\/10\/Copia-de-Copia-de-Copia-de-TAMANHO-EXATO-PARA-FOTOS-NO-SISTEMA-NOVO-2025-10-22T170936.343_2025-10-22_20-11-31.webp.webp?fit=1200%2C675&ssl=1&resize=1050%2C600 3x"},"classes":[]},{"id":26382,"url":"https:\/\/noticiasribeiraopreto.com.br\/index.php\/2024\/01\/09\/morador-da-regiao-de-ribeirao-teve-o-sonho-de-viajar-pela-america-do-sul-interrompido-apos-acidente-na-argentina\/","url_meta":{"origin":79020,"position":2},"title":"Morador da regi\u00e3o de Ribeir\u00e3o teve o sonho de viajar pela Am\u00e9rica do Sul interrompido ap\u00f3s acidente na Argentina","author":"noticiasribeiraopreto.com.br","date":"9 de January de 2024","format":false,"excerpt":"Juliano Antonio Zavatti, morador da cidade de Monte Alto, na regi\u00e3o de Ribeir\u00e3o Preto, estava realizando o sonho de viajar pela Am\u00e9rica do Sul, quando se envolveu em um acidente e acabou morrendo, nesta segunda-feira (8), em uma rodovia na Argentina. A viagem planejada h\u00e1 um ano, teve in\u00edcio em\u2026","rel":"","context":"In &quot;Not\u00edcias de Ribeir\u00e3o Preto-SP e Regi\u00e3o&quot;","block_context":{"text":"Not\u00edcias de Ribeir\u00e3o Preto-SP e Regi\u00e3o","link":"https:\/\/noticiasribeiraopreto.com.br\/index.php\/category\/noticias-de-ribeirao-preto-sp-e-regiao-ismael-colosi\/"},"img":{"alt_text":"","src":"https:\/\/i0.wp.com\/noticiasribeiraopreto.com.br\/wp-content\/uploads\/2024\/01\/1704848086_Copia-de-Copia-de-TAMANHO-EXATO-PARA-FOTOS-NO-SISTEMA-NOVO-7.png?fit=1200%2C675&ssl=1&resize=350%2C200","width":350,"height":200,"srcset":"https:\/\/i0.wp.com\/noticiasribeiraopreto.com.br\/wp-content\/uploads\/2024\/01\/1704848086_Copia-de-Copia-de-TAMANHO-EXATO-PARA-FOTOS-NO-SISTEMA-NOVO-7.png?fit=1200%2C675&ssl=1&resize=350%2C200 1x, https:\/\/i0.wp.com\/noticiasribeiraopreto.com.br\/wp-content\/uploads\/2024\/01\/1704848086_Copia-de-Copia-de-TAMANHO-EXATO-PARA-FOTOS-NO-SISTEMA-NOVO-7.png?fit=1200%2C675&ssl=1&resize=525%2C300 1.5x, https:\/\/i0.wp.com\/noticiasribeiraopreto.com.br\/wp-content\/uploads\/2024\/01\/1704848086_Copia-de-Copia-de-TAMANHO-EXATO-PARA-FOTOS-NO-SISTEMA-NOVO-7.png?fit=1200%2C675&ssl=1&resize=700%2C400 2x, https:\/\/i0.wp.com\/noticiasribeiraopreto.com.br\/wp-content\/uploads\/2024\/01\/1704848086_Copia-de-Copia-de-TAMANHO-EXATO-PARA-FOTOS-NO-SISTEMA-NOVO-7.png?fit=1200%2C675&ssl=1&resize=1050%2C600 3x"},"classes":[]},{"id":51556,"url":"https:\/\/noticiasribeiraopreto.com.br\/index.php\/2024\/05\/28\/motorista-quase-capota-apos-colidir-com-carro-estacionado-em-ribeirao-preto-veja-o-video\/","url_meta":{"origin":79020,"position":3},"title":"Motorista quase capota ap\u00f3s colidir com carro estacionado em Ribeir\u00e3o Preto; Veja o v\u00eddeo","author":"noticiasribeiraopreto.com.br","date":"28 de May de 2024","format":false,"excerpt":"Um motorista quase capotou o carro ap\u00f3s colidir com um ve\u00edculo que estava estacionado na rua Carlos Chagas, no Jardim Paulista, zona Leste de Ribeir\u00e3o Preto, no final da tarde deste s\u00e1bado (25). O caso foi registrado por c\u00e2meras de seguran\u00e7a \u2013 veja abaixo. Nas imagens \u00e9 poss\u00edvel observar o\u2026","rel":"","context":"In &quot;Not\u00edcias de Ribeir\u00e3o Preto-SP e Regi\u00e3o&quot;","block_context":{"text":"Not\u00edcias de Ribeir\u00e3o Preto-SP e Regi\u00e3o","link":"https:\/\/noticiasribeiraopreto.com.br\/index.php\/category\/noticias-de-ribeirao-preto-sp-e-regiao-ismael-colosi\/"},"img":{"alt_text":"","src":"https:\/\/i0.wp.com\/noticiasribeiraopreto.com.br\/wp-content\/uploads\/2024\/05\/Copia-de-Copia-de-TAMANHO-EXATO-PARA-FOTOS-NO-SISTEMA-NOVO-57_2024-05-27_19-39-21_png_2024-05-27_19-39-21.webp.webp?fit=1200%2C675&ssl=1&resize=350%2C200","width":350,"height":200,"srcset":"https:\/\/i0.wp.com\/noticiasribeiraopreto.com.br\/wp-content\/uploads\/2024\/05\/Copia-de-Copia-de-TAMANHO-EXATO-PARA-FOTOS-NO-SISTEMA-NOVO-57_2024-05-27_19-39-21_png_2024-05-27_19-39-21.webp.webp?fit=1200%2C675&ssl=1&resize=350%2C200 1x, https:\/\/i0.wp.com\/noticiasribeiraopreto.com.br\/wp-content\/uploads\/2024\/05\/Copia-de-Copia-de-TAMANHO-EXATO-PARA-FOTOS-NO-SISTEMA-NOVO-57_2024-05-27_19-39-21_png_2024-05-27_19-39-21.webp.webp?fit=1200%2C675&ssl=1&resize=525%2C300 1.5x, https:\/\/i0.wp.com\/noticiasribeiraopreto.com.br\/wp-content\/uploads\/2024\/05\/Copia-de-Copia-de-TAMANHO-EXATO-PARA-FOTOS-NO-SISTEMA-NOVO-57_2024-05-27_19-39-21_png_2024-05-27_19-39-21.webp.webp?fit=1200%2C675&ssl=1&resize=700%2C400 2x, https:\/\/i0.wp.com\/noticiasribeiraopreto.com.br\/wp-content\/uploads\/2024\/05\/Copia-de-Copia-de-TAMANHO-EXATO-PARA-FOTOS-NO-SISTEMA-NOVO-57_2024-05-27_19-39-21_png_2024-05-27_19-39-21.webp.webp?fit=1200%2C675&ssl=1&resize=1050%2C600 3x"},"classes":[]},{"id":79018,"url":"https:\/\/noticiasribeiraopreto.com.br\/index.php\/2025\/10\/22\/caminhada-danca-e-diversao-ribeirao-tem-manha-de-atividades-no-parque-curupira-veja-quando\/","url_meta":{"origin":79020,"position":4},"title":"Caminhada, dan\u00e7a e divers\u00e3o: Ribeir\u00e3o tem manh\u00e3 de atividades no Parque Curupira; Veja quando","author":"noticiasribeiraopreto.com.br","date":"22 de October de 2025","format":false,"excerpt":"Ribeir\u00e3o Preto ter\u00e1 uma manh\u00e3 de atividades abertas ao p\u00fablico neste domingo (26), no Parque Luiz Roberto J\u00e1bali, o Curupira, na zona Leste do munic\u00edpio. Os participantes do evento poder\u00e3o escolher entre participar de caminhada ou c\u00e3ominhada,\u00a0 em trajetos de 1,5km e 3km, a partir das 8h. A programa\u00e7\u00e3o tamb\u00e9m\u2026","rel":"","context":"In &quot;Not\u00edcias de Ribeir\u00e3o Preto-SP e Regi\u00e3o&quot;","block_context":{"text":"Not\u00edcias de Ribeir\u00e3o Preto-SP e Regi\u00e3o","link":"https:\/\/noticiasribeiraopreto.com.br\/index.php\/category\/noticias-de-ribeirao-preto-sp-e-regiao-ismael-colosi\/"},"img":{"alt_text":"","src":"https:\/\/i0.wp.com\/noticiasribeiraopreto.com.br\/wp-content\/uploads\/2025\/10\/Copia-de-Copia-de-Copia-de-TAMANHO-EXATO-PARA-FOTOS-NO-SISTEMA-NOVO-2025-10-22T165403.415_2025-10-22_19-54-09.webp.webp?fit=1200%2C675&ssl=1&resize=350%2C200","width":350,"height":200,"srcset":"https:\/\/i0.wp.com\/noticiasribeiraopreto.com.br\/wp-content\/uploads\/2025\/10\/Copia-de-Copia-de-Copia-de-TAMANHO-EXATO-PARA-FOTOS-NO-SISTEMA-NOVO-2025-10-22T165403.415_2025-10-22_19-54-09.webp.webp?fit=1200%2C675&ssl=1&resize=350%2C200 1x, https:\/\/i0.wp.com\/noticiasribeiraopreto.com.br\/wp-content\/uploads\/2025\/10\/Copia-de-Copia-de-Copia-de-TAMANHO-EXATO-PARA-FOTOS-NO-SISTEMA-NOVO-2025-10-22T165403.415_2025-10-22_19-54-09.webp.webp?fit=1200%2C675&ssl=1&resize=525%2C300 1.5x, https:\/\/i0.wp.com\/noticiasribeiraopreto.com.br\/wp-content\/uploads\/2025\/10\/Copia-de-Copia-de-Copia-de-TAMANHO-EXATO-PARA-FOTOS-NO-SISTEMA-NOVO-2025-10-22T165403.415_2025-10-22_19-54-09.webp.webp?fit=1200%2C675&ssl=1&resize=700%2C400 2x, https:\/\/i0.wp.com\/noticiasribeiraopreto.com.br\/wp-content\/uploads\/2025\/10\/Copia-de-Copia-de-Copia-de-TAMANHO-EXATO-PARA-FOTOS-NO-SISTEMA-NOVO-2025-10-22T165403.415_2025-10-22_19-54-09.webp.webp?fit=1200%2C675&ssl=1&resize=1050%2C600 3x"},"classes":[]},{"id":57067,"url":"https:\/\/noticiasribeiraopreto.com.br\/index.php\/2024\/08\/22\/filmes-de-suspense-e-aventura-tomam-conta-dos-cinemas-nesta-quinta-feira-veja-estreias\/","url_meta":{"origin":79020,"position":5},"title":"Filmes de suspense e aventura tomam conta dos cinemas nesta quinta-feira; Veja estreias","author":"noticiasribeiraopreto.com.br","date":"22 de August de 2024","format":false,"excerpt":"Quinta-feira \u00e9 dia de ficar por dentro das estreias dos cinemas de Ribeir\u00e3o Preto. Esta semana, a programa\u00e7\u00e3o \u00e9 marcada por seis filmes de suspense e aventura. Os grandes destaques s\u00e3o: \u201cO Corvo\u201c, \u201cPisque Duas Vezes\u201d e \u201cTipos de Gentileza\u201d. Ribeir\u00e3o Preto conta com quatro cinemas, o UCI localizado no\u2026","rel":"","context":"In &quot;Not\u00edcias de Ribeir\u00e3o Preto-SP e Regi\u00e3o&quot;","block_context":{"text":"Not\u00edcias de Ribeir\u00e3o Preto-SP e Regi\u00e3o","link":"https:\/\/noticiasribeiraopreto.com.br\/index.php\/category\/noticias-de-ribeirao-preto-sp-e-regiao-ismael-colosi\/"},"img":{"alt_text":"","src":"https:\/\/i0.wp.com\/noticiasribeiraopreto.com.br\/wp-content\/uploads\/2024\/08\/pisque-duas-vezes_2024-08-22_13-12-15_jpg_2024-08-22_13-12-15.webp.webp?fit=1200%2C675&ssl=1&resize=350%2C200","width":350,"height":200,"srcset":"https:\/\/i0.wp.com\/noticiasribeiraopreto.com.br\/wp-content\/uploads\/2024\/08\/pisque-duas-vezes_2024-08-22_13-12-15_jpg_2024-08-22_13-12-15.webp.webp?fit=1200%2C675&ssl=1&resize=350%2C200 1x, https:\/\/i0.wp.com\/noticiasribeiraopreto.com.br\/wp-content\/uploads\/2024\/08\/pisque-duas-vezes_2024-08-22_13-12-15_jpg_2024-08-22_13-12-15.webp.webp?fit=1200%2C675&ssl=1&resize=525%2C300 1.5x, https:\/\/i0.wp.com\/noticiasribeiraopreto.com.br\/wp-content\/uploads\/2024\/08\/pisque-duas-vezes_2024-08-22_13-12-15_jpg_2024-08-22_13-12-15.webp.webp?fit=1200%2C675&ssl=1&resize=700%2C400 2x, https:\/\/i0.wp.com\/noticiasribeiraopreto.com.br\/wp-content\/uploads\/2024\/08\/pisque-duas-vezes_2024-08-22_13-12-15_jpg_2024-08-22_13-12-15.webp.webp?fit=1200%2C675&ssl=1&resize=1050%2C600 3x"},"classes":[]}],"jetpack_sharing_enabled":true,"jetpack_shortlink":"https:\/\/wp.me\/peQAOb-kyw","_links":{"self":[{"href":"https:\/\/noticiasribeiraopreto.com.br\/index.php\/wp-json\/wp\/v2\/posts\/79020","targetHints":{"allow":["GET"]}}],"collection":[{"href":"https:\/\/noticiasribeiraopreto.com.br\/index.php\/wp-json\/wp\/v2\/posts"}],"about":[{"href":"https:\/\/noticiasribeiraopreto.com.br\/index.php\/wp-json\/wp\/v2\/types\/post"}],"author":[{"embeddable":true,"href":"https:\/\/noticiasribeiraopreto.com.br\/index.php\/wp-json\/wp\/v2\/users\/1"}],"replies":[{"embeddable":true,"href":"https:\/\/noticiasribeiraopreto.com.br\/index.php\/wp-json\/wp\/v2\/comments?post=79020"}],"version-history":[{"count":0,"href":"https:\/\/noticiasribeiraopreto.com.br\/index.php\/wp-json\/wp\/v2\/posts\/79020\/revisions"}],"wp:featuredmedia":[{"embeddable":true,"href":"https:\/\/noticiasribeiraopreto.com.br\/index.php\/wp-json\/wp\/v2\/media\/79021"}],"wp:attachment":[{"href":"https:\/\/noticiasribeiraopreto.com.br\/index.php\/wp-json\/wp\/v2\/media?parent=79020"}],"wp:term":[{"taxonomy":"category","embeddable":true,"href":"https:\/\/noticiasribeiraopreto.com.br\/index.php\/wp-json\/wp\/v2\/categories?post=79020"},{"taxonomy":"post_tag","embeddable":true,"href":"https:\/\/noticiasribeiraopreto.com.br\/index.php\/wp-json\/wp\/v2\/tags?post=79020"}],"curies":[{"name":"wp","href":"https:\/\/api.w.org\/{rel}","templated":true}]}}