{"id":79022,"date":"2025-10-22T21:19:17","date_gmt":"2025-10-23T00:19:17","guid":{"rendered":"https:\/\/noticiasribeiraopreto.com.br\/index.php\/2025\/10\/22\/incendio-de-grandes-proporcoes-atinge-patio-do-detran-no-interior-de-sp-veja-video\/"},"modified":"2025-10-22T21:19:17","modified_gmt":"2025-10-23T00:19:17","slug":"incendio-de-grandes-proporcoes-atinge-patio-do-detran-no-interior-de-sp-veja-video","status":"publish","type":"post","link":"https:\/\/noticiasribeiraopreto.com.br\/index.php\/2025\/10\/22\/incendio-de-grandes-proporcoes-atinge-patio-do-detran-no-interior-de-sp-veja-video\/","title":{"rendered":"Inc\u00eandio de grandes propor\u00e7\u00f5es atinge p\u00e1tio do Detran no interior de SP; veja v\u00eddeo"},"content":{"rendered":"<div class='code-block code-block-1' style='margin: 8px 0 8px auto; text-align: right; display: block; clear: both;'>\n<p><a href=\"https:\/\/wa.link\/vpicfd\"><img data-recalc-dims=\"1\" class=\"wp-image-4922\" style=\"aspect-ratio: 2.0253164556962027; width: 561px; height: auto;\" src=\"https:\/\/i0.wp.com\/ismaelcolosi.com.br\/wp-content\/uploads\/2023\/11\/grupo-de-empregos-whatsapp-e-facebook-ismael-colosi-vagas.jpg?ssl=1\" alt=\"\" \/><\/a><\/p>\n<!-- \/wp:image -->\n<\/div>\n<p> <br \/>\n<\/p>\n<div data-td-block-uid=\"tdi_95\">\n<div class=\"tdb-block-inner td-fix-index\">\n<p>Um <strong>inc\u00eandio de grandes propor\u00e7\u00f5es<\/strong> atingiu, no final da tarde desta ter\u00e7a-feira (22), o <strong>p\u00e1tio credenciado do Detran<\/strong> localizado \u00e0s margens da <strong>rodovia Carlos Tonani (SP-333), km 118, em Jaboticabal<\/strong>, no interior de S\u00e3o Paulo. <\/p>\n<p>Equipes do <strong>Corpo de Bombeiros de Jaboticabal<\/strong> contaram com <strong>refor\u00e7o de Bebedouro, Sert\u00e3ozinho e Ribeir\u00e3o Preto<\/strong> para controlar o fogo. As equipes seguem em atua\u00e7\u00e3o para eliminar poss\u00edveis focos de calor e resfriar a \u00e1rea atingida.<\/p>\n<figure class=\"wp-block-gallery has-nested-images columns-default is-cropped wp-block-gallery-1 is-layout-flex wp-block-gallery-is-layout-flex\">\n<figure class=\"wp-block-image size-large\"><img data-recalc-dims=\"1\" fetchpriority=\"high\" decoding=\"async\" width=\"576\" height=\"1024\" data-id=\"133199\" src=\"https:\/\/i0.wp.com\/cdn.media-acidadeon.com.br\/ribeiraopreto\/wp-content\/uploads\/sites\/3\/2025\/10\/Imagem-do-WhatsApp-de-2025-10-22-as-20.04.14_e4840123_2025-10-22_23-37-36-576x1024.webp?resize=576%2C1024&#038;ssl=1\" alt=\"inc\u00eandio\" class=\"wp-image-133199\" title=\"Inc\u00eandio de grandes propor\u00e7\u00f5es atinge p\u00e1tio do Detran no interior de SP; veja v\u00eddeo 1\" srcset=\"https:\/\/cdn.media-acidadeon.com.br\/ribeiraopreto\/wp-content\/uploads\/sites\/3\/2025\/10\/Imagem-do-WhatsApp-de-2025-10-22-as-20.04.14_e4840123_2025-10-22_23-37-36-576x1024.webp 576w, https:\/\/cdn.media-acidadeon.com.br\/ribeiraopreto\/wp-content\/uploads\/sites\/3\/2025\/10\/Imagem-do-WhatsApp-de-2025-10-22-as-20.04.14_e4840123_2025-10-22_23-37-36-169x300.webp 169w, https:\/\/cdn.media-acidadeon.com.br\/ribeiraopreto\/wp-content\/uploads\/sites\/3\/2025\/10\/Imagem-do-WhatsApp-de-2025-10-22-as-20.04.14_e4840123_2025-10-22_23-37-36-768x1366.webp 768w, https:\/\/cdn.media-acidadeon.com.br\/ribeiraopreto\/wp-content\/uploads\/sites\/3\/2025\/10\/Imagem-do-WhatsApp-de-2025-10-22-as-20.04.14_e4840123_2025-10-22_23-37-36-864x1536.webp 864w, https:\/\/cdn.media-acidadeon.com.br\/ribeiraopreto\/wp-content\/uploads\/sites\/3\/2025\/10\/Imagem-do-WhatsApp-de-2025-10-22-as-20.04.14_e4840123_2025-10-22_23-37-36-696x1238.webp 696w, https:\/\/cdn.media-acidadeon.com.br\/ribeiraopreto\/wp-content\/uploads\/sites\/3\/2025\/10\/Imagem-do-WhatsApp-de-2025-10-22-as-20.04.14_e4840123_2025-10-22_23-37-36.webp 899w\" sizes=\"(max-width: 576px) 100vw, 576px\"\/><\/figure>\n<figure class=\"wp-block-image size-large\"><img data-recalc-dims=\"1\" loading=\"lazy\" decoding=\"async\" width=\"576\" height=\"1024\" data-id=\"133200\" src=\"https:\/\/i0.wp.com\/cdn.media-acidadeon.com.br\/ribeiraopreto\/wp-content\/uploads\/sites\/3\/2025\/10\/Imagem-do-WhatsApp-de-2025-10-22-as-20.04.15_2ffae0df_2025-10-22_23-37-39-576x1024.webp?resize=576%2C1024&#038;ssl=1\" alt=\"Imagem do WhatsApp de 2025 10 22 as 20.04.15 2ffae0df 2025 10 22 23 37 39\" class=\"wp-image-133200\" title=\"Inc\u00eandio de grandes propor\u00e7\u00f5es atinge p\u00e1tio do Detran no interior de SP; veja v\u00eddeo 2\" srcset=\"https:\/\/cdn.media-acidadeon.com.br\/ribeiraopreto\/wp-content\/uploads\/sites\/3\/2025\/10\/Imagem-do-WhatsApp-de-2025-10-22-as-20.04.15_2ffae0df_2025-10-22_23-37-39-576x1024.webp 576w, https:\/\/cdn.media-acidadeon.com.br\/ribeiraopreto\/wp-content\/uploads\/sites\/3\/2025\/10\/Imagem-do-WhatsApp-de-2025-10-22-as-20.04.15_2ffae0df_2025-10-22_23-37-39-169x300.webp 169w, https:\/\/cdn.media-acidadeon.com.br\/ribeiraopreto\/wp-content\/uploads\/sites\/3\/2025\/10\/Imagem-do-WhatsApp-de-2025-10-22-as-20.04.15_2ffae0df_2025-10-22_23-37-39-768x1366.webp 768w, https:\/\/cdn.media-acidadeon.com.br\/ribeiraopreto\/wp-content\/uploads\/sites\/3\/2025\/10\/Imagem-do-WhatsApp-de-2025-10-22-as-20.04.15_2ffae0df_2025-10-22_23-37-39-864x1536.webp 864w, https:\/\/cdn.media-acidadeon.com.br\/ribeiraopreto\/wp-content\/uploads\/sites\/3\/2025\/10\/Imagem-do-WhatsApp-de-2025-10-22-as-20.04.15_2ffae0df_2025-10-22_23-37-39-696x1238.webp 696w, https:\/\/cdn.media-acidadeon.com.br\/ribeiraopreto\/wp-content\/uploads\/sites\/3\/2025\/10\/Imagem-do-WhatsApp-de-2025-10-22-as-20.04.15_2ffae0df_2025-10-22_23-37-39.webp 899w\" sizes=\"auto, (max-width: 576px) 100vw, 576px\"\/><\/figure>\n<figure class=\"wp-block-image size-large\"><img data-recalc-dims=\"1\" loading=\"lazy\" decoding=\"async\" width=\"576\" height=\"1024\" data-id=\"133201\" src=\"https:\/\/i0.wp.com\/cdn.media-acidadeon.com.br\/ribeiraopreto\/wp-content\/uploads\/sites\/3\/2025\/10\/Imagem-do-WhatsApp-de-2025-10-22-as-20.04.14_e3bff1e8_2025-10-22_23-37-42-576x1024.webp?resize=576%2C1024&#038;ssl=1\" alt=\"Imagem do WhatsApp de 2025 10 22 as 20.04.14 e3bff1e8 2025 10 22 23 37 42\" class=\"wp-image-133201\" title=\"Inc\u00eandio de grandes propor\u00e7\u00f5es atinge p\u00e1tio do Detran no interior de SP; veja v\u00eddeo 3\" srcset=\"https:\/\/cdn.media-acidadeon.com.br\/ribeiraopreto\/wp-content\/uploads\/sites\/3\/2025\/10\/Imagem-do-WhatsApp-de-2025-10-22-as-20.04.14_e3bff1e8_2025-10-22_23-37-42-576x1024.webp 576w, https:\/\/cdn.media-acidadeon.com.br\/ribeiraopreto\/wp-content\/uploads\/sites\/3\/2025\/10\/Imagem-do-WhatsApp-de-2025-10-22-as-20.04.14_e3bff1e8_2025-10-22_23-37-42-169x300.webp 169w, https:\/\/cdn.media-acidadeon.com.br\/ribeiraopreto\/wp-content\/uploads\/sites\/3\/2025\/10\/Imagem-do-WhatsApp-de-2025-10-22-as-20.04.14_e3bff1e8_2025-10-22_23-37-42-768x1366.webp 768w, https:\/\/cdn.media-acidadeon.com.br\/ribeiraopreto\/wp-content\/uploads\/sites\/3\/2025\/10\/Imagem-do-WhatsApp-de-2025-10-22-as-20.04.14_e3bff1e8_2025-10-22_23-37-42-864x1536.webp 864w, https:\/\/cdn.media-acidadeon.com.br\/ribeiraopreto\/wp-content\/uploads\/sites\/3\/2025\/10\/Imagem-do-WhatsApp-de-2025-10-22-as-20.04.14_e3bff1e8_2025-10-22_23-37-42-696x1238.webp 696w, https:\/\/cdn.media-acidadeon.com.br\/ribeiraopreto\/wp-content\/uploads\/sites\/3\/2025\/10\/Imagem-do-WhatsApp-de-2025-10-22-as-20.04.14_e3bff1e8_2025-10-22_23-37-42.webp 899w\" sizes=\"auto, (max-width: 576px) 100vw, 576px\"\/><\/figure>\n<\/figure>\n<p>Segundo a corpora\u00e7\u00e3o, <strong>n\u00e3o h\u00e1 registro de v\u00edtimas<\/strong>, mas existe a <strong>suspeita que o inc\u00eandio tenha sido criminoso<\/strong>.<\/p>\n<h3 class=\"wp-block-heading\"><strong>Veja v\u00eddeo:<\/strong><\/h3>\n<blockquote class=\"instagram-media\" data-instgrm-permalink=\"https:\/\/www.instagram.com\/reel\/DQIU1W2DnZY\/?utm_source=ig_embed&amp;utm_campaign=loading\" data-instgrm-version=\"14\" style=\" background:#FFF; border:0; border-radius:3px; box-shadow:0 0 1px 0 rgba(0,0,0,0.5),0 1px 10px 0 rgba(0,0,0,0.15); margin: 1px; max-width:540px; min-width:326px; padding:0; width:99.375%; width:-webkit-calc(100% - 2px); width:calc(100% - 2px);\"\/>\n<p>O <strong>Departamento Estadual de Tr\u00e2nsito (Detran-SP)<\/strong> ainda n\u00e3o divulgou nota oficial sobre o caso, e <strong>ainda n\u00e3o h\u00e1 informa\u00e7\u00f5es sobre o total de ve\u00edculos destru\u00eddos<\/strong>.<\/p>\n<hr class=\"wp-block-separator has-alpha-channel-opacity\"\/>\n<p>SAIBA MAIS<\/p>\n<p>Cohab anuncia edital com 30 im\u00f3veis \u00e0 venda em Ribeir\u00e3o e regi\u00e3o; Saiba como participar<\/p>\n<h2 class=\"wp-block-heading\"><strong>FIQUE ON<\/strong><\/h2>\n<p>Fique ligado em tudo que acontece em Ribeir\u00e3o Preto e regi\u00e3o. Siga os perfis do\u00a0<strong>acidade on<\/strong>\u00a0no\u00a0<a href=\"https:\/\/www.instagram.com\/acidadeonribeirao\" target=\"_blank\" rel=\"noreferrer noopener\">Instagram\u00a0<\/a>e no<a href=\"https:\/\/www.facebook.com\/acidadeonribeirao\/\" target=\"_blank\" rel=\"noreferrer noopener\">\u00a0Facebook<\/a>.<\/p>\n<p>Receba not\u00edcias do\u00a0<strong>acidade on<\/strong>\u00a0no WhatsApp. Para entrar no grupo,\u00a0basta\u00a0<a href=\"https:\/\/chat.whatsapp.com\/I4nieTEMKlf50pJ28aMemC?mode=ac_t\" target=\"_blank\" rel=\"noreferrer noopener\">clicar aqui<\/a>. Ou, acesse o nosso\u00a0Canal<a href=\"https:\/\/whatsapp.com\/channel\/0029Vb6IQl1JENyAeS57fk2p\" target=\"_blank\" rel=\"noreferrer noopener\">\u00a0clicando aqui<\/a>.<\/p>\n<p>Fa\u00e7a uma den\u00fancia ou sugira uma reportagem sobre Ribeir\u00e3o Preto e regi\u00e3o pelo WhatsApp: 16 99117 7802.<\/p>\n<p>VEJA TAMB\u00c9M<\/p>\n<p>Quem ser\u00e1 Kratos na s\u00e9rie de \u2018God of War\u2019?<\/p>\n<p><!-- AI CONTENT END 1 -->\n<\/div>\n<\/div>\n<p><script async src=\"\/\/www.instagram.com\/embed.js\"><\/script><br \/>\n<br \/><br \/>\n<br \/><a href=\"https:\/\/www.acidadeon.com\/ribeiraopreto\/cotidiano\/incendio-de-grandes-proporcoes-atinge-patio-do-detran-no-interior-de-sp-veja-video\/\">Source link <\/a><\/p>\n<!-- CONTENT END 1 -->\n","protected":false},"excerpt":{"rendered":"<p>Um inc\u00eandio de grandes propor\u00e7\u00f5es atingiu, no final da tarde desta ter\u00e7a-feira (22), o p\u00e1tio credenciado do Detran localizado \u00e0s margens da rodovia Carlos Tonani&#8230;<\/p>\n","protected":false},"author":1,"featured_media":79023,"comment_status":"open","ping_status":"open","sticky":false,"template":"","format":"standard","meta":{"advanced_seo_description":"","jetpack_seo_html_title":"","jetpack_seo_noindex":false,"jetpack_post_was_ever_published":false,"_jetpack_newsletter_access":"","_jetpack_dont_email_post_to_subs":false,"_jetpack_newsletter_tier_id":0,"_jetpack_memberships_contains_paywalled_content":false,"_jetpack_memberships_contains_paid_content":false,"footnotes":"","jetpack_publicize_message":"","jetpack_publicize_feature_enabled":true,"jetpack_social_post_already_shared":true,"jetpack_social_options":{"image_generator_settings":{"template":"highway","default_image_id":0,"font":"","enabled":false},"version":2}},"categories":[11],"tags":[],"class_list":["post-79022","post","type-post","status-publish","format-standard","has-post-thumbnail","hentry","category-noticias-de-ribeirao-preto-sp-e-regiao-ismael-colosi"],"jetpack_publicize_connections":[],"jetpack_featured_media_url":"https:\/\/i0.wp.com\/noticiasribeiraopreto.com.br\/wp-content\/uploads\/2025\/10\/Copia-de-Copia-de-Copia-de-TAMANHO-EXATO-PARA-FOTOS-NO-SISTEMA-NOVO-2025-10-22T203933.559_2025-10-22_23-39-41.webp.webp?fit=1200%2C675&ssl=1","jetpack-related-posts":[{"id":79030,"url":"https:\/\/noticiasribeiraopreto.com.br\/index.php\/2025\/10\/23\/video-incendio-atinge-patio-do-detran-na-regiao\/","url_meta":{"origin":79022,"position":0},"title":"V\u00cdDEO &#8211; Inc\u00eandio atinge p\u00e1tio do Detran na regi\u00e3o","author":"noticiasribeiraopreto.com.br","date":"23 de October de 2025","format":false,"excerpt":"Centenas de ve\u00edculos estavam recolhidos e v\u00e1rios foram atingidos pelas chamas; n\u00famero n\u00e3o foi informado 23 de outubro de 2025 07:1423 de outubro de 2025 07:150 Compartilhar0 Por: Adalberto Luque Um grande inc\u00eandio atingiu um p\u00e1tio de ve\u00edculos no final da tarde desta quarta-feira, 22 de outubro. O fogo come\u00e7ou\u2026","rel":"","context":"In &quot;Not\u00edcias de Ribeir\u00e3o Preto-SP e Regi\u00e3o&quot;","block_context":{"text":"Not\u00edcias de Ribeir\u00e3o Preto-SP e Regi\u00e3o","link":"https:\/\/noticiasribeiraopreto.com.br\/index.php\/category\/noticias-de-ribeirao-preto-sp-e-regiao-ismael-colosi\/"},"img":{"alt_text":"","src":"https:\/\/i0.wp.com\/noticiasribeiraopreto.com.br\/wp-content\/uploads\/2025\/10\/23-out-2025-incendiojaboticabal-scaled.jpg?fit=1200%2C676&ssl=1&resize=350%2C200","width":350,"height":200,"srcset":"https:\/\/i0.wp.com\/noticiasribeiraopreto.com.br\/wp-content\/uploads\/2025\/10\/23-out-2025-incendiojaboticabal-scaled.jpg?fit=1200%2C676&ssl=1&resize=350%2C200 1x, https:\/\/i0.wp.com\/noticiasribeiraopreto.com.br\/wp-content\/uploads\/2025\/10\/23-out-2025-incendiojaboticabal-scaled.jpg?fit=1200%2C676&ssl=1&resize=525%2C300 1.5x, https:\/\/i0.wp.com\/noticiasribeiraopreto.com.br\/wp-content\/uploads\/2025\/10\/23-out-2025-incendiojaboticabal-scaled.jpg?fit=1200%2C676&ssl=1&resize=700%2C400 2x, https:\/\/i0.wp.com\/noticiasribeiraopreto.com.br\/wp-content\/uploads\/2025\/10\/23-out-2025-incendiojaboticabal-scaled.jpg?fit=1200%2C676&ssl=1&resize=1050%2C600 3x"},"classes":[]},{"id":79048,"url":"https:\/\/noticiasribeiraopreto.com.br\/index.php\/2025\/10\/23\/video-incendio-atinge-patio-credenciado-pelo-detran-na-regiao\/","url_meta":{"origin":79022,"position":1},"title":"V\u00cdDEO &#8211; Inc\u00eandio atinge p\u00e1tio credenciado pelo Detran na regi\u00e3o","author":"noticiasribeiraopreto.com.br","date":"23 de October de 2025","format":false,"excerpt":"Centenas de ve\u00edculos estavam recolhidos e v\u00e1rios foram atingidos pelas chamas; n\u00famero n\u00e3o foi informado 23 de outubro de 2025 07:1423 de outubro de 2025 11:5187 Compartilhar3 Por: Adalberto Luque Um grande inc\u00eandio atingiu um p\u00e1tio de ve\u00edculos no final da tarde desta quarta-feira, 22 de outubro. O fogo come\u00e7ou\u2026","rel":"","context":"In &quot;Not\u00edcias de Ribeir\u00e3o Preto-SP e Regi\u00e3o&quot;","block_context":{"text":"Not\u00edcias de Ribeir\u00e3o Preto-SP e Regi\u00e3o","link":"https:\/\/noticiasribeiraopreto.com.br\/index.php\/category\/noticias-de-ribeirao-preto-sp-e-regiao-ismael-colosi\/"},"img":{"alt_text":"","src":"https:\/\/i0.wp.com\/noticiasribeiraopreto.com.br\/wp-content\/uploads\/2025\/10\/1761236702_23-out-2025-incendiojaboticabal-scaled.jpg?fit=1200%2C676&ssl=1&resize=350%2C200","width":350,"height":200,"srcset":"https:\/\/i0.wp.com\/noticiasribeiraopreto.com.br\/wp-content\/uploads\/2025\/10\/1761236702_23-out-2025-incendiojaboticabal-scaled.jpg?fit=1200%2C676&ssl=1&resize=350%2C200 1x, https:\/\/i0.wp.com\/noticiasribeiraopreto.com.br\/wp-content\/uploads\/2025\/10\/1761236702_23-out-2025-incendiojaboticabal-scaled.jpg?fit=1200%2C676&ssl=1&resize=525%2C300 1.5x, https:\/\/i0.wp.com\/noticiasribeiraopreto.com.br\/wp-content\/uploads\/2025\/10\/1761236702_23-out-2025-incendiojaboticabal-scaled.jpg?fit=1200%2C676&ssl=1&resize=700%2C400 2x, https:\/\/i0.wp.com\/noticiasribeiraopreto.com.br\/wp-content\/uploads\/2025\/10\/1761236702_23-out-2025-incendiojaboticabal-scaled.jpg?fit=1200%2C676&ssl=1&resize=1050%2C600 3x"},"classes":[]},{"id":76127,"url":"https:\/\/noticiasribeiraopreto.com.br\/index.php\/2025\/08\/22\/incendio-de-grandes-proporcoes-atinge-canavial-e-interdita-rodovia-no-interior-de-sp\/","url_meta":{"origin":79022,"position":2},"title":"Inc\u00eandio de grandes propor\u00e7\u00f5es atinge canavial e interdita rodovia no interior de SP","author":"noticiasribeiraopreto.com.br","date":"22 de August de 2025","format":false,"excerpt":"Um inc\u00eandio de grandes propor\u00e7\u00f5es atingiu uma \u00e1rea de canavial e interditou a vicinal Oswaldo Gilberto, que liga Rifaina a Igarapava, no come\u00e7o da tarde desta sexta-feira (22). Ainda n\u00e3o se sabe o que provocou o inc\u00eandio. De acordo com as informa\u00e7\u00f5es, equipes da Defesa Civil e caminh\u00f5es-pipa est\u00e3o no\u2026","rel":"","context":"In &quot;Not\u00edcias de Ribeir\u00e3o Preto-SP e Regi\u00e3o&quot;","block_context":{"text":"Not\u00edcias de Ribeir\u00e3o Preto-SP e Regi\u00e3o","link":"https:\/\/noticiasribeiraopreto.com.br\/index.php\/category\/noticias-de-ribeirao-preto-sp-e-regiao-ismael-colosi\/"},"img":{"alt_text":"","src":"https:\/\/i0.wp.com\/noticiasribeiraopreto.com.br\/wp-content\/uploads\/2025\/08\/Copia-de-Copia-de-Copia-de-TAMANHO-EXATO-PARA-FOTOS-NO-SISTEMA-NOVO-2025-08-22T144825.182_2025-08-22_17-48-30.webp.webp?fit=1200%2C675&ssl=1&resize=350%2C200","width":350,"height":200,"srcset":"https:\/\/i0.wp.com\/noticiasribeiraopreto.com.br\/wp-content\/uploads\/2025\/08\/Copia-de-Copia-de-Copia-de-TAMANHO-EXATO-PARA-FOTOS-NO-SISTEMA-NOVO-2025-08-22T144825.182_2025-08-22_17-48-30.webp.webp?fit=1200%2C675&ssl=1&resize=350%2C200 1x, https:\/\/i0.wp.com\/noticiasribeiraopreto.com.br\/wp-content\/uploads\/2025\/08\/Copia-de-Copia-de-Copia-de-TAMANHO-EXATO-PARA-FOTOS-NO-SISTEMA-NOVO-2025-08-22T144825.182_2025-08-22_17-48-30.webp.webp?fit=1200%2C675&ssl=1&resize=525%2C300 1.5x, https:\/\/i0.wp.com\/noticiasribeiraopreto.com.br\/wp-content\/uploads\/2025\/08\/Copia-de-Copia-de-Copia-de-TAMANHO-EXATO-PARA-FOTOS-NO-SISTEMA-NOVO-2025-08-22T144825.182_2025-08-22_17-48-30.webp.webp?fit=1200%2C675&ssl=1&resize=700%2C400 2x, https:\/\/i0.wp.com\/noticiasribeiraopreto.com.br\/wp-content\/uploads\/2025\/08\/Copia-de-Copia-de-Copia-de-TAMANHO-EXATO-PARA-FOTOS-NO-SISTEMA-NOVO-2025-08-22T144825.182_2025-08-22_17-48-30.webp.webp?fit=1200%2C675&ssl=1&resize=1050%2C600 3x"},"classes":[]},{"id":85076,"url":"https:\/\/noticiasribeiraopreto.com.br\/index.php\/2026\/04\/21\/incendio-de-grandes-proporcoes-atinge-area-ao-lado-de-casas-e-recinto-de-rodeio-no-interior-de-sp-video\/","url_meta":{"origin":79022,"position":3},"title":"Inc\u00eandio de grandes propor\u00e7\u00f5es atinge \u00e1rea ao lado de casas e recinto de rodeio no interior de SP; V\u00eddeo","author":"noticiasribeiraopreto.com.br","date":"21 de April de 2026","format":false,"excerpt":"Ler o resumo da not\u00edcia Inc\u00eandio de grandes propor\u00e7\u00f5es ocorreu na noite de 20 de abril em Ibat\u00e9, regi\u00e3o de S\u00e3o Carlos, interior de SP, pr\u00f3ximo a casas e ao recinto de rodeio. O fogo consumiu a palha da cana\u2011de\u2011a\u00e7\u00facar e foi controlado pelas equipes de combate. Na manh\u00e3 de\u2026","rel":"","context":"In &quot;Not\u00edcias de Ribeir\u00e3o Preto-SP e Regi\u00e3o&quot;","block_context":{"text":"Not\u00edcias de Ribeir\u00e3o Preto-SP e Regi\u00e3o","link":"https:\/\/noticiasribeiraopreto.com.br\/index.php\/category\/noticias-de-ribeirao-preto-sp-e-regiao-ismael-colosi\/"},"img":{"alt_text":"","src":"https:\/\/i0.wp.com\/noticiasribeiraopreto.com.br\/wp-content\/uploads\/2026\/04\/WhatsApp-Image-2026-04-21-at-10.26.27_2026-04-21_13-29-56.webp.webp?fit=1200%2C675&ssl=1&resize=350%2C200","width":350,"height":200,"srcset":"https:\/\/i0.wp.com\/noticiasribeiraopreto.com.br\/wp-content\/uploads\/2026\/04\/WhatsApp-Image-2026-04-21-at-10.26.27_2026-04-21_13-29-56.webp.webp?fit=1200%2C675&ssl=1&resize=350%2C200 1x, https:\/\/i0.wp.com\/noticiasribeiraopreto.com.br\/wp-content\/uploads\/2026\/04\/WhatsApp-Image-2026-04-21-at-10.26.27_2026-04-21_13-29-56.webp.webp?fit=1200%2C675&ssl=1&resize=525%2C300 1.5x, https:\/\/i0.wp.com\/noticiasribeiraopreto.com.br\/wp-content\/uploads\/2026\/04\/WhatsApp-Image-2026-04-21-at-10.26.27_2026-04-21_13-29-56.webp.webp?fit=1200%2C675&ssl=1&resize=700%2C400 2x, https:\/\/i0.wp.com\/noticiasribeiraopreto.com.br\/wp-content\/uploads\/2026\/04\/WhatsApp-Image-2026-04-21-at-10.26.27_2026-04-21_13-29-56.webp.webp?fit=1200%2C675&ssl=1&resize=1050%2C600 3x"},"classes":[]},{"id":79028,"url":"https:\/\/noticiasribeiraopreto.com.br\/index.php\/2025\/10\/23\/ar-seco-ganha-forca-e-deixa-interior-de-sp-em-alerta-confira-a-previsao\/","url_meta":{"origin":79022,"position":4},"title":"Ar seco ganha for\u00e7a e deixa interior de SP em alerta; Confira a previs\u00e3o","author":"noticiasribeiraopreto.com.br","date":"23 de October de 2025","format":false,"excerpt":"O ar seco ganha for\u00e7a nesta quinta-feira (23) e p\u00f5e grande parte do interior de S\u00e3o Paulo, incluindo a regi\u00e3o de Ribeir\u00e3o Preto, em alerta para a baixa umidade do ar. Segundo a Climatempo, com o sol desde as primeiras horas do dia, os term\u00f4metros devem subir mais e a\u2026","rel":"","context":"In &quot;Not\u00edcias de Ribeir\u00e3o Preto-SP e Regi\u00e3o&quot;","block_context":{"text":"Not\u00edcias de Ribeir\u00e3o Preto-SP e Regi\u00e3o","link":"https:\/\/noticiasribeiraopreto.com.br\/index.php\/category\/noticias-de-ribeirao-preto-sp-e-regiao-ismael-colosi\/"},"img":{"alt_text":"","src":"https:\/\/i0.wp.com\/noticiasribeiraopreto.com.br\/wp-content\/uploads\/2025\/10\/WhatsApp-Image-2024-04-20-at-12.37.53-1024x576.webp.webp?fit=1024%2C576&ssl=1&resize=350%2C200","width":350,"height":200,"srcset":"https:\/\/i0.wp.com\/noticiasribeiraopreto.com.br\/wp-content\/uploads\/2025\/10\/WhatsApp-Image-2024-04-20-at-12.37.53-1024x576.webp.webp?fit=1024%2C576&ssl=1&resize=350%2C200 1x, https:\/\/i0.wp.com\/noticiasribeiraopreto.com.br\/wp-content\/uploads\/2025\/10\/WhatsApp-Image-2024-04-20-at-12.37.53-1024x576.webp.webp?fit=1024%2C576&ssl=1&resize=525%2C300 1.5x, https:\/\/i0.wp.com\/noticiasribeiraopreto.com.br\/wp-content\/uploads\/2025\/10\/WhatsApp-Image-2024-04-20-at-12.37.53-1024x576.webp.webp?fit=1024%2C576&ssl=1&resize=700%2C400 2x"},"classes":[]},{"id":58239,"url":"https:\/\/noticiasribeiraopreto.com.br\/index.php\/2024\/09\/22\/moradores-registram-incendio-de-grandes-proporcoes-em-ribeirao-preto-video\/","url_meta":{"origin":79022,"position":5},"title":"Moradores registram inc\u00eandio de grandes propor\u00e7\u00f5es em Ribeir\u00e3o Preto; V\u00eddeo","author":"noticiasribeiraopreto.com.br","date":"22 de September de 2024","format":false,"excerpt":"Um inc\u00eandio de grandes propor\u00e7\u00f5es assustou moradores dos bairros C\u00e2ndido Portinari e Jardim Ouro Branco, na zona Leste de Ribeir\u00e3o Preto, na noite do \u00faltimo s\u00e1bado (21). O fogo atingiu uma \u00e1rea de vegeta\u00e7\u00e3o \u2013 veja o v\u00eddeo abaixo. VEJA O V\u00cdDEO Ver essa foto no Instagram Uma publica\u00e7\u00e3o compartilhada\u2026","rel":"","context":"In &quot;Not\u00edcias de Ribeir\u00e3o Preto-SP e Regi\u00e3o&quot;","block_context":{"text":"Not\u00edcias de Ribeir\u00e3o Preto-SP e Regi\u00e3o","link":"https:\/\/noticiasribeiraopreto.com.br\/index.php\/category\/noticias-de-ribeirao-preto-sp-e-regiao-ismael-colosi\/"},"img":{"alt_text":"","src":"https:\/\/i0.wp.com\/noticiasribeiraopreto.com.br\/wp-content\/uploads\/2024\/09\/incendio-ribeirao-preto_2024-09-22_15-26-54_jpg_2024-09-22_15-26-55.webp.webp?fit=1200%2C775&ssl=1&resize=350%2C200","width":350,"height":200,"srcset":"https:\/\/i0.wp.com\/noticiasribeiraopreto.com.br\/wp-content\/uploads\/2024\/09\/incendio-ribeirao-preto_2024-09-22_15-26-54_jpg_2024-09-22_15-26-55.webp.webp?fit=1200%2C775&ssl=1&resize=350%2C200 1x, https:\/\/i0.wp.com\/noticiasribeiraopreto.com.br\/wp-content\/uploads\/2024\/09\/incendio-ribeirao-preto_2024-09-22_15-26-54_jpg_2024-09-22_15-26-55.webp.webp?fit=1200%2C775&ssl=1&resize=525%2C300 1.5x, https:\/\/i0.wp.com\/noticiasribeiraopreto.com.br\/wp-content\/uploads\/2024\/09\/incendio-ribeirao-preto_2024-09-22_15-26-54_jpg_2024-09-22_15-26-55.webp.webp?fit=1200%2C775&ssl=1&resize=700%2C400 2x, https:\/\/i0.wp.com\/noticiasribeiraopreto.com.br\/wp-content\/uploads\/2024\/09\/incendio-ribeirao-preto_2024-09-22_15-26-54_jpg_2024-09-22_15-26-55.webp.webp?fit=1200%2C775&ssl=1&resize=1050%2C600 3x"},"classes":[]}],"jetpack_sharing_enabled":true,"jetpack_shortlink":"https:\/\/wp.me\/peQAOb-kyy","_links":{"self":[{"href":"https:\/\/noticiasribeiraopreto.com.br\/index.php\/wp-json\/wp\/v2\/posts\/79022","targetHints":{"allow":["GET"]}}],"collection":[{"href":"https:\/\/noticiasribeiraopreto.com.br\/index.php\/wp-json\/wp\/v2\/posts"}],"about":[{"href":"https:\/\/noticiasribeiraopreto.com.br\/index.php\/wp-json\/wp\/v2\/types\/post"}],"author":[{"embeddable":true,"href":"https:\/\/noticiasribeiraopreto.com.br\/index.php\/wp-json\/wp\/v2\/users\/1"}],"replies":[{"embeddable":true,"href":"https:\/\/noticiasribeiraopreto.com.br\/index.php\/wp-json\/wp\/v2\/comments?post=79022"}],"version-history":[{"count":0,"href":"https:\/\/noticiasribeiraopreto.com.br\/index.php\/wp-json\/wp\/v2\/posts\/79022\/revisions"}],"wp:featuredmedia":[{"embeddable":true,"href":"https:\/\/noticiasribeiraopreto.com.br\/index.php\/wp-json\/wp\/v2\/media\/79023"}],"wp:attachment":[{"href":"https:\/\/noticiasribeiraopreto.com.br\/index.php\/wp-json\/wp\/v2\/media?parent=79022"}],"wp:term":[{"taxonomy":"category","embeddable":true,"href":"https:\/\/noticiasribeiraopreto.com.br\/index.php\/wp-json\/wp\/v2\/categories?post=79022"},{"taxonomy":"post_tag","embeddable":true,"href":"https:\/\/noticiasribeiraopreto.com.br\/index.php\/wp-json\/wp\/v2\/tags?post=79022"}],"curies":[{"name":"wp","href":"https:\/\/api.w.org\/{rel}","templated":true}]}}