{"id":79024,"date":"2025-10-22T21:26:16","date_gmt":"2025-10-23T00:26:16","guid":{"rendered":"https:\/\/noticiasribeiraopreto.com.br\/index.php\/2025\/10\/22\/justica-concede-prisao-domiciliar-a-cabeleireira-investigada-por-venda-de-canetas-para-emagrecer\/"},"modified":"2025-10-22T21:26:16","modified_gmt":"2025-10-23T00:26:16","slug":"justica-concede-prisao-domiciliar-a-cabeleireira-investigada-por-venda-de-canetas-para-emagrecer","status":"publish","type":"post","link":"https:\/\/noticiasribeiraopreto.com.br\/index.php\/2025\/10\/22\/justica-concede-prisao-domiciliar-a-cabeleireira-investigada-por-venda-de-canetas-para-emagrecer\/","title":{"rendered":"Justi\u00e7a concede pris\u00e3o domiciliar a cabeleireira investigada por venda de canetas para emagrecer"},"content":{"rendered":"<div class='code-block code-block-1' style='margin: 8px 0 8px auto; text-align: right; display: block; clear: both;'>\n<p><a href=\"https:\/\/wa.link\/vpicfd\"><img data-recalc-dims=\"1\" class=\"wp-image-4922\" style=\"aspect-ratio: 2.0253164556962027; width: 561px; height: auto;\" src=\"https:\/\/i0.wp.com\/ismaelcolosi.com.br\/wp-content\/uploads\/2023\/11\/grupo-de-empregos-whatsapp-e-facebook-ismael-colosi-vagas.jpg?ssl=1\" alt=\"\" \/><\/a><\/p>\n<!-- \/wp:image -->\n<\/div>\n<p> <br \/>\n<\/p>\n<div data-td-block-uid=\"tdi_95\">\n<div class=\"tdb-block-inner td-fix-index\">\n<p>O <strong>Tribunal de Justi\u00e7a do Estado de S\u00e3o Paulo<\/strong> determinou <strong>pris\u00e3o domiciliar para a cabeleireira La\u00eds Samara Alonso<\/strong>, presa na ter\u00e7a-feira (21) em Jaboticabal, na regi\u00e3o de Ribeir\u00e3o Preto, por comercializar canetas emagrecedoras em seu pr\u00f3prio sal\u00e3o de beleza. A decis\u00e3o ocorreu ap\u00f3s audi\u00eancia de cust\u00f3dia realizada na quarta-feira (22).<\/p>\n<p>Segundo informa\u00e7\u00f5es do TJ,<strong> La\u00eds poder\u00e1 sair apenas para levar os filhos \u00e0 escola ou por motivos m\u00e9dicos devidamente comprovados.<\/strong> A cabeleireira responde por crime contra a sa\u00fade p\u00fablica, conforme explicou o delegado Oswaldo Jos\u00e9 da Silva. A defesa da acusada informou que se manifestar\u00e1 futuramente sobre o caso.<\/p>\n<h2 class=\"wp-block-heading\"><strong>Pris\u00e3o<\/strong><\/h2>\n<p>A pris\u00e3o ocorreu ap\u00f3s den\u00fancia an\u00f4nima, que levou a pol\u00edcia ao sal\u00e3o de La\u00eds, <strong>onde foram apreendidas 14 unidades de canetas emagrecedoras <\/strong>prontas para venda. Al\u00e9m dos produtos, policiais recolheram materiais que faziam parte dos kits vendidos aos clientes.<\/p>\n<figure class=\"wp-block-image size-large\"><img data-recalc-dims=\"1\" fetchpriority=\"high\" decoding=\"async\" width=\"1024\" height=\"576\" src=\"https:\/\/i0.wp.com\/cdn.media-acidadeon.com.br\/ribeiraopreto\/wp-content\/uploads\/sites\/3\/2025\/10\/Copia-de-Copia-de-Copia-de-TAMANHO-EXATO-PARA-FOTOS-NO-SISTEMA-NOVO-2025-10-21T190418.930_2025-10-21_22-04-26-1024x576.webp?resize=1024%2C576&#038;ssl=1\" alt=\"Pol\u00edcia apreende canetas emagrecedoras com cabeleireira de Jaboticabal - Foto: Reprodu\u00e7\u00e3o\/ Pol\u00edcia Civil\" class=\"wp-image-133058\" title=\"Justi\u00e7a concede pris\u00e3o domiciliar a cabeleireira investigada por venda de canetas para emagrecer 1\" srcset=\"https:\/\/cdn.media-acidadeon.com.br\/ribeiraopreto\/wp-content\/uploads\/sites\/3\/2025\/10\/Copia-de-Copia-de-Copia-de-TAMANHO-EXATO-PARA-FOTOS-NO-SISTEMA-NOVO-2025-10-21T190418.930_2025-10-21_22-04-26-1024x576.webp 1024w, https:\/\/cdn.media-acidadeon.com.br\/ribeiraopreto\/wp-content\/uploads\/sites\/3\/2025\/10\/Copia-de-Copia-de-Copia-de-TAMANHO-EXATO-PARA-FOTOS-NO-SISTEMA-NOVO-2025-10-21T190418.930_2025-10-21_22-04-26-300x169.webp 300w, https:\/\/cdn.media-acidadeon.com.br\/ribeiraopreto\/wp-content\/uploads\/sites\/3\/2025\/10\/Copia-de-Copia-de-Copia-de-TAMANHO-EXATO-PARA-FOTOS-NO-SISTEMA-NOVO-2025-10-21T190418.930_2025-10-21_22-04-26-768x432.webp 768w, https:\/\/cdn.media-acidadeon.com.br\/ribeiraopreto\/wp-content\/uploads\/sites\/3\/2025\/10\/Copia-de-Copia-de-Copia-de-TAMANHO-EXATO-PARA-FOTOS-NO-SISTEMA-NOVO-2025-10-21T190418.930_2025-10-21_22-04-26-696x392.webp 696w, https:\/\/cdn.media-acidadeon.com.br\/ribeiraopreto\/wp-content\/uploads\/sites\/3\/2025\/10\/Copia-de-Copia-de-Copia-de-TAMANHO-EXATO-PARA-FOTOS-NO-SISTEMA-NOVO-2025-10-21T190418.930_2025-10-21_22-04-26-1068x601.webp 1068w, https:\/\/cdn.media-acidadeon.com.br\/ribeiraopreto\/wp-content\/uploads\/sites\/3\/2025\/10\/Copia-de-Copia-de-Copia-de-TAMANHO-EXATO-PARA-FOTOS-NO-SISTEMA-NOVO-2025-10-21T190418.930_2025-10-21_22-04-26.webp 1200w\" sizes=\"(max-width: 1024px) 100vw, 1024px\"\/><figcaption class=\"wp-element-caption\">Pol\u00edcia apreende canetas emagrecedoras com cabeleireira de Jaboticabal \u2013 Foto: Reprodu\u00e7\u00e3o\/ Pol\u00edcia Civil<\/figcaption><\/figure>\n<p>Renata Zanini Pacheco, <strong>coordenadora-chefe da Vigil\u00e2ncia Sanit\u00e1ria de Jaboticabal, explicou que o sal\u00e3o funcionava sem licen\u00e7a<\/strong>. <\/p>\n<figure class=\"wp-block-pullquote\">\n<blockquote>\n<p>Ela n\u00e3o tinha autoriza\u00e7\u00e3o para atuar como sal\u00e3o de beleza, muito menos para aplicar medicamentos. O estabelecimento n\u00e3o \u00e9 reconhecido como unidade de sa\u00fade e n\u00e3o conta com profissionais habilitados para manusear medicamentos com seguran\u00e7a<\/p>\n<p><cite>afirmou<\/cite><\/p><\/blockquote>\n<\/figure>\n<h3 class=\"wp-block-heading\"><strong>Canetas na geladeira<\/strong><\/h3>\n<p>As canetas eram armazenadas na geladeira da resid\u00eancia de La\u00eds, localizada em frente ao sal\u00e3o. <strong>A venda ocorria por meio de an\u00fancios nas redes sociais<\/strong>, onde a cabeleireira prometia resultados r\u00e1pidos, compartilhando fotos de antes e depois. Um dos an\u00fancios oferecia o produto em dez parcelas de R$ 130, com entrega para todo o pa\u00eds.<\/p>\n<figure class=\"wp-block-gallery has-nested-images columns-default is-cropped wp-block-gallery-1 is-layout-flex wp-block-gallery-is-layout-flex\">\n<figure class=\"wp-block-image size-large\"><img data-recalc-dims=\"1\" loading=\"lazy\" decoding=\"async\" width=\"616\" height=\"616\" data-id=\"133195\" src=\"https:\/\/i0.wp.com\/cdn.media-acidadeon.com.br\/ribeiraopreto\/wp-content\/uploads\/sites\/3\/2025\/10\/image_2025-10-22_22-07-55-edited.webp?resize=616%2C616&#038;ssl=1\" alt=\"image 2025 10 22 22 07 55 edited\" class=\"wp-image-133195\" title=\"Justi\u00e7a concede pris\u00e3o domiciliar a cabeleireira investigada por venda de canetas para emagrecer 2\" srcset=\"https:\/\/cdn.media-acidadeon.com.br\/ribeiraopreto\/wp-content\/uploads\/sites\/3\/2025\/10\/image_2025-10-22_22-07-55-edited.webp 616w, https:\/\/cdn.media-acidadeon.com.br\/ribeiraopreto\/wp-content\/uploads\/sites\/3\/2025\/10\/image_2025-10-22_22-07-55-edited-300x300.webp 300w, https:\/\/cdn.media-acidadeon.com.br\/ribeiraopreto\/wp-content\/uploads\/sites\/3\/2025\/10\/image_2025-10-22_22-07-55-edited-150x150.webp 150w\" sizes=\"auto, (max-width: 616px) 100vw, 616px\"\/><\/figure>\n<figure class=\"wp-block-image size-large\"><img data-recalc-dims=\"1\" loading=\"lazy\" decoding=\"async\" width=\"984\" height=\"616\" data-id=\"133057\" src=\"https:\/\/i0.wp.com\/cdn.media-acidadeon.com.br\/ribeiraopreto\/wp-content\/uploads\/sites\/3\/2025\/10\/image_2025-10-21_21-58-25.webp?resize=984%2C616&#038;ssl=1\" alt=\"image 2025 10 21 21 58 25\" class=\"wp-image-133057\" title=\"Justi\u00e7a concede pris\u00e3o domiciliar a cabeleireira investigada por venda de canetas para emagrecer 3\" srcset=\"https:\/\/cdn.media-acidadeon.com.br\/ribeiraopreto\/wp-content\/uploads\/sites\/3\/2025\/10\/image_2025-10-21_21-58-25.webp 984w, https:\/\/cdn.media-acidadeon.com.br\/ribeiraopreto\/wp-content\/uploads\/sites\/3\/2025\/10\/image_2025-10-21_21-58-25-300x188.webp 300w, https:\/\/cdn.media-acidadeon.com.br\/ribeiraopreto\/wp-content\/uploads\/sites\/3\/2025\/10\/image_2025-10-21_21-58-25-768x481.webp 768w, https:\/\/cdn.media-acidadeon.com.br\/ribeiraopreto\/wp-content\/uploads\/sites\/3\/2025\/10\/image_2025-10-21_21-58-25-696x436.webp 696w\" sizes=\"auto, (max-width: 984px) 100vw, 984px\"\/><\/figure>\n<\/figure>\n<hr class=\"wp-block-separator has-alpha-channel-opacity\"\/>\n<p>SAIBA MAIS<\/p>\n<p>Cohab anuncia edital com 30 im\u00f3veis \u00e0 venda em Ribeir\u00e3o e regi\u00e3o; Saiba como participar<\/p>\n<h2 class=\"wp-block-heading\"><strong>FIQUE ON<\/strong><\/h2>\n<p>Fique ligado em tudo que acontece em Ribeir\u00e3o Preto e regi\u00e3o. Siga os perfis do\u00a0<strong>acidade on<\/strong>\u00a0no\u00a0<a href=\"https:\/\/www.instagram.com\/acidadeonribeirao\" target=\"_blank\" rel=\"noreferrer noopener\">Instagram\u00a0<\/a>e no<a href=\"https:\/\/www.facebook.com\/acidadeonribeirao\/\" target=\"_blank\" rel=\"noreferrer noopener\">\u00a0Facebook<\/a>.<\/p>\n<p>Receba not\u00edcias do\u00a0<strong>acidade on<\/strong>\u00a0no WhatsApp. Para entrar no grupo,\u00a0basta\u00a0<a href=\"https:\/\/chat.whatsapp.com\/I4nieTEMKlf50pJ28aMemC?mode=ac_t\" target=\"_blank\" rel=\"noreferrer noopener\">clicar aqui<\/a>. Ou, acesse o nosso\u00a0Canal<a href=\"https:\/\/whatsapp.com\/channel\/0029Vb6IQl1JENyAeS57fk2p\" target=\"_blank\" rel=\"noreferrer noopener\">\u00a0clicando aqui<\/a>.<\/p>\n<p>Fa\u00e7a uma den\u00fancia ou sugira uma reportagem sobre Ribeir\u00e3o Preto e regi\u00e3o pelo WhatsApp: 16 99117 7802.<\/p>\n<p>VEJA TAMB\u00c9M<\/p>\n<p>Quem ser\u00e1 Kratos na s\u00e9rie de \u2018God of War\u2019?<\/p>\n<p><!-- AI CONTENT END 1 -->\n<\/div>\n<\/div>\n<p><script async src=\"\/\/www.instagram.com\/embed.js\"><\/script><br \/>\n<br \/><br \/>\n<br \/><a href=\"https:\/\/www.acidadeon.com\/ribeiraopreto\/cotidiano\/justica-concede-prisao-domiciliar-a-cabeleireira-investigada-por-venda-de-canetas-para-emagrecer\/\">Source link <\/a><\/p>\n<!-- CONTENT END 1 -->\n","protected":false},"excerpt":{"rendered":"<p>O Tribunal de Justi\u00e7a do Estado de S\u00e3o Paulo determinou pris\u00e3o domiciliar para a cabeleireira La\u00eds Samara Alonso, presa na ter\u00e7a-feira (21) em Jaboticabal, na&#8230;<\/p>\n","protected":false},"author":1,"featured_media":79025,"comment_status":"open","ping_status":"open","sticky":false,"template":"","format":"standard","meta":{"advanced_seo_description":"","jetpack_seo_html_title":"","jetpack_seo_noindex":false,"jetpack_post_was_ever_published":false,"_jetpack_newsletter_access":"","_jetpack_dont_email_post_to_subs":false,"_jetpack_newsletter_tier_id":0,"_jetpack_memberships_contains_paywalled_content":false,"_jetpack_memberships_contains_paid_content":false,"footnotes":"","jetpack_publicize_message":"","jetpack_publicize_feature_enabled":true,"jetpack_social_post_already_shared":true,"jetpack_social_options":{"image_generator_settings":{"template":"highway","default_image_id":0,"font":"","enabled":false},"version":2}},"categories":[11],"tags":[],"class_list":["post-79024","post","type-post","status-publish","format-standard","has-post-thumbnail","hentry","category-noticias-de-ribeirao-preto-sp-e-regiao-ismael-colosi"],"jetpack_publicize_connections":[],"jetpack_featured_media_url":"https:\/\/i0.wp.com\/noticiasribeiraopreto.com.br\/wp-content\/uploads\/2025\/10\/Copia-de-Copia-de-Copia-de-TAMANHO-EXATO-PARA-FOTOS-NO-SISTEMA-NOVO-2025-10-22T191950.572_2025-10-22_22-20-01.webp.webp?fit=1200%2C675&ssl=1","jetpack-related-posts":[{"id":78958,"url":"https:\/\/noticiasribeiraopreto.com.br\/index.php\/2025\/10\/21\/policia-prende-cabeleireira-suspeita-de-vender-canetas-emagrecedoras-em-salao-de-beleza\/","url_meta":{"origin":79024,"position":0},"title":"Pol\u00edcia prende cabeleireira suspeita de vender canetas emagrecedoras em sal\u00e3o de beleza","author":"noticiasribeiraopreto.com.br","date":"21 de October de 2025","format":false,"excerpt":"Uma cabeleireira de Jaboticabal, na regi\u00e3o de Ribeir\u00e3o Preto, foi presa em flagrante nesta ter\u00e7a-feira (21) por suspeita de vender canetas emagrecedoras dentro do pr\u00f3prio sal\u00e3o de beleza. A a\u00e7\u00e3o ocorreu ap\u00f3s den\u00fancia an\u00f4nima que levou a pol\u00edcia at\u00e9 o local. Os investigadores apreenderam 14 unidades do produto, prontas para\u2026","rel":"","context":"In &quot;Not\u00edcias de Ribeir\u00e3o Preto-SP e Regi\u00e3o&quot;","block_context":{"text":"Not\u00edcias de Ribeir\u00e3o Preto-SP e Regi\u00e3o","link":"https:\/\/noticiasribeiraopreto.com.br\/index.php\/category\/noticias-de-ribeirao-preto-sp-e-regiao-ismael-colosi\/"},"img":{"alt_text":"","src":"https:\/\/i0.wp.com\/noticiasribeiraopreto.com.br\/wp-content\/uploads\/2025\/10\/Copia-de-Copia-de-Copia-de-TAMANHO-EXATO-PARA-FOTOS-NO-SISTEMA-NOVO-2025-10-21T190418.930_2025-10-21_22-04-26.webp.webp?fit=1200%2C675&ssl=1&resize=350%2C200","width":350,"height":200,"srcset":"https:\/\/i0.wp.com\/noticiasribeiraopreto.com.br\/wp-content\/uploads\/2025\/10\/Copia-de-Copia-de-Copia-de-TAMANHO-EXATO-PARA-FOTOS-NO-SISTEMA-NOVO-2025-10-21T190418.930_2025-10-21_22-04-26.webp.webp?fit=1200%2C675&ssl=1&resize=350%2C200 1x, https:\/\/i0.wp.com\/noticiasribeiraopreto.com.br\/wp-content\/uploads\/2025\/10\/Copia-de-Copia-de-Copia-de-TAMANHO-EXATO-PARA-FOTOS-NO-SISTEMA-NOVO-2025-10-21T190418.930_2025-10-21_22-04-26.webp.webp?fit=1200%2C675&ssl=1&resize=525%2C300 1.5x, https:\/\/i0.wp.com\/noticiasribeiraopreto.com.br\/wp-content\/uploads\/2025\/10\/Copia-de-Copia-de-Copia-de-TAMANHO-EXATO-PARA-FOTOS-NO-SISTEMA-NOVO-2025-10-21T190418.930_2025-10-21_22-04-26.webp.webp?fit=1200%2C675&ssl=1&resize=700%2C400 2x, https:\/\/i0.wp.com\/noticiasribeiraopreto.com.br\/wp-content\/uploads\/2025\/10\/Copia-de-Copia-de-Copia-de-TAMANHO-EXATO-PARA-FOTOS-NO-SISTEMA-NOVO-2025-10-21T190418.930_2025-10-21_22-04-26.webp.webp?fit=1200%2C675&ssl=1&resize=1050%2C600 3x"},"classes":[]},{"id":78982,"url":"https:\/\/noticiasribeiraopreto.com.br\/index.php\/2025\/10\/22\/cabeleireira-e-presa-por-vender-canetas-emagrecedoras-em-salao-de-beleza\/","url_meta":{"origin":79024,"position":1},"title":"Cabeleireira \u00e9 presa por vender canetas emagrecedoras em sal\u00e3o de beleza","author":"noticiasribeiraopreto.com.br","date":"22 de October de 2025","format":false,"excerpt":"Ela anunciava os produtos em redes sociais e h\u00e1 suspeitas de que tamb\u00e9m fizesse aplica\u00e7\u00f5es; um dos rem\u00e9dios n\u00e3o tem registro na Anvisa 22 de outubro de 2025 10:392 Compartilhar1 Por: Adalberto Luque Uma mulher foi presa na ter\u00e7a-feira, 21 de outubro, ap\u00f3s ser flagrada com canetas emagrecedoras e seringas\u2026","rel":"","context":"In &quot;Not\u00edcias de Ribeir\u00e3o Preto-SP e Regi\u00e3o&quot;","block_context":{"text":"Not\u00edcias de Ribeir\u00e3o Preto-SP e Regi\u00e3o","link":"https:\/\/noticiasribeiraopreto.com.br\/index.php\/category\/noticias-de-ribeirao-preto-sp-e-regiao-ismael-colosi\/"},"img":{"alt_text":"","src":"https:\/\/i0.wp.com\/noticiasribeiraopreto.com.br\/wp-content\/uploads\/2025\/10\/22-out-2025-canetasfalsas1.jpg?fit=782%2C780&ssl=1&resize=350%2C200","width":350,"height":200,"srcset":"https:\/\/i0.wp.com\/noticiasribeiraopreto.com.br\/wp-content\/uploads\/2025\/10\/22-out-2025-canetasfalsas1.jpg?fit=782%2C780&ssl=1&resize=350%2C200 1x, https:\/\/i0.wp.com\/noticiasribeiraopreto.com.br\/wp-content\/uploads\/2025\/10\/22-out-2025-canetasfalsas1.jpg?fit=782%2C780&ssl=1&resize=525%2C300 1.5x, https:\/\/i0.wp.com\/noticiasribeiraopreto.com.br\/wp-content\/uploads\/2025\/10\/22-out-2025-canetasfalsas1.jpg?fit=782%2C780&ssl=1&resize=700%2C400 2x"},"classes":[]},{"id":75817,"url":"https:\/\/noticiasribeiraopreto.com.br\/index.php\/2025\/08\/15\/entenda-o-que-levou-a-revogacao-da-prisao-domiciliar-de-ana-pink\/","url_meta":{"origin":79024,"position":2},"title":"Entenda o que levou \u00e0 revoga\u00e7\u00e3o da pris\u00e3o domiciliar de Ana Pink","author":"noticiasribeiraopreto.com.br","date":"15 de August de 2025","format":false,"excerpt":"A Justi\u00e7a de Ribeir\u00e3o Preto decidiu cancelar o benef\u00edcio de pris\u00e3o domiciliar da empres\u00e1ria e influenciadora Ana Pink, ap\u00f3s pedido do Minist\u00e9rio P\u00fablico (MP), devido a perman\u00eancias longas fora de casa. De acordo com o \u00f3rg\u00e3o, Ana Paula Ferreira teria descumprido as regras da pris\u00e3o domiciliar diversas vezes sem justificativa,\u2026","rel":"","context":"In &quot;Not\u00edcias de Ribeir\u00e3o Preto-SP e Regi\u00e3o&quot;","block_context":{"text":"Not\u00edcias de Ribeir\u00e3o Preto-SP e Regi\u00e3o","link":"https:\/\/noticiasribeiraopreto.com.br\/index.php\/category\/noticias-de-ribeirao-preto-sp-e-regiao-ismael-colosi\/"},"img":{"alt_text":"","src":"https:\/\/i0.wp.com\/noticiasribeiraopreto.com.br\/wp-content\/uploads\/2025\/08\/Copia-de-Copia-de-Copia-de-TAMANHO-EXATO-PARA-FOTOS-NO-SISTEMA-NOVO-2025-08-15T205315.349_2025-08-15_23-53-33-1024x576.webp.webp?fit=1024%2C576&ssl=1&resize=350%2C200","width":350,"height":200,"srcset":"https:\/\/i0.wp.com\/noticiasribeiraopreto.com.br\/wp-content\/uploads\/2025\/08\/Copia-de-Copia-de-Copia-de-TAMANHO-EXATO-PARA-FOTOS-NO-SISTEMA-NOVO-2025-08-15T205315.349_2025-08-15_23-53-33-1024x576.webp.webp?fit=1024%2C576&ssl=1&resize=350%2C200 1x, https:\/\/i0.wp.com\/noticiasribeiraopreto.com.br\/wp-content\/uploads\/2025\/08\/Copia-de-Copia-de-Copia-de-TAMANHO-EXATO-PARA-FOTOS-NO-SISTEMA-NOVO-2025-08-15T205315.349_2025-08-15_23-53-33-1024x576.webp.webp?fit=1024%2C576&ssl=1&resize=525%2C300 1.5x, https:\/\/i0.wp.com\/noticiasribeiraopreto.com.br\/wp-content\/uploads\/2025\/08\/Copia-de-Copia-de-Copia-de-TAMANHO-EXATO-PARA-FOTOS-NO-SISTEMA-NOVO-2025-08-15T205315.349_2025-08-15_23-53-33-1024x576.webp.webp?fit=1024%2C576&ssl=1&resize=700%2C400 2x"},"classes":[]},{"id":70893,"url":"https:\/\/noticiasribeiraopreto.com.br\/index.php\/2025\/05\/30\/caso-larissa-justica-nega-prisao-domiciliar-a-sogra-suspeita-de-matar-professora\/","url_meta":{"origin":79024,"position":3},"title":"Caso Larissa: Justi\u00e7a nega pris\u00e3o domiciliar \u00e0 sogra suspeita de matar professora","author":"noticiasribeiraopreto.com.br","date":"30 de May de 2025","format":false,"excerpt":"A Justi\u00e7a negou, no final da tarde desta sexta-feira (30), o pedido de pris\u00e3o domiciliar feito pela defesa de Elizabete Arraba\u00e7a, sogra de Larissa Rodrigues, professora de pilates morta por envenenamento. O juiz da 2\u00aa Vara do Tribunal do J\u00fari negou o pedido ao considerar que a requerente n\u00e3o preenche\u2026","rel":"","context":"In &quot;Not\u00edcias de Ribeir\u00e3o Preto-SP e Regi\u00e3o&quot;","block_context":{"text":"Not\u00edcias de Ribeir\u00e3o Preto-SP e Regi\u00e3o","link":"https:\/\/noticiasribeiraopreto.com.br\/index.php\/category\/noticias-de-ribeirao-preto-sp-e-regiao-ismael-colosi\/"},"img":{"alt_text":"","src":"https:\/\/i0.wp.com\/noticiasribeiraopreto.com.br\/wp-content\/uploads\/2025\/05\/WhatsApp-Image-2025-05-07-at-08.08.58_2025-05-07_11-09-16.webp.webp?fit=1200%2C675&ssl=1&resize=350%2C200","width":350,"height":200,"srcset":"https:\/\/i0.wp.com\/noticiasribeiraopreto.com.br\/wp-content\/uploads\/2025\/05\/WhatsApp-Image-2025-05-07-at-08.08.58_2025-05-07_11-09-16.webp.webp?fit=1200%2C675&ssl=1&resize=350%2C200 1x, https:\/\/i0.wp.com\/noticiasribeiraopreto.com.br\/wp-content\/uploads\/2025\/05\/WhatsApp-Image-2025-05-07-at-08.08.58_2025-05-07_11-09-16.webp.webp?fit=1200%2C675&ssl=1&resize=525%2C300 1.5x, https:\/\/i0.wp.com\/noticiasribeiraopreto.com.br\/wp-content\/uploads\/2025\/05\/WhatsApp-Image-2025-05-07-at-08.08.58_2025-05-07_11-09-16.webp.webp?fit=1200%2C675&ssl=1&resize=700%2C400 2x, https:\/\/i0.wp.com\/noticiasribeiraopreto.com.br\/wp-content\/uploads\/2025\/05\/WhatsApp-Image-2025-05-07-at-08.08.58_2025-05-07_11-09-16.webp.webp?fit=1200%2C675&ssl=1&resize=1050%2C600 3x"},"classes":[]},{"id":76149,"url":"https:\/\/noticiasribeiraopreto.com.br\/index.php\/2025\/08\/22\/justica-nega-liberdade-a-influenciadora-ana-pink-por-descumprir-prisao-domiciliar\/","url_meta":{"origin":79024,"position":4},"title":"Justi\u00e7a nega liberdade a influenciadora Ana Pink por descumprir pris\u00e3o domiciliar","author":"noticiasribeiraopreto.com.br","date":"22 de August de 2025","format":false,"excerpt":"O Tribunal de Justi\u00e7a de S\u00e3o Paulo (TJ-SP) negou o pedido de liberdade apresentado pela defesa da influenciadora digital e empres\u00e1ria Ana Pink, presa na semana passada por descumprir as medidas cautelares da pris\u00e3o domiciliar. De acordo com o Minist\u00e9rio P\u00fablico (MP), Ana Paula Ferreira deixou a resid\u00eancia por diversas\u2026","rel":"","context":"In &quot;Not\u00edcias de Ribeir\u00e3o Preto-SP e Regi\u00e3o&quot;","block_context":{"text":"Not\u00edcias de Ribeir\u00e3o Preto-SP e Regi\u00e3o","link":"https:\/\/noticiasribeiraopreto.com.br\/index.php\/category\/noticias-de-ribeirao-preto-sp-e-regiao-ismael-colosi\/"},"img":{"alt_text":"","src":"https:\/\/i0.wp.com\/noticiasribeiraopreto.com.br\/wp-content\/uploads\/2025\/08\/ANA-PINK_2025-08-15_15-08-57.webp.webp?fit=1200%2C799&ssl=1&resize=350%2C200","width":350,"height":200,"srcset":"https:\/\/i0.wp.com\/noticiasribeiraopreto.com.br\/wp-content\/uploads\/2025\/08\/ANA-PINK_2025-08-15_15-08-57.webp.webp?fit=1200%2C799&ssl=1&resize=350%2C200 1x, https:\/\/i0.wp.com\/noticiasribeiraopreto.com.br\/wp-content\/uploads\/2025\/08\/ANA-PINK_2025-08-15_15-08-57.webp.webp?fit=1200%2C799&ssl=1&resize=525%2C300 1.5x, https:\/\/i0.wp.com\/noticiasribeiraopreto.com.br\/wp-content\/uploads\/2025\/08\/ANA-PINK_2025-08-15_15-08-57.webp.webp?fit=1200%2C799&ssl=1&resize=700%2C400 2x, https:\/\/i0.wp.com\/noticiasribeiraopreto.com.br\/wp-content\/uploads\/2025\/08\/ANA-PINK_2025-08-15_15-08-57.webp.webp?fit=1200%2C799&ssl=1&resize=1050%2C600 3x"},"classes":[]},{"id":83727,"url":"https:\/\/noticiasribeiraopreto.com.br\/index.php\/2026\/03\/24\/moraes-autoriza-que-bolsonaro-cumpra-pena-em-prisao-domiciliar\/","url_meta":{"origin":79024,"position":5},"title":"Moraes autoriza que Bolsonaro cumpra pena em pris\u00e3o domiciliar","author":"noticiasribeiraopreto.com.br","date":"24 de March de 2026","format":false,"excerpt":"O ministro Alexandre de Moraes autorizou, nesta ter\u00e7a-feira (24), a pris\u00e3o domiciliar tempor\u00e1ria do ex-presidente Jair Bolsonaro. A decis\u00e3o acontece enquanto Bolsonaro permanece internado em um hospital de Bras\u00edlia, onde trata complica\u00e7\u00f5es de sa\u00fade. A pris\u00e3o domiciliar tem validade de 90 dias e ser\u00e1 reanalisada pelo ministro ap\u00f3s esse prazo.\u2026","rel":"","context":"In &quot;Not\u00edcias de Ribeir\u00e3o Preto-SP e Regi\u00e3o&quot;","block_context":{"text":"Not\u00edcias de Ribeir\u00e3o Preto-SP e Regi\u00e3o","link":"https:\/\/noticiasribeiraopreto.com.br\/index.php\/category\/noticias-de-ribeirao-preto-sp-e-regiao-ismael-colosi\/"},"img":{"alt_text":"","src":"https:\/\/i0.wp.com\/noticiasribeiraopreto.com.br\/wp-content\/uploads\/2026\/03\/Copia-de-Copia-de-Copia-de-TAMANHO-EXATO-PARA-FOTOS-NO-SISTEMA-NOVO-2025-09-09T090856.652_2025-09-09_12-09-15.webp.webp?fit=1200%2C675&ssl=1&resize=350%2C200","width":350,"height":200,"srcset":"https:\/\/i0.wp.com\/noticiasribeiraopreto.com.br\/wp-content\/uploads\/2026\/03\/Copia-de-Copia-de-Copia-de-TAMANHO-EXATO-PARA-FOTOS-NO-SISTEMA-NOVO-2025-09-09T090856.652_2025-09-09_12-09-15.webp.webp?fit=1200%2C675&ssl=1&resize=350%2C200 1x, https:\/\/i0.wp.com\/noticiasribeiraopreto.com.br\/wp-content\/uploads\/2026\/03\/Copia-de-Copia-de-Copia-de-TAMANHO-EXATO-PARA-FOTOS-NO-SISTEMA-NOVO-2025-09-09T090856.652_2025-09-09_12-09-15.webp.webp?fit=1200%2C675&ssl=1&resize=525%2C300 1.5x, https:\/\/i0.wp.com\/noticiasribeiraopreto.com.br\/wp-content\/uploads\/2026\/03\/Copia-de-Copia-de-Copia-de-TAMANHO-EXATO-PARA-FOTOS-NO-SISTEMA-NOVO-2025-09-09T090856.652_2025-09-09_12-09-15.webp.webp?fit=1200%2C675&ssl=1&resize=700%2C400 2x, https:\/\/i0.wp.com\/noticiasribeiraopreto.com.br\/wp-content\/uploads\/2026\/03\/Copia-de-Copia-de-Copia-de-TAMANHO-EXATO-PARA-FOTOS-NO-SISTEMA-NOVO-2025-09-09T090856.652_2025-09-09_12-09-15.webp.webp?fit=1200%2C675&ssl=1&resize=1050%2C600 3x"},"classes":[]}],"jetpack_sharing_enabled":true,"jetpack_shortlink":"https:\/\/wp.me\/peQAOb-kyA","_links":{"self":[{"href":"https:\/\/noticiasribeiraopreto.com.br\/index.php\/wp-json\/wp\/v2\/posts\/79024","targetHints":{"allow":["GET"]}}],"collection":[{"href":"https:\/\/noticiasribeiraopreto.com.br\/index.php\/wp-json\/wp\/v2\/posts"}],"about":[{"href":"https:\/\/noticiasribeiraopreto.com.br\/index.php\/wp-json\/wp\/v2\/types\/post"}],"author":[{"embeddable":true,"href":"https:\/\/noticiasribeiraopreto.com.br\/index.php\/wp-json\/wp\/v2\/users\/1"}],"replies":[{"embeddable":true,"href":"https:\/\/noticiasribeiraopreto.com.br\/index.php\/wp-json\/wp\/v2\/comments?post=79024"}],"version-history":[{"count":0,"href":"https:\/\/noticiasribeiraopreto.com.br\/index.php\/wp-json\/wp\/v2\/posts\/79024\/revisions"}],"wp:featuredmedia":[{"embeddable":true,"href":"https:\/\/noticiasribeiraopreto.com.br\/index.php\/wp-json\/wp\/v2\/media\/79025"}],"wp:attachment":[{"href":"https:\/\/noticiasribeiraopreto.com.br\/index.php\/wp-json\/wp\/v2\/media?parent=79024"}],"wp:term":[{"taxonomy":"category","embeddable":true,"href":"https:\/\/noticiasribeiraopreto.com.br\/index.php\/wp-json\/wp\/v2\/categories?post=79024"},{"taxonomy":"post_tag","embeddable":true,"href":"https:\/\/noticiasribeiraopreto.com.br\/index.php\/wp-json\/wp\/v2\/tags?post=79024"}],"curies":[{"name":"wp","href":"https:\/\/api.w.org\/{rel}","templated":true}]}}