{"id":79026,"date":"2025-10-22T21:33:05","date_gmt":"2025-10-23T00:33:05","guid":{"rendered":"https:\/\/noticiasribeiraopreto.com.br\/index.php\/2025\/10\/22\/ribeirao-oferece-cursos-profissionalizantes-gratuitos-em-panificacao-costura-e-informatica-veja-como-se-inscrever\/"},"modified":"2025-10-22T21:33:05","modified_gmt":"2025-10-23T00:33:05","slug":"ribeirao-oferece-cursos-profissionalizantes-gratuitos-em-panificacao-costura-e-informatica-veja-como-se-inscrever","status":"publish","type":"post","link":"https:\/\/noticiasribeiraopreto.com.br\/index.php\/2025\/10\/22\/ribeirao-oferece-cursos-profissionalizantes-gratuitos-em-panificacao-costura-e-informatica-veja-como-se-inscrever\/","title":{"rendered":"Ribeir\u00e3o oferece cursos profissionalizantes gratuitos em panifica\u00e7\u00e3o, costura e inform\u00e1tica; Veja como se inscrever"},"content":{"rendered":"<div class='code-block code-block-1' style='margin: 8px 0 8px auto; text-align: right; display: block; clear: both;'>\n<p><a href=\"https:\/\/wa.link\/vpicfd\"><img data-recalc-dims=\"1\" class=\"wp-image-4922\" style=\"aspect-ratio: 2.0253164556962027; width: 561px; height: auto;\" src=\"https:\/\/i0.wp.com\/ismaelcolosi.com.br\/wp-content\/uploads\/2023\/11\/grupo-de-empregos-whatsapp-e-facebook-ismael-colosi-vagas.jpg?ssl=1\" alt=\"\" \/><\/a><\/p>\n<!-- \/wp:image -->\n<\/div>\n<p> <br \/>\n<\/p>\n<div>\n<p>A <strong>Escola de Educa\u00e7\u00e3o Profissional B\u00e1sica Dr. Celso Charuri<\/strong>, em <strong>Ribeir\u00e3o Preto<\/strong>, anunciou a abertura de vagas para <strong>cursos profissionalizantes gratuitos<\/strong>.<\/p>\n<p>De acordo com a <strong>Prefeitura<\/strong>, as oportunidades s\u00e3o nas \u00e1reas de <strong>Panifica\u00e7\u00e3o<\/strong>, <strong>Costura <\/strong>e <strong>Inform\u00e1tica<\/strong>, com in\u00edcio a partir de novembro \u2013 veja abaixo.<\/p>\n<h2 class=\"wp-block-heading\"><strong>Como se inscrever?<\/strong><\/h2>\n<p>Os interessados devem <strong>procurar a secretaria da unidade escolar<\/strong>, que fica na avenida Luiz Galv\u00e3o C\u00e9sar, 273, no bairro Planalto Verde, de segunda a sexta-feira, das 07h \u00e0s 17h, munidos de c\u00f3pias do RG, comprovante de resid\u00eancia e hist\u00f3rico escolar.<\/p>\n<figure class=\"wp-block-image aligncenter size-large is-resized\"><img data-recalc-dims=\"1\" fetchpriority=\"high\" decoding=\"async\" width=\"1024\" height=\"682\" src=\"https:\/\/i0.wp.com\/cdn.media-acidadeon.com.br\/ribeiraopreto\/wp-content\/uploads\/sites\/3\/2025\/10\/cursos_inclusao_produtiva_costura_-_foto_guilherme_sircili_55-1_2025-10-22_21-33-29-1024x682.webp?resize=1024%2C682&#038;ssl=1\" alt=\"Aulas come\u00e7am a partir de novembro; interessados devem se cadastrar na secretaria da unidade - Foto: Guilherme Sircili.&#10;\" class=\"wp-image-133187\" style=\"width:654px\" title=\"Ribeir\u00e3o oferece cursos profissionalizantes gratuitos em panifica\u00e7\u00e3o, costura e inform\u00e1tica; Veja como se inscrever 1\" srcset=\"https:\/\/cdn.media-acidadeon.com.br\/ribeiraopreto\/wp-content\/uploads\/sites\/3\/2025\/10\/cursos_inclusao_produtiva_costura_-_foto_guilherme_sircili_55-1_2025-10-22_21-33-29-1024x682.webp 1024w, https:\/\/cdn.media-acidadeon.com.br\/ribeiraopreto\/wp-content\/uploads\/sites\/3\/2025\/10\/cursos_inclusao_produtiva_costura_-_foto_guilherme_sircili_55-1_2025-10-22_21-33-29-300x200.webp 300w, https:\/\/cdn.media-acidadeon.com.br\/ribeiraopreto\/wp-content\/uploads\/sites\/3\/2025\/10\/cursos_inclusao_produtiva_costura_-_foto_guilherme_sircili_55-1_2025-10-22_21-33-29-768x511.webp 768w, https:\/\/cdn.media-acidadeon.com.br\/ribeiraopreto\/wp-content\/uploads\/sites\/3\/2025\/10\/cursos_inclusao_produtiva_costura_-_foto_guilherme_sircili_55-1_2025-10-22_21-33-29-696x463.webp 696w, https:\/\/cdn.media-acidadeon.com.br\/ribeiraopreto\/wp-content\/uploads\/sites\/3\/2025\/10\/cursos_inclusao_produtiva_costura_-_foto_guilherme_sircili_55-1_2025-10-22_21-33-29-1068x711.webp 1068w, https:\/\/cdn.media-acidadeon.com.br\/ribeiraopreto\/wp-content\/uploads\/sites\/3\/2025\/10\/cursos_inclusao_produtiva_costura_-_foto_guilherme_sircili_55-1_2025-10-22_21-33-29.webp 1200w\" sizes=\"(max-width: 1024px) 100vw, 1024px\"\/><figcaption class=\"wp-element-caption\">Aulas come\u00e7am a partir de novembro; interessados devem se cadastrar na secretaria da unidade \u2013 Foto: Guilherme Sircili.<br \/>\n<\/figcaption><\/figure>\n<h2 class=\"wp-block-heading\"><strong>Confira as oportunidades<\/strong><\/h2>\n<h3 class=\"wp-block-heading\"><strong>Panifica\u00e7\u00e3o (13h \u00e0s 18h):<\/strong><\/h3>\n<p>Cursos voltados para fabrica\u00e7\u00e3o de pizzas, panetones e produtos natalinos. Destinados a pessoas a partir de 16 anos que tenham conclu\u00eddo o 5\u00ba ano do ensino fundamental.<\/p>\n<ul class=\"wp-block-list\">\n<li>Fabrica\u00e7\u00e3o de pizzas (de 3\/11 a 12\/11) \u2013 11 vagas<\/li>\n<li>Fabrica\u00e7\u00e3o de panetones (de 24\/11 a 28\/11) \u2013 13 vagas<\/li>\n<li>Produtos natalinos (de 2\/12 a 9\/12) \u2013 13 vagas<\/li>\n<\/ul>\n<h3 class=\"wp-block-heading\"><strong>Costura (das 7h \u00e0s 12h):<\/strong><\/h3>\n<p>Aborda adapta\u00e7\u00e3o de moldes industriais e modelagem de camisetas e agasalhos. Destinado a maiores de 18 anos com no\u00e7\u00f5es b\u00e1sicas de costura e ensino fundamental completo.<\/p>\n<ul class=\"wp-block-list\">\n<li>Adapta\u00e7\u00e3o de moldes (de 5\/11 a 28\/11) \u2013 6 vagas<\/li>\n<li>Modelagem industrial (de 1\/12 a 16\/12) \u2013 7 vagas<\/li>\n<\/ul>\n<h3 class=\"wp-block-heading\"><strong>Inform\u00e1tica (das 7h \u00e0s 12h):<\/strong><\/h3>\n<p>Para alunos a partir de 14 anos com ensino fundamental completo, com foco em hardware e sistemas operacionais.<\/p>\n<ul class=\"wp-block-list\">\n<li>Hardware (de 11\/11 a 26\/11) \u2013 15 vagas<\/li>\n<li>Sistema operacional (de 3\/12 a 17\/12) \u2013 14 vagas<\/li>\n<\/ul>\n<p>Al\u00e9m dos cursos de curta dura\u00e7\u00e3o, que variam entre 24h e 160h, a escola tamb\u00e9m oferece forma\u00e7\u00f5es mais longas, com at\u00e9 800h de carga hor\u00e1ria, nas \u00e1reas de mec\u00e2nica de usinagem e eletricista instalador predial, com vagas previstas para 2026.<\/p>\n<h2 class=\"wp-block-heading\"><strong>Servi\u00e7o<\/strong><\/h2>\n<p><em>Escola Municipal de Educa\u00e7\u00e3o Profissional B\u00e1sica Dr. Celso Charuri<\/em><\/p>\n<p>Endere\u00e7o: Av. Lu\u00eds Galv\u00e3o C\u00e9sar, 273 \u2013 Planalto Verde<\/p>\n<p>Inscri\u00e7\u00f5es: Segunda a sexta-feira, das 7h \u00e0s 16h<\/p>\n<p>Informa\u00e7\u00f5es: (16) 3639-9670 | WhatsApp: (16) 99224-6183<\/p>\n<hr class=\"wp-block-separator has-alpha-channel-opacity\"\/>\n<p>SAIBA MAIS<\/p>\n<p>Cohab anuncia edital com 30 im\u00f3veis \u00e0 venda em Ribeir\u00e3o e regi\u00e3o; Saiba como participar<\/p>\n<h2 class=\"wp-block-heading\"><strong>FIQUE ON<\/strong><\/h2>\n<p>Fique ligado em tudo que acontece em Ribeir\u00e3o Preto e regi\u00e3o. Siga os perfis do\u00a0<strong>acidade on<\/strong>\u00a0no\u00a0<a href=\"https:\/\/www.instagram.com\/acidadeonribeirao\" target=\"_blank\" rel=\"noreferrer noopener\">Instagram\u00a0<\/a>e no<a href=\"https:\/\/www.facebook.com\/acidadeonribeirao\/\" target=\"_blank\" rel=\"noreferrer noopener\">\u00a0Facebook<\/a>.<\/p>\n<p>Receba not\u00edcias do\u00a0<strong>acidade on<\/strong>\u00a0no WhatsApp. Para entrar no grupo,\u00a0basta\u00a0<a href=\"https:\/\/chat.whatsapp.com\/I4nieTEMKlf50pJ28aMemC?mode=ac_t\" target=\"_blank\" rel=\"noreferrer noopener\">clicar aqui<\/a>. Ou, acesse o nosso\u00a0Canal<a href=\"https:\/\/whatsapp.com\/channel\/0029Vb6IQl1JENyAeS57fk2p\" target=\"_blank\" rel=\"noreferrer noopener\">\u00a0clicando aqui<\/a>.<\/p>\n<p>Fa\u00e7a uma den\u00fancia ou sugira uma reportagem sobre Ribeir\u00e3o Preto e regi\u00e3o pelo WhatsApp: 16 99117 7802.<\/p>\n<p>VEJA TAMB\u00c9M<\/p>\n<p>Quem ser\u00e1 Kratos na s\u00e9rie de \u2018God of War\u2019?<\/p>\n<p><!-- AI CONTENT END 1 -->\n<\/div>\n<p><script async src=\"\/\/www.instagram.com\/embed.js\"><\/script><br \/>\n<br \/><br \/>\n<br \/><a href=\"https:\/\/www.acidadeon.com\/ribeiraopreto\/economia\/ribeirao-preto-oferece-cursos-profissionalizantes-gratuitos-em-panificacao-costura-e-informatica-veja-como-se-inscrever\/\">Source link <\/a><\/p>\n<!-- CONTENT END 1 -->\n","protected":false},"excerpt":{"rendered":"<p>A Escola de Educa\u00e7\u00e3o Profissional B\u00e1sica Dr. Celso Charuri, em Ribeir\u00e3o Preto, anunciou a abertura de vagas para cursos profissionalizantes gratuitos. De acordo com a&#8230;<\/p>\n","protected":false},"author":1,"featured_media":79027,"comment_status":"open","ping_status":"open","sticky":false,"template":"","format":"standard","meta":{"advanced_seo_description":"","jetpack_seo_html_title":"","jetpack_seo_noindex":false,"jetpack_post_was_ever_published":false,"_jetpack_newsletter_access":"","_jetpack_dont_email_post_to_subs":false,"_jetpack_newsletter_tier_id":0,"_jetpack_memberships_contains_paywalled_content":false,"_jetpack_memberships_contains_paid_content":false,"footnotes":"","jetpack_publicize_message":"","jetpack_publicize_feature_enabled":true,"jetpack_social_post_already_shared":true,"jetpack_social_options":{"image_generator_settings":{"template":"highway","default_image_id":0,"font":"","enabled":false},"version":2}},"categories":[11],"tags":[],"class_list":["post-79026","post","type-post","status-publish","format-standard","has-post-thumbnail","hentry","category-noticias-de-ribeirao-preto-sp-e-regiao-ismael-colosi"],"jetpack_publicize_connections":[],"jetpack_featured_media_url":"https:\/\/i0.wp.com\/noticiasribeiraopreto.com.br\/wp-content\/uploads\/2025\/10\/Copia-de-Copia-de-Copia-de-TAMANHO-EXATO-PARA-FOTOS-NO-SISTEMA-NOVO-2025-10-22T183653.675_2025-10-22_21-36-59.webp.webp?fit=1200%2C675&ssl=1","jetpack-related-posts":[{"id":84766,"url":"https:\/\/noticiasribeiraopreto.com.br\/index.php\/2026\/04\/15\/ribeirao-preto-abre-vagas-para-cursos-profissionalizantes-gratuitos-veja-opcoes\/","url_meta":{"origin":79026,"position":0},"title":"Ribeir\u00e3o Preto abre vagas para cursos profissionalizantes gratuitos; Veja op\u00e7\u00f5es","author":"noticiasribeiraopreto.com.br","date":"15 de April de 2026","format":false,"excerpt":"Ler o resumo da not\u00edcia Escola de Educa\u00e7\u00e3o Profissional Dr. Celso Charuri, em Ribeir\u00e3o Preto, oferece vagas para cursos gratuitos de capacita\u00e7\u00e3o em parceria com o SENAI. Inscri\u00e7\u00f5es devem ser feitas na secretaria da escola, na Av. Luiz Galv\u00e3o C\u00e9sar, 273, bairro Planalto Verde, de segunda a sexta-feira. Documentos necess\u00e1rios:\u2026","rel":"","context":"In &quot;Not\u00edcias de Ribeir\u00e3o Preto-SP e Regi\u00e3o&quot;","block_context":{"text":"Not\u00edcias de Ribeir\u00e3o Preto-SP e Regi\u00e3o","link":"https:\/\/noticiasribeiraopreto.com.br\/index.php\/category\/noticias-de-ribeirao-preto-sp-e-regiao-ismael-colosi\/"},"img":{"alt_text":"","src":"https:\/\/i0.wp.com\/noticiasribeiraopreto.com.br\/wp-content\/uploads\/2024\/06\/cursoscelsocharuri_-_cursos_inclusao_produtiva_costura_-_foto_guilherme_sircili_2_2024-06-10_22-08-18_jpg_2024-06-10_22-08-18.webp.webp?fit=1200%2C799&ssl=1&resize=350%2C200","width":350,"height":200,"srcset":"https:\/\/i0.wp.com\/noticiasribeiraopreto.com.br\/wp-content\/uploads\/2024\/06\/cursoscelsocharuri_-_cursos_inclusao_produtiva_costura_-_foto_guilherme_sircili_2_2024-06-10_22-08-18_jpg_2024-06-10_22-08-18.webp.webp?fit=1200%2C799&ssl=1&resize=350%2C200 1x, https:\/\/i0.wp.com\/noticiasribeiraopreto.com.br\/wp-content\/uploads\/2024\/06\/cursoscelsocharuri_-_cursos_inclusao_produtiva_costura_-_foto_guilherme_sircili_2_2024-06-10_22-08-18_jpg_2024-06-10_22-08-18.webp.webp?fit=1200%2C799&ssl=1&resize=525%2C300 1.5x, https:\/\/i0.wp.com\/noticiasribeiraopreto.com.br\/wp-content\/uploads\/2024\/06\/cursoscelsocharuri_-_cursos_inclusao_produtiva_costura_-_foto_guilherme_sircili_2_2024-06-10_22-08-18_jpg_2024-06-10_22-08-18.webp.webp?fit=1200%2C799&ssl=1&resize=700%2C400 2x, https:\/\/i0.wp.com\/noticiasribeiraopreto.com.br\/wp-content\/uploads\/2024\/06\/cursoscelsocharuri_-_cursos_inclusao_produtiva_costura_-_foto_guilherme_sircili_2_2024-06-10_22-08-18_jpg_2024-06-10_22-08-18.webp.webp?fit=1200%2C799&ssl=1&resize=1050%2C600 3x"},"classes":[]},{"id":78198,"url":"https:\/\/noticiasribeiraopreto.com.br\/index.php\/2025\/10\/04\/ribeirao-tem-564-vagas-para-cursos-profissionalizantes-gratuitos-veja-opcoes\/","url_meta":{"origin":79026,"position":1},"title":"Ribeir\u00e3o tem 564 vagas para cursos profissionalizantes gratuitos; Veja op\u00e7\u00f5es","author":"noticiasribeiraopreto.com.br","date":"4 de October de 2025","format":false,"excerpt":"O Centro de Qualifica\u00e7\u00e3o Profissional de Ribeir\u00e3o Preto vai abrir, na segunda-feira (6), as inscri\u00e7\u00f5es para 564 vagas em 29 cursos profissionalizantes gratuitos. Os interessados podem se inscrever de forma presencial ou pela internet (clique aqui) at\u00e9 o dia 10 de outubro. A sede da institui\u00e7\u00e3o est\u00e1 localizada na avenida\u2026","rel":"","context":"In &quot;Not\u00edcias de Ribeir\u00e3o Preto-SP e Regi\u00e3o&quot;","block_context":{"text":"Not\u00edcias de Ribeir\u00e3o Preto-SP e Regi\u00e3o","link":"https:\/\/noticiasribeiraopreto.com.br\/index.php\/category\/noticias-de-ribeirao-preto-sp-e-regiao-ismael-colosi\/"},"img":{"alt_text":"","src":"https:\/\/i0.wp.com\/noticiasribeiraopreto.com.br\/wp-content\/uploads\/2025\/10\/cursos_centro_qualificacao_-_foto_guilherme_sircili_034_2025-10-04_14-05-53.webp.webp?fit=1200%2C800&ssl=1&resize=350%2C200","width":350,"height":200,"srcset":"https:\/\/i0.wp.com\/noticiasribeiraopreto.com.br\/wp-content\/uploads\/2025\/10\/cursos_centro_qualificacao_-_foto_guilherme_sircili_034_2025-10-04_14-05-53.webp.webp?fit=1200%2C800&ssl=1&resize=350%2C200 1x, https:\/\/i0.wp.com\/noticiasribeiraopreto.com.br\/wp-content\/uploads\/2025\/10\/cursos_centro_qualificacao_-_foto_guilherme_sircili_034_2025-10-04_14-05-53.webp.webp?fit=1200%2C800&ssl=1&resize=525%2C300 1.5x, https:\/\/i0.wp.com\/noticiasribeiraopreto.com.br\/wp-content\/uploads\/2025\/10\/cursos_centro_qualificacao_-_foto_guilherme_sircili_034_2025-10-04_14-05-53.webp.webp?fit=1200%2C800&ssl=1&resize=700%2C400 2x, https:\/\/i0.wp.com\/noticiasribeiraopreto.com.br\/wp-content\/uploads\/2025\/10\/cursos_centro_qualificacao_-_foto_guilherme_sircili_034_2025-10-04_14-05-53.webp.webp?fit=1200%2C800&ssl=1&resize=1050%2C600 3x"},"classes":[]},{"id":76235,"url":"https:\/\/noticiasribeiraopreto.com.br\/index.php\/2025\/08\/25\/ribeirao-preto-tem-mais-de-300-vagas-em-cursos-gratuitos-confira-opcoes\/","url_meta":{"origin":79026,"position":2},"title":"Ribeir\u00e3o Preto tem mais de 300 vagas em cursos gratuitos; Confira op\u00e7\u00f5es","author":"noticiasribeiraopreto.com.br","date":"25 de August de 2025","format":false,"excerpt":"Ribeir\u00e3o Preto est\u00e1 com inscri\u00e7\u00f5es abertas para 306 vagas em 20 cursos profissionalizantes gratuitos. As aulas acontecem na sede do Centro de Qualifica\u00e7\u00e3o Social e Profissional, no bairro Ipiranga, nos per\u00edodos da manh\u00e3 e da tarde. Entre as op\u00e7\u00f5es est\u00e3o os cursos de \u201cAtendimento ao Cliente\u201d, \u201cPetiscos e Por\u00e7\u00f5es\u201d, \u201cPanifica\u00e7\u00e3o\u2026","rel":"","context":"In &quot;Not\u00edcias de Ribeir\u00e3o Preto-SP e Regi\u00e3o&quot;","block_context":{"text":"Not\u00edcias de Ribeir\u00e3o Preto-SP e Regi\u00e3o","link":"https:\/\/noticiasribeiraopreto.com.br\/index.php\/category\/noticias-de-ribeirao-preto-sp-e-regiao-ismael-colosi\/"},"img":{"alt_text":"","src":"https:\/\/i0.wp.com\/noticiasribeiraopreto.com.br\/wp-content\/uploads\/2025\/08\/cursos_centro_qualificacao_-_foto_guilherme_sircili_136_2025-08-25_12-41-51.webp.webp?fit=1200%2C800&ssl=1&resize=350%2C200","width":350,"height":200,"srcset":"https:\/\/i0.wp.com\/noticiasribeiraopreto.com.br\/wp-content\/uploads\/2025\/08\/cursos_centro_qualificacao_-_foto_guilherme_sircili_136_2025-08-25_12-41-51.webp.webp?fit=1200%2C800&ssl=1&resize=350%2C200 1x, https:\/\/i0.wp.com\/noticiasribeiraopreto.com.br\/wp-content\/uploads\/2025\/08\/cursos_centro_qualificacao_-_foto_guilherme_sircili_136_2025-08-25_12-41-51.webp.webp?fit=1200%2C800&ssl=1&resize=525%2C300 1.5x, https:\/\/i0.wp.com\/noticiasribeiraopreto.com.br\/wp-content\/uploads\/2025\/08\/cursos_centro_qualificacao_-_foto_guilherme_sircili_136_2025-08-25_12-41-51.webp.webp?fit=1200%2C800&ssl=1&resize=700%2C400 2x, https:\/\/i0.wp.com\/noticiasribeiraopreto.com.br\/wp-content\/uploads\/2025\/08\/cursos_centro_qualificacao_-_foto_guilherme_sircili_136_2025-08-25_12-41-51.webp.webp?fit=1200%2C800&ssl=1&resize=1050%2C600 3x"},"classes":[]},{"id":79744,"url":"https:\/\/noticiasribeiraopreto.com.br\/index.php\/2025\/11\/06\/ribeirao-oferece-382-vagas-para-cursos-gratuitos-veja-como-participar\/","url_meta":{"origin":79026,"position":3},"title":"Ribeir\u00e3o oferece 382 vagas para cursos gratuitos; veja como participar","author":"noticiasribeiraopreto.com.br","date":"6 de November de 2025","format":false,"excerpt":"Ribeir\u00e3o Preto abre na pr\u00f3xima segunda-feira (10), as inscri\u00e7\u00f5es para 382 vagas em 26 cursos gratuitos, oferecidos pelo Centro de Qualifica\u00e7\u00e3o Social e Profissional do munic\u00edpio. Entre as oportunidades est\u00e3o cursos de est\u00e9tica, panifica\u00e7\u00e3o, culin\u00e1ria natalina, empreendedorismo e administra\u00e7\u00e3o \u2013 veja a lista completa logo abaixo. De acordo com a\u2026","rel":"","context":"In &quot;Not\u00edcias de Ribeir\u00e3o Preto-SP e Regi\u00e3o&quot;","block_context":{"text":"Not\u00edcias de Ribeir\u00e3o Preto-SP e Regi\u00e3o","link":"https:\/\/noticiasribeiraopreto.com.br\/index.php\/category\/noticias-de-ribeirao-preto-sp-e-regiao-ismael-colosi\/"},"img":{"alt_text":"","src":"https:\/\/i0.wp.com\/noticiasribeiraopreto.com.br\/wp-content\/uploads\/2025\/11\/centro-de-qualificacao_2025-04-16_19-24-49_jpg_2025-04-16_19-24-49.webp.webp?fit=1000%2C667&ssl=1&resize=350%2C200","width":350,"height":200,"srcset":"https:\/\/i0.wp.com\/noticiasribeiraopreto.com.br\/wp-content\/uploads\/2025\/11\/centro-de-qualificacao_2025-04-16_19-24-49_jpg_2025-04-16_19-24-49.webp.webp?fit=1000%2C667&ssl=1&resize=350%2C200 1x, https:\/\/i0.wp.com\/noticiasribeiraopreto.com.br\/wp-content\/uploads\/2025\/11\/centro-de-qualificacao_2025-04-16_19-24-49_jpg_2025-04-16_19-24-49.webp.webp?fit=1000%2C667&ssl=1&resize=525%2C300 1.5x, https:\/\/i0.wp.com\/noticiasribeiraopreto.com.br\/wp-content\/uploads\/2025\/11\/centro-de-qualificacao_2025-04-16_19-24-49_jpg_2025-04-16_19-24-49.webp.webp?fit=1000%2C667&ssl=1&resize=700%2C400 2x"},"classes":[]},{"id":33448,"url":"https:\/\/noticiasribeiraopreto.com.br\/index.php\/2024\/01\/29\/ribeirao-tem-450-vagas-para-cursos-profissionalizantes-veja-as-opcoes\/","url_meta":{"origin":79026,"position":4},"title":"Ribeir\u00e3o tem 450 vagas para cursos profissionalizantes; Veja as op\u00e7\u00f5es","author":"noticiasribeiraopreto.com.br","date":"29 de January de 2024","format":false,"excerpt":"O Centro de Qualifica\u00e7\u00e3o Profissional de Ribeir\u00e3o Preto abriu, nesta segunda-feira (29), as inscri\u00e7\u00f5es para 452 vagas de cursos profissionalizantes presenciais e gratuitos. As inscri\u00e7\u00f5es s\u00e3o feitas de forma on-line (clique aqui) e devem ser realizada at\u00e9 o dia 4 de fevereiro, domingo. Os cursos s\u00e3o oferecidos nos per\u00edodos da\u2026","rel":"","context":"In &quot;Not\u00edcias de Ribeir\u00e3o Preto-SP e Regi\u00e3o&quot;","block_context":{"text":"Not\u00edcias de Ribeir\u00e3o Preto-SP e Regi\u00e3o","link":"https:\/\/noticiasribeiraopreto.com.br\/index.php\/category\/noticias-de-ribeirao-preto-sp-e-regiao-ismael-colosi\/"},"img":{"alt_text":"","src":"https:\/\/i0.wp.com\/noticiasribeiraopreto.com.br\/wp-content\/uploads\/2024\/01\/mulher-passando-por-um-tratamento-de-microblading-scaled.jpg?fit=1200%2C800&ssl=1&resize=350%2C200","width":350,"height":200,"srcset":"https:\/\/i0.wp.com\/noticiasribeiraopreto.com.br\/wp-content\/uploads\/2024\/01\/mulher-passando-por-um-tratamento-de-microblading-scaled.jpg?fit=1200%2C800&ssl=1&resize=350%2C200 1x, https:\/\/i0.wp.com\/noticiasribeiraopreto.com.br\/wp-content\/uploads\/2024\/01\/mulher-passando-por-um-tratamento-de-microblading-scaled.jpg?fit=1200%2C800&ssl=1&resize=525%2C300 1.5x, https:\/\/i0.wp.com\/noticiasribeiraopreto.com.br\/wp-content\/uploads\/2024\/01\/mulher-passando-por-um-tratamento-de-microblading-scaled.jpg?fit=1200%2C800&ssl=1&resize=700%2C400 2x, https:\/\/i0.wp.com\/noticiasribeiraopreto.com.br\/wp-content\/uploads\/2024\/01\/mulher-passando-por-um-tratamento-de-microblading-scaled.jpg?fit=1200%2C800&ssl=1&resize=1050%2C600 3x"},"classes":[]},{"id":74276,"url":"https:\/\/noticiasribeiraopreto.com.br\/index.php\/2025\/07\/18\/ribeirao-preto-abre-mais-300-vagas-em-cursos-gratuitos-de-qualificacao-profissional\/","url_meta":{"origin":79026,"position":5},"title":"Ribeir\u00e3o Preto abre mais 300 vagas em cursos gratuitos de qualifica\u00e7\u00e3o profissional","author":"noticiasribeiraopreto.com.br","date":"18 de July de 2025","format":false,"excerpt":"Moradores de Ribeir\u00e3o Preto poder\u00e3o se inscrever, a partir de 21 de julho, em 396 vagas para 22 cursos profissionalizantes gratuitos. As aulas v\u00e3o acontecer na sede do Centro de Qualifica\u00e7\u00e3o Social e Profissional, no bairro Ipiranga, nos per\u00edodos da manh\u00e3 e da tarde. As inscri\u00e7\u00f5es seguem at\u00e9 25 de\u2026","rel":"","context":"In &quot;Not\u00edcias de Ribeir\u00e3o Preto-SP e Regi\u00e3o&quot;","block_context":{"text":"Not\u00edcias de Ribeir\u00e3o Preto-SP e Regi\u00e3o","link":"https:\/\/noticiasribeiraopreto.com.br\/index.php\/category\/noticias-de-ribeirao-preto-sp-e-regiao-ismael-colosi\/"},"img":{"alt_text":"","src":"https:\/\/i0.wp.com\/noticiasribeiraopreto.com.br\/wp-content\/uploads\/2025\/07\/centro-de-qualificacao_2025-07-18_20-31-15.webp.webp?fit=1000%2C666&ssl=1&resize=350%2C200","width":350,"height":200,"srcset":"https:\/\/i0.wp.com\/noticiasribeiraopreto.com.br\/wp-content\/uploads\/2025\/07\/centro-de-qualificacao_2025-07-18_20-31-15.webp.webp?fit=1000%2C666&ssl=1&resize=350%2C200 1x, https:\/\/i0.wp.com\/noticiasribeiraopreto.com.br\/wp-content\/uploads\/2025\/07\/centro-de-qualificacao_2025-07-18_20-31-15.webp.webp?fit=1000%2C666&ssl=1&resize=525%2C300 1.5x, https:\/\/i0.wp.com\/noticiasribeiraopreto.com.br\/wp-content\/uploads\/2025\/07\/centro-de-qualificacao_2025-07-18_20-31-15.webp.webp?fit=1000%2C666&ssl=1&resize=700%2C400 2x"},"classes":[]}],"jetpack_sharing_enabled":true,"jetpack_shortlink":"https:\/\/wp.me\/peQAOb-kyC","_links":{"self":[{"href":"https:\/\/noticiasribeiraopreto.com.br\/index.php\/wp-json\/wp\/v2\/posts\/79026","targetHints":{"allow":["GET"]}}],"collection":[{"href":"https:\/\/noticiasribeiraopreto.com.br\/index.php\/wp-json\/wp\/v2\/posts"}],"about":[{"href":"https:\/\/noticiasribeiraopreto.com.br\/index.php\/wp-json\/wp\/v2\/types\/post"}],"author":[{"embeddable":true,"href":"https:\/\/noticiasribeiraopreto.com.br\/index.php\/wp-json\/wp\/v2\/users\/1"}],"replies":[{"embeddable":true,"href":"https:\/\/noticiasribeiraopreto.com.br\/index.php\/wp-json\/wp\/v2\/comments?post=79026"}],"version-history":[{"count":0,"href":"https:\/\/noticiasribeiraopreto.com.br\/index.php\/wp-json\/wp\/v2\/posts\/79026\/revisions"}],"wp:featuredmedia":[{"embeddable":true,"href":"https:\/\/noticiasribeiraopreto.com.br\/index.php\/wp-json\/wp\/v2\/media\/79027"}],"wp:attachment":[{"href":"https:\/\/noticiasribeiraopreto.com.br\/index.php\/wp-json\/wp\/v2\/media?parent=79026"}],"wp:term":[{"taxonomy":"category","embeddable":true,"href":"https:\/\/noticiasribeiraopreto.com.br\/index.php\/wp-json\/wp\/v2\/categories?post=79026"},{"taxonomy":"post_tag","embeddable":true,"href":"https:\/\/noticiasribeiraopreto.com.br\/index.php\/wp-json\/wp\/v2\/tags?post=79026"}],"curies":[{"name":"wp","href":"https:\/\/api.w.org\/{rel}","templated":true}]}}