{"id":79028,"date":"2025-10-23T07:05:29","date_gmt":"2025-10-23T10:05:29","guid":{"rendered":"https:\/\/noticiasribeiraopreto.com.br\/index.php\/2025\/10\/23\/ar-seco-ganha-forca-e-deixa-interior-de-sp-em-alerta-confira-a-previsao\/"},"modified":"2025-10-23T07:05:29","modified_gmt":"2025-10-23T10:05:29","slug":"ar-seco-ganha-forca-e-deixa-interior-de-sp-em-alerta-confira-a-previsao","status":"publish","type":"post","link":"https:\/\/noticiasribeiraopreto.com.br\/index.php\/2025\/10\/23\/ar-seco-ganha-forca-e-deixa-interior-de-sp-em-alerta-confira-a-previsao\/","title":{"rendered":"Ar seco ganha for\u00e7a e deixa interior de SP em alerta; Confira a previs\u00e3o"},"content":{"rendered":"<div class='code-block code-block-1' style='margin: 8px 0 8px auto; text-align: right; display: block; clear: both;'>\n<p><a href=\"https:\/\/wa.link\/vpicfd\"><img data-recalc-dims=\"1\" class=\"wp-image-4922\" style=\"aspect-ratio: 2.0253164556962027; width: 561px; height: auto;\" src=\"https:\/\/i0.wp.com\/ismaelcolosi.com.br\/wp-content\/uploads\/2023\/11\/grupo-de-empregos-whatsapp-e-facebook-ismael-colosi-vagas.jpg?ssl=1\" alt=\"\" \/><\/a><\/p>\n<!-- \/wp:image -->\n<\/div>\n<p> <br \/>\n<\/p>\n<div data-td-block-uid=\"tdi_95\">\n<div class=\"tdb-block-inner td-fix-index\">\n<p><strong>O ar seco ganha for\u00e7a nesta quinta-feira (23) e p\u00f5e grande parte do interior de S\u00e3o Paulo, incluindo a regi\u00e3o de Ribeir\u00e3o Preto, em alerta para a baixa umidade do ar.<\/strong><\/p>\n<p>Segundo a <a href=\"https:\/\/www.climatempo.com.br\/\" data-type=\"link\" data-id=\"https:\/\/www.climatempo.com.br\/\" target=\"_blank\" rel=\"noopener\">Climatempo<\/a>, <mark style=\"background-color:#fcb900\" class=\"has-inline-color has-black-color\">com o sol desde as primeiras horas do dia, os term\u00f4metros devem subir mais e a umidade relativa do ar pode atingir n\u00edveis abaixo de 20% na regi\u00e3o.<\/mark><\/p>\n<p>As temperaturas mais baixas ainda s\u00e3o registradas nas primeiras horas da manh\u00e3 devido \u00e0 massa de ar polar. Esse sistema, por\u00e9m, j\u00e1 come\u00e7a a perder intensidade.<\/p>\n<p>Ainda de acordo com a meteorologia, rajadas moderadas de vento podem ocorrer nesta quinta, principalmente durante a manh\u00e3 e no per\u00edodo da tarde. <\/p>\n<p>O vento favorece a r\u00e1pida propaga\u00e7\u00e3o das queimadas.<\/p>\n<p>SAIBA MAIS<\/p>\n<p>Inc\u00eandio de grandes propor\u00e7\u00f5es atinge p\u00e1tio do Detran no interior de SP; veja v\u00eddeo<\/p>\n<h2 class=\"wp-block-heading\"><strong>FIQUE ON<\/strong><\/h2>\n<p>Fique ligado em tudo que acontece em Ribeir\u00e3o Preto e regi\u00e3o. Siga os perfis do\u00a0<strong>acidade on<\/strong>\u00a0no\u00a0<a href=\"https:\/\/www.instagram.com\/acidadeonribeirao\" target=\"_blank\" rel=\"noreferrer noopener\">Instagram\u00a0<\/a>e no<a href=\"https:\/\/www.facebook.com\/acidadeonribeirao\/\" target=\"_blank\" rel=\"noreferrer noopener\">\u00a0Facebook<\/a>.<\/p>\n<p>Receba not\u00edcias do\u00a0<strong>acidade on<\/strong>\u00a0no WhatsApp. Para entrar no grupo,\u00a0basta\u00a0<a href=\"https:\/\/chat.whatsapp.com\/I4nieTEMKlf50pJ28aMemC?mode=ac_t\" target=\"_blank\" rel=\"noreferrer noopener\">clicar aqui<\/a>. Ou, acesse o nosso\u00a0Canal<a href=\"https:\/\/whatsapp.com\/channel\/0029Vb6IQl1JENyAeS57fk2p\" target=\"_blank\" rel=\"noreferrer noopener\">\u00a0clicando aqui<\/a>.<\/p>\n<p>Fa\u00e7a uma den\u00fancia ou sugira uma reportagem sobre Ribeir\u00e3o Preto e regi\u00e3o pelo WhatsApp: 16 99117 7802.<\/p>\n<p>VEJA TAMB\u00c9M<\/p>\n<p>Quem ser\u00e1 Kratos na s\u00e9rie de \u2018God of War\u2019?<\/p>\n<p><!-- AI CONTENT END 1 -->\n<\/div>\n<\/div>\n<p><script async src=\"\/\/www.instagram.com\/embed.js\"><\/script><br \/>\n<br \/><br \/>\n<br \/><a href=\"https:\/\/www.acidadeon.com\/ribeiraopreto\/cotidiano\/ar-seco-ganha-forca-e-deixa-interior-de-sp-em-alerta-confira-a-previsao\/\">Source link <\/a><\/p>\n<!-- CONTENT END 1 -->\n","protected":false},"excerpt":{"rendered":"<p>O ar seco ganha for\u00e7a nesta quinta-feira (23) e p\u00f5e grande parte do interior de S\u00e3o Paulo, incluindo a regi\u00e3o de Ribeir\u00e3o Preto, em alerta&#8230;<\/p>\n","protected":false},"author":1,"featured_media":79029,"comment_status":"open","ping_status":"open","sticky":false,"template":"","format":"standard","meta":{"advanced_seo_description":"","jetpack_seo_html_title":"","jetpack_seo_noindex":false,"jetpack_post_was_ever_published":false,"_jetpack_newsletter_access":"","_jetpack_dont_email_post_to_subs":false,"_jetpack_newsletter_tier_id":0,"_jetpack_memberships_contains_paywalled_content":false,"_jetpack_memberships_contains_paid_content":false,"footnotes":"","jetpack_publicize_message":"","jetpack_publicize_feature_enabled":true,"jetpack_social_post_already_shared":true,"jetpack_social_options":{"image_generator_settings":{"template":"highway","default_image_id":0,"font":"","enabled":false},"version":2}},"categories":[11],"tags":[],"class_list":["post-79028","post","type-post","status-publish","format-standard","has-post-thumbnail","hentry","category-noticias-de-ribeirao-preto-sp-e-regiao-ismael-colosi"],"jetpack_publicize_connections":[],"jetpack_featured_media_url":"https:\/\/i0.wp.com\/noticiasribeiraopreto.com.br\/wp-content\/uploads\/2025\/10\/WhatsApp-Image-2024-04-20-at-12.37.53-1024x576.webp.webp?fit=1024%2C576&ssl=1","jetpack-related-posts":[{"id":73705,"url":"https:\/\/noticiasribeiraopreto.com.br\/index.php\/2025\/07\/08\/ar-seco-vem-com-forca-e-deixa-interior-de-sp-em-risco-para-baixa-umidade\/","url_meta":{"origin":79028,"position":0},"title":"Ar seco vem com for\u00e7a e deixa interior de SP em risco para baixa umidade","author":"noticiasribeiraopreto.com.br","date":"8 de July de 2025","format":false,"excerpt":"O ar seco ganha for\u00e7a ao longo desta ter\u00e7a-feia (8) e coloca parte do interior de S\u00e3o Paulo em alerta para a baixa umidade do ar. Segundo a Climatempo, munic\u00edpios que est\u00e3o em uma faixa que abrange as regi\u00f5es oeste, norte at\u00e9 o leste do estado paulista podem registrar \u00edndices\u2026","rel":"","context":"In &quot;Not\u00edcias de Ribeir\u00e3o Preto-SP e Regi\u00e3o&quot;","block_context":{"text":"Not\u00edcias de Ribeir\u00e3o Preto-SP e Regi\u00e3o","link":"https:\/\/noticiasribeiraopreto.com.br\/index.php\/category\/noticias-de-ribeirao-preto-sp-e-regiao-ismael-colosi\/"},"img":{"alt_text":"","src":"https:\/\/i0.wp.com\/noticiasribeiraopreto.com.br\/wp-content\/uploads\/2025\/07\/WhatsApp-Image-2025-07-08-at-06.47.20_2025-07-08_09-50-40.webp.webp?fit=1200%2C540&ssl=1&resize=350%2C200","width":350,"height":200,"srcset":"https:\/\/i0.wp.com\/noticiasribeiraopreto.com.br\/wp-content\/uploads\/2025\/07\/WhatsApp-Image-2025-07-08-at-06.47.20_2025-07-08_09-50-40.webp.webp?fit=1200%2C540&ssl=1&resize=350%2C200 1x, https:\/\/i0.wp.com\/noticiasribeiraopreto.com.br\/wp-content\/uploads\/2025\/07\/WhatsApp-Image-2025-07-08-at-06.47.20_2025-07-08_09-50-40.webp.webp?fit=1200%2C540&ssl=1&resize=525%2C300 1.5x, https:\/\/i0.wp.com\/noticiasribeiraopreto.com.br\/wp-content\/uploads\/2025\/07\/WhatsApp-Image-2025-07-08-at-06.47.20_2025-07-08_09-50-40.webp.webp?fit=1200%2C540&ssl=1&resize=700%2C400 2x, https:\/\/i0.wp.com\/noticiasribeiraopreto.com.br\/wp-content\/uploads\/2025\/07\/WhatsApp-Image-2025-07-08-at-06.47.20_2025-07-08_09-50-40.webp.webp?fit=1200%2C540&ssl=1&resize=1050%2C600 3x"},"classes":[]},{"id":60845,"url":"https:\/\/noticiasribeiraopreto.com.br\/index.php\/2024\/11\/27\/interior-de-sp-tem-mudanca-no-tempo-ainda-nesta-semana-veja-previsao\/","url_meta":{"origin":79028,"position":1},"title":"Interior de SP tem mudan\u00e7a no tempo ainda nesta semana; Veja previs\u00e3o","author":"noticiasribeiraopreto.com.br","date":"27 de November de 2024","format":false,"excerpt":"Parte do interior de S\u00e3o Paulo est\u00e1 em risco para baixa umidade do ar nesta quarta-feira (27), devido a uma alta press\u00e3o que ainda mant\u00e9m o tempo seco. Segundo a Climatempo, o n\u00edvel de umidade pode ficar abaixo de 30% na regi\u00e3o de Ribeir\u00e3o Preto, nos hor\u00e1rios mais quentes. \u201cNesta\u2026","rel":"","context":"In &quot;Not\u00edcias de Ribeir\u00e3o Preto-SP e Regi\u00e3o&quot;","block_context":{"text":"Not\u00edcias de Ribeir\u00e3o Preto-SP e Regi\u00e3o","link":"https:\/\/noticiasribeiraopreto.com.br\/index.php\/category\/noticias-de-ribeirao-preto-sp-e-regiao-ismael-colosi\/"},"img":{"alt_text":"","src":"https:\/\/i0.wp.com\/noticiasribeiraopreto.com.br\/wp-content\/uploads\/2024\/11\/1732706803_20230222_161620-scaled.jpg?fit=1200%2C900&ssl=1&resize=350%2C200","width":350,"height":200,"srcset":"https:\/\/i0.wp.com\/noticiasribeiraopreto.com.br\/wp-content\/uploads\/2024\/11\/1732706803_20230222_161620-scaled.jpg?fit=1200%2C900&ssl=1&resize=350%2C200 1x, https:\/\/i0.wp.com\/noticiasribeiraopreto.com.br\/wp-content\/uploads\/2024\/11\/1732706803_20230222_161620-scaled.jpg?fit=1200%2C900&ssl=1&resize=525%2C300 1.5x, https:\/\/i0.wp.com\/noticiasribeiraopreto.com.br\/wp-content\/uploads\/2024\/11\/1732706803_20230222_161620-scaled.jpg?fit=1200%2C900&ssl=1&resize=700%2C400 2x, https:\/\/i0.wp.com\/noticiasribeiraopreto.com.br\/wp-content\/uploads\/2024\/11\/1732706803_20230222_161620-scaled.jpg?fit=1200%2C900&ssl=1&resize=1050%2C600 3x"},"classes":[]},{"id":60837,"url":"https:\/\/noticiasribeiraopreto.com.br\/index.php\/2024\/11\/26\/interior-de-sp-esta-em-alerta-para-baixa-umidade-do-ar-veja-quando-deve-chover\/","url_meta":{"origin":79028,"position":2},"title":"Interior de SP est\u00e1 em alerta para baixa umidade do ar; Veja quando deve chover","author":"noticiasribeiraopreto.com.br","date":"26 de November de 2024","format":false,"excerpt":"Embora a primavera marque a transi\u00e7\u00e3o para per\u00edodos mais \u00famidos em boa parte do Brasil, o tempo seco ainda predomina em diversas \u00e1reas do Sudeste e Nordeste nesta semana, de acordo com a Climatempo. Nesta quarta-feira (27), a umidade relativa do ar deve ficar abaixo de 30% em v\u00e1rias regi\u00f5es.\u2026","rel":"","context":"In &quot;Not\u00edcias de Ribeir\u00e3o Preto-SP e Regi\u00e3o&quot;","block_context":{"text":"Not\u00edcias de Ribeir\u00e3o Preto-SP e Regi\u00e3o","link":"https:\/\/noticiasribeiraopreto.com.br\/index.php\/category\/noticias-de-ribeirao-preto-sp-e-regiao-ismael-colosi\/"},"img":{"alt_text":"","src":"https:\/\/i0.wp.com\/noticiasribeiraopreto.com.br\/wp-content\/uploads\/2024\/11\/umidade_do_1200x675_11072022123318.jpg?fit=1200%2C675&ssl=1&resize=350%2C200","width":350,"height":200,"srcset":"https:\/\/i0.wp.com\/noticiasribeiraopreto.com.br\/wp-content\/uploads\/2024\/11\/umidade_do_1200x675_11072022123318.jpg?fit=1200%2C675&ssl=1&resize=350%2C200 1x, https:\/\/i0.wp.com\/noticiasribeiraopreto.com.br\/wp-content\/uploads\/2024\/11\/umidade_do_1200x675_11072022123318.jpg?fit=1200%2C675&ssl=1&resize=525%2C300 1.5x, https:\/\/i0.wp.com\/noticiasribeiraopreto.com.br\/wp-content\/uploads\/2024\/11\/umidade_do_1200x675_11072022123318.jpg?fit=1200%2C675&ssl=1&resize=700%2C400 2x, https:\/\/i0.wp.com\/noticiasribeiraopreto.com.br\/wp-content\/uploads\/2024\/11\/umidade_do_1200x675_11072022123318.jpg?fit=1200%2C675&ssl=1&resize=1050%2C600 3x"},"classes":[]},{"id":85013,"url":"https:\/\/noticiasribeiraopreto.com.br\/index.php\/2026\/04\/20\/semana-comeca-com-alerta-do-inmet-para-risco-de-baixa-umidade-no-interior-de-sp\/","url_meta":{"origin":79028,"position":3},"title":"Semana come\u00e7a com alerta do Inmet para risco de baixa umidade no interior de SP","author":"noticiasribeiraopreto.com.br","date":"20 de April de 2026","format":false,"excerpt":"Ler o resumo da not\u00edcia O Inmet emitiu alerta para risco de baixa umidade no interior de SP nesta semana. Climatempo indica que ar seco predominar\u00e1 devido a um sistema de alta press\u00e3o em n\u00edveis m\u00e9dios. As cidades afetadas incluem Presidente Prudente, S\u00e3o Jos\u00e9 do Rio Preto, Campinas, Bauru, Piracicaba,\u2026","rel":"","context":"In &quot;Not\u00edcias de Ribeir\u00e3o Preto-SP e Regi\u00e3o&quot;","block_context":{"text":"Not\u00edcias de Ribeir\u00e3o Preto-SP e Regi\u00e3o","link":"https:\/\/noticiasribeiraopreto.com.br\/index.php\/category\/noticias-de-ribeirao-preto-sp-e-regiao-ismael-colosi\/"},"img":{"alt_text":"","src":"https:\/\/i0.wp.com\/noticiasribeiraopreto.com.br\/wp-content\/uploads\/2026\/04\/mapa-sp_2026-04-20_11-27-58.webp.webp?fit=1200%2C875&ssl=1&resize=350%2C200","width":350,"height":200,"srcset":"https:\/\/i0.wp.com\/noticiasribeiraopreto.com.br\/wp-content\/uploads\/2026\/04\/mapa-sp_2026-04-20_11-27-58.webp.webp?fit=1200%2C875&ssl=1&resize=350%2C200 1x, https:\/\/i0.wp.com\/noticiasribeiraopreto.com.br\/wp-content\/uploads\/2026\/04\/mapa-sp_2026-04-20_11-27-58.webp.webp?fit=1200%2C875&ssl=1&resize=525%2C300 1.5x, https:\/\/i0.wp.com\/noticiasribeiraopreto.com.br\/wp-content\/uploads\/2026\/04\/mapa-sp_2026-04-20_11-27-58.webp.webp?fit=1200%2C875&ssl=1&resize=700%2C400 2x, https:\/\/i0.wp.com\/noticiasribeiraopreto.com.br\/wp-content\/uploads\/2026\/04\/mapa-sp_2026-04-20_11-27-58.webp.webp?fit=1200%2C875&ssl=1&resize=1050%2C600 3x"},"classes":[]},{"id":75644,"url":"https:\/\/noticiasribeiraopreto.com.br\/index.php\/2025\/08\/13\/ar-seco-chega-com-forca-e-deixa-estado-de-sp-em-risco-para-baixa-umidade\/","url_meta":{"origin":79028,"position":4},"title":"Ar seco chega com for\u00e7a e deixa estado de SP em risco para baixa umidade","author":"noticiasribeiraopreto.com.br","date":"13 de August de 2025","format":false,"excerpt":"Uma massa de ar seco atua sobre o interior do pa\u00eds e mant\u00e9m o tempo firme e as temperaturas mais elevadas nos pr\u00f3ximos dias. Segundo a Climatempo, o padr\u00e3o de ar muito seco se estende a grande parte do estado de S\u00e3o Paulo nesta quarta-feira (13). Veja o mapa abaixo.\u2026","rel":"","context":"In &quot;Not\u00edcias de Ribeir\u00e3o Preto-SP e Regi\u00e3o&quot;","block_context":{"text":"Not\u00edcias de Ribeir\u00e3o Preto-SP e Regi\u00e3o","link":"https:\/\/noticiasribeiraopreto.com.br\/index.php\/category\/noticias-de-ribeirao-preto-sp-e-regiao-ismael-colosi\/"},"img":{"alt_text":"","src":"https:\/\/i0.wp.com\/noticiasribeiraopreto.com.br\/wp-content\/uploads\/2025\/08\/WhatsApp-Image-2025-08-13-at-06.37.43_2025-08-13_09-59-13.webp.webp?fit=1200%2C540&ssl=1&resize=350%2C200","width":350,"height":200,"srcset":"https:\/\/i0.wp.com\/noticiasribeiraopreto.com.br\/wp-content\/uploads\/2025\/08\/WhatsApp-Image-2025-08-13-at-06.37.43_2025-08-13_09-59-13.webp.webp?fit=1200%2C540&ssl=1&resize=350%2C200 1x, https:\/\/i0.wp.com\/noticiasribeiraopreto.com.br\/wp-content\/uploads\/2025\/08\/WhatsApp-Image-2025-08-13-at-06.37.43_2025-08-13_09-59-13.webp.webp?fit=1200%2C540&ssl=1&resize=525%2C300 1.5x, https:\/\/i0.wp.com\/noticiasribeiraopreto.com.br\/wp-content\/uploads\/2025\/08\/WhatsApp-Image-2025-08-13-at-06.37.43_2025-08-13_09-59-13.webp.webp?fit=1200%2C540&ssl=1&resize=700%2C400 2x, https:\/\/i0.wp.com\/noticiasribeiraopreto.com.br\/wp-content\/uploads\/2025\/08\/WhatsApp-Image-2025-08-13-at-06.37.43_2025-08-13_09-59-13.webp.webp?fit=1200%2C540&ssl=1&resize=1050%2C600 3x"},"classes":[]},{"id":60843,"url":"https:\/\/noticiasribeiraopreto.com.br\/index.php\/2024\/11\/27\/calor-e-baixa-umidade-no-interior-de-sp-veja-quando-tem-mudanca-no-tempo\/","url_meta":{"origin":79028,"position":5},"title":"Calor e baixa umidade no interior de SP; Veja quando tem mudan\u00e7a no tempo","author":"noticiasribeiraopreto.com.br","date":"27 de November de 2024","format":false,"excerpt":"Parte do interior de S\u00e3o Paulo est\u00e1 em risco para baixa umidade do ar nesta quarta-feira (27), devido a uma alta press\u00e3o que ainda mant\u00e9m o tempo seco. Segundo a Climatempo, nos hor\u00e1rios mais quentes, o n\u00edvel de umidade pode ficar abaixo de 30% na regi\u00e3o de Ribeir\u00e3o Preto. Vem\u2026","rel":"","context":"In &quot;Not\u00edcias de Ribeir\u00e3o Preto-SP e Regi\u00e3o&quot;","block_context":{"text":"Not\u00edcias de Ribeir\u00e3o Preto-SP e Regi\u00e3o","link":"https:\/\/noticiasribeiraopreto.com.br\/index.php\/category\/noticias-de-ribeirao-preto-sp-e-regiao-ismael-colosi\/"},"img":{"alt_text":"","src":"https:\/\/i0.wp.com\/noticiasribeiraopreto.com.br\/wp-content\/uploads\/2024\/11\/20230222_161620-scaled.jpg?fit=1200%2C900&ssl=1&resize=350%2C200","width":350,"height":200,"srcset":"https:\/\/i0.wp.com\/noticiasribeiraopreto.com.br\/wp-content\/uploads\/2024\/11\/20230222_161620-scaled.jpg?fit=1200%2C900&ssl=1&resize=350%2C200 1x, https:\/\/i0.wp.com\/noticiasribeiraopreto.com.br\/wp-content\/uploads\/2024\/11\/20230222_161620-scaled.jpg?fit=1200%2C900&ssl=1&resize=525%2C300 1.5x, https:\/\/i0.wp.com\/noticiasribeiraopreto.com.br\/wp-content\/uploads\/2024\/11\/20230222_161620-scaled.jpg?fit=1200%2C900&ssl=1&resize=700%2C400 2x, https:\/\/i0.wp.com\/noticiasribeiraopreto.com.br\/wp-content\/uploads\/2024\/11\/20230222_161620-scaled.jpg?fit=1200%2C900&ssl=1&resize=1050%2C600 3x"},"classes":[]}],"jetpack_sharing_enabled":true,"jetpack_shortlink":"https:\/\/wp.me\/peQAOb-kyE","_links":{"self":[{"href":"https:\/\/noticiasribeiraopreto.com.br\/index.php\/wp-json\/wp\/v2\/posts\/79028","targetHints":{"allow":["GET"]}}],"collection":[{"href":"https:\/\/noticiasribeiraopreto.com.br\/index.php\/wp-json\/wp\/v2\/posts"}],"about":[{"href":"https:\/\/noticiasribeiraopreto.com.br\/index.php\/wp-json\/wp\/v2\/types\/post"}],"author":[{"embeddable":true,"href":"https:\/\/noticiasribeiraopreto.com.br\/index.php\/wp-json\/wp\/v2\/users\/1"}],"replies":[{"embeddable":true,"href":"https:\/\/noticiasribeiraopreto.com.br\/index.php\/wp-json\/wp\/v2\/comments?post=79028"}],"version-history":[{"count":0,"href":"https:\/\/noticiasribeiraopreto.com.br\/index.php\/wp-json\/wp\/v2\/posts\/79028\/revisions"}],"wp:featuredmedia":[{"embeddable":true,"href":"https:\/\/noticiasribeiraopreto.com.br\/index.php\/wp-json\/wp\/v2\/media\/79029"}],"wp:attachment":[{"href":"https:\/\/noticiasribeiraopreto.com.br\/index.php\/wp-json\/wp\/v2\/media?parent=79028"}],"wp:term":[{"taxonomy":"category","embeddable":true,"href":"https:\/\/noticiasribeiraopreto.com.br\/index.php\/wp-json\/wp\/v2\/categories?post=79028"},{"taxonomy":"post_tag","embeddable":true,"href":"https:\/\/noticiasribeiraopreto.com.br\/index.php\/wp-json\/wp\/v2\/tags?post=79028"}],"curies":[{"name":"wp","href":"https:\/\/api.w.org\/{rel}","templated":true}]}}