{"id":79033,"date":"2025-10-23T08:11:16","date_gmt":"2025-10-23T11:11:16","guid":{"rendered":"https:\/\/noticiasribeiraopreto.com.br\/index.php\/2025\/10\/23\/defesa-de-vereador-bigodini-pede-fim-de-processo\/"},"modified":"2025-10-23T08:11:16","modified_gmt":"2025-10-23T11:11:16","slug":"defesa-de-vereador-bigodini-pede-fim-de-processo","status":"publish","type":"post","link":"https:\/\/noticiasribeiraopreto.com.br\/index.php\/2025\/10\/23\/defesa-de-vereador-bigodini-pede-fim-de-processo\/","title":{"rendered":"Defesa de vereador \u2028Bigodini pede fim de processo"},"content":{"rendered":"<p> <br \/>\n<\/p>\n<div>\n<p><em>Conselho de \u00c9tica da C\u00e2mara de Ribeir\u00e3o Preto j\u00e1 est\u00e1 analisando documentos da Pol\u00edcia Civil e da defesa\u2028\u2028<\/em><\/p>\n<p>Na tarde desta quarta-feira, 22 de outubro, o Conselho de \u00c9tica e Decoro Parlamentar da C\u00e2mara de Ribeir\u00e3o Preto realizou sua segunda reuni\u00e3o para dar continuidade \u00e0 an\u00e1lise do processo de cassa\u00e7\u00e3o movido contra o vereador Roger Ronan da Silva (MDB), o Bigodini, de 33 anos, que se envolveu em acidente de tr\u00e2nsito e \u00e9 suspeito de dirigir embriagado e de cometer fraude processual ao supostamente mentir para policiais.<\/p>\n<p>O colegiado \u00e9 presidido pelo vereador Di\u00e1cono Ramos (Uni\u00e3o Brasil) e conta com a participa\u00e7\u00e3o de Franco Ferro (PP), Maur\u00edcio Vila Abranches (PSDB), Brando Veiga (Republicanos) e Jean Corauci (PSD).<\/p>\n<p>O presidente do colegiado informou que a reuni\u00e3o foi realizada devido a um formalismo processual. \u2028\u2028Tanto o of\u00edcio emitido pela Delegacia Seccional de Ribeir\u00e3o Preto, que trata do termo circunstanciado referente ao acidente, quanto \u00e0 defesa apresentada pelo advogado de Bigodini, Renato Cassiano, j\u00e1 foram juntados aos autos do processo.<\/p>\n<figure id=\"attachment_443735\" aria-describedby=\"caption-attachment-443735\" style=\"width: 276px\" class=\"wp-caption alignright\"><img data-recalc-dims=\"1\" loading=\"lazy\" decoding=\"async\" class=\"wp-image-443735 lazyload\" src=\"https:\/\/i0.wp.com\/www.tribunaribeirao.com.br\/wp-content\/uploads\/2025\/10\/Bigodini-Detalhe-Reproducao-189x300.jpg?resize=276%2C438&#038;ssl=1\" alt=\"\" width=\"276\" height=\"438\" srcset=\"https:\/\/www.tribunaribeirao.com.br\/wp-content\/uploads\/2025\/10\/Bigodini-Detalhe-Reproducao-189x300.jpg 189w, https:\/\/www.tribunaribeirao.com.br\/wp-content\/uploads\/2025\/10\/Bigodini-Detalhe-Reproducao-252x400.jpg 252w, https:\/\/www.tribunaribeirao.com.br\/wp-content\/uploads\/2025\/10\/Bigodini-Detalhe-Reproducao.jpg 492w\" data-sizes=\"(max-width: 276px) 100vw, 276px\" style=\"--smush-placeholder-width: 276px; --smush-placeholder-aspect-ratio: 276\/438;\"\/><figcaption id=\"caption-attachment-443735\" class=\"wp-caption-text\">Bigodini pode perder o mandato de vereador (Arquivo Tribuna)<\/figcaption><\/figure>\n<p>\u201cSaliento que, tanto o vereador Bigodini, quanto seu advogado foram devidamente notificados dos atos praticados, bem como desta reuni\u00e3o\u201d, afirmou Ramos. Corauci ressaltou que \u201cos documentos entregues ser\u00e3o analisados pelo Conselho de \u00c9tica para, em seguida, dar continuidade aos trabalhos\u201d, finalizou.<\/p>\n<p><strong>Anula\u00e7\u00e3o \u2013<\/strong> A defesa de Bigodini pede a anula\u00e7\u00e3o do processo de cassa\u00e7\u00e3o por falta de provas. Em um dos trechos, lembra que os dois policiais militares que atenderam a ocorr\u00eancia n\u00e3o viram quem estava ao volante porque quando chegaram ao local o acidente j\u00e1 havia ocorrido e, provavelmente, v\u00e1rias pessoas entraram e sa\u00edram do ve\u00edculo.<\/p>\n<p>\u00c0 Pol\u00edcia Civil, os PMs disseram, em 3 de outubro, que viram apenas \u201cum vulto\u201d descer do Chevrolet Tracker cinza e que a namorada do vereador, a assistente social Isabela de C\u00e1ssia de Andrade Faria, de 29 anos, foi ao encontro dos agentes de seguran\u00e7a.<\/p>\n<p>Bigodini tamb\u00e9m \u00e9 investigado na esfera criminal. \u2028\u2028Na segunda-feira (20), Bigodini protocolou na C\u00e2mara de Ribeir\u00e3o Preto novo atestado m\u00e9dico com dura\u00e7\u00e3o de mais dez dias para justificar sua aus\u00eancia das atividades parlamentares.<\/p>\n<p>Desde 29 de setembro, o vereador est\u00e1 afastado de suas fun\u00e7\u00f5es legislativas e foi internado em cl\u00ednica particular para tratamento.\u2028\u2028Ele apresentou atestados m\u00e9dicos de ansiedade e estresse.<\/p>\n<p>O primeiro, com prazo de quatro dias, venceu em 2 de outubro. O segundo, de dez dias, expirou no dia 15. Aponta transtorno de estresse agudo, caracterizado por uma resposta emocional intensa a um evento traum\u00e1tico. \u2028\u2028Como o per\u00edodo de afastamento n\u00e3o chega a 15 dias, o suplente n\u00e3o ser\u00e1 convocado.<\/p>\n<p>A Lei Org\u00e2nica do Munic\u00edpio (LOM) determina que a convoca\u00e7\u00e3o s\u00f3 dever\u00e1 ocorrer quando a licen\u00e7a m\u00e9dica ultrapassar 15 dias ininterruptos. O vereador t\u00eam feito pedidos sucessivos, impedindo a posse dos reservas.\u2028\u2028Conselho \u2013 O acidente de tr\u00e2nsito envolvendo o Chevrolet Tracker cinza alugado pelo vereador ocorreu na madrugada de 28 de setembro, na avenida do Caf\u00e9, Zona Oeste.<\/p>\n<p>Na C\u00e2mara, passou a ser investigado ap\u00f3s o jornalista Rodrigo Leone da Silva entrar com pedido de cassa\u00e7\u00e3o. O Conselho de \u00c9tica e Decoro Parlamentar tem 180 dias para concluir os trabalhos e emitir parecer sobre o caso. \u2028\u2028No dia 16, o vereador e a namorada dele faltaram ao depoimento na Delegacia Seccional de Ribeir\u00e3o Preto.<\/p>\n<p>O advogado do casal, Wesley Rodrigues, apresentou \u00e0 Pol\u00edcia Civil uma peti\u00e7\u00e3o que concede a dupla o direito de se abster de depoimentos e permanecer em sil\u00eancio durante interrogat\u00f3rio.<\/p>\n<p><strong>Inabilitada<\/strong> \u2013 A namorada de Bigodini, que n\u00e3o tem Carteira Nacional de Habilita\u00e7\u00e3o (CNH), afirmou que ela estava dirigindo o ve\u00edculo. No BO, consta que ela n\u00e3o apresentava sinais de embriaguez. Os dois foram levados para a Central de Pol\u00edcia Judici\u00e1ria (CPJ), onde a ocorr\u00eancia foi registrada.<\/p>\n<p>A condutora deve responder pelo crime de dirigir sem habilita\u00e7\u00e3o ou permiss\u00e3o e ainda ser\u00e1 investigada em inqu\u00e9rito por autoacusa\u00e7\u00e3o falsa. J\u00e1 o vereador responde por entregar a dire\u00e7\u00e3o do ve\u00edculo automotor a pessoa n\u00e3o habilitada, mas op foco pode mudar se ficar comprovado que ele estava ao volante. \u2028\u2028Ser\u00e1, ent\u00e3o, investigado por fraude processual e embriaguez ao volante.<\/p>\n<p>H\u00e1 uma contradi\u00e7\u00e3o nos boletins de ocorr\u00eancia elaborados pela Pol\u00edcia Militar, que atendeu \u00e0 ocorr\u00eancia, e da Pol\u00edcia Civil, respons\u00e1vel pela investiga\u00e7\u00e3o. \u2028\u2028A PM diz que Bigodini apresentava sinais de embriaguez \u2013 troca de palavras, odor et\u00edlico, fala pastosa, falta de equil\u00edbrio \u2013, e o outro BO n\u00e3o faz men\u00e7\u00e3o ao consumo de bebida alco\u00f3lica.<\/p>\n<p>O inqu\u00e9rito vai apurar embriaguez ao volante e se o parlamentar alterou a cena do crime, al\u00e9m das irregularidades j\u00e1 citadas. O casal se recusou a fazer o teste do baf\u00f4metro<\/p>\n<p><strong>V\u00eddeos<\/strong> \u2013 Ainda no dia do acidente, v\u00e1rios v\u00eddeos come\u00e7aram a circular nas redes sociais. Num deles, no momento da colis\u00e3o, mostrou uma pessoa com camiseta branca no volante da Tracker. A namorada de Bigodini vestia blusa preta. J\u00e1 o vereador usava uma camisa branca.<\/p>\n<p><!-- CONTENT END 3 -->\n<\/div>\n<p><br \/>\n<br \/><a href=\"https:\/\/www.tribunaribeirao.com.br\/defesa-de-vereador-bigodini-pede-fim-de-processo\/\">Source link <\/a><\/p>\n","protected":false},"excerpt":{"rendered":"<p>Conselho de \u00c9tica da C\u00e2mara de Ribeir\u00e3o Preto j\u00e1 est\u00e1 analisando documentos da Pol\u00edcia Civil e da defesa\u2028\u2028 Na tarde desta quarta-feira, 22 de outubro,&#8230;<\/p>\n","protected":false},"author":1,"featured_media":79034,"comment_status":"open","ping_status":"open","sticky":false,"template":"","format":"standard","meta":{"advanced_seo_description":"","jetpack_seo_html_title":"","jetpack_seo_noindex":false,"jetpack_post_was_ever_published":false,"_jetpack_newsletter_access":"","_jetpack_dont_email_post_to_subs":false,"_jetpack_newsletter_tier_id":0,"_jetpack_memberships_contains_paywalled_content":false,"_jetpack_memberships_contains_paid_content":false,"footnotes":"","jetpack_publicize_message":"","jetpack_publicize_feature_enabled":true,"jetpack_social_post_already_shared":true,"jetpack_social_options":{"image_generator_settings":{"template":"highway","default_image_id":0,"font":"","enabled":false},"version":2}},"categories":[11],"tags":[],"class_list":["post-79033","post","type-post","status-publish","format-standard","has-post-thumbnail","hentry","category-noticias-de-ribeirao-preto-sp-e-regiao-ismael-colosi"],"jetpack_publicize_connections":[],"jetpack_featured_media_url":"https:\/\/i0.wp.com\/noticiasribeiraopreto.com.br\/wp-content\/uploads\/2025\/10\/Bigodini-Thaisa-Coroado-Camara-1-scaled.jpg?fit=1170%2C780&ssl=1","jetpack-related-posts":[{"id":78707,"url":"https:\/\/noticiasribeiraopreto.com.br\/index.php\/2025\/10\/16\/camara-de-ribeirao-preto-recebe-defesa-de-bigodini-em-processo-de-cassacao\/","url_meta":{"origin":79033,"position":0},"title":"C\u00e2mara de Ribeir\u00e3o Preto recebe defesa de Bigodini em processo de cassa\u00e7\u00e3o","author":"noticiasribeiraopreto.com.br","date":"16 de October de 2025","format":false,"excerpt":"A C\u00e2mara de Ribeir\u00e3o Preto recebeu nesta quinta-feira (16) a defesa do vereador Roger Ronan da Silva, o Bigodini (MDB), alvo de um processo de cassa\u00e7\u00e3o. O vereador \u00e9 investigado por ter se envolvido em um acidente na avenida do Caf\u00e9 no final de setembro, no qual ele alega que\u2026","rel":"","context":"In &quot;Not\u00edcias de Ribeir\u00e3o Preto-SP e Regi\u00e3o&quot;","block_context":{"text":"Not\u00edcias de Ribeir\u00e3o Preto-SP e Regi\u00e3o","link":"https:\/\/noticiasribeiraopreto.com.br\/index.php\/category\/noticias-de-ribeirao-preto-sp-e-regiao-ismael-colosi\/"},"img":{"alt_text":"","src":"https:\/\/i0.wp.com\/noticiasribeiraopreto.com.br\/wp-content\/uploads\/2025\/09\/Copia-de-Copia-de-Copia-de-TAMANHO-EXATO-PARA-FOTOS-NO-SISTEMA-NOVO-2025-09-29T194022.694_2025-09-29_22-40-31.webp.webp?fit=1200%2C675&ssl=1&resize=350%2C200","width":350,"height":200,"srcset":"https:\/\/i0.wp.com\/noticiasribeiraopreto.com.br\/wp-content\/uploads\/2025\/09\/Copia-de-Copia-de-Copia-de-TAMANHO-EXATO-PARA-FOTOS-NO-SISTEMA-NOVO-2025-09-29T194022.694_2025-09-29_22-40-31.webp.webp?fit=1200%2C675&ssl=1&resize=350%2C200 1x, https:\/\/i0.wp.com\/noticiasribeiraopreto.com.br\/wp-content\/uploads\/2025\/09\/Copia-de-Copia-de-Copia-de-TAMANHO-EXATO-PARA-FOTOS-NO-SISTEMA-NOVO-2025-09-29T194022.694_2025-09-29_22-40-31.webp.webp?fit=1200%2C675&ssl=1&resize=525%2C300 1.5x, https:\/\/i0.wp.com\/noticiasribeiraopreto.com.br\/wp-content\/uploads\/2025\/09\/Copia-de-Copia-de-Copia-de-TAMANHO-EXATO-PARA-FOTOS-NO-SISTEMA-NOVO-2025-09-29T194022.694_2025-09-29_22-40-31.webp.webp?fit=1200%2C675&ssl=1&resize=700%2C400 2x, https:\/\/i0.wp.com\/noticiasribeiraopreto.com.br\/wp-content\/uploads\/2025\/09\/Copia-de-Copia-de-Copia-de-TAMANHO-EXATO-PARA-FOTOS-NO-SISTEMA-NOVO-2025-09-29T194022.694_2025-09-29_22-40-31.webp.webp?fit=1200%2C675&ssl=1&resize=1050%2C600 3x"},"classes":[]},{"id":78942,"url":"https:\/\/noticiasribeiraopreto.com.br\/index.php\/2025\/10\/21\/processo-de-cassacao-contra-bigodini-tem-segunda-reuniao-no-conselho-de-etica\/","url_meta":{"origin":79033,"position":1},"title":"Processo de cassa\u00e7\u00e3o contra Bigodini tem segunda reuni\u00e3o no Conselho de \u00c9tica","author":"noticiasribeiraopreto.com.br","date":"21 de October de 2025","format":false,"excerpt":"O Conselho de \u00c9tica da C\u00e2mara de Ribeir\u00e3o Preto volta a se reunir na quarta-feira (22) para segunda reuni\u00e3o do processo de cassa\u00e7\u00e3o contra o vereador Roger Ronan da Silva, o Bigodini (MDB). De acordo com o Legislativo, a reuni\u00e3o acontece a partir das 15h, na Sala de Comiss\u00f5es do\u2026","rel":"","context":"In &quot;Not\u00edcias de Ribeir\u00e3o Preto-SP e Regi\u00e3o&quot;","block_context":{"text":"Not\u00edcias de Ribeir\u00e3o Preto-SP e Regi\u00e3o","link":"https:\/\/noticiasribeiraopreto.com.br\/index.php\/category\/noticias-de-ribeirao-preto-sp-e-regiao-ismael-colosi\/"},"img":{"alt_text":"","src":"https:\/\/i0.wp.com\/noticiasribeiraopreto.com.br\/wp-content\/uploads\/2025\/10\/Copia-de-Copia-de-Copia-de-TAMANHO-EXATO-PARA-FOTOS-NO-SISTEMA-NOVO-2025-10-03T142815.473_2025-10-03_17-28-22.webp.webp?fit=1200%2C675&ssl=1&resize=350%2C200","width":350,"height":200,"srcset":"https:\/\/i0.wp.com\/noticiasribeiraopreto.com.br\/wp-content\/uploads\/2025\/10\/Copia-de-Copia-de-Copia-de-TAMANHO-EXATO-PARA-FOTOS-NO-SISTEMA-NOVO-2025-10-03T142815.473_2025-10-03_17-28-22.webp.webp?fit=1200%2C675&ssl=1&resize=350%2C200 1x, https:\/\/i0.wp.com\/noticiasribeiraopreto.com.br\/wp-content\/uploads\/2025\/10\/Copia-de-Copia-de-Copia-de-TAMANHO-EXATO-PARA-FOTOS-NO-SISTEMA-NOVO-2025-10-03T142815.473_2025-10-03_17-28-22.webp.webp?fit=1200%2C675&ssl=1&resize=525%2C300 1.5x, https:\/\/i0.wp.com\/noticiasribeiraopreto.com.br\/wp-content\/uploads\/2025\/10\/Copia-de-Copia-de-Copia-de-TAMANHO-EXATO-PARA-FOTOS-NO-SISTEMA-NOVO-2025-10-03T142815.473_2025-10-03_17-28-22.webp.webp?fit=1200%2C675&ssl=1&resize=700%2C400 2x, https:\/\/i0.wp.com\/noticiasribeiraopreto.com.br\/wp-content\/uploads\/2025\/10\/Copia-de-Copia-de-Copia-de-TAMANHO-EXATO-PARA-FOTOS-NO-SISTEMA-NOVO-2025-10-03T142815.473_2025-10-03_17-28-22.webp.webp?fit=1200%2C675&ssl=1&resize=1050%2C600 3x"},"classes":[]},{"id":79369,"url":"https:\/\/noticiasribeiraopreto.com.br\/index.php\/2025\/10\/30\/sem-mencionar-acidente-bigodini-reaparece-na-camara-de-ribeirao-preto\/","url_meta":{"origin":79033,"position":2},"title":"Sem mencionar acidente, Bigodini reaparece na C\u00e2mara de Ribeir\u00e3o Preto","author":"noticiasribeiraopreto.com.br","date":"30 de October de 2025","format":false,"excerpt":"O vereador Roger Ronan da Silva, o Bigodini (MDB), reapareceu na C\u00e2mara de Ribeir\u00e3o Preto nesta quinta-feira (30) ap\u00f3s o acidente em que se envolveu na avenida do Caf\u00e9, no final de setembro. Na semana passada, o vereador foi indiciado pela Pol\u00edcia Civil por embriaguez ao volante, falsidade ideol\u00f3gica e\u2026","rel":"","context":"In &quot;Not\u00edcias de Ribeir\u00e3o Preto-SP e Regi\u00e3o&quot;","block_context":{"text":"Not\u00edcias de Ribeir\u00e3o Preto-SP e Regi\u00e3o","link":"https:\/\/noticiasribeiraopreto.com.br\/index.php\/category\/noticias-de-ribeirao-preto-sp-e-regiao-ismael-colosi\/"},"img":{"alt_text":"","src":"https:\/\/i0.wp.com\/noticiasribeiraopreto.com.br\/wp-content\/uploads\/2025\/10\/bigodini_2025-10-30_16-07-55.webp.webp?fit=1200%2C654&ssl=1&resize=350%2C200","width":350,"height":200,"srcset":"https:\/\/i0.wp.com\/noticiasribeiraopreto.com.br\/wp-content\/uploads\/2025\/10\/bigodini_2025-10-30_16-07-55.webp.webp?fit=1200%2C654&ssl=1&resize=350%2C200 1x, https:\/\/i0.wp.com\/noticiasribeiraopreto.com.br\/wp-content\/uploads\/2025\/10\/bigodini_2025-10-30_16-07-55.webp.webp?fit=1200%2C654&ssl=1&resize=525%2C300 1.5x, https:\/\/i0.wp.com\/noticiasribeiraopreto.com.br\/wp-content\/uploads\/2025\/10\/bigodini_2025-10-30_16-07-55.webp.webp?fit=1200%2C654&ssl=1&resize=700%2C400 2x, https:\/\/i0.wp.com\/noticiasribeiraopreto.com.br\/wp-content\/uploads\/2025\/10\/bigodini_2025-10-30_16-07-55.webp.webp?fit=1200%2C654&ssl=1&resize=1050%2C600 3x"},"classes":[]},{"id":79390,"url":"https:\/\/noticiasribeiraopreto.com.br\/index.php\/2025\/10\/30\/caso-bigodini-conselho-de-etica-troca-relator-do-processo-de-cassacao-do-vereador\/","url_meta":{"origin":79033,"position":3},"title":"Caso Bigodini: Conselho de \u00c9tica troca relator do processo de cassa\u00e7\u00e3o do vereador","author":"noticiasribeiraopreto.com.br","date":"30 de October de 2025","format":false,"excerpt":"O Conselho de \u00c9tica da C\u00e2mara de Ribeir\u00e3o Preto nomeou nesta quinta-feira (30) Maur\u00edcio Vila Abranches (PSDB) como novo relator do processo de cassa\u00e7\u00e3o de Roger Ronan da Silva, o Bigodini (MDB). A troca ocorreu ap\u00f3s Jean Corauci se afastar das atividades por problemas de sa\u00fade. Abranches conduzir\u00e1 a apura\u00e7\u00e3o\u2026","rel":"","context":"In &quot;Not\u00edcias de Ribeir\u00e3o Preto-SP e Regi\u00e3o&quot;","block_context":{"text":"Not\u00edcias de Ribeir\u00e3o Preto-SP e Regi\u00e3o","link":"https:\/\/noticiasribeiraopreto.com.br\/index.php\/category\/noticias-de-ribeirao-preto-sp-e-regiao-ismael-colosi\/"},"img":{"alt_text":"","src":"https:\/\/i0.wp.com\/noticiasribeiraopreto.com.br\/wp-content\/uploads\/2025\/10\/Imagem-do-WhatsApp-de-2025-10-22-as-16.13.51_ec1ee62b_2025-10-22_19-19-05.webp.webp?fit=1200%2C800&ssl=1&resize=350%2C200","width":350,"height":200,"srcset":"https:\/\/i0.wp.com\/noticiasribeiraopreto.com.br\/wp-content\/uploads\/2025\/10\/Imagem-do-WhatsApp-de-2025-10-22-as-16.13.51_ec1ee62b_2025-10-22_19-19-05.webp.webp?fit=1200%2C800&ssl=1&resize=350%2C200 1x, https:\/\/i0.wp.com\/noticiasribeiraopreto.com.br\/wp-content\/uploads\/2025\/10\/Imagem-do-WhatsApp-de-2025-10-22-as-16.13.51_ec1ee62b_2025-10-22_19-19-05.webp.webp?fit=1200%2C800&ssl=1&resize=525%2C300 1.5x, https:\/\/i0.wp.com\/noticiasribeiraopreto.com.br\/wp-content\/uploads\/2025\/10\/Imagem-do-WhatsApp-de-2025-10-22-as-16.13.51_ec1ee62b_2025-10-22_19-19-05.webp.webp?fit=1200%2C800&ssl=1&resize=700%2C400 2x, https:\/\/i0.wp.com\/noticiasribeiraopreto.com.br\/wp-content\/uploads\/2025\/10\/Imagem-do-WhatsApp-de-2025-10-22-as-16.13.51_ec1ee62b_2025-10-22_19-19-05.webp.webp?fit=1200%2C800&ssl=1&resize=1050%2C600 3x"},"classes":[]},{"id":79016,"url":"https:\/\/noticiasribeiraopreto.com.br\/index.php\/2025\/10\/22\/saiba-o-que-a-defesa-de-bigodini-alegou-ao-conselho-de-etica-em-processo-de-cassacao\/","url_meta":{"origin":79033,"position":4},"title":"Saiba o que a defesa de Bigodini alegou ao Conselho de \u00c9tica em processo de cassa\u00e7\u00e3o","author":"noticiasribeiraopreto.com.br","date":"22 de October de 2025","format":false,"excerpt":"O Conselho de \u00c9tica da C\u00e2mara Municipal de Ribeir\u00e3o Preto oficializou nesta quarta-feira (22) o recebimento da defesa do vereador Roger Ronan da Silva, o Bigodini (MDB), no processo de cassa\u00e7\u00e3o enfrentado pelo parlamentar. Bigodini \u00e9 investigado por quebra de decoro parlamentar ap\u00f3s ter se envolvido em um acidente de\u2026","rel":"","context":"In &quot;Not\u00edcias de Ribeir\u00e3o Preto-SP e Regi\u00e3o&quot;","block_context":{"text":"Not\u00edcias de Ribeir\u00e3o Preto-SP e Regi\u00e3o","link":"https:\/\/noticiasribeiraopreto.com.br\/index.php\/category\/noticias-de-ribeirao-preto-sp-e-regiao-ismael-colosi\/"},"img":{"alt_text":"","src":"https:\/\/i0.wp.com\/noticiasribeiraopreto.com.br\/wp-content\/uploads\/2025\/10\/Imagem-do-WhatsApp-de-2025-10-22-as-16.14.20_4d71a886_2025-10-22_19-19-07.webp.webp?fit=1200%2C800&ssl=1&resize=350%2C200","width":350,"height":200,"srcset":"https:\/\/i0.wp.com\/noticiasribeiraopreto.com.br\/wp-content\/uploads\/2025\/10\/Imagem-do-WhatsApp-de-2025-10-22-as-16.14.20_4d71a886_2025-10-22_19-19-07.webp.webp?fit=1200%2C800&ssl=1&resize=350%2C200 1x, https:\/\/i0.wp.com\/noticiasribeiraopreto.com.br\/wp-content\/uploads\/2025\/10\/Imagem-do-WhatsApp-de-2025-10-22-as-16.14.20_4d71a886_2025-10-22_19-19-07.webp.webp?fit=1200%2C800&ssl=1&resize=525%2C300 1.5x, https:\/\/i0.wp.com\/noticiasribeiraopreto.com.br\/wp-content\/uploads\/2025\/10\/Imagem-do-WhatsApp-de-2025-10-22-as-16.14.20_4d71a886_2025-10-22_19-19-07.webp.webp?fit=1200%2C800&ssl=1&resize=700%2C400 2x, https:\/\/i0.wp.com\/noticiasribeiraopreto.com.br\/wp-content\/uploads\/2025\/10\/Imagem-do-WhatsApp-de-2025-10-22-as-16.14.20_4d71a886_2025-10-22_19-19-07.webp.webp?fit=1200%2C800&ssl=1&resize=1050%2C600 3x"},"classes":[]},{"id":80921,"url":"https:\/\/noticiasribeiraopreto.com.br\/index.php\/2025\/12\/18\/racha-altera-o-conselho-de-etica\/","url_meta":{"origin":79033,"position":5},"title":"\u2018Racha\u2019 altera o\u2028 Conselho de \u00c9tica","author":"noticiasribeiraopreto.com.br","date":"18 de December de 2025","format":false,"excerpt":"\r \r \r 18 de dezembro de 2025 09:35 \r Compartilhar0 Mudan\u00e7a no colegiado ocorreu ap\u00f3s Maur\u00edcio Vila Abranches (PSDB) reivindicar a presid\u00eancia do colegiado \u2028\u2028 A C\u00e2mara de Ribeir\u00e3o Preto alterou a composi\u00e7\u00e3o do Conselho de \u00c9tica e Decoro Parlamentar. A rela\u00e7\u00e3o com os integrantes do colegiado e das\u2026","rel":"","context":"In &quot;Not\u00edcias de Ribeir\u00e3o Preto-SP e Regi\u00e3o&quot;","block_context":{"text":"Not\u00edcias de Ribeir\u00e3o Preto-SP e Regi\u00e3o","link":"https:\/\/noticiasribeiraopreto.com.br\/index.php\/category\/noticias-de-ribeirao-preto-sp-e-regiao-ismael-colosi\/"},"img":{"alt_text":"","src":"https:\/\/i0.wp.com\/noticiasribeiraopreto.com.br\/wp-content\/uploads\/2025\/12\/Conselho-Thaisa-Coroado-Camara-scaled.jpg?fit=1200%2C735&ssl=1&resize=350%2C200","width":350,"height":200,"srcset":"https:\/\/i0.wp.com\/noticiasribeiraopreto.com.br\/wp-content\/uploads\/2025\/12\/Conselho-Thaisa-Coroado-Camara-scaled.jpg?fit=1200%2C735&ssl=1&resize=350%2C200 1x, https:\/\/i0.wp.com\/noticiasribeiraopreto.com.br\/wp-content\/uploads\/2025\/12\/Conselho-Thaisa-Coroado-Camara-scaled.jpg?fit=1200%2C735&ssl=1&resize=525%2C300 1.5x, https:\/\/i0.wp.com\/noticiasribeiraopreto.com.br\/wp-content\/uploads\/2025\/12\/Conselho-Thaisa-Coroado-Camara-scaled.jpg?fit=1200%2C735&ssl=1&resize=700%2C400 2x, https:\/\/i0.wp.com\/noticiasribeiraopreto.com.br\/wp-content\/uploads\/2025\/12\/Conselho-Thaisa-Coroado-Camara-scaled.jpg?fit=1200%2C735&ssl=1&resize=1050%2C600 3x"},"classes":[]}],"jetpack_sharing_enabled":true,"jetpack_shortlink":"https:\/\/wp.me\/peQAOb-kyJ","_links":{"self":[{"href":"https:\/\/noticiasribeiraopreto.com.br\/index.php\/wp-json\/wp\/v2\/posts\/79033","targetHints":{"allow":["GET"]}}],"collection":[{"href":"https:\/\/noticiasribeiraopreto.com.br\/index.php\/wp-json\/wp\/v2\/posts"}],"about":[{"href":"https:\/\/noticiasribeiraopreto.com.br\/index.php\/wp-json\/wp\/v2\/types\/post"}],"author":[{"embeddable":true,"href":"https:\/\/noticiasribeiraopreto.com.br\/index.php\/wp-json\/wp\/v2\/users\/1"}],"replies":[{"embeddable":true,"href":"https:\/\/noticiasribeiraopreto.com.br\/index.php\/wp-json\/wp\/v2\/comments?post=79033"}],"version-history":[{"count":0,"href":"https:\/\/noticiasribeiraopreto.com.br\/index.php\/wp-json\/wp\/v2\/posts\/79033\/revisions"}],"wp:featuredmedia":[{"embeddable":true,"href":"https:\/\/noticiasribeiraopreto.com.br\/index.php\/wp-json\/wp\/v2\/media\/79034"}],"wp:attachment":[{"href":"https:\/\/noticiasribeiraopreto.com.br\/index.php\/wp-json\/wp\/v2\/media?parent=79033"}],"wp:term":[{"taxonomy":"category","embeddable":true,"href":"https:\/\/noticiasribeiraopreto.com.br\/index.php\/wp-json\/wp\/v2\/categories?post=79033"},{"taxonomy":"post_tag","embeddable":true,"href":"https:\/\/noticiasribeiraopreto.com.br\/index.php\/wp-json\/wp\/v2\/tags?post=79033"}],"curies":[{"name":"wp","href":"https:\/\/api.w.org\/{rel}","templated":true}]}}