{"id":79037,"date":"2025-10-23T10:20:48","date_gmt":"2025-10-23T13:20:48","guid":{"rendered":"https:\/\/noticiasribeiraopreto.com.br\/index.php\/2025\/10\/23\/identificado-homem-encontrado-morto-em-frente-ao-terminal-rodoviario-de-ribeirao-preto\/"},"modified":"2025-10-23T10:20:48","modified_gmt":"2025-10-23T13:20:48","slug":"identificado-homem-encontrado-morto-em-frente-ao-terminal-rodoviario-de-ribeirao-preto","status":"publish","type":"post","link":"https:\/\/noticiasribeiraopreto.com.br\/index.php\/2025\/10\/23\/identificado-homem-encontrado-morto-em-frente-ao-terminal-rodoviario-de-ribeirao-preto\/","title":{"rendered":"Identificado homem encontrado morto em frente ao Terminal Rodovi\u00e1rio de Ribeir\u00e3o Preto"},"content":{"rendered":"<div class='code-block code-block-1' style='margin: 8px 0 8px auto; text-align: right; display: block; clear: both;'>\n<p><a href=\"https:\/\/wa.link\/vpicfd\"><img data-recalc-dims=\"1\" class=\"wp-image-4922\" style=\"aspect-ratio: 2.0253164556962027; width: 561px; height: auto;\" src=\"https:\/\/i0.wp.com\/ismaelcolosi.com.br\/wp-content\/uploads\/2023\/11\/grupo-de-empregos-whatsapp-e-facebook-ismael-colosi-vagas.jpg?ssl=1\" alt=\"\" \/><\/a><\/p>\n<!-- \/wp:image -->\n<\/div>\n<p> <br \/>\n<\/p>\n<div data-td-block-uid=\"tdi_95\">\n<div class=\"tdb-block-inner td-fix-index\">\n<p><strong>A Pol\u00edcia Civil identificou<em> <\/em>o homem encontrado morto na manh\u00e3 desta quarta-feira (22), em frente ao Terminal Rodovi\u00e1rio de Ribeir\u00e3o Preto, na avenida Jer\u00f4nimo Gon\u00e7alves.<\/strong><\/p>\n<p>Segundo o boletim de ocorr\u00eancia (BO), <strong>Sidnei Campos Rodrigues dos Santos<\/strong>, de <strong>58 anos<\/strong>, estava <strong>ca\u00eddo<\/strong> na <strong>cal\u00e7ada <\/strong>com uma <strong>marca <\/strong>de <strong>sangue <\/strong>no ch\u00e3o ao lado de um <strong>ponto <\/strong>de <strong>\u00f4nibus<\/strong>, onde h\u00e1 um pequeno <strong>canteiro <\/strong>com <strong>grama<\/strong>.<\/p>\n<p>O reconhecimento do corpo foi feito por uma irm\u00e3 do homem.<\/p>\n<p>O caso foi registrado na CPJ (Central de Pol\u00edcia Judici\u00e1ria) Permanente como morte suspeita.<\/p>\n<p>As causas ainda dever\u00e3o ser apuradas.<\/p>\n<p>Ar seco ganha for\u00e7a e deixa interior de SP em alerta; Confira a previs\u00e3o<\/p>\n<h2 class=\"wp-block-heading\"><strong>FIQUE ON<\/strong><\/h2>\n<p>Fique ligado em tudo que acontece em Ribeir\u00e3o Preto e regi\u00e3o. Siga os perfis do\u00a0<strong>acidade on<\/strong>\u00a0no\u00a0<a href=\"https:\/\/www.instagram.com\/acidadeonribeirao\" target=\"_blank\" rel=\"noreferrer noopener\">Instagram\u00a0<\/a>e no<a href=\"https:\/\/www.facebook.com\/acidadeonribeirao\/\" target=\"_blank\" rel=\"noreferrer noopener\">\u00a0Facebook<\/a>.<\/p>\n<p>Receba not\u00edcias do\u00a0<strong>acidade on<\/strong>\u00a0no WhatsApp. Para entrar no grupo,\u00a0basta\u00a0<a href=\"https:\/\/chat.whatsapp.com\/I4nieTEMKlf50pJ28aMemC?mode=ac_t\" target=\"_blank\" rel=\"noreferrer noopener\">clicar aqui<\/a>. Ou, acesse o nosso\u00a0Canal<a href=\"https:\/\/whatsapp.com\/channel\/0029Vb6IQl1JENyAeS57fk2p\" target=\"_blank\" rel=\"noreferrer noopener\">\u00a0clicando aqui<\/a>.<\/p>\n<p>Fa\u00e7a uma den\u00fancia ou sugira uma reportagem sobre Ribeir\u00e3o Preto e regi\u00e3o pelo WhatsApp: 16 99117 7802.<\/p>\n<p>VEJA TAMB\u00c9M<\/p>\n<p>Final de \u2018Stranger Things\u2019 ser\u00e1 exibido nos cinemas brasileiros?<\/p>\n<p><!-- AI CONTENT END 1 -->\n<\/div>\n<\/div>\n<p><script async src=\"\/\/www.instagram.com\/embed.js\"><\/script><br \/>\n<br \/><br \/>\n<br \/><a href=\"https:\/\/www.acidadeon.com\/ribeiraopreto\/cotidiano\/identificado-homem-encontrado-morto-em-frente-ao-terminal-rodoviario-de-ribeirao-preto\/\">Source link <\/a><\/p>\n<!-- CONTENT END 1 -->\n","protected":false},"excerpt":{"rendered":"<p>A Pol\u00edcia Civil identificou o homem encontrado morto na manh\u00e3 desta quarta-feira (22), em frente ao Terminal Rodovi\u00e1rio de Ribeir\u00e3o Preto, na avenida Jer\u00f4nimo Gon\u00e7alves&#8230;.<\/p>\n","protected":false},"author":1,"featured_media":78992,"comment_status":"open","ping_status":"open","sticky":false,"template":"","format":"standard","meta":{"advanced_seo_description":"","jetpack_seo_html_title":"","jetpack_seo_noindex":false,"jetpack_post_was_ever_published":false,"_jetpack_newsletter_access":"","_jetpack_dont_email_post_to_subs":false,"_jetpack_newsletter_tier_id":0,"_jetpack_memberships_contains_paywalled_content":false,"_jetpack_memberships_contains_paid_content":false,"footnotes":"","jetpack_publicize_message":"","jetpack_publicize_feature_enabled":true,"jetpack_social_post_already_shared":true,"jetpack_social_options":{"image_generator_settings":{"template":"highway","default_image_id":0,"font":"","enabled":false},"version":2}},"categories":[11],"tags":[],"class_list":["post-79037","post","type-post","status-publish","format-standard","has-post-thumbnail","hentry","category-noticias-de-ribeirao-preto-sp-e-regiao-ismael-colosi"],"jetpack_publicize_connections":[],"jetpack_featured_media_url":"https:\/\/i0.wp.com\/noticiasribeiraopreto.com.br\/wp-content\/uploads\/2025\/10\/CORPO_2025-10-22_13-28-46.webp.webp?fit=1029%2C606&ssl=1","jetpack-related-posts":[{"id":78991,"url":"https:\/\/noticiasribeiraopreto.com.br\/index.php\/2025\/10\/22\/homem-e-encontrado-morto-em-frente-ao-terminal-rodoviario-de-ribeirao-preto\/","url_meta":{"origin":79037,"position":0},"title":"Homem \u00e9 encontrado morto em frente ao Terminal Rodovi\u00e1rio de Ribeir\u00e3o Preto","author":"noticiasribeiraopreto.com.br","date":"22 de October de 2025","format":false,"excerpt":"Um homem foi encontrado morto na manh\u00e3 desta quarta-feira (22), em frente ao Terminal Rodovi\u00e1rio de Ribeir\u00e3o Preto, na avenida Jer\u00f4nimo Gon\u00e7alves. Segundo informa\u00e7\u00f5es, o homem, ainda sem identifica\u00e7\u00e3o e apar\u00eancia de 60 anos de idade, estava ca\u00eddo na cal\u00e7ada ao lado de um ponto de \u00f4nibus, onde h\u00e1 um\u2026","rel":"","context":"In &quot;Not\u00edcias de Ribeir\u00e3o Preto-SP e Regi\u00e3o&quot;","block_context":{"text":"Not\u00edcias de Ribeir\u00e3o Preto-SP e Regi\u00e3o","link":"https:\/\/noticiasribeiraopreto.com.br\/index.php\/category\/noticias-de-ribeirao-preto-sp-e-regiao-ismael-colosi\/"},"img":{"alt_text":"","src":"https:\/\/i0.wp.com\/noticiasribeiraopreto.com.br\/wp-content\/uploads\/2025\/10\/CORPO_2025-10-22_13-28-46.webp.webp?fit=1029%2C606&ssl=1&resize=350%2C200","width":350,"height":200,"srcset":"https:\/\/i0.wp.com\/noticiasribeiraopreto.com.br\/wp-content\/uploads\/2025\/10\/CORPO_2025-10-22_13-28-46.webp.webp?fit=1029%2C606&ssl=1&resize=350%2C200 1x, https:\/\/i0.wp.com\/noticiasribeiraopreto.com.br\/wp-content\/uploads\/2025\/10\/CORPO_2025-10-22_13-28-46.webp.webp?fit=1029%2C606&ssl=1&resize=525%2C300 1.5x, https:\/\/i0.wp.com\/noticiasribeiraopreto.com.br\/wp-content\/uploads\/2025\/10\/CORPO_2025-10-22_13-28-46.webp.webp?fit=1029%2C606&ssl=1&resize=700%2C400 2x"},"classes":[]},{"id":67857,"url":"https:\/\/noticiasribeiraopreto.com.br\/index.php\/2025\/04\/19\/homem-e-encontrado-morto-ao-lado-de-bicicleta-em-rodovia-na-regiao-de-ribeirao-preto\/","url_meta":{"origin":79037,"position":1},"title":"Homem \u00e9 encontrado morto ao lado de bicicleta em rodovia na regi\u00e3o de Ribeir\u00e3o Preto","author":"noticiasribeiraopreto.com.br","date":"19 de April de 2025","format":false,"excerpt":"Um homem foi encontrado morto ao lado de uma bicicleta na manh\u00e3 deste s\u00e1bado (19), na rodovia M\u00e1rio Doneg\u00e1 (SP-291), entre Prad\u00f3polis e Ribeir\u00e3o Preto. Segundo a PMR (Pol\u00edcia Militar Rodovi\u00e1ria), o homem ainda n\u00e3o foi identificado. Ele usava camiseta preta, cal\u00e7a jeans e uma botina. Na bicicleta estava amarrada\u2026","rel":"","context":"In &quot;Not\u00edcias de Ribeir\u00e3o Preto-SP e Regi\u00e3o&quot;","block_context":{"text":"Not\u00edcias de Ribeir\u00e3o Preto-SP e Regi\u00e3o","link":"https:\/\/noticiasribeiraopreto.com.br\/index.php\/category\/noticias-de-ribeirao-preto-sp-e-regiao-ismael-colosi\/"},"img":{"alt_text":"","src":"https:\/\/i0.wp.com\/noticiasribeiraopreto.com.br\/wp-content\/uploads\/2025\/04\/WhatsApp-Image-2025-04-19-at-11.21.03_2025-04-19_14-37-05.webp.webp?fit=1200%2C900&ssl=1&resize=350%2C200","width":350,"height":200,"srcset":"https:\/\/i0.wp.com\/noticiasribeiraopreto.com.br\/wp-content\/uploads\/2025\/04\/WhatsApp-Image-2025-04-19-at-11.21.03_2025-04-19_14-37-05.webp.webp?fit=1200%2C900&ssl=1&resize=350%2C200 1x, https:\/\/i0.wp.com\/noticiasribeiraopreto.com.br\/wp-content\/uploads\/2025\/04\/WhatsApp-Image-2025-04-19-at-11.21.03_2025-04-19_14-37-05.webp.webp?fit=1200%2C900&ssl=1&resize=525%2C300 1.5x, https:\/\/i0.wp.com\/noticiasribeiraopreto.com.br\/wp-content\/uploads\/2025\/04\/WhatsApp-Image-2025-04-19-at-11.21.03_2025-04-19_14-37-05.webp.webp?fit=1200%2C900&ssl=1&resize=700%2C400 2x, https:\/\/i0.wp.com\/noticiasribeiraopreto.com.br\/wp-content\/uploads\/2025\/04\/WhatsApp-Image-2025-04-19-at-11.21.03_2025-04-19_14-37-05.webp.webp?fit=1200%2C900&ssl=1&resize=1050%2C600 3x"},"classes":[]},{"id":41657,"url":"https:\/\/noticiasribeiraopreto.com.br\/index.php\/2024\/03\/10\/homem-que-estava-desaparecido-e-encontrado-morto-na-regiao-de-ribeirao\/","url_meta":{"origin":79037,"position":2},"title":"Homem que estava desaparecido \u00e9 encontrado morto na regi\u00e3o de Ribeir\u00e3o","author":"noticiasribeiraopreto.com.br","date":"10 de March de 2024","format":false,"excerpt":"Um homem foi assassinado na noite de s\u00e1bado (9) em uma estrada de terra que liga Pontal ao distrito de Cruz das Posses, em Sert\u00e3ozinho, na regi\u00e3o de Ribeir\u00e3o Preto. O corpo foi encontrado por um homem que passava pelo local e acionou a PM (Pol\u00edcia Militar). A identidade da\u2026","rel":"","context":"In &quot;Not\u00edcias de Ribeir\u00e3o Preto-SP e Regi\u00e3o&quot;","block_context":{"text":"Not\u00edcias de Ribeir\u00e3o Preto-SP e Regi\u00e3o","link":"https:\/\/noticiasribeiraopreto.com.br\/index.php\/category\/noticias-de-ribeirao-preto-sp-e-regiao-ismael-colosi\/"},"img":{"alt_text":"","src":"https:\/\/i0.wp.com\/noticiasribeiraopreto.com.br\/wp-content\/uploads\/2024\/03\/1710076529_WhatsApp-Image-2023-12-09-at-13.55.44.jpeg?fit=1024%2C576&ssl=1&resize=350%2C200","width":350,"height":200,"srcset":"https:\/\/i0.wp.com\/noticiasribeiraopreto.com.br\/wp-content\/uploads\/2024\/03\/1710076529_WhatsApp-Image-2023-12-09-at-13.55.44.jpeg?fit=1024%2C576&ssl=1&resize=350%2C200 1x, https:\/\/i0.wp.com\/noticiasribeiraopreto.com.br\/wp-content\/uploads\/2024\/03\/1710076529_WhatsApp-Image-2023-12-09-at-13.55.44.jpeg?fit=1024%2C576&ssl=1&resize=525%2C300 1.5x, https:\/\/i0.wp.com\/noticiasribeiraopreto.com.br\/wp-content\/uploads\/2024\/03\/1710076529_WhatsApp-Image-2023-12-09-at-13.55.44.jpeg?fit=1024%2C576&ssl=1&resize=700%2C400 2x"},"classes":[]},{"id":66978,"url":"https:\/\/noticiasribeiraopreto.com.br\/index.php\/2025\/04\/08\/homem-e-encontrado-morto-em-praca-de-ribeirao-preto\/","url_meta":{"origin":79037,"position":3},"title":"Homem \u00e9 encontrado morto em pra\u00e7a de Ribeir\u00e3o Preto","author":"noticiasribeiraopreto.com.br","date":"8 de April de 2025","format":false,"excerpt":"Um homem de 52 anos foi encontrado morto na noite desta segunda-feira (7), na pra\u00e7a ao redor da antiga UBDS Central, em Ribeir\u00e3o Preto. Segundo o boletim de ocorr\u00eancia (BO), Marcilio Oliveira j\u00e1 estava sem vida quando foi localizado por uma equipe da GCM (Guarda Civil Metropolitana), em \u00e1rea ao\u2026","rel":"","context":"In &quot;Not\u00edcias de Ribeir\u00e3o Preto-SP e Regi\u00e3o&quot;","block_context":{"text":"Not\u00edcias de Ribeir\u00e3o Preto-SP e Regi\u00e3o","link":"https:\/\/noticiasribeiraopreto.com.br\/index.php\/category\/noticias-de-ribeirao-preto-sp-e-regiao-ismael-colosi\/"},"img":{"alt_text":"","src":"https:\/\/i0.wp.com\/noticiasribeiraopreto.com.br\/wp-content\/uploads\/2025\/04\/GCM_2025-04-08_10-15-18_jpg_2025-04-08_10-15-19.webp.webp?fit=1200%2C731&ssl=1&resize=350%2C200","width":350,"height":200,"srcset":"https:\/\/i0.wp.com\/noticiasribeiraopreto.com.br\/wp-content\/uploads\/2025\/04\/GCM_2025-04-08_10-15-18_jpg_2025-04-08_10-15-19.webp.webp?fit=1200%2C731&ssl=1&resize=350%2C200 1x, https:\/\/i0.wp.com\/noticiasribeiraopreto.com.br\/wp-content\/uploads\/2025\/04\/GCM_2025-04-08_10-15-18_jpg_2025-04-08_10-15-19.webp.webp?fit=1200%2C731&ssl=1&resize=525%2C300 1.5x, https:\/\/i0.wp.com\/noticiasribeiraopreto.com.br\/wp-content\/uploads\/2025\/04\/GCM_2025-04-08_10-15-18_jpg_2025-04-08_10-15-19.webp.webp?fit=1200%2C731&ssl=1&resize=700%2C400 2x, https:\/\/i0.wp.com\/noticiasribeiraopreto.com.br\/wp-content\/uploads\/2025\/04\/GCM_2025-04-08_10-15-18_jpg_2025-04-08_10-15-19.webp.webp?fit=1200%2C731&ssl=1&resize=1050%2C600 3x"},"classes":[]},{"id":76510,"url":"https:\/\/noticiasribeiraopreto.com.br\/index.php\/2025\/08\/30\/homem-e-encontrado-morto-no-quintal-de-uma-casa-na-regiao-de-ribeirao\/","url_meta":{"origin":79037,"position":4},"title":"Homem \u00e9 encontrado morto no quintal de uma casa na regi\u00e3o de Ribeir\u00e3o","author":"noticiasribeiraopreto.com.br","date":"30 de August de 2025","format":false,"excerpt":"Um homem de 32 anos foi encontrado morto no quintal de uma casa localizada no Jardim Am\u00e9lia II, em Serrana, cidade na regi\u00e3o de Ribeir\u00e3o Preto, na manh\u00e3 deste s\u00e1bado (30). De acordo com o boletim de ocorr\u00eancia, a moradora da resid\u00eancia encontrou o corpo da v\u00edtima ao acordar. O\u2026","rel":"","context":"In &quot;Not\u00edcias de Ribeir\u00e3o Preto-SP e Regi\u00e3o&quot;","block_context":{"text":"Not\u00edcias de Ribeir\u00e3o Preto-SP e Regi\u00e3o","link":"https:\/\/noticiasribeiraopreto.com.br\/index.php\/category\/noticias-de-ribeirao-preto-sp-e-regiao-ismael-colosi\/"},"img":{"alt_text":"","src":"https:\/\/i0.wp.com\/noticiasribeiraopreto.com.br\/wp-content\/uploads\/2025\/08\/WhatsApp-Image-2023-12-09-at-13.55.44.jpeg?fit=1024%2C576&ssl=1&resize=350%2C200","width":350,"height":200,"srcset":"https:\/\/i0.wp.com\/noticiasribeiraopreto.com.br\/wp-content\/uploads\/2025\/08\/WhatsApp-Image-2023-12-09-at-13.55.44.jpeg?fit=1024%2C576&ssl=1&resize=350%2C200 1x, https:\/\/i0.wp.com\/noticiasribeiraopreto.com.br\/wp-content\/uploads\/2025\/08\/WhatsApp-Image-2023-12-09-at-13.55.44.jpeg?fit=1024%2C576&ssl=1&resize=525%2C300 1.5x, https:\/\/i0.wp.com\/noticiasribeiraopreto.com.br\/wp-content\/uploads\/2025\/08\/WhatsApp-Image-2023-12-09-at-13.55.44.jpeg?fit=1024%2C576&ssl=1&resize=700%2C400 2x"},"classes":[]},{"id":58396,"url":"https:\/\/noticiasribeiraopreto.com.br\/index.php\/2024\/09\/26\/homem-encontrado-morto-no-rio-pardo-e-identificado-em-ribeirao-preto\/","url_meta":{"origin":79037,"position":5},"title":"Homem encontrado morto no rio Pardo \u00e9 identificado em Ribeir\u00e3o Preto","author":"noticiasribeiraopreto.com.br","date":"26 de September de 2024","format":false,"excerpt":"Um homem de 60 anos que foi encontrado morto no rio Pardo, no \u00faltimo dia 6 de setembro, foi identificado. Segundo o boletim de ocorr\u00eancia (BO), Divino Francisco Pereira foi achado por pescadores quando j\u00e1 estava sem vida, nas proximidades de uma linha f\u00e9rrea, em \u00e1rea entre a rodovia C\u00e2ndido\u2026","rel":"","context":"In &quot;Not\u00edcias de Ribeir\u00e3o Preto-SP e Regi\u00e3o&quot;","block_context":{"text":"Not\u00edcias de Ribeir\u00e3o Preto-SP e Regi\u00e3o","link":"https:\/\/noticiasribeiraopreto.com.br\/index.php\/category\/noticias-de-ribeirao-preto-sp-e-regiao-ismael-colosi\/"},"img":{"alt_text":"","src":"https:\/\/i0.wp.com\/noticiasribeiraopreto.com.br\/wp-content\/uploads\/2024\/09\/1727360041_cpj_1024x576_21012021092745.jpg?fit=1024%2C575&ssl=1&resize=350%2C200","width":350,"height":200,"srcset":"https:\/\/i0.wp.com\/noticiasribeiraopreto.com.br\/wp-content\/uploads\/2024\/09\/1727360041_cpj_1024x576_21012021092745.jpg?fit=1024%2C575&ssl=1&resize=350%2C200 1x, https:\/\/i0.wp.com\/noticiasribeiraopreto.com.br\/wp-content\/uploads\/2024\/09\/1727360041_cpj_1024x576_21012021092745.jpg?fit=1024%2C575&ssl=1&resize=525%2C300 1.5x, https:\/\/i0.wp.com\/noticiasribeiraopreto.com.br\/wp-content\/uploads\/2024\/09\/1727360041_cpj_1024x576_21012021092745.jpg?fit=1024%2C575&ssl=1&resize=700%2C400 2x"},"classes":[]}],"jetpack_sharing_enabled":true,"jetpack_shortlink":"https:\/\/wp.me\/peQAOb-kyN","_links":{"self":[{"href":"https:\/\/noticiasribeiraopreto.com.br\/index.php\/wp-json\/wp\/v2\/posts\/79037","targetHints":{"allow":["GET"]}}],"collection":[{"href":"https:\/\/noticiasribeiraopreto.com.br\/index.php\/wp-json\/wp\/v2\/posts"}],"about":[{"href":"https:\/\/noticiasribeiraopreto.com.br\/index.php\/wp-json\/wp\/v2\/types\/post"}],"author":[{"embeddable":true,"href":"https:\/\/noticiasribeiraopreto.com.br\/index.php\/wp-json\/wp\/v2\/users\/1"}],"replies":[{"embeddable":true,"href":"https:\/\/noticiasribeiraopreto.com.br\/index.php\/wp-json\/wp\/v2\/comments?post=79037"}],"version-history":[{"count":0,"href":"https:\/\/noticiasribeiraopreto.com.br\/index.php\/wp-json\/wp\/v2\/posts\/79037\/revisions"}],"wp:featuredmedia":[{"embeddable":true,"href":"https:\/\/noticiasribeiraopreto.com.br\/index.php\/wp-json\/wp\/v2\/media\/78992"}],"wp:attachment":[{"href":"https:\/\/noticiasribeiraopreto.com.br\/index.php\/wp-json\/wp\/v2\/media?parent=79037"}],"wp:term":[{"taxonomy":"category","embeddable":true,"href":"https:\/\/noticiasribeiraopreto.com.br\/index.php\/wp-json\/wp\/v2\/categories?post=79037"},{"taxonomy":"post_tag","embeddable":true,"href":"https:\/\/noticiasribeiraopreto.com.br\/index.php\/wp-json\/wp\/v2\/tags?post=79037"}],"curies":[{"name":"wp","href":"https:\/\/api.w.org\/{rel}","templated":true}]}}